{"id":64071,"date":"2018-07-24T21:53:18","date_gmt":"2018-07-25T00:53:18","guid":{"rendered":"https:\/\/www.jornalja.com.br\/?p=64071"},"modified":"2018-07-24T21:53:18","modified_gmt":"2018-07-25T00:53:18","slug":"mais-motos-do-que-carros-em-45-das-cidades-brasileiras","status":"publish","type":"post","link":"https:\/\/www.jornalja.com.br\/arquivo\/mais-motos-do-que-carros-em-45-das-cidades-brasileiras\/","title":{"rendered":"Mais motos do que carros em 45% das cidades brasileiras"},"content":{"rendered":"<div>\n<div>Segundo dados recentes da Confedera\u00e7\u00e3o Nacional dos Munic\u00edpios (CNM), o n\u00famero de motocicletas \u00e9 maior que o de carros em 45% das cidades brasileiras. De acordo com a pesquisa, havia em abril deste ano mais motos do que carros circulando em 2.487 do total de 5.568 munic\u00edpios brasileiros.<\/div>\n<div><\/div>\n<div>O uso crescente de motos como meio de transporte no pa\u00eds vem aumentando a demanda por pe\u00e7as de reposi\u00e7\u00e3o e, consequentemente, a manuten\u00e7\u00e3o desses ve\u00edculos. Os kits de transmiss\u00e3o (compostos de coroa, pinh\u00e3o e corrente), respons\u00e1veis por transferir o movimento do motor para a roda traseira, s\u00e3o parte essencial deste universo.<\/div>\n<div><\/div>\n<div>O volume de importa\u00e7\u00e3o de kits de transmiss\u00e3o nos \u00faltimos anos cresceu significativamente para atender o mercado interno. Atualmente, a maioria dos produtos comercializados no pa\u00eds \u00e9 importada, sendo que em alguns casos a qualidade \u00e9 duvidosa.<\/div>\n<div><\/div>\n<div>Ocorre que parte dos importadores declara em suas opera\u00e7\u00f5es valores inferiores at\u00e9 ao custo do a\u00e7o na China, mat\u00e9ria-prima empregada para a fabrica\u00e7\u00e3o das pe\u00e7as. Desta maneira, os impostos devidos nas opera\u00e7\u00f5es de importa\u00e7\u00e3o s\u00e3o sonegados, o fisco enganado e os brasileiros lesados.<\/div>\n<div><\/div>\n<div><strong>Defesa comercial<\/strong><\/div>\n<div>Para combater\u00a0as atuais irregularidades praticadas em processos de importa\u00e7\u00e3o dos kits de transmiss\u00e3o para motocicletas, o\u00a0Sicetel\u00a0(Sindicato Nacional da Ind\u00fastria de Trefila\u00e7\u00e3o e Lamina\u00e7\u00e3o de Metais Ferrosos) iniciou um trabalho de defesa comercial que tem o objetivo de denunciar \u00e0s autoridades competentes os casos de importa\u00e7\u00f5es subfaturadas. \u201cEssas pr\u00e1ticas t\u00eam gerado lucros aos importadores e preju\u00edzos aos fabricantes nacionais e a toda ind\u00fastria metalmec\u00e2nica e sider\u00fargica envolvida nesse processo\u201d, afirma Walter Antonio Romano, gerente executivo do\u00a0Sicetel.<\/div>\n<div><\/div>\n<div>Romano explica\u00a0que a entidade realizou um estudo detalhado para chegar a um valor m\u00e9dio real do custo dos kits de transmiss\u00e3o, ou de rela\u00e7\u00e3o, como s\u00e3o conhecidos no mercado de duas rodas. O trabalho levou em conta o custo do a\u00e7o e tamb\u00e9m outras informa\u00e7\u00f5es, como as perdas de mat\u00e9ria-prima na produ\u00e7\u00e3o dos produtos.<\/div>\n<div><\/div>\n<div>O estudo concluiu que diversas importa\u00e7\u00f5es chegam com valores abaixo do valor do estudo, em casos mais pontuais, demasiadamente baixos. Somente no per\u00edodo de 2013 a 2018, o volume de importa\u00e7\u00f5es abaixo do valor m\u00ednimo representou 82% das importa\u00e7\u00f5es. Uma perda de bilh\u00f5es de reais para nosso pa\u00eds.<\/div>\n<div><\/div>\n<div>Com estes dados apurados, a entidade fornece subs\u00eddios para que os auditores e t\u00e9cnicos dos \u00f3rg\u00e3os competentes possam detectar os desvios e tomar as medidas legais cab\u00edveis. Mensalmente o Sicetel acompanha os dados da Receita Federal e indica as poss\u00edveis irregularidades observadas para que elas possam ser verificadas. \u201c\u00c9 uma iniciativa em defesa da concorr\u00eancia leal em detrimento a pr\u00e1ticas de subfaturamento, baixa qualidade, n\u00e3o atendimento \u00e0s normas t\u00e9cnicas ou qualquer outra irregularidade que possa prejudicar quem trabalha de forma s\u00e9ria e respeitosa em rela\u00e7\u00e3o \u00e0s leis e ao consumidor brasileiro\u201d, enfatiza Romano.<\/div>\n<div><\/div>\n<div>Por fim, Romano destaca que as importa\u00e7\u00f5es regulares s\u00e3o bem-vindas e saud\u00e1veis ao mercado, contudo as importa\u00e7\u00f5es irregulares lesam o Estado, a ind\u00fastria local e os consumidores, beneficiando apenas os envolvidos com a fraude.<\/div>\n<div><\/div>\n<\/div>\n<div><\/div>\n<div><\/div>\n","protected":false},"excerpt":{"rendered":"<p>Segundo dados recentes da Confedera\u00e7\u00e3o Nacional dos Munic\u00edpios (CNM), o n\u00famero de motocicletas \u00e9 maior que o de carros em 45% das cidades brasileiras. De acordo com a pesquisa, havia em abril deste ano mais motos do que carros circulando em 2.487 do total de 5.568 munic\u00edpios brasileiros. O uso crescente de motos como meio [&hellip;]<\/p>\n","protected":false},"author":4,"featured_media":0,"comment_status":"open","ping_status":"closed","sticky":false,"template":"","format":"standard","meta":{"_jetpack_newsletter_access":"","_jetpack_dont_email_post_to_subs":false,"_jetpack_newsletter_tier_id":0,"_jetpack_memberships_contains_paywalled_content":false,"_jetpack_feature_clip_id":0,"_jetpack_memberships_contains_paid_content":false,"footnotes":"","jetpack_post_was_ever_published":false},"categories":[2022],"tags":[],"class_list":["post-64071","post","type-post","status-publish","format-standard","hentry","category-notas"],"aioseo_notices":[],"aioseo_head":"\n\t\t<!-- All in One SEO 5.0.1.1 - aioseo.com -->\n\t<meta name=\"robots\" content=\"max-image-preview:large\" \/>\n\t<meta name=\"author\" content=\"da Reda\u00e7\u00e3o\"\/>\n\t<link rel=\"canonical\" href=\"https:\/\/www.jornalja.com.br\/arquivo\/mais-motos-do-que-carros-em-45-das-cidades-brasileiras\/\" \/>\n\t<meta name=\"generator\" content=\"All in One SEO (AIOSEO) 5.0.1.1\" \/>\n\t\t<meta property=\"og:locale\" content=\"pt_BR\" \/>\n\t\t<meta property=\"og:site_name\" content=\"Arquivo | Jornal J\u00c1 | Porto Alegre\" \/>\n\t\t<meta property=\"og:type\" content=\"article\" \/>\n\t\t<meta property=\"og:title\" content=\"Mais motos do que carros em 45% das cidades brasileiras | Arquivo\" \/>\n\t\t<meta property=\"og:url\" content=\"https:\/\/www.jornalja.com.br\/arquivo\/mais-motos-do-que-carros-em-45-das-cidades-brasileiras\/\" \/>\n\t\t<meta property=\"og:image\" content=\"https:\/\/www.jornalja.com.br\/economics\/wp-content\/uploads\/sites\/11\/2026\/08\/ja-folhaderosto-facebook.jpg\" \/>\n\t\t<meta property=\"og:image:secure_url\" content=\"https:\/\/www.jornalja.com.br\/economics\/wp-content\/uploads\/sites\/11\/2026\/08\/ja-folhaderosto-facebook.jpg\" \/>\n\t\t<meta property=\"article:published_time\" content=\"2018-07-25T00:53:18+00:00\" \/>\n\t\t<meta property=\"article:modified_time\" content=\"2018-07-25T00:53:18+00:00\" \/>\n\t\t<meta name=\"twitter:card\" content=\"summary\" \/>\n\t\t<meta name=\"twitter:title\" content=\"Mais motos do que carros em 45% das cidades brasileiras | Arquivo\" \/>\n\t\t<meta name=\"twitter:image\" content=\"https:\/\/www.jornalja.com.br\/economics\/wp-content\/uploads\/sites\/11\/2026\/08\/ja-folhaderosto-facebook.jpg\" \/>\n\t\t<script type=\"application\/ld+json\" class=\"aioseo-schema\">\n\t\t\t{\"@context\":\"https:\\\/\\\/schema.org\",\"@graph\":[{\"@type\":\"BlogPosting\",\"@id\":\"https:\\\/\\\/www.jornalja.com.br\\\/arquivo\\\/mais-motos-do-que-carros-em-45-das-cidades-brasileiras\\\/#blogposting\",\"name\":\"Mais motos do que carros em 45% das cidades brasileiras | Arquivo\",\"headline\":\"Mais motos do que carros em 45% das cidades brasileiras\",\"author\":{\"@id\":\"https:\\\/\\\/www.jornalja.com.br\\\/arquivo\\\/author\\\/daredacao\\\/#author\"},\"publisher\":{\"@id\":\"https:\\\/\\\/www.jornalja.com.br\\\/arquivo\\\/#organization\"},\"image\":{\"@type\":\"ImageObject\",\"url\":\"https:\\\/\\\/www.jornalja.com.br\\\/wp-content\\\/uploads\\\/cards\\\/JAslogan.png\",\"@id\":\"https:\\\/\\\/www.jornalja.com.br\\\/arquivo\\\/#articleImage\"},\"datePublished\":\"2018-07-24T21:53:18-03:00\",\"dateModified\":\"2018-07-24T21:53:18-03:00\",\"inLanguage\":\"pt-BR\",\"mainEntityOfPage\":{\"@id\":\"https:\\\/\\\/www.jornalja.com.br\\\/arquivo\\\/mais-motos-do-que-carros-em-45-das-cidades-brasileiras\\\/#webpage\"},\"isPartOf\":{\"@id\":\"https:\\\/\\\/www.jornalja.com.br\\\/arquivo\\\/mais-motos-do-que-carros-em-45-das-cidades-brasileiras\\\/#webpage\"},\"articleSection\":\"NOTAS\"},{\"@type\":\"BreadcrumbList\",\"@id\":\"https:\\\/\\\/www.jornalja.com.br\\\/arquivo\\\/mais-motos-do-que-carros-em-45-das-cidades-brasileiras\\\/#breadcrumblist\",\"itemListElement\":[{\"@type\":\"ListItem\",\"@id\":\"https:\\\/\\\/www.jornalja.com.br\\\/arquivo#listItem\",\"position\":1,\"name\":\"Home\",\"item\":\"https:\\\/\\\/www.jornalja.com.br\\\/arquivo\",\"nextItem\":{\"@type\":\"ListItem\",\"@id\":\"https:\\\/\\\/www.jornalja.com.br\\\/arquivo\\\/category\\\/notas\\\/#listItem\",\"name\":\"NOTAS\"}},{\"@type\":\"ListItem\",\"@id\":\"https:\\\/\\\/www.jornalja.com.br\\\/arquivo\\\/category\\\/notas\\\/#listItem\",\"position\":2,\"name\":\"NOTAS\",\"item\":\"https:\\\/\\\/www.jornalja.com.br\\\/arquivo\\\/category\\\/notas\\\/\",\"nextItem\":{\"@type\":\"ListItem\",\"@id\":\"https:\\\/\\\/www.jornalja.com.br\\\/arquivo\\\/mais-motos-do-que-carros-em-45-das-cidades-brasileiras\\\/#listItem\",\"name\":\"Mais motos do que carros em 45% das cidades brasileiras\"},\"previousItem\":{\"@type\":\"ListItem\",\"@id\":\"https:\\\/\\\/www.jornalja.com.br\\\/arquivo#listItem\",\"name\":\"Home\"}},{\"@type\":\"ListItem\",\"@id\":\"https:\\\/\\\/www.jornalja.com.br\\\/arquivo\\\/mais-motos-do-que-carros-em-45-das-cidades-brasileiras\\\/#listItem\",\"position\":3,\"name\":\"Mais motos do que carros em 45% das cidades brasileiras\",\"previousItem\":{\"@type\":\"ListItem\",\"@id\":\"https:\\\/\\\/www.jornalja.com.br\\\/arquivo\\\/category\\\/notas\\\/#listItem\",\"name\":\"NOTAS\"}}]},{\"@type\":\"Organization\",\"@id\":\"https:\\\/\\\/www.jornalja.com.br\\\/arquivo\\\/#organization\",\"name\":\"Jornal J\\u00c1\",\"description\":\"Jornal J\\u00c1 | Porto Alegre\",\"url\":\"https:\\\/\\\/www.jornalja.com.br\\\/arquivo\\\/\",\"telephone\":\"+555133307272\",\"logo\":{\"@type\":\"ImageObject\",\"url\":\"https:\\\/\\\/www.jornalja.com.br\\\/wp-content\\\/uploads\\\/cards\\\/JAslogan.png\",\"@id\":\"https:\\\/\\\/www.jornalja.com.br\\\/arquivo\\\/mais-motos-do-que-carros-em-45-das-cidades-brasileiras\\\/#organizationLogo\"},\"image\":{\"@id\":\"https:\\\/\\\/www.jornalja.com.br\\\/arquivo\\\/mais-motos-do-que-carros-em-45-das-cidades-brasileiras\\\/#organizationLogo\"}},{\"@type\":\"Person\",\"@id\":\"https:\\\/\\\/www.jornalja.com.br\\\/arquivo\\\/author\\\/daredacao\\\/#author\",\"url\":\"https:\\\/\\\/www.jornalja.com.br\\\/arquivo\\\/author\\\/daredacao\\\/\",\"name\":\"da Reda\\u00e7\\u00e3o\",\"image\":{\"@type\":\"ImageObject\",\"@id\":\"https:\\\/\\\/www.jornalja.com.br\\\/arquivo\\\/mais-motos-do-que-carros-em-45-das-cidades-brasileiras\\\/#authorImage\",\"url\":\"https:\\\/\\\/secure.gravatar.com\\\/avatar\\\/469fd857d6605ad19919d27ed29d35a968a25f6e8fd9318356bbb7f57aae9c65?s=96&d=mm&r=g\",\"width\":96,\"height\":96,\"caption\":\"da Reda\\u00e7\\u00e3o\"}},{\"@type\":\"WebPage\",\"@id\":\"https:\\\/\\\/www.jornalja.com.br\\\/arquivo\\\/mais-motos-do-que-carros-em-45-das-cidades-brasileiras\\\/#webpage\",\"url\":\"https:\\\/\\\/www.jornalja.com.br\\\/arquivo\\\/mais-motos-do-que-carros-em-45-das-cidades-brasileiras\\\/\",\"name\":\"Mais motos do que carros em 45% das cidades brasileiras | Arquivo\",\"inLanguage\":\"pt-BR\",\"isPartOf\":{\"@id\":\"https:\\\/\\\/www.jornalja.com.br\\\/arquivo\\\/#website\"},\"breadcrumb\":{\"@id\":\"https:\\\/\\\/www.jornalja.com.br\\\/arquivo\\\/mais-motos-do-que-carros-em-45-das-cidades-brasileiras\\\/#breadcrumblist\"},\"author\":{\"@id\":\"https:\\\/\\\/www.jornalja.com.br\\\/arquivo\\\/author\\\/daredacao\\\/#author\"},\"creator\":{\"@id\":\"https:\\\/\\\/www.jornalja.com.br\\\/arquivo\\\/author\\\/daredacao\\\/#author\"},\"datePublished\":\"2018-07-24T21:53:18-03:00\",\"dateModified\":\"2018-07-24T21:53:18-03:00\"},{\"@type\":\"WebSite\",\"@id\":\"https:\\\/\\\/www.jornalja.com.br\\\/arquivo\\\/#website\",\"url\":\"https:\\\/\\\/www.jornalja.com.br\\\/arquivo\\\/\",\"name\":\"Arquivo\",\"description\":\"Jornal J\\u00c1 | Porto Alegre\",\"inLanguage\":\"pt-BR\",\"publisher\":{\"@id\":\"https:\\\/\\\/www.jornalja.com.br\\\/arquivo\\\/#organization\"}}]}\n\t\t<\/script>\n\t\t<!-- All in One SEO -->\n\n","aioseo_head_json":{"title":"Mais motos do que carros em 45% das cidades brasileiras | Arquivo","description":"","canonical_url":"https:\/\/www.jornalja.com.br\/arquivo\/mais-motos-do-que-carros-em-45-das-cidades-brasileiras\/","robots":"max-image-preview:large","keywords":"","webmasterTools":{"miscellaneous":""},"schema":{"@context":"https:\/\/schema.org","@graph":[{"@type":"BlogPosting","@id":"https:\/\/www.jornalja.com.br\/arquivo\/mais-motos-do-que-carros-em-45-das-cidades-brasileiras\/#blogposting","name":"Mais motos do que carros em 45% das cidades brasileiras | Arquivo","headline":"Mais motos do que carros em 45% das cidades brasileiras","author":{"@id":"https:\/\/www.jornalja.com.br\/arquivo\/author\/daredacao\/#author"},"publisher":{"@id":"https:\/\/www.jornalja.com.br\/arquivo\/#organization"},"image":{"@type":"ImageObject","url":"https:\/\/www.jornalja.com.br\/wp-content\/uploads\/cards\/JAslogan.png","@id":"https:\/\/www.jornalja.com.br\/arquivo\/#articleImage"},"datePublished":"2018-07-24T21:53:18-03:00","dateModified":"2018-07-24T21:53:18-03:00","inLanguage":"pt-BR","mainEntityOfPage":{"@id":"https:\/\/www.jornalja.com.br\/arquivo\/mais-motos-do-que-carros-em-45-das-cidades-brasileiras\/#webpage"},"isPartOf":{"@id":"https:\/\/www.jornalja.com.br\/arquivo\/mais-motos-do-que-carros-em-45-das-cidades-brasileiras\/#webpage"},"articleSection":"NOTAS"},{"@type":"BreadcrumbList","@id":"https:\/\/www.jornalja.com.br\/arquivo\/mais-motos-do-que-carros-em-45-das-cidades-brasileiras\/#breadcrumblist","itemListElement":[{"@type":"ListItem","@id":"https:\/\/www.jornalja.com.br\/arquivo#listItem","position":1,"name":"Home","item":"https:\/\/www.jornalja.com.br\/arquivo","nextItem":{"@type":"ListItem","@id":"https:\/\/www.jornalja.com.br\/arquivo\/category\/notas\/#listItem","name":"NOTAS"}},{"@type":"ListItem","@id":"https:\/\/www.jornalja.com.br\/arquivo\/category\/notas\/#listItem","position":2,"name":"NOTAS","item":"https:\/\/www.jornalja.com.br\/arquivo\/category\/notas\/","nextItem":{"@type":"ListItem","@id":"https:\/\/www.jornalja.com.br\/arquivo\/mais-motos-do-que-carros-em-45-das-cidades-brasileiras\/#listItem","name":"Mais motos do que carros em 45% das cidades brasileiras"},"previousItem":{"@type":"ListItem","@id":"https:\/\/www.jornalja.com.br\/arquivo#listItem","name":"Home"}},{"@type":"ListItem","@id":"https:\/\/www.jornalja.com.br\/arquivo\/mais-motos-do-que-carros-em-45-das-cidades-brasileiras\/#listItem","position":3,"name":"Mais motos do que carros em 45% das cidades brasileiras","previousItem":{"@type":"ListItem","@id":"https:\/\/www.jornalja.com.br\/arquivo\/category\/notas\/#listItem","name":"NOTAS"}}]},{"@type":"Organization","@id":"https:\/\/www.jornalja.com.br\/arquivo\/#organization","name":"Jornal J\u00c1","description":"Jornal J\u00c1 | Porto Alegre","url":"https:\/\/www.jornalja.com.br\/arquivo\/","telephone":"+555133307272","logo":{"@type":"ImageObject","url":"https:\/\/www.jornalja.com.br\/wp-content\/uploads\/cards\/JAslogan.png","@id":"https:\/\/www.jornalja.com.br\/arquivo\/mais-motos-do-que-carros-em-45-das-cidades-brasileiras\/#organizationLogo"},"image":{"@id":"https:\/\/www.jornalja.com.br\/arquivo\/mais-motos-do-que-carros-em-45-das-cidades-brasileiras\/#organizationLogo"}},{"@type":"Person","@id":"https:\/\/www.jornalja.com.br\/arquivo\/author\/daredacao\/#author","url":"https:\/\/www.jornalja.com.br\/arquivo\/author\/daredacao\/","name":"da Reda\u00e7\u00e3o","image":{"@type":"ImageObject","@id":"https:\/\/www.jornalja.com.br\/arquivo\/mais-motos-do-que-carros-em-45-das-cidades-brasileiras\/#authorImage","url":"https:\/\/secure.gravatar.com\/avatar\/469fd857d6605ad19919d27ed29d35a968a25f6e8fd9318356bbb7f57aae9c65?s=96&d=mm&r=g","width":96,"height":96,"caption":"da Reda\u00e7\u00e3o"}},{"@type":"WebPage","@id":"https:\/\/www.jornalja.com.br\/arquivo\/mais-motos-do-que-carros-em-45-das-cidades-brasileiras\/#webpage","url":"https:\/\/www.jornalja.com.br\/arquivo\/mais-motos-do-que-carros-em-45-das-cidades-brasileiras\/","name":"Mais motos do que carros em 45% das cidades brasileiras | Arquivo","inLanguage":"pt-BR","isPartOf":{"@id":"https:\/\/www.jornalja.com.br\/arquivo\/#website"},"breadcrumb":{"@id":"https:\/\/www.jornalja.com.br\/arquivo\/mais-motos-do-que-carros-em-45-das-cidades-brasileiras\/#breadcrumblist"},"author":{"@id":"https:\/\/www.jornalja.com.br\/arquivo\/author\/daredacao\/#author"},"creator":{"@id":"https:\/\/www.jornalja.com.br\/arquivo\/author\/daredacao\/#author"},"datePublished":"2018-07-24T21:53:18-03:00","dateModified":"2018-07-24T21:53:18-03:00"},{"@type":"WebSite","@id":"https:\/\/www.jornalja.com.br\/arquivo\/#website","url":"https:\/\/www.jornalja.com.br\/arquivo\/","name":"Arquivo","description":"Jornal J\u00c1 | Porto Alegre","inLanguage":"pt-BR","publisher":{"@id":"https:\/\/www.jornalja.com.br\/arquivo\/#organization"}}]},"og:locale":"pt_BR","og:site_name":"Arquivo | Jornal J\u00c1 | Porto Alegre","og:type":"article","og:title":"Mais motos do que carros em 45% das cidades brasileiras | Arquivo","og:url":"https:\/\/www.jornalja.com.br\/arquivo\/mais-motos-do-que-carros-em-45-das-cidades-brasileiras\/","og:image":"https:\/\/www.jornalja.com.br\/economics\/wp-content\/uploads\/sites\/11\/2026\/08\/ja-folhaderosto-facebook.jpg","og:image:secure_url":"https:\/\/www.jornalja.com.br\/economics\/wp-content\/uploads\/sites\/11\/2026\/08\/ja-folhaderosto-facebook.jpg","article:published_time":"2018-07-25T00:53:18+00:00","article:modified_time":"2018-07-25T00:53:18+00:00","twitter:card":"summary","twitter:title":"Mais motos do que carros em 45% das cidades brasileiras | Arquivo","twitter:image":"https:\/\/www.jornalja.com.br\/economics\/wp-content\/uploads\/sites\/11\/2026\/08\/ja-folhaderosto-facebook.jpg"},"aioseo_meta_data":{"post_id":"64071","title":null,"description":null,"keywords":null,"keyphrases":null,"primary_term":null,"canonical_url":null,"og_title":null,"og_description":null,"og_object_type":"default","og_image_type":"default","og_image_url":null,"og_image_width":null,"og_image_height":null,"og_image_custom_url":null,"og_image_custom_fields":null,"og_video":null,"og_custom_url":null,"og_article_section":null,"og_article_tags":null,"twitter_use_og":false,"twitter_card":"default","twitter_image_type":"default","twitter_image_url":null,"twitter_image_custom_url":null,"twitter_image_custom_fields":null,"twitter_title":null,"twitter_description":null,"schema":{"blockGraphs":[],"customGraphs":[],"default":{"data":{"Article":[],"Course":[],"Dataset":[],"FAQPage":[],"Movie":[],"Person":[],"Product":[],"ProductReview":[],"Car":[],"Recipe":[],"Service":[],"SoftwareApplication":[],"WebPage":[]},"graphName":"","isEnabled":true},"graphs":[]},"schema_type":null,"schema_type_options":null,"pillar_content":false,"robots_default":true,"robots_noindex":false,"robots_noarchive":false,"robots_nosnippet":false,"robots_nofollow":false,"robots_noimageindex":false,"robots_noodp":false,"robots_notranslate":false,"robots_max_snippet":null,"robots_max_videopreview":null,"robots_max_imagepreview":"large","priority":null,"frequency":null,"location":null,"local_seo":null,"breadcrumb_settings":null,"limit_modified_date":false,"ai":null,"created":"2020-12-20 20:11:23","updated":"2025-07-20 04:59:33","seo_analyzer_scan_date":null,"focus_keyword":null,"additional_keywords":null,"truseo_locale":null},"jetpack_sharing_enabled":true,"jetpack-related-posts":[{"id":13109,"url":"https:\/\/www.jornalja.com.br\/arquivo\/judiciario-reconhece-poluicao-eletromagnetica\/","url_meta":{"origin":64071,"position":0},"title":"Judici\u00e1rio reconhece polui\u00e7\u00e3o eletromagn\u00e9tica","author":"Patr\u00edcia Marini","date":"16 de maio de 2014","format":false,"excerpt":"A\u00e7\u00e3o de duas associa\u00e7\u00f5es de moradores foi acolhida pelo Tribunal de Justi\u00e7a de S\u00e3o Paulo que. em decis\u00e3o in\u00e9dita, determinou a redu\u00e7\u00e3o do campo eletromagn\u00e9tico gerado pelas linhas de transmiss\u00e3o de energia que cortam os bairros City Boa\u00e7ava e Alto de Pinheiros. \u00c9 a primeira vez que um tribunal do\u2026","rel":"","context":"Em &quot;X.Categorias velhas&quot;","block_context":{"text":"X.Categorias velhas","link":"https:\/\/www.jornalja.com.br\/arquivo\/category\/x-categorias-velhas\/"},"img":{"alt_text":"","src":"","width":0,"height":0},"classes":[]},{"id":13124,"url":"https:\/\/www.jornalja.com.br\/arquivo\/sangue-latino-no-iecine\/","url_meta":{"origin":64071,"position":1},"title":"Sangue latino no IECINE","author":"da Reda\u00e7\u00e3o","date":"18 de maio de 2014","format":false,"excerpt":"Francisco Ribeiro O Instituto Estadual de Cinema (IECINE) tem a frente, desde abril \u00faltimo, um novo diretor, o cineasta colombiano Juan Zapata, 36, que substitui Luiz Alberto Cassol. Radicado h\u00e1 dez anos em Porto Alegre, Zapata tem diante de si o desafio de conduzir at\u00e9 o final do ano um\u2026","rel":"","context":"Em &quot;Cultura-Geral&quot;","block_context":{"text":"Cultura-Geral","link":"https:\/\/www.jornalja.com.br\/arquivo\/category\/materiasecundaria\/"},"img":{"alt_text":"","src":"","width":0,"height":0},"classes":[]},{"id":13101,"url":"https:\/\/www.jornalja.com.br\/arquivo\/morre-um-guerreiro-do-texto\/","url_meta":{"origin":64071,"position":2},"title":"Morre um guerreiro do texto","author":"Patr\u00edcia Marini","date":"14 de maio de 2014","format":false,"excerpt":"Por Ricardo Kotscho Reproduzido do blog do autor, 11\/5\/2014; t\u00edtulo original \u201cE l\u00e1 se foi o nosso Myltainho, guerreiro do texto\u201d. Mi\u00fado e franzino, meu amigo Myltainho era um valente e inconformado guerreiro na luta contra as injusti\u00e7as sociais, a hipocrisia, as maracutaias, o autoritarismo, a intoler\u00e2ncia, a viol\u00eancia, o\u2026","rel":"","context":"Em &quot;Geral&quot;","block_context":{"text":"Geral","link":"https:\/\/www.jornalja.com.br\/arquivo\/category\/geral\/"},"img":{"alt_text":"","src":"","width":0,"height":0},"classes":[]},{"id":14241,"url":"https:\/\/www.jornalja.com.br\/arquivo\/o-guaiba-nas-imagens-poeticas-de-achutti\/","url_meta":{"origin":64071,"position":3},"title":"O Gua\u00edba nas imagens po\u00e9ticas de Achutti","author":"da Reda\u00e7\u00e3o","date":"18 de junho de 2014","format":false,"excerpt":"Em \u201cO Gua\u00edba por Achutti\u201d \u2013 obra financiada via Minist\u00e9rio da Cultura, produ\u00e7\u00e3o executiva de Pedro Longhi, e Fl\u00e1vio Wild como designer \u2013, o fot\u00f3grafo revela a beleza e as mazelas de um espa\u00e7o aqu\u00e1tico de \u00e1guas sempre renovadas, cheio de hist\u00f3rias e lendas como as das cidades que foram\u2026","rel":"","context":"Em &quot;Cultura-Geral&quot;","block_context":{"text":"Cultura-Geral","link":"https:\/\/www.jornalja.com.br\/arquivo\/category\/materiasecundaria\/"},"img":{"alt_text":"","src":"","width":0,"height":0},"classes":[]},{"id":13240,"url":"https:\/\/www.jornalja.com.br\/arquivo\/plano-diretor-estamos-construindo-o-caos\/","url_meta":{"origin":64071,"position":4},"title":"Plano diretor: &quot;Estamos construindo o caos&quot;","author":"Patr\u00edcia Marini","date":"26 de maio de 2014","format":false,"excerpt":"Desabafo que arquiteta Eliana Castilhos, delegada da Regi\u00e3o de Planejamento 1, postou nas redes sociais \u00e9 um testemunho do ambiente que se criou no Conselho do Plano Diretor de Porto Alegre, onde a aprova\u00e7\u00e3o de grandes empreendimentos \u00e9 empurrada guela abaixo dos conselheiros. Ao CMDUA Como delegada da Regi\u00e3o de\u2026","rel":"","context":"Em &quot;Geral&quot;","block_context":{"text":"Geral","link":"https:\/\/www.jornalja.com.br\/arquivo\/category\/geral\/"},"img":{"alt_text":"","src":"","width":0,"height":0},"classes":[]},{"id":13239,"url":"https:\/\/www.jornalja.com.br\/arquivo\/conselho-desdenha-do-plano-diretor\/","url_meta":{"origin":64071,"position":5},"title":"Porto Alegre: Conselho detona Plano Diretor","author":"Patr\u00edcia Marini","date":"25 de maio de 2014","format":false,"excerpt":"Den\u00fancia do arquiteto e \u00a0urbanista Ibir\u00e1 Santos Lucas. Ele diz que os conselheiros est\u00e3o votando com \"enorme irresponsabilidade\". \"Mudam regime com a maior naturalidade,,,regularizam absurdos de constru\u00e7\u00f5es irregulares... \"O CMDUA est\u00e1 flexibilizando a lei do plano diretor, de uma forma impactante na vida da cidade. Mudam regime com a maior\u2026","rel":"","context":"Em &quot;Geral&quot;","block_context":{"text":"Geral","link":"https:\/\/www.jornalja.com.br\/arquivo\/category\/geral\/"},"img":{"alt_text":"","src":"","width":0,"height":0},"classes":[]}],"jetpack_shortlink":"https:\/\/wp.me\/pbQjBd-gFp","jetpack_featured_media_url":"","_links":{"self":[{"href":"https:\/\/www.jornalja.com.br\/arquivo\/wp-json\/wp\/v2\/posts\/64071","targetHints":{"allow":["GET"]}}],"collection":[{"href":"https:\/\/www.jornalja.com.br\/arquivo\/wp-json\/wp\/v2\/posts"}],"about":[{"href":"https:\/\/www.jornalja.com.br\/arquivo\/wp-json\/wp\/v2\/types\/post"}],"author":[{"embeddable":true,"href":"https:\/\/www.jornalja.com.br\/arquivo\/wp-json\/wp\/v2\/users\/4"}],"replies":[{"embeddable":true,"href":"https:\/\/www.jornalja.com.br\/arquivo\/wp-json\/wp\/v2\/comments?post=64071"}],"version-history":[{"count":0,"href":"https:\/\/www.jornalja.com.br\/arquivo\/wp-json\/wp\/v2\/posts\/64071\/revisions"}],"wp:attachment":[{"href":"https:\/\/www.jornalja.com.br\/arquivo\/wp-json\/wp\/v2\/media?parent=64071"}],"wp:term":[{"taxonomy":"category","embeddable":true,"href":"https:\/\/www.jornalja.com.br\/arquivo\/wp-json\/wp\/v2\/categories?post=64071"},{"taxonomy":"post_tag","embeddable":true,"href":"https:\/\/www.jornalja.com.br\/arquivo\/wp-json\/wp\/v2\/tags?post=64071"}],"curies":[{"name":"wp","href":"https:\/\/api.w.org\/{rel}","templated":true}]}}