{"id":64602,"date":"2018-08-16T21:24:39","date_gmt":"2018-08-17T00:24:39","guid":{"rendered":"https:\/\/www.jornalja.com.br\/?p=64602"},"modified":"2018-08-16T21:24:39","modified_gmt":"2018-08-17T00:24:39","slug":"a-moda-do-fashion-black-porto-alegre-na-casa-de-cultura-mario-quintana","status":"publish","type":"post","link":"https:\/\/www.jornalja.com.br\/arquivo\/a-moda-do-fashion-black-porto-alegre-na-casa-de-cultura-mario-quintana\/","title":{"rendered":"A moda do Fashion Black na Casa de Cultura"},"content":{"rendered":"<p style=\"font-weight: 400\">A Casa de Cultura Mario Quintana (CCMQ) promove deste a quinta-feira, dia 16, com finaliza\u00e7\u00e3o no s\u00e1bado, 18,\u00a0 a segunda edi\u00e7\u00e3o do Fashion Black Porto Alegre. O evento busca fomentar e, ao mesmo tempo, dar visibilidade ao mercado de moda afro-brasileira, discutindo formas de atua\u00e7\u00e3o, sustentabilidade e o fortalecimento das marcas.<\/p>\n<p style=\"font-weight: 400\">A segunda edi\u00e7\u00e3o conta com quatro workshops e duas mesas redondas, uma realizada no dias 16 e outra no dia 17. Os encontros s\u00e3o focados em customiza\u00e7\u00e3o, produ\u00e7\u00e3o de moda, desenvolvimento de cole\u00e7\u00e3o e desenho. Destaque para a participa\u00e7\u00e3o do estilista paulista Isaac Silva, da Casa dos Criadores, e a designer e artista baiana Goya Lopes. As inscri\u00e7\u00f5es devem ser feitas pelo e-mail\u00a0<a href=\"mailto:fashionblackccmq@gmail.com\">fashionblackccmq@gmail.com<\/a>.<\/p>\n<p style=\"font-weight: 400\">J\u00e1 os debates ocorrem \u00e0 noite, com in\u00edcio \u00e0s 19h, e t\u00eam como tema \u201cModa e Passarela\u201d (16\/8) e \u201cEst\u00e9tica como Empoderamento Afro\u201d (17\/8). O encerramento do evento ocorre no dia 18 com um desfile de moda afro-brasileira e africana a partir das 17h. As mesas s\u00e3o abertas ao p\u00fablico e as oficinas gratuitas mediante inscri\u00e7\u00f5es. A entrada do desfile ser\u00e1 por ordem de chegada at\u00e9 a lota\u00e7\u00e3o do espa\u00e7o.<\/p>\n<p style=\"font-weight: 400\"><strong>SERVI\u00c7O<\/strong><\/p>\n<p style=\"font-weight: 400\"><strong>17 de agosto | Sexta-feira<br \/>\n10h \u00e0s 12h \u2013<\/strong>\u00a0Workshop \u201cDesenvolvimento de Cole\u00e7\u00e3o &#8211; Tema Moda Afro\u201d com estilista Isaac Silva (SP)<br \/>\nLocal: Sala Sapato Florido \u2013 5\u00ba andar da CCMQ<\/p>\n<p style=\"font-weight: 400\"><strong>15h \u00e0s 17h \u2013<\/strong>\u00a0Workshop \u201cDesenhando com Goya Lopes\u201d com Goya Lopes (BA)<br \/>\nLocal: Sala Sapato Florido \u2013 5\u00ba andar da CCMQ<\/p>\n<p style=\"font-weight: 400\"><strong>19h \u2013<\/strong>\u00a0Palestra \u201cEst\u00e9tica como Empoderamento Afro &#8211; A arte da maquiagem e do penteado\u201d com Alex Maker (RS), Daniele da Mata (SP), Qu\u00eania Tran\u00e7as (RJ) e Rosane Terrago (RS), com media\u00e7\u00e3o Tayna Brasil<br \/>\nLocal: Sala A2B2 \u2013 2\u00ba andar da CCMQ<\/p>\n<p style=\"font-weight: 400\"><strong>18 de agosto | S\u00e1bado<br \/>\n17h \u2013<\/strong>\u00a0Desfile de encerramento das marcas locais e nacional convidada<br \/>\nLocal: Galeria Augusto Meyer\u00a0\u00a0| Entrega de senhas para o acesso ao desfile \u00e0s 16h<\/p>\n<p style=\"font-weight: 400\">Exposi\u00e7\u00e3o fotogr\u00e1fica \u201cN\u00d3S E A MODA\u201d, com a curadoria de Aline Gon\u00e7alves e Nereidy Alves<br \/>\nLocal: Espa\u00e7o Hall do Jardim<\/p>\n","protected":false},"excerpt":{"rendered":"<p>A Casa de Cultura Mario Quintana (CCMQ) promove deste a quinta-feira, dia 16, com finaliza\u00e7\u00e3o no s\u00e1bado, 18,\u00a0 a segunda edi\u00e7\u00e3o do Fashion Black Porto Alegre. O evento busca fomentar e, ao mesmo tempo, dar visibilidade ao mercado de moda afro-brasileira, discutindo formas de atua\u00e7\u00e3o, sustentabilidade e o fortalecimento das marcas. A segunda edi\u00e7\u00e3o conta [&hellip;]<\/p>\n","protected":false},"author":4,"featured_media":64603,"comment_status":"open","ping_status":"closed","sticky":false,"template":"","format":"standard","meta":{"_jetpack_newsletter_access":"","_jetpack_dont_email_post_to_subs":false,"_jetpack_newsletter_tier_id":0,"_jetpack_memberships_contains_paywalled_content":false,"_jetpack_feature_clip_id":0,"_jetpack_memberships_contains_paid_content":false,"footnotes":"","jetpack_post_was_ever_published":false},"categories":[11],"tags":[],"class_list":["post-64602","post","type-post","status-publish","format-standard","has-post-thumbnail","hentry","category-materiasecundaria"],"aioseo_notices":[],"aioseo_head":"\n\t\t<!-- All in One SEO 5.0.1.1 - aioseo.com -->\n\t<meta name=\"robots\" content=\"max-image-preview:large\" \/>\n\t<meta name=\"author\" content=\"da Reda\u00e7\u00e3o\"\/>\n\t<link rel=\"canonical\" href=\"https:\/\/www.jornalja.com.br\/arquivo\/a-moda-do-fashion-black-porto-alegre-na-casa-de-cultura-mario-quintana\/\" \/>\n\t<meta name=\"generator\" content=\"All in One SEO (AIOSEO) 5.0.1.1\" \/>\n\t\t<meta property=\"og:locale\" content=\"pt_BR\" \/>\n\t\t<meta property=\"og:site_name\" content=\"Arquivo | Jornal J\u00c1 | Porto Alegre\" \/>\n\t\t<meta property=\"og:type\" content=\"article\" \/>\n\t\t<meta property=\"og:title\" content=\"A moda do Fashion Black na Casa de Cultura | Arquivo\" \/>\n\t\t<meta property=\"og:url\" content=\"https:\/\/www.jornalja.com.br\/arquivo\/a-moda-do-fashion-black-porto-alegre-na-casa-de-cultura-mario-quintana\/\" \/>\n\t\t<meta property=\"og:image\" content=\"https:\/\/www.jornalja.com.br\/economics\/wp-content\/uploads\/sites\/11\/2026\/08\/ja-folhaderosto-facebook.jpg\" \/>\n\t\t<meta property=\"og:image:secure_url\" content=\"https:\/\/www.jornalja.com.br\/economics\/wp-content\/uploads\/sites\/11\/2026\/08\/ja-folhaderosto-facebook.jpg\" \/>\n\t\t<meta property=\"article:published_time\" content=\"2018-08-17T00:24:39+00:00\" \/>\n\t\t<meta property=\"article:modified_time\" content=\"2018-08-17T00:24:39+00:00\" \/>\n\t\t<meta name=\"twitter:card\" content=\"summary\" \/>\n\t\t<meta name=\"twitter:title\" content=\"A moda do Fashion Black na Casa de Cultura | Arquivo\" \/>\n\t\t<meta name=\"twitter:image\" content=\"https:\/\/www.jornalja.com.br\/economics\/wp-content\/uploads\/sites\/11\/2026\/08\/ja-folhaderosto-facebook.jpg\" \/>\n\t\t<script type=\"application\/ld+json\" class=\"aioseo-schema\">\n\t\t\t{\"@context\":\"https:\\\/\\\/schema.org\",\"@graph\":[{\"@type\":\"BlogPosting\",\"@id\":\"https:\\\/\\\/www.jornalja.com.br\\\/arquivo\\\/a-moda-do-fashion-black-porto-alegre-na-casa-de-cultura-mario-quintana\\\/#blogposting\",\"name\":\"A moda do Fashion Black na Casa de Cultura | Arquivo\",\"headline\":\"A moda do Fashion Black na Casa de Cultura\",\"author\":{\"@id\":\"https:\\\/\\\/www.jornalja.com.br\\\/arquivo\\\/author\\\/daredacao\\\/#author\"},\"publisher\":{\"@id\":\"https:\\\/\\\/www.jornalja.com.br\\\/arquivo\\\/#organization\"},\"image\":{\"@type\":\"ImageObject\",\"url\":64603},\"datePublished\":\"2018-08-16T21:24:39-03:00\",\"dateModified\":\"2018-08-16T21:24:39-03:00\",\"inLanguage\":\"pt-BR\",\"mainEntityOfPage\":{\"@id\":\"https:\\\/\\\/www.jornalja.com.br\\\/arquivo\\\/a-moda-do-fashion-black-porto-alegre-na-casa-de-cultura-mario-quintana\\\/#webpage\"},\"isPartOf\":{\"@id\":\"https:\\\/\\\/www.jornalja.com.br\\\/arquivo\\\/a-moda-do-fashion-black-porto-alegre-na-casa-de-cultura-mario-quintana\\\/#webpage\"},\"articleSection\":\"Cultura-Geral\"},{\"@type\":\"BreadcrumbList\",\"@id\":\"https:\\\/\\\/www.jornalja.com.br\\\/arquivo\\\/a-moda-do-fashion-black-porto-alegre-na-casa-de-cultura-mario-quintana\\\/#breadcrumblist\",\"itemListElement\":[{\"@type\":\"ListItem\",\"@id\":\"https:\\\/\\\/www.jornalja.com.br\\\/arquivo#listItem\",\"position\":1,\"name\":\"Home\",\"item\":\"https:\\\/\\\/www.jornalja.com.br\\\/arquivo\",\"nextItem\":{\"@type\":\"ListItem\",\"@id\":\"https:\\\/\\\/www.jornalja.com.br\\\/arquivo\\\/category\\\/materiasecundaria\\\/#listItem\",\"name\":\"Cultura-Geral\"}},{\"@type\":\"ListItem\",\"@id\":\"https:\\\/\\\/www.jornalja.com.br\\\/arquivo\\\/category\\\/materiasecundaria\\\/#listItem\",\"position\":2,\"name\":\"Cultura-Geral\",\"item\":\"https:\\\/\\\/www.jornalja.com.br\\\/arquivo\\\/category\\\/materiasecundaria\\\/\",\"nextItem\":{\"@type\":\"ListItem\",\"@id\":\"https:\\\/\\\/www.jornalja.com.br\\\/arquivo\\\/a-moda-do-fashion-black-porto-alegre-na-casa-de-cultura-mario-quintana\\\/#listItem\",\"name\":\"A moda do Fashion Black na Casa de Cultura\"},\"previousItem\":{\"@type\":\"ListItem\",\"@id\":\"https:\\\/\\\/www.jornalja.com.br\\\/arquivo#listItem\",\"name\":\"Home\"}},{\"@type\":\"ListItem\",\"@id\":\"https:\\\/\\\/www.jornalja.com.br\\\/arquivo\\\/a-moda-do-fashion-black-porto-alegre-na-casa-de-cultura-mario-quintana\\\/#listItem\",\"position\":3,\"name\":\"A moda do Fashion Black na Casa de Cultura\",\"previousItem\":{\"@type\":\"ListItem\",\"@id\":\"https:\\\/\\\/www.jornalja.com.br\\\/arquivo\\\/category\\\/materiasecundaria\\\/#listItem\",\"name\":\"Cultura-Geral\"}}]},{\"@type\":\"Organization\",\"@id\":\"https:\\\/\\\/www.jornalja.com.br\\\/arquivo\\\/#organization\",\"name\":\"Jornal J\\u00c1\",\"description\":\"Jornal J\\u00c1 | Porto Alegre\",\"url\":\"https:\\\/\\\/www.jornalja.com.br\\\/arquivo\\\/\",\"telephone\":\"+555133307272\",\"logo\":{\"@type\":\"ImageObject\",\"url\":\"https:\\\/\\\/www.jornalja.com.br\\\/wp-content\\\/uploads\\\/cards\\\/JAslogan.png\",\"@id\":\"https:\\\/\\\/www.jornalja.com.br\\\/arquivo\\\/a-moda-do-fashion-black-porto-alegre-na-casa-de-cultura-mario-quintana\\\/#organizationLogo\"},\"image\":{\"@id\":\"https:\\\/\\\/www.jornalja.com.br\\\/arquivo\\\/a-moda-do-fashion-black-porto-alegre-na-casa-de-cultura-mario-quintana\\\/#organizationLogo\"}},{\"@type\":\"Person\",\"@id\":\"https:\\\/\\\/www.jornalja.com.br\\\/arquivo\\\/author\\\/daredacao\\\/#author\",\"url\":\"https:\\\/\\\/www.jornalja.com.br\\\/arquivo\\\/author\\\/daredacao\\\/\",\"name\":\"da Reda\\u00e7\\u00e3o\",\"image\":{\"@type\":\"ImageObject\",\"@id\":\"https:\\\/\\\/www.jornalja.com.br\\\/arquivo\\\/a-moda-do-fashion-black-porto-alegre-na-casa-de-cultura-mario-quintana\\\/#authorImage\",\"url\":\"https:\\\/\\\/secure.gravatar.com\\\/avatar\\\/469fd857d6605ad19919d27ed29d35a968a25f6e8fd9318356bbb7f57aae9c65?s=96&d=mm&r=g\",\"width\":96,\"height\":96,\"caption\":\"da Reda\\u00e7\\u00e3o\"}},{\"@type\":\"WebPage\",\"@id\":\"https:\\\/\\\/www.jornalja.com.br\\\/arquivo\\\/a-moda-do-fashion-black-porto-alegre-na-casa-de-cultura-mario-quintana\\\/#webpage\",\"url\":\"https:\\\/\\\/www.jornalja.com.br\\\/arquivo\\\/a-moda-do-fashion-black-porto-alegre-na-casa-de-cultura-mario-quintana\\\/\",\"name\":\"A moda do Fashion Black na Casa de Cultura | Arquivo\",\"inLanguage\":\"pt-BR\",\"isPartOf\":{\"@id\":\"https:\\\/\\\/www.jornalja.com.br\\\/arquivo\\\/#website\"},\"breadcrumb\":{\"@id\":\"https:\\\/\\\/www.jornalja.com.br\\\/arquivo\\\/a-moda-do-fashion-black-porto-alegre-na-casa-de-cultura-mario-quintana\\\/#breadcrumblist\"},\"author\":{\"@id\":\"https:\\\/\\\/www.jornalja.com.br\\\/arquivo\\\/author\\\/daredacao\\\/#author\"},\"creator\":{\"@id\":\"https:\\\/\\\/www.jornalja.com.br\\\/arquivo\\\/author\\\/daredacao\\\/#author\"},\"image\":{\"@type\":\"ImageObject\",\"url\":64603,\"@id\":\"https:\\\/\\\/www.jornalja.com.br\\\/arquivo\\\/a-moda-do-fashion-black-porto-alegre-na-casa-de-cultura-mario-quintana\\\/#mainImage\"},\"primaryImageOfPage\":{\"@id\":\"https:\\\/\\\/www.jornalja.com.br\\\/arquivo\\\/a-moda-do-fashion-black-porto-alegre-na-casa-de-cultura-mario-quintana\\\/#mainImage\"},\"datePublished\":\"2018-08-16T21:24:39-03:00\",\"dateModified\":\"2018-08-16T21:24:39-03:00\"},{\"@type\":\"WebSite\",\"@id\":\"https:\\\/\\\/www.jornalja.com.br\\\/arquivo\\\/#website\",\"url\":\"https:\\\/\\\/www.jornalja.com.br\\\/arquivo\\\/\",\"name\":\"Arquivo\",\"description\":\"Jornal J\\u00c1 | Porto Alegre\",\"inLanguage\":\"pt-BR\",\"publisher\":{\"@id\":\"https:\\\/\\\/www.jornalja.com.br\\\/arquivo\\\/#organization\"}}]}\n\t\t<\/script>\n\t\t<!-- All in One SEO -->\n\n","aioseo_head_json":{"title":"A moda do Fashion Black na Casa de Cultura | Arquivo","description":"","canonical_url":"https:\/\/www.jornalja.com.br\/arquivo\/a-moda-do-fashion-black-porto-alegre-na-casa-de-cultura-mario-quintana\/","robots":"max-image-preview:large","keywords":"","webmasterTools":{"miscellaneous":""},"schema":{"@context":"https:\/\/schema.org","@graph":[{"@type":"BlogPosting","@id":"https:\/\/www.jornalja.com.br\/arquivo\/a-moda-do-fashion-black-porto-alegre-na-casa-de-cultura-mario-quintana\/#blogposting","name":"A moda do Fashion Black na Casa de Cultura | Arquivo","headline":"A moda do Fashion Black na Casa de Cultura","author":{"@id":"https:\/\/www.jornalja.com.br\/arquivo\/author\/daredacao\/#author"},"publisher":{"@id":"https:\/\/www.jornalja.com.br\/arquivo\/#organization"},"image":{"@type":"ImageObject","url":64603},"datePublished":"2018-08-16T21:24:39-03:00","dateModified":"2018-08-16T21:24:39-03:00","inLanguage":"pt-BR","mainEntityOfPage":{"@id":"https:\/\/www.jornalja.com.br\/arquivo\/a-moda-do-fashion-black-porto-alegre-na-casa-de-cultura-mario-quintana\/#webpage"},"isPartOf":{"@id":"https:\/\/www.jornalja.com.br\/arquivo\/a-moda-do-fashion-black-porto-alegre-na-casa-de-cultura-mario-quintana\/#webpage"},"articleSection":"Cultura-Geral"},{"@type":"BreadcrumbList","@id":"https:\/\/www.jornalja.com.br\/arquivo\/a-moda-do-fashion-black-porto-alegre-na-casa-de-cultura-mario-quintana\/#breadcrumblist","itemListElement":[{"@type":"ListItem","@id":"https:\/\/www.jornalja.com.br\/arquivo#listItem","position":1,"name":"Home","item":"https:\/\/www.jornalja.com.br\/arquivo","nextItem":{"@type":"ListItem","@id":"https:\/\/www.jornalja.com.br\/arquivo\/category\/materiasecundaria\/#listItem","name":"Cultura-Geral"}},{"@type":"ListItem","@id":"https:\/\/www.jornalja.com.br\/arquivo\/category\/materiasecundaria\/#listItem","position":2,"name":"Cultura-Geral","item":"https:\/\/www.jornalja.com.br\/arquivo\/category\/materiasecundaria\/","nextItem":{"@type":"ListItem","@id":"https:\/\/www.jornalja.com.br\/arquivo\/a-moda-do-fashion-black-porto-alegre-na-casa-de-cultura-mario-quintana\/#listItem","name":"A moda do Fashion Black na Casa de Cultura"},"previousItem":{"@type":"ListItem","@id":"https:\/\/www.jornalja.com.br\/arquivo#listItem","name":"Home"}},{"@type":"ListItem","@id":"https:\/\/www.jornalja.com.br\/arquivo\/a-moda-do-fashion-black-porto-alegre-na-casa-de-cultura-mario-quintana\/#listItem","position":3,"name":"A moda do Fashion Black na Casa de Cultura","previousItem":{"@type":"ListItem","@id":"https:\/\/www.jornalja.com.br\/arquivo\/category\/materiasecundaria\/#listItem","name":"Cultura-Geral"}}]},{"@type":"Organization","@id":"https:\/\/www.jornalja.com.br\/arquivo\/#organization","name":"Jornal J\u00c1","description":"Jornal J\u00c1 | Porto Alegre","url":"https:\/\/www.jornalja.com.br\/arquivo\/","telephone":"+555133307272","logo":{"@type":"ImageObject","url":"https:\/\/www.jornalja.com.br\/wp-content\/uploads\/cards\/JAslogan.png","@id":"https:\/\/www.jornalja.com.br\/arquivo\/a-moda-do-fashion-black-porto-alegre-na-casa-de-cultura-mario-quintana\/#organizationLogo"},"image":{"@id":"https:\/\/www.jornalja.com.br\/arquivo\/a-moda-do-fashion-black-porto-alegre-na-casa-de-cultura-mario-quintana\/#organizationLogo"}},{"@type":"Person","@id":"https:\/\/www.jornalja.com.br\/arquivo\/author\/daredacao\/#author","url":"https:\/\/www.jornalja.com.br\/arquivo\/author\/daredacao\/","name":"da Reda\u00e7\u00e3o","image":{"@type":"ImageObject","@id":"https:\/\/www.jornalja.com.br\/arquivo\/a-moda-do-fashion-black-porto-alegre-na-casa-de-cultura-mario-quintana\/#authorImage","url":"https:\/\/secure.gravatar.com\/avatar\/469fd857d6605ad19919d27ed29d35a968a25f6e8fd9318356bbb7f57aae9c65?s=96&d=mm&r=g","width":96,"height":96,"caption":"da Reda\u00e7\u00e3o"}},{"@type":"WebPage","@id":"https:\/\/www.jornalja.com.br\/arquivo\/a-moda-do-fashion-black-porto-alegre-na-casa-de-cultura-mario-quintana\/#webpage","url":"https:\/\/www.jornalja.com.br\/arquivo\/a-moda-do-fashion-black-porto-alegre-na-casa-de-cultura-mario-quintana\/","name":"A moda do Fashion Black na Casa de Cultura | Arquivo","inLanguage":"pt-BR","isPartOf":{"@id":"https:\/\/www.jornalja.com.br\/arquivo\/#website"},"breadcrumb":{"@id":"https:\/\/www.jornalja.com.br\/arquivo\/a-moda-do-fashion-black-porto-alegre-na-casa-de-cultura-mario-quintana\/#breadcrumblist"},"author":{"@id":"https:\/\/www.jornalja.com.br\/arquivo\/author\/daredacao\/#author"},"creator":{"@id":"https:\/\/www.jornalja.com.br\/arquivo\/author\/daredacao\/#author"},"image":{"@type":"ImageObject","url":64603,"@id":"https:\/\/www.jornalja.com.br\/arquivo\/a-moda-do-fashion-black-porto-alegre-na-casa-de-cultura-mario-quintana\/#mainImage"},"primaryImageOfPage":{"@id":"https:\/\/www.jornalja.com.br\/arquivo\/a-moda-do-fashion-black-porto-alegre-na-casa-de-cultura-mario-quintana\/#mainImage"},"datePublished":"2018-08-16T21:24:39-03:00","dateModified":"2018-08-16T21:24:39-03:00"},{"@type":"WebSite","@id":"https:\/\/www.jornalja.com.br\/arquivo\/#website","url":"https:\/\/www.jornalja.com.br\/arquivo\/","name":"Arquivo","description":"Jornal J\u00c1 | Porto Alegre","inLanguage":"pt-BR","publisher":{"@id":"https:\/\/www.jornalja.com.br\/arquivo\/#organization"}}]},"og:locale":"pt_BR","og:site_name":"Arquivo | Jornal J\u00c1 | Porto Alegre","og:type":"article","og:title":"A moda do Fashion Black na Casa de Cultura | Arquivo","og:url":"https:\/\/www.jornalja.com.br\/arquivo\/a-moda-do-fashion-black-porto-alegre-na-casa-de-cultura-mario-quintana\/","og:image":"https:\/\/www.jornalja.com.br\/economics\/wp-content\/uploads\/sites\/11\/2026\/08\/ja-folhaderosto-facebook.jpg","og:image:secure_url":"https:\/\/www.jornalja.com.br\/economics\/wp-content\/uploads\/sites\/11\/2026\/08\/ja-folhaderosto-facebook.jpg","article:published_time":"2018-08-17T00:24:39+00:00","article:modified_time":"2018-08-17T00:24:39+00:00","twitter:card":"summary","twitter:title":"A moda do Fashion Black na Casa de Cultura | Arquivo","twitter:image":"https:\/\/www.jornalja.com.br\/economics\/wp-content\/uploads\/sites\/11\/2026\/08\/ja-folhaderosto-facebook.jpg"},"aioseo_meta_data":{"post_id":"64602","title":null,"description":null,"keywords":null,"keyphrases":null,"primary_term":null,"canonical_url":null,"og_title":null,"og_description":null,"og_object_type":"default","og_image_type":"default","og_image_url":null,"og_image_width":null,"og_image_height":null,"og_image_custom_url":null,"og_image_custom_fields":null,"og_video":null,"og_custom_url":null,"og_article_section":null,"og_article_tags":null,"twitter_use_og":false,"twitter_card":"default","twitter_image_type":"default","twitter_image_url":null,"twitter_image_custom_url":null,"twitter_image_custom_fields":null,"twitter_title":null,"twitter_description":null,"schema":{"blockGraphs":[],"customGraphs":[],"default":{"data":{"Article":[],"Course":[],"Dataset":[],"FAQPage":[],"Movie":[],"Person":[],"Product":[],"ProductReview":[],"Car":[],"Recipe":[],"Service":[],"SoftwareApplication":[],"WebPage":[]},"graphName":"","isEnabled":true},"graphs":[],"defaultGraph":"","defaultPostTypeGraph":""},"schema_type":null,"schema_type_options":null,"pillar_content":false,"robots_default":true,"robots_noindex":false,"robots_noarchive":false,"robots_nosnippet":false,"robots_nofollow":false,"robots_noimageindex":false,"robots_noodp":false,"robots_notranslate":false,"robots_max_snippet":null,"robots_max_videopreview":null,"robots_max_imagepreview":"large","priority":null,"frequency":null,"location":null,"local_seo":null,"breadcrumb_settings":null,"limit_modified_date":false,"ai":null,"created":"2020-12-20 20:10:09","updated":"2025-07-20 05:09:16","seo_analyzer_scan_date":null,"focus_keyword":null,"additional_keywords":null,"truseo_locale":null},"jetpack_sharing_enabled":true,"jetpack-related-posts":[{"id":14241,"url":"https:\/\/www.jornalja.com.br\/arquivo\/o-guaiba-nas-imagens-poeticas-de-achutti\/","url_meta":{"origin":64602,"position":0},"title":"O Gua\u00edba nas imagens po\u00e9ticas de Achutti","author":"da Reda\u00e7\u00e3o","date":"18 de junho de 2014","format":false,"excerpt":"Em \u201cO Gua\u00edba por Achutti\u201d \u2013 obra financiada via Minist\u00e9rio da Cultura, produ\u00e7\u00e3o executiva de Pedro Longhi, e Fl\u00e1vio Wild como designer \u2013, o fot\u00f3grafo revela a beleza e as mazelas de um espa\u00e7o aqu\u00e1tico de \u00e1guas sempre renovadas, cheio de hist\u00f3rias e lendas como as das cidades que foram\u2026","rel":"","context":"Em &quot;Cultura-Geral&quot;","block_context":{"text":"Cultura-Geral","link":"https:\/\/www.jornalja.com.br\/arquivo\/category\/materiasecundaria\/"},"img":{"alt_text":"","src":"","width":0,"height":0},"classes":[]},{"id":13124,"url":"https:\/\/www.jornalja.com.br\/arquivo\/sangue-latino-no-iecine\/","url_meta":{"origin":64602,"position":1},"title":"Sangue latino no IECINE","author":"da Reda\u00e7\u00e3o","date":"18 de maio de 2014","format":false,"excerpt":"Francisco Ribeiro O Instituto Estadual de Cinema (IECINE) tem a frente, desde abril \u00faltimo, um novo diretor, o cineasta colombiano Juan Zapata, 36, que substitui Luiz Alberto Cassol. Radicado h\u00e1 dez anos em Porto Alegre, Zapata tem diante de si o desafio de conduzir at\u00e9 o final do ano um\u2026","rel":"","context":"Em &quot;Cultura-Geral&quot;","block_context":{"text":"Cultura-Geral","link":"https:\/\/www.jornalja.com.br\/arquivo\/category\/materiasecundaria\/"},"img":{"alt_text":"","src":"","width":0,"height":0},"classes":[]},{"id":5440,"url":"https:\/\/www.jornalja.com.br\/arquivo\/casarao-da-venancio-destino-permanece-incerto\/","url_meta":{"origin":64602,"position":2},"title":"Estado ainda n\u00e3o sabe o que fazer com casar\u00e3o abandonado h\u00e1 20 anos","author":"Elmar Bones","date":"6 de julho de 2009","format":false,"excerpt":"O casar\u00e3o amarelo, numa esquina nobre de Porto Alegre (Ven\u00e2ncio Aires com Jo\u00e3o Pessoa), j\u00e1 abrigou uma escola. H\u00e1 duas d\u00e9cadas, pelo menos, est\u00e1 abandonado, porque seu propriet\u00e1rio, o governo do Estado do Rio Grande do Sul, n\u00e3o consegue achar um destino para ele. Planos n\u00e3o faltaram. O governador Ol\u00edvio\u2026","rel":"","context":"Em &quot;X.Categorias velhas&quot;","block_context":{"text":"X.Categorias velhas","link":"https:\/\/www.jornalja.com.br\/arquivo\/category\/x-categorias-velhas\/"},"img":{"alt_text":"geraldo1","src":"https:\/\/i0.wp.com\/www.jornalja.com.br\/wp-content\/uploads\/2009\/07\/geraldo1.jpg?resize=350%2C200&ssl=1","width":350,"height":200},"classes":[]},{"id":12960,"url":"https:\/\/www.jornalja.com.br\/arquivo\/populacao-culpa-empresas-pela-greve-dos-rodoviarios\/","url_meta":{"origin":64602,"position":3},"title":"Popula\u00e7\u00e3o culpa empresas pela greve","author":"Patr\u00edcia Marini","date":"14 de fevereiro de 2014","format":false,"excerpt":"Pesquisa divulgada na edi\u00e7\u00e3o do jornal Metro desta sexta-feira,14, comprova o velho ditado: \u00e9 poss\u00edvel enganar muitos por algum tempo, mas n\u00e3o \u00e9 poss\u00edvel enganar a todos o tempo inteiro. A principal revela\u00e7\u00e3o foi que 59,8% dos entrevistados apontaram as empresas como as principais respons\u00e1veis pela grave e 46% culparam\u2026","rel":"","context":"Em &quot;X.Categorias velhas&quot;","block_context":{"text":"X.Categorias velhas","link":"https:\/\/www.jornalja.com.br\/arquivo\/category\/x-categorias-velhas\/"},"img":{"alt_text":"","src":"","width":0,"height":0},"classes":[]},{"id":1280,"url":"https:\/\/www.jornalja.com.br\/arquivo\/o-menino-que-se-tornou-brizola\/","url_meta":{"origin":64602,"position":4},"title":"O Menino que se Tornou Brizola","author":"da Reda\u00e7\u00e3o","date":"28 de julho de 2008","format":false,"excerpt":"Autor: Cleber Dioni A vida de Leonel Brizola, com \u00eanfase para os primeiros anos em Porto Alegre, at\u00e9 o ex\u00edlio no Uruguai e a volta, quinze anos depois. \u00a0\"...\u00c9ramos todos jovens e nos identific\u00e1vamos com aquela massa an\u00f4nima a percorrer as ruas de Porto Alegre, gritando 'Get\u00falio', 'Get\u00falio' e empunhando\u2026","rel":"","context":"Em &quot;Livros&quot;","block_context":{"text":"Livros","link":"https:\/\/www.jornalja.com.br\/arquivo\/category\/livros\/"},"img":{"alt_text":"","src":"https:\/\/i0.wp.com\/www.jornalja.com.br\/wp-content\/uploads\/2008\/07\/brizola.gif?resize=350%2C200&ssl=1","width":350,"height":200},"classes":[]},{"id":13101,"url":"https:\/\/www.jornalja.com.br\/arquivo\/morre-um-guerreiro-do-texto\/","url_meta":{"origin":64602,"position":5},"title":"Morre um guerreiro do texto","author":"Patr\u00edcia Marini","date":"14 de maio de 2014","format":false,"excerpt":"Por Ricardo Kotscho Reproduzido do blog do autor, 11\/5\/2014; t\u00edtulo original \u201cE l\u00e1 se foi o nosso Myltainho, guerreiro do texto\u201d. Mi\u00fado e franzino, meu amigo Myltainho era um valente e inconformado guerreiro na luta contra as injusti\u00e7as sociais, a hipocrisia, as maracutaias, o autoritarismo, a intoler\u00e2ncia, a viol\u00eancia, o\u2026","rel":"","context":"Em &quot;Geral&quot;","block_context":{"text":"Geral","link":"https:\/\/www.jornalja.com.br\/arquivo\/category\/geral\/"},"img":{"alt_text":"","src":"","width":0,"height":0},"classes":[]}],"jetpack_shortlink":"https:\/\/wp.me\/pbQjBd-gNY","jetpack_featured_media_url":"","_links":{"self":[{"href":"https:\/\/www.jornalja.com.br\/arquivo\/wp-json\/wp\/v2\/posts\/64602","targetHints":{"allow":["GET"]}}],"collection":[{"href":"https:\/\/www.jornalja.com.br\/arquivo\/wp-json\/wp\/v2\/posts"}],"about":[{"href":"https:\/\/www.jornalja.com.br\/arquivo\/wp-json\/wp\/v2\/types\/post"}],"author":[{"embeddable":true,"href":"https:\/\/www.jornalja.com.br\/arquivo\/wp-json\/wp\/v2\/users\/4"}],"replies":[{"embeddable":true,"href":"https:\/\/www.jornalja.com.br\/arquivo\/wp-json\/wp\/v2\/comments?post=64602"}],"version-history":[{"count":0,"href":"https:\/\/www.jornalja.com.br\/arquivo\/wp-json\/wp\/v2\/posts\/64602\/revisions"}],"wp:attachment":[{"href":"https:\/\/www.jornalja.com.br\/arquivo\/wp-json\/wp\/v2\/media?parent=64602"}],"wp:term":[{"taxonomy":"category","embeddable":true,"href":"https:\/\/www.jornalja.com.br\/arquivo\/wp-json\/wp\/v2\/categories?post=64602"},{"taxonomy":"post_tag","embeddable":true,"href":"https:\/\/www.jornalja.com.br\/arquivo\/wp-json\/wp\/v2\/tags?post=64602"}],"curies":[{"name":"wp","href":"https:\/\/api.w.org\/{rel}","templated":true}]}}