{"id":65019,"date":"2018-08-31T11:15:25","date_gmt":"2018-08-31T14:15:25","guid":{"rendered":"https:\/\/www.jornalja.com.br\/?p=65019"},"modified":"2018-08-31T11:15:25","modified_gmt":"2018-08-31T14:15:25","slug":"livro-de-ficcao-politica-preve-caos-no-brasil-em-2022","status":"publish","type":"post","link":"https:\/\/www.jornalja.com.br\/arquivo\/livro-de-ficcao-politica-preve-caos-no-brasil-em-2022\/","title":{"rendered":"Livro de fic\u00e7\u00e3o pol\u00edtica prev\u00ea caos no Brasil em 2022"},"content":{"rendered":"<p>&nbsp;<\/p>\n<table border=\"0\" width=\"600\" cellspacing=\"0\" cellpadding=\"0\" align=\"center\">\n<tbody>\n<tr>\n<td><\/td>\n<\/tr>\n<tr>\n<td>\n<p align=\"center\">\n<\/td>\n<\/tr>\n<tr>\n<td valign=\"top\">A tens\u00e3o que domina a sociedade brasileira, a crise da democracia representativa, a indigna\u00e7\u00e3o popular e a reorganiza\u00e7\u00e3o da popula\u00e7\u00e3o ao redor da internet s\u00e3o sinais de mudan\u00e7as radicais na organiza\u00e7\u00e3o social do Brasil e do planeta.<br \/>\nA afirma\u00e7\u00e3o \u00e9 do escritor e pesquisador Eduardo Fenianos que, no livro \u201cBomba em Bras\u00edlia\u201d, afirma servir apenas um instrumento para noticiar os acontecimentos que v\u00e3o revolucionar o Brasil e o mundo entre os anos de 2022 e 2028.<br \/>\nCurioso \u00e9 que, de fato, as primeiras linhas de \u201cBomba em Bras\u00edlia\u201d levam \u00e0 interpreta\u00e7\u00e3o de que o autor do livro e respons\u00e1vel pelas informa\u00e7\u00f5es \u00e9 um jornalista que vive no futuro, utilizando Fenianos apenas como um interlocutor com a atualidade.<br \/>\nssa ponte deixa a d\u00favida se a obra \u00e9 uma fic\u00e7\u00e3o, uma profecia ou uma reportagem que apenas transcreve as mensagens enviadas do futuro.<br \/>\nO livro \u00e9 dividido em duas partes. A primeira descreve, minuto a minuto, o dia 7 de setembro de 2022, quando um acontecimento inesperado mudar\u00e1 a vida e a realidade dos brasileiros.<br \/>\nA segunda parte, com uma narrativa r\u00e1pida,\u00a0descreve as consequ\u00eancias desta revolu\u00e7\u00e3o pol\u00edtica, enquanto acompanha o desenlace de uma guerra entre o Brasil e um pa\u00eds vizinho, e divulga os bastidores de um relacionamento amoroso, entre duas celebridades, inimagin\u00e1vel para os dias de hoje.<br \/>\nEntre as v\u00e1rias revela\u00e7\u00f5es, o texto prev\u00ea uma revolu\u00e7\u00e3o no poder judici\u00e1rio, uma surpreendente rela\u00e7\u00e3o entre militares e civis, uma grande reforma tribut\u00e1ria que afetar\u00e1 inclusive a atividade religiosa, a extin\u00e7\u00e3o da Petrobr\u00e1s, substitu\u00edda por uma empresa que vai inovar na produ\u00e7\u00e3o de energia e o surgimento de dois jovens, que v\u00e3o inspirar uma revolu\u00e7\u00e3o democr\u00e1tica, com base na internet, influenciando n\u00e3o somente o Brasil, mas todo o planeta.<br \/>\nAl\u00e9m deles, outro l\u00edder de \u00edndole duvidosa, exercer\u00e1 grande influ\u00eancia e se mostrar\u00e1, ao lado de apenas 6 ministros, um excelente gestor, com atitudes e obras que mudar\u00e3o, a educa\u00e7\u00e3o, a economia e, principalmente, os valores morais do pa\u00eds.<br \/>\nA vers\u00e3o impressa j\u00e1 est\u00e1 venda no site\u00a0<a href=\"http:\/\/www.bombaembrasilia.com.br\/\" target=\"_blank\" rel=\"noopener noreferrer\" data-saferedirecturl=\"http:\/\/www.google.com\/url?q=http:\/\/www.bombaembrasilia.com.br\/&amp;source=gmail&amp;ust=1535744865648000&amp;usg=AFQjCNEFSf0mjrWPMhU4foGfaM47CVMm3Q\">www.bombaembrasilia.com.br<\/a>\u00a0A vers\u00e3o digital ter\u00e1 um lan\u00e7amento virtual no dia 7 de setembro, com a apresenta\u00e7\u00e3o em v\u00eddeo do que acontecer\u00e1 em Bras\u00edlia, exatamente daqui h\u00e1 4 anos.<br \/>\nPara receber os avisos do hor\u00e1rio exato da apresenta\u00e7\u00e3o do v\u00eddeo, basta inscrever-se no canal\u00a0bomba em brasilia ou\u00a0<a href=\"http:\/\/www.youtube.com\/playlist?list=PLkZBZF5BLTb4U8nD-t1JbJzsk2tuWPThO\" target=\"_blank\" rel=\"noopener noreferrer\" data-saferedirecturl=\"http:\/\/www.google.com\/url?q=http:\/\/www.youtube.com\/playlist?list%3DPLkZBZF5BLTb4U8nD-t1JbJzsk2tuWPThO&amp;source=gmail&amp;ust=1535744865648000&amp;usg=AFQjCNHmg-co2jy6XElb08-LhzyBsrT-YA\">novelet\u00a0no youtube<\/a>, ou seguir as p\u00e1ginas no\u00a0<a href=\"http:\/\/twitter.com\/urbenauta\" target=\"_blank\" rel=\"noopener noreferrer\" data-saferedirecturl=\"http:\/\/www.google.com\/url?q=http:\/\/twitter.com\/urbenauta&amp;source=gmail&amp;ust=1535744865648000&amp;usg=AFQjCNFKGsg_BJ1Dr3oDGXxGcXNyYLZXYg\">twitter<\/a>,\u00a0\u00a0<a href=\"http:\/\/www.facebook.com\/bombaembrasilia\/\" target=\"_blank\" rel=\"noopener noreferrer\" data-saferedirecturl=\"http:\/\/www.google.com\/url?q=http:\/\/www.facebook.com\/bombaembrasilia\/&amp;source=gmail&amp;ust=1535744865648000&amp;usg=AFQjCNGVq1BZ5YGKMHpwN0kM9nBmArx5qQ\">Facebook.<\/a>\u00a0e\u00a0<a href=\"http:\/\/www.instagram.com\/novelettv\/?hl=pt-br\" target=\"_blank\" rel=\"noopener noreferrer\" data-saferedirecturl=\"http:\/\/www.google.com\/url?q=http:\/\/www.instagram.com\/novelettv\/?hl%3Dpt-br&amp;source=gmail&amp;ust=1535744865648000&amp;usg=AFQjCNGgKK8UEDJcNTH0e54KFwpwcRmyGw\">Instagram<\/a><br \/>\nDEMOCRACIA E INTERNET<br \/>\n\u201cSei que os relatos do livro podem parecer estranhos. Eu mesmo me surpreendo quando leio o que \u00e9 descrito. Mas temos que considerar que internet j\u00e1 modificou e influenciou nossa forma de se comunicar, de se locomover, de se hospedar, de trabalhar, de se relacionar e, certamente, tamb\u00e9m vai influenciar uma nova organiza\u00e7\u00e3o pol\u00edtica\u201d, comenta Eduardo Fenianos\u00a0que, depois de 63 livros publicados sobre a hist\u00f3ria e a realidade das cidades do Brasil, estreia em um romance com uma linguagem totalmente diferente de suas publica\u00e7\u00f5es anteriores.<br \/>\nEle ainda defende que com a tecnologia atual, somada \u00e0 crise de corrup\u00e7\u00e3o vivida pela democracia representativa, \u00e9 importante colocar em pauta a participa\u00e7\u00e3o direta do cidad\u00e3o nas decis\u00f5es de seu munic\u00edpio, estado ou pa\u00eds, por meio da internet.<br \/>\n\u00c9 PRECISO IMPLODIR O SISTEMA E CRIAR OUTRO<br \/>\nCom base nesse pensamento, foi criado o Movimento Bomba em Bras\u00edlia, que pretende desenvolver estudos e colocar em pr\u00e1tica algumas das previs\u00f5es expostas no livro, como a cria\u00e7\u00e3o de uma democracia digital direta no Brasil.<br \/>\nFenianos procura deixar claro que o nome \u201cBomba em Bras\u00edlia\u201d n\u00e3o \u00e9 um convite para um atentado terrorista, mas um recado claro de que hoje n\u00e3o bastam reformas. \u00c9 preciso implodir o sistema pol\u00edtico e criar outro.<br \/>\nAssim como os candidatos e partidos que contam com seus marqueteiros para ganhar o voto dos eleitores, o livro e o \u201cMovimento Bomba em Bras\u00edlia\u201d tamb\u00e9m ter\u00e3o algumas pe\u00e7as publicit\u00e1rias.<br \/>\nNas redes sociais \u2013 Facebook, Instagram e Twitter &#8211; ser\u00e3o lan\u00e7ados 59 banners, um para cada dia at\u00e9 o final da elei\u00e7\u00e3o, expondo motivos para a cria\u00e7\u00e3o de um novo sistema democr\u00e1tico e tr\u00eas m\u00fasicas, que tamb\u00e9m estar\u00e1 em plataformas de streaming, como o<a href=\"http:\/\/open.spotify.com\/album\/2nwUbS9xJbWoIAx6eHTpSd?si=3hurvNDUTiy9cx7ecImW_A\" target=\"_blank\" rel=\"noopener noreferrer\" data-saferedirecturl=\"http:\/\/www.google.com\/url?q=http:\/\/open.spotify.com\/album\/2nwUbS9xJbWoIAx6eHTpSd?si%3D3hurvNDUTiy9cx7ecImW_A&amp;source=gmail&amp;ust=1535744865648000&amp;usg=AFQjCNEnAWVciAhPVXKHe9g4AcSgoWEP0g\">spotfy.<\/a><\/td>\n<\/tr>\n<\/tbody>\n<\/table>\n","protected":false},"excerpt":{"rendered":"<p>&nbsp; A tens\u00e3o que domina a sociedade brasileira, a crise da democracia representativa, a indigna\u00e7\u00e3o popular e a reorganiza\u00e7\u00e3o da popula\u00e7\u00e3o ao redor da internet s\u00e3o sinais de mudan\u00e7as radicais na organiza\u00e7\u00e3o social do Brasil e do planeta. A afirma\u00e7\u00e3o \u00e9 do escritor e pesquisador Eduardo Fenianos que, no livro \u201cBomba em Bras\u00edlia\u201d, afirma servir [&hellip;]<\/p>\n","protected":false},"author":4,"featured_media":65020,"comment_status":"open","ping_status":"closed","sticky":false,"template":"","format":"standard","meta":{"_jetpack_newsletter_access":"","_jetpack_dont_email_post_to_subs":false,"_jetpack_newsletter_tier_id":0,"_jetpack_memberships_contains_paywalled_content":false,"_jetpack_feature_clip_id":0,"_jetpack_memberships_contains_paid_content":false,"footnotes":"","jetpack_post_was_ever_published":false},"categories":[11],"tags":[],"class_list":["post-65019","post","type-post","status-publish","format-standard","has-post-thumbnail","hentry","category-materiasecundaria"],"aioseo_notices":[],"aioseo_head":"\n\t\t<!-- All in One SEO 5.0.1.1 - aioseo.com -->\n\t<meta name=\"robots\" content=\"max-image-preview:large\" \/>\n\t<meta name=\"author\" content=\"da Reda\u00e7\u00e3o\"\/>\n\t<link rel=\"canonical\" href=\"https:\/\/www.jornalja.com.br\/arquivo\/livro-de-ficcao-politica-preve-caos-no-brasil-em-2022\/\" \/>\n\t<meta name=\"generator\" content=\"All in One SEO (AIOSEO) 5.0.1.1\" \/>\n\t\t<meta property=\"og:locale\" content=\"pt_BR\" \/>\n\t\t<meta property=\"og:site_name\" content=\"Arquivo | Jornal J\u00c1 | Porto Alegre\" \/>\n\t\t<meta property=\"og:type\" content=\"article\" \/>\n\t\t<meta property=\"og:title\" content=\"Livro de fic\u00e7\u00e3o pol\u00edtica prev\u00ea caos no Brasil em 2022 | Arquivo\" \/>\n\t\t<meta property=\"og:url\" content=\"https:\/\/www.jornalja.com.br\/arquivo\/livro-de-ficcao-politica-preve-caos-no-brasil-em-2022\/\" \/>\n\t\t<meta property=\"og:image\" content=\"https:\/\/www.jornalja.com.br\/economics\/wp-content\/uploads\/sites\/11\/2026\/08\/ja-folhaderosto-facebook.jpg\" \/>\n\t\t<meta property=\"og:image:secure_url\" content=\"https:\/\/www.jornalja.com.br\/economics\/wp-content\/uploads\/sites\/11\/2026\/08\/ja-folhaderosto-facebook.jpg\" \/>\n\t\t<meta property=\"article:published_time\" content=\"2018-08-31T14:15:25+00:00\" \/>\n\t\t<meta property=\"article:modified_time\" content=\"2018-08-31T14:15:25+00:00\" \/>\n\t\t<meta name=\"twitter:card\" content=\"summary\" \/>\n\t\t<meta name=\"twitter:title\" content=\"Livro de fic\u00e7\u00e3o pol\u00edtica prev\u00ea caos no Brasil em 2022 | Arquivo\" \/>\n\t\t<meta name=\"twitter:image\" content=\"https:\/\/www.jornalja.com.br\/economics\/wp-content\/uploads\/sites\/11\/2026\/08\/ja-folhaderosto-facebook.jpg\" \/>\n\t\t<script type=\"application\/ld+json\" class=\"aioseo-schema\">\n\t\t\t{\"@context\":\"https:\\\/\\\/schema.org\",\"@graph\":[{\"@type\":\"BlogPosting\",\"@id\":\"https:\\\/\\\/www.jornalja.com.br\\\/arquivo\\\/livro-de-ficcao-politica-preve-caos-no-brasil-em-2022\\\/#blogposting\",\"name\":\"Livro de fic\\u00e7\\u00e3o pol\\u00edtica prev\\u00ea caos no Brasil em 2022 | Arquivo\",\"headline\":\"Livro de fic\\u00e7\\u00e3o pol\\u00edtica prev\\u00ea caos no Brasil em 2022\",\"author\":{\"@id\":\"https:\\\/\\\/www.jornalja.com.br\\\/arquivo\\\/author\\\/daredacao\\\/#author\"},\"publisher\":{\"@id\":\"https:\\\/\\\/www.jornalja.com.br\\\/arquivo\\\/#organization\"},\"image\":{\"@type\":\"ImageObject\",\"url\":65020},\"datePublished\":\"2018-08-31T11:15:25-03:00\",\"dateModified\":\"2018-08-31T11:15:25-03:00\",\"inLanguage\":\"pt-BR\",\"mainEntityOfPage\":{\"@id\":\"https:\\\/\\\/www.jornalja.com.br\\\/arquivo\\\/livro-de-ficcao-politica-preve-caos-no-brasil-em-2022\\\/#webpage\"},\"isPartOf\":{\"@id\":\"https:\\\/\\\/www.jornalja.com.br\\\/arquivo\\\/livro-de-ficcao-politica-preve-caos-no-brasil-em-2022\\\/#webpage\"},\"articleSection\":\"Cultura-Geral\"},{\"@type\":\"BreadcrumbList\",\"@id\":\"https:\\\/\\\/www.jornalja.com.br\\\/arquivo\\\/livro-de-ficcao-politica-preve-caos-no-brasil-em-2022\\\/#breadcrumblist\",\"itemListElement\":[{\"@type\":\"ListItem\",\"@id\":\"https:\\\/\\\/www.jornalja.com.br\\\/arquivo#listItem\",\"position\":1,\"name\":\"Home\",\"item\":\"https:\\\/\\\/www.jornalja.com.br\\\/arquivo\",\"nextItem\":{\"@type\":\"ListItem\",\"@id\":\"https:\\\/\\\/www.jornalja.com.br\\\/arquivo\\\/category\\\/materiasecundaria\\\/#listItem\",\"name\":\"Cultura-Geral\"}},{\"@type\":\"ListItem\",\"@id\":\"https:\\\/\\\/www.jornalja.com.br\\\/arquivo\\\/category\\\/materiasecundaria\\\/#listItem\",\"position\":2,\"name\":\"Cultura-Geral\",\"item\":\"https:\\\/\\\/www.jornalja.com.br\\\/arquivo\\\/category\\\/materiasecundaria\\\/\",\"nextItem\":{\"@type\":\"ListItem\",\"@id\":\"https:\\\/\\\/www.jornalja.com.br\\\/arquivo\\\/livro-de-ficcao-politica-preve-caos-no-brasil-em-2022\\\/#listItem\",\"name\":\"Livro de fic\\u00e7\\u00e3o pol\\u00edtica prev\\u00ea caos no Brasil em 2022\"},\"previousItem\":{\"@type\":\"ListItem\",\"@id\":\"https:\\\/\\\/www.jornalja.com.br\\\/arquivo#listItem\",\"name\":\"Home\"}},{\"@type\":\"ListItem\",\"@id\":\"https:\\\/\\\/www.jornalja.com.br\\\/arquivo\\\/livro-de-ficcao-politica-preve-caos-no-brasil-em-2022\\\/#listItem\",\"position\":3,\"name\":\"Livro de fic\\u00e7\\u00e3o pol\\u00edtica prev\\u00ea caos no Brasil em 2022\",\"previousItem\":{\"@type\":\"ListItem\",\"@id\":\"https:\\\/\\\/www.jornalja.com.br\\\/arquivo\\\/category\\\/materiasecundaria\\\/#listItem\",\"name\":\"Cultura-Geral\"}}]},{\"@type\":\"Organization\",\"@id\":\"https:\\\/\\\/www.jornalja.com.br\\\/arquivo\\\/#organization\",\"name\":\"Jornal J\\u00c1\",\"description\":\"Jornal J\\u00c1 | Porto Alegre\",\"url\":\"https:\\\/\\\/www.jornalja.com.br\\\/arquivo\\\/\",\"telephone\":\"+555133307272\",\"logo\":{\"@type\":\"ImageObject\",\"url\":\"https:\\\/\\\/www.jornalja.com.br\\\/wp-content\\\/uploads\\\/cards\\\/JAslogan.png\",\"@id\":\"https:\\\/\\\/www.jornalja.com.br\\\/arquivo\\\/livro-de-ficcao-politica-preve-caos-no-brasil-em-2022\\\/#organizationLogo\"},\"image\":{\"@id\":\"https:\\\/\\\/www.jornalja.com.br\\\/arquivo\\\/livro-de-ficcao-politica-preve-caos-no-brasil-em-2022\\\/#organizationLogo\"}},{\"@type\":\"Person\",\"@id\":\"https:\\\/\\\/www.jornalja.com.br\\\/arquivo\\\/author\\\/daredacao\\\/#author\",\"url\":\"https:\\\/\\\/www.jornalja.com.br\\\/arquivo\\\/author\\\/daredacao\\\/\",\"name\":\"da Reda\\u00e7\\u00e3o\",\"image\":{\"@type\":\"ImageObject\",\"@id\":\"https:\\\/\\\/www.jornalja.com.br\\\/arquivo\\\/livro-de-ficcao-politica-preve-caos-no-brasil-em-2022\\\/#authorImage\",\"url\":\"https:\\\/\\\/secure.gravatar.com\\\/avatar\\\/469fd857d6605ad19919d27ed29d35a968a25f6e8fd9318356bbb7f57aae9c65?s=96&d=mm&r=g\",\"width\":96,\"height\":96,\"caption\":\"da Reda\\u00e7\\u00e3o\"}},{\"@type\":\"WebPage\",\"@id\":\"https:\\\/\\\/www.jornalja.com.br\\\/arquivo\\\/livro-de-ficcao-politica-preve-caos-no-brasil-em-2022\\\/#webpage\",\"url\":\"https:\\\/\\\/www.jornalja.com.br\\\/arquivo\\\/livro-de-ficcao-politica-preve-caos-no-brasil-em-2022\\\/\",\"name\":\"Livro de fic\\u00e7\\u00e3o pol\\u00edtica prev\\u00ea caos no Brasil em 2022 | Arquivo\",\"inLanguage\":\"pt-BR\",\"isPartOf\":{\"@id\":\"https:\\\/\\\/www.jornalja.com.br\\\/arquivo\\\/#website\"},\"breadcrumb\":{\"@id\":\"https:\\\/\\\/www.jornalja.com.br\\\/arquivo\\\/livro-de-ficcao-politica-preve-caos-no-brasil-em-2022\\\/#breadcrumblist\"},\"author\":{\"@id\":\"https:\\\/\\\/www.jornalja.com.br\\\/arquivo\\\/author\\\/daredacao\\\/#author\"},\"creator\":{\"@id\":\"https:\\\/\\\/www.jornalja.com.br\\\/arquivo\\\/author\\\/daredacao\\\/#author\"},\"image\":{\"@type\":\"ImageObject\",\"url\":65020,\"@id\":\"https:\\\/\\\/www.jornalja.com.br\\\/arquivo\\\/livro-de-ficcao-politica-preve-caos-no-brasil-em-2022\\\/#mainImage\"},\"primaryImageOfPage\":{\"@id\":\"https:\\\/\\\/www.jornalja.com.br\\\/arquivo\\\/livro-de-ficcao-politica-preve-caos-no-brasil-em-2022\\\/#mainImage\"},\"datePublished\":\"2018-08-31T11:15:25-03:00\",\"dateModified\":\"2018-08-31T11:15:25-03:00\"},{\"@type\":\"WebSite\",\"@id\":\"https:\\\/\\\/www.jornalja.com.br\\\/arquivo\\\/#website\",\"url\":\"https:\\\/\\\/www.jornalja.com.br\\\/arquivo\\\/\",\"name\":\"Arquivo\",\"description\":\"Jornal J\\u00c1 | Porto Alegre\",\"inLanguage\":\"pt-BR\",\"publisher\":{\"@id\":\"https:\\\/\\\/www.jornalja.com.br\\\/arquivo\\\/#organization\"}}]}\n\t\t<\/script>\n\t\t<!-- All in One SEO -->\n\n","aioseo_head_json":{"title":"Livro de fic\u00e7\u00e3o pol\u00edtica prev\u00ea caos no Brasil em 2022 | Arquivo","description":"","canonical_url":"https:\/\/www.jornalja.com.br\/arquivo\/livro-de-ficcao-politica-preve-caos-no-brasil-em-2022\/","robots":"max-image-preview:large","keywords":"","webmasterTools":{"miscellaneous":""},"schema":{"@context":"https:\/\/schema.org","@graph":[{"@type":"BlogPosting","@id":"https:\/\/www.jornalja.com.br\/arquivo\/livro-de-ficcao-politica-preve-caos-no-brasil-em-2022\/#blogposting","name":"Livro de fic\u00e7\u00e3o pol\u00edtica prev\u00ea caos no Brasil em 2022 | Arquivo","headline":"Livro de fic\u00e7\u00e3o pol\u00edtica prev\u00ea caos no Brasil em 2022","author":{"@id":"https:\/\/www.jornalja.com.br\/arquivo\/author\/daredacao\/#author"},"publisher":{"@id":"https:\/\/www.jornalja.com.br\/arquivo\/#organization"},"image":{"@type":"ImageObject","url":65020},"datePublished":"2018-08-31T11:15:25-03:00","dateModified":"2018-08-31T11:15:25-03:00","inLanguage":"pt-BR","mainEntityOfPage":{"@id":"https:\/\/www.jornalja.com.br\/arquivo\/livro-de-ficcao-politica-preve-caos-no-brasil-em-2022\/#webpage"},"isPartOf":{"@id":"https:\/\/www.jornalja.com.br\/arquivo\/livro-de-ficcao-politica-preve-caos-no-brasil-em-2022\/#webpage"},"articleSection":"Cultura-Geral"},{"@type":"BreadcrumbList","@id":"https:\/\/www.jornalja.com.br\/arquivo\/livro-de-ficcao-politica-preve-caos-no-brasil-em-2022\/#breadcrumblist","itemListElement":[{"@type":"ListItem","@id":"https:\/\/www.jornalja.com.br\/arquivo#listItem","position":1,"name":"Home","item":"https:\/\/www.jornalja.com.br\/arquivo","nextItem":{"@type":"ListItem","@id":"https:\/\/www.jornalja.com.br\/arquivo\/category\/materiasecundaria\/#listItem","name":"Cultura-Geral"}},{"@type":"ListItem","@id":"https:\/\/www.jornalja.com.br\/arquivo\/category\/materiasecundaria\/#listItem","position":2,"name":"Cultura-Geral","item":"https:\/\/www.jornalja.com.br\/arquivo\/category\/materiasecundaria\/","nextItem":{"@type":"ListItem","@id":"https:\/\/www.jornalja.com.br\/arquivo\/livro-de-ficcao-politica-preve-caos-no-brasil-em-2022\/#listItem","name":"Livro de fic\u00e7\u00e3o pol\u00edtica prev\u00ea caos no Brasil em 2022"},"previousItem":{"@type":"ListItem","@id":"https:\/\/www.jornalja.com.br\/arquivo#listItem","name":"Home"}},{"@type":"ListItem","@id":"https:\/\/www.jornalja.com.br\/arquivo\/livro-de-ficcao-politica-preve-caos-no-brasil-em-2022\/#listItem","position":3,"name":"Livro de fic\u00e7\u00e3o pol\u00edtica prev\u00ea caos no Brasil em 2022","previousItem":{"@type":"ListItem","@id":"https:\/\/www.jornalja.com.br\/arquivo\/category\/materiasecundaria\/#listItem","name":"Cultura-Geral"}}]},{"@type":"Organization","@id":"https:\/\/www.jornalja.com.br\/arquivo\/#organization","name":"Jornal J\u00c1","description":"Jornal J\u00c1 | Porto Alegre","url":"https:\/\/www.jornalja.com.br\/arquivo\/","telephone":"+555133307272","logo":{"@type":"ImageObject","url":"https:\/\/www.jornalja.com.br\/wp-content\/uploads\/cards\/JAslogan.png","@id":"https:\/\/www.jornalja.com.br\/arquivo\/livro-de-ficcao-politica-preve-caos-no-brasil-em-2022\/#organizationLogo"},"image":{"@id":"https:\/\/www.jornalja.com.br\/arquivo\/livro-de-ficcao-politica-preve-caos-no-brasil-em-2022\/#organizationLogo"}},{"@type":"Person","@id":"https:\/\/www.jornalja.com.br\/arquivo\/author\/daredacao\/#author","url":"https:\/\/www.jornalja.com.br\/arquivo\/author\/daredacao\/","name":"da Reda\u00e7\u00e3o","image":{"@type":"ImageObject","@id":"https:\/\/www.jornalja.com.br\/arquivo\/livro-de-ficcao-politica-preve-caos-no-brasil-em-2022\/#authorImage","url":"https:\/\/secure.gravatar.com\/avatar\/469fd857d6605ad19919d27ed29d35a968a25f6e8fd9318356bbb7f57aae9c65?s=96&d=mm&r=g","width":96,"height":96,"caption":"da Reda\u00e7\u00e3o"}},{"@type":"WebPage","@id":"https:\/\/www.jornalja.com.br\/arquivo\/livro-de-ficcao-politica-preve-caos-no-brasil-em-2022\/#webpage","url":"https:\/\/www.jornalja.com.br\/arquivo\/livro-de-ficcao-politica-preve-caos-no-brasil-em-2022\/","name":"Livro de fic\u00e7\u00e3o pol\u00edtica prev\u00ea caos no Brasil em 2022 | Arquivo","inLanguage":"pt-BR","isPartOf":{"@id":"https:\/\/www.jornalja.com.br\/arquivo\/#website"},"breadcrumb":{"@id":"https:\/\/www.jornalja.com.br\/arquivo\/livro-de-ficcao-politica-preve-caos-no-brasil-em-2022\/#breadcrumblist"},"author":{"@id":"https:\/\/www.jornalja.com.br\/arquivo\/author\/daredacao\/#author"},"creator":{"@id":"https:\/\/www.jornalja.com.br\/arquivo\/author\/daredacao\/#author"},"image":{"@type":"ImageObject","url":65020,"@id":"https:\/\/www.jornalja.com.br\/arquivo\/livro-de-ficcao-politica-preve-caos-no-brasil-em-2022\/#mainImage"},"primaryImageOfPage":{"@id":"https:\/\/www.jornalja.com.br\/arquivo\/livro-de-ficcao-politica-preve-caos-no-brasil-em-2022\/#mainImage"},"datePublished":"2018-08-31T11:15:25-03:00","dateModified":"2018-08-31T11:15:25-03:00"},{"@type":"WebSite","@id":"https:\/\/www.jornalja.com.br\/arquivo\/#website","url":"https:\/\/www.jornalja.com.br\/arquivo\/","name":"Arquivo","description":"Jornal J\u00c1 | Porto Alegre","inLanguage":"pt-BR","publisher":{"@id":"https:\/\/www.jornalja.com.br\/arquivo\/#organization"}}]},"og:locale":"pt_BR","og:site_name":"Arquivo | Jornal J\u00c1 | Porto Alegre","og:type":"article","og:title":"Livro de fic\u00e7\u00e3o pol\u00edtica prev\u00ea caos no Brasil em 2022 | Arquivo","og:url":"https:\/\/www.jornalja.com.br\/arquivo\/livro-de-ficcao-politica-preve-caos-no-brasil-em-2022\/","og:image":"https:\/\/www.jornalja.com.br\/economics\/wp-content\/uploads\/sites\/11\/2026\/08\/ja-folhaderosto-facebook.jpg","og:image:secure_url":"https:\/\/www.jornalja.com.br\/economics\/wp-content\/uploads\/sites\/11\/2026\/08\/ja-folhaderosto-facebook.jpg","article:published_time":"2018-08-31T14:15:25+00:00","article:modified_time":"2018-08-31T14:15:25+00:00","twitter:card":"summary","twitter:title":"Livro de fic\u00e7\u00e3o pol\u00edtica prev\u00ea caos no Brasil em 2022 | Arquivo","twitter:image":"https:\/\/www.jornalja.com.br\/economics\/wp-content\/uploads\/sites\/11\/2026\/08\/ja-folhaderosto-facebook.jpg"},"aioseo_meta_data":{"post_id":"65019","title":null,"description":null,"keywords":null,"keyphrases":null,"primary_term":null,"canonical_url":null,"og_title":null,"og_description":null,"og_object_type":"default","og_image_type":"default","og_image_url":null,"og_image_width":null,"og_image_height":null,"og_image_custom_url":null,"og_image_custom_fields":null,"og_video":null,"og_custom_url":null,"og_article_section":null,"og_article_tags":null,"twitter_use_og":false,"twitter_card":"default","twitter_image_type":"default","twitter_image_url":null,"twitter_image_custom_url":null,"twitter_image_custom_fields":null,"twitter_title":null,"twitter_description":null,"schema":{"blockGraphs":[],"customGraphs":[],"default":{"data":{"Article":[],"Course":[],"Dataset":[],"FAQPage":[],"Movie":[],"Person":[],"Product":[],"ProductReview":[],"Car":[],"Recipe":[],"Service":[],"SoftwareApplication":[],"WebPage":[]},"graphName":"","isEnabled":true},"graphs":[],"defaultGraph":"","defaultPostTypeGraph":""},"schema_type":null,"schema_type_options":null,"pillar_content":false,"robots_default":true,"robots_noindex":false,"robots_noarchive":false,"robots_nosnippet":false,"robots_nofollow":false,"robots_noimageindex":false,"robots_noodp":false,"robots_notranslate":false,"robots_max_snippet":null,"robots_max_videopreview":null,"robots_max_imagepreview":"large","priority":null,"frequency":null,"location":null,"local_seo":null,"breadcrumb_settings":null,"limit_modified_date":false,"ai":null,"created":"2020-12-20 20:07:53","updated":"2025-07-20 05:20:20","seo_analyzer_scan_date":null,"focus_keyword":null,"additional_keywords":null,"truseo_locale":null},"jetpack_sharing_enabled":true,"jetpack-related-posts":[{"id":13109,"url":"https:\/\/www.jornalja.com.br\/arquivo\/judiciario-reconhece-poluicao-eletromagnetica\/","url_meta":{"origin":65019,"position":0},"title":"Judici\u00e1rio reconhece polui\u00e7\u00e3o eletromagn\u00e9tica","author":"Patr\u00edcia Marini","date":"16 de maio de 2014","format":false,"excerpt":"A\u00e7\u00e3o de duas associa\u00e7\u00f5es de moradores foi acolhida pelo Tribunal de Justi\u00e7a de S\u00e3o Paulo que. em decis\u00e3o in\u00e9dita, determinou a redu\u00e7\u00e3o do campo eletromagn\u00e9tico gerado pelas linhas de transmiss\u00e3o de energia que cortam os bairros City Boa\u00e7ava e Alto de Pinheiros. \u00c9 a primeira vez que um tribunal do\u2026","rel":"","context":"Em &quot;X.Categorias velhas&quot;","block_context":{"text":"X.Categorias velhas","link":"https:\/\/www.jornalja.com.br\/arquivo\/category\/x-categorias-velhas\/"},"img":{"alt_text":"","src":"","width":0,"height":0},"classes":[]},{"id":13124,"url":"https:\/\/www.jornalja.com.br\/arquivo\/sangue-latino-no-iecine\/","url_meta":{"origin":65019,"position":1},"title":"Sangue latino no IECINE","author":"da Reda\u00e7\u00e3o","date":"18 de maio de 2014","format":false,"excerpt":"Francisco Ribeiro O Instituto Estadual de Cinema (IECINE) tem a frente, desde abril \u00faltimo, um novo diretor, o cineasta colombiano Juan Zapata, 36, que substitui Luiz Alberto Cassol. Radicado h\u00e1 dez anos em Porto Alegre, Zapata tem diante de si o desafio de conduzir at\u00e9 o final do ano um\u2026","rel":"","context":"Em &quot;Cultura-Geral&quot;","block_context":{"text":"Cultura-Geral","link":"https:\/\/www.jornalja.com.br\/arquivo\/category\/materiasecundaria\/"},"img":{"alt_text":"","src":"","width":0,"height":0},"classes":[]},{"id":12960,"url":"https:\/\/www.jornalja.com.br\/arquivo\/populacao-culpa-empresas-pela-greve-dos-rodoviarios\/","url_meta":{"origin":65019,"position":2},"title":"Popula\u00e7\u00e3o culpa empresas pela greve","author":"Patr\u00edcia Marini","date":"14 de fevereiro de 2014","format":false,"excerpt":"Pesquisa divulgada na edi\u00e7\u00e3o do jornal Metro desta sexta-feira,14, comprova o velho ditado: \u00e9 poss\u00edvel enganar muitos por algum tempo, mas n\u00e3o \u00e9 poss\u00edvel enganar a todos o tempo inteiro. A principal revela\u00e7\u00e3o foi que 59,8% dos entrevistados apontaram as empresas como as principais respons\u00e1veis pela grave e 46% culparam\u2026","rel":"","context":"Em &quot;X.Categorias velhas&quot;","block_context":{"text":"X.Categorias velhas","link":"https:\/\/www.jornalja.com.br\/arquivo\/category\/x-categorias-velhas\/"},"img":{"alt_text":"","src":"","width":0,"height":0},"classes":[]},{"id":13101,"url":"https:\/\/www.jornalja.com.br\/arquivo\/morre-um-guerreiro-do-texto\/","url_meta":{"origin":65019,"position":3},"title":"Morre um guerreiro do texto","author":"Patr\u00edcia Marini","date":"14 de maio de 2014","format":false,"excerpt":"Por Ricardo Kotscho Reproduzido do blog do autor, 11\/5\/2014; t\u00edtulo original \u201cE l\u00e1 se foi o nosso Myltainho, guerreiro do texto\u201d. Mi\u00fado e franzino, meu amigo Myltainho era um valente e inconformado guerreiro na luta contra as injusti\u00e7as sociais, a hipocrisia, as maracutaias, o autoritarismo, a intoler\u00e2ncia, a viol\u00eancia, o\u2026","rel":"","context":"Em &quot;Geral&quot;","block_context":{"text":"Geral","link":"https:\/\/www.jornalja.com.br\/arquivo\/category\/geral\/"},"img":{"alt_text":"","src":"","width":0,"height":0},"classes":[]},{"id":1280,"url":"https:\/\/www.jornalja.com.br\/arquivo\/o-menino-que-se-tornou-brizola\/","url_meta":{"origin":65019,"position":4},"title":"O Menino que se Tornou Brizola","author":"da Reda\u00e7\u00e3o","date":"28 de julho de 2008","format":false,"excerpt":"Autor: Cleber Dioni A vida de Leonel Brizola, com \u00eanfase para os primeiros anos em Porto Alegre, at\u00e9 o ex\u00edlio no Uruguai e a volta, quinze anos depois. \u00a0\"...\u00c9ramos todos jovens e nos identific\u00e1vamos com aquela massa an\u00f4nima a percorrer as ruas de Porto Alegre, gritando 'Get\u00falio', 'Get\u00falio' e empunhando\u2026","rel":"","context":"Em &quot;Livros&quot;","block_context":{"text":"Livros","link":"https:\/\/www.jornalja.com.br\/arquivo\/category\/livros\/"},"img":{"alt_text":"","src":"https:\/\/i0.wp.com\/www.jornalja.com.br\/wp-content\/uploads\/2008\/07\/brizola.gif?resize=350%2C200&ssl=1","width":350,"height":200},"classes":[]},{"id":13240,"url":"https:\/\/www.jornalja.com.br\/arquivo\/plano-diretor-estamos-construindo-o-caos\/","url_meta":{"origin":65019,"position":5},"title":"Plano diretor: &quot;Estamos construindo o caos&quot;","author":"Patr\u00edcia Marini","date":"26 de maio de 2014","format":false,"excerpt":"Desabafo que arquiteta Eliana Castilhos, delegada da Regi\u00e3o de Planejamento 1, postou nas redes sociais \u00e9 um testemunho do ambiente que se criou no Conselho do Plano Diretor de Porto Alegre, onde a aprova\u00e7\u00e3o de grandes empreendimentos \u00e9 empurrada guela abaixo dos conselheiros. Ao CMDUA Como delegada da Regi\u00e3o de\u2026","rel":"","context":"Em &quot;Geral&quot;","block_context":{"text":"Geral","link":"https:\/\/www.jornalja.com.br\/arquivo\/category\/geral\/"},"img":{"alt_text":"","src":"","width":0,"height":0},"classes":[]}],"jetpack_shortlink":"https:\/\/wp.me\/pbQjBd-gUH","jetpack_featured_media_url":"","_links":{"self":[{"href":"https:\/\/www.jornalja.com.br\/arquivo\/wp-json\/wp\/v2\/posts\/65019","targetHints":{"allow":["GET"]}}],"collection":[{"href":"https:\/\/www.jornalja.com.br\/arquivo\/wp-json\/wp\/v2\/posts"}],"about":[{"href":"https:\/\/www.jornalja.com.br\/arquivo\/wp-json\/wp\/v2\/types\/post"}],"author":[{"embeddable":true,"href":"https:\/\/www.jornalja.com.br\/arquivo\/wp-json\/wp\/v2\/users\/4"}],"replies":[{"embeddable":true,"href":"https:\/\/www.jornalja.com.br\/arquivo\/wp-json\/wp\/v2\/comments?post=65019"}],"version-history":[{"count":0,"href":"https:\/\/www.jornalja.com.br\/arquivo\/wp-json\/wp\/v2\/posts\/65019\/revisions"}],"wp:attachment":[{"href":"https:\/\/www.jornalja.com.br\/arquivo\/wp-json\/wp\/v2\/media?parent=65019"}],"wp:term":[{"taxonomy":"category","embeddable":true,"href":"https:\/\/www.jornalja.com.br\/arquivo\/wp-json\/wp\/v2\/categories?post=65019"},{"taxonomy":"post_tag","embeddable":true,"href":"https:\/\/www.jornalja.com.br\/arquivo\/wp-json\/wp\/v2\/tags?post=65019"}],"curies":[{"name":"wp","href":"https:\/\/api.w.org\/{rel}","templated":true}]}}