{"id":70487,"date":"2018-10-22T17:52:03","date_gmt":"2018-10-22T20:52:03","guid":{"rendered":"https:\/\/www.jornalja.com.br\/?p=70487"},"modified":"2018-10-22T17:52:03","modified_gmt":"2018-10-22T20:52:03","slug":"quatro-exposicoes-selecionadas-em-edital-ocupam-espaco-de-artes-do-iab-rs","status":"publish","type":"post","link":"https:\/\/www.jornalja.com.br\/arquivo\/quatro-exposicoes-selecionadas-em-edital-ocupam-espaco-de-artes-do-iab-rs\/","title":{"rendered":"Quatro exposi\u00e7\u00f5es selecionadas em edital ocupam espa\u00e7o de artes do IAB\/RS"},"content":{"rendered":"<p>Nessa quarta-feira,dia 24,\u00a0 a partir das 19 horas, o Instituto de Arquitetos do Brasil (IAB\u00a0RS) abre quatro exposi\u00e7\u00f5es de artes visuais selecionadas no edital 2018. Participam da mostra artistas ga\u00fachos que apresentam trabalhos individuais e coletivos. A visita\u00e7\u00e3o \u00e9 gratuita e permanece at\u00e9 o dia 30 de novembro de 2018, das 13h30 \u00e0s 18h00, de segunda \u00e0 sexta-feira, na Galeria do IAB RS, na Rua General Canabarro 363, no Centro Hist\u00f3rico de Porto Alegre.<br \/>\nAs mostras e os artistas s\u00e3o:<br \/>\n<strong>ENTRE DOIS<\/strong><br \/>\n<em>Caroline Veilson\u00a0<\/em><br \/>\nNessa s\u00e9rie de gravuras, Caroline Veilson trabalha com objetos do seu conv\u00edvio di\u00e1rio, a fim de ressignific\u00e1-los atrav\u00e9s da gravura. S\u00e3o os rastros, a mem\u00f3ria do utens\u00edlio, que se fundem em um resultado est\u00e9tico e experimental. Ela apresenta\u00a0alguns resultados da sua pesquisa em gravura, envolvendo a t\u00e9cnica da litografia waterless, feita com matrizes reaproveitadas de placas offset, e tamb\u00e9m a manufatura do papel como suporte para as imagens.<br \/>\n<figure id=\"attachment_70490\" aria-describedby=\"caption-attachment-70490\" style=\"width: 450px\" class=\"wp-caption alignnone\"><img loading=\"lazy\" decoding=\"async\" class=\"size-medium wp-image-70490\" src=\"https:\/\/www.jornalja.com.br\/wp-content\/uploads\/2018\/10\/exposi\u00e7\u00e3o-Luci-Sgorla-_-IAB-450x253.jpg\" alt=\"\" width=\"450\" height=\"253\" \/><figcaption id=\"caption-attachment-70490\" class=\"wp-caption-text\">Obra de Luci Sgorla . Foto: Divulga\u00e7\u00e3o<\/figcaption><\/figure><br \/>\n<strong>QUAL ARTE \u00c9 LIVRE?<\/strong><br \/>\n<em>Grupo Insubmiss\u00f5es: Adela B\u00e1lsamo Armando, Ana Rocha, Anderson Neves, F\u00e1tima Pinto, Leonardo Loureiro, Louise Soares, Lucca Curtolo, Luci Sgorla, Paula Ruszkowski, Roberta Agostini, Sandro Bellor\u00edni, Soraya Girotto, Taila Idzi<\/em>.<br \/>\nA exposi\u00e7\u00e3o coletiva do grupo Insubmiss\u00f5es \u00e9 uma metamorfose colocando que toda pergunta merece resposta. Com pluralidade, o grupo se expressa como se ra\u00edzes surgissem brotando da parede ao encontro de todos, abra\u00e7ando-os, respeitando cada um, envolvendo-os com a aura que s\u00f3 a arte promove. A arte \u00e9 livre quando? Quando ganha um sim ou n\u00e3o? Quando transcende? Quando \u00e9 \u00f3bvia? Quando causa pol\u00eamica ou \u00e9 indiferente? Quando transforma? A urna tem a resposta exata ou \u00e9 apenas uma orienta\u00e7\u00e3o para onde devemos ir? O Insubmiss\u00f5es tem por caracter\u00edstica trabalhar com encontros, possibilidades, investiga\u00e7\u00f5es, pot\u00eancias, tens\u00f5es, identidades, di\u00e1logos, rupturas, rela\u00e7\u00f5es, curiosidades e liberdade. Esse grupo \u00e9 livre? Tudo prov\u00e9m de uma urna? Insubmiss\u00f5es responder\u00e1.<br \/>\n<figure id=\"attachment_70492\" aria-describedby=\"caption-attachment-70492\" style=\"width: 300px\" class=\"wp-caption alignnone\"><img loading=\"lazy\" decoding=\"async\" class=\"size-medium wp-image-70492\" src=\"https:\/\/www.jornalja.com.br\/wp-content\/uploads\/2018\/10\/exposi\u00e7\u00e3o-Antonio-Mainieri-_-IAB-300x450.jpg\" alt=\"\" width=\"300\" height=\"450\" \/><figcaption id=\"caption-attachment-70492\" class=\"wp-caption-text\">Obra Antonio Mainieri _. Foto; Divulga\u00e7\u00e3o<\/figcaption><\/figure><br \/>\n<strong>S\u00d3LIDO<\/strong><br \/>\n<em>Antonio Mainieri<\/em><br \/>\n<em>(Curadoria Caroline H\u00e4drich<\/em>)<br \/>\nA \u00a0obra evidencia o resultado do processo de verticaliza\u00e7\u00e3o do centro da capital ga\u00facha que se mostra vis\u00edvel em seus espa\u00e7os com caracter\u00edsticas residuais, de uso indefinido. Jogos de fachadas compostas por grandes paredes cegas e antigas constru\u00e7\u00f5es, que aguardam arranha-c\u00e9us vizinhos que nunca foram e talvez nunca ser\u00e3o constru\u00eddos, restam como duros planos chapados, carregados de manchas do tempo. Atrav\u00e9s de imagens que podem ser identificadas como \u201canti-postais\u201d, Antonio Mainieri desvenda o reverso invis\u00edvel do cotidiano das cidades quase secretas contidas nas entranhas do bairro.<br \/>\n<figure id=\"attachment_70491\" aria-describedby=\"caption-attachment-70491\" style=\"width: 300px\" class=\"wp-caption alignnone\"><img loading=\"lazy\" decoding=\"async\" class=\"size-medium wp-image-70491\" src=\"https:\/\/www.jornalja.com.br\/wp-content\/uploads\/2018\/10\/exposi\u00e7\u00e3o-Ricardo-Aguiar-_-IAB-300x450.jpg\" alt=\"\" width=\"300\" height=\"450\" \/><figcaption id=\"caption-attachment-70491\" class=\"wp-caption-text\">Obra de Ricardo Aguiar. Foto: Divulga\u00e7\u00e3o<\/figcaption><\/figure><br \/>\n<strong>CORPO VAZADO<\/strong><br \/>\n<em>Ricardo Aguiar\u00a0<\/em><br \/>\n&nbsp;<br \/>\nO\u00a0trabalho do escultor Ricardo Aguiar em exposi\u00e7\u00e3o na Galeria do IAB RS demonstra a busca do artista em aprofundar-se nas possibilidades que a pedra permite, atrav\u00e9s da sua percep\u00e7\u00e3o como ser sens\u00edvel. Aguiar refor\u00e7a que a express\u00e3o art\u00edstica depende de uma sinceridade profunda, e ao interferir na estrutura busca o lado de fora que pode existir internamente.<br \/>\n&nbsp;<br \/>\n&nbsp;<br \/>\n&nbsp;<\/p>\n<table>\n<tbody>\n<tr>\n<td><\/td>\n<td>Livre de v\u00edrus.\u00a0<a href=\"http:\/\/www.avast.com\/sig-email?utm_medium=email&amp;utm_source=link&amp;utm_campaign=sig-email&amp;utm_content=emailclient\" data-saferedirecturl=\"http:\/\/www.google.com\/url?q=http:\/\/www.avast.com\/sig-email?utm_medium%3Demail%26utm_source%3Dlink%26utm_campaign%3Dsig-email%26utm_content%3Demailclient&amp;source=gmail&amp;ust=1540315313697000&amp;usg=AFQjCNEE45sE79jYyu-lluaLwXpRRbnD7w\">www.avast.com<\/a>.<\/td>\n<\/tr>\n<\/tbody>\n<\/table>\n","protected":false},"excerpt":{"rendered":"<p>Nessa quarta-feira,dia 24,\u00a0 a partir das 19 horas, o Instituto de Arquitetos do Brasil (IAB\u00a0RS) abre quatro exposi\u00e7\u00f5es de artes visuais selecionadas no edital 2018. Participam da mostra artistas ga\u00fachos que apresentam trabalhos individuais e coletivos. A visita\u00e7\u00e3o \u00e9 gratuita e permanece at\u00e9 o dia 30 de novembro de 2018, das 13h30 \u00e0s 18h00, de [&hellip;]<\/p>\n","protected":false},"author":4,"featured_media":70489,"comment_status":"open","ping_status":"closed","sticky":false,"template":"","format":"standard","meta":{"_jetpack_newsletter_access":"","_jetpack_dont_email_post_to_subs":false,"_jetpack_newsletter_tier_id":0,"_jetpack_memberships_contains_paywalled_content":false,"_jetpack_feature_clip_id":0,"_jetpack_memberships_contains_paid_content":false,"footnotes":"","jetpack_post_was_ever_published":false},"categories":[11],"tags":[],"class_list":["post-70487","post","type-post","status-publish","format-standard","has-post-thumbnail","hentry","category-materiasecundaria"],"aioseo_notices":[],"aioseo_head":"\n\t\t<!-- All in One SEO 5.0.1.1 - aioseo.com -->\n\t<meta name=\"robots\" content=\"max-image-preview:large\" \/>\n\t<meta name=\"author\" content=\"da Reda\u00e7\u00e3o\"\/>\n\t<link rel=\"canonical\" href=\"https:\/\/www.jornalja.com.br\/arquivo\/quatro-exposicoes-selecionadas-em-edital-ocupam-espaco-de-artes-do-iab-rs\/\" \/>\n\t<meta name=\"generator\" content=\"All in One SEO (AIOSEO) 5.0.1.1\" \/>\n\t\t<meta property=\"og:locale\" content=\"pt_BR\" \/>\n\t\t<meta property=\"og:site_name\" content=\"Arquivo | Jornal J\u00c1 | Porto Alegre\" \/>\n\t\t<meta property=\"og:type\" content=\"article\" \/>\n\t\t<meta property=\"og:title\" content=\"Quatro exposi\u00e7\u00f5es selecionadas em edital ocupam espa\u00e7o de artes do IAB\/RS | Arquivo\" \/>\n\t\t<meta property=\"og:url\" content=\"https:\/\/www.jornalja.com.br\/arquivo\/quatro-exposicoes-selecionadas-em-edital-ocupam-espaco-de-artes-do-iab-rs\/\" \/>\n\t\t<meta property=\"og:image\" content=\"https:\/\/www.jornalja.com.br\/wp-content\/uploads\/2018\/10\/exposi\u00e7\u00e3o-Luci-Sgorla-_-IAB-450x253.jpg\" \/>\n\t\t<meta property=\"og:image:secure_url\" content=\"https:\/\/www.jornalja.com.br\/wp-content\/uploads\/2018\/10\/exposi\u00e7\u00e3o-Luci-Sgorla-_-IAB-450x253.jpg\" \/>\n\t\t<meta property=\"article:published_time\" content=\"2018-10-22T20:52:03+00:00\" \/>\n\t\t<meta property=\"article:modified_time\" content=\"2018-10-22T20:52:03+00:00\" \/>\n\t\t<meta name=\"twitter:card\" content=\"summary\" \/>\n\t\t<meta name=\"twitter:title\" content=\"Quatro exposi\u00e7\u00f5es selecionadas em edital ocupam espa\u00e7o de artes do IAB\/RS | Arquivo\" \/>\n\t\t<meta name=\"twitter:image\" content=\"https:\/\/www.jornalja.com.br\/economics\/wp-content\/uploads\/sites\/11\/2026\/08\/ja-folhaderosto-facebook.jpg\" \/>\n\t\t<script type=\"application\/ld+json\" class=\"aioseo-schema\">\n\t\t\t{\"@context\":\"https:\\\/\\\/schema.org\",\"@graph\":[{\"@type\":\"BlogPosting\",\"@id\":\"https:\\\/\\\/www.jornalja.com.br\\\/arquivo\\\/quatro-exposicoes-selecionadas-em-edital-ocupam-espaco-de-artes-do-iab-rs\\\/#blogposting\",\"name\":\"Quatro exposi\\u00e7\\u00f5es selecionadas em edital ocupam espa\\u00e7o de artes do IAB\\\/RS | Arquivo\",\"headline\":\"Quatro exposi\\u00e7\\u00f5es selecionadas em edital ocupam espa\\u00e7o de artes do IAB\\\/RS\",\"author\":{\"@id\":\"https:\\\/\\\/www.jornalja.com.br\\\/arquivo\\\/author\\\/daredacao\\\/#author\"},\"publisher\":{\"@id\":\"https:\\\/\\\/www.jornalja.com.br\\\/arquivo\\\/#organization\"},\"image\":{\"@type\":\"ImageObject\",\"url\":70489},\"datePublished\":\"2018-10-22T17:52:03-03:00\",\"dateModified\":\"2018-10-22T17:52:03-03:00\",\"inLanguage\":\"pt-BR\",\"mainEntityOfPage\":{\"@id\":\"https:\\\/\\\/www.jornalja.com.br\\\/arquivo\\\/quatro-exposicoes-selecionadas-em-edital-ocupam-espaco-de-artes-do-iab-rs\\\/#webpage\"},\"isPartOf\":{\"@id\":\"https:\\\/\\\/www.jornalja.com.br\\\/arquivo\\\/quatro-exposicoes-selecionadas-em-edital-ocupam-espaco-de-artes-do-iab-rs\\\/#webpage\"},\"articleSection\":\"Cultura-Geral\"},{\"@type\":\"BreadcrumbList\",\"@id\":\"https:\\\/\\\/www.jornalja.com.br\\\/arquivo\\\/quatro-exposicoes-selecionadas-em-edital-ocupam-espaco-de-artes-do-iab-rs\\\/#breadcrumblist\",\"itemListElement\":[{\"@type\":\"ListItem\",\"@id\":\"https:\\\/\\\/www.jornalja.com.br\\\/arquivo#listItem\",\"position\":1,\"name\":\"Home\",\"item\":\"https:\\\/\\\/www.jornalja.com.br\\\/arquivo\",\"nextItem\":{\"@type\":\"ListItem\",\"@id\":\"https:\\\/\\\/www.jornalja.com.br\\\/arquivo\\\/category\\\/materiasecundaria\\\/#listItem\",\"name\":\"Cultura-Geral\"}},{\"@type\":\"ListItem\",\"@id\":\"https:\\\/\\\/www.jornalja.com.br\\\/arquivo\\\/category\\\/materiasecundaria\\\/#listItem\",\"position\":2,\"name\":\"Cultura-Geral\",\"item\":\"https:\\\/\\\/www.jornalja.com.br\\\/arquivo\\\/category\\\/materiasecundaria\\\/\",\"nextItem\":{\"@type\":\"ListItem\",\"@id\":\"https:\\\/\\\/www.jornalja.com.br\\\/arquivo\\\/quatro-exposicoes-selecionadas-em-edital-ocupam-espaco-de-artes-do-iab-rs\\\/#listItem\",\"name\":\"Quatro exposi\\u00e7\\u00f5es selecionadas em edital ocupam espa\\u00e7o de artes do IAB\\\/RS\"},\"previousItem\":{\"@type\":\"ListItem\",\"@id\":\"https:\\\/\\\/www.jornalja.com.br\\\/arquivo#listItem\",\"name\":\"Home\"}},{\"@type\":\"ListItem\",\"@id\":\"https:\\\/\\\/www.jornalja.com.br\\\/arquivo\\\/quatro-exposicoes-selecionadas-em-edital-ocupam-espaco-de-artes-do-iab-rs\\\/#listItem\",\"position\":3,\"name\":\"Quatro exposi\\u00e7\\u00f5es selecionadas em edital ocupam espa\\u00e7o de artes do IAB\\\/RS\",\"previousItem\":{\"@type\":\"ListItem\",\"@id\":\"https:\\\/\\\/www.jornalja.com.br\\\/arquivo\\\/category\\\/materiasecundaria\\\/#listItem\",\"name\":\"Cultura-Geral\"}}]},{\"@type\":\"Organization\",\"@id\":\"https:\\\/\\\/www.jornalja.com.br\\\/arquivo\\\/#organization\",\"name\":\"Jornal J\\u00c1\",\"description\":\"Jornal J\\u00c1 | Porto Alegre\",\"url\":\"https:\\\/\\\/www.jornalja.com.br\\\/arquivo\\\/\",\"telephone\":\"+555133307272\",\"logo\":{\"@type\":\"ImageObject\",\"url\":\"https:\\\/\\\/www.jornalja.com.br\\\/wp-content\\\/uploads\\\/cards\\\/JAslogan.png\",\"@id\":\"https:\\\/\\\/www.jornalja.com.br\\\/arquivo\\\/quatro-exposicoes-selecionadas-em-edital-ocupam-espaco-de-artes-do-iab-rs\\\/#organizationLogo\"},\"image\":{\"@id\":\"https:\\\/\\\/www.jornalja.com.br\\\/arquivo\\\/quatro-exposicoes-selecionadas-em-edital-ocupam-espaco-de-artes-do-iab-rs\\\/#organizationLogo\"}},{\"@type\":\"Person\",\"@id\":\"https:\\\/\\\/www.jornalja.com.br\\\/arquivo\\\/author\\\/daredacao\\\/#author\",\"url\":\"https:\\\/\\\/www.jornalja.com.br\\\/arquivo\\\/author\\\/daredacao\\\/\",\"name\":\"da Reda\\u00e7\\u00e3o\",\"image\":{\"@type\":\"ImageObject\",\"@id\":\"https:\\\/\\\/www.jornalja.com.br\\\/arquivo\\\/quatro-exposicoes-selecionadas-em-edital-ocupam-espaco-de-artes-do-iab-rs\\\/#authorImage\",\"url\":\"https:\\\/\\\/secure.gravatar.com\\\/avatar\\\/469fd857d6605ad19919d27ed29d35a968a25f6e8fd9318356bbb7f57aae9c65?s=96&d=mm&r=g\",\"width\":96,\"height\":96,\"caption\":\"da Reda\\u00e7\\u00e3o\"}},{\"@type\":\"WebPage\",\"@id\":\"https:\\\/\\\/www.jornalja.com.br\\\/arquivo\\\/quatro-exposicoes-selecionadas-em-edital-ocupam-espaco-de-artes-do-iab-rs\\\/#webpage\",\"url\":\"https:\\\/\\\/www.jornalja.com.br\\\/arquivo\\\/quatro-exposicoes-selecionadas-em-edital-ocupam-espaco-de-artes-do-iab-rs\\\/\",\"name\":\"Quatro exposi\\u00e7\\u00f5es selecionadas em edital ocupam espa\\u00e7o de artes do IAB\\\/RS | Arquivo\",\"inLanguage\":\"pt-BR\",\"isPartOf\":{\"@id\":\"https:\\\/\\\/www.jornalja.com.br\\\/arquivo\\\/#website\"},\"breadcrumb\":{\"@id\":\"https:\\\/\\\/www.jornalja.com.br\\\/arquivo\\\/quatro-exposicoes-selecionadas-em-edital-ocupam-espaco-de-artes-do-iab-rs\\\/#breadcrumblist\"},\"author\":{\"@id\":\"https:\\\/\\\/www.jornalja.com.br\\\/arquivo\\\/author\\\/daredacao\\\/#author\"},\"creator\":{\"@id\":\"https:\\\/\\\/www.jornalja.com.br\\\/arquivo\\\/author\\\/daredacao\\\/#author\"},\"image\":{\"@type\":\"ImageObject\",\"url\":70489,\"@id\":\"https:\\\/\\\/www.jornalja.com.br\\\/arquivo\\\/quatro-exposicoes-selecionadas-em-edital-ocupam-espaco-de-artes-do-iab-rs\\\/#mainImage\"},\"primaryImageOfPage\":{\"@id\":\"https:\\\/\\\/www.jornalja.com.br\\\/arquivo\\\/quatro-exposicoes-selecionadas-em-edital-ocupam-espaco-de-artes-do-iab-rs\\\/#mainImage\"},\"datePublished\":\"2018-10-22T17:52:03-03:00\",\"dateModified\":\"2018-10-22T17:52:03-03:00\"},{\"@type\":\"WebSite\",\"@id\":\"https:\\\/\\\/www.jornalja.com.br\\\/arquivo\\\/#website\",\"url\":\"https:\\\/\\\/www.jornalja.com.br\\\/arquivo\\\/\",\"name\":\"Arquivo\",\"description\":\"Jornal J\\u00c1 | Porto Alegre\",\"inLanguage\":\"pt-BR\",\"publisher\":{\"@id\":\"https:\\\/\\\/www.jornalja.com.br\\\/arquivo\\\/#organization\"}}]}\n\t\t<\/script>\n\t\t<!-- All in One SEO -->\n\n","aioseo_head_json":{"title":"Quatro exposi\u00e7\u00f5es selecionadas em edital ocupam espa\u00e7o de artes do IAB\/RS | Arquivo","description":"","canonical_url":"https:\/\/www.jornalja.com.br\/arquivo\/quatro-exposicoes-selecionadas-em-edital-ocupam-espaco-de-artes-do-iab-rs\/","robots":"max-image-preview:large","keywords":"","webmasterTools":{"miscellaneous":""},"schema":{"@context":"https:\/\/schema.org","@graph":[{"@type":"BlogPosting","@id":"https:\/\/www.jornalja.com.br\/arquivo\/quatro-exposicoes-selecionadas-em-edital-ocupam-espaco-de-artes-do-iab-rs\/#blogposting","name":"Quatro exposi\u00e7\u00f5es selecionadas em edital ocupam espa\u00e7o de artes do IAB\/RS | Arquivo","headline":"Quatro exposi\u00e7\u00f5es selecionadas em edital ocupam espa\u00e7o de artes do IAB\/RS","author":{"@id":"https:\/\/www.jornalja.com.br\/arquivo\/author\/daredacao\/#author"},"publisher":{"@id":"https:\/\/www.jornalja.com.br\/arquivo\/#organization"},"image":{"@type":"ImageObject","url":70489},"datePublished":"2018-10-22T17:52:03-03:00","dateModified":"2018-10-22T17:52:03-03:00","inLanguage":"pt-BR","mainEntityOfPage":{"@id":"https:\/\/www.jornalja.com.br\/arquivo\/quatro-exposicoes-selecionadas-em-edital-ocupam-espaco-de-artes-do-iab-rs\/#webpage"},"isPartOf":{"@id":"https:\/\/www.jornalja.com.br\/arquivo\/quatro-exposicoes-selecionadas-em-edital-ocupam-espaco-de-artes-do-iab-rs\/#webpage"},"articleSection":"Cultura-Geral"},{"@type":"BreadcrumbList","@id":"https:\/\/www.jornalja.com.br\/arquivo\/quatro-exposicoes-selecionadas-em-edital-ocupam-espaco-de-artes-do-iab-rs\/#breadcrumblist","itemListElement":[{"@type":"ListItem","@id":"https:\/\/www.jornalja.com.br\/arquivo#listItem","position":1,"name":"Home","item":"https:\/\/www.jornalja.com.br\/arquivo","nextItem":{"@type":"ListItem","@id":"https:\/\/www.jornalja.com.br\/arquivo\/category\/materiasecundaria\/#listItem","name":"Cultura-Geral"}},{"@type":"ListItem","@id":"https:\/\/www.jornalja.com.br\/arquivo\/category\/materiasecundaria\/#listItem","position":2,"name":"Cultura-Geral","item":"https:\/\/www.jornalja.com.br\/arquivo\/category\/materiasecundaria\/","nextItem":{"@type":"ListItem","@id":"https:\/\/www.jornalja.com.br\/arquivo\/quatro-exposicoes-selecionadas-em-edital-ocupam-espaco-de-artes-do-iab-rs\/#listItem","name":"Quatro exposi\u00e7\u00f5es selecionadas em edital ocupam espa\u00e7o de artes do IAB\/RS"},"previousItem":{"@type":"ListItem","@id":"https:\/\/www.jornalja.com.br\/arquivo#listItem","name":"Home"}},{"@type":"ListItem","@id":"https:\/\/www.jornalja.com.br\/arquivo\/quatro-exposicoes-selecionadas-em-edital-ocupam-espaco-de-artes-do-iab-rs\/#listItem","position":3,"name":"Quatro exposi\u00e7\u00f5es selecionadas em edital ocupam espa\u00e7o de artes do IAB\/RS","previousItem":{"@type":"ListItem","@id":"https:\/\/www.jornalja.com.br\/arquivo\/category\/materiasecundaria\/#listItem","name":"Cultura-Geral"}}]},{"@type":"Organization","@id":"https:\/\/www.jornalja.com.br\/arquivo\/#organization","name":"Jornal J\u00c1","description":"Jornal J\u00c1 | Porto Alegre","url":"https:\/\/www.jornalja.com.br\/arquivo\/","telephone":"+555133307272","logo":{"@type":"ImageObject","url":"https:\/\/www.jornalja.com.br\/wp-content\/uploads\/cards\/JAslogan.png","@id":"https:\/\/www.jornalja.com.br\/arquivo\/quatro-exposicoes-selecionadas-em-edital-ocupam-espaco-de-artes-do-iab-rs\/#organizationLogo"},"image":{"@id":"https:\/\/www.jornalja.com.br\/arquivo\/quatro-exposicoes-selecionadas-em-edital-ocupam-espaco-de-artes-do-iab-rs\/#organizationLogo"}},{"@type":"Person","@id":"https:\/\/www.jornalja.com.br\/arquivo\/author\/daredacao\/#author","url":"https:\/\/www.jornalja.com.br\/arquivo\/author\/daredacao\/","name":"da Reda\u00e7\u00e3o","image":{"@type":"ImageObject","@id":"https:\/\/www.jornalja.com.br\/arquivo\/quatro-exposicoes-selecionadas-em-edital-ocupam-espaco-de-artes-do-iab-rs\/#authorImage","url":"https:\/\/secure.gravatar.com\/avatar\/469fd857d6605ad19919d27ed29d35a968a25f6e8fd9318356bbb7f57aae9c65?s=96&d=mm&r=g","width":96,"height":96,"caption":"da Reda\u00e7\u00e3o"}},{"@type":"WebPage","@id":"https:\/\/www.jornalja.com.br\/arquivo\/quatro-exposicoes-selecionadas-em-edital-ocupam-espaco-de-artes-do-iab-rs\/#webpage","url":"https:\/\/www.jornalja.com.br\/arquivo\/quatro-exposicoes-selecionadas-em-edital-ocupam-espaco-de-artes-do-iab-rs\/","name":"Quatro exposi\u00e7\u00f5es selecionadas em edital ocupam espa\u00e7o de artes do IAB\/RS | Arquivo","inLanguage":"pt-BR","isPartOf":{"@id":"https:\/\/www.jornalja.com.br\/arquivo\/#website"},"breadcrumb":{"@id":"https:\/\/www.jornalja.com.br\/arquivo\/quatro-exposicoes-selecionadas-em-edital-ocupam-espaco-de-artes-do-iab-rs\/#breadcrumblist"},"author":{"@id":"https:\/\/www.jornalja.com.br\/arquivo\/author\/daredacao\/#author"},"creator":{"@id":"https:\/\/www.jornalja.com.br\/arquivo\/author\/daredacao\/#author"},"image":{"@type":"ImageObject","url":70489,"@id":"https:\/\/www.jornalja.com.br\/arquivo\/quatro-exposicoes-selecionadas-em-edital-ocupam-espaco-de-artes-do-iab-rs\/#mainImage"},"primaryImageOfPage":{"@id":"https:\/\/www.jornalja.com.br\/arquivo\/quatro-exposicoes-selecionadas-em-edital-ocupam-espaco-de-artes-do-iab-rs\/#mainImage"},"datePublished":"2018-10-22T17:52:03-03:00","dateModified":"2018-10-22T17:52:03-03:00"},{"@type":"WebSite","@id":"https:\/\/www.jornalja.com.br\/arquivo\/#website","url":"https:\/\/www.jornalja.com.br\/arquivo\/","name":"Arquivo","description":"Jornal J\u00c1 | Porto Alegre","inLanguage":"pt-BR","publisher":{"@id":"https:\/\/www.jornalja.com.br\/arquivo\/#organization"}}]},"og:locale":"pt_BR","og:site_name":"Arquivo | Jornal J\u00c1 | Porto Alegre","og:type":"article","og:title":"Quatro exposi\u00e7\u00f5es selecionadas em edital ocupam espa\u00e7o de artes do IAB\/RS | Arquivo","og:url":"https:\/\/www.jornalja.com.br\/arquivo\/quatro-exposicoes-selecionadas-em-edital-ocupam-espaco-de-artes-do-iab-rs\/","og:image":"https:\/\/www.jornalja.com.br\/wp-content\/uploads\/2018\/10\/exposi\u00e7\u00e3o-Luci-Sgorla-_-IAB-450x253.jpg","og:image:secure_url":"https:\/\/www.jornalja.com.br\/wp-content\/uploads\/2018\/10\/exposi\u00e7\u00e3o-Luci-Sgorla-_-IAB-450x253.jpg","article:published_time":"2018-10-22T20:52:03+00:00","article:modified_time":"2018-10-22T20:52:03+00:00","twitter:card":"summary","twitter:title":"Quatro exposi\u00e7\u00f5es selecionadas em edital ocupam espa\u00e7o de artes do IAB\/RS | Arquivo","twitter:image":"https:\/\/www.jornalja.com.br\/economics\/wp-content\/uploads\/sites\/11\/2026\/08\/ja-folhaderosto-facebook.jpg"},"aioseo_meta_data":{"post_id":"70487","title":null,"description":null,"keywords":null,"keyphrases":null,"primary_term":null,"canonical_url":null,"og_title":null,"og_description":null,"og_object_type":"default","og_image_type":"default","og_image_url":null,"og_image_width":null,"og_image_height":null,"og_image_custom_url":null,"og_image_custom_fields":null,"og_video":null,"og_custom_url":null,"og_article_section":null,"og_article_tags":null,"twitter_use_og":false,"twitter_card":"default","twitter_image_type":"default","twitter_image_url":null,"twitter_image_custom_url":null,"twitter_image_custom_fields":null,"twitter_title":null,"twitter_description":null,"schema":{"blockGraphs":[],"customGraphs":[],"default":{"data":{"Article":[],"Course":[],"Dataset":[],"FAQPage":[],"Movie":[],"Person":[],"Product":[],"ProductReview":[],"Car":[],"Recipe":[],"Service":[],"SoftwareApplication":[],"WebPage":[]},"graphName":"","isEnabled":true},"graphs":[],"defaultGraph":"","defaultPostTypeGraph":""},"schema_type":null,"schema_type_options":null,"pillar_content":false,"robots_default":true,"robots_noindex":false,"robots_noarchive":false,"robots_nosnippet":false,"robots_nofollow":false,"robots_noimageindex":false,"robots_noodp":false,"robots_notranslate":false,"robots_max_snippet":null,"robots_max_videopreview":null,"robots_max_imagepreview":"large","priority":null,"frequency":null,"location":null,"local_seo":null,"breadcrumb_settings":null,"limit_modified_date":false,"ai":null,"created":"2020-12-20 20:05:59","updated":"2025-07-20 06:02:13","seo_analyzer_scan_date":null,"focus_keyword":null,"additional_keywords":null,"truseo_locale":null},"jetpack_sharing_enabled":true,"jetpack-related-posts":[{"id":13124,"url":"https:\/\/www.jornalja.com.br\/arquivo\/sangue-latino-no-iecine\/","url_meta":{"origin":70487,"position":0},"title":"Sangue latino no IECINE","author":"da Reda\u00e7\u00e3o","date":"18 de maio de 2014","format":false,"excerpt":"Francisco Ribeiro O Instituto Estadual de Cinema (IECINE) tem a frente, desde abril \u00faltimo, um novo diretor, o cineasta colombiano Juan Zapata, 36, que substitui Luiz Alberto Cassol. Radicado h\u00e1 dez anos em Porto Alegre, Zapata tem diante de si o desafio de conduzir at\u00e9 o final do ano um\u2026","rel":"","context":"Em &quot;Cultura-Geral&quot;","block_context":{"text":"Cultura-Geral","link":"https:\/\/www.jornalja.com.br\/arquivo\/category\/materiasecundaria\/"},"img":{"alt_text":"","src":"","width":0,"height":0},"classes":[]},{"id":12960,"url":"https:\/\/www.jornalja.com.br\/arquivo\/populacao-culpa-empresas-pela-greve-dos-rodoviarios\/","url_meta":{"origin":70487,"position":1},"title":"Popula\u00e7\u00e3o culpa empresas pela greve","author":"Patr\u00edcia Marini","date":"14 de fevereiro de 2014","format":false,"excerpt":"Pesquisa divulgada na edi\u00e7\u00e3o do jornal Metro desta sexta-feira,14, comprova o velho ditado: \u00e9 poss\u00edvel enganar muitos por algum tempo, mas n\u00e3o \u00e9 poss\u00edvel enganar a todos o tempo inteiro. A principal revela\u00e7\u00e3o foi que 59,8% dos entrevistados apontaram as empresas como as principais respons\u00e1veis pela grave e 46% culparam\u2026","rel":"","context":"Em &quot;X.Categorias velhas&quot;","block_context":{"text":"X.Categorias velhas","link":"https:\/\/www.jornalja.com.br\/arquivo\/category\/x-categorias-velhas\/"},"img":{"alt_text":"","src":"","width":0,"height":0},"classes":[]},{"id":14241,"url":"https:\/\/www.jornalja.com.br\/arquivo\/o-guaiba-nas-imagens-poeticas-de-achutti\/","url_meta":{"origin":70487,"position":2},"title":"O Gua\u00edba nas imagens po\u00e9ticas de Achutti","author":"da Reda\u00e7\u00e3o","date":"18 de junho de 2014","format":false,"excerpt":"Em \u201cO Gua\u00edba por Achutti\u201d \u2013 obra financiada via Minist\u00e9rio da Cultura, produ\u00e7\u00e3o executiva de Pedro Longhi, e Fl\u00e1vio Wild como designer \u2013, o fot\u00f3grafo revela a beleza e as mazelas de um espa\u00e7o aqu\u00e1tico de \u00e1guas sempre renovadas, cheio de hist\u00f3rias e lendas como as das cidades que foram\u2026","rel":"","context":"Em &quot;Cultura-Geral&quot;","block_context":{"text":"Cultura-Geral","link":"https:\/\/www.jornalja.com.br\/arquivo\/category\/materiasecundaria\/"},"img":{"alt_text":"","src":"","width":0,"height":0},"classes":[]},{"id":13109,"url":"https:\/\/www.jornalja.com.br\/arquivo\/judiciario-reconhece-poluicao-eletromagnetica\/","url_meta":{"origin":70487,"position":3},"title":"Judici\u00e1rio reconhece polui\u00e7\u00e3o eletromagn\u00e9tica","author":"Patr\u00edcia Marini","date":"16 de maio de 2014","format":false,"excerpt":"A\u00e7\u00e3o de duas associa\u00e7\u00f5es de moradores foi acolhida pelo Tribunal de Justi\u00e7a de S\u00e3o Paulo que. em decis\u00e3o in\u00e9dita, determinou a redu\u00e7\u00e3o do campo eletromagn\u00e9tico gerado pelas linhas de transmiss\u00e3o de energia que cortam os bairros City Boa\u00e7ava e Alto de Pinheiros. \u00c9 a primeira vez que um tribunal do\u2026","rel":"","context":"Em &quot;X.Categorias velhas&quot;","block_context":{"text":"X.Categorias velhas","link":"https:\/\/www.jornalja.com.br\/arquivo\/category\/x-categorias-velhas\/"},"img":{"alt_text":"","src":"","width":0,"height":0},"classes":[]},{"id":13101,"url":"https:\/\/www.jornalja.com.br\/arquivo\/morre-um-guerreiro-do-texto\/","url_meta":{"origin":70487,"position":4},"title":"Morre um guerreiro do texto","author":"Patr\u00edcia Marini","date":"14 de maio de 2014","format":false,"excerpt":"Por Ricardo Kotscho Reproduzido do blog do autor, 11\/5\/2014; t\u00edtulo original \u201cE l\u00e1 se foi o nosso Myltainho, guerreiro do texto\u201d. Mi\u00fado e franzino, meu amigo Myltainho era um valente e inconformado guerreiro na luta contra as injusti\u00e7as sociais, a hipocrisia, as maracutaias, o autoritarismo, a intoler\u00e2ncia, a viol\u00eancia, o\u2026","rel":"","context":"Em &quot;Geral&quot;","block_context":{"text":"Geral","link":"https:\/\/www.jornalja.com.br\/arquivo\/category\/geral\/"},"img":{"alt_text":"","src":"","width":0,"height":0},"classes":[]},{"id":13240,"url":"https:\/\/www.jornalja.com.br\/arquivo\/plano-diretor-estamos-construindo-o-caos\/","url_meta":{"origin":70487,"position":5},"title":"Plano diretor: &quot;Estamos construindo o caos&quot;","author":"Patr\u00edcia Marini","date":"26 de maio de 2014","format":false,"excerpt":"Desabafo que arquiteta Eliana Castilhos, delegada da Regi\u00e3o de Planejamento 1, postou nas redes sociais \u00e9 um testemunho do ambiente que se criou no Conselho do Plano Diretor de Porto Alegre, onde a aprova\u00e7\u00e3o de grandes empreendimentos \u00e9 empurrada guela abaixo dos conselheiros. Ao CMDUA Como delegada da Regi\u00e3o de\u2026","rel":"","context":"Em &quot;Geral&quot;","block_context":{"text":"Geral","link":"https:\/\/www.jornalja.com.br\/arquivo\/category\/geral\/"},"img":{"alt_text":"","src":"","width":0,"height":0},"classes":[]}],"jetpack_shortlink":"https:\/\/wp.me\/pbQjBd-ikT","jetpack_featured_media_url":"","_links":{"self":[{"href":"https:\/\/www.jornalja.com.br\/arquivo\/wp-json\/wp\/v2\/posts\/70487","targetHints":{"allow":["GET"]}}],"collection":[{"href":"https:\/\/www.jornalja.com.br\/arquivo\/wp-json\/wp\/v2\/posts"}],"about":[{"href":"https:\/\/www.jornalja.com.br\/arquivo\/wp-json\/wp\/v2\/types\/post"}],"author":[{"embeddable":true,"href":"https:\/\/www.jornalja.com.br\/arquivo\/wp-json\/wp\/v2\/users\/4"}],"replies":[{"embeddable":true,"href":"https:\/\/www.jornalja.com.br\/arquivo\/wp-json\/wp\/v2\/comments?post=70487"}],"version-history":[{"count":0,"href":"https:\/\/www.jornalja.com.br\/arquivo\/wp-json\/wp\/v2\/posts\/70487\/revisions"}],"wp:attachment":[{"href":"https:\/\/www.jornalja.com.br\/arquivo\/wp-json\/wp\/v2\/media?parent=70487"}],"wp:term":[{"taxonomy":"category","embeddable":true,"href":"https:\/\/www.jornalja.com.br\/arquivo\/wp-json\/wp\/v2\/categories?post=70487"},{"taxonomy":"post_tag","embeddable":true,"href":"https:\/\/www.jornalja.com.br\/arquivo\/wp-json\/wp\/v2\/tags?post=70487"}],"curies":[{"name":"wp","href":"https:\/\/api.w.org\/{rel}","templated":true}]}}