{"id":70646,"date":"2018-10-30T14:00:51","date_gmt":"2018-10-30T17:00:51","guid":{"rendered":"https:\/\/www.jornalja.com.br\/?p=70646"},"modified":"2018-10-30T14:00:51","modified_gmt":"2018-10-30T17:00:51","slug":"bebeto-alves-e-os-blackbagual-e-afroentes-sao-atracoes-do-projeto-casa-expandida-na-ccmq","status":"publish","type":"post","link":"https:\/\/www.jornalja.com.br\/arquivo\/bebeto-alves-e-os-blackbagual-e-afroentes-sao-atracoes-do-projeto-casa-expandida-na-ccmq\/","title":{"rendered":"Bebeto Alves e os Blackbagual e AfroEntes s\u00e3o atra\u00e7\u00f5es do projeto Casa Expandida, na CCMQ"},"content":{"rendered":"<p style=\"font-weight: 400\">A Casa de Cultura Mario Quintana (CCMQ) realiza no pr\u00f3ximo s\u00e1bado, dia 3, mais uma edi\u00e7\u00e3o do Casa Expandida. Desta vez sobem ao palco Bebeto Alves e os Blackbagual e a banda AfroEntes. A discotecagem do evento ser\u00e1 do jornalista Roger Lerina.<\/p>\n<p style=\"font-weight: 400\">Neste dia, a Casa ficar\u00e1 aberta at\u00e9 a meia-noite para visita\u00e7\u00e3o \u00e0s exposi\u00e7\u00f5es do Museu de Arte Contempor\u00e2nea (6\u00ba andar) e Instituto Estadual de Artes Visuais, para assistir aos espet\u00e1culos em cartaz e curtir food truck e bier truck na Travessa dos Cataventos). O Caf\u00e9 Santo de Casa (7\u00ba andar), o Cine Caf\u00e9 e a ArteLoja (Travessa dos Cataventos) tamb\u00e9m ficar\u00e3o abertos durante o evento.<\/p>\n<p style=\"font-weight: 400\"><strong>As atra\u00e7\u00f5es<br \/>\n<\/strong>A AfroEntes surgiu em 2015, em Porto Alegre, resgatando um trabalho iniciado no ano de 2000, com a proposta de tocar a m\u00fasica negra em seus variados estilos, com refer\u00eancia na cultura afro-ga\u00facha. O que motiva a exist\u00eancia da banda \u00e9 a possibilidade de contribuir para a visibilidade da representa\u00e7\u00e3o dos negros no cen\u00e1rio cultural ga\u00facho, buscando elementos da presen\u00e7a afro, onde se encontra.<\/p>\n<p style=\"font-weight: 400\">O trabalho do grupo tem fundamento nos ritmos populares, urbanos e rurais, profanos e religiosos, como o suingue, samba, samba de roda, reggae, ijex\u00e1, congadas, aluj\u00e1s, salsa, entre outros, e em composi\u00e7\u00f5es pr\u00f3prias ou de autores que est\u00e3o por a\u00ed e tamb\u00e9m dos que j\u00e1 se foram, para que sejam reverenciados e vivenciados.<\/p>\n<p style=\"font-weight: 400\">Com mais de 40 anos de carreira e de mais de 20 discos lan\u00e7ados, Bebeto Alves \u00e9 o m\u00fasico mutante que muda a cada grava\u00e7\u00e3o para se manter fiel a si mesmo. No show can\u00e7\u00f5es do disco \u201cCan\u00e7\u00e3o Contaminada\u201d, que nasceu da urg\u00eancia do momento, da palavra po\u00e9tica e da viol\u00eancia di\u00e1ria da qual toda popula\u00e7\u00e3o \u00e9 v\u00edtima. Integram os Blackbagual, al\u00e9m de Bebeto (voz, viol\u00e3o e guitarra), Marcelo Corsetti (guitarras), Rodrigo Rheinheimer (baixo) e Luke Faro (bateria e percuss\u00e3o).<\/p>\n<p style=\"font-weight: 400\"><strong>PROGRAMA\u00c7\u00c3O<br \/>\n<\/strong>19h \u00e0s 21h \u2013 Discotecagem com Roger Lerina<br \/>\n21h \u00e0s 22h \u2013 AfroEntes<br \/>\n22h30 \u00e0s 23h30 \u2013 Bebeto Alves \u2013 Oh Blackbagual<br \/>\nLocal: Travessa dos Cataventos da CCMQ<\/p>\n<p style=\"font-weight: 400\"><strong>SERVI\u00c7O<br \/>\nCasa Expandida.<br \/>\n<\/strong>Quando: 03 de novembro | S\u00e1bado.<br \/>\nHor\u00e1rio: 18h \u00e0 meia-noite.<br \/>\nLocal: Casa de Cultura Mario Quintana (Rua dos Andradas, 736).<br \/>\nEntrada gratuita.<\/p>\n<p style=\"font-weight: 400\">\n","protected":false},"excerpt":{"rendered":"<p>A Casa de Cultura Mario Quintana (CCMQ) realiza no pr\u00f3ximo s\u00e1bado, dia 3, mais uma edi\u00e7\u00e3o do Casa Expandida. Desta vez sobem ao palco Bebeto Alves e os Blackbagual e a banda AfroEntes. A discotecagem do evento ser\u00e1 do jornalista Roger Lerina. Neste dia, a Casa ficar\u00e1 aberta at\u00e9 a meia-noite para visita\u00e7\u00e3o \u00e0s exposi\u00e7\u00f5es [&hellip;]<\/p>\n","protected":false},"author":4,"featured_media":70647,"comment_status":"open","ping_status":"closed","sticky":false,"template":"","format":"standard","meta":{"_jetpack_newsletter_access":"","_jetpack_dont_email_post_to_subs":false,"_jetpack_newsletter_tier_id":0,"_jetpack_memberships_contains_paywalled_content":false,"_jetpack_feature_clip_id":0,"_jetpack_memberships_contains_paid_content":false,"footnotes":"","jetpack_post_was_ever_published":false},"categories":[11],"tags":[],"class_list":["post-70646","post","type-post","status-publish","format-standard","has-post-thumbnail","hentry","category-materiasecundaria"],"aioseo_notices":[],"aioseo_head":"\n\t\t<!-- All in One SEO 5.0.1.1 - aioseo.com -->\n\t<meta name=\"robots\" content=\"max-image-preview:large\" \/>\n\t<meta name=\"author\" content=\"da Reda\u00e7\u00e3o\"\/>\n\t<link rel=\"canonical\" href=\"https:\/\/www.jornalja.com.br\/arquivo\/bebeto-alves-e-os-blackbagual-e-afroentes-sao-atracoes-do-projeto-casa-expandida-na-ccmq\/\" \/>\n\t<meta name=\"generator\" content=\"All in One SEO (AIOSEO) 5.0.1.1\" \/>\n\t\t<meta property=\"og:locale\" content=\"pt_BR\" \/>\n\t\t<meta property=\"og:site_name\" content=\"Arquivo | Jornal J\u00c1 | Porto Alegre\" \/>\n\t\t<meta property=\"og:type\" content=\"article\" \/>\n\t\t<meta property=\"og:title\" content=\"Bebeto Alves e os Blackbagual e AfroEntes s\u00e3o atra\u00e7\u00f5es do projeto Casa Expandida, na CCMQ | Arquivo\" \/>\n\t\t<meta property=\"og:url\" content=\"https:\/\/www.jornalja.com.br\/arquivo\/bebeto-alves-e-os-blackbagual-e-afroentes-sao-atracoes-do-projeto-casa-expandida-na-ccmq\/\" \/>\n\t\t<meta property=\"og:image\" content=\"https:\/\/www.jornalja.com.br\/economics\/wp-content\/uploads\/sites\/11\/2026\/08\/ja-folhaderosto-facebook.jpg\" \/>\n\t\t<meta property=\"og:image:secure_url\" content=\"https:\/\/www.jornalja.com.br\/economics\/wp-content\/uploads\/sites\/11\/2026\/08\/ja-folhaderosto-facebook.jpg\" \/>\n\t\t<meta property=\"article:published_time\" content=\"2018-10-30T17:00:51+00:00\" \/>\n\t\t<meta property=\"article:modified_time\" content=\"2018-10-30T17:00:51+00:00\" \/>\n\t\t<meta name=\"twitter:card\" content=\"summary\" \/>\n\t\t<meta name=\"twitter:title\" content=\"Bebeto Alves e os Blackbagual e AfroEntes s\u00e3o atra\u00e7\u00f5es do projeto Casa Expandida, na CCMQ | Arquivo\" \/>\n\t\t<meta name=\"twitter:image\" content=\"https:\/\/www.jornalja.com.br\/economics\/wp-content\/uploads\/sites\/11\/2026\/08\/ja-folhaderosto-facebook.jpg\" \/>\n\t\t<script type=\"application\/ld+json\" class=\"aioseo-schema\">\n\t\t\t{\"@context\":\"https:\\\/\\\/schema.org\",\"@graph\":[{\"@type\":\"BlogPosting\",\"@id\":\"https:\\\/\\\/www.jornalja.com.br\\\/arquivo\\\/bebeto-alves-e-os-blackbagual-e-afroentes-sao-atracoes-do-projeto-casa-expandida-na-ccmq\\\/#blogposting\",\"name\":\"Bebeto Alves e os Blackbagual e AfroEntes s\\u00e3o atra\\u00e7\\u00f5es do projeto Casa Expandida, na CCMQ | Arquivo\",\"headline\":\"Bebeto Alves e os Blackbagual e AfroEntes s\\u00e3o atra\\u00e7\\u00f5es do projeto Casa Expandida, na CCMQ\",\"author\":{\"@id\":\"https:\\\/\\\/www.jornalja.com.br\\\/arquivo\\\/author\\\/daredacao\\\/#author\"},\"publisher\":{\"@id\":\"https:\\\/\\\/www.jornalja.com.br\\\/arquivo\\\/#organization\"},\"image\":{\"@type\":\"ImageObject\",\"url\":70647},\"datePublished\":\"2018-10-30T14:00:51-03:00\",\"dateModified\":\"2018-10-30T14:00:51-03:00\",\"inLanguage\":\"pt-BR\",\"mainEntityOfPage\":{\"@id\":\"https:\\\/\\\/www.jornalja.com.br\\\/arquivo\\\/bebeto-alves-e-os-blackbagual-e-afroentes-sao-atracoes-do-projeto-casa-expandida-na-ccmq\\\/#webpage\"},\"isPartOf\":{\"@id\":\"https:\\\/\\\/www.jornalja.com.br\\\/arquivo\\\/bebeto-alves-e-os-blackbagual-e-afroentes-sao-atracoes-do-projeto-casa-expandida-na-ccmq\\\/#webpage\"},\"articleSection\":\"Cultura-Geral\"},{\"@type\":\"BreadcrumbList\",\"@id\":\"https:\\\/\\\/www.jornalja.com.br\\\/arquivo\\\/bebeto-alves-e-os-blackbagual-e-afroentes-sao-atracoes-do-projeto-casa-expandida-na-ccmq\\\/#breadcrumblist\",\"itemListElement\":[{\"@type\":\"ListItem\",\"@id\":\"https:\\\/\\\/www.jornalja.com.br\\\/arquivo#listItem\",\"position\":1,\"name\":\"Home\",\"item\":\"https:\\\/\\\/www.jornalja.com.br\\\/arquivo\",\"nextItem\":{\"@type\":\"ListItem\",\"@id\":\"https:\\\/\\\/www.jornalja.com.br\\\/arquivo\\\/category\\\/materiasecundaria\\\/#listItem\",\"name\":\"Cultura-Geral\"}},{\"@type\":\"ListItem\",\"@id\":\"https:\\\/\\\/www.jornalja.com.br\\\/arquivo\\\/category\\\/materiasecundaria\\\/#listItem\",\"position\":2,\"name\":\"Cultura-Geral\",\"item\":\"https:\\\/\\\/www.jornalja.com.br\\\/arquivo\\\/category\\\/materiasecundaria\\\/\",\"nextItem\":{\"@type\":\"ListItem\",\"@id\":\"https:\\\/\\\/www.jornalja.com.br\\\/arquivo\\\/bebeto-alves-e-os-blackbagual-e-afroentes-sao-atracoes-do-projeto-casa-expandida-na-ccmq\\\/#listItem\",\"name\":\"Bebeto Alves e os Blackbagual e AfroEntes s\\u00e3o atra\\u00e7\\u00f5es do projeto Casa Expandida, na CCMQ\"},\"previousItem\":{\"@type\":\"ListItem\",\"@id\":\"https:\\\/\\\/www.jornalja.com.br\\\/arquivo#listItem\",\"name\":\"Home\"}},{\"@type\":\"ListItem\",\"@id\":\"https:\\\/\\\/www.jornalja.com.br\\\/arquivo\\\/bebeto-alves-e-os-blackbagual-e-afroentes-sao-atracoes-do-projeto-casa-expandida-na-ccmq\\\/#listItem\",\"position\":3,\"name\":\"Bebeto Alves e os Blackbagual e AfroEntes s\\u00e3o atra\\u00e7\\u00f5es do projeto Casa Expandida, na CCMQ\",\"previousItem\":{\"@type\":\"ListItem\",\"@id\":\"https:\\\/\\\/www.jornalja.com.br\\\/arquivo\\\/category\\\/materiasecundaria\\\/#listItem\",\"name\":\"Cultura-Geral\"}}]},{\"@type\":\"Organization\",\"@id\":\"https:\\\/\\\/www.jornalja.com.br\\\/arquivo\\\/#organization\",\"name\":\"Jornal J\\u00c1\",\"description\":\"Jornal J\\u00c1 | Porto Alegre\",\"url\":\"https:\\\/\\\/www.jornalja.com.br\\\/arquivo\\\/\",\"telephone\":\"+555133307272\",\"logo\":{\"@type\":\"ImageObject\",\"url\":\"https:\\\/\\\/www.jornalja.com.br\\\/wp-content\\\/uploads\\\/cards\\\/JAslogan.png\",\"@id\":\"https:\\\/\\\/www.jornalja.com.br\\\/arquivo\\\/bebeto-alves-e-os-blackbagual-e-afroentes-sao-atracoes-do-projeto-casa-expandida-na-ccmq\\\/#organizationLogo\"},\"image\":{\"@id\":\"https:\\\/\\\/www.jornalja.com.br\\\/arquivo\\\/bebeto-alves-e-os-blackbagual-e-afroentes-sao-atracoes-do-projeto-casa-expandida-na-ccmq\\\/#organizationLogo\"}},{\"@type\":\"Person\",\"@id\":\"https:\\\/\\\/www.jornalja.com.br\\\/arquivo\\\/author\\\/daredacao\\\/#author\",\"url\":\"https:\\\/\\\/www.jornalja.com.br\\\/arquivo\\\/author\\\/daredacao\\\/\",\"name\":\"da Reda\\u00e7\\u00e3o\",\"image\":{\"@type\":\"ImageObject\",\"@id\":\"https:\\\/\\\/www.jornalja.com.br\\\/arquivo\\\/bebeto-alves-e-os-blackbagual-e-afroentes-sao-atracoes-do-projeto-casa-expandida-na-ccmq\\\/#authorImage\",\"url\":\"https:\\\/\\\/secure.gravatar.com\\\/avatar\\\/469fd857d6605ad19919d27ed29d35a968a25f6e8fd9318356bbb7f57aae9c65?s=96&d=mm&r=g\",\"width\":96,\"height\":96,\"caption\":\"da Reda\\u00e7\\u00e3o\"}},{\"@type\":\"WebPage\",\"@id\":\"https:\\\/\\\/www.jornalja.com.br\\\/arquivo\\\/bebeto-alves-e-os-blackbagual-e-afroentes-sao-atracoes-do-projeto-casa-expandida-na-ccmq\\\/#webpage\",\"url\":\"https:\\\/\\\/www.jornalja.com.br\\\/arquivo\\\/bebeto-alves-e-os-blackbagual-e-afroentes-sao-atracoes-do-projeto-casa-expandida-na-ccmq\\\/\",\"name\":\"Bebeto Alves e os Blackbagual e AfroEntes s\\u00e3o atra\\u00e7\\u00f5es do projeto Casa Expandida, na CCMQ | Arquivo\",\"inLanguage\":\"pt-BR\",\"isPartOf\":{\"@id\":\"https:\\\/\\\/www.jornalja.com.br\\\/arquivo\\\/#website\"},\"breadcrumb\":{\"@id\":\"https:\\\/\\\/www.jornalja.com.br\\\/arquivo\\\/bebeto-alves-e-os-blackbagual-e-afroentes-sao-atracoes-do-projeto-casa-expandida-na-ccmq\\\/#breadcrumblist\"},\"author\":{\"@id\":\"https:\\\/\\\/www.jornalja.com.br\\\/arquivo\\\/author\\\/daredacao\\\/#author\"},\"creator\":{\"@id\":\"https:\\\/\\\/www.jornalja.com.br\\\/arquivo\\\/author\\\/daredacao\\\/#author\"},\"image\":{\"@type\":\"ImageObject\",\"url\":70647,\"@id\":\"https:\\\/\\\/www.jornalja.com.br\\\/arquivo\\\/bebeto-alves-e-os-blackbagual-e-afroentes-sao-atracoes-do-projeto-casa-expandida-na-ccmq\\\/#mainImage\"},\"primaryImageOfPage\":{\"@id\":\"https:\\\/\\\/www.jornalja.com.br\\\/arquivo\\\/bebeto-alves-e-os-blackbagual-e-afroentes-sao-atracoes-do-projeto-casa-expandida-na-ccmq\\\/#mainImage\"},\"datePublished\":\"2018-10-30T14:00:51-03:00\",\"dateModified\":\"2018-10-30T14:00:51-03:00\"},{\"@type\":\"WebSite\",\"@id\":\"https:\\\/\\\/www.jornalja.com.br\\\/arquivo\\\/#website\",\"url\":\"https:\\\/\\\/www.jornalja.com.br\\\/arquivo\\\/\",\"name\":\"Arquivo\",\"description\":\"Jornal J\\u00c1 | Porto Alegre\",\"inLanguage\":\"pt-BR\",\"publisher\":{\"@id\":\"https:\\\/\\\/www.jornalja.com.br\\\/arquivo\\\/#organization\"}}]}\n\t\t<\/script>\n\t\t<!-- All in One SEO -->\n\n","aioseo_head_json":{"title":"Bebeto Alves e os Blackbagual e AfroEntes s\u00e3o atra\u00e7\u00f5es do projeto Casa Expandida, na CCMQ | Arquivo","description":"","canonical_url":"https:\/\/www.jornalja.com.br\/arquivo\/bebeto-alves-e-os-blackbagual-e-afroentes-sao-atracoes-do-projeto-casa-expandida-na-ccmq\/","robots":"max-image-preview:large","keywords":"","webmasterTools":{"miscellaneous":""},"schema":{"@context":"https:\/\/schema.org","@graph":[{"@type":"BlogPosting","@id":"https:\/\/www.jornalja.com.br\/arquivo\/bebeto-alves-e-os-blackbagual-e-afroentes-sao-atracoes-do-projeto-casa-expandida-na-ccmq\/#blogposting","name":"Bebeto Alves e os Blackbagual e AfroEntes s\u00e3o atra\u00e7\u00f5es do projeto Casa Expandida, na CCMQ | Arquivo","headline":"Bebeto Alves e os Blackbagual e AfroEntes s\u00e3o atra\u00e7\u00f5es do projeto Casa Expandida, na CCMQ","author":{"@id":"https:\/\/www.jornalja.com.br\/arquivo\/author\/daredacao\/#author"},"publisher":{"@id":"https:\/\/www.jornalja.com.br\/arquivo\/#organization"},"image":{"@type":"ImageObject","url":70647},"datePublished":"2018-10-30T14:00:51-03:00","dateModified":"2018-10-30T14:00:51-03:00","inLanguage":"pt-BR","mainEntityOfPage":{"@id":"https:\/\/www.jornalja.com.br\/arquivo\/bebeto-alves-e-os-blackbagual-e-afroentes-sao-atracoes-do-projeto-casa-expandida-na-ccmq\/#webpage"},"isPartOf":{"@id":"https:\/\/www.jornalja.com.br\/arquivo\/bebeto-alves-e-os-blackbagual-e-afroentes-sao-atracoes-do-projeto-casa-expandida-na-ccmq\/#webpage"},"articleSection":"Cultura-Geral"},{"@type":"BreadcrumbList","@id":"https:\/\/www.jornalja.com.br\/arquivo\/bebeto-alves-e-os-blackbagual-e-afroentes-sao-atracoes-do-projeto-casa-expandida-na-ccmq\/#breadcrumblist","itemListElement":[{"@type":"ListItem","@id":"https:\/\/www.jornalja.com.br\/arquivo#listItem","position":1,"name":"Home","item":"https:\/\/www.jornalja.com.br\/arquivo","nextItem":{"@type":"ListItem","@id":"https:\/\/www.jornalja.com.br\/arquivo\/category\/materiasecundaria\/#listItem","name":"Cultura-Geral"}},{"@type":"ListItem","@id":"https:\/\/www.jornalja.com.br\/arquivo\/category\/materiasecundaria\/#listItem","position":2,"name":"Cultura-Geral","item":"https:\/\/www.jornalja.com.br\/arquivo\/category\/materiasecundaria\/","nextItem":{"@type":"ListItem","@id":"https:\/\/www.jornalja.com.br\/arquivo\/bebeto-alves-e-os-blackbagual-e-afroentes-sao-atracoes-do-projeto-casa-expandida-na-ccmq\/#listItem","name":"Bebeto Alves e os Blackbagual e AfroEntes s\u00e3o atra\u00e7\u00f5es do projeto Casa Expandida, na CCMQ"},"previousItem":{"@type":"ListItem","@id":"https:\/\/www.jornalja.com.br\/arquivo#listItem","name":"Home"}},{"@type":"ListItem","@id":"https:\/\/www.jornalja.com.br\/arquivo\/bebeto-alves-e-os-blackbagual-e-afroentes-sao-atracoes-do-projeto-casa-expandida-na-ccmq\/#listItem","position":3,"name":"Bebeto Alves e os Blackbagual e AfroEntes s\u00e3o atra\u00e7\u00f5es do projeto Casa Expandida, na CCMQ","previousItem":{"@type":"ListItem","@id":"https:\/\/www.jornalja.com.br\/arquivo\/category\/materiasecundaria\/#listItem","name":"Cultura-Geral"}}]},{"@type":"Organization","@id":"https:\/\/www.jornalja.com.br\/arquivo\/#organization","name":"Jornal J\u00c1","description":"Jornal J\u00c1 | Porto Alegre","url":"https:\/\/www.jornalja.com.br\/arquivo\/","telephone":"+555133307272","logo":{"@type":"ImageObject","url":"https:\/\/www.jornalja.com.br\/wp-content\/uploads\/cards\/JAslogan.png","@id":"https:\/\/www.jornalja.com.br\/arquivo\/bebeto-alves-e-os-blackbagual-e-afroentes-sao-atracoes-do-projeto-casa-expandida-na-ccmq\/#organizationLogo"},"image":{"@id":"https:\/\/www.jornalja.com.br\/arquivo\/bebeto-alves-e-os-blackbagual-e-afroentes-sao-atracoes-do-projeto-casa-expandida-na-ccmq\/#organizationLogo"}},{"@type":"Person","@id":"https:\/\/www.jornalja.com.br\/arquivo\/author\/daredacao\/#author","url":"https:\/\/www.jornalja.com.br\/arquivo\/author\/daredacao\/","name":"da Reda\u00e7\u00e3o","image":{"@type":"ImageObject","@id":"https:\/\/www.jornalja.com.br\/arquivo\/bebeto-alves-e-os-blackbagual-e-afroentes-sao-atracoes-do-projeto-casa-expandida-na-ccmq\/#authorImage","url":"https:\/\/secure.gravatar.com\/avatar\/469fd857d6605ad19919d27ed29d35a968a25f6e8fd9318356bbb7f57aae9c65?s=96&d=mm&r=g","width":96,"height":96,"caption":"da Reda\u00e7\u00e3o"}},{"@type":"WebPage","@id":"https:\/\/www.jornalja.com.br\/arquivo\/bebeto-alves-e-os-blackbagual-e-afroentes-sao-atracoes-do-projeto-casa-expandida-na-ccmq\/#webpage","url":"https:\/\/www.jornalja.com.br\/arquivo\/bebeto-alves-e-os-blackbagual-e-afroentes-sao-atracoes-do-projeto-casa-expandida-na-ccmq\/","name":"Bebeto Alves e os Blackbagual e AfroEntes s\u00e3o atra\u00e7\u00f5es do projeto Casa Expandida, na CCMQ | Arquivo","inLanguage":"pt-BR","isPartOf":{"@id":"https:\/\/www.jornalja.com.br\/arquivo\/#website"},"breadcrumb":{"@id":"https:\/\/www.jornalja.com.br\/arquivo\/bebeto-alves-e-os-blackbagual-e-afroentes-sao-atracoes-do-projeto-casa-expandida-na-ccmq\/#breadcrumblist"},"author":{"@id":"https:\/\/www.jornalja.com.br\/arquivo\/author\/daredacao\/#author"},"creator":{"@id":"https:\/\/www.jornalja.com.br\/arquivo\/author\/daredacao\/#author"},"image":{"@type":"ImageObject","url":70647,"@id":"https:\/\/www.jornalja.com.br\/arquivo\/bebeto-alves-e-os-blackbagual-e-afroentes-sao-atracoes-do-projeto-casa-expandida-na-ccmq\/#mainImage"},"primaryImageOfPage":{"@id":"https:\/\/www.jornalja.com.br\/arquivo\/bebeto-alves-e-os-blackbagual-e-afroentes-sao-atracoes-do-projeto-casa-expandida-na-ccmq\/#mainImage"},"datePublished":"2018-10-30T14:00:51-03:00","dateModified":"2018-10-30T14:00:51-03:00"},{"@type":"WebSite","@id":"https:\/\/www.jornalja.com.br\/arquivo\/#website","url":"https:\/\/www.jornalja.com.br\/arquivo\/","name":"Arquivo","description":"Jornal J\u00c1 | Porto Alegre","inLanguage":"pt-BR","publisher":{"@id":"https:\/\/www.jornalja.com.br\/arquivo\/#organization"}}]},"og:locale":"pt_BR","og:site_name":"Arquivo | Jornal J\u00c1 | Porto Alegre","og:type":"article","og:title":"Bebeto Alves e os Blackbagual e AfroEntes s\u00e3o atra\u00e7\u00f5es do projeto Casa Expandida, na CCMQ | Arquivo","og:url":"https:\/\/www.jornalja.com.br\/arquivo\/bebeto-alves-e-os-blackbagual-e-afroentes-sao-atracoes-do-projeto-casa-expandida-na-ccmq\/","og:image":"https:\/\/www.jornalja.com.br\/economics\/wp-content\/uploads\/sites\/11\/2026\/08\/ja-folhaderosto-facebook.jpg","og:image:secure_url":"https:\/\/www.jornalja.com.br\/economics\/wp-content\/uploads\/sites\/11\/2026\/08\/ja-folhaderosto-facebook.jpg","article:published_time":"2018-10-30T17:00:51+00:00","article:modified_time":"2018-10-30T17:00:51+00:00","twitter:card":"summary","twitter:title":"Bebeto Alves e os Blackbagual e AfroEntes s\u00e3o atra\u00e7\u00f5es do projeto Casa Expandida, na CCMQ | Arquivo","twitter:image":"https:\/\/www.jornalja.com.br\/economics\/wp-content\/uploads\/sites\/11\/2026\/08\/ja-folhaderosto-facebook.jpg"},"aioseo_meta_data":{"post_id":"70646","title":null,"description":null,"keywords":null,"keyphrases":null,"primary_term":null,"canonical_url":null,"og_title":null,"og_description":null,"og_object_type":"default","og_image_type":"default","og_image_url":null,"og_image_width":null,"og_image_height":null,"og_image_custom_url":null,"og_image_custom_fields":null,"og_video":null,"og_custom_url":null,"og_article_section":null,"og_article_tags":null,"twitter_use_og":false,"twitter_card":"default","twitter_image_type":"default","twitter_image_url":null,"twitter_image_custom_url":null,"twitter_image_custom_fields":null,"twitter_title":null,"twitter_description":null,"schema":{"blockGraphs":[],"customGraphs":[],"default":{"data":{"Article":[],"Course":[],"Dataset":[],"FAQPage":[],"Movie":[],"Person":[],"Product":[],"ProductReview":[],"Car":[],"Recipe":[],"Service":[],"SoftwareApplication":[],"WebPage":[]},"graphName":"","isEnabled":true},"graphs":[]},"schema_type":null,"schema_type_options":null,"pillar_content":false,"robots_default":true,"robots_noindex":false,"robots_noarchive":false,"robots_nosnippet":false,"robots_nofollow":false,"robots_noimageindex":false,"robots_noodp":false,"robots_notranslate":false,"robots_max_snippet":null,"robots_max_videopreview":null,"robots_max_imagepreview":"large","priority":null,"frequency":null,"location":null,"local_seo":null,"breadcrumb_settings":null,"limit_modified_date":false,"ai":null,"created":"2020-12-20 20:05:27","updated":"2025-07-20 06:11:17","seo_analyzer_scan_date":null,"focus_keyword":null,"additional_keywords":null,"truseo_locale":null},"jetpack_sharing_enabled":true,"jetpack-related-posts":[{"id":5440,"url":"https:\/\/www.jornalja.com.br\/arquivo\/casarao-da-venancio-destino-permanece-incerto\/","url_meta":{"origin":70646,"position":0},"title":"Estado ainda n\u00e3o sabe o que fazer com casar\u00e3o abandonado h\u00e1 20 anos","author":"Elmar Bones","date":"6 de julho de 2009","format":false,"excerpt":"O casar\u00e3o amarelo, numa esquina nobre de Porto Alegre (Ven\u00e2ncio Aires com Jo\u00e3o Pessoa), j\u00e1 abrigou uma escola. H\u00e1 duas d\u00e9cadas, pelo menos, est\u00e1 abandonado, porque seu propriet\u00e1rio, o governo do Estado do Rio Grande do Sul, n\u00e3o consegue achar um destino para ele. Planos n\u00e3o faltaram. O governador Ol\u00edvio\u2026","rel":"","context":"Em &quot;X.Categorias velhas&quot;","block_context":{"text":"X.Categorias velhas","link":"https:\/\/www.jornalja.com.br\/arquivo\/category\/x-categorias-velhas\/"},"img":{"alt_text":"geraldo1","src":"https:\/\/i0.wp.com\/www.jornalja.com.br\/wp-content\/uploads\/2009\/07\/geraldo1.jpg?resize=350%2C200&ssl=1","width":350,"height":200},"classes":[]},{"id":13124,"url":"https:\/\/www.jornalja.com.br\/arquivo\/sangue-latino-no-iecine\/","url_meta":{"origin":70646,"position":1},"title":"Sangue latino no IECINE","author":"da Reda\u00e7\u00e3o","date":"18 de maio de 2014","format":false,"excerpt":"Francisco Ribeiro O Instituto Estadual de Cinema (IECINE) tem a frente, desde abril \u00faltimo, um novo diretor, o cineasta colombiano Juan Zapata, 36, que substitui Luiz Alberto Cassol. Radicado h\u00e1 dez anos em Porto Alegre, Zapata tem diante de si o desafio de conduzir at\u00e9 o final do ano um\u2026","rel":"","context":"Em &quot;Cultura-Geral&quot;","block_context":{"text":"Cultura-Geral","link":"https:\/\/www.jornalja.com.br\/arquivo\/category\/materiasecundaria\/"},"img":{"alt_text":"","src":"","width":0,"height":0},"classes":[]},{"id":14241,"url":"https:\/\/www.jornalja.com.br\/arquivo\/o-guaiba-nas-imagens-poeticas-de-achutti\/","url_meta":{"origin":70646,"position":2},"title":"O Gua\u00edba nas imagens po\u00e9ticas de Achutti","author":"da Reda\u00e7\u00e3o","date":"18 de junho de 2014","format":false,"excerpt":"Em \u201cO Gua\u00edba por Achutti\u201d \u2013 obra financiada via Minist\u00e9rio da Cultura, produ\u00e7\u00e3o executiva de Pedro Longhi, e Fl\u00e1vio Wild como designer \u2013, o fot\u00f3grafo revela a beleza e as mazelas de um espa\u00e7o aqu\u00e1tico de \u00e1guas sempre renovadas, cheio de hist\u00f3rias e lendas como as das cidades que foram\u2026","rel":"","context":"Em &quot;Cultura-Geral&quot;","block_context":{"text":"Cultura-Geral","link":"https:\/\/www.jornalja.com.br\/arquivo\/category\/materiasecundaria\/"},"img":{"alt_text":"","src":"","width":0,"height":0},"classes":[]},{"id":13101,"url":"https:\/\/www.jornalja.com.br\/arquivo\/morre-um-guerreiro-do-texto\/","url_meta":{"origin":70646,"position":3},"title":"Morre um guerreiro do texto","author":"Patr\u00edcia Marini","date":"14 de maio de 2014","format":false,"excerpt":"Por Ricardo Kotscho Reproduzido do blog do autor, 11\/5\/2014; t\u00edtulo original \u201cE l\u00e1 se foi o nosso Myltainho, guerreiro do texto\u201d. Mi\u00fado e franzino, meu amigo Myltainho era um valente e inconformado guerreiro na luta contra as injusti\u00e7as sociais, a hipocrisia, as maracutaias, o autoritarismo, a intoler\u00e2ncia, a viol\u00eancia, o\u2026","rel":"","context":"Em &quot;Geral&quot;","block_context":{"text":"Geral","link":"https:\/\/www.jornalja.com.br\/arquivo\/category\/geral\/"},"img":{"alt_text":"","src":"","width":0,"height":0},"classes":[]},{"id":13240,"url":"https:\/\/www.jornalja.com.br\/arquivo\/plano-diretor-estamos-construindo-o-caos\/","url_meta":{"origin":70646,"position":4},"title":"Plano diretor: &quot;Estamos construindo o caos&quot;","author":"Patr\u00edcia Marini","date":"26 de maio de 2014","format":false,"excerpt":"Desabafo que arquiteta Eliana Castilhos, delegada da Regi\u00e3o de Planejamento 1, postou nas redes sociais \u00e9 um testemunho do ambiente que se criou no Conselho do Plano Diretor de Porto Alegre, onde a aprova\u00e7\u00e3o de grandes empreendimentos \u00e9 empurrada guela abaixo dos conselheiros. Ao CMDUA Como delegada da Regi\u00e3o de\u2026","rel":"","context":"Em &quot;Geral&quot;","block_context":{"text":"Geral","link":"https:\/\/www.jornalja.com.br\/arquivo\/category\/geral\/"},"img":{"alt_text":"","src":"","width":0,"height":0},"classes":[]}],"jetpack_shortlink":"https:\/\/wp.me\/pbQjBd-ins","jetpack_featured_media_url":"","_links":{"self":[{"href":"https:\/\/www.jornalja.com.br\/arquivo\/wp-json\/wp\/v2\/posts\/70646","targetHints":{"allow":["GET"]}}],"collection":[{"href":"https:\/\/www.jornalja.com.br\/arquivo\/wp-json\/wp\/v2\/posts"}],"about":[{"href":"https:\/\/www.jornalja.com.br\/arquivo\/wp-json\/wp\/v2\/types\/post"}],"author":[{"embeddable":true,"href":"https:\/\/www.jornalja.com.br\/arquivo\/wp-json\/wp\/v2\/users\/4"}],"replies":[{"embeddable":true,"href":"https:\/\/www.jornalja.com.br\/arquivo\/wp-json\/wp\/v2\/comments?post=70646"}],"version-history":[{"count":0,"href":"https:\/\/www.jornalja.com.br\/arquivo\/wp-json\/wp\/v2\/posts\/70646\/revisions"}],"wp:attachment":[{"href":"https:\/\/www.jornalja.com.br\/arquivo\/wp-json\/wp\/v2\/media?parent=70646"}],"wp:term":[{"taxonomy":"category","embeddable":true,"href":"https:\/\/www.jornalja.com.br\/arquivo\/wp-json\/wp\/v2\/categories?post=70646"},{"taxonomy":"post_tag","embeddable":true,"href":"https:\/\/www.jornalja.com.br\/arquivo\/wp-json\/wp\/v2\/tags?post=70646"}],"curies":[{"name":"wp","href":"https:\/\/api.w.org\/{rel}","templated":true}]}}