{"id":70958,"date":"2018-11-12T16:52:06","date_gmt":"2018-11-12T18:52:06","guid":{"rendered":"https:\/\/www.jornalja.com.br\/?p=70958"},"modified":"2018-11-12T16:52:06","modified_gmt":"2018-11-12T18:52:06","slug":"companhia-teatral-de-veranopolis-apresenta-espetaculo-sobre-folclore-no-teatro-bruno-kiefer","status":"publish","type":"post","link":"https:\/\/www.jornalja.com.br\/arquivo\/companhia-teatral-de-veranopolis-apresenta-espetaculo-sobre-folclore-no-teatro-bruno-kiefer\/","title":{"rendered":"Companhia teatral de Veran\u00f3polis apresenta espet\u00e1culo sobre folclore no teatro Bruno Kiefer"},"content":{"rendered":"<p>A Cia Teatral Tem Gente no Palco, de Veran\u00f3polis retorna aos palcos da Casa de Cultura Mario Quintana, nos dias 14 e 15 de novembro, com o espet\u00e1culo \u201cUm certo Cavaleiro errante e sua linda Flor\u201d. As apresenta\u00e7\u00f5es ocorrem no Teatro Bruno Kiefer, \u00e0s 20h do dia 14 e \u00e0s 16h do dia 15. Os ingressos custam R$ 20 inteira e R$ 10 para estudantes, classe art\u00edstica, s\u00eaniors, professores e pessoas com defici\u00eancia com acompanhante.<br \/>\nAinda no dia 14 de novembro, \u00e0s 15h, ser\u00e1 realizada uma sess\u00e3o especial para escolas e grupos. O agendamento deve ser feito pelo telefone (51) 99570-0878, e os ingressos custam R$ 5 para alunos e professores agendados e R$ 10 para p\u00fablico geral.<br \/>\n\u201cUm certo Cavaleiro errante e sua linda Flor\u201d, de t\u00edtulo hom\u00f4nimo, encontra na hist\u00f3ria cultural e folcl\u00f3rica do Rio Grande do Sul a base para sua constru\u00e7\u00e3o, recontando lendas como &#8220;Negrinho do Pastoreio&#8221;, &#8220;Salamanca do Jarau&#8221; e contos gauchescos de Jo\u00e3o Sim\u00f5es Lopes Neto. A hist\u00f3ria passa a ser costurada por can\u00e7\u00f5es cantadas ao vivo e a figura do ga\u00facho \u00e9 apresentada de forma l\u00fadica, leve e po\u00e9tica, em uma releitura do mais nobre cavaleiro da literatura: Dom Quixote de Miguel de Cervantes.<br \/>\nNesse resgate da cultura, pleno de simbologias e dramaturgia autoral, o espet\u00e1culo emociona, diverte e questiona princ\u00edpios e valores de uma tradi\u00e7\u00e3o secular.<br \/>\n<strong>FICHA T\u00c9CNICA<br \/>\n<\/strong>Dire\u00e7\u00e3o e Dramaturgia: Izabel Cristina | Elenco: Ana Marcon, Cristina Lentz, Daiane da Silva, Ellen Comiotto, Eric de Carli, Jeferson Ghenes, Jefferson Benedet, Ingridi Verardo, Ismael Scalco, Laura lentz, Lucas Nunes, M\u00e1rio Bressiani, Michelle P\u00e9rtile | Figurinos: Cristina Lentz, Jeferson Ghenes, M\u00e1rio Bressiani | Cenografia: Cristina Lentz | Maquiagem e Caracteriza\u00e7\u00e3o C\u00eanica: Ana Marcon, Daiane da Silva, Jeferson Ghenes | Concep\u00e7\u00e3o coreogr\u00e1fica: Daiane da Silva e Grupo | M\u00fasicos: Daiane da Silva, Eric de Carli, Ismael Scalco | Trilha sonora pesquisada: Izabel Cristina | Ilumina\u00e7\u00e3o: Fabiana Santos | Produ\u00e7\u00e3o: Cia Teatral Tem Gente no Palco.<br \/>\n<strong>SERVI\u00c7O<br \/>\nEspet\u00e1culo \u201cUm certo Cavaleiro errante e sua linda Flor\u201d | Cia Teatral Tem Gente no Palco | Veran\u00f3polis.<br \/>\n<\/strong>Quando: 14 de novembro, quarta-feira, \u00e0s 20h e 15 de novembro, quinta-feira, \u00e0s 16h. Os ingressos custam R$ 20 inteira e R$ 10 para estudantes, classe art\u00edstica, s\u00eaniors, professores e pessoas com defici\u00eancia com acompanhante. Compra antecipada pelo site\u00a0<a href=\"http:\/\/www.entreatosdivulga.com.br\/1certocavaleiroerranteesualindaflor\" data-saferedirecturl=\"http:\/\/www.google.com\/url?q=http:\/\/www.entreatosdivulga.com.br\/1certocavaleiroerranteesualindaflor&amp;source=gmail&amp;ust=1542133801854000&amp;usg=AFQjCNEQb93wODcCq5Z9JxuT8Wealj4imQ\">http:\/\/www.entreatosdivulga.com.br\/1certocavaleiroerranteesualindaflor<\/a>\u00a0ou pelo telefone (51) 99570-0878. Na bilheteria, 1 hora antes do espet\u00e1culo.<br \/>\nNo dia 14, \u00e0s 15h, sess\u00e3o especial para escolas e grupos com agendamentos pelo telefone (51) 99570-0878. Os ingressos custam R$ 5 para alunos e professores agendados e R$ 10 para p\u00fablico geral.<br \/>\nLocal: Teatro Bruno Kiefer \u2013 6\u00ba andar Casa de Cultura M\u00e1rio Quintana (Rua dos Andradas, 736 \u2013 Centro Hist\u00f3rico).<br \/>\n&nbsp;<\/p>\n","protected":false},"excerpt":{"rendered":"<p>A Cia Teatral Tem Gente no Palco, de Veran\u00f3polis retorna aos palcos da Casa de Cultura Mario Quintana, nos dias 14 e 15 de novembro, com o espet\u00e1culo \u201cUm certo Cavaleiro errante e sua linda Flor\u201d. As apresenta\u00e7\u00f5es ocorrem no Teatro Bruno Kiefer, \u00e0s 20h do dia 14 e \u00e0s 16h do dia 15. Os [&hellip;]<\/p>\n","protected":false},"author":4,"featured_media":70959,"comment_status":"open","ping_status":"closed","sticky":false,"template":"","format":"standard","meta":{"_jetpack_newsletter_access":"","_jetpack_dont_email_post_to_subs":false,"_jetpack_newsletter_tier_id":0,"_jetpack_memberships_contains_paywalled_content":false,"_jetpack_feature_clip_id":0,"_jetpack_memberships_contains_paid_content":false,"footnotes":"","jetpack_post_was_ever_published":false},"categories":[11],"tags":[],"class_list":["post-70958","post","type-post","status-publish","format-standard","has-post-thumbnail","hentry","category-materiasecundaria"],"aioseo_notices":[],"aioseo_head":"\n\t\t<!-- All in One SEO 5.0.1.1 - aioseo.com -->\n\t<meta name=\"robots\" content=\"max-image-preview:large\" \/>\n\t<meta name=\"author\" content=\"da Reda\u00e7\u00e3o\"\/>\n\t<link rel=\"canonical\" href=\"https:\/\/www.jornalja.com.br\/arquivo\/companhia-teatral-de-veranopolis-apresenta-espetaculo-sobre-folclore-no-teatro-bruno-kiefer\/\" \/>\n\t<meta name=\"generator\" content=\"All in One SEO (AIOSEO) 5.0.1.1\" \/>\n\t\t<meta property=\"og:locale\" content=\"pt_BR\" \/>\n\t\t<meta property=\"og:site_name\" content=\"Arquivo | Jornal J\u00c1 | Porto Alegre\" \/>\n\t\t<meta property=\"og:type\" content=\"article\" \/>\n\t\t<meta property=\"og:title\" content=\"Companhia teatral de Veran\u00f3polis apresenta espet\u00e1culo sobre folclore no teatro Bruno Kiefer | Arquivo\" \/>\n\t\t<meta property=\"og:url\" content=\"https:\/\/www.jornalja.com.br\/arquivo\/companhia-teatral-de-veranopolis-apresenta-espetaculo-sobre-folclore-no-teatro-bruno-kiefer\/\" \/>\n\t\t<meta property=\"og:image\" content=\"https:\/\/www.jornalja.com.br\/economics\/wp-content\/uploads\/sites\/11\/2026\/08\/ja-folhaderosto-facebook.jpg\" \/>\n\t\t<meta property=\"og:image:secure_url\" content=\"https:\/\/www.jornalja.com.br\/economics\/wp-content\/uploads\/sites\/11\/2026\/08\/ja-folhaderosto-facebook.jpg\" \/>\n\t\t<meta property=\"article:published_time\" content=\"2018-11-12T18:52:06+00:00\" \/>\n\t\t<meta property=\"article:modified_time\" content=\"2018-11-12T18:52:06+00:00\" \/>\n\t\t<meta name=\"twitter:card\" content=\"summary\" \/>\n\t\t<meta name=\"twitter:title\" content=\"Companhia teatral de Veran\u00f3polis apresenta espet\u00e1culo sobre folclore no teatro Bruno Kiefer | Arquivo\" \/>\n\t\t<meta name=\"twitter:image\" content=\"https:\/\/www.jornalja.com.br\/economics\/wp-content\/uploads\/sites\/11\/2026\/08\/ja-folhaderosto-facebook.jpg\" \/>\n\t\t<script type=\"application\/ld+json\" class=\"aioseo-schema\">\n\t\t\t{\"@context\":\"https:\\\/\\\/schema.org\",\"@graph\":[{\"@type\":\"BlogPosting\",\"@id\":\"https:\\\/\\\/www.jornalja.com.br\\\/arquivo\\\/companhia-teatral-de-veranopolis-apresenta-espetaculo-sobre-folclore-no-teatro-bruno-kiefer\\\/#blogposting\",\"name\":\"Companhia teatral de Veran\\u00f3polis apresenta espet\\u00e1culo sobre folclore no teatro Bruno Kiefer | Arquivo\",\"headline\":\"Companhia teatral de Veran\\u00f3polis apresenta espet\\u00e1culo sobre folclore no teatro Bruno Kiefer\",\"author\":{\"@id\":\"https:\\\/\\\/www.jornalja.com.br\\\/arquivo\\\/author\\\/daredacao\\\/#author\"},\"publisher\":{\"@id\":\"https:\\\/\\\/www.jornalja.com.br\\\/arquivo\\\/#organization\"},\"image\":{\"@type\":\"ImageObject\",\"url\":70959},\"datePublished\":\"2018-11-12T16:52:06-02:00\",\"dateModified\":\"2018-11-12T16:52:06-02:00\",\"inLanguage\":\"pt-BR\",\"mainEntityOfPage\":{\"@id\":\"https:\\\/\\\/www.jornalja.com.br\\\/arquivo\\\/companhia-teatral-de-veranopolis-apresenta-espetaculo-sobre-folclore-no-teatro-bruno-kiefer\\\/#webpage\"},\"isPartOf\":{\"@id\":\"https:\\\/\\\/www.jornalja.com.br\\\/arquivo\\\/companhia-teatral-de-veranopolis-apresenta-espetaculo-sobre-folclore-no-teatro-bruno-kiefer\\\/#webpage\"},\"articleSection\":\"Cultura-Geral\"},{\"@type\":\"BreadcrumbList\",\"@id\":\"https:\\\/\\\/www.jornalja.com.br\\\/arquivo\\\/companhia-teatral-de-veranopolis-apresenta-espetaculo-sobre-folclore-no-teatro-bruno-kiefer\\\/#breadcrumblist\",\"itemListElement\":[{\"@type\":\"ListItem\",\"@id\":\"https:\\\/\\\/www.jornalja.com.br\\\/arquivo#listItem\",\"position\":1,\"name\":\"Home\",\"item\":\"https:\\\/\\\/www.jornalja.com.br\\\/arquivo\",\"nextItem\":{\"@type\":\"ListItem\",\"@id\":\"https:\\\/\\\/www.jornalja.com.br\\\/arquivo\\\/category\\\/materiasecundaria\\\/#listItem\",\"name\":\"Cultura-Geral\"}},{\"@type\":\"ListItem\",\"@id\":\"https:\\\/\\\/www.jornalja.com.br\\\/arquivo\\\/category\\\/materiasecundaria\\\/#listItem\",\"position\":2,\"name\":\"Cultura-Geral\",\"item\":\"https:\\\/\\\/www.jornalja.com.br\\\/arquivo\\\/category\\\/materiasecundaria\\\/\",\"nextItem\":{\"@type\":\"ListItem\",\"@id\":\"https:\\\/\\\/www.jornalja.com.br\\\/arquivo\\\/companhia-teatral-de-veranopolis-apresenta-espetaculo-sobre-folclore-no-teatro-bruno-kiefer\\\/#listItem\",\"name\":\"Companhia teatral de Veran\\u00f3polis apresenta espet\\u00e1culo sobre folclore no teatro Bruno Kiefer\"},\"previousItem\":{\"@type\":\"ListItem\",\"@id\":\"https:\\\/\\\/www.jornalja.com.br\\\/arquivo#listItem\",\"name\":\"Home\"}},{\"@type\":\"ListItem\",\"@id\":\"https:\\\/\\\/www.jornalja.com.br\\\/arquivo\\\/companhia-teatral-de-veranopolis-apresenta-espetaculo-sobre-folclore-no-teatro-bruno-kiefer\\\/#listItem\",\"position\":3,\"name\":\"Companhia teatral de Veran\\u00f3polis apresenta espet\\u00e1culo sobre folclore no teatro Bruno Kiefer\",\"previousItem\":{\"@type\":\"ListItem\",\"@id\":\"https:\\\/\\\/www.jornalja.com.br\\\/arquivo\\\/category\\\/materiasecundaria\\\/#listItem\",\"name\":\"Cultura-Geral\"}}]},{\"@type\":\"Organization\",\"@id\":\"https:\\\/\\\/www.jornalja.com.br\\\/arquivo\\\/#organization\",\"name\":\"Jornal J\\u00c1\",\"description\":\"Jornal J\\u00c1 | Porto Alegre\",\"url\":\"https:\\\/\\\/www.jornalja.com.br\\\/arquivo\\\/\",\"telephone\":\"+555133307272\",\"logo\":{\"@type\":\"ImageObject\",\"url\":\"https:\\\/\\\/www.jornalja.com.br\\\/wp-content\\\/uploads\\\/cards\\\/JAslogan.png\",\"@id\":\"https:\\\/\\\/www.jornalja.com.br\\\/arquivo\\\/companhia-teatral-de-veranopolis-apresenta-espetaculo-sobre-folclore-no-teatro-bruno-kiefer\\\/#organizationLogo\"},\"image\":{\"@id\":\"https:\\\/\\\/www.jornalja.com.br\\\/arquivo\\\/companhia-teatral-de-veranopolis-apresenta-espetaculo-sobre-folclore-no-teatro-bruno-kiefer\\\/#organizationLogo\"}},{\"@type\":\"Person\",\"@id\":\"https:\\\/\\\/www.jornalja.com.br\\\/arquivo\\\/author\\\/daredacao\\\/#author\",\"url\":\"https:\\\/\\\/www.jornalja.com.br\\\/arquivo\\\/author\\\/daredacao\\\/\",\"name\":\"da Reda\\u00e7\\u00e3o\",\"image\":{\"@type\":\"ImageObject\",\"@id\":\"https:\\\/\\\/www.jornalja.com.br\\\/arquivo\\\/companhia-teatral-de-veranopolis-apresenta-espetaculo-sobre-folclore-no-teatro-bruno-kiefer\\\/#authorImage\",\"url\":\"https:\\\/\\\/secure.gravatar.com\\\/avatar\\\/469fd857d6605ad19919d27ed29d35a968a25f6e8fd9318356bbb7f57aae9c65?s=96&d=mm&r=g\",\"width\":96,\"height\":96,\"caption\":\"da Reda\\u00e7\\u00e3o\"}},{\"@type\":\"WebPage\",\"@id\":\"https:\\\/\\\/www.jornalja.com.br\\\/arquivo\\\/companhia-teatral-de-veranopolis-apresenta-espetaculo-sobre-folclore-no-teatro-bruno-kiefer\\\/#webpage\",\"url\":\"https:\\\/\\\/www.jornalja.com.br\\\/arquivo\\\/companhia-teatral-de-veranopolis-apresenta-espetaculo-sobre-folclore-no-teatro-bruno-kiefer\\\/\",\"name\":\"Companhia teatral de Veran\\u00f3polis apresenta espet\\u00e1culo sobre folclore no teatro Bruno Kiefer | Arquivo\",\"inLanguage\":\"pt-BR\",\"isPartOf\":{\"@id\":\"https:\\\/\\\/www.jornalja.com.br\\\/arquivo\\\/#website\"},\"breadcrumb\":{\"@id\":\"https:\\\/\\\/www.jornalja.com.br\\\/arquivo\\\/companhia-teatral-de-veranopolis-apresenta-espetaculo-sobre-folclore-no-teatro-bruno-kiefer\\\/#breadcrumblist\"},\"author\":{\"@id\":\"https:\\\/\\\/www.jornalja.com.br\\\/arquivo\\\/author\\\/daredacao\\\/#author\"},\"creator\":{\"@id\":\"https:\\\/\\\/www.jornalja.com.br\\\/arquivo\\\/author\\\/daredacao\\\/#author\"},\"image\":{\"@type\":\"ImageObject\",\"url\":70959,\"@id\":\"https:\\\/\\\/www.jornalja.com.br\\\/arquivo\\\/companhia-teatral-de-veranopolis-apresenta-espetaculo-sobre-folclore-no-teatro-bruno-kiefer\\\/#mainImage\"},\"primaryImageOfPage\":{\"@id\":\"https:\\\/\\\/www.jornalja.com.br\\\/arquivo\\\/companhia-teatral-de-veranopolis-apresenta-espetaculo-sobre-folclore-no-teatro-bruno-kiefer\\\/#mainImage\"},\"datePublished\":\"2018-11-12T16:52:06-02:00\",\"dateModified\":\"2018-11-12T16:52:06-02:00\"},{\"@type\":\"WebSite\",\"@id\":\"https:\\\/\\\/www.jornalja.com.br\\\/arquivo\\\/#website\",\"url\":\"https:\\\/\\\/www.jornalja.com.br\\\/arquivo\\\/\",\"name\":\"Arquivo\",\"description\":\"Jornal J\\u00c1 | Porto Alegre\",\"inLanguage\":\"pt-BR\",\"publisher\":{\"@id\":\"https:\\\/\\\/www.jornalja.com.br\\\/arquivo\\\/#organization\"}}]}\n\t\t<\/script>\n\t\t<!-- All in One SEO -->\n\n","aioseo_head_json":{"title":"Companhia teatral de Veran\u00f3polis apresenta espet\u00e1culo sobre folclore no teatro Bruno Kiefer | Arquivo","description":"","canonical_url":"https:\/\/www.jornalja.com.br\/arquivo\/companhia-teatral-de-veranopolis-apresenta-espetaculo-sobre-folclore-no-teatro-bruno-kiefer\/","robots":"max-image-preview:large","keywords":"","webmasterTools":{"miscellaneous":""},"schema":{"@context":"https:\/\/schema.org","@graph":[{"@type":"BlogPosting","@id":"https:\/\/www.jornalja.com.br\/arquivo\/companhia-teatral-de-veranopolis-apresenta-espetaculo-sobre-folclore-no-teatro-bruno-kiefer\/#blogposting","name":"Companhia teatral de Veran\u00f3polis apresenta espet\u00e1culo sobre folclore no teatro Bruno Kiefer | Arquivo","headline":"Companhia teatral de Veran\u00f3polis apresenta espet\u00e1culo sobre folclore no teatro Bruno Kiefer","author":{"@id":"https:\/\/www.jornalja.com.br\/arquivo\/author\/daredacao\/#author"},"publisher":{"@id":"https:\/\/www.jornalja.com.br\/arquivo\/#organization"},"image":{"@type":"ImageObject","url":70959},"datePublished":"2018-11-12T16:52:06-02:00","dateModified":"2018-11-12T16:52:06-02:00","inLanguage":"pt-BR","mainEntityOfPage":{"@id":"https:\/\/www.jornalja.com.br\/arquivo\/companhia-teatral-de-veranopolis-apresenta-espetaculo-sobre-folclore-no-teatro-bruno-kiefer\/#webpage"},"isPartOf":{"@id":"https:\/\/www.jornalja.com.br\/arquivo\/companhia-teatral-de-veranopolis-apresenta-espetaculo-sobre-folclore-no-teatro-bruno-kiefer\/#webpage"},"articleSection":"Cultura-Geral"},{"@type":"BreadcrumbList","@id":"https:\/\/www.jornalja.com.br\/arquivo\/companhia-teatral-de-veranopolis-apresenta-espetaculo-sobre-folclore-no-teatro-bruno-kiefer\/#breadcrumblist","itemListElement":[{"@type":"ListItem","@id":"https:\/\/www.jornalja.com.br\/arquivo#listItem","position":1,"name":"Home","item":"https:\/\/www.jornalja.com.br\/arquivo","nextItem":{"@type":"ListItem","@id":"https:\/\/www.jornalja.com.br\/arquivo\/category\/materiasecundaria\/#listItem","name":"Cultura-Geral"}},{"@type":"ListItem","@id":"https:\/\/www.jornalja.com.br\/arquivo\/category\/materiasecundaria\/#listItem","position":2,"name":"Cultura-Geral","item":"https:\/\/www.jornalja.com.br\/arquivo\/category\/materiasecundaria\/","nextItem":{"@type":"ListItem","@id":"https:\/\/www.jornalja.com.br\/arquivo\/companhia-teatral-de-veranopolis-apresenta-espetaculo-sobre-folclore-no-teatro-bruno-kiefer\/#listItem","name":"Companhia teatral de Veran\u00f3polis apresenta espet\u00e1culo sobre folclore no teatro Bruno Kiefer"},"previousItem":{"@type":"ListItem","@id":"https:\/\/www.jornalja.com.br\/arquivo#listItem","name":"Home"}},{"@type":"ListItem","@id":"https:\/\/www.jornalja.com.br\/arquivo\/companhia-teatral-de-veranopolis-apresenta-espetaculo-sobre-folclore-no-teatro-bruno-kiefer\/#listItem","position":3,"name":"Companhia teatral de Veran\u00f3polis apresenta espet\u00e1culo sobre folclore no teatro Bruno Kiefer","previousItem":{"@type":"ListItem","@id":"https:\/\/www.jornalja.com.br\/arquivo\/category\/materiasecundaria\/#listItem","name":"Cultura-Geral"}}]},{"@type":"Organization","@id":"https:\/\/www.jornalja.com.br\/arquivo\/#organization","name":"Jornal J\u00c1","description":"Jornal J\u00c1 | Porto Alegre","url":"https:\/\/www.jornalja.com.br\/arquivo\/","telephone":"+555133307272","logo":{"@type":"ImageObject","url":"https:\/\/www.jornalja.com.br\/wp-content\/uploads\/cards\/JAslogan.png","@id":"https:\/\/www.jornalja.com.br\/arquivo\/companhia-teatral-de-veranopolis-apresenta-espetaculo-sobre-folclore-no-teatro-bruno-kiefer\/#organizationLogo"},"image":{"@id":"https:\/\/www.jornalja.com.br\/arquivo\/companhia-teatral-de-veranopolis-apresenta-espetaculo-sobre-folclore-no-teatro-bruno-kiefer\/#organizationLogo"}},{"@type":"Person","@id":"https:\/\/www.jornalja.com.br\/arquivo\/author\/daredacao\/#author","url":"https:\/\/www.jornalja.com.br\/arquivo\/author\/daredacao\/","name":"da Reda\u00e7\u00e3o","image":{"@type":"ImageObject","@id":"https:\/\/www.jornalja.com.br\/arquivo\/companhia-teatral-de-veranopolis-apresenta-espetaculo-sobre-folclore-no-teatro-bruno-kiefer\/#authorImage","url":"https:\/\/secure.gravatar.com\/avatar\/469fd857d6605ad19919d27ed29d35a968a25f6e8fd9318356bbb7f57aae9c65?s=96&d=mm&r=g","width":96,"height":96,"caption":"da Reda\u00e7\u00e3o"}},{"@type":"WebPage","@id":"https:\/\/www.jornalja.com.br\/arquivo\/companhia-teatral-de-veranopolis-apresenta-espetaculo-sobre-folclore-no-teatro-bruno-kiefer\/#webpage","url":"https:\/\/www.jornalja.com.br\/arquivo\/companhia-teatral-de-veranopolis-apresenta-espetaculo-sobre-folclore-no-teatro-bruno-kiefer\/","name":"Companhia teatral de Veran\u00f3polis apresenta espet\u00e1culo sobre folclore no teatro Bruno Kiefer | Arquivo","inLanguage":"pt-BR","isPartOf":{"@id":"https:\/\/www.jornalja.com.br\/arquivo\/#website"},"breadcrumb":{"@id":"https:\/\/www.jornalja.com.br\/arquivo\/companhia-teatral-de-veranopolis-apresenta-espetaculo-sobre-folclore-no-teatro-bruno-kiefer\/#breadcrumblist"},"author":{"@id":"https:\/\/www.jornalja.com.br\/arquivo\/author\/daredacao\/#author"},"creator":{"@id":"https:\/\/www.jornalja.com.br\/arquivo\/author\/daredacao\/#author"},"image":{"@type":"ImageObject","url":70959,"@id":"https:\/\/www.jornalja.com.br\/arquivo\/companhia-teatral-de-veranopolis-apresenta-espetaculo-sobre-folclore-no-teatro-bruno-kiefer\/#mainImage"},"primaryImageOfPage":{"@id":"https:\/\/www.jornalja.com.br\/arquivo\/companhia-teatral-de-veranopolis-apresenta-espetaculo-sobre-folclore-no-teatro-bruno-kiefer\/#mainImage"},"datePublished":"2018-11-12T16:52:06-02:00","dateModified":"2018-11-12T16:52:06-02:00"},{"@type":"WebSite","@id":"https:\/\/www.jornalja.com.br\/arquivo\/#website","url":"https:\/\/www.jornalja.com.br\/arquivo\/","name":"Arquivo","description":"Jornal J\u00c1 | Porto Alegre","inLanguage":"pt-BR","publisher":{"@id":"https:\/\/www.jornalja.com.br\/arquivo\/#organization"}}]},"og:locale":"pt_BR","og:site_name":"Arquivo | Jornal J\u00c1 | Porto Alegre","og:type":"article","og:title":"Companhia teatral de Veran\u00f3polis apresenta espet\u00e1culo sobre folclore no teatro Bruno Kiefer | Arquivo","og:url":"https:\/\/www.jornalja.com.br\/arquivo\/companhia-teatral-de-veranopolis-apresenta-espetaculo-sobre-folclore-no-teatro-bruno-kiefer\/","og:image":"https:\/\/www.jornalja.com.br\/economics\/wp-content\/uploads\/sites\/11\/2026\/08\/ja-folhaderosto-facebook.jpg","og:image:secure_url":"https:\/\/www.jornalja.com.br\/economics\/wp-content\/uploads\/sites\/11\/2026\/08\/ja-folhaderosto-facebook.jpg","article:published_time":"2018-11-12T18:52:06+00:00","article:modified_time":"2018-11-12T18:52:06+00:00","twitter:card":"summary","twitter:title":"Companhia teatral de Veran\u00f3polis apresenta espet\u00e1culo sobre folclore no teatro Bruno Kiefer | Arquivo","twitter:image":"https:\/\/www.jornalja.com.br\/economics\/wp-content\/uploads\/sites\/11\/2026\/08\/ja-folhaderosto-facebook.jpg"},"aioseo_meta_data":{"post_id":"70958","title":null,"description":null,"keywords":null,"keyphrases":null,"primary_term":null,"canonical_url":null,"og_title":null,"og_description":null,"og_object_type":"default","og_image_type":"default","og_image_url":null,"og_image_width":null,"og_image_height":null,"og_image_custom_url":null,"og_image_custom_fields":null,"og_video":null,"og_custom_url":null,"og_article_section":null,"og_article_tags":null,"twitter_use_og":false,"twitter_card":"default","twitter_image_type":"default","twitter_image_url":null,"twitter_image_custom_url":null,"twitter_image_custom_fields":null,"twitter_title":null,"twitter_description":null,"schema":{"blockGraphs":[],"customGraphs":[],"default":{"data":{"Article":[],"Course":[],"Dataset":[],"FAQPage":[],"Movie":[],"Person":[],"Product":[],"ProductReview":[],"Car":[],"Recipe":[],"Service":[],"SoftwareApplication":[],"WebPage":[]},"graphName":"","isEnabled":true},"graphs":[],"defaultGraph":"","defaultPostTypeGraph":""},"schema_type":null,"schema_type_options":null,"pillar_content":false,"robots_default":true,"robots_noindex":false,"robots_noarchive":false,"robots_nosnippet":false,"robots_nofollow":false,"robots_noimageindex":false,"robots_noodp":false,"robots_notranslate":false,"robots_max_snippet":null,"robots_max_videopreview":null,"robots_max_imagepreview":"large","priority":null,"frequency":null,"location":null,"local_seo":null,"breadcrumb_settings":null,"limit_modified_date":false,"ai":null,"created":"2020-12-20 20:05:27","updated":"2025-07-20 06:24:38","seo_analyzer_scan_date":null,"focus_keyword":null,"additional_keywords":null,"truseo_locale":null},"jetpack_sharing_enabled":true,"jetpack-related-posts":[{"id":13124,"url":"https:\/\/www.jornalja.com.br\/arquivo\/sangue-latino-no-iecine\/","url_meta":{"origin":70958,"position":0},"title":"Sangue latino no IECINE","author":"da Reda\u00e7\u00e3o","date":"18 de maio de 2014","format":false,"excerpt":"Francisco Ribeiro O Instituto Estadual de Cinema (IECINE) tem a frente, desde abril \u00faltimo, um novo diretor, o cineasta colombiano Juan Zapata, 36, que substitui Luiz Alberto Cassol. Radicado h\u00e1 dez anos em Porto Alegre, Zapata tem diante de si o desafio de conduzir at\u00e9 o final do ano um\u2026","rel":"","context":"Em &quot;Cultura-Geral&quot;","block_context":{"text":"Cultura-Geral","link":"https:\/\/www.jornalja.com.br\/arquivo\/category\/materiasecundaria\/"},"img":{"alt_text":"","src":"","width":0,"height":0},"classes":[]},{"id":13240,"url":"https:\/\/www.jornalja.com.br\/arquivo\/plano-diretor-estamos-construindo-o-caos\/","url_meta":{"origin":70958,"position":1},"title":"Plano diretor: &quot;Estamos construindo o caos&quot;","author":"Patr\u00edcia Marini","date":"26 de maio de 2014","format":false,"excerpt":"Desabafo que arquiteta Eliana Castilhos, delegada da Regi\u00e3o de Planejamento 1, postou nas redes sociais \u00e9 um testemunho do ambiente que se criou no Conselho do Plano Diretor de Porto Alegre, onde a aprova\u00e7\u00e3o de grandes empreendimentos \u00e9 empurrada guela abaixo dos conselheiros. Ao CMDUA Como delegada da Regi\u00e3o de\u2026","rel":"","context":"Em &quot;Geral&quot;","block_context":{"text":"Geral","link":"https:\/\/www.jornalja.com.br\/arquivo\/category\/geral\/"},"img":{"alt_text":"","src":"","width":0,"height":0},"classes":[]},{"id":14241,"url":"https:\/\/www.jornalja.com.br\/arquivo\/o-guaiba-nas-imagens-poeticas-de-achutti\/","url_meta":{"origin":70958,"position":2},"title":"O Gua\u00edba nas imagens po\u00e9ticas de Achutti","author":"da Reda\u00e7\u00e3o","date":"18 de junho de 2014","format":false,"excerpt":"Em \u201cO Gua\u00edba por Achutti\u201d \u2013 obra financiada via Minist\u00e9rio da Cultura, produ\u00e7\u00e3o executiva de Pedro Longhi, e Fl\u00e1vio Wild como designer \u2013, o fot\u00f3grafo revela a beleza e as mazelas de um espa\u00e7o aqu\u00e1tico de \u00e1guas sempre renovadas, cheio de hist\u00f3rias e lendas como as das cidades que foram\u2026","rel":"","context":"Em &quot;Cultura-Geral&quot;","block_context":{"text":"Cultura-Geral","link":"https:\/\/www.jornalja.com.br\/arquivo\/category\/materiasecundaria\/"},"img":{"alt_text":"","src":"","width":0,"height":0},"classes":[]},{"id":12960,"url":"https:\/\/www.jornalja.com.br\/arquivo\/populacao-culpa-empresas-pela-greve-dos-rodoviarios\/","url_meta":{"origin":70958,"position":3},"title":"Popula\u00e7\u00e3o culpa empresas pela greve","author":"Patr\u00edcia Marini","date":"14 de fevereiro de 2014","format":false,"excerpt":"Pesquisa divulgada na edi\u00e7\u00e3o do jornal Metro desta sexta-feira,14, comprova o velho ditado: \u00e9 poss\u00edvel enganar muitos por algum tempo, mas n\u00e3o \u00e9 poss\u00edvel enganar a todos o tempo inteiro. A principal revela\u00e7\u00e3o foi que 59,8% dos entrevistados apontaram as empresas como as principais respons\u00e1veis pela grave e 46% culparam\u2026","rel":"","context":"Em &quot;X.Categorias velhas&quot;","block_context":{"text":"X.Categorias velhas","link":"https:\/\/www.jornalja.com.br\/arquivo\/category\/x-categorias-velhas\/"},"img":{"alt_text":"","src":"","width":0,"height":0},"classes":[]},{"id":13109,"url":"https:\/\/www.jornalja.com.br\/arquivo\/judiciario-reconhece-poluicao-eletromagnetica\/","url_meta":{"origin":70958,"position":4},"title":"Judici\u00e1rio reconhece polui\u00e7\u00e3o eletromagn\u00e9tica","author":"Patr\u00edcia Marini","date":"16 de maio de 2014","format":false,"excerpt":"A\u00e7\u00e3o de duas associa\u00e7\u00f5es de moradores foi acolhida pelo Tribunal de Justi\u00e7a de S\u00e3o Paulo que. em decis\u00e3o in\u00e9dita, determinou a redu\u00e7\u00e3o do campo eletromagn\u00e9tico gerado pelas linhas de transmiss\u00e3o de energia que cortam os bairros City Boa\u00e7ava e Alto de Pinheiros. \u00c9 a primeira vez que um tribunal do\u2026","rel":"","context":"Em &quot;X.Categorias velhas&quot;","block_context":{"text":"X.Categorias velhas","link":"https:\/\/www.jornalja.com.br\/arquivo\/category\/x-categorias-velhas\/"},"img":{"alt_text":"","src":"","width":0,"height":0},"classes":[]}],"jetpack_shortlink":"https:\/\/wp.me\/pbQjBd-isu","jetpack_featured_media_url":"","_links":{"self":[{"href":"https:\/\/www.jornalja.com.br\/arquivo\/wp-json\/wp\/v2\/posts\/70958","targetHints":{"allow":["GET"]}}],"collection":[{"href":"https:\/\/www.jornalja.com.br\/arquivo\/wp-json\/wp\/v2\/posts"}],"about":[{"href":"https:\/\/www.jornalja.com.br\/arquivo\/wp-json\/wp\/v2\/types\/post"}],"author":[{"embeddable":true,"href":"https:\/\/www.jornalja.com.br\/arquivo\/wp-json\/wp\/v2\/users\/4"}],"replies":[{"embeddable":true,"href":"https:\/\/www.jornalja.com.br\/arquivo\/wp-json\/wp\/v2\/comments?post=70958"}],"version-history":[{"count":0,"href":"https:\/\/www.jornalja.com.br\/arquivo\/wp-json\/wp\/v2\/posts\/70958\/revisions"}],"wp:attachment":[{"href":"https:\/\/www.jornalja.com.br\/arquivo\/wp-json\/wp\/v2\/media?parent=70958"}],"wp:term":[{"taxonomy":"category","embeddable":true,"href":"https:\/\/www.jornalja.com.br\/arquivo\/wp-json\/wp\/v2\/categories?post=70958"},{"taxonomy":"post_tag","embeddable":true,"href":"https:\/\/www.jornalja.com.br\/arquivo\/wp-json\/wp\/v2\/tags?post=70958"}],"curies":[{"name":"wp","href":"https:\/\/api.w.org\/{rel}","templated":true}]}}