{"id":71662,"date":"2018-12-14T10:50:11","date_gmt":"2018-12-14T12:50:11","guid":{"rendered":"https:\/\/www.jornalja.com.br\/?p=71662"},"modified":"2018-12-14T10:50:11","modified_gmt":"2018-12-14T12:50:11","slug":"um-pacto-para-o-pampa-em-debate-na-ufrgs-dia-17-12","status":"publish","type":"post","link":"https:\/\/www.jornalja.com.br\/arquivo\/um-pacto-para-o-pampa-em-debate-na-ufrgs-dia-17-12\/","title":{"rendered":"\u201cUm pacto para o Pampa\u201d, em debate na UFRGS, dia 17\/12"},"content":{"rendered":"<p>No dia do bioma Pampa, na pr\u00f3xima segunda-feira, dia 17, a Universidade Federal do Rio Grande do Sul, atrav\u00e9s do Instituto de Bioci\u00eancias, convida para o evento \u201cUm pacto para o Pampa\u201d, a partir das 15h no Centro Cultural da UFRGS, Sala Jacarand\u00e1 (Rua Eng. Luiz Englert, 333 Campus Centro).<br \/>\nO evento foi desenhado para iniciar, com base na apresenta\u00e7\u00e3o e discuss\u00e3o de dados recentes, um di\u00e1logo propositivo entre diversas institui\u00e7\u00f5es que atuam no bioma, com objetivo de definir a\u00e7\u00f5es priorit\u00e1rias e ajudar na constru\u00e7\u00e3o das politicas p\u00fablicas que possibilitar\u00e3o a conserva\u00e7\u00e3o e o desenvolvimento de atividades econ\u00f4micas compat\u00edveis e ecologicamente sustent\u00e1veis no bioma.<br \/>\nO Pampa, que cobre apenas 2.07% do territ\u00f3rio brasileiro, possui paisagens \u00fanicas, belas e com uma rica biodiversidade, bem como uma import\u00e2ncia cultural singular. Tamb\u00e9m contribui de forma significativa para a qualidade de vida, pois fornece importantes servi\u00e7os ecossist\u00eamicos. Neste contexto, destaca-se papel da atividade pastoril de produ\u00e7\u00e3o pecu\u00e1ria para a conserva\u00e7\u00e3o dos campos nativos.<br \/>\nAo mesmo tempo, entre os biomas brasileiros, o Pampa \u00e9 aquele com a menor percentagem de \u00e1reas protegidas, e v\u00eam sofrendo uma r\u00e1pida convers\u00e3o das suas \u00e1reas naturais para outros usos da terra. Por muito tempo, os ecossistemas n\u00e3o-florestais deixaram de ser inclu\u00eddos na discuss\u00e3o sobre conserva\u00e7\u00e3o e restaura\u00e7\u00e3o da biodiversidade no Brasil, e ecossistemas campestres com os do Pampa foram negligenciados.<br \/>\nA falta de politicas espec\u00edficas que visam \u00e0 compatibiliza\u00e7\u00e3o das atividades econ\u00f4micas com a perman\u00eancia da cobertura original do Pampa, com base priorit\u00e1ria na pecu\u00e1ria, p\u00f5e em risco o alcance de metas internacionais, tais como as Metas da Biodiversidade 2020 e os compromissos com os Objetivos do Desenvolvimento Sustent\u00e1vel 2030.<br \/>\n<span class=\"intertit\">Programa\u00e7\u00e3o:<\/span><br \/>\n<strong>15h Abertura<\/strong> &#8211; A contribui\u00e7\u00e3o das universidades para o estado Prof. Dr. Lu\u00eds da Cunha Lamb, Pr\u00f3-Reitor de Pesquisa da UFRGS<br \/>\n<strong>15h15<\/strong> &#8211; As novas \u00e1reas priorit\u00e1rias para a biodiversidade no bioma Pampa Dr. Eduardo V\u00e9lez, Rede Campos Sulinos, UFRGS<br \/>\n<strong>15h30<\/strong> &#8211; Mudan\u00e7as no uso da terra no bioma Pampa: o projeto MAPBIOMAS Prof. Dr. Heinrich Hasenack, Departamento de Ecologia, UFRGS<br \/>\n<strong>15h45<\/strong> &#8211; Produ\u00e7\u00e3o pecu\u00e1ria nos campos nativos do bioma Pampa Prof. Dr. Carlos Nabinger, Faculdade de Agronomia, UFRGS<br \/>\n<strong>16h<\/strong> &#8211; Restaura\u00e7\u00e3o dos campos do Pampa: desafios e oportunidades Prof. Dr. Gerhard Overbeck, Departamento de Bot\u00e2nica, UFRGS<br \/>\n<strong>16h15<\/strong> &#8211; Debate<br \/>\n<strong>17h<\/strong> &#8211; Encaminhamentos e encerramento<\/p>\n","protected":false},"excerpt":{"rendered":"<p>No dia do bioma Pampa, na pr\u00f3xima segunda-feira, dia 17, a Universidade Federal do Rio Grande do Sul, atrav\u00e9s do Instituto de Bioci\u00eancias, convida para o evento \u201cUm pacto para o Pampa\u201d, a partir das 15h no Centro Cultural da UFRGS, Sala Jacarand\u00e1 (Rua Eng. Luiz Englert, 333 Campus Centro). O evento foi desenhado para [&hellip;]<\/p>\n","protected":false},"author":4,"featured_media":27675,"comment_status":"open","ping_status":"closed","sticky":false,"template":"","format":"standard","meta":{"_jetpack_newsletter_access":"","_jetpack_dont_email_post_to_subs":false,"_jetpack_newsletter_tier_id":0,"_jetpack_memberships_contains_paywalled_content":false,"_jetpack_feature_clip_id":0,"_jetpack_memberships_contains_paid_content":false,"footnotes":"","jetpack_post_was_ever_published":false},"categories":[2022],"tags":[],"class_list":["post-71662","post","type-post","status-publish","format-standard","has-post-thumbnail","hentry","category-notas"],"aioseo_notices":[],"aioseo_head":"\n\t\t<!-- All in One SEO 5.0.1.1 - aioseo.com -->\n\t<meta name=\"robots\" content=\"max-image-preview:large\" \/>\n\t<meta name=\"author\" content=\"da Reda\u00e7\u00e3o\"\/>\n\t<link rel=\"canonical\" href=\"https:\/\/www.jornalja.com.br\/arquivo\/um-pacto-para-o-pampa-em-debate-na-ufrgs-dia-17-12\/\" \/>\n\t<meta name=\"generator\" content=\"All in One SEO (AIOSEO) 5.0.1.1\" \/>\n\t\t<meta property=\"og:locale\" content=\"pt_BR\" \/>\n\t\t<meta property=\"og:site_name\" content=\"Arquivo | Jornal J\u00c1 | Porto Alegre\" \/>\n\t\t<meta property=\"og:type\" content=\"article\" \/>\n\t\t<meta property=\"og:title\" content=\"\u201cUm pacto para o Pampa\u201d, em debate na UFRGS, dia 17\/12 | Arquivo\" \/>\n\t\t<meta property=\"og:url\" content=\"https:\/\/www.jornalja.com.br\/arquivo\/um-pacto-para-o-pampa-em-debate-na-ufrgs-dia-17-12\/\" \/>\n\t\t<meta property=\"og:image\" content=\"https:\/\/www.jornalja.com.br\/economics\/wp-content\/uploads\/sites\/11\/2026\/08\/ja-folhaderosto-facebook.jpg\" \/>\n\t\t<meta property=\"og:image:secure_url\" content=\"https:\/\/www.jornalja.com.br\/economics\/wp-content\/uploads\/sites\/11\/2026\/08\/ja-folhaderosto-facebook.jpg\" \/>\n\t\t<meta property=\"article:published_time\" content=\"2018-12-14T12:50:11+00:00\" \/>\n\t\t<meta property=\"article:modified_time\" content=\"2018-12-14T12:50:11+00:00\" \/>\n\t\t<meta name=\"twitter:card\" content=\"summary\" \/>\n\t\t<meta name=\"twitter:title\" content=\"\u201cUm pacto para o Pampa\u201d, em debate na UFRGS, dia 17\/12 | Arquivo\" \/>\n\t\t<meta name=\"twitter:image\" content=\"https:\/\/www.jornalja.com.br\/economics\/wp-content\/uploads\/sites\/11\/2026\/08\/ja-folhaderosto-facebook.jpg\" \/>\n\t\t<script type=\"application\/ld+json\" class=\"aioseo-schema\">\n\t\t\t{\"@context\":\"https:\\\/\\\/schema.org\",\"@graph\":[{\"@type\":\"BlogPosting\",\"@id\":\"https:\\\/\\\/www.jornalja.com.br\\\/arquivo\\\/um-pacto-para-o-pampa-em-debate-na-ufrgs-dia-17-12\\\/#blogposting\",\"name\":\"\\u201cUm pacto para o Pampa\\u201d, em debate na UFRGS, dia 17\\\/12 | Arquivo\",\"headline\":\"\\u201cUm pacto para o Pampa\\u201d, em debate na UFRGS, dia 17\\\/12\",\"author\":{\"@id\":\"https:\\\/\\\/www.jornalja.com.br\\\/arquivo\\\/author\\\/daredacao\\\/#author\"},\"publisher\":{\"@id\":\"https:\\\/\\\/www.jornalja.com.br\\\/arquivo\\\/#organization\"},\"image\":{\"@type\":\"ImageObject\",\"url\":27675},\"datePublished\":\"2018-12-14T10:50:11-02:00\",\"dateModified\":\"2018-12-14T10:50:11-02:00\",\"inLanguage\":\"pt-BR\",\"mainEntityOfPage\":{\"@id\":\"https:\\\/\\\/www.jornalja.com.br\\\/arquivo\\\/um-pacto-para-o-pampa-em-debate-na-ufrgs-dia-17-12\\\/#webpage\"},\"isPartOf\":{\"@id\":\"https:\\\/\\\/www.jornalja.com.br\\\/arquivo\\\/um-pacto-para-o-pampa-em-debate-na-ufrgs-dia-17-12\\\/#webpage\"},\"articleSection\":\"NOTAS\"},{\"@type\":\"BreadcrumbList\",\"@id\":\"https:\\\/\\\/www.jornalja.com.br\\\/arquivo\\\/um-pacto-para-o-pampa-em-debate-na-ufrgs-dia-17-12\\\/#breadcrumblist\",\"itemListElement\":[{\"@type\":\"ListItem\",\"@id\":\"https:\\\/\\\/www.jornalja.com.br\\\/arquivo#listItem\",\"position\":1,\"name\":\"Home\",\"item\":\"https:\\\/\\\/www.jornalja.com.br\\\/arquivo\",\"nextItem\":{\"@type\":\"ListItem\",\"@id\":\"https:\\\/\\\/www.jornalja.com.br\\\/arquivo\\\/category\\\/notas\\\/#listItem\",\"name\":\"NOTAS\"}},{\"@type\":\"ListItem\",\"@id\":\"https:\\\/\\\/www.jornalja.com.br\\\/arquivo\\\/category\\\/notas\\\/#listItem\",\"position\":2,\"name\":\"NOTAS\",\"item\":\"https:\\\/\\\/www.jornalja.com.br\\\/arquivo\\\/category\\\/notas\\\/\",\"nextItem\":{\"@type\":\"ListItem\",\"@id\":\"https:\\\/\\\/www.jornalja.com.br\\\/arquivo\\\/um-pacto-para-o-pampa-em-debate-na-ufrgs-dia-17-12\\\/#listItem\",\"name\":\"\\u201cUm pacto para o Pampa\\u201d, em debate na UFRGS, dia 17\\\/12\"},\"previousItem\":{\"@type\":\"ListItem\",\"@id\":\"https:\\\/\\\/www.jornalja.com.br\\\/arquivo#listItem\",\"name\":\"Home\"}},{\"@type\":\"ListItem\",\"@id\":\"https:\\\/\\\/www.jornalja.com.br\\\/arquivo\\\/um-pacto-para-o-pampa-em-debate-na-ufrgs-dia-17-12\\\/#listItem\",\"position\":3,\"name\":\"\\u201cUm pacto para o Pampa\\u201d, em debate na UFRGS, dia 17\\\/12\",\"previousItem\":{\"@type\":\"ListItem\",\"@id\":\"https:\\\/\\\/www.jornalja.com.br\\\/arquivo\\\/category\\\/notas\\\/#listItem\",\"name\":\"NOTAS\"}}]},{\"@type\":\"Organization\",\"@id\":\"https:\\\/\\\/www.jornalja.com.br\\\/arquivo\\\/#organization\",\"name\":\"Jornal J\\u00c1\",\"description\":\"Jornal J\\u00c1 | Porto Alegre\",\"url\":\"https:\\\/\\\/www.jornalja.com.br\\\/arquivo\\\/\",\"telephone\":\"+555133307272\",\"logo\":{\"@type\":\"ImageObject\",\"url\":\"https:\\\/\\\/www.jornalja.com.br\\\/wp-content\\\/uploads\\\/cards\\\/JAslogan.png\",\"@id\":\"https:\\\/\\\/www.jornalja.com.br\\\/arquivo\\\/um-pacto-para-o-pampa-em-debate-na-ufrgs-dia-17-12\\\/#organizationLogo\"},\"image\":{\"@id\":\"https:\\\/\\\/www.jornalja.com.br\\\/arquivo\\\/um-pacto-para-o-pampa-em-debate-na-ufrgs-dia-17-12\\\/#organizationLogo\"}},{\"@type\":\"Person\",\"@id\":\"https:\\\/\\\/www.jornalja.com.br\\\/arquivo\\\/author\\\/daredacao\\\/#author\",\"url\":\"https:\\\/\\\/www.jornalja.com.br\\\/arquivo\\\/author\\\/daredacao\\\/\",\"name\":\"da Reda\\u00e7\\u00e3o\",\"image\":{\"@type\":\"ImageObject\",\"@id\":\"https:\\\/\\\/www.jornalja.com.br\\\/arquivo\\\/um-pacto-para-o-pampa-em-debate-na-ufrgs-dia-17-12\\\/#authorImage\",\"url\":\"https:\\\/\\\/secure.gravatar.com\\\/avatar\\\/469fd857d6605ad19919d27ed29d35a968a25f6e8fd9318356bbb7f57aae9c65?s=96&d=mm&r=g\",\"width\":96,\"height\":96,\"caption\":\"da Reda\\u00e7\\u00e3o\"}},{\"@type\":\"WebPage\",\"@id\":\"https:\\\/\\\/www.jornalja.com.br\\\/arquivo\\\/um-pacto-para-o-pampa-em-debate-na-ufrgs-dia-17-12\\\/#webpage\",\"url\":\"https:\\\/\\\/www.jornalja.com.br\\\/arquivo\\\/um-pacto-para-o-pampa-em-debate-na-ufrgs-dia-17-12\\\/\",\"name\":\"\\u201cUm pacto para o Pampa\\u201d, em debate na UFRGS, dia 17\\\/12 | Arquivo\",\"inLanguage\":\"pt-BR\",\"isPartOf\":{\"@id\":\"https:\\\/\\\/www.jornalja.com.br\\\/arquivo\\\/#website\"},\"breadcrumb\":{\"@id\":\"https:\\\/\\\/www.jornalja.com.br\\\/arquivo\\\/um-pacto-para-o-pampa-em-debate-na-ufrgs-dia-17-12\\\/#breadcrumblist\"},\"author\":{\"@id\":\"https:\\\/\\\/www.jornalja.com.br\\\/arquivo\\\/author\\\/daredacao\\\/#author\"},\"creator\":{\"@id\":\"https:\\\/\\\/www.jornalja.com.br\\\/arquivo\\\/author\\\/daredacao\\\/#author\"},\"image\":{\"@type\":\"ImageObject\",\"url\":27675,\"@id\":\"https:\\\/\\\/www.jornalja.com.br\\\/arquivo\\\/um-pacto-para-o-pampa-em-debate-na-ufrgs-dia-17-12\\\/#mainImage\"},\"primaryImageOfPage\":{\"@id\":\"https:\\\/\\\/www.jornalja.com.br\\\/arquivo\\\/um-pacto-para-o-pampa-em-debate-na-ufrgs-dia-17-12\\\/#mainImage\"},\"datePublished\":\"2018-12-14T10:50:11-02:00\",\"dateModified\":\"2018-12-14T10:50:11-02:00\"},{\"@type\":\"WebSite\",\"@id\":\"https:\\\/\\\/www.jornalja.com.br\\\/arquivo\\\/#website\",\"url\":\"https:\\\/\\\/www.jornalja.com.br\\\/arquivo\\\/\",\"name\":\"Arquivo\",\"description\":\"Jornal J\\u00c1 | Porto Alegre\",\"inLanguage\":\"pt-BR\",\"publisher\":{\"@id\":\"https:\\\/\\\/www.jornalja.com.br\\\/arquivo\\\/#organization\"}}]}\n\t\t<\/script>\n\t\t<!-- All in One SEO -->\n\n","aioseo_head_json":{"title":"\u201cUm pacto para o Pampa\u201d, em debate na UFRGS, dia 17\/12 | Arquivo","description":"","canonical_url":"https:\/\/www.jornalja.com.br\/arquivo\/um-pacto-para-o-pampa-em-debate-na-ufrgs-dia-17-12\/","robots":"max-image-preview:large","keywords":"","webmasterTools":{"miscellaneous":""},"schema":{"@context":"https:\/\/schema.org","@graph":[{"@type":"BlogPosting","@id":"https:\/\/www.jornalja.com.br\/arquivo\/um-pacto-para-o-pampa-em-debate-na-ufrgs-dia-17-12\/#blogposting","name":"\u201cUm pacto para o Pampa\u201d, em debate na UFRGS, dia 17\/12 | Arquivo","headline":"\u201cUm pacto para o Pampa\u201d, em debate na UFRGS, dia 17\/12","author":{"@id":"https:\/\/www.jornalja.com.br\/arquivo\/author\/daredacao\/#author"},"publisher":{"@id":"https:\/\/www.jornalja.com.br\/arquivo\/#organization"},"image":{"@type":"ImageObject","url":27675},"datePublished":"2018-12-14T10:50:11-02:00","dateModified":"2018-12-14T10:50:11-02:00","inLanguage":"pt-BR","mainEntityOfPage":{"@id":"https:\/\/www.jornalja.com.br\/arquivo\/um-pacto-para-o-pampa-em-debate-na-ufrgs-dia-17-12\/#webpage"},"isPartOf":{"@id":"https:\/\/www.jornalja.com.br\/arquivo\/um-pacto-para-o-pampa-em-debate-na-ufrgs-dia-17-12\/#webpage"},"articleSection":"NOTAS"},{"@type":"BreadcrumbList","@id":"https:\/\/www.jornalja.com.br\/arquivo\/um-pacto-para-o-pampa-em-debate-na-ufrgs-dia-17-12\/#breadcrumblist","itemListElement":[{"@type":"ListItem","@id":"https:\/\/www.jornalja.com.br\/arquivo#listItem","position":1,"name":"Home","item":"https:\/\/www.jornalja.com.br\/arquivo","nextItem":{"@type":"ListItem","@id":"https:\/\/www.jornalja.com.br\/arquivo\/category\/notas\/#listItem","name":"NOTAS"}},{"@type":"ListItem","@id":"https:\/\/www.jornalja.com.br\/arquivo\/category\/notas\/#listItem","position":2,"name":"NOTAS","item":"https:\/\/www.jornalja.com.br\/arquivo\/category\/notas\/","nextItem":{"@type":"ListItem","@id":"https:\/\/www.jornalja.com.br\/arquivo\/um-pacto-para-o-pampa-em-debate-na-ufrgs-dia-17-12\/#listItem","name":"\u201cUm pacto para o Pampa\u201d, em debate na UFRGS, dia 17\/12"},"previousItem":{"@type":"ListItem","@id":"https:\/\/www.jornalja.com.br\/arquivo#listItem","name":"Home"}},{"@type":"ListItem","@id":"https:\/\/www.jornalja.com.br\/arquivo\/um-pacto-para-o-pampa-em-debate-na-ufrgs-dia-17-12\/#listItem","position":3,"name":"\u201cUm pacto para o Pampa\u201d, em debate na UFRGS, dia 17\/12","previousItem":{"@type":"ListItem","@id":"https:\/\/www.jornalja.com.br\/arquivo\/category\/notas\/#listItem","name":"NOTAS"}}]},{"@type":"Organization","@id":"https:\/\/www.jornalja.com.br\/arquivo\/#organization","name":"Jornal J\u00c1","description":"Jornal J\u00c1 | Porto Alegre","url":"https:\/\/www.jornalja.com.br\/arquivo\/","telephone":"+555133307272","logo":{"@type":"ImageObject","url":"https:\/\/www.jornalja.com.br\/wp-content\/uploads\/cards\/JAslogan.png","@id":"https:\/\/www.jornalja.com.br\/arquivo\/um-pacto-para-o-pampa-em-debate-na-ufrgs-dia-17-12\/#organizationLogo"},"image":{"@id":"https:\/\/www.jornalja.com.br\/arquivo\/um-pacto-para-o-pampa-em-debate-na-ufrgs-dia-17-12\/#organizationLogo"}},{"@type":"Person","@id":"https:\/\/www.jornalja.com.br\/arquivo\/author\/daredacao\/#author","url":"https:\/\/www.jornalja.com.br\/arquivo\/author\/daredacao\/","name":"da Reda\u00e7\u00e3o","image":{"@type":"ImageObject","@id":"https:\/\/www.jornalja.com.br\/arquivo\/um-pacto-para-o-pampa-em-debate-na-ufrgs-dia-17-12\/#authorImage","url":"https:\/\/secure.gravatar.com\/avatar\/469fd857d6605ad19919d27ed29d35a968a25f6e8fd9318356bbb7f57aae9c65?s=96&d=mm&r=g","width":96,"height":96,"caption":"da Reda\u00e7\u00e3o"}},{"@type":"WebPage","@id":"https:\/\/www.jornalja.com.br\/arquivo\/um-pacto-para-o-pampa-em-debate-na-ufrgs-dia-17-12\/#webpage","url":"https:\/\/www.jornalja.com.br\/arquivo\/um-pacto-para-o-pampa-em-debate-na-ufrgs-dia-17-12\/","name":"\u201cUm pacto para o Pampa\u201d, em debate na UFRGS, dia 17\/12 | Arquivo","inLanguage":"pt-BR","isPartOf":{"@id":"https:\/\/www.jornalja.com.br\/arquivo\/#website"},"breadcrumb":{"@id":"https:\/\/www.jornalja.com.br\/arquivo\/um-pacto-para-o-pampa-em-debate-na-ufrgs-dia-17-12\/#breadcrumblist"},"author":{"@id":"https:\/\/www.jornalja.com.br\/arquivo\/author\/daredacao\/#author"},"creator":{"@id":"https:\/\/www.jornalja.com.br\/arquivo\/author\/daredacao\/#author"},"image":{"@type":"ImageObject","url":27675,"@id":"https:\/\/www.jornalja.com.br\/arquivo\/um-pacto-para-o-pampa-em-debate-na-ufrgs-dia-17-12\/#mainImage"},"primaryImageOfPage":{"@id":"https:\/\/www.jornalja.com.br\/arquivo\/um-pacto-para-o-pampa-em-debate-na-ufrgs-dia-17-12\/#mainImage"},"datePublished":"2018-12-14T10:50:11-02:00","dateModified":"2018-12-14T10:50:11-02:00"},{"@type":"WebSite","@id":"https:\/\/www.jornalja.com.br\/arquivo\/#website","url":"https:\/\/www.jornalja.com.br\/arquivo\/","name":"Arquivo","description":"Jornal J\u00c1 | Porto Alegre","inLanguage":"pt-BR","publisher":{"@id":"https:\/\/www.jornalja.com.br\/arquivo\/#organization"}}]},"og:locale":"pt_BR","og:site_name":"Arquivo | Jornal J\u00c1 | Porto Alegre","og:type":"article","og:title":"\u201cUm pacto para o Pampa\u201d, em debate na UFRGS, dia 17\/12 | Arquivo","og:url":"https:\/\/www.jornalja.com.br\/arquivo\/um-pacto-para-o-pampa-em-debate-na-ufrgs-dia-17-12\/","og:image":"https:\/\/www.jornalja.com.br\/economics\/wp-content\/uploads\/sites\/11\/2026\/08\/ja-folhaderosto-facebook.jpg","og:image:secure_url":"https:\/\/www.jornalja.com.br\/economics\/wp-content\/uploads\/sites\/11\/2026\/08\/ja-folhaderosto-facebook.jpg","article:published_time":"2018-12-14T12:50:11+00:00","article:modified_time":"2018-12-14T12:50:11+00:00","twitter:card":"summary","twitter:title":"\u201cUm pacto para o Pampa\u201d, em debate na UFRGS, dia 17\/12 | Arquivo","twitter:image":"https:\/\/www.jornalja.com.br\/economics\/wp-content\/uploads\/sites\/11\/2026\/08\/ja-folhaderosto-facebook.jpg"},"aioseo_meta_data":{"post_id":"71662","title":null,"description":null,"keywords":null,"keyphrases":null,"primary_term":null,"canonical_url":null,"og_title":null,"og_description":null,"og_object_type":"default","og_image_type":"default","og_image_url":null,"og_image_width":null,"og_image_height":null,"og_image_custom_url":null,"og_image_custom_fields":null,"og_video":null,"og_custom_url":null,"og_article_section":null,"og_article_tags":null,"twitter_use_og":false,"twitter_card":"default","twitter_image_type":"default","twitter_image_url":null,"twitter_image_custom_url":null,"twitter_image_custom_fields":null,"twitter_title":null,"twitter_description":null,"schema":{"blockGraphs":[],"customGraphs":[],"default":{"data":{"Article":[],"Course":[],"Dataset":[],"FAQPage":[],"Movie":[],"Person":[],"Product":[],"ProductReview":[],"Car":[],"Recipe":[],"Service":[],"SoftwareApplication":[],"WebPage":[]},"graphName":"","isEnabled":true},"graphs":[]},"schema_type":null,"schema_type_options":null,"pillar_content":false,"robots_default":true,"robots_noindex":false,"robots_noarchive":false,"robots_nosnippet":false,"robots_nofollow":false,"robots_noimageindex":false,"robots_noodp":false,"robots_notranslate":false,"robots_max_snippet":null,"robots_max_videopreview":null,"robots_max_imagepreview":"large","priority":null,"frequency":null,"location":null,"local_seo":null,"breadcrumb_settings":null,"limit_modified_date":false,"ai":null,"created":"2020-12-20 20:02:16","updated":"2025-07-20 06:56:13","seo_analyzer_scan_date":null,"focus_keyword":null,"additional_keywords":null,"truseo_locale":null},"jetpack_sharing_enabled":true,"jetpack-related-posts":[{"id":14241,"url":"https:\/\/www.jornalja.com.br\/arquivo\/o-guaiba-nas-imagens-poeticas-de-achutti\/","url_meta":{"origin":71662,"position":0},"title":"O Gua\u00edba nas imagens po\u00e9ticas de Achutti","author":"da Reda\u00e7\u00e3o","date":"18 de junho de 2014","format":false,"excerpt":"Em \u201cO Gua\u00edba por Achutti\u201d \u2013 obra financiada via Minist\u00e9rio da Cultura, produ\u00e7\u00e3o executiva de Pedro Longhi, e Fl\u00e1vio Wild como designer \u2013, o fot\u00f3grafo revela a beleza e as mazelas de um espa\u00e7o aqu\u00e1tico de \u00e1guas sempre renovadas, cheio de hist\u00f3rias e lendas como as das cidades que foram\u2026","rel":"","context":"Em &quot;Cultura-Geral&quot;","block_context":{"text":"Cultura-Geral","link":"https:\/\/www.jornalja.com.br\/arquivo\/category\/materiasecundaria\/"},"img":{"alt_text":"","src":"","width":0,"height":0},"classes":[]},{"id":13124,"url":"https:\/\/www.jornalja.com.br\/arquivo\/sangue-latino-no-iecine\/","url_meta":{"origin":71662,"position":1},"title":"Sangue latino no IECINE","author":"da Reda\u00e7\u00e3o","date":"18 de maio de 2014","format":false,"excerpt":"Francisco Ribeiro O Instituto Estadual de Cinema (IECINE) tem a frente, desde abril \u00faltimo, um novo diretor, o cineasta colombiano Juan Zapata, 36, que substitui Luiz Alberto Cassol. Radicado h\u00e1 dez anos em Porto Alegre, Zapata tem diante de si o desafio de conduzir at\u00e9 o final do ano um\u2026","rel":"","context":"Em &quot;Cultura-Geral&quot;","block_context":{"text":"Cultura-Geral","link":"https:\/\/www.jornalja.com.br\/arquivo\/category\/materiasecundaria\/"},"img":{"alt_text":"","src":"","width":0,"height":0},"classes":[]},{"id":5440,"url":"https:\/\/www.jornalja.com.br\/arquivo\/casarao-da-venancio-destino-permanece-incerto\/","url_meta":{"origin":71662,"position":2},"title":"Estado ainda n\u00e3o sabe o que fazer com casar\u00e3o abandonado h\u00e1 20 anos","author":"Elmar Bones","date":"6 de julho de 2009","format":false,"excerpt":"O casar\u00e3o amarelo, numa esquina nobre de Porto Alegre (Ven\u00e2ncio Aires com Jo\u00e3o Pessoa), j\u00e1 abrigou uma escola. H\u00e1 duas d\u00e9cadas, pelo menos, est\u00e1 abandonado, porque seu propriet\u00e1rio, o governo do Estado do Rio Grande do Sul, n\u00e3o consegue achar um destino para ele. Planos n\u00e3o faltaram. O governador Ol\u00edvio\u2026","rel":"","context":"Em &quot;X.Categorias velhas&quot;","block_context":{"text":"X.Categorias velhas","link":"https:\/\/www.jornalja.com.br\/arquivo\/category\/x-categorias-velhas\/"},"img":{"alt_text":"geraldo1","src":"https:\/\/i0.wp.com\/www.jornalja.com.br\/wp-content\/uploads\/2009\/07\/geraldo1.jpg?resize=350%2C200&ssl=1","width":350,"height":200},"classes":[]},{"id":13240,"url":"https:\/\/www.jornalja.com.br\/arquivo\/plano-diretor-estamos-construindo-o-caos\/","url_meta":{"origin":71662,"position":3},"title":"Plano diretor: &quot;Estamos construindo o caos&quot;","author":"Patr\u00edcia Marini","date":"26 de maio de 2014","format":false,"excerpt":"Desabafo que arquiteta Eliana Castilhos, delegada da Regi\u00e3o de Planejamento 1, postou nas redes sociais \u00e9 um testemunho do ambiente que se criou no Conselho do Plano Diretor de Porto Alegre, onde a aprova\u00e7\u00e3o de grandes empreendimentos \u00e9 empurrada guela abaixo dos conselheiros. Ao CMDUA Como delegada da Regi\u00e3o de\u2026","rel":"","context":"Em &quot;Geral&quot;","block_context":{"text":"Geral","link":"https:\/\/www.jornalja.com.br\/arquivo\/category\/geral\/"},"img":{"alt_text":"","src":"","width":0,"height":0},"classes":[]},{"id":13101,"url":"https:\/\/www.jornalja.com.br\/arquivo\/morre-um-guerreiro-do-texto\/","url_meta":{"origin":71662,"position":4},"title":"Morre um guerreiro do texto","author":"Patr\u00edcia Marini","date":"14 de maio de 2014","format":false,"excerpt":"Por Ricardo Kotscho Reproduzido do blog do autor, 11\/5\/2014; t\u00edtulo original \u201cE l\u00e1 se foi o nosso Myltainho, guerreiro do texto\u201d. Mi\u00fado e franzino, meu amigo Myltainho era um valente e inconformado guerreiro na luta contra as injusti\u00e7as sociais, a hipocrisia, as maracutaias, o autoritarismo, a intoler\u00e2ncia, a viol\u00eancia, o\u2026","rel":"","context":"Em &quot;Geral&quot;","block_context":{"text":"Geral","link":"https:\/\/www.jornalja.com.br\/arquivo\/category\/geral\/"},"img":{"alt_text":"","src":"","width":0,"height":0},"classes":[]}],"jetpack_shortlink":"https:\/\/wp.me\/pbQjBd-iDQ","jetpack_featured_media_url":"","_links":{"self":[{"href":"https:\/\/www.jornalja.com.br\/arquivo\/wp-json\/wp\/v2\/posts\/71662","targetHints":{"allow":["GET"]}}],"collection":[{"href":"https:\/\/www.jornalja.com.br\/arquivo\/wp-json\/wp\/v2\/posts"}],"about":[{"href":"https:\/\/www.jornalja.com.br\/arquivo\/wp-json\/wp\/v2\/types\/post"}],"author":[{"embeddable":true,"href":"https:\/\/www.jornalja.com.br\/arquivo\/wp-json\/wp\/v2\/users\/4"}],"replies":[{"embeddable":true,"href":"https:\/\/www.jornalja.com.br\/arquivo\/wp-json\/wp\/v2\/comments?post=71662"}],"version-history":[{"count":0,"href":"https:\/\/www.jornalja.com.br\/arquivo\/wp-json\/wp\/v2\/posts\/71662\/revisions"}],"wp:attachment":[{"href":"https:\/\/www.jornalja.com.br\/arquivo\/wp-json\/wp\/v2\/media?parent=71662"}],"wp:term":[{"taxonomy":"category","embeddable":true,"href":"https:\/\/www.jornalja.com.br\/arquivo\/wp-json\/wp\/v2\/categories?post=71662"},{"taxonomy":"post_tag","embeddable":true,"href":"https:\/\/www.jornalja.com.br\/arquivo\/wp-json\/wp\/v2\/tags?post=71662"}],"curies":[{"name":"wp","href":"https:\/\/api.w.org\/{rel}","templated":true}]}}