{"id":71960,"date":"2018-12-28T13:58:20","date_gmt":"2018-12-28T15:58:20","guid":{"rendered":"https:\/\/www.jornalja.com.br\/?p=71960"},"modified":"2018-12-28T13:58:20","modified_gmt":"2018-12-28T15:58:20","slug":"exposicao-adulteradas-no-margs-traz-nova-pesquisa-fotografica-nilton-santolin","status":"publish","type":"post","link":"https:\/\/www.jornalja.com.br\/arquivo\/exposicao-adulteradas-no-margs-traz-nova-pesquisa-fotografica-nilton-santolin\/","title":{"rendered":"Exposi\u00e7\u00e3o &quot;Adulteradas&quot;, no Margs, traz nova pesquisa fotogr\u00e1fica de Nilton Santolin"},"content":{"rendered":"<p>O Museu de Arte do Rio Grande do Sul Ado Malagoli apresenta a exposi\u00e7\u00e3o \u201cAdulteradas \u2013 Fotografias de Nilton Santolin\u201d, com abertura dia 10 de janeiro, \u00e0s 19h, na galeria Oscar Boeira do MARGS. A mostra, com curadoria de Jos\u00e9 Francisco Alves, pode ser visitada at\u00e9 10 de mar\u00e7o, com entrada franca. Visitas mediadas podem ser agendadas no e-mail educativo@margs.rs.gov.br.<br \/>\nSer\u00e3o apresentadas 19 fotografias impressas digitalmente, em adesivo vinil, sarja sint\u00e9tica e papel fotogr\u00e1fico, dentro da mais recente linha de pesquisa do fot\u00f3grafo porto-alegrense Nilton Santolin.<br \/>\nS\u00e3o imagens de Porto Alegre capturadas entre 2010 e 2018 com c\u00e2meras fotogr\u00e1ficas e celular, as quais s\u00e3o trabalhadas em um software de smartphone Android, com tamanhos de exibi\u00e7\u00e3o que variam de 60 x 60 cm a imagens enormes, de at\u00e9 1 x 3 metros.<br \/>\nAs fotografias originais foram submetidas a efeitos do software, que fez edi\u00e7\u00f5es incr\u00edveis com as imagens, duplicando-as, espelhando-as, quadruplicando-as. Para o artista, estas distor\u00e7\u00f5es s\u00e3o adultera\u00e7\u00f5es, criando assim imagens diferentes, instigantes, que nos fazem viajar num mundo arquitet\u00f4nico \u00fanico.<br \/>\n<figure id=\"attachment_71962\" aria-describedby=\"caption-attachment-71962\" style=\"width: 450px\" class=\"wp-caption alignnone\"><img loading=\"lazy\" decoding=\"async\" class=\"size-medium wp-image-71962\" src=\"https:\/\/www.jornalja.com.br\/wp-content\/uploads\/2018\/12\/ADULTERADAS_MARGS-foto-Nilton-Santolin_655867-450x450.jpg\" alt=\"\" width=\"450\" height=\"450\" \/><figcaption id=\"caption-attachment-71962\" class=\"wp-caption-text\">Foto: Nilton Santolin\/Divulga\u00e7\u00e3o<\/figcaption><\/figure><br \/>\n<strong>Sobre o artista e o projeto, pelo curador Jos\u00e9 Francisco Alves<\/strong><br \/>\n&#8220;Nilton Santolin (Porto Alegre, 1964) \u00e9 detentor de uma experi\u00eancia de quase 35 anos de carreira em v\u00e1rias frentes da fotografia profissional. Desenvolveu nesse per\u00edodo tamb\u00e9m um trabalho autoral art\u00edstico pr\u00f3prio, criando uma obra inclu\u00edda em v\u00e1rias mostras coletivas e individuais. A presente exposi\u00e7\u00e3o \u00e9 sua primeira individual no Museu de Arte do Rio Grande do Sul \u2013 MARGS, na qual exp\u00f5e trabalhos da s\u00e9rie <em>Fotos adulteradas<\/em>.<br \/>\nComo fot\u00f3grafo formado na fase final da longa era anal\u00f3gica da fotografia, Santolin adaptou-se muito bem \u00e0 revolu\u00e7\u00e3o digital, ao perceber as potencialidades das infinitas novas ferramentas oferecidas pelos softwares. A exemplo de muitos de sua gera\u00e7\u00e3o, no in\u00edcio ele passou por uma normal resist\u00eancia \u00e0 manipula\u00e7\u00e3o p\u00f3s captura das fotografias, antes imortalizadas definitivamente em filmes negativos ou positivos. Por\u00e9m, esteve o artista ciente do que poucos se d\u00e3o conta: mesmo na fotografia anal\u00f3gica, de que havia um certo n\u00edvel de manipula\u00e7\u00e3o, por meio de lentes, in\u00fameros filtros e recursos dos mais diversos. Porque n\u00e3o ampliar estas possibilidades pelo meio digital?<br \/>\nO fot\u00f3grafo da era digital, assim, n\u00e3o mais <em>fotografa<\/em>, mas cria imagens. Uma s\u00f3 imagem <em>capturada<\/em> em CCD (o \u201cfilme\u201d digital) \u00e9 oferecida a um mundo de possibilidades e desdobramentos.<br \/>\nPor volta de 2001, Santolin come\u00e7ou as suas manipula\u00e7\u00f5es digitais na Escola de Cria\u00e7\u00e3o da ESPM. L\u00e1, utilizou em seus trabalhos os iniciais e j\u00e1 poderosos recursos de edi\u00e7\u00e3o por software, os quais n\u00e3o s\u00f3 ofereciam ferramentas incr\u00edveis aos fot\u00f3grafos autores, mas \u00e0 \u00e1rea publicit\u00e1ria como um todo. Dentro da era digital, outra revolu\u00e7\u00e3o operou-se ao longo da segunda d\u00e9cada do S\u00e9c. XXI\u00a0 \u0336 \u00a0o avan\u00e7o extraordin\u00e1rio dos <em>smartphones <\/em>\u00a0\u0336 \u00a0uma ferramenta que, para o bem ou para o mal, agora comanda a vida das pessoas. Para esses aparelhos, abriu-se tamb\u00e9m um infinito n\u00famero de programas \u2013 aplicativos \u2013 para todo o tipo de tarefas \u00fateis ou f\u00fateis.<br \/>\nNesse contexto, h\u00e1 cerca de dois anos, Nilton Santolin descobriu um App de smartphone Android para manipula\u00e7\u00f5es de imagens o qual passou a utiliz\u00e1-lo na transforma\u00e7\u00e3o de imagens capturadas com m\u00e1quinas fotogr\u00e1ficas profissionais, mostrando que o artista pode mesmo valer-se de todas as novidades, sem preconceitos. Nasceu assim a ferramenta para a mostra <em>Fotografias adulteradas<\/em>. O tema desta exposi\u00e7\u00e3o\u00a0 \u0336 \u00a0s\u00e9rie surpreendente de um artista de longa carreira fotogr\u00e1fica\u00a0 \u0336 \u00a0foca na possibilidade do App para Android em criar realidades imposs\u00edveis \u2013 imprevis\u00edveis, vis\u00f5es incr\u00edveis da paisagem arquitet\u00f4nica ou mesmo de detalhes da vida urbana. Imagens adulteradas: multiplicadas, duplicadas, quadruplicadas.<br \/>\nE n\u00e3o \u00e9 qualquer paisagem, n\u00e3o s\u00e3o quaisquer locais. \u00c9 a cidade de Santolin, a Porto Alegre de rica arquitetura e urbanidade \u2013 ainda que em uma n\u00e3o muito boa fase de bem viver urbano \u2013, mas que o artista distorce, nos convida a brincar, a saber de tal imagem o que seria, qual o detalhe original \u00e9, qual o lugar de nossa urbe est\u00e1 ali, totalmente transformado, adulterado. Estamos diante de uma oportunidade tamb\u00e9m de pensar sobre as possibilidades da fotografia, hoje uma arte que est\u00e1 totalmente \u00e0 vontade no museu, seu definitivo lugar.<br \/>\nSantolin brinca com as imagens e nos convida a entrar na brincadeira. Mas arte muito s\u00e9ria, eis que fruto do uso \u2013 in\u00e9dito \u2013 de duas ferramentas poderosas: m\u00e1quinas fotogr\u00e1ficas profissionais e um espec\u00edfico App de smartphone. Este resultado s\u00f3 adquire sentido porque passa pelo crivo da experi\u00eancia e do conhecimento da cultura visual de um artista: Nilton Santolin.&#8221;<br \/>\nJos\u00e9 Francisco Alves<br \/>\nDoutor em Cr\u00edtica e Hist\u00f3ria da Arte, membro da Associa\u00e7\u00e3o Internacional de Cr\u00edticos de Arte \u2013 AICA e do Conselho Internacional de Museus \u2013 ICOM.<br \/>\n<figure id=\"attachment_71963\" aria-describedby=\"caption-attachment-71963\" style=\"width: 450px\" class=\"wp-caption alignnone\"><img loading=\"lazy\" decoding=\"async\" class=\"size-medium wp-image-71963\" src=\"https:\/\/www.jornalja.com.br\/wp-content\/uploads\/2018\/12\/ADULTERADAS_MARGS-foto-Nilton-Santolin_IMG_9916-450x337.jpg\" alt=\"\" width=\"450\" height=\"337\" \/><figcaption id=\"caption-attachment-71963\" class=\"wp-caption-text\">Foto: Nilton Santolin\/Divulga\u00e7\u00e3o<\/figcaption><\/figure><br \/>\n<strong>SERVI\u00c7O<\/strong><br \/>\nAbertura: 10 de janeiro de 2019, \u00e0s 19h<br \/>\nCuradoria: Jos\u00e9 Francisco Alves<br \/>\nVisita\u00e7\u00e3o: De 11 de janeiro a 10 de mar\u00e7o de 2019, de ter\u00e7as a sextas, das 10h \u00e0s 19h<br \/>\nLocal: Galeria Oscar Boeira do MARGS<br \/>\nEntrada franca<br \/>\n&nbsp;<br \/>\n&nbsp;<br \/>\n<strong>\u00a0<\/strong><br \/>\n<strong>\u00a0<\/strong><br \/>\n&nbsp;<\/p>\n","protected":false},"excerpt":{"rendered":"<p>O Museu de Arte do Rio Grande do Sul Ado Malagoli apresenta a exposi\u00e7\u00e3o \u201cAdulteradas \u2013 Fotografias de Nilton Santolin\u201d, com abertura dia 10 de janeiro, \u00e0s 19h, na galeria Oscar Boeira do MARGS. A mostra, com curadoria de Jos\u00e9 Francisco Alves, pode ser visitada at\u00e9 10 de mar\u00e7o, com entrada franca. Visitas mediadas podem [&hellip;]<\/p>\n","protected":false},"author":4,"featured_media":71961,"comment_status":"open","ping_status":"closed","sticky":false,"template":"","format":"standard","meta":{"_jetpack_newsletter_access":"","_jetpack_dont_email_post_to_subs":false,"_jetpack_newsletter_tier_id":0,"_jetpack_memberships_contains_paywalled_content":false,"_jetpack_feature_clip_id":0,"_jetpack_memberships_contains_paid_content":false,"footnotes":"","jetpack_post_was_ever_published":false},"categories":[11],"tags":[],"class_list":["post-71960","post","type-post","status-publish","format-standard","has-post-thumbnail","hentry","category-materiasecundaria"],"aioseo_notices":[],"aioseo_head":"\n\t\t<!-- All in One SEO 5.0.1.1 - aioseo.com -->\n\t<meta name=\"robots\" content=\"max-image-preview:large\" \/>\n\t<meta name=\"author\" content=\"da Reda\u00e7\u00e3o\"\/>\n\t<link rel=\"canonical\" href=\"https:\/\/www.jornalja.com.br\/arquivo\/exposicao-adulteradas-no-margs-traz-nova-pesquisa-fotografica-nilton-santolin\/\" \/>\n\t<meta name=\"generator\" content=\"All in One SEO (AIOSEO) 5.0.1.1\" \/>\n\t\t<meta property=\"og:locale\" content=\"pt_BR\" \/>\n\t\t<meta property=\"og:site_name\" content=\"Arquivo | Jornal J\u00c1 | Porto Alegre\" \/>\n\t\t<meta property=\"og:type\" content=\"article\" \/>\n\t\t<meta property=\"og:title\" content=\"Exposi\u00e7\u00e3o &quot;Adulteradas&quot;, no Margs, traz nova pesquisa fotogr\u00e1fica de Nilton Santolin | Arquivo\" \/>\n\t\t<meta property=\"og:url\" content=\"https:\/\/www.jornalja.com.br\/arquivo\/exposicao-adulteradas-no-margs-traz-nova-pesquisa-fotografica-nilton-santolin\/\" \/>\n\t\t<meta property=\"og:image\" content=\"https:\/\/www.jornalja.com.br\/wp-content\/uploads\/2018\/12\/ADULTERADAS_MARGS-foto-Nilton-Santolin_655867-450x450.jpg\" \/>\n\t\t<meta property=\"og:image:secure_url\" content=\"https:\/\/www.jornalja.com.br\/wp-content\/uploads\/2018\/12\/ADULTERADAS_MARGS-foto-Nilton-Santolin_655867-450x450.jpg\" \/>\n\t\t<meta property=\"article:published_time\" content=\"2018-12-28T15:58:20+00:00\" \/>\n\t\t<meta property=\"article:modified_time\" content=\"2018-12-28T15:58:20+00:00\" \/>\n\t\t<meta name=\"twitter:card\" content=\"summary\" \/>\n\t\t<meta name=\"twitter:title\" content=\"Exposi\u00e7\u00e3o &quot;Adulteradas&quot;, no Margs, traz nova pesquisa fotogr\u00e1fica de Nilton Santolin | Arquivo\" \/>\n\t\t<meta name=\"twitter:image\" content=\"https:\/\/www.jornalja.com.br\/economics\/wp-content\/uploads\/sites\/11\/2026\/08\/ja-folhaderosto-facebook.jpg\" \/>\n\t\t<script type=\"application\/ld+json\" class=\"aioseo-schema\">\n\t\t\t{\"@context\":\"https:\\\/\\\/schema.org\",\"@graph\":[{\"@type\":\"BlogPosting\",\"@id\":\"https:\\\/\\\/www.jornalja.com.br\\\/arquivo\\\/exposicao-adulteradas-no-margs-traz-nova-pesquisa-fotografica-nilton-santolin\\\/#blogposting\",\"name\":\"Exposi\\u00e7\\u00e3o \\\"Adulteradas\\\", no Margs, traz nova pesquisa fotogr\\u00e1fica de Nilton Santolin | Arquivo\",\"headline\":\"Exposi\\u00e7\\u00e3o &quot;Adulteradas&quot;, no Margs, traz nova pesquisa fotogr\\u00e1fica de Nilton Santolin\",\"author\":{\"@id\":\"https:\\\/\\\/www.jornalja.com.br\\\/arquivo\\\/author\\\/daredacao\\\/#author\"},\"publisher\":{\"@id\":\"https:\\\/\\\/www.jornalja.com.br\\\/arquivo\\\/#organization\"},\"image\":{\"@type\":\"ImageObject\",\"url\":71961},\"datePublished\":\"2018-12-28T13:58:20-02:00\",\"dateModified\":\"2018-12-28T13:58:20-02:00\",\"inLanguage\":\"pt-BR\",\"mainEntityOfPage\":{\"@id\":\"https:\\\/\\\/www.jornalja.com.br\\\/arquivo\\\/exposicao-adulteradas-no-margs-traz-nova-pesquisa-fotografica-nilton-santolin\\\/#webpage\"},\"isPartOf\":{\"@id\":\"https:\\\/\\\/www.jornalja.com.br\\\/arquivo\\\/exposicao-adulteradas-no-margs-traz-nova-pesquisa-fotografica-nilton-santolin\\\/#webpage\"},\"articleSection\":\"Cultura-Geral\"},{\"@type\":\"BreadcrumbList\",\"@id\":\"https:\\\/\\\/www.jornalja.com.br\\\/arquivo\\\/exposicao-adulteradas-no-margs-traz-nova-pesquisa-fotografica-nilton-santolin\\\/#breadcrumblist\",\"itemListElement\":[{\"@type\":\"ListItem\",\"@id\":\"https:\\\/\\\/www.jornalja.com.br\\\/arquivo#listItem\",\"position\":1,\"name\":\"Home\",\"item\":\"https:\\\/\\\/www.jornalja.com.br\\\/arquivo\",\"nextItem\":{\"@type\":\"ListItem\",\"@id\":\"https:\\\/\\\/www.jornalja.com.br\\\/arquivo\\\/category\\\/materiasecundaria\\\/#listItem\",\"name\":\"Cultura-Geral\"}},{\"@type\":\"ListItem\",\"@id\":\"https:\\\/\\\/www.jornalja.com.br\\\/arquivo\\\/category\\\/materiasecundaria\\\/#listItem\",\"position\":2,\"name\":\"Cultura-Geral\",\"item\":\"https:\\\/\\\/www.jornalja.com.br\\\/arquivo\\\/category\\\/materiasecundaria\\\/\",\"nextItem\":{\"@type\":\"ListItem\",\"@id\":\"https:\\\/\\\/www.jornalja.com.br\\\/arquivo\\\/exposicao-adulteradas-no-margs-traz-nova-pesquisa-fotografica-nilton-santolin\\\/#listItem\",\"name\":\"Exposi\\u00e7\\u00e3o &quot;Adulteradas&quot;, no Margs, traz nova pesquisa fotogr\\u00e1fica de Nilton Santolin\"},\"previousItem\":{\"@type\":\"ListItem\",\"@id\":\"https:\\\/\\\/www.jornalja.com.br\\\/arquivo#listItem\",\"name\":\"Home\"}},{\"@type\":\"ListItem\",\"@id\":\"https:\\\/\\\/www.jornalja.com.br\\\/arquivo\\\/exposicao-adulteradas-no-margs-traz-nova-pesquisa-fotografica-nilton-santolin\\\/#listItem\",\"position\":3,\"name\":\"Exposi\\u00e7\\u00e3o &quot;Adulteradas&quot;, no Margs, traz nova pesquisa fotogr\\u00e1fica de Nilton Santolin\",\"previousItem\":{\"@type\":\"ListItem\",\"@id\":\"https:\\\/\\\/www.jornalja.com.br\\\/arquivo\\\/category\\\/materiasecundaria\\\/#listItem\",\"name\":\"Cultura-Geral\"}}]},{\"@type\":\"Organization\",\"@id\":\"https:\\\/\\\/www.jornalja.com.br\\\/arquivo\\\/#organization\",\"name\":\"Jornal J\\u00c1\",\"description\":\"Jornal J\\u00c1 | Porto Alegre\",\"url\":\"https:\\\/\\\/www.jornalja.com.br\\\/arquivo\\\/\",\"telephone\":\"+555133307272\",\"logo\":{\"@type\":\"ImageObject\",\"url\":\"https:\\\/\\\/www.jornalja.com.br\\\/wp-content\\\/uploads\\\/cards\\\/JAslogan.png\",\"@id\":\"https:\\\/\\\/www.jornalja.com.br\\\/arquivo\\\/exposicao-adulteradas-no-margs-traz-nova-pesquisa-fotografica-nilton-santolin\\\/#organizationLogo\"},\"image\":{\"@id\":\"https:\\\/\\\/www.jornalja.com.br\\\/arquivo\\\/exposicao-adulteradas-no-margs-traz-nova-pesquisa-fotografica-nilton-santolin\\\/#organizationLogo\"}},{\"@type\":\"Person\",\"@id\":\"https:\\\/\\\/www.jornalja.com.br\\\/arquivo\\\/author\\\/daredacao\\\/#author\",\"url\":\"https:\\\/\\\/www.jornalja.com.br\\\/arquivo\\\/author\\\/daredacao\\\/\",\"name\":\"da Reda\\u00e7\\u00e3o\",\"image\":{\"@type\":\"ImageObject\",\"@id\":\"https:\\\/\\\/www.jornalja.com.br\\\/arquivo\\\/exposicao-adulteradas-no-margs-traz-nova-pesquisa-fotografica-nilton-santolin\\\/#authorImage\",\"url\":\"https:\\\/\\\/secure.gravatar.com\\\/avatar\\\/469fd857d6605ad19919d27ed29d35a968a25f6e8fd9318356bbb7f57aae9c65?s=96&d=mm&r=g\",\"width\":96,\"height\":96,\"caption\":\"da Reda\\u00e7\\u00e3o\"}},{\"@type\":\"WebPage\",\"@id\":\"https:\\\/\\\/www.jornalja.com.br\\\/arquivo\\\/exposicao-adulteradas-no-margs-traz-nova-pesquisa-fotografica-nilton-santolin\\\/#webpage\",\"url\":\"https:\\\/\\\/www.jornalja.com.br\\\/arquivo\\\/exposicao-adulteradas-no-margs-traz-nova-pesquisa-fotografica-nilton-santolin\\\/\",\"name\":\"Exposi\\u00e7\\u00e3o \\\"Adulteradas\\\", no Margs, traz nova pesquisa fotogr\\u00e1fica de Nilton Santolin | Arquivo\",\"inLanguage\":\"pt-BR\",\"isPartOf\":{\"@id\":\"https:\\\/\\\/www.jornalja.com.br\\\/arquivo\\\/#website\"},\"breadcrumb\":{\"@id\":\"https:\\\/\\\/www.jornalja.com.br\\\/arquivo\\\/exposicao-adulteradas-no-margs-traz-nova-pesquisa-fotografica-nilton-santolin\\\/#breadcrumblist\"},\"author\":{\"@id\":\"https:\\\/\\\/www.jornalja.com.br\\\/arquivo\\\/author\\\/daredacao\\\/#author\"},\"creator\":{\"@id\":\"https:\\\/\\\/www.jornalja.com.br\\\/arquivo\\\/author\\\/daredacao\\\/#author\"},\"image\":{\"@type\":\"ImageObject\",\"url\":71961,\"@id\":\"https:\\\/\\\/www.jornalja.com.br\\\/arquivo\\\/exposicao-adulteradas-no-margs-traz-nova-pesquisa-fotografica-nilton-santolin\\\/#mainImage\"},\"primaryImageOfPage\":{\"@id\":\"https:\\\/\\\/www.jornalja.com.br\\\/arquivo\\\/exposicao-adulteradas-no-margs-traz-nova-pesquisa-fotografica-nilton-santolin\\\/#mainImage\"},\"datePublished\":\"2018-12-28T13:58:20-02:00\",\"dateModified\":\"2018-12-28T13:58:20-02:00\"},{\"@type\":\"WebSite\",\"@id\":\"https:\\\/\\\/www.jornalja.com.br\\\/arquivo\\\/#website\",\"url\":\"https:\\\/\\\/www.jornalja.com.br\\\/arquivo\\\/\",\"name\":\"Arquivo\",\"description\":\"Jornal J\\u00c1 | Porto Alegre\",\"inLanguage\":\"pt-BR\",\"publisher\":{\"@id\":\"https:\\\/\\\/www.jornalja.com.br\\\/arquivo\\\/#organization\"}}]}\n\t\t<\/script>\n\t\t<!-- All in One SEO -->\n\n","aioseo_head_json":{"title":"Exposi\u00e7\u00e3o \"Adulteradas\", no Margs, traz nova pesquisa fotogr\u00e1fica de Nilton Santolin | Arquivo","description":"","canonical_url":"https:\/\/www.jornalja.com.br\/arquivo\/exposicao-adulteradas-no-margs-traz-nova-pesquisa-fotografica-nilton-santolin\/","robots":"max-image-preview:large","keywords":"","webmasterTools":{"miscellaneous":""},"schema":{"@context":"https:\/\/schema.org","@graph":[{"@type":"BlogPosting","@id":"https:\/\/www.jornalja.com.br\/arquivo\/exposicao-adulteradas-no-margs-traz-nova-pesquisa-fotografica-nilton-santolin\/#blogposting","name":"Exposi\u00e7\u00e3o \"Adulteradas\", no Margs, traz nova pesquisa fotogr\u00e1fica de Nilton Santolin | Arquivo","headline":"Exposi\u00e7\u00e3o &quot;Adulteradas&quot;, no Margs, traz nova pesquisa fotogr\u00e1fica de Nilton Santolin","author":{"@id":"https:\/\/www.jornalja.com.br\/arquivo\/author\/daredacao\/#author"},"publisher":{"@id":"https:\/\/www.jornalja.com.br\/arquivo\/#organization"},"image":{"@type":"ImageObject","url":71961},"datePublished":"2018-12-28T13:58:20-02:00","dateModified":"2018-12-28T13:58:20-02:00","inLanguage":"pt-BR","mainEntityOfPage":{"@id":"https:\/\/www.jornalja.com.br\/arquivo\/exposicao-adulteradas-no-margs-traz-nova-pesquisa-fotografica-nilton-santolin\/#webpage"},"isPartOf":{"@id":"https:\/\/www.jornalja.com.br\/arquivo\/exposicao-adulteradas-no-margs-traz-nova-pesquisa-fotografica-nilton-santolin\/#webpage"},"articleSection":"Cultura-Geral"},{"@type":"BreadcrumbList","@id":"https:\/\/www.jornalja.com.br\/arquivo\/exposicao-adulteradas-no-margs-traz-nova-pesquisa-fotografica-nilton-santolin\/#breadcrumblist","itemListElement":[{"@type":"ListItem","@id":"https:\/\/www.jornalja.com.br\/arquivo#listItem","position":1,"name":"Home","item":"https:\/\/www.jornalja.com.br\/arquivo","nextItem":{"@type":"ListItem","@id":"https:\/\/www.jornalja.com.br\/arquivo\/category\/materiasecundaria\/#listItem","name":"Cultura-Geral"}},{"@type":"ListItem","@id":"https:\/\/www.jornalja.com.br\/arquivo\/category\/materiasecundaria\/#listItem","position":2,"name":"Cultura-Geral","item":"https:\/\/www.jornalja.com.br\/arquivo\/category\/materiasecundaria\/","nextItem":{"@type":"ListItem","@id":"https:\/\/www.jornalja.com.br\/arquivo\/exposicao-adulteradas-no-margs-traz-nova-pesquisa-fotografica-nilton-santolin\/#listItem","name":"Exposi\u00e7\u00e3o &quot;Adulteradas&quot;, no Margs, traz nova pesquisa fotogr\u00e1fica de Nilton Santolin"},"previousItem":{"@type":"ListItem","@id":"https:\/\/www.jornalja.com.br\/arquivo#listItem","name":"Home"}},{"@type":"ListItem","@id":"https:\/\/www.jornalja.com.br\/arquivo\/exposicao-adulteradas-no-margs-traz-nova-pesquisa-fotografica-nilton-santolin\/#listItem","position":3,"name":"Exposi\u00e7\u00e3o &quot;Adulteradas&quot;, no Margs, traz nova pesquisa fotogr\u00e1fica de Nilton Santolin","previousItem":{"@type":"ListItem","@id":"https:\/\/www.jornalja.com.br\/arquivo\/category\/materiasecundaria\/#listItem","name":"Cultura-Geral"}}]},{"@type":"Organization","@id":"https:\/\/www.jornalja.com.br\/arquivo\/#organization","name":"Jornal J\u00c1","description":"Jornal J\u00c1 | Porto Alegre","url":"https:\/\/www.jornalja.com.br\/arquivo\/","telephone":"+555133307272","logo":{"@type":"ImageObject","url":"https:\/\/www.jornalja.com.br\/wp-content\/uploads\/cards\/JAslogan.png","@id":"https:\/\/www.jornalja.com.br\/arquivo\/exposicao-adulteradas-no-margs-traz-nova-pesquisa-fotografica-nilton-santolin\/#organizationLogo"},"image":{"@id":"https:\/\/www.jornalja.com.br\/arquivo\/exposicao-adulteradas-no-margs-traz-nova-pesquisa-fotografica-nilton-santolin\/#organizationLogo"}},{"@type":"Person","@id":"https:\/\/www.jornalja.com.br\/arquivo\/author\/daredacao\/#author","url":"https:\/\/www.jornalja.com.br\/arquivo\/author\/daredacao\/","name":"da Reda\u00e7\u00e3o","image":{"@type":"ImageObject","@id":"https:\/\/www.jornalja.com.br\/arquivo\/exposicao-adulteradas-no-margs-traz-nova-pesquisa-fotografica-nilton-santolin\/#authorImage","url":"https:\/\/secure.gravatar.com\/avatar\/469fd857d6605ad19919d27ed29d35a968a25f6e8fd9318356bbb7f57aae9c65?s=96&d=mm&r=g","width":96,"height":96,"caption":"da Reda\u00e7\u00e3o"}},{"@type":"WebPage","@id":"https:\/\/www.jornalja.com.br\/arquivo\/exposicao-adulteradas-no-margs-traz-nova-pesquisa-fotografica-nilton-santolin\/#webpage","url":"https:\/\/www.jornalja.com.br\/arquivo\/exposicao-adulteradas-no-margs-traz-nova-pesquisa-fotografica-nilton-santolin\/","name":"Exposi\u00e7\u00e3o \"Adulteradas\", no Margs, traz nova pesquisa fotogr\u00e1fica de Nilton Santolin | Arquivo","inLanguage":"pt-BR","isPartOf":{"@id":"https:\/\/www.jornalja.com.br\/arquivo\/#website"},"breadcrumb":{"@id":"https:\/\/www.jornalja.com.br\/arquivo\/exposicao-adulteradas-no-margs-traz-nova-pesquisa-fotografica-nilton-santolin\/#breadcrumblist"},"author":{"@id":"https:\/\/www.jornalja.com.br\/arquivo\/author\/daredacao\/#author"},"creator":{"@id":"https:\/\/www.jornalja.com.br\/arquivo\/author\/daredacao\/#author"},"image":{"@type":"ImageObject","url":71961,"@id":"https:\/\/www.jornalja.com.br\/arquivo\/exposicao-adulteradas-no-margs-traz-nova-pesquisa-fotografica-nilton-santolin\/#mainImage"},"primaryImageOfPage":{"@id":"https:\/\/www.jornalja.com.br\/arquivo\/exposicao-adulteradas-no-margs-traz-nova-pesquisa-fotografica-nilton-santolin\/#mainImage"},"datePublished":"2018-12-28T13:58:20-02:00","dateModified":"2018-12-28T13:58:20-02:00"},{"@type":"WebSite","@id":"https:\/\/www.jornalja.com.br\/arquivo\/#website","url":"https:\/\/www.jornalja.com.br\/arquivo\/","name":"Arquivo","description":"Jornal J\u00c1 | Porto Alegre","inLanguage":"pt-BR","publisher":{"@id":"https:\/\/www.jornalja.com.br\/arquivo\/#organization"}}]},"og:locale":"pt_BR","og:site_name":"Arquivo | Jornal J\u00c1 | Porto Alegre","og:type":"article","og:title":"Exposi\u00e7\u00e3o &quot;Adulteradas&quot;, no Margs, traz nova pesquisa fotogr\u00e1fica de Nilton Santolin | Arquivo","og:url":"https:\/\/www.jornalja.com.br\/arquivo\/exposicao-adulteradas-no-margs-traz-nova-pesquisa-fotografica-nilton-santolin\/","og:image":"https:\/\/www.jornalja.com.br\/wp-content\/uploads\/2018\/12\/ADULTERADAS_MARGS-foto-Nilton-Santolin_655867-450x450.jpg","og:image:secure_url":"https:\/\/www.jornalja.com.br\/wp-content\/uploads\/2018\/12\/ADULTERADAS_MARGS-foto-Nilton-Santolin_655867-450x450.jpg","article:published_time":"2018-12-28T15:58:20+00:00","article:modified_time":"2018-12-28T15:58:20+00:00","twitter:card":"summary","twitter:title":"Exposi\u00e7\u00e3o &quot;Adulteradas&quot;, no Margs, traz nova pesquisa fotogr\u00e1fica de Nilton Santolin | Arquivo","twitter:image":"https:\/\/www.jornalja.com.br\/economics\/wp-content\/uploads\/sites\/11\/2026\/08\/ja-folhaderosto-facebook.jpg"},"aioseo_meta_data":{"post_id":"71960","title":null,"description":null,"keywords":null,"keyphrases":null,"primary_term":null,"canonical_url":null,"og_title":null,"og_description":null,"og_object_type":"default","og_image_type":"default","og_image_url":null,"og_image_width":null,"og_image_height":null,"og_image_custom_url":null,"og_image_custom_fields":null,"og_video":null,"og_custom_url":null,"og_article_section":null,"og_article_tags":null,"twitter_use_og":false,"twitter_card":"default","twitter_image_type":"default","twitter_image_url":null,"twitter_image_custom_url":null,"twitter_image_custom_fields":null,"twitter_title":null,"twitter_description":null,"schema":{"blockGraphs":[],"customGraphs":[],"default":{"data":{"Article":[],"Course":[],"Dataset":[],"FAQPage":[],"Movie":[],"Person":[],"Product":[],"ProductReview":[],"Car":[],"Recipe":[],"Service":[],"SoftwareApplication":[],"WebPage":[]},"graphName":"","isEnabled":true},"graphs":[],"defaultGraph":"","defaultPostTypeGraph":""},"schema_type":null,"schema_type_options":null,"pillar_content":false,"robots_default":true,"robots_noindex":false,"robots_noarchive":false,"robots_nosnippet":false,"robots_nofollow":false,"robots_noimageindex":false,"robots_noodp":false,"robots_notranslate":false,"robots_max_snippet":null,"robots_max_videopreview":null,"robots_max_imagepreview":"large","priority":null,"frequency":null,"location":null,"local_seo":null,"breadcrumb_settings":null,"limit_modified_date":false,"ai":null,"created":"2020-12-20 20:02:16","updated":"2025-07-20 07:10:21","seo_analyzer_scan_date":null,"focus_keyword":null,"additional_keywords":null,"truseo_locale":null},"jetpack_sharing_enabled":true,"jetpack-related-posts":[{"id":14241,"url":"https:\/\/www.jornalja.com.br\/arquivo\/o-guaiba-nas-imagens-poeticas-de-achutti\/","url_meta":{"origin":71960,"position":0},"title":"O Gua\u00edba nas imagens po\u00e9ticas de Achutti","author":"da Reda\u00e7\u00e3o","date":"18 de junho de 2014","format":false,"excerpt":"Em \u201cO Gua\u00edba por Achutti\u201d \u2013 obra financiada via Minist\u00e9rio da Cultura, produ\u00e7\u00e3o executiva de Pedro Longhi, e Fl\u00e1vio Wild como designer \u2013, o fot\u00f3grafo revela a beleza e as mazelas de um espa\u00e7o aqu\u00e1tico de \u00e1guas sempre renovadas, cheio de hist\u00f3rias e lendas como as das cidades que foram\u2026","rel":"","context":"Em &quot;Cultura-Geral&quot;","block_context":{"text":"Cultura-Geral","link":"https:\/\/www.jornalja.com.br\/arquivo\/category\/materiasecundaria\/"},"img":{"alt_text":"","src":"","width":0,"height":0},"classes":[]},{"id":13109,"url":"https:\/\/www.jornalja.com.br\/arquivo\/judiciario-reconhece-poluicao-eletromagnetica\/","url_meta":{"origin":71960,"position":1},"title":"Judici\u00e1rio reconhece polui\u00e7\u00e3o eletromagn\u00e9tica","author":"Patr\u00edcia Marini","date":"16 de maio de 2014","format":false,"excerpt":"A\u00e7\u00e3o de duas associa\u00e7\u00f5es de moradores foi acolhida pelo Tribunal de Justi\u00e7a de S\u00e3o Paulo que. em decis\u00e3o in\u00e9dita, determinou a redu\u00e7\u00e3o do campo eletromagn\u00e9tico gerado pelas linhas de transmiss\u00e3o de energia que cortam os bairros City Boa\u00e7ava e Alto de Pinheiros. \u00c9 a primeira vez que um tribunal do\u2026","rel":"","context":"Em &quot;X.Categorias velhas&quot;","block_context":{"text":"X.Categorias velhas","link":"https:\/\/www.jornalja.com.br\/arquivo\/category\/x-categorias-velhas\/"},"img":{"alt_text":"","src":"","width":0,"height":0},"classes":[]},{"id":12960,"url":"https:\/\/www.jornalja.com.br\/arquivo\/populacao-culpa-empresas-pela-greve-dos-rodoviarios\/","url_meta":{"origin":71960,"position":2},"title":"Popula\u00e7\u00e3o culpa empresas pela greve","author":"Patr\u00edcia Marini","date":"14 de fevereiro de 2014","format":false,"excerpt":"Pesquisa divulgada na edi\u00e7\u00e3o do jornal Metro desta sexta-feira,14, comprova o velho ditado: \u00e9 poss\u00edvel enganar muitos por algum tempo, mas n\u00e3o \u00e9 poss\u00edvel enganar a todos o tempo inteiro. A principal revela\u00e7\u00e3o foi que 59,8% dos entrevistados apontaram as empresas como as principais respons\u00e1veis pela grave e 46% culparam\u2026","rel":"","context":"Em &quot;X.Categorias velhas&quot;","block_context":{"text":"X.Categorias velhas","link":"https:\/\/www.jornalja.com.br\/arquivo\/category\/x-categorias-velhas\/"},"img":{"alt_text":"","src":"","width":0,"height":0},"classes":[]},{"id":13124,"url":"https:\/\/www.jornalja.com.br\/arquivo\/sangue-latino-no-iecine\/","url_meta":{"origin":71960,"position":3},"title":"Sangue latino no IECINE","author":"da Reda\u00e7\u00e3o","date":"18 de maio de 2014","format":false,"excerpt":"Francisco Ribeiro O Instituto Estadual de Cinema (IECINE) tem a frente, desde abril \u00faltimo, um novo diretor, o cineasta colombiano Juan Zapata, 36, que substitui Luiz Alberto Cassol. Radicado h\u00e1 dez anos em Porto Alegre, Zapata tem diante de si o desafio de conduzir at\u00e9 o final do ano um\u2026","rel":"","context":"Em &quot;Cultura-Geral&quot;","block_context":{"text":"Cultura-Geral","link":"https:\/\/www.jornalja.com.br\/arquivo\/category\/materiasecundaria\/"},"img":{"alt_text":"","src":"","width":0,"height":0},"classes":[]},{"id":13128,"url":"https:\/\/www.jornalja.com.br\/arquivo\/maconha-terra-diz-que-uso-medicinal-e-desculpa\/","url_meta":{"origin":71960,"position":4},"title":"Maconha: Terra diz que uso medicinal \u00e9 desculpa","author":"Patr\u00edcia Marini","date":"4 de junho de 2014","format":false,"excerpt":"A condi\u00e7\u00e3o de pol\u00edtico, em \u00e9poca de campanha de campanha eleitoral, tira for\u00e7a do discurso do m\u00e9dico Osmar Terra contra a legaliza\u00e7\u00e3o da maconha. A tese dele de que a libera\u00e7\u00e3o vai ampliar exponencialmente o consumo \u00e9 discutivel, o consumo \u00e9 corrente. Mas seus alertas quanto aos riscos tem que\u2026","rel":"","context":"Em &quot;X.Categorias velhas&quot;","block_context":{"text":"X.Categorias velhas","link":"https:\/\/www.jornalja.com.br\/arquivo\/category\/x-categorias-velhas\/"},"img":{"alt_text":"","src":"","width":0,"height":0},"classes":[]},{"id":13240,"url":"https:\/\/www.jornalja.com.br\/arquivo\/plano-diretor-estamos-construindo-o-caos\/","url_meta":{"origin":71960,"position":5},"title":"Plano diretor: &quot;Estamos construindo o caos&quot;","author":"Patr\u00edcia Marini","date":"26 de maio de 2014","format":false,"excerpt":"Desabafo que arquiteta Eliana Castilhos, delegada da Regi\u00e3o de Planejamento 1, postou nas redes sociais \u00e9 um testemunho do ambiente que se criou no Conselho do Plano Diretor de Porto Alegre, onde a aprova\u00e7\u00e3o de grandes empreendimentos \u00e9 empurrada guela abaixo dos conselheiros. Ao CMDUA Como delegada da Regi\u00e3o de\u2026","rel":"","context":"Em &quot;Geral&quot;","block_context":{"text":"Geral","link":"https:\/\/www.jornalja.com.br\/arquivo\/category\/geral\/"},"img":{"alt_text":"","src":"","width":0,"height":0},"classes":[]}],"jetpack_shortlink":"https:\/\/wp.me\/pbQjBd-iIE","jetpack_featured_media_url":"","_links":{"self":[{"href":"https:\/\/www.jornalja.com.br\/arquivo\/wp-json\/wp\/v2\/posts\/71960","targetHints":{"allow":["GET"]}}],"collection":[{"href":"https:\/\/www.jornalja.com.br\/arquivo\/wp-json\/wp\/v2\/posts"}],"about":[{"href":"https:\/\/www.jornalja.com.br\/arquivo\/wp-json\/wp\/v2\/types\/post"}],"author":[{"embeddable":true,"href":"https:\/\/www.jornalja.com.br\/arquivo\/wp-json\/wp\/v2\/users\/4"}],"replies":[{"embeddable":true,"href":"https:\/\/www.jornalja.com.br\/arquivo\/wp-json\/wp\/v2\/comments?post=71960"}],"version-history":[{"count":0,"href":"https:\/\/www.jornalja.com.br\/arquivo\/wp-json\/wp\/v2\/posts\/71960\/revisions"}],"wp:attachment":[{"href":"https:\/\/www.jornalja.com.br\/arquivo\/wp-json\/wp\/v2\/media?parent=71960"}],"wp:term":[{"taxonomy":"category","embeddable":true,"href":"https:\/\/www.jornalja.com.br\/arquivo\/wp-json\/wp\/v2\/categories?post=71960"},{"taxonomy":"post_tag","embeddable":true,"href":"https:\/\/www.jornalja.com.br\/arquivo\/wp-json\/wp\/v2\/tags?post=71960"}],"curies":[{"name":"wp","href":"https:\/\/api.w.org\/{rel}","templated":true}]}}