{"id":9889,"date":"2011-09-02T14:50:58","date_gmt":"2011-09-02T17:50:58","guid":{"rendered":"https:\/\/www.jornalja.com.br\/?p=9889"},"modified":"2011-09-02T14:50:58","modified_gmt":"2011-09-02T17:50:58","slug":"revitalizacao-do-brique-da-redencao-sera-entregue-em-11-de-setembro","status":"publish","type":"post","link":"https:\/\/www.jornalja.com.br\/arquivo\/revitalizacao-do-brique-da-redencao-sera-entregue-em-11-de-setembro\/","title":{"rendered":"Revitaliza\u00e7\u00e3o do Brique da Reden\u00e7\u00e3o ser\u00e1 entregue em 11 de setembro"},"content":{"rendered":"<p>O ato de entrega da revitaliza\u00e7\u00e3o do Brique da Reden\u00e7\u00e3o, tradicional feira do Parque Farroupilha em Porto Alegre, acontecer\u00e1 dia 11 de setembro.<br \/>\nA feira ganhar\u00e1 novas bancas, grades de exposi\u00e7\u00e3o, camisetas, sacolas ecol\u00f3gicas padronizadas e site remodelado. A Revitaliza\u00e7\u00e3o do Brique \u00e9 resultado de uma parceria da prefeitura, da Associa\u00e7\u00e3o do Brique da Reden\u00e7\u00e3o e a gigante americana Walmart, por meio de sua nova marca no estado &#8211; BIG.<br \/>\nRealizada h\u00e1 33 anos, no Parque Farroupilha (Reden\u00e7\u00e3o), a feira atrai cerca de 50 mil visitantes por final de semana. O local \u00e9 um dos principais pontos tur\u00edsticos da cidade. Funciona das 9h \u00e0s 18h, na avenida Jos\u00e9 Bonif\u00e1cio.<br \/>\nO Brique foi inaugurado em mar\u00e7o de 1978 como &#8220;Mercado de Pulgas&#8221;, com 40 expositores. Em 1982, surgiu a Feira de Artesanato do Bom Fim e o Arte na Pra\u00e7a. Atualmente, trabalham no local 184 expositores de artesanato, 66 de antiguidades, 40 de artes pl\u00e1sticas e dez de gastronomia.<br \/>\n<strong>Programa\u00e7\u00e3o Cultural do dia 11 de setembro:<br \/>\n<\/strong><br \/>\n9h &#8211; Recuerdos de Milonga<br \/>\n10h30 &#8211; Cordas e Cordeonas<br \/>\n11h30 &#8211; Solenidade com a presen\u00e7a de autoridades<br \/>\n12h45 &#8211; Canta Brasil<br \/>\n13h45 \u2013 Escuela Argentina de Tango Daniel Carlos<br \/>\n15h &#8211; Blue Grass<\/p>\n","protected":false},"excerpt":{"rendered":"<p>O ato de entrega da revitaliza\u00e7\u00e3o do Brique da Reden\u00e7\u00e3o, tradicional feira do Parque Farroupilha em Porto Alegre, acontecer\u00e1 dia 11 de setembro. A feira ganhar\u00e1 novas bancas, grades de exposi\u00e7\u00e3o, camisetas, sacolas ecol\u00f3gicas padronizadas e site remodelado. A Revitaliza\u00e7\u00e3o do Brique \u00e9 resultado de uma parceria da prefeitura, da Associa\u00e7\u00e3o do Brique da Reden\u00e7\u00e3o [&hellip;]<\/p>\n","protected":false},"author":5,"featured_media":0,"comment_status":"open","ping_status":"open","sticky":false,"template":"","format":"standard","meta":{"_jetpack_memberships_contains_paid_content":false,"footnotes":""},"categories":[2],"tags":[99,111,498],"class_list":["post-9889","post","type-post","status-publish","format-standard","hentry","category-x-categorias-velhas","tag-bom-fim","tag-cidade","tag-redencao"],"aioseo_notices":[],"jetpack_featured_media_url":"","jetpack_sharing_enabled":true,"jetpack-related-posts":[],"jetpack_shortlink":"https:\/\/wp.me\/pbQjBd-2zv","_links":{"self":[{"href":"https:\/\/www.jornalja.com.br\/arquivo\/wp-json\/wp\/v2\/posts\/9889","targetHints":{"allow":["GET"]}}],"collection":[{"href":"https:\/\/www.jornalja.com.br\/arquivo\/wp-json\/wp\/v2\/posts"}],"about":[{"href":"https:\/\/www.jornalja.com.br\/arquivo\/wp-json\/wp\/v2\/types\/post"}],"author":[{"embeddable":true,"href":"https:\/\/www.jornalja.com.br\/arquivo\/wp-json\/wp\/v2\/users\/5"}],"replies":[{"embeddable":true,"href":"https:\/\/www.jornalja.com.br\/arquivo\/wp-json\/wp\/v2\/comments?post=9889"}],"version-history":[{"count":0,"href":"https:\/\/www.jornalja.com.br\/arquivo\/wp-json\/wp\/v2\/posts\/9889\/revisions"}],"wp:attachment":[{"href":"https:\/\/www.jornalja.com.br\/arquivo\/wp-json\/wp\/v2\/media?parent=9889"}],"wp:term":[{"taxonomy":"category","embeddable":true,"href":"https:\/\/www.jornalja.com.br\/arquivo\/wp-json\/wp\/v2\/categories?post=9889"},{"taxonomy":"post_tag","embeddable":true,"href":"https:\/\/www.jornalja.com.br\/arquivo\/wp-json\/wp\/v2\/tags?post=9889"}],"curies":[{"name":"wp","href":"https:\/\/api.w.org\/{rel}","templated":true}]}}