{"id":1022,"date":"2005-10-26T16:36:01","date_gmt":"2005-10-26T19:36:01","guid":{"rendered":"http:\/\/75.126.185.46\/~jornalja\/?p=1022"},"modified":"2005-10-26T16:36:01","modified_gmt":"2005-10-26T19:36:01","slug":"compromisso-etico","status":"publish","type":"post","link":"https:\/\/www.jornalja.com.br\/colunas\/compromisso-etico\/","title":{"rendered":"Compromisso \u00e9tico"},"content":{"rendered":"<p>No dia 11 de outubro, a Funda\u00e7\u00e3o Gaia promoveu em Porto Alegre um encontro entre jornalistas, representantes de ONGs ambientalistas e sociedade civil. No evento, que teve a participa\u00e7\u00e3o do Jornal J\u00c1, Correio do Povo, Jornal do Com\u00e9rcio e Ecoag\u00eancia Solid\u00e1ria de Not\u00edcias, os jornalistas tiveram a oportunidade de discutir com o p\u00fablico a responsabilidade da m\u00eddia na forma\u00e7\u00e3o de uma consci\u00eancia ambiental e sua efetiva colabora\u00e7\u00e3o na difus\u00e3o de quest\u00f5es s\u00f3cio-ambientais. A presen\u00e7a de profissionais de jornalismo abriu um espa\u00e7o de reflex\u00e3o sobre o que efetivamente est\u00e1 sendo informado para a sociedade e o caminho que se est\u00e1 construindo na perspectiva do meio ambiente.<br \/>\nA humanidade chegou a um ponto decisivo, onde todos necessitamos fazer uma convers\u00e3o de valores, realizando uma mudan\u00e7a substancial em nosso modo de vida. Se\u00a0 continuarmos a ignorar despreocupadamente as trag\u00e9dias que v\u00eam acontecendo, toda a ra\u00e7a humana poder\u00e1 ser aniquilada. Por isso, o papel fundamental da imprensa deve ser o de orientar as pessoas a abandonarem ideologias que criam confrontos e divis\u00f5es entre os povos. &#8220;O Papel da Imprensa para as Quest\u00f5es Ambientais&#8221;, tema do encontro, vai muito al\u00e9m de dar aten\u00e7\u00e3o \u00e0s trag\u00e9dias somente quando as mesmas ocorrem. Urge alertar as pessoas para o fato de que ingressamos num per\u00edodo de transi\u00e7\u00e3o, onde, ou abra\u00e7amos o conceito de uma Humanidade unificada, ou continuamos cada vez mais antagonistas, um em rela\u00e7\u00e3o ao outro, engajando-nos em conflitos m\u00fatuos.<br \/>\nAtualmente enfrentamos uma grande crise devido \u00e0 decad\u00eancia moral do ser humano, \u00e0 qual efetivamente levou ao aumento das anomalias clim\u00e1ticas e dos cataclismos, provocados pela destrui\u00e7\u00e3o do meio ambiente. Durante v\u00e1rias gera\u00e7\u00f5es, os seres humanos t\u00eam buscado dinheiro e posses materiais passando por cima de tudo e de todos despreocupadamente &#8211; na maioria das vezes, justamente por perseguirem-nos dessa forma, \u00e9 que lhes escapam. Devemos inspirar as pessoas a viver de acordo com os princ\u00edpios ecol\u00f3gicos, pois essa \u00e9 a \u00fanica forma de encontrarem a verdadeira felicidade.<br \/>\nConduzido pela escritora Lilian Dreyer, o evento oportunizou aos jornalistas presentes discorrerem sobre o que a imprensa ga\u00facha v\u00eam fazendo para informar, conscientizar e sensibilizar a popula\u00e7\u00e3o sobre a import\u00e2ncia da preserva\u00e7\u00e3o ambiental. Segundo Jurema Josefa, do Correio do Povo, o Jornalismo Ambiental, deve ser pautado no compromisso \u00e9tico de disponibilizar informa\u00e7\u00e3o ver\u00eddica. Para isso, a imprensa deve fortalecer as a\u00e7\u00f5es das ONGs e se valer da credibilidade das mesmas. O resultado \u00e9 uma troca de conhecimento da qual o maior beneficiado \u00e9 o leitor. Nesse sentido, Lorena Paim, do Jornal do Com\u00e9rcio, lembrou que o papel fundamental da imprensa \u00e9 o de informar priorizando tamb\u00e9m os assuntos ecol\u00f3gicos. Isso se faz n\u00e3o s\u00f3 registrando as cat\u00e1strofes ambientais, mas sim divulgando as a\u00e7\u00f5es desenvolvidas para evit\u00e1-las. O &#8220;ecojornalismo&#8221;, segundo ela, se faz dando v\u00f3z e direito \u00e0 todos os que lutam pela causa ambiental.<br \/>\nGuilherme Kolling relatou a experi\u00eancia diferenciada do Jornal J\u00c1, do qual \u00e9 redator-chefe. Segundo ele, o jornal tem por tradi\u00e7\u00e3o o foco nas quest\u00f5es que envolvem o meio ambiente. Esse trabalho \u00e9 visto tanto na edi\u00e7\u00e3o mensal, distribu\u00edda aos assinantes e vendida em bancas, quanto nas duas edi\u00e7\u00f5es quinzenais, dispon\u00edveis gratuitamente em pontos estrat\u00e9gicos de Porto Alegre. Promover debates e f\u00f3runs tamb\u00e9m faz parte do trabalho do J\u00c1, como aconteceu em mar\u00e7o deste ano, onde empres\u00e1rios e pol\u00edticos puderam discutir com a popula\u00e7\u00e3o acerca do &#8220;Reflorestamento e Desenvolvimento Sustent\u00e1vel&#8221;, que tratou das perspectivas dos neg\u00f3cios com madeira no Sul do Brasil.<br \/>\nEstamos construindo uma civiliza\u00e7\u00e3o baseada no individualismo, e o resultado disso s\u00e3o as \u00faltimas cat\u00e1strofes naturais, atrav\u00e9s das quais estamos experimentando severos desafios. Por\u00e9m, com esses fen\u00f4menos temos tamb\u00e9m a oportunidade, com reflex\u00e3o e di\u00e1logo, de demonstrarmos de que serve a sabedoria humana &#8211; ou ser\u00e1 que vamos esperar que nossos caminhos fiquem repletos de desatres e sofrimento?<br \/>\nNuma \u00e9poca em que nos defrontamos com o esfacelamento da sociedade, com a deteriora\u00e7\u00e3o do meio ambiente, e com outros problemas prementes; os representantes das ONGs lembraram que essas entidades foram criadas e existem n\u00e3o com o objetivo de travar o progresso e o avan\u00e7o da humanidade, mas sim para permitir que todos os seres vivos existam e avancem no caminho da prosperidade.<br \/>\nChristian Lavich Goldschmidt<br \/>\n<em>Escritor e ator<\/em><\/p>\n","protected":false},"excerpt":{"rendered":"<p>No dia 11 de outubro, a Funda\u00e7\u00e3o Gaia promoveu em Porto Alegre um encontro entre jornalistas, representantes de ONGs ambientalistas e sociedade civil. No evento, que teve a participa\u00e7\u00e3o do Jornal J\u00c1, Correio do Povo, Jornal do Com\u00e9rcio e Ecoag\u00eancia Solid\u00e1ria de Not\u00edcias, os jornalistas tiveram a oportunidade de discutir com o p\u00fablico a responsabilidade [&hellip;]<\/p>\n","protected":false},"author":5,"featured_media":0,"comment_status":"open","ping_status":"open","sticky":false,"template":"","format":"standard","meta":{"jetpack_post_was_ever_published":false,"_jetpack_newsletter_access":"","_jetpack_dont_email_post_to_subs":false,"_jetpack_newsletter_tier_id":0,"_jetpack_memberships_contains_paywalled_content":false,"_jetpack_memberships_contains_paid_content":false,"footnotes":"","jetpack_publicize_message":"","jetpack_publicize_feature_enabled":true,"jetpack_social_post_already_shared":false,"jetpack_social_options":{"image_generator_settings":{"template":"highway","default_image_id":0,"font":"","enabled":false},"version":2}},"categories":[2],"tags":[],"class_list":["post-1022","post","type-post","status-publish","format-standard","hentry","category-analiseopiniao"],"aioseo_notices":[],"jetpack_publicize_connections":[],"jetpack_featured_media_url":"","jetpack-related-posts":[{"id":84564,"url":"https:\/\/www.jornalja.com.br\/colunas\/a-nova-celulose-a-beira-do-guaiba-e-o-risco-de-repetir-a-borregaard\/","url_meta":{"origin":1022,"position":0},"title":"A nova celulose \u00e0 beira do Gua\u00edba e o risco de repetir a Borregaard","author":"An\u00e1lise &amp; Opini\u00e3o","date":"6 de mar\u00e7o de 2026","format":false,"excerpt":"ELMAR BONES No dia 16 de mar\u00e7o de 1972 foi inaugurada a Ind\u00fastria de Celulose Borregaard, em Gua\u00edba, com a presen\u00e7a das mais altas autoridades e manchetes ufanistas em todos os jornais. Inaugura\u00e7\u00e3o da f\u00e1brica em Gua\u00edba, no ano de 1972. Foto Reprodu\u00e7\u00e3o Arquivo\/CeluloseRioGrandense Seria uma das maiores f\u00e1bricas em\u2026","rel":"","context":"Em &quot;An\u00e1lise&amp;Opini\u00e3o&quot;","block_context":{"text":"An\u00e1lise&amp;Opini\u00e3o","link":"https:\/\/www.jornalja.com.br\/colunas\/category\/analiseopiniao\/"},"img":{"alt_text":"","src":"https:\/\/i0.wp.com\/www.jornalja.com.br\/colunas\/wp-content\/uploads\/sites\/5\/2026\/03\/20260306-112140-scaled.jpg?resize=350%2C200&ssl=1","width":350,"height":200,"srcset":"https:\/\/i0.wp.com\/www.jornalja.com.br\/colunas\/wp-content\/uploads\/sites\/5\/2026\/03\/20260306-112140-scaled.jpg?resize=350%2C200&ssl=1 1x, https:\/\/i0.wp.com\/www.jornalja.com.br\/colunas\/wp-content\/uploads\/sites\/5\/2026\/03\/20260306-112140-scaled.jpg?resize=525%2C300&ssl=1 1.5x, https:\/\/i0.wp.com\/www.jornalja.com.br\/colunas\/wp-content\/uploads\/sites\/5\/2026\/03\/20260306-112140-scaled.jpg?resize=700%2C400&ssl=1 2x, https:\/\/i0.wp.com\/www.jornalja.com.br\/colunas\/wp-content\/uploads\/sites\/5\/2026\/03\/20260306-112140-scaled.jpg?resize=1050%2C600&ssl=1 3x, https:\/\/i0.wp.com\/www.jornalja.com.br\/colunas\/wp-content\/uploads\/sites\/5\/2026\/03\/20260306-112140-scaled.jpg?resize=1400%2C800&ssl=1 4x"},"classes":[]},{"id":84557,"url":"https:\/\/www.jornalja.com.br\/colunas\/entrevista-com-leonel-brizola-como-nascem-as-falsificacoes-historicas\/","url_meta":{"origin":1022,"position":1},"title":"Entrevista com Leonel Brizola: Como nascem as falsifica\u00e7\u00f5es hist\u00f3ricas","author":"An\u00e1lise &amp; Opini\u00e3o","date":"2 de mar\u00e7o de 2026","format":false,"excerpt":"SILVANA MOURA Mais do que direito \u00e0 Hist\u00f3ria, temos o direito \u00e0 verdade da Hist\u00f3ria, para evitar um passado falsificado, supostamente \u201climpo\u201d, eivado de manipula\u00e7\u00e3o e pretensa uniformidade. Em 1996 realizei, em Carazinho, uma Entrevista de Hist\u00f3ria Oral (sou Historiadora e trabalho com Hist\u00f3ria Oral h\u00e1 40 anos) com Leonel\u2026","rel":"","context":"Em &quot;An\u00e1lise&amp;Opini\u00e3o&quot;","block_context":{"text":"An\u00e1lise&amp;Opini\u00e3o","link":"https:\/\/www.jornalja.com.br\/colunas\/category\/analiseopiniao\/"},"img":{"alt_text":"","src":"","width":0,"height":0},"classes":[]},{"id":84632,"url":"https:\/\/www.jornalja.com.br\/colunas\/medicos-alertam-para-os-riscos-a-saude-de-nova-fabrica-de-celulose-da-cmpc\/","url_meta":{"origin":1022,"position":2},"title":"M\u00e9dicos alertam para os riscos \u00e0 sa\u00fade de nova f\u00e1brica de celulose da CMPC","author":"Cleber Dioni Tentardini","date":"14 de abril de 2026","format":false,"excerpt":"ROSELAINE MURLIK * Represento um grupo de profissionais da medicina que, h\u00e1 alguns anos, estuda os diferentes impactos das mudan\u00e7as clim\u00e1ticas e da polui\u00e7\u00e3o ambiental nos ecossistemas na sa\u00fade humana e do planeta. Causa preocupa\u00e7\u00e3o o novo megaempreendimento de celulose da empresa chilena CMPC em Barra do Ribeiro (RS), pr\u00f3ximo\u2026","rel":"","context":"Em &quot;An\u00e1lise&amp;Opini\u00e3o&quot;","block_context":{"text":"An\u00e1lise&amp;Opini\u00e3o","link":"https:\/\/www.jornalja.com.br\/colunas\/category\/analiseopiniao\/"},"img":{"alt_text":"","src":"https:\/\/i0.wp.com\/www.jornalja.com.br\/colunas\/wp-content\/uploads\/sites\/5\/2026\/04\/comite-contra-celulose.jpg?resize=350%2C200&ssl=1","width":350,"height":200},"classes":[]},{"id":84590,"url":"https:\/\/www.jornalja.com.br\/colunas\/e-preciso-defender-o-jardim-botanico-de-porto-alegre\/","url_meta":{"origin":1022,"position":3},"title":"\u00c9 preciso defender o Jardim Bot\u00e2nico de Porto Alegre","author":"da Reda\u00e7\u00e3o","date":"8 de mar\u00e7o de 2026","format":false,"excerpt":"CLEBER DIONI TENTARDINI O Jardim Bot\u00e2nico de Porto Alegre (JBPA) tem 67 anos e \u00e9 considerado um dos cinco melhores e maiores do Brasil. Possui 28 cole\u00e7\u00f5es cient\u00edficas que somam mais de 4.200 plantas, incluindo esp\u00e9cies raras, amea\u00e7adas de extin\u00e7\u00e3o e end\u00eamicas, que s\u00e3o encontradas apenas no RS. No local\u2026","rel":"","context":"Em &quot;An\u00e1lise&amp;Opini\u00e3o&quot;","block_context":{"text":"An\u00e1lise&amp;Opini\u00e3o","link":"https:\/\/www.jornalja.com.br\/colunas\/category\/analiseopiniao\/"},"img":{"alt_text":"","src":"https:\/\/i0.wp.com\/www.jornalja.com.br\/colunas\/wp-content\/uploads\/sites\/5\/2026\/03\/jb-3.jpg?resize=350%2C200&ssl=1","width":350,"height":200,"srcset":"https:\/\/i0.wp.com\/www.jornalja.com.br\/colunas\/wp-content\/uploads\/sites\/5\/2026\/03\/jb-3.jpg?resize=350%2C200&ssl=1 1x, https:\/\/i0.wp.com\/www.jornalja.com.br\/colunas\/wp-content\/uploads\/sites\/5\/2026\/03\/jb-3.jpg?resize=525%2C300&ssl=1 1.5x, https:\/\/i0.wp.com\/www.jornalja.com.br\/colunas\/wp-content\/uploads\/sites\/5\/2026\/03\/jb-3.jpg?resize=700%2C400&ssl=1 2x"},"classes":[]},{"id":84693,"url":"https:\/\/www.jornalja.com.br\/colunas\/fim-da-escala-6x1-cabe-ao-congresso-decidir-entre-o-progresso-e-o-atraso\/","url_meta":{"origin":1022,"position":4},"title":"Fim da escala 6&#215;1: cabe ao Congresso decidir entre o progresso e o atraso","author":"da Reda\u00e7\u00e3o","date":"20 de abril de 2026","format":false,"excerpt":"Plen\u00e1rio da C\u00e2mara dos Deputados durante sess\u00e3o solene do Congresso Nacional. Caber\u00e1 ao parlamento a decis\u00e3o final sobre a nova escala de trabalho. Foto: Leopoldo Silva\/Ag\u00eancia Senado CRISTIANO GOLDSCHMIDT A discuss\u00e3o sobre o fim da escala de trabalho 6x1 no Brasil tem ganhado centralidade no debate p\u00fablico contempor\u00e2neo por tocar\u2026","rel":"","context":"Em &quot;An\u00e1lise&amp;Opini\u00e3o&quot;","block_context":{"text":"An\u00e1lise&amp;Opini\u00e3o","link":"https:\/\/www.jornalja.com.br\/colunas\/category\/analiseopiniao\/"},"img":{"alt_text":"","src":"https:\/\/i0.wp.com\/www.jornalja.com.br\/colunas\/wp-content\/uploads\/sites\/5\/2026\/04\/plenario-do-congresso-nacional-posse-presidencial-2023-foto-de-leopoldo-silva-agencia-senado-scaled.jpg?resize=350%2C200&ssl=1","width":350,"height":200,"srcset":"https:\/\/i0.wp.com\/www.jornalja.com.br\/colunas\/wp-content\/uploads\/sites\/5\/2026\/04\/plenario-do-congresso-nacional-posse-presidencial-2023-foto-de-leopoldo-silva-agencia-senado-scaled.jpg?resize=350%2C200&ssl=1 1x, https:\/\/i0.wp.com\/www.jornalja.com.br\/colunas\/wp-content\/uploads\/sites\/5\/2026\/04\/plenario-do-congresso-nacional-posse-presidencial-2023-foto-de-leopoldo-silva-agencia-senado-scaled.jpg?resize=525%2C300&ssl=1 1.5x, https:\/\/i0.wp.com\/www.jornalja.com.br\/colunas\/wp-content\/uploads\/sites\/5\/2026\/04\/plenario-do-congresso-nacional-posse-presidencial-2023-foto-de-leopoldo-silva-agencia-senado-scaled.jpg?resize=700%2C400&ssl=1 2x, https:\/\/i0.wp.com\/www.jornalja.com.br\/colunas\/wp-content\/uploads\/sites\/5\/2026\/04\/plenario-do-congresso-nacional-posse-presidencial-2023-foto-de-leopoldo-silva-agencia-senado-scaled.jpg?resize=1050%2C600&ssl=1 3x, https:\/\/i0.wp.com\/www.jornalja.com.br\/colunas\/wp-content\/uploads\/sites\/5\/2026\/04\/plenario-do-congresso-nacional-posse-presidencial-2023-foto-de-leopoldo-silva-agencia-senado-scaled.jpg?resize=1400%2C800&ssl=1 4x"},"classes":[]},{"id":84737,"url":"https:\/\/www.jornalja.com.br\/colunas\/dia-internacional-da-educacao-o-brasil-que-se-revela-na-sala-de-aula\/","url_meta":{"origin":1022,"position":5},"title":"Dia Internacional da Educa\u00e7\u00e3o: o Brasil que se revela na sala de aula","author":"An\u00e1lise &amp; Opini\u00e3o","date":"28 de abril de 2026","format":false,"excerpt":"CRISTIANO GOLDSCHMIDT A educa\u00e7\u00e3o n\u00e3o se deixa apreender como um simples conceito est\u00e1vel ou como um consenso j\u00e1 dado. Ela se apresenta, antes, como um campo de tens\u00f5es, no qual se entrecruzam disputas de sentido, sil\u00eancios hist\u00f3ricos e projetos de sociedade. Pensar a educa\u00e7\u00e3o, nesse horizonte, implica reconhecer que educar\u2026","rel":"","context":"Em &quot;An\u00e1lise&amp;Opini\u00e3o&quot;","block_context":{"text":"An\u00e1lise&amp;Opini\u00e3o","link":"https:\/\/www.jornalja.com.br\/colunas\/category\/analiseopiniao\/"},"img":{"alt_text":"","src":"https:\/\/i0.wp.com\/www.jornalja.com.br\/colunas\/wp-content\/uploads\/sites\/5\/2026\/04\/image-1.png?resize=350%2C200&ssl=1","width":350,"height":200,"srcset":"https:\/\/i0.wp.com\/www.jornalja.com.br\/colunas\/wp-content\/uploads\/sites\/5\/2026\/04\/image-1.png?resize=350%2C200&ssl=1 1x, https:\/\/i0.wp.com\/www.jornalja.com.br\/colunas\/wp-content\/uploads\/sites\/5\/2026\/04\/image-1.png?resize=525%2C300&ssl=1 1.5x, https:\/\/i0.wp.com\/www.jornalja.com.br\/colunas\/wp-content\/uploads\/sites\/5\/2026\/04\/image-1.png?resize=700%2C400&ssl=1 2x"},"classes":[]}],"jetpack_shortlink":"https:\/\/wp.me\/pbKo0s-gu","jetpack_sharing_enabled":true,"_links":{"self":[{"href":"https:\/\/www.jornalja.com.br\/colunas\/wp-json\/wp\/v2\/posts\/1022","targetHints":{"allow":["GET"]}}],"collection":[{"href":"https:\/\/www.jornalja.com.br\/colunas\/wp-json\/wp\/v2\/posts"}],"about":[{"href":"https:\/\/www.jornalja.com.br\/colunas\/wp-json\/wp\/v2\/types\/post"}],"author":[{"embeddable":true,"href":"https:\/\/www.jornalja.com.br\/colunas\/wp-json\/wp\/v2\/users\/5"}],"replies":[{"embeddable":true,"href":"https:\/\/www.jornalja.com.br\/colunas\/wp-json\/wp\/v2\/comments?post=1022"}],"version-history":[{"count":0,"href":"https:\/\/www.jornalja.com.br\/colunas\/wp-json\/wp\/v2\/posts\/1022\/revisions"}],"wp:attachment":[{"href":"https:\/\/www.jornalja.com.br\/colunas\/wp-json\/wp\/v2\/media?parent=1022"}],"wp:term":[{"taxonomy":"category","embeddable":true,"href":"https:\/\/www.jornalja.com.br\/colunas\/wp-json\/wp\/v2\/categories?post=1022"},{"taxonomy":"post_tag","embeddable":true,"href":"https:\/\/www.jornalja.com.br\/colunas\/wp-json\/wp\/v2\/tags?post=1022"}],"curies":[{"name":"wp","href":"https:\/\/api.w.org\/{rel}","templated":true}]}}