{"id":11069,"date":"2011-12-28T15:06:57","date_gmt":"2011-12-28T18:06:57","guid":{"rendered":"https:\/\/www.jornalja.com.br\/?p=11069"},"modified":"2011-12-28T15:06:57","modified_gmt":"2011-12-28T18:06:57","slug":"jardins-sem-alma","status":"publish","type":"post","link":"https:\/\/www.jornalja.com.br\/colunas\/jardins-sem-alma\/","title":{"rendered":"Jardins sem alma"},"content":{"rendered":"<p>Quem mora em cidades facilmente repara que as empresas contempor\u00e2neas que oferecem &#8220;servi\u00e7os de jardinagem&#8221; se parecem cada vez mais com uma brigada paramilitar. S\u00e3o pessoas, em geral, com pouca habilidade em jardinagem propriamente dita, prontas para intervir em jardins, com todo o tipo de coisa que a tecnologia que favorece o menor esfor\u00e7o deu conta de criar, e que, ao que tudo indica, continuar\u00e1 criando<br \/>\nPara um ano t\u00e3o pesado de lutas desiguais e truculentas em busca da prote\u00e7\u00e3o do patrim\u00f4nio natural brasileiro, a abordagem de um tema fora do contexto rural pode ajudar a recarregar as baterias para um 2012 que tamb\u00e9m reserva muitas press\u00f5es. O que ocorre no entorno de nossas casas incrustadas no meio urbano tamb\u00e9m tem sua relev\u00e2ncia e muitos desafios.<br \/>\n<img decoding=\"async\" class=\"alignright wp-image-13435 size-full\" src=\"https:\/\/jornalja.com.br\/wp-content\/uploads\/2011\/12\/jardins-e1401922936441.jpg\" alt=\"jardins\" width=\"400\" height=\"373\" \/>Quem mora em cidades facilmente repara que as empresas contempor\u00e2neas que oferecem &#8220;servi\u00e7os de jardinagem&#8221; se parecem cada vez mais com uma brigada paramilitar. S\u00e3o pessoas, em geral, com pouca habilidade em jardinagem propriamente dita, prontas para intervir em jardins, com todo o tipo de coisa que a tecnologia que favorece o menor esfor\u00e7o deu conta de criar, e que, ao que tudo indica, continuar\u00e1 criando.<br \/>\nAparelhos, na maioria das vezes, movidos a gasolina, que cortam grama, serram troncos de \u00e1rvores, podam cercas vivas e at\u00e9 fazem vento, contaminando o ambiente com um barulho t\u00edpico da modernidade. Haja paci\u00eancia para suportar tanta perturba\u00e7\u00e3o p\u00fablica calcada na pressa e na superficialidade de um trabalho que est\u00e1 deixando cada vez mais a desejar.<br \/>\nPior do que a parafern\u00e1lia que torna este tipo de servi\u00e7o uma atividade considerada especializada \u00e9 que ficam totalmente para tr\u00e1s os preceitos mais simples de uma jardinagem equilibrada e que tenha por ess\u00eancia &#8220;cuidar&#8221; do jardim e n\u00e3o realizar uma a\u00e7\u00e3o que mais parece uma &#8220;lavagem r\u00e1pida&#8221; com vistas a tirar a &#8220;sujeira grossa&#8221;.<br \/>\nSer um bom jardineiro n\u00e3o requer s\u00f3 conhecimento pr\u00e1tico, mas te\u00f3rico e t\u00e9cnico, embora quem os contrate se considere o dono da verdade, impondo orienta\u00e7\u00f5es estapaf\u00fardias que consolidam o mau manejo dessas \u00e1reas.<br \/>\n<span class=\"intertit\">Sem respostas&#8230;<\/span><br \/>\nSaber quais s\u00e3o esp\u00e9cies invasoras que devem ser evitadas, quais as nativas regionais dispon\u00edveis para uma introdu\u00e7\u00e3o e como estabelecer um conjunto diverso de plantas para atrair mais esp\u00e9cies da fauna nativa s\u00e3o parte de uma ampla gama de perguntas que estes profissionais deveriam saber responder de pronto.<br \/>\nO maquin\u00e1rio de sup\u00e9rfluos avan\u00e7ou no j\u00e1 pouco elaborado servi\u00e7o de jardins que \u00e9 ofertado no mercado e corrobora com o varrer at\u00e9 a terra aflorar, atear fogo ou retirar toda a mat\u00e9ria verde, considerada lixo, para fora do terreno e obrigar o servi\u00e7o p\u00fablico a transport\u00e1-la para &#8220;fora da cidade&#8221;.<br \/>\nSequer considerando a exist\u00eancia de mudas nativas que possam ter nascido a partir de algum processo de dispers\u00e3o natural de sementes, usam-se pesticidas para &#8220;matar o mato&#8221; e as formigas, em conjunto com o que mais estiver por perto.<br \/>\nUm jardim pode ser uma obra de arte que \u00e9 constru\u00edda pouco a pouco ao longo dos anos. Essas \u00e1reas s\u00e3o, em geral, muito simplificadas se comparadas com uma \u00e1rea natural bem protegida e fora do per\u00edmetro das cidades, mas n\u00e3o por isso s\u00e3o isentas de surpresas e de possibilidades. E, no caso de Curitiba, pode gerar ainda redu\u00e7\u00e3o do IPTU e, com a cria\u00e7\u00e3o de Reservas Naturais, possibilitar a venda do potencial construtivo das \u00e1reas a terceiros.<br \/>\nFaz tempo que j\u00e1 conclu\u00ed que jardineiro sem qualifica\u00e7\u00e3o t\u00e9cnica e armado de parafern\u00e1lia e propriet\u00e1rio do s\u00e9culo passado, que acha que folha \u00e9 lixo, se merecem na sua totalidade. E deveria um pagar a conta do outro, na condi\u00e7\u00e3o de n\u00e3o conseguirem ver o que realmente pode ser feito da natureza potencial de um jardim.<br \/>\nN\u00e3o fosse o preju\u00edzo que esses cidad\u00e3os t\u00e3o numerosos causam para toda a sociedade, ao ignorarem que suas vis\u00f5es s\u00e3o retr\u00f3gradas e profundamente limitadas, que empobrecem um bem comum que poder\u00edamos dispor em uma cidade mais civilizada, deveriam ser ignorados e abandonados \u00e0 pr\u00f3pria sorte.<br \/>\nMesmo com a relut\u00e2ncia categ\u00f3rica da maioria em acatar uma l\u00f3gica menos rudimentar do que o que se faz atualmente na maioria das propriedades, p\u00fablicas e privadas, de nossas cidades, deveria existir um confronto das m\u00e1s pr\u00e1ticas com novas leis, que punam os que degradam, mesmo sem saber o que fazem.<br \/>\nEsse \u00e9 o corretivo mais educativo ainda dispon\u00edvel no mercado, queiramos ou n\u00e3o. E limitem excessos que geram polui\u00e7\u00e3o sonora e emiss\u00f5es desnecess\u00e1rias de gases de efeito estufa, que s\u00f3 trazem como resultado a perpetua\u00e7\u00e3o de uma condi\u00e7\u00e3o duramente limitada pela certeza desses atores de que n\u00e3o existe outra forma de agir.<br \/>\n<span class=\"intermenos\">*Texto em homenagem a Ademar Brasileiro, o \u00fanico jardineiro de verdade que conhe\u00e7o.<\/span><br \/>\n<span class=\"assina\">Cl\u00f3vis Borges \u00e9 diretor-executivo da ONG Sociedade de Pesquisa em Vida Selvagem e Educa\u00e7\u00e3o Ambiental (SPVS). <\/span><\/p>\n","protected":false},"excerpt":{"rendered":"<p>Quem mora em cidades facilmente repara que as empresas contempor\u00e2neas que oferecem &#8220;servi\u00e7os de jardinagem&#8221; se parecem cada vez mais com uma brigada paramilitar. S\u00e3o pessoas, em geral, com pouca habilidade em jardinagem propriamente dita, prontas para intervir em jardins, com todo o tipo de coisa que a tecnologia que favorece o menor esfor\u00e7o deu [&hellip;]<\/p>\n","protected":false},"author":5,"featured_media":0,"comment_status":"open","ping_status":"open","sticky":false,"template":"","format":"standard","meta":{"jetpack_post_was_ever_published":false,"_jetpack_newsletter_access":"","_jetpack_dont_email_post_to_subs":false,"_jetpack_newsletter_tier_id":0,"_jetpack_memberships_contains_paywalled_content":false,"_jetpack_memberships_contains_paid_content":false,"footnotes":"","jetpack_publicize_message":"","jetpack_publicize_feature_enabled":true,"jetpack_social_post_already_shared":false,"jetpack_social_options":{"image_generator_settings":{"template":"highway","default_image_id":0,"font":"","enabled":false},"version":2}},"categories":[2],"tags":[76,77,78,79],"class_list":["post-11069","post","type-post","status-publish","format-standard","hentry","category-analiseopiniao","tag-clovis-borges","tag-educacao-ambiental","tag-jardinagem","tag-vida-selvagem"],"aioseo_notices":[],"jetpack_publicize_connections":[],"jetpack_featured_media_url":"","jetpack-related-posts":[{"id":84673,"url":"https:\/\/www.jornalja.com.br\/colunas\/40-anos-sem-simone-de-beauvoir-uma-interlocutora-ainda-incomoda-do-presente\/","url_meta":{"origin":11069,"position":0},"title":"40 anos sem Simone de Beauvoir, uma interlocutora ainda inc\u00f4moda do presente","author":"da Reda\u00e7\u00e3o","date":"14 de abril de 2026","format":false,"excerpt":"CRISTIANO GOLDSCHMIDT Quarenta anos ap\u00f3s a morte de Simone de Beauvoir (9 de janeiro de 1908 - 14 de abril de 1986), descubro que sua aus\u00eancia n\u00e3o \u00e9 propriamente um vazio \u2014 \u00e9 antes um rumor cont\u00ednuo, uma esp\u00e9cie de presen\u00e7a indireta que se infiltra nas conversas, nos livros, nas\u2026","rel":"","context":"Em &quot;An\u00e1lise&amp;Opini\u00e3o&quot;","block_context":{"text":"An\u00e1lise&amp;Opini\u00e3o","link":"https:\/\/www.jornalja.com.br\/colunas\/category\/analiseopiniao\/"},"img":{"alt_text":"","src":"https:\/\/i0.wp.com\/www.jornalja.com.br\/colunas\/wp-content\/uploads\/sites\/5\/2026\/04\/simone-de-beauvoir-memorias-de-uma-menina-bemcomportada.jpeg?resize=350%2C200&ssl=1","width":350,"height":200},"classes":[]},{"id":84632,"url":"https:\/\/www.jornalja.com.br\/colunas\/medicos-alertam-para-os-riscos-a-saude-de-nova-fabrica-de-celulose-da-cmpc\/","url_meta":{"origin":11069,"position":1},"title":"M\u00e9dicos alertam para os riscos \u00e0 sa\u00fade de nova f\u00e1brica de celulose da CMPC","author":"Cleber Dioni Tentardini","date":"14 de abril de 2026","format":false,"excerpt":"ROSELAINE MURLIK * Represento um grupo de profissionais da medicina que, h\u00e1 alguns anos, estuda os diferentes impactos das mudan\u00e7as clim\u00e1ticas e da polui\u00e7\u00e3o ambiental nos ecossistemas na sa\u00fade humana e do planeta. Causa preocupa\u00e7\u00e3o o novo megaempreendimento de celulose da empresa chilena CMPC em Barra do Ribeiro (RS), pr\u00f3ximo\u2026","rel":"","context":"Em &quot;An\u00e1lise&amp;Opini\u00e3o&quot;","block_context":{"text":"An\u00e1lise&amp;Opini\u00e3o","link":"https:\/\/www.jornalja.com.br\/colunas\/category\/analiseopiniao\/"},"img":{"alt_text":"","src":"https:\/\/i0.wp.com\/www.jornalja.com.br\/colunas\/wp-content\/uploads\/sites\/5\/2026\/04\/comite-contra-celulose.jpg?resize=350%2C200&ssl=1","width":350,"height":200},"classes":[]},{"id":84690,"url":"https:\/\/www.jornalja.com.br\/colunas\/17-de-abril-de-1996-30-anos-do-massacre-de-eldorado-do-carajas\/","url_meta":{"origin":11069,"position":2},"title":"17 de abril de 1996: 30 anos do Massacre de Eldorado do Caraj\u00e1s","author":"da Reda\u00e7\u00e3o","date":"17 de abril de 2026","format":false,"excerpt":"Cruz marca o local do massacre em Eldorado dos Caraj\u00e1s, Par\u00e1. Foto: Marcello Casal Jr.\/Arquivo ABr CRISTIANO GOLDSCHMIDT H\u00e1 datas que n\u00e3o passam. Ficam suspensas no tempo como poeira vermelha sobre a pele \u2014 insistem, infiltram-se, recusam o esquecimento. Abril, no sul do Par\u00e1, \u00e9 sempre um m\u00eas que arde.\u2026","rel":"","context":"Em &quot;An\u00e1lise&amp;Opini\u00e3o&quot;","block_context":{"text":"An\u00e1lise&amp;Opini\u00e3o","link":"https:\/\/www.jornalja.com.br\/colunas\/category\/analiseopiniao\/"},"img":{"alt_text":"","src":"https:\/\/i0.wp.com\/www.jornalja.com.br\/colunas\/wp-content\/uploads\/sites\/5\/2026\/04\/mc006.jpg?resize=350%2C200&ssl=1","width":350,"height":200,"srcset":"https:\/\/i0.wp.com\/www.jornalja.com.br\/colunas\/wp-content\/uploads\/sites\/5\/2026\/04\/mc006.jpg?resize=350%2C200&ssl=1 1x, https:\/\/i0.wp.com\/www.jornalja.com.br\/colunas\/wp-content\/uploads\/sites\/5\/2026\/04\/mc006.jpg?resize=525%2C300&ssl=1 1.5x, https:\/\/i0.wp.com\/www.jornalja.com.br\/colunas\/wp-content\/uploads\/sites\/5\/2026\/04\/mc006.jpg?resize=700%2C400&ssl=1 2x, https:\/\/i0.wp.com\/www.jornalja.com.br\/colunas\/wp-content\/uploads\/sites\/5\/2026\/04\/mc006.jpg?resize=1050%2C600&ssl=1 3x, https:\/\/i0.wp.com\/www.jornalja.com.br\/colunas\/wp-content\/uploads\/sites\/5\/2026\/04\/mc006.jpg?resize=1400%2C800&ssl=1 4x"},"classes":[]},{"id":84703,"url":"https:\/\/www.jornalja.com.br\/colunas\/tiradentes-o-martir-que-ainda-nos-observa-e-as-inquietacoes-de-um-brasil-inacabado\/","url_meta":{"origin":11069,"position":3},"title":"Tiradentes: o M\u00e1rtir que ainda nos observa e as inquieta\u00e7\u00f5es de um Brasil inacabado","author":"da Reda\u00e7\u00e3o","date":"21 de abril de 2026","format":false,"excerpt":"CRISTIANO GOLDSCHMIDT H\u00e1 datas que n\u00e3o se imp\u00f5em pelo alarde, mas pela persist\u00eancia silenciosa com que atravessam os s\u00e9culos e se insinuam na consci\u00eancia coletiva. O 21 de abril pertence a essa estirpe discreta. N\u00e3o chega ornado de euforia, tampouco se anuncia com a grandiloqu\u00eancia de outras celebra\u00e7\u00f5es; antes, aproxima-se\u2026","rel":"","context":"Em &quot;An\u00e1lise&amp;Opini\u00e3o&quot;","block_context":{"text":"An\u00e1lise&amp;Opini\u00e3o","link":"https:\/\/www.jornalja.com.br\/colunas\/category\/analiseopiniao\/"},"img":{"alt_text":"","src":"https:\/\/i0.wp.com\/www.jornalja.com.br\/colunas\/wp-content\/uploads\/sites\/5\/2026\/04\/tiradentes-esquartejado-1893-do-artista-pedro-americo.jpg?resize=350%2C200&ssl=1","width":350,"height":200,"srcset":"https:\/\/i0.wp.com\/www.jornalja.com.br\/colunas\/wp-content\/uploads\/sites\/5\/2026\/04\/tiradentes-esquartejado-1893-do-artista-pedro-americo.jpg?resize=350%2C200&ssl=1 1x, https:\/\/i0.wp.com\/www.jornalja.com.br\/colunas\/wp-content\/uploads\/sites\/5\/2026\/04\/tiradentes-esquartejado-1893-do-artista-pedro-americo.jpg?resize=525%2C300&ssl=1 1.5x, https:\/\/i0.wp.com\/www.jornalja.com.br\/colunas\/wp-content\/uploads\/sites\/5\/2026\/04\/tiradentes-esquartejado-1893-do-artista-pedro-americo.jpg?resize=700%2C400&ssl=1 2x, https:\/\/i0.wp.com\/www.jornalja.com.br\/colunas\/wp-content\/uploads\/sites\/5\/2026\/04\/tiradentes-esquartejado-1893-do-artista-pedro-americo.jpg?resize=1050%2C600&ssl=1 3x"},"classes":[]},{"id":84590,"url":"https:\/\/www.jornalja.com.br\/colunas\/e-preciso-defender-o-jardim-botanico-de-porto-alegre\/","url_meta":{"origin":11069,"position":4},"title":"\u00c9 preciso defender o Jardim Bot\u00e2nico de Porto Alegre","author":"da Reda\u00e7\u00e3o","date":"8 de mar\u00e7o de 2026","format":false,"excerpt":"CLEBER DIONI TENTARDINI O Jardim Bot\u00e2nico de Porto Alegre (JBPA) tem 67 anos e \u00e9 considerado um dos cinco melhores e maiores do Brasil. Possui 28 cole\u00e7\u00f5es cient\u00edficas que somam mais de 4.200 plantas, incluindo esp\u00e9cies raras, amea\u00e7adas de extin\u00e7\u00e3o e end\u00eamicas, que s\u00e3o encontradas apenas no RS. No local\u2026","rel":"","context":"Em &quot;An\u00e1lise&amp;Opini\u00e3o&quot;","block_context":{"text":"An\u00e1lise&amp;Opini\u00e3o","link":"https:\/\/www.jornalja.com.br\/colunas\/category\/analiseopiniao\/"},"img":{"alt_text":"","src":"https:\/\/i0.wp.com\/www.jornalja.com.br\/colunas\/wp-content\/uploads\/sites\/5\/2026\/03\/jb-3.jpg?resize=350%2C200&ssl=1","width":350,"height":200,"srcset":"https:\/\/i0.wp.com\/www.jornalja.com.br\/colunas\/wp-content\/uploads\/sites\/5\/2026\/03\/jb-3.jpg?resize=350%2C200&ssl=1 1x, https:\/\/i0.wp.com\/www.jornalja.com.br\/colunas\/wp-content\/uploads\/sites\/5\/2026\/03\/jb-3.jpg?resize=525%2C300&ssl=1 1.5x, https:\/\/i0.wp.com\/www.jornalja.com.br\/colunas\/wp-content\/uploads\/sites\/5\/2026\/03\/jb-3.jpg?resize=700%2C400&ssl=1 2x"},"classes":[]},{"id":84564,"url":"https:\/\/www.jornalja.com.br\/colunas\/a-nova-celulose-a-beira-do-guaiba-e-o-risco-de-repetir-a-borregaard\/","url_meta":{"origin":11069,"position":5},"title":"A nova celulose \u00e0 beira do Gua\u00edba e o risco de repetir a Borregaard","author":"An\u00e1lise &amp; Opini\u00e3o","date":"6 de mar\u00e7o de 2026","format":false,"excerpt":"ELMAR BONES No dia 16 de mar\u00e7o de 1972 foi inaugurada a Ind\u00fastria de Celulose Borregaard, em Gua\u00edba, com a presen\u00e7a das mais altas autoridades e manchetes ufanistas em todos os jornais. Inaugura\u00e7\u00e3o da f\u00e1brica em Gua\u00edba, no ano de 1972. Foto Reprodu\u00e7\u00e3o Arquivo\/CeluloseRioGrandense Seria uma das maiores f\u00e1bricas em\u2026","rel":"","context":"Em &quot;An\u00e1lise&amp;Opini\u00e3o&quot;","block_context":{"text":"An\u00e1lise&amp;Opini\u00e3o","link":"https:\/\/www.jornalja.com.br\/colunas\/category\/analiseopiniao\/"},"img":{"alt_text":"","src":"https:\/\/i0.wp.com\/www.jornalja.com.br\/colunas\/wp-content\/uploads\/sites\/5\/2026\/03\/20260306-112140-scaled.jpg?resize=350%2C200&ssl=1","width":350,"height":200,"srcset":"https:\/\/i0.wp.com\/www.jornalja.com.br\/colunas\/wp-content\/uploads\/sites\/5\/2026\/03\/20260306-112140-scaled.jpg?resize=350%2C200&ssl=1 1x, https:\/\/i0.wp.com\/www.jornalja.com.br\/colunas\/wp-content\/uploads\/sites\/5\/2026\/03\/20260306-112140-scaled.jpg?resize=525%2C300&ssl=1 1.5x, https:\/\/i0.wp.com\/www.jornalja.com.br\/colunas\/wp-content\/uploads\/sites\/5\/2026\/03\/20260306-112140-scaled.jpg?resize=700%2C400&ssl=1 2x, https:\/\/i0.wp.com\/www.jornalja.com.br\/colunas\/wp-content\/uploads\/sites\/5\/2026\/03\/20260306-112140-scaled.jpg?resize=1050%2C600&ssl=1 3x, https:\/\/i0.wp.com\/www.jornalja.com.br\/colunas\/wp-content\/uploads\/sites\/5\/2026\/03\/20260306-112140-scaled.jpg?resize=1400%2C800&ssl=1 4x"},"classes":[]}],"jetpack_shortlink":"https:\/\/wp.me\/pbKo0s-2Sx","jetpack_sharing_enabled":true,"_links":{"self":[{"href":"https:\/\/www.jornalja.com.br\/colunas\/wp-json\/wp\/v2\/posts\/11069","targetHints":{"allow":["GET"]}}],"collection":[{"href":"https:\/\/www.jornalja.com.br\/colunas\/wp-json\/wp\/v2\/posts"}],"about":[{"href":"https:\/\/www.jornalja.com.br\/colunas\/wp-json\/wp\/v2\/types\/post"}],"author":[{"embeddable":true,"href":"https:\/\/www.jornalja.com.br\/colunas\/wp-json\/wp\/v2\/users\/5"}],"replies":[{"embeddable":true,"href":"https:\/\/www.jornalja.com.br\/colunas\/wp-json\/wp\/v2\/comments?post=11069"}],"version-history":[{"count":0,"href":"https:\/\/www.jornalja.com.br\/colunas\/wp-json\/wp\/v2\/posts\/11069\/revisions"}],"wp:attachment":[{"href":"https:\/\/www.jornalja.com.br\/colunas\/wp-json\/wp\/v2\/media?parent=11069"}],"wp:term":[{"taxonomy":"category","embeddable":true,"href":"https:\/\/www.jornalja.com.br\/colunas\/wp-json\/wp\/v2\/categories?post=11069"},{"taxonomy":"post_tag","embeddable":true,"href":"https:\/\/www.jornalja.com.br\/colunas\/wp-json\/wp\/v2\/tags?post=11069"}],"curies":[{"name":"wp","href":"https:\/\/api.w.org\/{rel}","templated":true}]}}