{"id":1534,"date":"2008-09-02T13:39:03","date_gmt":"2008-09-02T16:39:03","guid":{"rendered":"https:\/\/www.jornalja.com.br\/?p=1534"},"modified":"2008-09-02T13:39:03","modified_gmt":"2008-09-02T16:39:03","slug":"a-morte-de-um-coronel-de-paz","status":"publish","type":"post","link":"https:\/\/www.jornalja.com.br\/colunas\/a-morte-de-um-coronel-de-paz\/","title":{"rendered":"A morte de um coronel de paz"},"content":{"rendered":"<p><em>Prioridade \u00e9 uma palavra que est\u00e1 perdendo o sentido quando aparece em discursos oficiais.<\/em><br \/>\nO coronel da reserva da Brigada Militar, Celso Sousa Soares, 64 anos, mor-to a tiros, domingo \u00faltimo, por bandidos que tentaram assalt\u00e1-lo, era um amigo de muitos anos. Apaixonado pela cultura de nosso Rio Grande sem-pre foi estimado por seus companheiros de farda e por todas as lideran\u00e7as do tradicionalismo ga\u00facho. S\u00f3brio em todos os seus gestos, Celso era um homem de paz e, talvez por isso, n\u00e3o tenham sido certeiros os tiros que dis-parou contra os bandidos que o atacaram.<br \/>\nLeio que o secret\u00e1rio da Seguran\u00e7a, Edson de Oliveira Goularte, quer prio-rizar o combate ao tr\u00e1fico de drogas e assaltos para reduzir o \u00edndice de ho-mic\u00eddios no Estado. Tanto quanto eu saiba, esta prioridade, no papel, existe h\u00e1 muito tempo. Como est\u00e1 s\u00f3 no papel, Celso, v\u00edtima de assalto, foi assas-sinado. Mas fatos semelhantes atingem a todas as categorias de cidad\u00e3os e os policiais est\u00e3o submetidos ao mesmo cerco. Dentro deste diapas\u00e3o penso que o voc\u00e1bulo \u2018prioridade\u2019 deveria ser evitado nos discursos oficiais, pois ele est\u00e1 perdendo o sentido diante da falta de for\u00e7as das organiza\u00e7\u00f5es poli-ciais em combater a bandidagem. A palavra prioridade n\u00e3o significa a\u00e7\u00e3o. \u00c9 preciso haja a\u00e7\u00e3o para que a sociedade sinta a exist\u00eancia da prioridade.<br \/>\n<strong> Identifica\u00e7\u00e3o<\/strong><br \/>\nO trabalho da Pol\u00edcia Civil em torno do assassinato do coronel Celso foi \u00e1gil e bem sucedido. Os dois bandidos apontados como autores do crime foram identificados como Fabiano Lu\u00eds Macedo e Emerson dos Santos. A a\u00e7\u00e3o dos investigadores provou, neste caso espec\u00edfico, a prioridade, o que n\u00e3o acontece quando se trata de estabelecer, pelo governo, a pol\u00edtica da se-guran\u00e7a para todos os cidad\u00e3os.<br \/>\n<strong> Emerg\u00eancia<\/strong><br \/>\nDesde a noite de domingo, at\u00e9 ontem, em Viam\u00e3o, houve oito assassina-tos e sete pessoas resultaram feridas e passa a liderar o rankig das cidades mais violentas do estado, posi\u00e7\u00e3o que durante muito tempo foi ocupada por Alvorada. A s\u00e9rie de homic\u00eddios teve como epis\u00f3dio de maior gravidade a chacina ocorrida no bairro Minuano, onde, domingo, tr\u00eas jovens foram e-xecutados a tiros num ponto de venda de drogas. Este quadro est\u00e1 motivan-do uma s\u00e9rie de reuni\u00f5es nas c\u00fapulas da Brigada Militar e da Pol\u00edcia Civil, as quais dever\u00e3o resultar em providencias emergenciais, o que estar\u00e1 longe se significar uma solu\u00e7\u00e3o.<br \/>\n<strong> Assassinato<\/strong><br \/>\nUm homem foi encontrado morto, ontem, no bairro Navegantes, em Es-teio. Segundo a policia civil, o corpo, com marcas de tiros, foi localizado dentro de um val\u00e3o na rua Beira Rio. A vitima foi identificada como Luiz Ricardo Gomes de Souza, 23 anos.<br \/>\n<strong> Droga<\/strong><br \/>\nAgentes da DP de Vacaria prenderam uma quadrilha que realizava tr\u00e1fico de crack e maconha naquele munic\u00edpio. O grupo era formado por um ho-mem com 31 anos de idade e tr\u00eas mulheres com 41, 23 e 24 anos. Eles agi-am em v\u00e1rios bairros.<br \/>\n<strong> Motoqueiros<\/strong><br \/>\nQuatro homens assaltaram o hipermercado BIG de Cachoeirinha, por vol-ta das 9h15min de ontem. Segundo a Brigada Militar o  grupo invadiu a lot\u00e9rica localizada dentro do hipermercado e levou R$  20 mil. Em seguida, roubou mais R$ 1 mil de um dos caixas do mercado.  De acordo com os policiais, a a\u00e7\u00e3o foi r\u00e1pida e n\u00e3o deixou nenhum ferido. Nenhum tiro foi disparado. Os bandidos fugiram em duas motos.<br \/>\n<strong> DNA<\/strong><br \/>\nA perita qu\u00edmico-toxicologista do IGP (Instituto-Geral de Per\u00edcias), So-lange Pereira Schwengber, fez a defesa p\u00fablica de sua disserta\u00e7\u00e3o de mes-trado, na \u00faltima quinta-feira, na Faculdade de Bioci\u00eancias, da PUCRS. Com o trabalho acad\u00eamico, intitulado \u201cUtiliza\u00e7\u00e3o de marcadores de cro-mossomo \u2018Y\u2019 como ferramenta visando a elucida\u00e7\u00e3o de casos de crimes sexuais na gen\u00e9tica forense\u201d, a autora teve o objetivo de contribuir para a forma\u00e7\u00e3o de um banco de dados de DNA da popula\u00e7\u00e3o do Rio Grande do Sul.<br \/>\n<strong> Susepe<\/strong><br \/>\nO atual chefe do gabinete da SSP-RS (Secretaria da Seguran\u00e7a P\u00fablica), coronel Paulo Renato Biachi, que foi homem da m\u00e1xima confian\u00e7a de Jos\u00e9 Francisco Mallmann, est\u00e1 cotado para assumir a Susepe (Superintend\u00eancia dos Servi\u00e7os Penitenci\u00e1rios). A indica\u00e7\u00e3o de Biachi, se acontecer, dever\u00e1 provocar inconformismo entre os servidores da Susepe, que preferem um profissional de carreira naquele posto.<\/p>\n","protected":false},"excerpt":{"rendered":"<p>Prioridade \u00e9 uma palavra que est\u00e1 perdendo o sentido quando aparece em discursos oficiais. O coronel da reserva da Brigada Militar, Celso Sousa Soares, 64 anos, mor-to a tiros, domingo \u00faltimo, por bandidos que tentaram assalt\u00e1-lo, era um amigo de muitos anos. Apaixonado pela cultura de nosso Rio Grande sem-pre foi estimado por seus companheiros [&hellip;]<\/p>\n","protected":false},"author":5,"featured_media":0,"comment_status":"open","ping_status":"open","sticky":false,"template":"","format":"standard","meta":{"jetpack_post_was_ever_published":false,"_jetpack_newsletter_access":"","_jetpack_dont_email_post_to_subs":false,"_jetpack_newsletter_tier_id":0,"_jetpack_memberships_contains_paywalled_content":false,"_jetpack_memberships_contains_paid_content":false,"footnotes":"","jetpack_publicize_message":"","jetpack_publicize_feature_enabled":true,"jetpack_social_post_already_shared":false,"jetpack_social_options":{"image_generator_settings":{"template":"highway","default_image_id":0,"font":"","enabled":false},"version":2}},"categories":[2],"tags":[],"class_list":["post-1534","post","type-post","status-publish","format-standard","hentry","category-analiseopiniao"],"aioseo_notices":[],"jetpack_publicize_connections":[],"jetpack_featured_media_url":"","jetpack-related-posts":[{"id":84617,"url":"https:\/\/www.jornalja.com.br\/colunas\/o-candidato-de-si-mesmo\/","url_meta":{"origin":1534,"position":0},"title":"O candidato de si mesmo","author":"da Reda\u00e7\u00e3o","date":"10 de abril de 2026","format":false,"excerpt":"Sem emplacar nacionalmente, Leite pode ficar quatro anos sem mandato. Foto Jo\u00e3o Pedro Rodrigues\/SecomRS ELMAR BONES Ningu\u00e9m \u00e9 candidato de si mesmo. Essa \u00e9 a regra n\u00e3o escrita da pol\u00edtica partid\u00e1ria, que as velhas raposas n\u00e3o cansam de repetir aos novatos. Eduardo Leite parece n\u00e3o t\u00ea-la aprendido. Ele n\u00e3o tem\u2026","rel":"","context":"Em &quot;An\u00e1lise&amp;Opini\u00e3o&quot;","block_context":{"text":"An\u00e1lise&amp;Opini\u00e3o","link":"https:\/\/www.jornalja.com.br\/colunas\/category\/analiseopiniao\/"},"img":{"alt_text":"","src":"https:\/\/i0.wp.com\/www.jornalja.com.br\/colunas\/wp-content\/uploads\/sites\/5\/2026\/04\/infraestrutura-escolar.jpeg?resize=350%2C200&ssl=1","width":350,"height":200,"srcset":"https:\/\/i0.wp.com\/www.jornalja.com.br\/colunas\/wp-content\/uploads\/sites\/5\/2026\/04\/infraestrutura-escolar.jpeg?resize=350%2C200&ssl=1 1x, https:\/\/i0.wp.com\/www.jornalja.com.br\/colunas\/wp-content\/uploads\/sites\/5\/2026\/04\/infraestrutura-escolar.jpeg?resize=525%2C300&ssl=1 1.5x, https:\/\/i0.wp.com\/www.jornalja.com.br\/colunas\/wp-content\/uploads\/sites\/5\/2026\/04\/infraestrutura-escolar.jpeg?resize=700%2C400&ssl=1 2x"},"classes":[]},{"id":84690,"url":"https:\/\/www.jornalja.com.br\/colunas\/17-de-abril-de-1996-30-anos-do-massacre-de-eldorado-do-carajas\/","url_meta":{"origin":1534,"position":1},"title":"17 de abril de 1996: 30 anos do Massacre de Eldorado do Caraj\u00e1s","author":"da Reda\u00e7\u00e3o","date":"17 de abril de 2026","format":false,"excerpt":"Cruz marca o local do massacre em Eldorado dos Caraj\u00e1s, Par\u00e1. Foto: Marcello Casal Jr.\/Arquivo ABr CRISTIANO GOLDSCHMIDT H\u00e1 datas que n\u00e3o passam. Ficam suspensas no tempo como poeira vermelha sobre a pele \u2014 insistem, infiltram-se, recusam o esquecimento. Abril, no sul do Par\u00e1, \u00e9 sempre um m\u00eas que arde.\u2026","rel":"","context":"Em &quot;An\u00e1lise&amp;Opini\u00e3o&quot;","block_context":{"text":"An\u00e1lise&amp;Opini\u00e3o","link":"https:\/\/www.jornalja.com.br\/colunas\/category\/analiseopiniao\/"},"img":{"alt_text":"","src":"https:\/\/i0.wp.com\/www.jornalja.com.br\/colunas\/wp-content\/uploads\/sites\/5\/2026\/04\/mc006.jpg?resize=350%2C200&ssl=1","width":350,"height":200,"srcset":"https:\/\/i0.wp.com\/www.jornalja.com.br\/colunas\/wp-content\/uploads\/sites\/5\/2026\/04\/mc006.jpg?resize=350%2C200&ssl=1 1x, https:\/\/i0.wp.com\/www.jornalja.com.br\/colunas\/wp-content\/uploads\/sites\/5\/2026\/04\/mc006.jpg?resize=525%2C300&ssl=1 1.5x, https:\/\/i0.wp.com\/www.jornalja.com.br\/colunas\/wp-content\/uploads\/sites\/5\/2026\/04\/mc006.jpg?resize=700%2C400&ssl=1 2x, https:\/\/i0.wp.com\/www.jornalja.com.br\/colunas\/wp-content\/uploads\/sites\/5\/2026\/04\/mc006.jpg?resize=1050%2C600&ssl=1 3x, https:\/\/i0.wp.com\/www.jornalja.com.br\/colunas\/wp-content\/uploads\/sites\/5\/2026\/04\/mc006.jpg?resize=1400%2C800&ssl=1 4x"},"classes":[]},{"id":84622,"url":"https:\/\/www.jornalja.com.br\/colunas\/13-de-abril-queriam-transformar-o-hino-nacional-em-grito-de-guerra-mas-ele-insiste-em-ser-canto-de-paz\/","url_meta":{"origin":1534,"position":2},"title":"13 de abril: Queriam transformar o Hino Nacional em grito de guerra, mas ele insiste em ser canto de paz","author":"da Reda\u00e7\u00e3o","date":"13 de abril de 2026","format":false,"excerpt":"CRISTIANO GOLDSCHMIDT No calend\u00e1rio das datas c\u00edvicas, o 13 de abril passa quase em sil\u00eancio, como um acorde sustentado que poucos escutam at\u00e9 o fim. N\u00e3o h\u00e1 fogos, n\u00e3o h\u00e1 desfiles grandiosos, n\u00e3o h\u00e1 a coreografia ensaiada das celebra\u00e7\u00f5es que se imp\u00f5em ao olhar. H\u00e1, antes, uma esp\u00e9cie de pausa\u2026","rel":"","context":"Em &quot;An\u00e1lise&amp;Opini\u00e3o&quot;","block_context":{"text":"An\u00e1lise&amp;Opini\u00e3o","link":"https:\/\/www.jornalja.com.br\/colunas\/category\/analiseopiniao\/"},"img":{"alt_text":"","src":"https:\/\/i0.wp.com\/www.jornalja.com.br\/colunas\/wp-content\/uploads\/sites\/5\/2026\/04\/imagem-do-poeta-brasileiro-joaquim-osorio-duque-estrada-autor-da-letra-do-hino-nacional-escaneada-do-livro-flora-de-maio-edicao-de-1902.jpg?resize=350%2C200&ssl=1","width":350,"height":200,"srcset":"https:\/\/i0.wp.com\/www.jornalja.com.br\/colunas\/wp-content\/uploads\/sites\/5\/2026\/04\/imagem-do-poeta-brasileiro-joaquim-osorio-duque-estrada-autor-da-letra-do-hino-nacional-escaneada-do-livro-flora-de-maio-edicao-de-1902.jpg?resize=350%2C200&ssl=1 1x, https:\/\/i0.wp.com\/www.jornalja.com.br\/colunas\/wp-content\/uploads\/sites\/5\/2026\/04\/imagem-do-poeta-brasileiro-joaquim-osorio-duque-estrada-autor-da-letra-do-hino-nacional-escaneada-do-livro-flora-de-maio-edicao-de-1902.jpg?resize=525%2C300&ssl=1 1.5x"},"classes":[]},{"id":84673,"url":"https:\/\/www.jornalja.com.br\/colunas\/40-anos-sem-simone-de-beauvoir-uma-interlocutora-ainda-incomoda-do-presente\/","url_meta":{"origin":1534,"position":3},"title":"40 anos sem Simone de Beauvoir, uma interlocutora ainda inc\u00f4moda do presente","author":"da Reda\u00e7\u00e3o","date":"14 de abril de 2026","format":false,"excerpt":"CRISTIANO GOLDSCHMIDT Quarenta anos ap\u00f3s a morte de Simone de Beauvoir (9 de janeiro de 1908 - 14 de abril de 1986), descubro que sua aus\u00eancia n\u00e3o \u00e9 propriamente um vazio \u2014 \u00e9 antes um rumor cont\u00ednuo, uma esp\u00e9cie de presen\u00e7a indireta que se infiltra nas conversas, nos livros, nas\u2026","rel":"","context":"Em &quot;An\u00e1lise&amp;Opini\u00e3o&quot;","block_context":{"text":"An\u00e1lise&amp;Opini\u00e3o","link":"https:\/\/www.jornalja.com.br\/colunas\/category\/analiseopiniao\/"},"img":{"alt_text":"","src":"https:\/\/i0.wp.com\/www.jornalja.com.br\/colunas\/wp-content\/uploads\/sites\/5\/2026\/04\/simone-de-beauvoir-memorias-de-uma-menina-bemcomportada.jpeg?resize=350%2C200&ssl=1","width":350,"height":200},"classes":[]},{"id":84737,"url":"https:\/\/www.jornalja.com.br\/colunas\/dia-internacional-da-educacao-o-brasil-que-se-revela-na-sala-de-aula\/","url_meta":{"origin":1534,"position":4},"title":"Dia Internacional da Educa\u00e7\u00e3o: o Brasil que se revela na sala de aula","author":"An\u00e1lise &amp; Opini\u00e3o","date":"28 de abril de 2026","format":false,"excerpt":"CRISTIANO GOLDSCHMIDT A educa\u00e7\u00e3o n\u00e3o se deixa apreender como um simples conceito est\u00e1vel ou como um consenso j\u00e1 dado. Ela se apresenta, antes, como um campo de tens\u00f5es, no qual se entrecruzam disputas de sentido, sil\u00eancios hist\u00f3ricos e projetos de sociedade. Pensar a educa\u00e7\u00e3o, nesse horizonte, implica reconhecer que educar\u2026","rel":"","context":"Em &quot;An\u00e1lise&amp;Opini\u00e3o&quot;","block_context":{"text":"An\u00e1lise&amp;Opini\u00e3o","link":"https:\/\/www.jornalja.com.br\/colunas\/category\/analiseopiniao\/"},"img":{"alt_text":"","src":"https:\/\/i0.wp.com\/www.jornalja.com.br\/colunas\/wp-content\/uploads\/sites\/5\/2026\/04\/image-1.png?resize=350%2C200&ssl=1","width":350,"height":200,"srcset":"https:\/\/i0.wp.com\/www.jornalja.com.br\/colunas\/wp-content\/uploads\/sites\/5\/2026\/04\/image-1.png?resize=350%2C200&ssl=1 1x, https:\/\/i0.wp.com\/www.jornalja.com.br\/colunas\/wp-content\/uploads\/sites\/5\/2026\/04\/image-1.png?resize=525%2C300&ssl=1 1.5x, https:\/\/i0.wp.com\/www.jornalja.com.br\/colunas\/wp-content\/uploads\/sites\/5\/2026\/04\/image-1.png?resize=700%2C400&ssl=1 2x"},"classes":[]},{"id":84703,"url":"https:\/\/www.jornalja.com.br\/colunas\/tiradentes-o-martir-que-ainda-nos-observa-e-as-inquietacoes-de-um-brasil-inacabado\/","url_meta":{"origin":1534,"position":5},"title":"Tiradentes: o M\u00e1rtir que ainda nos observa e as inquieta\u00e7\u00f5es de um Brasil inacabado","author":"da Reda\u00e7\u00e3o","date":"21 de abril de 2026","format":false,"excerpt":"CRISTIANO GOLDSCHMIDT H\u00e1 datas que n\u00e3o se imp\u00f5em pelo alarde, mas pela persist\u00eancia silenciosa com que atravessam os s\u00e9culos e se insinuam na consci\u00eancia coletiva. O 21 de abril pertence a essa estirpe discreta. N\u00e3o chega ornado de euforia, tampouco se anuncia com a grandiloqu\u00eancia de outras celebra\u00e7\u00f5es; antes, aproxima-se\u2026","rel":"","context":"Em &quot;An\u00e1lise&amp;Opini\u00e3o&quot;","block_context":{"text":"An\u00e1lise&amp;Opini\u00e3o","link":"https:\/\/www.jornalja.com.br\/colunas\/category\/analiseopiniao\/"},"img":{"alt_text":"","src":"https:\/\/i0.wp.com\/www.jornalja.com.br\/colunas\/wp-content\/uploads\/sites\/5\/2026\/04\/tiradentes-esquartejado-1893-do-artista-pedro-americo.jpg?resize=350%2C200&ssl=1","width":350,"height":200,"srcset":"https:\/\/i0.wp.com\/www.jornalja.com.br\/colunas\/wp-content\/uploads\/sites\/5\/2026\/04\/tiradentes-esquartejado-1893-do-artista-pedro-americo.jpg?resize=350%2C200&ssl=1 1x, https:\/\/i0.wp.com\/www.jornalja.com.br\/colunas\/wp-content\/uploads\/sites\/5\/2026\/04\/tiradentes-esquartejado-1893-do-artista-pedro-americo.jpg?resize=525%2C300&ssl=1 1.5x, https:\/\/i0.wp.com\/www.jornalja.com.br\/colunas\/wp-content\/uploads\/sites\/5\/2026\/04\/tiradentes-esquartejado-1893-do-artista-pedro-americo.jpg?resize=700%2C400&ssl=1 2x, https:\/\/i0.wp.com\/www.jornalja.com.br\/colunas\/wp-content\/uploads\/sites\/5\/2026\/04\/tiradentes-esquartejado-1893-do-artista-pedro-americo.jpg?resize=1050%2C600&ssl=1 3x"},"classes":[]}],"jetpack_shortlink":"https:\/\/wp.me\/pbKo0s-oK","jetpack_sharing_enabled":true,"_links":{"self":[{"href":"https:\/\/www.jornalja.com.br\/colunas\/wp-json\/wp\/v2\/posts\/1534","targetHints":{"allow":["GET"]}}],"collection":[{"href":"https:\/\/www.jornalja.com.br\/colunas\/wp-json\/wp\/v2\/posts"}],"about":[{"href":"https:\/\/www.jornalja.com.br\/colunas\/wp-json\/wp\/v2\/types\/post"}],"author":[{"embeddable":true,"href":"https:\/\/www.jornalja.com.br\/colunas\/wp-json\/wp\/v2\/users\/5"}],"replies":[{"embeddable":true,"href":"https:\/\/www.jornalja.com.br\/colunas\/wp-json\/wp\/v2\/comments?post=1534"}],"version-history":[{"count":0,"href":"https:\/\/www.jornalja.com.br\/colunas\/wp-json\/wp\/v2\/posts\/1534\/revisions"}],"wp:attachment":[{"href":"https:\/\/www.jornalja.com.br\/colunas\/wp-json\/wp\/v2\/media?parent=1534"}],"wp:term":[{"taxonomy":"category","embeddable":true,"href":"https:\/\/www.jornalja.com.br\/colunas\/wp-json\/wp\/v2\/categories?post=1534"},{"taxonomy":"post_tag","embeddable":true,"href":"https:\/\/www.jornalja.com.br\/colunas\/wp-json\/wp\/v2\/tags?post=1534"}],"curies":[{"name":"wp","href":"https:\/\/api.w.org\/{rel}","templated":true}]}}