{"id":1564,"date":"2008-09-06T18:12:18","date_gmt":"2008-09-06T21:12:18","guid":{"rendered":"https:\/\/www.jornalja.com.br\/?p=1564"},"modified":"2008-09-06T18:12:18","modified_gmt":"2008-09-06T21:12:18","slug":"o-equilibrio-esta-a-vista-4","status":"publish","type":"post","link":"https:\/\/www.jornalja.com.br\/colunas\/o-equilibrio-esta-a-vista-4\/","title":{"rendered":"O equil\u00edbrio est\u00e1 \u00e0 vista? (4)"},"content":{"rendered":"<p>Esse jogo de sombras todos os governos fazem. Como disse Rubens Ric\u00fapero, o ministro de FHC: &#8220;O que \u00e9 bom a gente mostra, o que \u00e9 ruim a gente esconde&#8221;. \u00c9 normal ao que parece, e n\u00e3o \u00e9 muito diferente do que fazemos todos n\u00f3s.<br \/>\nEnt\u00e3o, o problema propriamente n\u00e3o \u00e9 o que o governo diz que fez ou est\u00e1 fazendo. O problema \u00e9 querer que se acredite piamente no que ele diz. O problema \u00e9 a imprensa aceitar e endossar o discurso oficial, sem nada questionar.<br \/>\nPor exemplo: qual \u00e9 o resultado efetivo do programa de corte de despesas na m\u00e1quina estadual? Foi decretado no in\u00edcio do governo um corte de 30% nos gastos de custeio. Muita gente entendeu que era um corte de 30% no total das despesas da administra\u00e7\u00e3o direta e ningu\u00e9m fez muita quest\u00e3o de esclarecer.<br \/>\nNa verdade as verbas de custeio representam pouco mais do que 10% do total das despesas, em valor seria no total pouco mais de R$ 1 bilh\u00e3o por ano.<br \/>\nDa\u00ed fez-se a conta e concluiu-se: o corte de 30% representou R$ 300 milh\u00f5es de economia. Admita-se que o corte tenha alcan\u00e7ado 100% do proposto (o que \u00e9 dif\u00edcil), quais os efeitos de um corte t\u00e3o dr\u00e1stico, que est\u00e1 sendo mantido pelo segundo ano consecutivo? Ou era t\u00e3o grande o desperd\u00edcio que cortar 30% n\u00e3o custou nada?\u00a0 (segue)<\/p>\n","protected":false},"excerpt":{"rendered":"<p>Esse jogo de sombras todos os governos fazem. Como disse Rubens Ric\u00fapero, o ministro de FHC: &#8220;O que \u00e9 bom a gente mostra, o que \u00e9 ruim a gente esconde&#8221;. \u00c9 normal ao que parece, e n\u00e3o \u00e9 muito diferente do que fazemos todos n\u00f3s. Ent\u00e3o, o problema propriamente n\u00e3o \u00e9 o que o governo [&hellip;]<\/p>\n","protected":false},"author":5,"featured_media":0,"comment_status":"open","ping_status":"open","sticky":false,"template":"","format":"standard","meta":{"_jetpack_newsletter_access":"","_jetpack_dont_email_post_to_subs":false,"_jetpack_newsletter_tier_id":0,"_jetpack_memberships_contains_paywalled_content":false,"_jetpack_feature_clip_id":0,"_jetpack_memberships_contains_paid_content":false,"footnotes":"","jetpack_publicize_message":"","jetpack_publicize_feature_enabled":true,"jetpack_social_post_already_shared":false,"jetpack_social_options":{"image_generator_settings":{"template":"highway","default_image_id":0,"font":"","enabled":false},"version":2},"jetpack_post_was_ever_published":false},"categories":[2],"tags":[20,40],"class_list":["post-1564","post","type-post","status-publish","format-standard","hentry","category-analiseopiniao","tag-governo-yeda","tag-orcamento"],"aioseo_notices":[],"aioseo_head":"\n\t\t<!-- All in One SEO 5.0.1.1 - aioseo.com -->\n\t<meta name=\"description\" content=\"Esse jogo de sombras todos os governos fazem. Como disse Rubens Ric\u00fapero, o ministro de FHC: &quot;O que \u00e9 bom a gente mostra, o que \u00e9 ruim a gente esconde&quot;. \u00c9 normal ao que parece, e n\u00e3o \u00e9 muito diferente do que fazemos todos n\u00f3s. Ent\u00e3o, o problema propriamente n\u00e3o \u00e9 o que o governo\" \/>\n\t<meta name=\"robots\" content=\"max-image-preview:large\" \/>\n\t<meta name=\"author\" content=\"Elmar Bones\"\/>\n\t<link rel=\"canonical\" href=\"https:\/\/www.jornalja.com.br\/colunas\/o-equilibrio-esta-a-vista-4\/\" \/>\n\t<meta name=\"generator\" content=\"All in One SEO (AIOSEO) 5.0.1.1\" \/>\n\t\t<meta property=\"og:locale\" content=\"pt_BR\" \/>\n\t\t<meta property=\"og:site_name\" content=\"An\u00e1lise &amp; Opini\u00e3o\" \/>\n\t\t<meta property=\"og:type\" content=\"article\" \/>\n\t\t<meta property=\"og:title\" content=\"O equil\u00edbrio est\u00e1 \u00e0 vista? (4) | Colunas\" \/>\n\t\t<meta property=\"og:description\" content=\"Esse jogo de sombras todos os governos fazem. Como disse Rubens Ric\u00fapero, o ministro de FHC: &quot;O que \u00e9 bom a gente mostra, o que \u00e9 ruim a gente esconde&quot;. \u00c9 normal ao que parece, e n\u00e3o \u00e9 muito diferente do que fazemos todos n\u00f3s. Ent\u00e3o, o problema propriamente n\u00e3o \u00e9 o que o governo\" \/>\n\t\t<meta property=\"og:url\" content=\"https:\/\/www.jornalja.com.br\/colunas\/o-equilibrio-esta-a-vista-4\/\" \/>\n\t\t<meta property=\"og:image\" content=\"https:\/\/www.jornalja.com.br\/economics\/wp-content\/uploads\/sites\/11\/2026\/08\/ja-folhaderosto-facebook.jpg\" \/>\n\t\t<meta property=\"og:image:secure_url\" content=\"https:\/\/www.jornalja.com.br\/economics\/wp-content\/uploads\/sites\/11\/2026\/08\/ja-folhaderosto-facebook.jpg\" \/>\n\t\t<meta property=\"article:published_time\" content=\"2008-09-06T21:12:18+00:00\" \/>\n\t\t<meta property=\"article:modified_time\" content=\"2008-09-06T21:12:18+00:00\" \/>\n\t\t<meta name=\"twitter:card\" content=\"summary\" \/>\n\t\t<meta name=\"twitter:title\" content=\"O equil\u00edbrio est\u00e1 \u00e0 vista? (4) | Colunas\" \/>\n\t\t<meta name=\"twitter:description\" content=\"Esse jogo de sombras todos os governos fazem. Como disse Rubens Ric\u00fapero, o ministro de FHC: &quot;O que \u00e9 bom a gente mostra, o que \u00e9 ruim a gente esconde&quot;. \u00c9 normal ao que parece, e n\u00e3o \u00e9 muito diferente do que fazemos todos n\u00f3s. Ent\u00e3o, o problema propriamente n\u00e3o \u00e9 o que o governo\" \/>\n\t\t<meta name=\"twitter:image\" content=\"https:\/\/www.jornalja.com.br\/economics\/wp-content\/uploads\/sites\/11\/2026\/08\/ja-folhaderosto-facebook.jpg\" \/>\n\t\t<script type=\"application\/ld+json\" class=\"aioseo-schema\">\n\t\t\t{\"@context\":\"https:\\\/\\\/schema.org\",\"@graph\":[{\"@type\":\"Article\",\"@id\":\"https:\\\/\\\/www.jornalja.com.br\\\/colunas\\\/o-equilibrio-esta-a-vista-4\\\/#article\",\"name\":\"O equil\\u00edbrio est\\u00e1 \\u00e0 vista? (4) | Colunas\",\"headline\":\"O equil\\u00edbrio est\\u00e1 \\u00e0 vista? (4)\",\"author\":{\"@id\":\"https:\\\/\\\/www.jornalja.com.br\\\/colunas\\\/author\\\/elmar\\\/#author\"},\"publisher\":{\"@id\":\"https:\\\/\\\/www.jornalja.com.br\\\/colunas\\\/#organization\"},\"image\":{\"@type\":\"ImageObject\",\"url\":\"https:\\\/\\\/www.jornalja.com.br\\\/wp-content\\\/uploads\\\/cards\\\/JAslogan.png\",\"@id\":\"https:\\\/\\\/www.jornalja.com.br\\\/colunas\\\/#articleImage\"},\"datePublished\":\"2008-09-06T18:12:18-03:00\",\"dateModified\":\"2008-09-06T18:12:18-03:00\",\"inLanguage\":\"pt-BR\",\"mainEntityOfPage\":{\"@id\":\"https:\\\/\\\/www.jornalja.com.br\\\/colunas\\\/o-equilibrio-esta-a-vista-4\\\/#webpage\"},\"isPartOf\":{\"@id\":\"https:\\\/\\\/www.jornalja.com.br\\\/colunas\\\/o-equilibrio-esta-a-vista-4\\\/#webpage\"},\"articleSection\":\"An\\u00e1lise&amp;Opini\\u00e3o, governo Yeda, or\\u00e7amento\"},{\"@type\":\"BreadcrumbList\",\"@id\":\"https:\\\/\\\/www.jornalja.com.br\\\/colunas\\\/o-equilibrio-esta-a-vista-4\\\/#breadcrumblist\",\"itemListElement\":[{\"@type\":\"ListItem\",\"@id\":\"https:\\\/\\\/www.jornalja.com.br\\\/colunas#listItem\",\"position\":1,\"name\":\"Home\",\"item\":\"https:\\\/\\\/www.jornalja.com.br\\\/colunas\",\"nextItem\":{\"@type\":\"ListItem\",\"@id\":\"https:\\\/\\\/www.jornalja.com.br\\\/colunas\\\/category\\\/analiseopiniao\\\/#listItem\",\"name\":\"An\\u00e1lise&amp;Opini\\u00e3o\"}},{\"@type\":\"ListItem\",\"@id\":\"https:\\\/\\\/www.jornalja.com.br\\\/colunas\\\/category\\\/analiseopiniao\\\/#listItem\",\"position\":2,\"name\":\"An\\u00e1lise&amp;Opini\\u00e3o\",\"item\":\"https:\\\/\\\/www.jornalja.com.br\\\/colunas\\\/category\\\/analiseopiniao\\\/\",\"nextItem\":{\"@type\":\"ListItem\",\"@id\":\"https:\\\/\\\/www.jornalja.com.br\\\/colunas\\\/o-equilibrio-esta-a-vista-4\\\/#listItem\",\"name\":\"O equil\\u00edbrio est\\u00e1 \\u00e0 vista? (4)\"},\"previousItem\":{\"@type\":\"ListItem\",\"@id\":\"https:\\\/\\\/www.jornalja.com.br\\\/colunas#listItem\",\"name\":\"Home\"}},{\"@type\":\"ListItem\",\"@id\":\"https:\\\/\\\/www.jornalja.com.br\\\/colunas\\\/o-equilibrio-esta-a-vista-4\\\/#listItem\",\"position\":3,\"name\":\"O equil\\u00edbrio est\\u00e1 \\u00e0 vista? (4)\",\"previousItem\":{\"@type\":\"ListItem\",\"@id\":\"https:\\\/\\\/www.jornalja.com.br\\\/colunas\\\/category\\\/analiseopiniao\\\/#listItem\",\"name\":\"An\\u00e1lise&amp;Opini\\u00e3o\"}}]},{\"@type\":\"Organization\",\"@id\":\"https:\\\/\\\/www.jornalja.com.br\\\/colunas\\\/#organization\",\"name\":\"Jornal J\\u00c1\",\"description\":\"Jornal J\\u00c1 | Porto Alegre\",\"url\":\"https:\\\/\\\/www.jornalja.com.br\\\/colunas\\\/\",\"telephone\":\"+555133307272\",\"logo\":{\"@type\":\"ImageObject\",\"url\":\"https:\\\/\\\/www.jornalja.com.br\\\/wp-content\\\/uploads\\\/cards\\\/JAslogan.png\",\"@id\":\"https:\\\/\\\/www.jornalja.com.br\\\/colunas\\\/o-equilibrio-esta-a-vista-4\\\/#organizationLogo\"},\"image\":{\"@id\":\"https:\\\/\\\/www.jornalja.com.br\\\/colunas\\\/o-equilibrio-esta-a-vista-4\\\/#organizationLogo\"}},{\"@type\":\"Person\",\"@id\":\"https:\\\/\\\/www.jornalja.com.br\\\/colunas\\\/author\\\/elmar\\\/#author\",\"url\":\"https:\\\/\\\/www.jornalja.com.br\\\/colunas\\\/author\\\/elmar\\\/\",\"name\":\"Elmar Bones\",\"image\":{\"@type\":\"ImageObject\",\"@id\":\"https:\\\/\\\/www.jornalja.com.br\\\/colunas\\\/o-equilibrio-esta-a-vista-4\\\/#authorImage\",\"url\":\"https:\\\/\\\/secure.gravatar.com\\\/avatar\\\/b77dcbcfbeb2587e3d39dfb8909ba1351d3396507cd56d08f66097336bd2e49a?s=96&d=mm&r=g\",\"width\":96,\"height\":96,\"caption\":\"Elmar Bones\"}},{\"@type\":\"WebPage\",\"@id\":\"https:\\\/\\\/www.jornalja.com.br\\\/colunas\\\/o-equilibrio-esta-a-vista-4\\\/#webpage\",\"url\":\"https:\\\/\\\/www.jornalja.com.br\\\/colunas\\\/o-equilibrio-esta-a-vista-4\\\/\",\"name\":\"O equil\\u00edbrio est\\u00e1 \\u00e0 vista? (4) | Colunas\",\"description\":\"Esse jogo de sombras todos os governos fazem. Como disse Rubens Ric\\u00fapero, o ministro de FHC: \\\"O que \\u00e9 bom a gente mostra, o que \\u00e9 ruim a gente esconde\\\". \\u00c9 normal ao que parece, e n\\u00e3o \\u00e9 muito diferente do que fazemos todos n\\u00f3s. Ent\\u00e3o, o problema propriamente n\\u00e3o \\u00e9 o que o governo\",\"inLanguage\":\"pt-BR\",\"isPartOf\":{\"@id\":\"https:\\\/\\\/www.jornalja.com.br\\\/colunas\\\/#website\"},\"breadcrumb\":{\"@id\":\"https:\\\/\\\/www.jornalja.com.br\\\/colunas\\\/o-equilibrio-esta-a-vista-4\\\/#breadcrumblist\"},\"author\":{\"@id\":\"https:\\\/\\\/www.jornalja.com.br\\\/colunas\\\/author\\\/elmar\\\/#author\"},\"creator\":{\"@id\":\"https:\\\/\\\/www.jornalja.com.br\\\/colunas\\\/author\\\/elmar\\\/#author\"},\"datePublished\":\"2008-09-06T18:12:18-03:00\",\"dateModified\":\"2008-09-06T18:12:18-03:00\"},{\"@type\":\"WebSite\",\"@id\":\"https:\\\/\\\/www.jornalja.com.br\\\/colunas\\\/#website\",\"url\":\"https:\\\/\\\/www.jornalja.com.br\\\/colunas\\\/\",\"name\":\"Colunas\",\"description\":\"Jornal J\\u00c1 | Porto Alegre\",\"inLanguage\":\"pt-BR\",\"publisher\":{\"@id\":\"https:\\\/\\\/www.jornalja.com.br\\\/colunas\\\/#organization\"}}]}\n\t\t<\/script>\n\t\t<!-- All in One SEO -->\n\n","aioseo_head_json":{"title":"O equil\u00edbrio est\u00e1 \u00e0 vista? (4) | Colunas","description":"Esse jogo de sombras todos os governos fazem. Como disse Rubens Ric\u00fapero, o ministro de FHC: \"O que \u00e9 bom a gente mostra, o que \u00e9 ruim a gente esconde\". \u00c9 normal ao que parece, e n\u00e3o \u00e9 muito diferente do que fazemos todos n\u00f3s. Ent\u00e3o, o problema propriamente n\u00e3o \u00e9 o que o governo","canonical_url":"https:\/\/www.jornalja.com.br\/colunas\/o-equilibrio-esta-a-vista-4\/","robots":"max-image-preview:large","keywords":"","webmasterTools":{"miscellaneous":""},"schema":{"@context":"https:\/\/schema.org","@graph":[{"@type":"Article","@id":"https:\/\/www.jornalja.com.br\/colunas\/o-equilibrio-esta-a-vista-4\/#article","name":"O equil\u00edbrio est\u00e1 \u00e0 vista? (4) | Colunas","headline":"O equil\u00edbrio est\u00e1 \u00e0 vista? (4)","author":{"@id":"https:\/\/www.jornalja.com.br\/colunas\/author\/elmar\/#author"},"publisher":{"@id":"https:\/\/www.jornalja.com.br\/colunas\/#organization"},"image":{"@type":"ImageObject","url":"https:\/\/www.jornalja.com.br\/wp-content\/uploads\/cards\/JAslogan.png","@id":"https:\/\/www.jornalja.com.br\/colunas\/#articleImage"},"datePublished":"2008-09-06T18:12:18-03:00","dateModified":"2008-09-06T18:12:18-03:00","inLanguage":"pt-BR","mainEntityOfPage":{"@id":"https:\/\/www.jornalja.com.br\/colunas\/o-equilibrio-esta-a-vista-4\/#webpage"},"isPartOf":{"@id":"https:\/\/www.jornalja.com.br\/colunas\/o-equilibrio-esta-a-vista-4\/#webpage"},"articleSection":"An\u00e1lise&amp;Opini\u00e3o, governo Yeda, or\u00e7amento"},{"@type":"BreadcrumbList","@id":"https:\/\/www.jornalja.com.br\/colunas\/o-equilibrio-esta-a-vista-4\/#breadcrumblist","itemListElement":[{"@type":"ListItem","@id":"https:\/\/www.jornalja.com.br\/colunas#listItem","position":1,"name":"Home","item":"https:\/\/www.jornalja.com.br\/colunas","nextItem":{"@type":"ListItem","@id":"https:\/\/www.jornalja.com.br\/colunas\/category\/analiseopiniao\/#listItem","name":"An\u00e1lise&amp;Opini\u00e3o"}},{"@type":"ListItem","@id":"https:\/\/www.jornalja.com.br\/colunas\/category\/analiseopiniao\/#listItem","position":2,"name":"An\u00e1lise&amp;Opini\u00e3o","item":"https:\/\/www.jornalja.com.br\/colunas\/category\/analiseopiniao\/","nextItem":{"@type":"ListItem","@id":"https:\/\/www.jornalja.com.br\/colunas\/o-equilibrio-esta-a-vista-4\/#listItem","name":"O equil\u00edbrio est\u00e1 \u00e0 vista? (4)"},"previousItem":{"@type":"ListItem","@id":"https:\/\/www.jornalja.com.br\/colunas#listItem","name":"Home"}},{"@type":"ListItem","@id":"https:\/\/www.jornalja.com.br\/colunas\/o-equilibrio-esta-a-vista-4\/#listItem","position":3,"name":"O equil\u00edbrio est\u00e1 \u00e0 vista? (4)","previousItem":{"@type":"ListItem","@id":"https:\/\/www.jornalja.com.br\/colunas\/category\/analiseopiniao\/#listItem","name":"An\u00e1lise&amp;Opini\u00e3o"}}]},{"@type":"Organization","@id":"https:\/\/www.jornalja.com.br\/colunas\/#organization","name":"Jornal J\u00c1","description":"Jornal J\u00c1 | Porto Alegre","url":"https:\/\/www.jornalja.com.br\/colunas\/","telephone":"+555133307272","logo":{"@type":"ImageObject","url":"https:\/\/www.jornalja.com.br\/wp-content\/uploads\/cards\/JAslogan.png","@id":"https:\/\/www.jornalja.com.br\/colunas\/o-equilibrio-esta-a-vista-4\/#organizationLogo"},"image":{"@id":"https:\/\/www.jornalja.com.br\/colunas\/o-equilibrio-esta-a-vista-4\/#organizationLogo"}},{"@type":"Person","@id":"https:\/\/www.jornalja.com.br\/colunas\/author\/elmar\/#author","url":"https:\/\/www.jornalja.com.br\/colunas\/author\/elmar\/","name":"Elmar Bones","image":{"@type":"ImageObject","@id":"https:\/\/www.jornalja.com.br\/colunas\/o-equilibrio-esta-a-vista-4\/#authorImage","url":"https:\/\/secure.gravatar.com\/avatar\/b77dcbcfbeb2587e3d39dfb8909ba1351d3396507cd56d08f66097336bd2e49a?s=96&d=mm&r=g","width":96,"height":96,"caption":"Elmar Bones"}},{"@type":"WebPage","@id":"https:\/\/www.jornalja.com.br\/colunas\/o-equilibrio-esta-a-vista-4\/#webpage","url":"https:\/\/www.jornalja.com.br\/colunas\/o-equilibrio-esta-a-vista-4\/","name":"O equil\u00edbrio est\u00e1 \u00e0 vista? (4) | Colunas","description":"Esse jogo de sombras todos os governos fazem. Como disse Rubens Ric\u00fapero, o ministro de FHC: \"O que \u00e9 bom a gente mostra, o que \u00e9 ruim a gente esconde\". \u00c9 normal ao que parece, e n\u00e3o \u00e9 muito diferente do que fazemos todos n\u00f3s. Ent\u00e3o, o problema propriamente n\u00e3o \u00e9 o que o governo","inLanguage":"pt-BR","isPartOf":{"@id":"https:\/\/www.jornalja.com.br\/colunas\/#website"},"breadcrumb":{"@id":"https:\/\/www.jornalja.com.br\/colunas\/o-equilibrio-esta-a-vista-4\/#breadcrumblist"},"author":{"@id":"https:\/\/www.jornalja.com.br\/colunas\/author\/elmar\/#author"},"creator":{"@id":"https:\/\/www.jornalja.com.br\/colunas\/author\/elmar\/#author"},"datePublished":"2008-09-06T18:12:18-03:00","dateModified":"2008-09-06T18:12:18-03:00"},{"@type":"WebSite","@id":"https:\/\/www.jornalja.com.br\/colunas\/#website","url":"https:\/\/www.jornalja.com.br\/colunas\/","name":"Colunas","description":"Jornal J\u00c1 | Porto Alegre","inLanguage":"pt-BR","publisher":{"@id":"https:\/\/www.jornalja.com.br\/colunas\/#organization"}}]},"og:locale":"pt_BR","og:site_name":"An\u00e1lise &amp; Opini\u00e3o","og:type":"article","og:title":"O equil\u00edbrio est\u00e1 \u00e0 vista? (4) | Colunas","og:description":"Esse jogo de sombras todos os governos fazem. Como disse Rubens Ric\u00fapero, o ministro de FHC: &quot;O que \u00e9 bom a gente mostra, o que \u00e9 ruim a gente esconde&quot;. \u00c9 normal ao que parece, e n\u00e3o \u00e9 muito diferente do que fazemos todos n\u00f3s. Ent\u00e3o, o problema propriamente n\u00e3o \u00e9 o que o governo","og:url":"https:\/\/www.jornalja.com.br\/colunas\/o-equilibrio-esta-a-vista-4\/","og:image":"https:\/\/www.jornalja.com.br\/economics\/wp-content\/uploads\/sites\/11\/2026\/08\/ja-folhaderosto-facebook.jpg","og:image:secure_url":"https:\/\/www.jornalja.com.br\/economics\/wp-content\/uploads\/sites\/11\/2026\/08\/ja-folhaderosto-facebook.jpg","article:published_time":"2008-09-06T21:12:18+00:00","article:modified_time":"2008-09-06T21:12:18+00:00","twitter:card":"summary","twitter:title":"O equil\u00edbrio est\u00e1 \u00e0 vista? (4) | Colunas","twitter:description":"Esse jogo de sombras todos os governos fazem. Como disse Rubens Ric\u00fapero, o ministro de FHC: &quot;O que \u00e9 bom a gente mostra, o que \u00e9 ruim a gente esconde&quot;. \u00c9 normal ao que parece, e n\u00e3o \u00e9 muito diferente do que fazemos todos n\u00f3s. Ent\u00e3o, o problema propriamente n\u00e3o \u00e9 o que o governo","twitter:image":"https:\/\/www.jornalja.com.br\/economics\/wp-content\/uploads\/sites\/11\/2026\/08\/ja-folhaderosto-facebook.jpg"},"aioseo_meta_data":{"post_id":"1564","title":null,"description":null,"keywords":null,"keyphrases":null,"primary_term":null,"canonical_url":null,"og_title":null,"og_description":null,"og_object_type":"default","og_image_type":"default","og_image_url":null,"og_image_width":null,"og_image_height":null,"og_image_custom_url":null,"og_image_custom_fields":null,"og_video":null,"og_custom_url":null,"og_article_section":null,"og_article_tags":null,"twitter_use_og":false,"twitter_card":"default","twitter_image_type":"default","twitter_image_url":null,"twitter_image_custom_url":null,"twitter_image_custom_fields":null,"twitter_title":null,"twitter_description":null,"schema":{"blockGraphs":[],"customGraphs":[],"default":{"data":{"Article":[],"Course":[],"Dataset":[],"FAQPage":[],"Movie":[],"Person":[],"Product":[],"ProductReview":[],"Car":[],"Recipe":[],"Service":[],"SoftwareApplication":[],"WebPage":[]},"graphName":"","isEnabled":true},"graphs":[]},"schema_type":null,"schema_type_options":null,"pillar_content":false,"robots_default":true,"robots_noindex":false,"robots_noarchive":false,"robots_nosnippet":false,"robots_nofollow":false,"robots_noimageindex":false,"robots_noodp":false,"robots_notranslate":false,"robots_max_snippet":null,"robots_max_videopreview":null,"robots_max_imagepreview":"large","priority":null,"frequency":null,"location":null,"local_seo":null,"breadcrumb_settings":null,"limit_modified_date":false,"ai":null,"created":"2020-12-20 20:23:06","updated":"2025-06-03 22:09:51","seo_analyzer_scan_date":null,"focus_keyword":null,"additional_keywords":null,"truseo_locale":null},"aioseo_breadcrumb":"<div class=\"aioseo-breadcrumbs\"><span class=\"aioseo-breadcrumb\">\n\t\t\t<a href=\"https:\/\/www.jornalja.com.br\/colunas\" title=\"Home\">Home<\/a>\n\t\t<\/span><span class=\"aioseo-breadcrumb-separator\">&raquo;<\/span><span class=\"aioseo-breadcrumb\">\n\t\t\t<a href=\"https:\/\/www.jornalja.com.br\/colunas\/category\/analiseopiniao\/\" title=\"An\u00e1lise&amp;Opini\u00e3o\">An\u00e1lise&amp;Opini\u00e3o<\/a>\n\t\t<\/span><span class=\"aioseo-breadcrumb-separator\">&raquo;<\/span><span class=\"aioseo-breadcrumb\">\n\t\t\tO equil\u00edbrio est\u00e1 \u00e0 vista? (4)\n\t\t<\/span><\/div>","aioseo_breadcrumb_json":[{"label":"Home","link":"https:\/\/www.jornalja.com.br\/colunas"},{"label":"An\u00e1lise&amp;Opini\u00e3o","link":"https:\/\/www.jornalja.com.br\/colunas\/category\/analiseopiniao\/"},{"label":"O equil\u00edbrio est\u00e1 \u00e0 vista? (4)","link":"https:\/\/www.jornalja.com.br\/colunas\/o-equilibrio-esta-a-vista-4\/"}],"jetpack_publicize_connections":[],"jetpack-related-posts":[{"id":84617,"url":"https:\/\/www.jornalja.com.br\/colunas\/o-candidato-de-si-mesmo\/","url_meta":{"origin":1564,"position":0},"title":"O candidato de si mesmo","author":"da Reda\u00e7\u00e3o","date":"10 de abril de 2026","format":false,"excerpt":"Sem emplacar nacionalmente, Leite pode ficar quatro anos sem mandato. Foto Jo\u00e3o Pedro Rodrigues\/SecomRS ELMAR BONES Ningu\u00e9m \u00e9 candidato de si mesmo. Essa \u00e9 a regra n\u00e3o escrita da pol\u00edtica partid\u00e1ria, que as velhas raposas n\u00e3o cansam de repetir aos novatos. Eduardo Leite parece n\u00e3o t\u00ea-la aprendido. Ele n\u00e3o tem\u2026","rel":"","context":"Em &quot;An\u00e1lise&amp;Opini\u00e3o&quot;","block_context":{"text":"An\u00e1lise&amp;Opini\u00e3o","link":"https:\/\/www.jornalja.com.br\/colunas\/category\/analiseopiniao\/"},"img":{"alt_text":"","src":"https:\/\/i0.wp.com\/www.jornalja.com.br\/colunas\/wp-content\/uploads\/sites\/5\/2026\/04\/infraestrutura-escolar.jpeg?resize=350%2C200&ssl=1","width":350,"height":200,"srcset":"https:\/\/i0.wp.com\/www.jornalja.com.br\/colunas\/wp-content\/uploads\/sites\/5\/2026\/04\/infraestrutura-escolar.jpeg?resize=350%2C200&ssl=1 1x, https:\/\/i0.wp.com\/www.jornalja.com.br\/colunas\/wp-content\/uploads\/sites\/5\/2026\/04\/infraestrutura-escolar.jpeg?resize=525%2C300&ssl=1 1.5x, https:\/\/i0.wp.com\/www.jornalja.com.br\/colunas\/wp-content\/uploads\/sites\/5\/2026\/04\/infraestrutura-escolar.jpeg?resize=700%2C400&ssl=1 2x"},"classes":[]},{"id":84742,"url":"https:\/\/www.jornalja.com.br\/colunas\/rejeicao-a-messias-quando-o-senado-tensiona-os-limites-da-democracia\/","url_meta":{"origin":1564,"position":1},"title":"Rejei\u00e7\u00e3o a Messias: quando o Senado tensiona os limites da democracia","author":"An\u00e1lise &amp; Opini\u00e3o","date":"30 de abril de 2026","format":false,"excerpt":"CRISTIANO GOLDSCHMIDT A rejei\u00e7\u00e3o, pelo Senado, da indica\u00e7\u00e3o de Jorge Messias ao Supremo Tribunal Federal n\u00e3o \u00e9 um fato trivial \u2014 e trat\u00e1-la como um simples exerc\u00edcio de independ\u00eancia institucional seria, no m\u00ednimo, ing\u00eanuo. H\u00e1 algo mais profundo em jogo. O epis\u00f3dio exp\u00f5e, com certa nitidez, a forma como parcelas\u2026","rel":"","context":"Em &quot;An\u00e1lise&amp;Opini\u00e3o&quot;","block_context":{"text":"An\u00e1lise&amp;Opini\u00e3o","link":"https:\/\/www.jornalja.com.br\/colunas\/category\/analiseopiniao\/"},"img":{"alt_text":"","src":"https:\/\/i0.wp.com\/www.jornalja.com.br\/colunas\/wp-content\/uploads\/sites\/5\/2026\/04\/image-2.png?resize=350%2C200&ssl=1","width":350,"height":200,"srcset":"https:\/\/i0.wp.com\/www.jornalja.com.br\/colunas\/wp-content\/uploads\/sites\/5\/2026\/04\/image-2.png?resize=350%2C200&ssl=1 1x, https:\/\/i0.wp.com\/www.jornalja.com.br\/colunas\/wp-content\/uploads\/sites\/5\/2026\/04\/image-2.png?resize=525%2C300&ssl=1 1.5x, https:\/\/i0.wp.com\/www.jornalja.com.br\/colunas\/wp-content\/uploads\/sites\/5\/2026\/04\/image-2.png?resize=700%2C400&ssl=1 2x, https:\/\/i0.wp.com\/www.jornalja.com.br\/colunas\/wp-content\/uploads\/sites\/5\/2026\/04\/image-2.png?resize=1050%2C600&ssl=1 3x"},"classes":[]},{"id":85060,"url":"https:\/\/www.jornalja.com.br\/colunas\/carlos-bastos-um-depoimento\/","url_meta":{"origin":1564,"position":2},"title":"Carlos Bastos: um depoimento","author":"da Reda\u00e7\u00e3o","date":"27 de julho de 2026","format":false,"excerpt":"Depoimento do jornalista Carlos Bastos (1934\/2026) a Jefferson Barros para o livro \u201cGolpe Mata Jornal\u201d, que relata a trajet\u00f3ria do jornal Ultima Hora em Porto Alegre, publicado em 1999 pela J\u00e1 Editores. Lan\u00e7ado em 1960, o jornal \u00daltima Hora, um tabl\u00f3ide popular atrevido, sacudiu o meio conservador da imprensa ga\u00facha,\u2026","rel":"","context":"Em &quot;An\u00e1lise&amp;Opini\u00e3o&quot;","block_context":{"text":"An\u00e1lise&amp;Opini\u00e3o","link":"https:\/\/www.jornalja.com.br\/colunas\/category\/analiseopiniao\/"},"img":{"alt_text":"","src":"","width":0,"height":0},"classes":[]},{"id":84992,"url":"https:\/\/www.jornalja.com.br\/colunas\/ato-unificado-tem-mais-de-30-sindicatos-de-servidores-civis-e-militares-na-pressao-ao-governo-eduardo-leite\/","url_meta":{"origin":1564,"position":3},"title":"Ato unificado tem mais de 30 sindicatos de servidores civis e militares na press\u00e3o ao governo Eduardo Leite","author":"da Reda\u00e7\u00e3o","date":"29 de junho de 2026","format":false,"excerpt":"Mais de 30 sindicatos e associa\u00e7\u00f5es de servidores p\u00fablicos do Estado est\u00e3o unidos na manifesta\u00e7\u00e3o\u00a0 desta ter\u00e7a-feira, 30\/06, que marca o inicio de um amplo movimento articulado para pressionar o governo no ano eleitoral. O ato unifica servidores ativos, aposentados e pensionistas civis e militares. As principais reivindica\u00e7\u00f5es do movimento\u2026","rel":"","context":"Em &quot;Manchete do site&quot;","block_context":{"text":"Manchete do site","link":"https:\/\/www.jornalja.com.br\/colunas\/category\/manchete-do-site\/"},"img":{"alt_text":"","src":"https:\/\/i0.wp.com\/www.jornalja.com.br\/colunas\/wp-content\/uploads\/sites\/5\/2026\/06\/protestos-contra-governo-leite.png?resize=350%2C200&ssl=1","width":350,"height":200,"srcset":"https:\/\/i0.wp.com\/www.jornalja.com.br\/colunas\/wp-content\/uploads\/sites\/5\/2026\/06\/protestos-contra-governo-leite.png?resize=350%2C200&ssl=1 1x, https:\/\/i0.wp.com\/www.jornalja.com.br\/colunas\/wp-content\/uploads\/sites\/5\/2026\/06\/protestos-contra-governo-leite.png?resize=525%2C300&ssl=1 1.5x"},"classes":[]},{"id":85033,"url":"https:\/\/www.jornalja.com.br\/colunas\/brizola-e-a-campanha-eleitoral-no-rs\/","url_meta":{"origin":1564,"position":4},"title":"Brizola e a campanha eleitoral no RS","author":"Elmar Bones","date":"16 de julho de 2026","format":false,"excerpt":"ELMAR BONES A candidatura de Juliana Brizola, na cabe\u00e7a de uma in\u00e9dita frente de esquerda,\u00a0coloca o ex-governador Leonel Brizola, seu av\u00f4 e inspirador, no centro da disputa eleitoral deste ano. Brizola morreu em junho de 2004. Governador do Rio Grande do Sul, l\u00edder do legend\u00e1rio movimento da Legalidade, deputado federal\u2026","rel":"","context":"Em &quot;An\u00e1lise&amp;Opini\u00e3o&quot;","block_context":{"text":"An\u00e1lise&amp;Opini\u00e3o","link":"https:\/\/www.jornalja.com.br\/colunas\/category\/analiseopiniao\/"},"img":{"alt_text":"","src":"","width":0,"height":0},"classes":[]},{"id":84590,"url":"https:\/\/www.jornalja.com.br\/colunas\/e-preciso-defender-o-jardim-botanico-de-porto-alegre\/","url_meta":{"origin":1564,"position":5},"title":"\u00c9 preciso defender o Jardim Bot\u00e2nico de Porto Alegre","author":"da Reda\u00e7\u00e3o","date":"8 de mar\u00e7o de 2026","format":false,"excerpt":"CLEBER DIONI TENTARDINI O Jardim Bot\u00e2nico de Porto Alegre (JBPA) tem 67 anos e \u00e9 considerado um dos cinco melhores e maiores do Brasil. Possui 28 cole\u00e7\u00f5es cient\u00edficas que somam mais de 4.200 plantas, incluindo esp\u00e9cies raras, amea\u00e7adas de extin\u00e7\u00e3o e end\u00eamicas, que s\u00e3o encontradas apenas no RS. No local\u2026","rel":"","context":"Em &quot;An\u00e1lise&amp;Opini\u00e3o&quot;","block_context":{"text":"An\u00e1lise&amp;Opini\u00e3o","link":"https:\/\/www.jornalja.com.br\/colunas\/category\/analiseopiniao\/"},"img":{"alt_text":"","src":"https:\/\/i0.wp.com\/www.jornalja.com.br\/colunas\/wp-content\/uploads\/sites\/5\/2026\/03\/jb-3.jpg?resize=350%2C200&ssl=1","width":350,"height":200,"srcset":"https:\/\/i0.wp.com\/www.jornalja.com.br\/colunas\/wp-content\/uploads\/sites\/5\/2026\/03\/jb-3.jpg?resize=350%2C200&ssl=1 1x, https:\/\/i0.wp.com\/www.jornalja.com.br\/colunas\/wp-content\/uploads\/sites\/5\/2026\/03\/jb-3.jpg?resize=525%2C300&ssl=1 1.5x, https:\/\/i0.wp.com\/www.jornalja.com.br\/colunas\/wp-content\/uploads\/sites\/5\/2026\/03\/jb-3.jpg?resize=700%2C400&ssl=1 2x"},"classes":[]}],"jetpack_shortlink":"https:\/\/wp.me\/pbKo0s-pe","jetpack_sharing_enabled":true,"jetpack_featured_media_url":"","_links":{"self":[{"href":"https:\/\/www.jornalja.com.br\/colunas\/wp-json\/wp\/v2\/posts\/1564","targetHints":{"allow":["GET"]}}],"collection":[{"href":"https:\/\/www.jornalja.com.br\/colunas\/wp-json\/wp\/v2\/posts"}],"about":[{"href":"https:\/\/www.jornalja.com.br\/colunas\/wp-json\/wp\/v2\/types\/post"}],"author":[{"embeddable":true,"href":"https:\/\/www.jornalja.com.br\/colunas\/wp-json\/wp\/v2\/users\/5"}],"replies":[{"embeddable":true,"href":"https:\/\/www.jornalja.com.br\/colunas\/wp-json\/wp\/v2\/comments?post=1564"}],"version-history":[{"count":0,"href":"https:\/\/www.jornalja.com.br\/colunas\/wp-json\/wp\/v2\/posts\/1564\/revisions"}],"wp:attachment":[{"href":"https:\/\/www.jornalja.com.br\/colunas\/wp-json\/wp\/v2\/media?parent=1564"}],"wp:term":[{"taxonomy":"category","embeddable":true,"href":"https:\/\/www.jornalja.com.br\/colunas\/wp-json\/wp\/v2\/categories?post=1564"},{"taxonomy":"post_tag","embeddable":true,"href":"https:\/\/www.jornalja.com.br\/colunas\/wp-json\/wp\/v2\/tags?post=1564"}],"curies":[{"name":"wp","href":"https:\/\/api.w.org\/{rel}","templated":true}]}}