{"id":1593,"date":"2008-09-13T18:09:23","date_gmt":"2008-09-13T21:09:23","guid":{"rendered":"https:\/\/www.jornalja.com.br\/?p=1593"},"modified":"2008-09-13T18:09:23","modified_gmt":"2008-09-13T21:09:23","slug":"entre-coletes-balisticos-e-pulseirinhas","status":"publish","type":"post","link":"https:\/\/www.jornalja.com.br\/colunas\/entre-coletes-balisticos-e-pulseirinhas\/","title":{"rendered":"Entre coletes bal\u00edsticos e pulseirinhas."},"content":{"rendered":"<p><strong>Cortinas de fuma\u00e7a encobrem as discuss\u00f5es maiores sobre seguran\u00e7a p\u00fablica.<\/strong><br \/>\nLaborat\u00f3rios que ensaiam m\u00e9todos avan\u00e7ados de controle e ressocializa\u00e7\u00e3o de criminosos, independente da gravidade de seus delitos, devem ser per-manentes na pol\u00edtica de seguran\u00e7a p\u00fablica. Essas experi\u00eancias, no entanto, sem raridade, s\u00e3o apresentadas pelos governos como pontos b\u00e1sicos para a solu\u00e7\u00e3o das quest\u00f5es maiores da viol\u00eancia e da criminalidade quando, na verdade, servem, no mais da vezes, como manobras evasivas, como corti-nas de fuma\u00e7a que encobrem ou adiam as discuss\u00f5es obrigat\u00f3rias e que e-xigem urg\u00eancia em serem ultimadas. Assim, se alguns apenados, em regi-me aberto ou semi-aberto poder\u00e3o vir a ser submetidos a controle atrav\u00e9s de pulseirinhas ou tornozeleirinhas eletr\u00f4nicas, \u00e9 certo que tal provid\u00eancia n\u00e3o evitar\u00e1 a estrat\u00e9gia dos bandidos que comandam a\u00e7\u00f5es criminosas de dentro das casas prisionais. Al\u00e9m disso, antes dos dispositivos para os ape-nados que circulam em nossas ruas, \u00e9 preciso que todos os policiais sejam contemplados, no m\u00ednimo, com coletes bal\u00edsticos, armas modernas e com-plexo de comunica\u00e7\u00e3o de ponta.<br \/>\n<strong>Traficantes<\/strong><br \/>\nDando continuidade \u00e0s investiga\u00e7\u00f5es sobre o tr\u00e1fico de drogas na Vila Bom Jesus, coordenadas, nos \u00faltimos 30 dias, pelo delegado Omar Sena Abud, onde funcionava uma frutaria de fachada, foram apreendidas 33 pe-dras de crack, 41 petecas de coca\u00edna, duas bolas de maconha somando 13g. Foi preso um homem de 26 anos de idade que estava em liberdade provis\u00f3-ria por tr\u00e1fico de drogas. Em S\u00e3o Leopoldo, o Denarc prendeu  um homem de 30 anos no bairro Campina. Foram apreendidas cerca de 320g de coca\u00ed-na, al\u00e9m de uma por\u00e7\u00e3o de maconha. Num hotel da rua Marechal Floriano, no centro da capital, foi detido, por policiais do 9\u00b0 BPM, que estavam \u00e0 paisana, um casal \u2013 ele com 28 anos e, ela com 15 anos \u2013 que portavam um pacote com 400g de maconha. Agentes do DPM (Departamento de Pol\u00edcia Metropolitana) prenderam, quinta-feira, dois homens e uma mulher. O trio foi flagrado com 250 gramas de crack (equivalente a 1200 doses), quando se deslocava em um t\u00e1xi, na Vila Cruzeiro, rumo \u00e0 Esta\u00e7\u00e3o Rodovi\u00e1ria da Capital.<br \/>\n<strong>Susepe<\/strong><br \/>\nO superintendente interino dos Servi\u00e7os Penitenci\u00e1rios, Bruno Trindade, recebeu, ontem, em seu gabinete, a dire\u00e7\u00e3o Amapergs-Sindicato (Associa-\u00e7\u00e3o dos Agentes, Monitores e Auxiliares Penitenci\u00e1rios). Na ocasi\u00e3o, Trin-dade a portaria que regulamenta procedimentos administrativos para a ex-pedi\u00e7\u00e3o da Carteira de Identidade Funcional e autoriza o porte de arma para os servidores de carreira da Susepe. O ato ocorreu na data em que se co-memorou o Dia do Servidor Penitenci\u00e1rio.<br \/>\n<strong>Brigadianos<\/strong><br \/>\nO jornalista Paulo Rog\u00e9rio Nascimento da Silva \u00e9 o novo assessor de im-prensa da Associa\u00e7\u00e3o de Cabos e Soldados da Brigada Militar, entidade presidida por Leonel Lucas.<br \/>\n<strong>Revela\u00e7\u00e3o<\/strong><br \/>\nNa pr\u00f3xima segunda-feira, o comandante do CPC (Comando de Policia-mento da Capital), coronel Jarbas Rog\u00e9rio Carvalho Vanin vai revelar, em entrevista coletiva, a nova estrat\u00e9gia a ser adotada no policiamento ostensi-vo de Porto Alegre que agora conta com uma frota nova de 43 viaturas, a-l\u00e9m de PMs motoqueiros.<br \/>\n<strong>Antro<\/strong><br \/>\nAgentes da Pol\u00edcia Civil de Vacaria, com apoio da Brigada Militar, fecha-ram um antro de explora\u00e7\u00e3o de prostitui\u00e7\u00e3o que funcionava na rua Osvaldo Cruz. Foram arrecadados materiais pornogr\u00e1ficos, telefones celulares, a-gendas com nomes e telefones de prov\u00e1veis garotas de programa. De acor-do com o delegado Jo\u00e3o Estevam Mazine da Silva, foi presa uma mulher que dirigia todas as atividades da casa.<br \/>\n<strong>Fam\u00edlia<\/strong><br \/>\nO Grupo de Estudos de Direito de Fam\u00edlia do Iargs (Instituto dos Advo-gados do RS) estar\u00e1 recebendo, nesta ter\u00e7a-feira, a professora Sandra Lima Alves Montenegro, vinda especialmente de Bras\u00edlia para proferir uma pa-lestra sobre &#8220;Planejamento Familiar e o Direito&#8221;.  A palestrante \u00e9 titular do Centro de Ensino Unificado de Bras\u00edlia. O evento, coordenado por Helena Iba\u00f1ez, vice-presidente do Iargs, ocorrer\u00e1 na sede da entidade (travessa A-celino de Carvalho, 21), das 12h \u00e0s 13h30min. A entrada \u00e9 franca.<br \/>\n<strong>Execu\u00e7\u00e3o<\/strong><br \/>\nUm presidi\u00e1rio do regime semi-aberto foi morto, ontem, em Tr\u00eas Passos, Noroeste do Estado. Jo\u00e3o Candeloni, de 43 anos, havia deixado o albergue que fica junto ao pres\u00eddio da cidade momentos antes, quando acabou balea-do. O autor dos disparos fugiu.<\/p>\n","protected":false},"excerpt":{"rendered":"<p>Cortinas de fuma\u00e7a encobrem as discuss\u00f5es maiores sobre seguran\u00e7a p\u00fablica. Laborat\u00f3rios que ensaiam m\u00e9todos avan\u00e7ados de controle e ressocializa\u00e7\u00e3o de criminosos, independente da gravidade de seus delitos, devem ser per-manentes na pol\u00edtica de seguran\u00e7a p\u00fablica. Essas experi\u00eancias, no entanto, sem raridade, s\u00e3o apresentadas pelos governos como pontos b\u00e1sicos para a solu\u00e7\u00e3o das quest\u00f5es maiores da [&hellip;]<\/p>\n","protected":false},"author":5,"featured_media":0,"comment_status":"open","ping_status":"open","sticky":false,"template":"","format":"standard","meta":{"jetpack_post_was_ever_published":false,"_jetpack_newsletter_access":"","_jetpack_dont_email_post_to_subs":false,"_jetpack_newsletter_tier_id":0,"_jetpack_memberships_contains_paywalled_content":false,"_jetpack_memberships_contains_paid_content":false,"footnotes":"","jetpack_publicize_message":"","jetpack_publicize_feature_enabled":true,"jetpack_social_post_already_shared":false,"jetpack_social_options":{"image_generator_settings":{"template":"highway","default_image_id":0,"font":"","enabled":false},"version":2}},"categories":[2],"tags":[],"class_list":["post-1593","post","type-post","status-publish","format-standard","hentry","category-analiseopiniao"],"aioseo_notices":[],"jetpack_publicize_connections":[],"jetpack_featured_media_url":"","jetpack-related-posts":[{"id":84725,"url":"https:\/\/www.jornalja.com.br\/colunas\/e-preciso-refletir-sobre-os-mais-de-84-mil-desaparecidos-no-brasil-em-2025\/","url_meta":{"origin":1593,"position":0},"title":"\u00c9 preciso refletir sobre os mais de 84 mil desaparecidos no Brasil em 2025","author":"An\u00e1lise &amp; Opini\u00e3o","date":"23 de abril de 2026","format":false,"excerpt":"CRISTIANO GOLDSCHMIDT Em 2025, o Brasil registrou 84.760 pessoas desaparecidas, segundo dados consolidados pelo Sistema Nacional de Informa\u00e7\u00f5es de Seguran\u00e7a P\u00fablica Sinesp), vinculado ao Minist\u00e9rio da Justi\u00e7a e Seguran\u00e7a P\u00fablica. Mais do que um n\u00famero expressivo, o dado revela um fen\u00f4meno cont\u00ednuo, distribu\u00eddo no tempo e no territ\u00f3rio \u2014 e,\u2026","rel":"","context":"Em &quot;An\u00e1lise&amp;Opini\u00e3o&quot;","block_context":{"text":"An\u00e1lise&amp;Opini\u00e3o","link":"https:\/\/www.jornalja.com.br\/colunas\/category\/analiseopiniao\/"},"img":{"alt_text":"","src":"https:\/\/i0.wp.com\/www.jornalja.com.br\/colunas\/wp-content\/uploads\/sites\/5\/2026\/04\/image.png?resize=350%2C200&ssl=1","width":350,"height":200,"srcset":"https:\/\/i0.wp.com\/www.jornalja.com.br\/colunas\/wp-content\/uploads\/sites\/5\/2026\/04\/image.png?resize=350%2C200&ssl=1 1x, https:\/\/i0.wp.com\/www.jornalja.com.br\/colunas\/wp-content\/uploads\/sites\/5\/2026\/04\/image.png?resize=525%2C300&ssl=1 1.5x, https:\/\/i0.wp.com\/www.jornalja.com.br\/colunas\/wp-content\/uploads\/sites\/5\/2026\/04\/image.png?resize=700%2C400&ssl=1 2x, https:\/\/i0.wp.com\/www.jornalja.com.br\/colunas\/wp-content\/uploads\/sites\/5\/2026\/04\/image.png?resize=1050%2C600&ssl=1 3x, https:\/\/i0.wp.com\/www.jornalja.com.br\/colunas\/wp-content\/uploads\/sites\/5\/2026\/04\/image.png?resize=1400%2C800&ssl=1 4x"},"classes":[]},{"id":84632,"url":"https:\/\/www.jornalja.com.br\/colunas\/medicos-alertam-para-os-riscos-a-saude-de-nova-fabrica-de-celulose-da-cmpc\/","url_meta":{"origin":1593,"position":1},"title":"M\u00e9dicos alertam para os riscos \u00e0 sa\u00fade de nova f\u00e1brica de celulose da CMPC","author":"Cleber Dioni Tentardini","date":"14 de abril de 2026","format":false,"excerpt":"ROSELAINE MURLIK * Represento um grupo de profissionais da medicina que, h\u00e1 alguns anos, estuda os diferentes impactos das mudan\u00e7as clim\u00e1ticas e da polui\u00e7\u00e3o ambiental nos ecossistemas na sa\u00fade humana e do planeta. Causa preocupa\u00e7\u00e3o o novo megaempreendimento de celulose da empresa chilena CMPC em Barra do Ribeiro (RS), pr\u00f3ximo\u2026","rel":"","context":"Em &quot;An\u00e1lise&amp;Opini\u00e3o&quot;","block_context":{"text":"An\u00e1lise&amp;Opini\u00e3o","link":"https:\/\/www.jornalja.com.br\/colunas\/category\/analiseopiniao\/"},"img":{"alt_text":"","src":"https:\/\/i0.wp.com\/www.jornalja.com.br\/colunas\/wp-content\/uploads\/sites\/5\/2026\/04\/comite-contra-celulose.jpg?resize=350%2C200&ssl=1","width":350,"height":200},"classes":[]},{"id":84564,"url":"https:\/\/www.jornalja.com.br\/colunas\/a-nova-celulose-a-beira-do-guaiba-e-o-risco-de-repetir-a-borregaard\/","url_meta":{"origin":1593,"position":2},"title":"A nova celulose \u00e0 beira do Gua\u00edba e o risco de repetir a Borregaard","author":"An\u00e1lise &amp; Opini\u00e3o","date":"6 de mar\u00e7o de 2026","format":false,"excerpt":"ELMAR BONES No dia 16 de mar\u00e7o de 1972 foi inaugurada a Ind\u00fastria de Celulose Borregaard, em Gua\u00edba, com a presen\u00e7a das mais altas autoridades e manchetes ufanistas em todos os jornais. Inaugura\u00e7\u00e3o da f\u00e1brica em Gua\u00edba, no ano de 1972. Foto Reprodu\u00e7\u00e3o Arquivo\/CeluloseRioGrandense Seria uma das maiores f\u00e1bricas em\u2026","rel":"","context":"Em &quot;An\u00e1lise&amp;Opini\u00e3o&quot;","block_context":{"text":"An\u00e1lise&amp;Opini\u00e3o","link":"https:\/\/www.jornalja.com.br\/colunas\/category\/analiseopiniao\/"},"img":{"alt_text":"","src":"https:\/\/i0.wp.com\/www.jornalja.com.br\/colunas\/wp-content\/uploads\/sites\/5\/2026\/03\/20260306-112140-scaled.jpg?resize=350%2C200&ssl=1","width":350,"height":200,"srcset":"https:\/\/i0.wp.com\/www.jornalja.com.br\/colunas\/wp-content\/uploads\/sites\/5\/2026\/03\/20260306-112140-scaled.jpg?resize=350%2C200&ssl=1 1x, https:\/\/i0.wp.com\/www.jornalja.com.br\/colunas\/wp-content\/uploads\/sites\/5\/2026\/03\/20260306-112140-scaled.jpg?resize=525%2C300&ssl=1 1.5x, https:\/\/i0.wp.com\/www.jornalja.com.br\/colunas\/wp-content\/uploads\/sites\/5\/2026\/03\/20260306-112140-scaled.jpg?resize=700%2C400&ssl=1 2x, https:\/\/i0.wp.com\/www.jornalja.com.br\/colunas\/wp-content\/uploads\/sites\/5\/2026\/03\/20260306-112140-scaled.jpg?resize=1050%2C600&ssl=1 3x, https:\/\/i0.wp.com\/www.jornalja.com.br\/colunas\/wp-content\/uploads\/sites\/5\/2026\/03\/20260306-112140-scaled.jpg?resize=1400%2C800&ssl=1 4x"},"classes":[]},{"id":84737,"url":"https:\/\/www.jornalja.com.br\/colunas\/dia-internacional-da-educacao-o-brasil-que-se-revela-na-sala-de-aula\/","url_meta":{"origin":1593,"position":3},"title":"Dia Internacional da Educa\u00e7\u00e3o: o Brasil que se revela na sala de aula","author":"An\u00e1lise &amp; Opini\u00e3o","date":"28 de abril de 2026","format":false,"excerpt":"CRISTIANO GOLDSCHMIDT A educa\u00e7\u00e3o n\u00e3o se deixa apreender como um simples conceito est\u00e1vel ou como um consenso j\u00e1 dado. Ela se apresenta, antes, como um campo de tens\u00f5es, no qual se entrecruzam disputas de sentido, sil\u00eancios hist\u00f3ricos e projetos de sociedade. Pensar a educa\u00e7\u00e3o, nesse horizonte, implica reconhecer que educar\u2026","rel":"","context":"Em &quot;An\u00e1lise&amp;Opini\u00e3o&quot;","block_context":{"text":"An\u00e1lise&amp;Opini\u00e3o","link":"https:\/\/www.jornalja.com.br\/colunas\/category\/analiseopiniao\/"},"img":{"alt_text":"","src":"https:\/\/i0.wp.com\/www.jornalja.com.br\/colunas\/wp-content\/uploads\/sites\/5\/2026\/04\/image-1.png?resize=350%2C200&ssl=1","width":350,"height":200,"srcset":"https:\/\/i0.wp.com\/www.jornalja.com.br\/colunas\/wp-content\/uploads\/sites\/5\/2026\/04\/image-1.png?resize=350%2C200&ssl=1 1x, https:\/\/i0.wp.com\/www.jornalja.com.br\/colunas\/wp-content\/uploads\/sites\/5\/2026\/04\/image-1.png?resize=525%2C300&ssl=1 1.5x, https:\/\/i0.wp.com\/www.jornalja.com.br\/colunas\/wp-content\/uploads\/sites\/5\/2026\/04\/image-1.png?resize=700%2C400&ssl=1 2x"},"classes":[]},{"id":84609,"url":"https:\/\/www.jornalja.com.br\/colunas\/o-centro-historico-de-porto-alegre\/","url_meta":{"origin":1593,"position":4},"title":"O Centro (Hist\u00f3rico) de Porto Alegre","author":"Cleber Dioni Tentardini","date":"30 de mar\u00e7o de 2026","format":false,"excerpt":"CLEBER DIONI TENTARDINI Porto Alegre, nove horas da manh\u00e3 do dia\u00a030\u00a0de mar\u00e7o de 2026. No \"cora\u00e7\u00e3o\" do\u00a0Centro - que j\u00e1\u00a0foi hist\u00f3rico em tempos passados,\u00a0e limpo\u00a0-,\u00a0em um trecho de\u00a0cerca de\u00a0500 metros, entre as ruas General C\u00e2mara e Senhor dos Passos, existem mais de 50 im\u00f3veis comerciais de porta de rua fechados,\u2026","rel":"","context":"Em &quot;An\u00e1lise&amp;Opini\u00e3o&quot;","block_context":{"text":"An\u00e1lise&amp;Opini\u00e3o","link":"https:\/\/www.jornalja.com.br\/colunas\/category\/analiseopiniao\/"},"img":{"alt_text":"","src":"","width":0,"height":0},"classes":[]},{"id":84742,"url":"https:\/\/www.jornalja.com.br\/colunas\/rejeicao-a-messias-quando-o-senado-tensiona-os-limites-da-democracia\/","url_meta":{"origin":1593,"position":5},"title":"Rejei\u00e7\u00e3o a Messias: quando o Senado tensiona os limites da democracia","author":"An\u00e1lise &amp; Opini\u00e3o","date":"30 de abril de 2026","format":false,"excerpt":"CRISTIANO GOLDSCHMIDT A rejei\u00e7\u00e3o, pelo Senado, da indica\u00e7\u00e3o de Jorge Messias ao Supremo Tribunal Federal n\u00e3o \u00e9 um fato trivial \u2014 e trat\u00e1-la como um simples exerc\u00edcio de independ\u00eancia institucional seria, no m\u00ednimo, ing\u00eanuo. H\u00e1 algo mais profundo em jogo. O epis\u00f3dio exp\u00f5e, com certa nitidez, a forma como parcelas\u2026","rel":"","context":"Em &quot;An\u00e1lise&amp;Opini\u00e3o&quot;","block_context":{"text":"An\u00e1lise&amp;Opini\u00e3o","link":"https:\/\/www.jornalja.com.br\/colunas\/category\/analiseopiniao\/"},"img":{"alt_text":"","src":"https:\/\/i0.wp.com\/www.jornalja.com.br\/colunas\/wp-content\/uploads\/sites\/5\/2026\/04\/image-2.png?resize=350%2C200&ssl=1","width":350,"height":200,"srcset":"https:\/\/i0.wp.com\/www.jornalja.com.br\/colunas\/wp-content\/uploads\/sites\/5\/2026\/04\/image-2.png?resize=350%2C200&ssl=1 1x, https:\/\/i0.wp.com\/www.jornalja.com.br\/colunas\/wp-content\/uploads\/sites\/5\/2026\/04\/image-2.png?resize=525%2C300&ssl=1 1.5x, https:\/\/i0.wp.com\/www.jornalja.com.br\/colunas\/wp-content\/uploads\/sites\/5\/2026\/04\/image-2.png?resize=700%2C400&ssl=1 2x, https:\/\/i0.wp.com\/www.jornalja.com.br\/colunas\/wp-content\/uploads\/sites\/5\/2026\/04\/image-2.png?resize=1050%2C600&ssl=1 3x"},"classes":[]}],"jetpack_shortlink":"https:\/\/wp.me\/pbKo0s-pH","jetpack_sharing_enabled":true,"_links":{"self":[{"href":"https:\/\/www.jornalja.com.br\/colunas\/wp-json\/wp\/v2\/posts\/1593","targetHints":{"allow":["GET"]}}],"collection":[{"href":"https:\/\/www.jornalja.com.br\/colunas\/wp-json\/wp\/v2\/posts"}],"about":[{"href":"https:\/\/www.jornalja.com.br\/colunas\/wp-json\/wp\/v2\/types\/post"}],"author":[{"embeddable":true,"href":"https:\/\/www.jornalja.com.br\/colunas\/wp-json\/wp\/v2\/users\/5"}],"replies":[{"embeddable":true,"href":"https:\/\/www.jornalja.com.br\/colunas\/wp-json\/wp\/v2\/comments?post=1593"}],"version-history":[{"count":0,"href":"https:\/\/www.jornalja.com.br\/colunas\/wp-json\/wp\/v2\/posts\/1593\/revisions"}],"wp:attachment":[{"href":"https:\/\/www.jornalja.com.br\/colunas\/wp-json\/wp\/v2\/media?parent=1593"}],"wp:term":[{"taxonomy":"category","embeddable":true,"href":"https:\/\/www.jornalja.com.br\/colunas\/wp-json\/wp\/v2\/categories?post=1593"},{"taxonomy":"post_tag","embeddable":true,"href":"https:\/\/www.jornalja.com.br\/colunas\/wp-json\/wp\/v2\/tags?post=1593"}],"curies":[{"name":"wp","href":"https:\/\/api.w.org\/{rel}","templated":true}]}}