{"id":1608,"date":"2008-09-17T20:23:12","date_gmt":"2008-09-17T23:23:12","guid":{"rendered":"https:\/\/www.jornalja.com.br\/?p=1608"},"modified":"2008-09-17T20:23:12","modified_gmt":"2008-09-17T23:23:12","slug":"o-equilibrio-esta-a-vista-final","status":"publish","type":"post","link":"https:\/\/www.jornalja.com.br\/colunas\/o-equilibrio-esta-a-vista-final\/","title":{"rendered":"O equil\u00edbrio est\u00e1 \u00e0 vista? (final)"},"content":{"rendered":"<p>Ainda n\u00e3o pude ver direito os n\u00fameros do or\u00e7amento que a governadora Yeda Crusius encaminhou para a Assembl\u00e9ia esta semana, apontando para um \u201cd\u00e9ficit zero\u201d em 2009.<br \/>\nN\u00e3o duvido dos prop\u00f3sitos da governadora nem da compet\u00eancia de seu secret\u00e1rio da Fazenda, Aod Cunha. Mas os n\u00fameros que vi n\u00e3o me convenceram e, como j\u00e1 vi esse filme antes, continuo com o p\u00e9 atr\u00e1s.<br \/>\nO secret\u00e1rio da Fazenda, Aod Cunha, tem dito que o fator decisivo na redu\u00e7\u00e3o do d\u00e9ficit no ano passado e neste ano \u00e9 o forte crescimento da receita de impostos. A arrecada\u00e7\u00e3o cresceu 12% no ano passado, pode crescer 20% neste ano.<br \/>\nCom o crescimento da receita, mais o corte nas despesas de custeio (em torno de R$ 300 milh\u00f5es ao ano) e outros ganhos de gest\u00e3o, o d\u00e9ficit, que seria R$ 2,4 bilh\u00f5es pelas previs\u00f5es do in\u00edcio de 2007, chegou ao fim do ano reduzido \u00e0 metade.<br \/>\nEste ano, a previs\u00e3o inicial era de R$ 700 milh\u00f5es, vai cair para R$ 300 milh\u00f5es e no ano que vem chega ao \u201cd\u00e9ficit zero,\u201d segundo projeta o secret\u00e1rio.<br \/>\nSegundo Aod Cunha, o crescimento da economia estadual (5% no ano passado e previs\u00e3o de 7% este ano) explica apenas uma parte desse aumento da arrecada\u00e7\u00e3o. Outra parte seria resultado das a\u00e7\u00f5es do governo que est\u00e3o dando mais efici\u00eancia \u00e0 cobran\u00e7a e reduzindo a sonega\u00e7\u00e3o.<br \/>\nT\u00e3o otimista est\u00e1 o secret\u00e1rio que j\u00e1 faz proje\u00e7\u00e3o dos benef\u00edcios que o Estado colher\u00e1 nos pr\u00f3ximos 20 anos com o retorno do equil\u00edbrio \u00e0s suas contas p\u00fablicas e com a volta dos investimentos.<br \/>\nComo este \u00e9 um ano eleitoral e, certamente, foi por isso que o governo do Estado mandou o or\u00e7amento de 2009 em setembro para a Assembl\u00e9ia, o melhor \u00e9 esperar para ver se o decantado d\u00e9ficit zero se torna mesmo realidade. <\/p>\n","protected":false},"excerpt":{"rendered":"<p>Ainda n\u00e3o pude ver direito os n\u00fameros do or\u00e7amento que a governadora Yeda Crusius encaminhou para a Assembl\u00e9ia esta semana, apontando para um \u201cd\u00e9ficit zero\u201d em 2009. N\u00e3o duvido dos prop\u00f3sitos da governadora nem da compet\u00eancia de seu secret\u00e1rio da Fazenda, Aod Cunha. Mas os n\u00fameros que vi n\u00e3o me convenceram e, como j\u00e1 vi [&hellip;]<\/p>\n","protected":false},"author":5,"featured_media":0,"comment_status":"open","ping_status":"open","sticky":false,"template":"","format":"standard","meta":{"jetpack_post_was_ever_published":false,"_jetpack_newsletter_access":"","_jetpack_dont_email_post_to_subs":false,"_jetpack_newsletter_tier_id":0,"_jetpack_memberships_contains_paywalled_content":false,"_jetpack_memberships_contains_paid_content":false,"footnotes":"","jetpack_publicize_message":"","jetpack_publicize_feature_enabled":true,"jetpack_social_post_already_shared":false,"jetpack_social_options":{"image_generator_settings":{"template":"highway","default_image_id":0,"font":"","enabled":false},"version":2}},"categories":[2],"tags":[39,20,40],"class_list":["post-1608","post","type-post","status-publish","format-standard","hentry","category-analiseopiniao","tag-financas-publicas","tag-governo-yeda","tag-orcamento"],"aioseo_notices":[],"jetpack_publicize_connections":[],"jetpack_featured_media_url":"","jetpack-related-posts":[{"id":84590,"url":"https:\/\/www.jornalja.com.br\/colunas\/e-preciso-defender-o-jardim-botanico-de-porto-alegre\/","url_meta":{"origin":1608,"position":0},"title":"\u00c9 preciso defender o Jardim Bot\u00e2nico de Porto Alegre","author":"da Reda\u00e7\u00e3o","date":"8 de mar\u00e7o de 2026","format":false,"excerpt":"CLEBER DIONI TENTARDINI O Jardim Bot\u00e2nico de Porto Alegre (JBPA) tem 67 anos e \u00e9 considerado um dos cinco melhores e maiores do Brasil. Possui 28 cole\u00e7\u00f5es cient\u00edficas que somam mais de 4.200 plantas, incluindo esp\u00e9cies raras, amea\u00e7adas de extin\u00e7\u00e3o e end\u00eamicas, que s\u00e3o encontradas apenas no RS. No local\u2026","rel":"","context":"Em &quot;An\u00e1lise&amp;Opini\u00e3o&quot;","block_context":{"text":"An\u00e1lise&amp;Opini\u00e3o","link":"https:\/\/www.jornalja.com.br\/colunas\/category\/analiseopiniao\/"},"img":{"alt_text":"","src":"https:\/\/i0.wp.com\/www.jornalja.com.br\/colunas\/wp-content\/uploads\/sites\/5\/2026\/03\/jb-3.jpg?resize=350%2C200&ssl=1","width":350,"height":200,"srcset":"https:\/\/i0.wp.com\/www.jornalja.com.br\/colunas\/wp-content\/uploads\/sites\/5\/2026\/03\/jb-3.jpg?resize=350%2C200&ssl=1 1x, https:\/\/i0.wp.com\/www.jornalja.com.br\/colunas\/wp-content\/uploads\/sites\/5\/2026\/03\/jb-3.jpg?resize=525%2C300&ssl=1 1.5x, https:\/\/i0.wp.com\/www.jornalja.com.br\/colunas\/wp-content\/uploads\/sites\/5\/2026\/03\/jb-3.jpg?resize=700%2C400&ssl=1 2x"},"classes":[]},{"id":84617,"url":"https:\/\/www.jornalja.com.br\/colunas\/o-candidato-de-si-mesmo\/","url_meta":{"origin":1608,"position":1},"title":"O candidato de si mesmo","author":"da Reda\u00e7\u00e3o","date":"10 de abril de 2026","format":false,"excerpt":"Sem emplacar nacionalmente, Leite pode ficar quatro anos sem mandato. Foto Jo\u00e3o Pedro Rodrigues\/SecomRS ELMAR BONES Ningu\u00e9m \u00e9 candidato de si mesmo. Essa \u00e9 a regra n\u00e3o escrita da pol\u00edtica partid\u00e1ria, que as velhas raposas n\u00e3o cansam de repetir aos novatos. Eduardo Leite parece n\u00e3o t\u00ea-la aprendido. Ele n\u00e3o tem\u2026","rel":"","context":"Em &quot;An\u00e1lise&amp;Opini\u00e3o&quot;","block_context":{"text":"An\u00e1lise&amp;Opini\u00e3o","link":"https:\/\/www.jornalja.com.br\/colunas\/category\/analiseopiniao\/"},"img":{"alt_text":"","src":"https:\/\/i0.wp.com\/www.jornalja.com.br\/colunas\/wp-content\/uploads\/sites\/5\/2026\/04\/infraestrutura-escolar.jpeg?resize=350%2C200&ssl=1","width":350,"height":200,"srcset":"https:\/\/i0.wp.com\/www.jornalja.com.br\/colunas\/wp-content\/uploads\/sites\/5\/2026\/04\/infraestrutura-escolar.jpeg?resize=350%2C200&ssl=1 1x, https:\/\/i0.wp.com\/www.jornalja.com.br\/colunas\/wp-content\/uploads\/sites\/5\/2026\/04\/infraestrutura-escolar.jpeg?resize=525%2C300&ssl=1 1.5x, https:\/\/i0.wp.com\/www.jornalja.com.br\/colunas\/wp-content\/uploads\/sites\/5\/2026\/04\/infraestrutura-escolar.jpeg?resize=700%2C400&ssl=1 2x"},"classes":[]},{"id":84564,"url":"https:\/\/www.jornalja.com.br\/colunas\/a-nova-celulose-a-beira-do-guaiba-e-o-risco-de-repetir-a-borregaard\/","url_meta":{"origin":1608,"position":2},"title":"A nova celulose \u00e0 beira do Gua\u00edba e o risco de repetir a Borregaard","author":"An\u00e1lise &amp; Opini\u00e3o","date":"6 de mar\u00e7o de 2026","format":false,"excerpt":"ELMAR BONES No dia 16 de mar\u00e7o de 1972 foi inaugurada a Ind\u00fastria de Celulose Borregaard, em Gua\u00edba, com a presen\u00e7a das mais altas autoridades e manchetes ufanistas em todos os jornais. Inaugura\u00e7\u00e3o da f\u00e1brica em Gua\u00edba, no ano de 1972. Foto Reprodu\u00e7\u00e3o Arquivo\/CeluloseRioGrandense Seria uma das maiores f\u00e1bricas em\u2026","rel":"","context":"Em &quot;An\u00e1lise&amp;Opini\u00e3o&quot;","block_context":{"text":"An\u00e1lise&amp;Opini\u00e3o","link":"https:\/\/www.jornalja.com.br\/colunas\/category\/analiseopiniao\/"},"img":{"alt_text":"","src":"https:\/\/i0.wp.com\/www.jornalja.com.br\/colunas\/wp-content\/uploads\/sites\/5\/2026\/03\/20260306-112140-scaled.jpg?resize=350%2C200&ssl=1","width":350,"height":200,"srcset":"https:\/\/i0.wp.com\/www.jornalja.com.br\/colunas\/wp-content\/uploads\/sites\/5\/2026\/03\/20260306-112140-scaled.jpg?resize=350%2C200&ssl=1 1x, https:\/\/i0.wp.com\/www.jornalja.com.br\/colunas\/wp-content\/uploads\/sites\/5\/2026\/03\/20260306-112140-scaled.jpg?resize=525%2C300&ssl=1 1.5x, https:\/\/i0.wp.com\/www.jornalja.com.br\/colunas\/wp-content\/uploads\/sites\/5\/2026\/03\/20260306-112140-scaled.jpg?resize=700%2C400&ssl=1 2x, https:\/\/i0.wp.com\/www.jornalja.com.br\/colunas\/wp-content\/uploads\/sites\/5\/2026\/03\/20260306-112140-scaled.jpg?resize=1050%2C600&ssl=1 3x, https:\/\/i0.wp.com\/www.jornalja.com.br\/colunas\/wp-content\/uploads\/sites\/5\/2026\/03\/20260306-112140-scaled.jpg?resize=1400%2C800&ssl=1 4x"},"classes":[]},{"id":84742,"url":"https:\/\/www.jornalja.com.br\/colunas\/rejeicao-a-messias-quando-o-senado-tensiona-os-limites-da-democracia\/","url_meta":{"origin":1608,"position":3},"title":"Rejei\u00e7\u00e3o a Messias: quando o Senado tensiona os limites da democracia","author":"An\u00e1lise &amp; Opini\u00e3o","date":"30 de abril de 2026","format":false,"excerpt":"CRISTIANO GOLDSCHMIDT A rejei\u00e7\u00e3o, pelo Senado, da indica\u00e7\u00e3o de Jorge Messias ao Supremo Tribunal Federal n\u00e3o \u00e9 um fato trivial \u2014 e trat\u00e1-la como um simples exerc\u00edcio de independ\u00eancia institucional seria, no m\u00ednimo, ing\u00eanuo. H\u00e1 algo mais profundo em jogo. O epis\u00f3dio exp\u00f5e, com certa nitidez, a forma como parcelas\u2026","rel":"","context":"Em &quot;An\u00e1lise&amp;Opini\u00e3o&quot;","block_context":{"text":"An\u00e1lise&amp;Opini\u00e3o","link":"https:\/\/www.jornalja.com.br\/colunas\/category\/analiseopiniao\/"},"img":{"alt_text":"","src":"https:\/\/i0.wp.com\/www.jornalja.com.br\/colunas\/wp-content\/uploads\/sites\/5\/2026\/04\/image-2.png?resize=350%2C200&ssl=1","width":350,"height":200,"srcset":"https:\/\/i0.wp.com\/www.jornalja.com.br\/colunas\/wp-content\/uploads\/sites\/5\/2026\/04\/image-2.png?resize=350%2C200&ssl=1 1x, https:\/\/i0.wp.com\/www.jornalja.com.br\/colunas\/wp-content\/uploads\/sites\/5\/2026\/04\/image-2.png?resize=525%2C300&ssl=1 1.5x, https:\/\/i0.wp.com\/www.jornalja.com.br\/colunas\/wp-content\/uploads\/sites\/5\/2026\/04\/image-2.png?resize=700%2C400&ssl=1 2x, https:\/\/i0.wp.com\/www.jornalja.com.br\/colunas\/wp-content\/uploads\/sites\/5\/2026\/04\/image-2.png?resize=1050%2C600&ssl=1 3x"},"classes":[]},{"id":84725,"url":"https:\/\/www.jornalja.com.br\/colunas\/e-preciso-refletir-sobre-os-mais-de-84-mil-desaparecidos-no-brasil-em-2025\/","url_meta":{"origin":1608,"position":4},"title":"\u00c9 preciso refletir sobre os mais de 84 mil desaparecidos no Brasil em 2025","author":"An\u00e1lise &amp; Opini\u00e3o","date":"23 de abril de 2026","format":false,"excerpt":"CRISTIANO GOLDSCHMIDT Em 2025, o Brasil registrou 84.760 pessoas desaparecidas, segundo dados consolidados pelo Sistema Nacional de Informa\u00e7\u00f5es de Seguran\u00e7a P\u00fablica Sinesp), vinculado ao Minist\u00e9rio da Justi\u00e7a e Seguran\u00e7a P\u00fablica. Mais do que um n\u00famero expressivo, o dado revela um fen\u00f4meno cont\u00ednuo, distribu\u00eddo no tempo e no territ\u00f3rio \u2014 e,\u2026","rel":"","context":"Em &quot;An\u00e1lise&amp;Opini\u00e3o&quot;","block_context":{"text":"An\u00e1lise&amp;Opini\u00e3o","link":"https:\/\/www.jornalja.com.br\/colunas\/category\/analiseopiniao\/"},"img":{"alt_text":"","src":"https:\/\/i0.wp.com\/www.jornalja.com.br\/colunas\/wp-content\/uploads\/sites\/5\/2026\/04\/image.png?resize=350%2C200&ssl=1","width":350,"height":200,"srcset":"https:\/\/i0.wp.com\/www.jornalja.com.br\/colunas\/wp-content\/uploads\/sites\/5\/2026\/04\/image.png?resize=350%2C200&ssl=1 1x, https:\/\/i0.wp.com\/www.jornalja.com.br\/colunas\/wp-content\/uploads\/sites\/5\/2026\/04\/image.png?resize=525%2C300&ssl=1 1.5x, https:\/\/i0.wp.com\/www.jornalja.com.br\/colunas\/wp-content\/uploads\/sites\/5\/2026\/04\/image.png?resize=700%2C400&ssl=1 2x, https:\/\/i0.wp.com\/www.jornalja.com.br\/colunas\/wp-content\/uploads\/sites\/5\/2026\/04\/image.png?resize=1050%2C600&ssl=1 3x, https:\/\/i0.wp.com\/www.jornalja.com.br\/colunas\/wp-content\/uploads\/sites\/5\/2026\/04\/image.png?resize=1400%2C800&ssl=1 4x"},"classes":[]},{"id":84609,"url":"https:\/\/www.jornalja.com.br\/colunas\/o-centro-historico-de-porto-alegre\/","url_meta":{"origin":1608,"position":5},"title":"O Centro (Hist\u00f3rico) de Porto Alegre","author":"Cleber Dioni Tentardini","date":"30 de mar\u00e7o de 2026","format":false,"excerpt":"CLEBER DIONI TENTARDINI Porto Alegre, nove horas da manh\u00e3 do dia\u00a030\u00a0de mar\u00e7o de 2026. No \"cora\u00e7\u00e3o\" do\u00a0Centro - que j\u00e1\u00a0foi hist\u00f3rico em tempos passados,\u00a0e limpo\u00a0-,\u00a0em um trecho de\u00a0cerca de\u00a0500 metros, entre as ruas General C\u00e2mara e Senhor dos Passos, existem mais de 50 im\u00f3veis comerciais de porta de rua fechados,\u2026","rel":"","context":"Em &quot;An\u00e1lise&amp;Opini\u00e3o&quot;","block_context":{"text":"An\u00e1lise&amp;Opini\u00e3o","link":"https:\/\/www.jornalja.com.br\/colunas\/category\/analiseopiniao\/"},"img":{"alt_text":"","src":"","width":0,"height":0},"classes":[]}],"jetpack_shortlink":"https:\/\/wp.me\/pbKo0s-pW","jetpack_sharing_enabled":true,"_links":{"self":[{"href":"https:\/\/www.jornalja.com.br\/colunas\/wp-json\/wp\/v2\/posts\/1608","targetHints":{"allow":["GET"]}}],"collection":[{"href":"https:\/\/www.jornalja.com.br\/colunas\/wp-json\/wp\/v2\/posts"}],"about":[{"href":"https:\/\/www.jornalja.com.br\/colunas\/wp-json\/wp\/v2\/types\/post"}],"author":[{"embeddable":true,"href":"https:\/\/www.jornalja.com.br\/colunas\/wp-json\/wp\/v2\/users\/5"}],"replies":[{"embeddable":true,"href":"https:\/\/www.jornalja.com.br\/colunas\/wp-json\/wp\/v2\/comments?post=1608"}],"version-history":[{"count":0,"href":"https:\/\/www.jornalja.com.br\/colunas\/wp-json\/wp\/v2\/posts\/1608\/revisions"}],"wp:attachment":[{"href":"https:\/\/www.jornalja.com.br\/colunas\/wp-json\/wp\/v2\/media?parent=1608"}],"wp:term":[{"taxonomy":"category","embeddable":true,"href":"https:\/\/www.jornalja.com.br\/colunas\/wp-json\/wp\/v2\/categories?post=1608"},{"taxonomy":"post_tag","embeddable":true,"href":"https:\/\/www.jornalja.com.br\/colunas\/wp-json\/wp\/v2\/tags?post=1608"}],"curies":[{"name":"wp","href":"https:\/\/api.w.org\/{rel}","templated":true}]}}