{"id":1671,"date":"2008-09-29T13:28:41","date_gmt":"2008-09-29T16:28:41","guid":{"rendered":"https:\/\/www.jornalja.com.br\/?p=1671"},"modified":"2008-09-29T13:28:41","modified_gmt":"2008-09-29T16:28:41","slug":"as-mulheres-e-o-velho-sistema-da-serrinha","status":"publish","type":"post","link":"https:\/\/www.jornalja.com.br\/colunas\/as-mulheres-e-o-velho-sistema-da-serrinha\/","title":{"rendered":"As mulheres e o velho sistema da serrinha"},"content":{"rendered":"<p><em>M\u00e9todos antigos nunca deixam de proporcionar novas fugas de casas prisionais.<\/em><br \/>\nQuatro mulheres fugiram da penitenci\u00e1ria Madre Pelletier, em Porto Ale-gre. As mo\u00e7as usaram o velho sistema da serrinha, abrindo um v\u00e3o maior entre as grades da janela de uma cela no ultimo andar do pr\u00e9dio. Depois, usaram uma jib\u00f3ia (corda feita com panos e len\u00e7\u00f3is) para descer at\u00e9 o p\u00e1tio. A suspeita da Susepe \u00e9 que o c\u00e3o que faz a guarda da \u00e1rea tenha sido dopa-do ou ent\u00e3o se tornou amigo de uma das detentas. O delegado penitenci\u00e1rio das casas especiais, Ant\u00f4nio Carlos Cavalcanti explicou que a fuga ocorreu por uma \u00e1rea onde se localiza a creche dos filhos das presidi\u00e1rias. O Madre Pelletier tem capacidade para 228 detentas e abriga, atualmente, 440. As fugas n\u00e3o s\u00e3o comuns naquela penitenci\u00e1ria. A \u00faltima foi registrada duran-te a greve dos agentes penitenci\u00e1rios em agosto. Tirante os problemas de ordem permanente \u2013 sal\u00e1rios baixos, falta de pessoal e de equipamentos de trabalho \u2013 a escapada feminina \u00e9 o primeiro problema imprevisto que o no-vo titular da Susep, Paulo Roberto Zietlow, est\u00e1 enfrentando.<br \/>\n<strong> Formatura<\/strong><br \/>\nO Secret\u00e1rio da Seguran\u00e7a P\u00fablica, Edson Goularte, e a corregedora-geral da Susepe, M\u00f4nica Pires da Silva, representando o superintendente do org\u00e3o, Paulo Roberto Zietlow, participaram, sexta-feira (26\/09), no Gin\u00e1sio de Esportes da Academia de Pol\u00edcia Militar, da formatura da primeira tur-ma do Gaes (Grupo de A\u00e7\u00f5es Especiais da Superintend\u00eancia dos Servi\u00e7os Penitenci\u00e1rios). Os 36 formandos foram preparados para o enfrentamento de situa\u00e7\u00f5es adversas e para a\u00e7\u00f5es espec\u00edficas ditadas pela natureza do e-vento.<br \/>\n<strong> Solu\u00e7\u00e3o<\/strong><br \/>\nA Delegacia de Homic\u00eddios e Desaparecidos encerrou dois inqu\u00e9ritos considerados priorit\u00e1rios relativos a quatro crimes ocorridos em Porto Ale-gre. O primeiro diz respeito ao homem que matou uma mulher no dia 16 de setembro de 2008, no bairro Lomba do Pinheiro. O outro inqu\u00e9rito diz res-peito a um triplo homic\u00eddio ocorrido no dia 6 de abril de 2008, na rua Dona Lu\u00edza, 158, bairro Nonoai.  Segundo o delegado Bol\u00edvar Llantada, o crime se deu em fun\u00e7\u00e3o de disputa por ponto de tr\u00e1fico de drogas. O inqu\u00e9rito policial ensejou o indiciamento de tr\u00eas pessoas.<br \/>\n<strong> Coroas<\/strong><br \/>\nA Delegacia de Pol\u00edcia de Prote\u00e7\u00e3o para o Idoso estar\u00e1 distribuindo, hoje, material de orienta\u00e7\u00e3o para prevenir a viol\u00eancia e dicas de seguran\u00e7a no Parque da Reden\u00e7\u00e3o, na capital. A campanha faz parte das atividades do m\u00eas do idoso e estar\u00e1 integrada \u00e0 Caminhada da 3\u00aa Idade, que se realizar\u00e1 tamb\u00e9m neste domingo numa promo\u00e7\u00e3o da Prefeitura de Porto Alegre, Se-cretaria da Sa\u00fade e Sesc. Os policiais civis estar\u00e3o instalados numa tenda na esquina da rua Jos\u00e9 Bonif\u00e1cio com a avenida Jo\u00e3o Pessoa. A Caminhada da 3\u00aa Idade tem in\u00edcio \u00e0s 10h no Parc\u00e3o com final previsto para as 11h no Parque da Reden\u00e7\u00e3o.<br \/>\n<strong> Viol\u00eancia (1)<\/strong><br \/>\nA Pol\u00edcia Civil realiza investiga\u00e7\u00f5es para identificar o agressor de um motorista na Zona Leste da Capital. H\u00e9lio Irineu Bens, de 44 anos est\u00e1 in-ternado em estado grave no HPS. Na noite de sexta-feira ele levou soco, caiu e  bateu a cabe\u00e7a no ch\u00e3o durante briga por quest\u00f5es de tr\u00e2nsito na Lomba do Pinheiro. O agressor seria o caroneiro de um caminh\u00e3o. Segundo a policia, o propriet\u00e1rio do caminh\u00e3o foi identificado.<br \/>\n<strong> Viol\u00eancia (2)<\/strong><br \/>\nDesaven\u00e7a entre freq\u00fcentadores de um remate terminou com duas mortes na noite passada no munic\u00edpio de Herval, no Sul do estado. Morreram bale-ados Andr\u00e9 Castro da Silva, 35 anos, de Pelotas, e Elisandro Dias Peres, 34 anos, natural de Piratini. Ficou ferido Juliano Garcia da Silveira, de 26 a-nos, que est\u00e1 internado no Pronto Socorro de Pelotas. O delegado respon-s\u00e1vel pela investiga\u00e7\u00e3o, Dionei Albuquerque afirma que os motivos da bri-ga ainda s\u00e3o desconhecidos. No momento da peleia mais de cem pessoas estavam no parque de exposi\u00e7\u00f5es de Herval aguardando o in\u00edcio do leil\u00e3o de gado.<br \/>\n<strong> Coronel (1)<\/strong><br \/>\nQuinta-feira \u00faltima, o ex-comandante geral da Brigada Militar, coronel Nilson Nobre Bueno, foi ouvido no Tribunal de Justi\u00e7a Militar do Estado (o Tribunal da Brigada) sobre acusa\u00e7\u00f5es que determinaram sua queda do pos-to maior da corpora\u00e7\u00e3o,entre as quais est\u00e1 o recebimento indevido de di\u00e1-rias. Bueno, que est\u00e1 licenciado, pretende ir at\u00e9 as \u00faltimas conseq\u00fc\u00eancias contra seus acusadores e, como est\u00e1 na ativa, continua como candidato a vaga de juiz na corte onde aparece, por ora, como r\u00e9u.<br \/>\n<strong> Coronel (2)<\/strong><br \/>\nO ex-comandante geral da Brigada Militar e ex-chefe da Casa Militar do Piratini, coronel Edson Alves, tamb\u00e9m candidato natural a juiz do Tribunal de Justi\u00e7a Militar e, como Bueno, r\u00e9u de processo que tramita nesta corte, concluiu seus per\u00edodos de f\u00e9rias e de licen\u00e7a. Alves est\u00e1 retornando ao tra-balho e sua situa\u00e7\u00e3o est\u00e1 sendo estudada, pois a Brigada passar\u00e1 a ter 25 coron\u00e9is para 24 vagas.<\/p>\n","protected":false},"excerpt":{"rendered":"<p>M\u00e9todos antigos nunca deixam de proporcionar novas fugas de casas prisionais. Quatro mulheres fugiram da penitenci\u00e1ria Madre Pelletier, em Porto Ale-gre. As mo\u00e7as usaram o velho sistema da serrinha, abrindo um v\u00e3o maior entre as grades da janela de uma cela no ultimo andar do pr\u00e9dio. Depois, usaram uma jib\u00f3ia (corda feita com panos e [&hellip;]<\/p>\n","protected":false},"author":5,"featured_media":0,"comment_status":"open","ping_status":"open","sticky":false,"template":"","format":"standard","meta":{"jetpack_post_was_ever_published":false,"_jetpack_newsletter_access":"","_jetpack_dont_email_post_to_subs":false,"_jetpack_newsletter_tier_id":0,"_jetpack_memberships_contains_paywalled_content":false,"_jetpack_memberships_contains_paid_content":false,"footnotes":"","jetpack_publicize_message":"","jetpack_publicize_feature_enabled":true,"jetpack_social_post_already_shared":false,"jetpack_social_options":{"image_generator_settings":{"template":"highway","default_image_id":0,"font":"","enabled":false},"version":2}},"categories":[2],"tags":[],"class_list":["post-1671","post","type-post","status-publish","format-standard","hentry","category-analiseopiniao"],"aioseo_notices":[],"jetpack_publicize_connections":[],"jetpack_featured_media_url":"","jetpack-related-posts":[{"id":84690,"url":"https:\/\/www.jornalja.com.br\/colunas\/17-de-abril-de-1996-30-anos-do-massacre-de-eldorado-do-carajas\/","url_meta":{"origin":1671,"position":0},"title":"17 de abril de 1996: 30 anos do Massacre de Eldorado do Caraj\u00e1s","author":"da Reda\u00e7\u00e3o","date":"17 de abril de 2026","format":false,"excerpt":"Cruz marca o local do massacre em Eldorado dos Caraj\u00e1s, Par\u00e1. Foto: Marcello Casal Jr.\/Arquivo ABr CRISTIANO GOLDSCHMIDT H\u00e1 datas que n\u00e3o passam. Ficam suspensas no tempo como poeira vermelha sobre a pele \u2014 insistem, infiltram-se, recusam o esquecimento. Abril, no sul do Par\u00e1, \u00e9 sempre um m\u00eas que arde.\u2026","rel":"","context":"Em &quot;An\u00e1lise&amp;Opini\u00e3o&quot;","block_context":{"text":"An\u00e1lise&amp;Opini\u00e3o","link":"https:\/\/www.jornalja.com.br\/colunas\/category\/analiseopiniao\/"},"img":{"alt_text":"","src":"https:\/\/i0.wp.com\/www.jornalja.com.br\/colunas\/wp-content\/uploads\/sites\/5\/2026\/04\/mc006.jpg?resize=350%2C200&ssl=1","width":350,"height":200,"srcset":"https:\/\/i0.wp.com\/www.jornalja.com.br\/colunas\/wp-content\/uploads\/sites\/5\/2026\/04\/mc006.jpg?resize=350%2C200&ssl=1 1x, https:\/\/i0.wp.com\/www.jornalja.com.br\/colunas\/wp-content\/uploads\/sites\/5\/2026\/04\/mc006.jpg?resize=525%2C300&ssl=1 1.5x, https:\/\/i0.wp.com\/www.jornalja.com.br\/colunas\/wp-content\/uploads\/sites\/5\/2026\/04\/mc006.jpg?resize=700%2C400&ssl=1 2x, https:\/\/i0.wp.com\/www.jornalja.com.br\/colunas\/wp-content\/uploads\/sites\/5\/2026\/04\/mc006.jpg?resize=1050%2C600&ssl=1 3x, https:\/\/i0.wp.com\/www.jornalja.com.br\/colunas\/wp-content\/uploads\/sites\/5\/2026\/04\/mc006.jpg?resize=1400%2C800&ssl=1 4x"},"classes":[]},{"id":84617,"url":"https:\/\/www.jornalja.com.br\/colunas\/o-candidato-de-si-mesmo\/","url_meta":{"origin":1671,"position":1},"title":"O candidato de si mesmo","author":"da Reda\u00e7\u00e3o","date":"10 de abril de 2026","format":false,"excerpt":"Sem emplacar nacionalmente, Leite pode ficar quatro anos sem mandato. Foto Jo\u00e3o Pedro Rodrigues\/SecomRS ELMAR BONES Ningu\u00e9m \u00e9 candidato de si mesmo. Essa \u00e9 a regra n\u00e3o escrita da pol\u00edtica partid\u00e1ria, que as velhas raposas n\u00e3o cansam de repetir aos novatos. Eduardo Leite parece n\u00e3o t\u00ea-la aprendido. Ele n\u00e3o tem\u2026","rel":"","context":"Em &quot;An\u00e1lise&amp;Opini\u00e3o&quot;","block_context":{"text":"An\u00e1lise&amp;Opini\u00e3o","link":"https:\/\/www.jornalja.com.br\/colunas\/category\/analiseopiniao\/"},"img":{"alt_text":"","src":"https:\/\/i0.wp.com\/www.jornalja.com.br\/colunas\/wp-content\/uploads\/sites\/5\/2026\/04\/infraestrutura-escolar.jpeg?resize=350%2C200&ssl=1","width":350,"height":200,"srcset":"https:\/\/i0.wp.com\/www.jornalja.com.br\/colunas\/wp-content\/uploads\/sites\/5\/2026\/04\/infraestrutura-escolar.jpeg?resize=350%2C200&ssl=1 1x, https:\/\/i0.wp.com\/www.jornalja.com.br\/colunas\/wp-content\/uploads\/sites\/5\/2026\/04\/infraestrutura-escolar.jpeg?resize=525%2C300&ssl=1 1.5x, https:\/\/i0.wp.com\/www.jornalja.com.br\/colunas\/wp-content\/uploads\/sites\/5\/2026\/04\/infraestrutura-escolar.jpeg?resize=700%2C400&ssl=1 2x"},"classes":[]},{"id":84725,"url":"https:\/\/www.jornalja.com.br\/colunas\/e-preciso-refletir-sobre-os-mais-de-84-mil-desaparecidos-no-brasil-em-2025\/","url_meta":{"origin":1671,"position":2},"title":"\u00c9 preciso refletir sobre os mais de 84 mil desaparecidos no Brasil em 2025","author":"An\u00e1lise &amp; Opini\u00e3o","date":"23 de abril de 2026","format":false,"excerpt":"CRISTIANO GOLDSCHMIDT Em 2025, o Brasil registrou 84.760 pessoas desaparecidas, segundo dados consolidados pelo Sistema Nacional de Informa\u00e7\u00f5es de Seguran\u00e7a P\u00fablica Sinesp), vinculado ao Minist\u00e9rio da Justi\u00e7a e Seguran\u00e7a P\u00fablica. Mais do que um n\u00famero expressivo, o dado revela um fen\u00f4meno cont\u00ednuo, distribu\u00eddo no tempo e no territ\u00f3rio \u2014 e,\u2026","rel":"","context":"Em &quot;An\u00e1lise&amp;Opini\u00e3o&quot;","block_context":{"text":"An\u00e1lise&amp;Opini\u00e3o","link":"https:\/\/www.jornalja.com.br\/colunas\/category\/analiseopiniao\/"},"img":{"alt_text":"","src":"https:\/\/i0.wp.com\/www.jornalja.com.br\/colunas\/wp-content\/uploads\/sites\/5\/2026\/04\/image.png?resize=350%2C200&ssl=1","width":350,"height":200,"srcset":"https:\/\/i0.wp.com\/www.jornalja.com.br\/colunas\/wp-content\/uploads\/sites\/5\/2026\/04\/image.png?resize=350%2C200&ssl=1 1x, https:\/\/i0.wp.com\/www.jornalja.com.br\/colunas\/wp-content\/uploads\/sites\/5\/2026\/04\/image.png?resize=525%2C300&ssl=1 1.5x, https:\/\/i0.wp.com\/www.jornalja.com.br\/colunas\/wp-content\/uploads\/sites\/5\/2026\/04\/image.png?resize=700%2C400&ssl=1 2x, https:\/\/i0.wp.com\/www.jornalja.com.br\/colunas\/wp-content\/uploads\/sites\/5\/2026\/04\/image.png?resize=1050%2C600&ssl=1 3x, https:\/\/i0.wp.com\/www.jornalja.com.br\/colunas\/wp-content\/uploads\/sites\/5\/2026\/04\/image.png?resize=1400%2C800&ssl=1 4x"},"classes":[]},{"id":84681,"url":"https:\/\/www.jornalja.com.br\/colunas\/recordar-zuzu-angel-50-anos-apos-sua-morte-e-um-ato-etico\/","url_meta":{"origin":1671,"position":3},"title":"Recordar Zuzu Angel 50 anos ap\u00f3s sua morte \u00e9 um ato \u00e9tico","author":"da Reda\u00e7\u00e3o","date":"16 de abril de 2026","format":false,"excerpt":"CRISTIANO GOLDSCHMIDT Cinco d\u00e9cadas transcorreram desde o silenciamento brutal de Zuzu Angel (05 de junho de 1921 - 14 de abril de 1976), e ainda assim sua voz persiste \u2014 n\u00e3o como eco esmaecido, mas como um timbre agudo que rasga o tecido do tempo e se inscreve na mem\u00f3ria\u2026","rel":"","context":"Em &quot;An\u00e1lise&amp;Opini\u00e3o&quot;","block_context":{"text":"An\u00e1lise&amp;Opini\u00e3o","link":"https:\/\/www.jornalja.com.br\/colunas\/category\/analiseopiniao\/"},"img":{"alt_text":"","src":"https:\/\/i0.wp.com\/www.jornalja.com.br\/colunas\/wp-content\/uploads\/sites\/5\/2026\/04\/zuzu-angel-1972-fotografo-desconhecido-colecao-arquivo-nacional.jpg?resize=350%2C200&ssl=1","width":350,"height":200,"srcset":"https:\/\/i0.wp.com\/www.jornalja.com.br\/colunas\/wp-content\/uploads\/sites\/5\/2026\/04\/zuzu-angel-1972-fotografo-desconhecido-colecao-arquivo-nacional.jpg?resize=350%2C200&ssl=1 1x, https:\/\/i0.wp.com\/www.jornalja.com.br\/colunas\/wp-content\/uploads\/sites\/5\/2026\/04\/zuzu-angel-1972-fotografo-desconhecido-colecao-arquivo-nacional.jpg?resize=525%2C300&ssl=1 1.5x, https:\/\/i0.wp.com\/www.jornalja.com.br\/colunas\/wp-content\/uploads\/sites\/5\/2026\/04\/zuzu-angel-1972-fotografo-desconhecido-colecao-arquivo-nacional.jpg?resize=700%2C400&ssl=1 2x, https:\/\/i0.wp.com\/www.jornalja.com.br\/colunas\/wp-content\/uploads\/sites\/5\/2026\/04\/zuzu-angel-1972-fotografo-desconhecido-colecao-arquivo-nacional.jpg?resize=1050%2C600&ssl=1 3x"},"classes":[]},{"id":84693,"url":"https:\/\/www.jornalja.com.br\/colunas\/fim-da-escala-6x1-cabe-ao-congresso-decidir-entre-o-progresso-e-o-atraso\/","url_meta":{"origin":1671,"position":4},"title":"Fim da escala 6&#215;1: cabe ao Congresso decidir entre o progresso e o atraso","author":"da Reda\u00e7\u00e3o","date":"20 de abril de 2026","format":false,"excerpt":"Plen\u00e1rio da C\u00e2mara dos Deputados durante sess\u00e3o solene do Congresso Nacional. Caber\u00e1 ao parlamento a decis\u00e3o final sobre a nova escala de trabalho. Foto: Leopoldo Silva\/Ag\u00eancia Senado CRISTIANO GOLDSCHMIDT A discuss\u00e3o sobre o fim da escala de trabalho 6x1 no Brasil tem ganhado centralidade no debate p\u00fablico contempor\u00e2neo por tocar\u2026","rel":"","context":"Em &quot;An\u00e1lise&amp;Opini\u00e3o&quot;","block_context":{"text":"An\u00e1lise&amp;Opini\u00e3o","link":"https:\/\/www.jornalja.com.br\/colunas\/category\/analiseopiniao\/"},"img":{"alt_text":"","src":"https:\/\/i0.wp.com\/www.jornalja.com.br\/colunas\/wp-content\/uploads\/sites\/5\/2026\/04\/plenario-do-congresso-nacional-posse-presidencial-2023-foto-de-leopoldo-silva-agencia-senado-scaled.jpg?resize=350%2C200&ssl=1","width":350,"height":200,"srcset":"https:\/\/i0.wp.com\/www.jornalja.com.br\/colunas\/wp-content\/uploads\/sites\/5\/2026\/04\/plenario-do-congresso-nacional-posse-presidencial-2023-foto-de-leopoldo-silva-agencia-senado-scaled.jpg?resize=350%2C200&ssl=1 1x, https:\/\/i0.wp.com\/www.jornalja.com.br\/colunas\/wp-content\/uploads\/sites\/5\/2026\/04\/plenario-do-congresso-nacional-posse-presidencial-2023-foto-de-leopoldo-silva-agencia-senado-scaled.jpg?resize=525%2C300&ssl=1 1.5x, https:\/\/i0.wp.com\/www.jornalja.com.br\/colunas\/wp-content\/uploads\/sites\/5\/2026\/04\/plenario-do-congresso-nacional-posse-presidencial-2023-foto-de-leopoldo-silva-agencia-senado-scaled.jpg?resize=700%2C400&ssl=1 2x, https:\/\/i0.wp.com\/www.jornalja.com.br\/colunas\/wp-content\/uploads\/sites\/5\/2026\/04\/plenario-do-congresso-nacional-posse-presidencial-2023-foto-de-leopoldo-silva-agencia-senado-scaled.jpg?resize=1050%2C600&ssl=1 3x, https:\/\/i0.wp.com\/www.jornalja.com.br\/colunas\/wp-content\/uploads\/sites\/5\/2026\/04\/plenario-do-congresso-nacional-posse-presidencial-2023-foto-de-leopoldo-silva-agencia-senado-scaled.jpg?resize=1400%2C800&ssl=1 4x"},"classes":[]},{"id":84673,"url":"https:\/\/www.jornalja.com.br\/colunas\/40-anos-sem-simone-de-beauvoir-uma-interlocutora-ainda-incomoda-do-presente\/","url_meta":{"origin":1671,"position":5},"title":"40 anos sem Simone de Beauvoir, uma interlocutora ainda inc\u00f4moda do presente","author":"da Reda\u00e7\u00e3o","date":"14 de abril de 2026","format":false,"excerpt":"CRISTIANO GOLDSCHMIDT Quarenta anos ap\u00f3s a morte de Simone de Beauvoir (9 de janeiro de 1908 - 14 de abril de 1986), descubro que sua aus\u00eancia n\u00e3o \u00e9 propriamente um vazio \u2014 \u00e9 antes um rumor cont\u00ednuo, uma esp\u00e9cie de presen\u00e7a indireta que se infiltra nas conversas, nos livros, nas\u2026","rel":"","context":"Em &quot;An\u00e1lise&amp;Opini\u00e3o&quot;","block_context":{"text":"An\u00e1lise&amp;Opini\u00e3o","link":"https:\/\/www.jornalja.com.br\/colunas\/category\/analiseopiniao\/"},"img":{"alt_text":"","src":"https:\/\/i0.wp.com\/www.jornalja.com.br\/colunas\/wp-content\/uploads\/sites\/5\/2026\/04\/simone-de-beauvoir-memorias-de-uma-menina-bemcomportada.jpeg?resize=350%2C200&ssl=1","width":350,"height":200},"classes":[]}],"jetpack_shortlink":"https:\/\/wp.me\/pbKo0s-qX","jetpack_sharing_enabled":true,"_links":{"self":[{"href":"https:\/\/www.jornalja.com.br\/colunas\/wp-json\/wp\/v2\/posts\/1671","targetHints":{"allow":["GET"]}}],"collection":[{"href":"https:\/\/www.jornalja.com.br\/colunas\/wp-json\/wp\/v2\/posts"}],"about":[{"href":"https:\/\/www.jornalja.com.br\/colunas\/wp-json\/wp\/v2\/types\/post"}],"author":[{"embeddable":true,"href":"https:\/\/www.jornalja.com.br\/colunas\/wp-json\/wp\/v2\/users\/5"}],"replies":[{"embeddable":true,"href":"https:\/\/www.jornalja.com.br\/colunas\/wp-json\/wp\/v2\/comments?post=1671"}],"version-history":[{"count":0,"href":"https:\/\/www.jornalja.com.br\/colunas\/wp-json\/wp\/v2\/posts\/1671\/revisions"}],"wp:attachment":[{"href":"https:\/\/www.jornalja.com.br\/colunas\/wp-json\/wp\/v2\/media?parent=1671"}],"wp:term":[{"taxonomy":"category","embeddable":true,"href":"https:\/\/www.jornalja.com.br\/colunas\/wp-json\/wp\/v2\/categories?post=1671"},{"taxonomy":"post_tag","embeddable":true,"href":"https:\/\/www.jornalja.com.br\/colunas\/wp-json\/wp\/v2\/tags?post=1671"}],"curies":[{"name":"wp","href":"https:\/\/api.w.org\/{rel}","templated":true}]}}