{"id":1706,"date":"2008-10-08T14:51:01","date_gmt":"2008-10-08T17:51:01","guid":{"rendered":"https:\/\/www.jornalja.com.br\/?p=1706"},"modified":"2008-10-08T14:51:01","modified_gmt":"2008-10-08T17:51:01","slug":"da-arte-de-se-desentortar-pepino","status":"publish","type":"post","link":"https:\/\/www.jornalja.com.br\/colunas\/da-arte-de-se-desentortar-pepino\/","title":{"rendered":"Da arte de se desentortar pepino"},"content":{"rendered":"<p><em>\u00c9 not\u00e1vel o desatrelamento dos governos nas estrat\u00e9gias de controlar a viol\u00eancia e a criminalidade nas nascentes.<\/em><br \/>\nNo in\u00edcio da semana houve tumultos em duas unidades da Fase, a eterna ex-Febem, em Pelotas e, em Porto Alegre, na Vila Cruzeiro. Superlota\u00e7\u00e3o, desentendimento com monitores, planos de fugas frustrados, drogas, lutas por lideran\u00e7a, posse de armas artesanais pontuam, invariavelmente, esses epis\u00f3dios que, em seus momentos agudos, s\u00f3 podem ser controlados com o poder de pol\u00edcia ou seja, pela Brigada Militar. Os monitores pouco podem fazer, pois trabalham sob um regime de terror. S\u00e3o amea\u00e7ados cotidiana-mente, ofendidos, agredidos sem que possam tocar nos meninos a n\u00e3o ser em leg\u00edtima defesa e com o m\u00e1ximo de cuidado para n\u00e3o machuc\u00e1-los. En-fim, o relacionamento dos servidores da Fase com os menores infratores n\u00e3o \u00e9 diferente dos profissionais que trabalham no sistema penitenci\u00e1rio com os apenados. Em todas essas casas o dom\u00ednio \u00e9 de criminosos profis-sionais. O terror \u00e9 permanente. Sigam-me.<br \/>\n<strong> Arte<\/strong><br \/>\nEntre os pres\u00eddios a serem constru\u00eddos no Rio Grande do Sul com verba do Minist\u00e9rio da Justi\u00e7a, repassada atrav\u00e9s da Senasp (Secretaria da Nacio-nal da Seguran\u00e7a P\u00fablica), um ser\u00e1 destinado para jovens (adultos) apena-dos. Ao n\u00e3o conseguir equacionar solu\u00e7\u00e3o do problema em sua nascente, que seria o de dar amplas condi\u00e7\u00f5es de funcionamento para as unidades que abrigam menores, infratores ou n\u00e3o, o governo tenta uma estrat\u00e9gia que poderia se chamar de a Arte de Desentortar Pepino Adulto, quando a in-venc\u00edvel sabedoria popular j\u00e1 sacramentou que \u00e9 de pequenino que se de-sentorta o pepino.<br \/>\n<strong> Cibern\u00e9tica<\/strong><br \/>\nA Acadepol (Academia de Pol\u00edcia Civil do RS), desde ontem, a quarta edi\u00e7\u00e3o do Curso Sobre Crimes Praticados na Internet, sob a coordena\u00e7\u00e3o do delegado Emerson Wendt. O curso ter\u00e1 alunos de Curitiba, Cuiab\u00e1, S\u00e3o Paulo, Belo Horizonte, Rio de Janeiro, Florian\u00f3polis, Campo Grande e Bras\u00edlia, todos selecionados pela Senasp (Secretaria Nacional de Seguran\u00e7a P\u00fablica), juntamente com representantes do Rio Grande do Sul. Ao todo, 30 agentes participantes far\u00e3o estudos sobre tipologias de crimes cibern\u00e9ti-cos e empreender\u00e3o exerc\u00edcios de an\u00e1lise de sistemas e aplicativos eletr\u00f4ni-cos, disponibilizados em redes locais e internacionais.<br \/>\n<strong> Farda<\/strong><br \/>\nNa madrugada de ontem, no bairro Medianeira, na avenida \u00c9lvio Bastos, em Santa Maria, uma empresa distribuidora de cigarros foi assaltada. Cinco funcion\u00e1rios foram rendidos e trancados no dep\u00f3sito. Sete quadrilheiros, fortemente armados, usavam toucas ninja e fardas da Brigada Militar. Uma carga de cigarros foi levada num caminh\u00e3o e os funcion\u00e1rios, feitos ref\u00e9ns, foram libertados na localidade de Passo do Sobrado, divisa entre Ven\u00e2ncio Aires e Santa Cruz do Sul.<br \/>\n<strong> Carne<\/strong><br \/>\nEm Uruguaiana, a Pol\u00edcia Civil prendeu em flagrante, segunda-feira, uma mulher, propriet\u00e1ria de lanchonete no centro da cidade. Segundo o delega-do Roger Spode Brutti, a comerciante armazenava e vendia carne bovina proveniente da cidade Argentina de Paso de Los Libres, fronteira com Uru-guaiana. Na ocasi\u00e3o, foram apreendidos 156,092 Kg de carne.<br \/>\n<strong> Taxista<\/strong><br \/>\nAgentes da Pol\u00edcia Civil de Rio Grande detiveram, na manh\u00e3 de ontem, dois suspeitos de participar do assassinato de um taxista, ocorrido na noite de 4 de s\u00e1bado \u00faltimo. Segundo o delegado Elione Luiz Lopes, que solici-tou \u00e0 Justi\u00e7a a pris\u00e3o preventiva dos suspeitos, os dois homens confessaram o crime.<br \/>\n<strong> Cad\u00e1ver<\/strong><br \/>\nO corpo parcialmente carbonizado de um homem foi encontrado, na ma-nh\u00e3 de ontem, pela Brigada Militar na estrada da  Fazenda, no bairro Gua-juviras, em Canoas.<br \/>\n<strong> Tr\u00e1fico<\/strong><br \/>\nA Brigada Militar e a Pol\u00edcia Civil fizeram, ontem, uma  opera\u00e7\u00e3o con-junta contra o tr\u00e1fico de drogas no bairro Mathias Velho, em Canoas. Um traficante de 50 anos foi capturado em casa. No local,  foram encontrados um rev\u00f3lver, 91 pedras de crack, 23 petecas de  coca\u00edna, 58 gramas de co-ca\u00edna,  balan\u00e7a de precis\u00e3o e um ve\u00edculo.<br \/>\n<strong> Homic\u00eddios<\/strong><br \/>\nSetembro foi o m\u00eas com maior n\u00famero de homic\u00eddios do ano no Rio Grande do Sul: em m\u00e9dia, cinco pessoas foram mortas por dia. A Secretaria da Seguran\u00e7a registrou 148 assassinatos. Um dos munic\u00edpios que mais preocupa \u00e9 Canoas, onde houve 94 casos no ano. O  comandante da Briga-da Militar da cidade, coronel Rodolfo Pacheo, afirma que a realidade social do local  agrava o problema. Segundo Pacheco, o bairro Guajuviras, no qual 1\/3 dos moradores n\u00e3o tem saneamento b\u00e1sico.  Em todo estado j\u00e1 foram registrados 1.215 homic\u00eddios neste ano, deste  total  350 foram em Por-to Alegre.<\/p>\n","protected":false},"excerpt":{"rendered":"<p>\u00c9 not\u00e1vel o desatrelamento dos governos nas estrat\u00e9gias de controlar a viol\u00eancia e a criminalidade nas nascentes. No in\u00edcio da semana houve tumultos em duas unidades da Fase, a eterna ex-Febem, em Pelotas e, em Porto Alegre, na Vila Cruzeiro. Superlota\u00e7\u00e3o, desentendimento com monitores, planos de fugas frustrados, drogas, lutas por lideran\u00e7a, posse de armas [&hellip;]<\/p>\n","protected":false},"author":5,"featured_media":0,"comment_status":"open","ping_status":"open","sticky":false,"template":"","format":"standard","meta":{"jetpack_post_was_ever_published":false,"_jetpack_newsletter_access":"","_jetpack_dont_email_post_to_subs":false,"_jetpack_newsletter_tier_id":0,"_jetpack_memberships_contains_paywalled_content":false,"_jetpack_memberships_contains_paid_content":false,"footnotes":"","jetpack_publicize_message":"","jetpack_publicize_feature_enabled":true,"jetpack_social_post_already_shared":false,"jetpack_social_options":{"image_generator_settings":{"template":"highway","default_image_id":0,"font":"","enabled":false},"version":2}},"categories":[2],"tags":[],"class_list":["post-1706","post","type-post","status-publish","format-standard","hentry","category-analiseopiniao"],"aioseo_notices":[],"jetpack_publicize_connections":[],"jetpack_featured_media_url":"","jetpack-related-posts":[{"id":84632,"url":"https:\/\/www.jornalja.com.br\/colunas\/medicos-alertam-para-os-riscos-a-saude-de-nova-fabrica-de-celulose-da-cmpc\/","url_meta":{"origin":1706,"position":0},"title":"M\u00e9dicos alertam para os riscos \u00e0 sa\u00fade de nova f\u00e1brica de celulose da CMPC","author":"Cleber Dioni Tentardini","date":"14 de abril de 2026","format":false,"excerpt":"ROSELAINE MURLIK * Represento um grupo de profissionais da medicina que, h\u00e1 alguns anos, estuda os diferentes impactos das mudan\u00e7as clim\u00e1ticas e da polui\u00e7\u00e3o ambiental nos ecossistemas na sa\u00fade humana e do planeta. Causa preocupa\u00e7\u00e3o o novo megaempreendimento de celulose da empresa chilena CMPC em Barra do Ribeiro (RS), pr\u00f3ximo\u2026","rel":"","context":"Em &quot;An\u00e1lise&amp;Opini\u00e3o&quot;","block_context":{"text":"An\u00e1lise&amp;Opini\u00e3o","link":"https:\/\/www.jornalja.com.br\/colunas\/category\/analiseopiniao\/"},"img":{"alt_text":"","src":"https:\/\/i0.wp.com\/www.jornalja.com.br\/colunas\/wp-content\/uploads\/sites\/5\/2026\/04\/comite-contra-celulose.jpg?resize=350%2C200&ssl=1","width":350,"height":200},"classes":[]},{"id":84725,"url":"https:\/\/www.jornalja.com.br\/colunas\/e-preciso-refletir-sobre-os-mais-de-84-mil-desaparecidos-no-brasil-em-2025\/","url_meta":{"origin":1706,"position":1},"title":"\u00c9 preciso refletir sobre os mais de 84 mil desaparecidos no Brasil em 2025","author":"An\u00e1lise &amp; Opini\u00e3o","date":"23 de abril de 2026","format":false,"excerpt":"CRISTIANO GOLDSCHMIDT Em 2025, o Brasil registrou 84.760 pessoas desaparecidas, segundo dados consolidados pelo Sistema Nacional de Informa\u00e7\u00f5es de Seguran\u00e7a P\u00fablica Sinesp), vinculado ao Minist\u00e9rio da Justi\u00e7a e Seguran\u00e7a P\u00fablica. Mais do que um n\u00famero expressivo, o dado revela um fen\u00f4meno cont\u00ednuo, distribu\u00eddo no tempo e no territ\u00f3rio \u2014 e,\u2026","rel":"","context":"Em &quot;An\u00e1lise&amp;Opini\u00e3o&quot;","block_context":{"text":"An\u00e1lise&amp;Opini\u00e3o","link":"https:\/\/www.jornalja.com.br\/colunas\/category\/analiseopiniao\/"},"img":{"alt_text":"","src":"https:\/\/i0.wp.com\/www.jornalja.com.br\/colunas\/wp-content\/uploads\/sites\/5\/2026\/04\/image.png?resize=350%2C200&ssl=1","width":350,"height":200,"srcset":"https:\/\/i0.wp.com\/www.jornalja.com.br\/colunas\/wp-content\/uploads\/sites\/5\/2026\/04\/image.png?resize=350%2C200&ssl=1 1x, https:\/\/i0.wp.com\/www.jornalja.com.br\/colunas\/wp-content\/uploads\/sites\/5\/2026\/04\/image.png?resize=525%2C300&ssl=1 1.5x, https:\/\/i0.wp.com\/www.jornalja.com.br\/colunas\/wp-content\/uploads\/sites\/5\/2026\/04\/image.png?resize=700%2C400&ssl=1 2x, https:\/\/i0.wp.com\/www.jornalja.com.br\/colunas\/wp-content\/uploads\/sites\/5\/2026\/04\/image.png?resize=1050%2C600&ssl=1 3x, https:\/\/i0.wp.com\/www.jornalja.com.br\/colunas\/wp-content\/uploads\/sites\/5\/2026\/04\/image.png?resize=1400%2C800&ssl=1 4x"},"classes":[]},{"id":84622,"url":"https:\/\/www.jornalja.com.br\/colunas\/13-de-abril-queriam-transformar-o-hino-nacional-em-grito-de-guerra-mas-ele-insiste-em-ser-canto-de-paz\/","url_meta":{"origin":1706,"position":2},"title":"13 de abril: Queriam transformar o Hino Nacional em grito de guerra, mas ele insiste em ser canto de paz","author":"da Reda\u00e7\u00e3o","date":"13 de abril de 2026","format":false,"excerpt":"CRISTIANO GOLDSCHMIDT No calend\u00e1rio das datas c\u00edvicas, o 13 de abril passa quase em sil\u00eancio, como um acorde sustentado que poucos escutam at\u00e9 o fim. N\u00e3o h\u00e1 fogos, n\u00e3o h\u00e1 desfiles grandiosos, n\u00e3o h\u00e1 a coreografia ensaiada das celebra\u00e7\u00f5es que se imp\u00f5em ao olhar. H\u00e1, antes, uma esp\u00e9cie de pausa\u2026","rel":"","context":"Em &quot;An\u00e1lise&amp;Opini\u00e3o&quot;","block_context":{"text":"An\u00e1lise&amp;Opini\u00e3o","link":"https:\/\/www.jornalja.com.br\/colunas\/category\/analiseopiniao\/"},"img":{"alt_text":"","src":"https:\/\/i0.wp.com\/www.jornalja.com.br\/colunas\/wp-content\/uploads\/sites\/5\/2026\/04\/imagem-do-poeta-brasileiro-joaquim-osorio-duque-estrada-autor-da-letra-do-hino-nacional-escaneada-do-livro-flora-de-maio-edicao-de-1902.jpg?resize=350%2C200&ssl=1","width":350,"height":200,"srcset":"https:\/\/i0.wp.com\/www.jornalja.com.br\/colunas\/wp-content\/uploads\/sites\/5\/2026\/04\/imagem-do-poeta-brasileiro-joaquim-osorio-duque-estrada-autor-da-letra-do-hino-nacional-escaneada-do-livro-flora-de-maio-edicao-de-1902.jpg?resize=350%2C200&ssl=1 1x, https:\/\/i0.wp.com\/www.jornalja.com.br\/colunas\/wp-content\/uploads\/sites\/5\/2026\/04\/imagem-do-poeta-brasileiro-joaquim-osorio-duque-estrada-autor-da-letra-do-hino-nacional-escaneada-do-livro-flora-de-maio-edicao-de-1902.jpg?resize=525%2C300&ssl=1 1.5x"},"classes":[]},{"id":84703,"url":"https:\/\/www.jornalja.com.br\/colunas\/tiradentes-o-martir-que-ainda-nos-observa-e-as-inquietacoes-de-um-brasil-inacabado\/","url_meta":{"origin":1706,"position":3},"title":"Tiradentes: o M\u00e1rtir que ainda nos observa e as inquieta\u00e7\u00f5es de um Brasil inacabado","author":"da Reda\u00e7\u00e3o","date":"21 de abril de 2026","format":false,"excerpt":"CRISTIANO GOLDSCHMIDT H\u00e1 datas que n\u00e3o se imp\u00f5em pelo alarde, mas pela persist\u00eancia silenciosa com que atravessam os s\u00e9culos e se insinuam na consci\u00eancia coletiva. O 21 de abril pertence a essa estirpe discreta. N\u00e3o chega ornado de euforia, tampouco se anuncia com a grandiloqu\u00eancia de outras celebra\u00e7\u00f5es; antes, aproxima-se\u2026","rel":"","context":"Em &quot;An\u00e1lise&amp;Opini\u00e3o&quot;","block_context":{"text":"An\u00e1lise&amp;Opini\u00e3o","link":"https:\/\/www.jornalja.com.br\/colunas\/category\/analiseopiniao\/"},"img":{"alt_text":"","src":"https:\/\/i0.wp.com\/www.jornalja.com.br\/colunas\/wp-content\/uploads\/sites\/5\/2026\/04\/tiradentes-esquartejado-1893-do-artista-pedro-americo.jpg?resize=350%2C200&ssl=1","width":350,"height":200,"srcset":"https:\/\/i0.wp.com\/www.jornalja.com.br\/colunas\/wp-content\/uploads\/sites\/5\/2026\/04\/tiradentes-esquartejado-1893-do-artista-pedro-americo.jpg?resize=350%2C200&ssl=1 1x, https:\/\/i0.wp.com\/www.jornalja.com.br\/colunas\/wp-content\/uploads\/sites\/5\/2026\/04\/tiradentes-esquartejado-1893-do-artista-pedro-americo.jpg?resize=525%2C300&ssl=1 1.5x, https:\/\/i0.wp.com\/www.jornalja.com.br\/colunas\/wp-content\/uploads\/sites\/5\/2026\/04\/tiradentes-esquartejado-1893-do-artista-pedro-americo.jpg?resize=700%2C400&ssl=1 2x, https:\/\/i0.wp.com\/www.jornalja.com.br\/colunas\/wp-content\/uploads\/sites\/5\/2026\/04\/tiradentes-esquartejado-1893-do-artista-pedro-americo.jpg?resize=1050%2C600&ssl=1 3x"},"classes":[]},{"id":84737,"url":"https:\/\/www.jornalja.com.br\/colunas\/dia-internacional-da-educacao-o-brasil-que-se-revela-na-sala-de-aula\/","url_meta":{"origin":1706,"position":4},"title":"Dia Internacional da Educa\u00e7\u00e3o: o Brasil que se revela na sala de aula","author":"An\u00e1lise &amp; Opini\u00e3o","date":"28 de abril de 2026","format":false,"excerpt":"CRISTIANO GOLDSCHMIDT A educa\u00e7\u00e3o n\u00e3o se deixa apreender como um simples conceito est\u00e1vel ou como um consenso j\u00e1 dado. Ela se apresenta, antes, como um campo de tens\u00f5es, no qual se entrecruzam disputas de sentido, sil\u00eancios hist\u00f3ricos e projetos de sociedade. Pensar a educa\u00e7\u00e3o, nesse horizonte, implica reconhecer que educar\u2026","rel":"","context":"Em &quot;An\u00e1lise&amp;Opini\u00e3o&quot;","block_context":{"text":"An\u00e1lise&amp;Opini\u00e3o","link":"https:\/\/www.jornalja.com.br\/colunas\/category\/analiseopiniao\/"},"img":{"alt_text":"","src":"https:\/\/i0.wp.com\/www.jornalja.com.br\/colunas\/wp-content\/uploads\/sites\/5\/2026\/04\/image-1.png?resize=350%2C200&ssl=1","width":350,"height":200,"srcset":"https:\/\/i0.wp.com\/www.jornalja.com.br\/colunas\/wp-content\/uploads\/sites\/5\/2026\/04\/image-1.png?resize=350%2C200&ssl=1 1x, https:\/\/i0.wp.com\/www.jornalja.com.br\/colunas\/wp-content\/uploads\/sites\/5\/2026\/04\/image-1.png?resize=525%2C300&ssl=1 1.5x, https:\/\/i0.wp.com\/www.jornalja.com.br\/colunas\/wp-content\/uploads\/sites\/5\/2026\/04\/image-1.png?resize=700%2C400&ssl=1 2x"},"classes":[]},{"id":84564,"url":"https:\/\/www.jornalja.com.br\/colunas\/a-nova-celulose-a-beira-do-guaiba-e-o-risco-de-repetir-a-borregaard\/","url_meta":{"origin":1706,"position":5},"title":"A nova celulose \u00e0 beira do Gua\u00edba e o risco de repetir a Borregaard","author":"An\u00e1lise &amp; Opini\u00e3o","date":"6 de mar\u00e7o de 2026","format":false,"excerpt":"ELMAR BONES No dia 16 de mar\u00e7o de 1972 foi inaugurada a Ind\u00fastria de Celulose Borregaard, em Gua\u00edba, com a presen\u00e7a das mais altas autoridades e manchetes ufanistas em todos os jornais. Inaugura\u00e7\u00e3o da f\u00e1brica em Gua\u00edba, no ano de 1972. Foto Reprodu\u00e7\u00e3o Arquivo\/CeluloseRioGrandense Seria uma das maiores f\u00e1bricas em\u2026","rel":"","context":"Em &quot;An\u00e1lise&amp;Opini\u00e3o&quot;","block_context":{"text":"An\u00e1lise&amp;Opini\u00e3o","link":"https:\/\/www.jornalja.com.br\/colunas\/category\/analiseopiniao\/"},"img":{"alt_text":"","src":"https:\/\/i0.wp.com\/www.jornalja.com.br\/colunas\/wp-content\/uploads\/sites\/5\/2026\/03\/20260306-112140-scaled.jpg?resize=350%2C200&ssl=1","width":350,"height":200,"srcset":"https:\/\/i0.wp.com\/www.jornalja.com.br\/colunas\/wp-content\/uploads\/sites\/5\/2026\/03\/20260306-112140-scaled.jpg?resize=350%2C200&ssl=1 1x, https:\/\/i0.wp.com\/www.jornalja.com.br\/colunas\/wp-content\/uploads\/sites\/5\/2026\/03\/20260306-112140-scaled.jpg?resize=525%2C300&ssl=1 1.5x, https:\/\/i0.wp.com\/www.jornalja.com.br\/colunas\/wp-content\/uploads\/sites\/5\/2026\/03\/20260306-112140-scaled.jpg?resize=700%2C400&ssl=1 2x, https:\/\/i0.wp.com\/www.jornalja.com.br\/colunas\/wp-content\/uploads\/sites\/5\/2026\/03\/20260306-112140-scaled.jpg?resize=1050%2C600&ssl=1 3x, https:\/\/i0.wp.com\/www.jornalja.com.br\/colunas\/wp-content\/uploads\/sites\/5\/2026\/03\/20260306-112140-scaled.jpg?resize=1400%2C800&ssl=1 4x"},"classes":[]}],"jetpack_shortlink":"https:\/\/wp.me\/pbKo0s-rw","jetpack_sharing_enabled":true,"_links":{"self":[{"href":"https:\/\/www.jornalja.com.br\/colunas\/wp-json\/wp\/v2\/posts\/1706","targetHints":{"allow":["GET"]}}],"collection":[{"href":"https:\/\/www.jornalja.com.br\/colunas\/wp-json\/wp\/v2\/posts"}],"about":[{"href":"https:\/\/www.jornalja.com.br\/colunas\/wp-json\/wp\/v2\/types\/post"}],"author":[{"embeddable":true,"href":"https:\/\/www.jornalja.com.br\/colunas\/wp-json\/wp\/v2\/users\/5"}],"replies":[{"embeddable":true,"href":"https:\/\/www.jornalja.com.br\/colunas\/wp-json\/wp\/v2\/comments?post=1706"}],"version-history":[{"count":0,"href":"https:\/\/www.jornalja.com.br\/colunas\/wp-json\/wp\/v2\/posts\/1706\/revisions"}],"wp:attachment":[{"href":"https:\/\/www.jornalja.com.br\/colunas\/wp-json\/wp\/v2\/media?parent=1706"}],"wp:term":[{"taxonomy":"category","embeddable":true,"href":"https:\/\/www.jornalja.com.br\/colunas\/wp-json\/wp\/v2\/categories?post=1706"},{"taxonomy":"post_tag","embeddable":true,"href":"https:\/\/www.jornalja.com.br\/colunas\/wp-json\/wp\/v2\/tags?post=1706"}],"curies":[{"name":"wp","href":"https:\/\/api.w.org\/{rel}","templated":true}]}}