{"id":1828,"date":"2008-11-27T21:05:44","date_gmt":"2008-11-28T00:05:44","guid":{"rendered":"https:\/\/www.jornalja.com.br\/?p=1828"},"modified":"2008-11-27T21:05:44","modified_gmt":"2008-11-28T00:05:44","slug":"o-amor-pela-a-cidade-e-a-sombra-do-medo","status":"publish","type":"post","link":"https:\/\/www.jornalja.com.br\/colunas\/o-amor-pela-a-cidade-e-a-sombra-do-medo\/","title":{"rendered":"O amor pela a cidade e a sombra do medo"},"content":{"rendered":"<p><strong><em>A rotina da viol\u00eancia e da criminalidade chega a quebrar a pr\u00f3pria indigna\u00e7\u00e3o.<\/em><\/strong><br \/>\nAs organiza\u00e7\u00f5es policiais estaduais, menos com objetivos midi\u00e1ticos do que os de prestar contas \u00e0 sociedade das tarefas que consegue realizar, diariamente envia para os \u00f3rg\u00e3os de comunica\u00e7\u00e3o os resultados de opera\u00e7\u00f5es que resultam em pris\u00f5es de bandidos isolados e, por vezes, de quadrilhas inteiras, apreens\u00f5es de drogas e de m\u00e1quinas ca\u00e7a-n\u00edqueis. localiza\u00e7\u00e3o de carros furtados, homic\u00eddios elucidados e relat\u00f3rios outros. Essas a\u00e7\u00f5es bem sucedidas, no entanto, n\u00e3o significam um crescimento da efici\u00eancia policial. Elas revelam, em verdade, o comportamento est\u00f3ico dos profissionais da seguran\u00e7a diante do congelamento de medidas dos governos que poderiam influir, imediatamente, no fortalecimento real do policiamento ostensivo e das atividades da pol\u00edcia judici\u00e1ria.<br \/>\nA s\u00edntese do quadro que apresento \u00e9 provocadora de ang\u00fastia e at\u00e9 de neuroses. Os cidad\u00e3os passam a ter medo da cidade que amam. Ontem, repassando, rapidamente, as narrativas de dramas vividos no meu c\u00edrculo de conselheiros e amigos, sem muito esfor\u00e7o, relacionei dez casos de assaltos a m\u00e3o armada, tr\u00eas deles no rol dos seq\u00fcestros rel\u00e2mpagos e um epis\u00f3dio com a v\u00edtima ferida a bala. Tudo isso num curto espa\u00e7o de tempo e dentro de Porto Alegre. Invade-me a certeza de que tal relato n\u00e3o supreende ningu\u00e9m e, pior do que isso, at\u00e9 mesmo a indigna\u00e7\u00e3o da sociedade d\u00e1 sinais de esmorecimento.<br \/>\n<strong> Empresa fantasma<\/strong><br \/>\nA Pol\u00edcia Civil, atrav\u00e9s da 3\u00aa DP de Porto Alegre apreendeu entre 70 e 100 mil reais de equipamentos de \u201cpet shop\u201d pertencentes a uma empresa fantasma de produtos agropecu\u00e1rios e transportes. Com o nome de Agronel, a empresa realizava compras e empr\u00e9stimos banc\u00e1rios. Um dos integrantes do grupo foi preso.<br \/>\n<strong> Mulheres<\/strong><br \/>\nO Posto Policial para a Mulher de Passo Fundo, dentro dos 16 dias de ativismo pelo fim da viol\u00eancia contra a mulher, est\u00e1 fazendo uma s\u00e9rie de atividades para marcar essa luta. Durante esta semana e a pr\u00f3xima, ser\u00e3o oferecidas \u00e0s mulheres que buscarem o posto orienta\u00e7\u00e3o com rela\u00e7\u00e3o \u00e0 sa\u00fade, em especial DST\/Aids e c\u00e2ncer do colo do \u00fatero e de mama, prestadas por alunos do curso superior de Enfermagem da UPF. Tamb\u00e9m est\u00e3o sendo oferecidas orienta\u00e7\u00f5es acerca de est\u00e9tica e bem estar, prestadas por alunos dos cursos profissionalizantes oferecidos pela Prefeitura Municipal de Passo Fundo, e por alunos do Senac. Juntamente com isso, s\u00e3o distribu\u00eddos materiais de orienta\u00e7\u00e3o acerca de direitos da mulher e aplica\u00e7\u00e3o da Lei Maria da Penha.<br \/>\n<strong>Bandido<\/strong><br \/>\nAgentes do Denarc, comandados pelo delegado Fernando Oliveira, prenderam um homem conhecido pelo apelido de Neneco que tomava um apertivo num bar do bairro Passo das Pedras, em Porto Alegre. Neneco possui antecedentes criminais por crimes de roubos a estabelecimentos banc\u00e1rios, assalto a carros-fortes e integrava a principal quadrilha de assaltantes de banco do Estado na d\u00e9cada de 90. Atualmente, o bandido atuava no tr\u00e1fi-co de entorpecentes.<br \/>\n<strong> Banco<\/strong><br \/>\nOs bancos, onde se pode sacar, depositar dinheiro e tamb\u00e9m ser assaltado, em geral d\u00e3o um atendimento a seus clientes bem abaixo da pro-paganda que fazem. H\u00e1 alguns meses citei o tratamento absurdo que vinha sendo dado aos clientes da terceira idade na ag\u00eancia do Banrisul da Andrade Neves. No entanto, isso mudou radicalmente, para melhor, com a posse do gerente C\u00e9lio da Silva Moreira, jovem mas veterano fun-cion\u00e1rio da casa. Como est\u00e1 tudo indo bem, j\u00e1 existe uma trama para transferir C\u00e9lio.<br \/>\n<strong> Jornalismo<\/strong><br \/>\nAs inscri\u00e7\u00f5es de trabalhos concorrentes ao Pr\u00eamio ARI de Jornalismo 2008 s\u00f3 poder\u00e3o ser feitas at\u00e9 as 18h do dia 3 de dezembro. Podem entrar na disputa os trabalhos divulgados entre 1\u00ba de novembro de 2007 e 31 de outubro de 2008. o regulamento e a ficha de inscri\u00e7\u00e3o encontram-se no site da ARI (www.ari.org.br), mas o material dever\u00e1 ser entre-gue na Secretaria da entidade, na Avenida Borges de Medeiros, 915 \u2013 7\u00ba andar.<br \/>\n<strong> Ex-deputado<\/strong><br \/>\nO j\u00fari do advogado e ex-deputado estadual Gudbem Castanheira foi adiado pela segunda vez. O advogado de defesa, Lauro Batista da Silva deixou o caso depois de ter apresentado atestado m\u00e9dico. Castanheira \u00e9 acusado de mandante do assassinato de Ant\u00f4nio Carlos Casagrande, crime ocorrido em 2003 na C\u00e2mara Municipal  de Soledade. A promotora de justi\u00e7a L\u00facia Callegari pediu a pris\u00e3o preventiva de Castanheira devido a poss\u00edveis manobras para adiar o julgamento. L\u00facia quer que seja apurada a veracidade  do atestado do advogado de defesa al\u00e9m da indica\u00e7\u00e3o de um defensor p\u00fablico para garantir a realiza\u00e7\u00e3o do j\u00fari.<\/p>\n","protected":false},"excerpt":{"rendered":"<p>A rotina da viol\u00eancia e da criminalidade chega a quebrar a pr\u00f3pria indigna\u00e7\u00e3o. As organiza\u00e7\u00f5es policiais estaduais, menos com objetivos midi\u00e1ticos do que os de prestar contas \u00e0 sociedade das tarefas que consegue realizar, diariamente envia para os \u00f3rg\u00e3os de comunica\u00e7\u00e3o os resultados de opera\u00e7\u00f5es que resultam em pris\u00f5es de bandidos isolados e, por vezes, [&hellip;]<\/p>\n","protected":false},"author":5,"featured_media":0,"comment_status":"open","ping_status":"open","sticky":false,"template":"","format":"standard","meta":{"jetpack_post_was_ever_published":false,"_jetpack_newsletter_access":"","_jetpack_dont_email_post_to_subs":false,"_jetpack_newsletter_tier_id":0,"_jetpack_memberships_contains_paywalled_content":false,"_jetpack_memberships_contains_paid_content":false,"footnotes":"","jetpack_publicize_message":"","jetpack_publicize_feature_enabled":true,"jetpack_social_post_already_shared":false,"jetpack_social_options":{"image_generator_settings":{"template":"highway","default_image_id":0,"font":"","enabled":false},"version":2}},"categories":[2],"tags":[],"class_list":["post-1828","post","type-post","status-publish","format-standard","hentry","category-analiseopiniao"],"aioseo_notices":[],"jetpack_publicize_connections":[],"jetpack_featured_media_url":"","jetpack-related-posts":[{"id":84632,"url":"https:\/\/www.jornalja.com.br\/colunas\/medicos-alertam-para-os-riscos-a-saude-de-nova-fabrica-de-celulose-da-cmpc\/","url_meta":{"origin":1828,"position":0},"title":"M\u00e9dicos alertam para os riscos \u00e0 sa\u00fade de nova f\u00e1brica de celulose da CMPC","author":"Cleber Dioni Tentardini","date":"14 de abril de 2026","format":false,"excerpt":"ROSELAINE MURLIK * Represento um grupo de profissionais da medicina que, h\u00e1 alguns anos, estuda os diferentes impactos das mudan\u00e7as clim\u00e1ticas e da polui\u00e7\u00e3o ambiental nos ecossistemas na sa\u00fade humana e do planeta. Causa preocupa\u00e7\u00e3o o novo megaempreendimento de celulose da empresa chilena CMPC em Barra do Ribeiro (RS), pr\u00f3ximo\u2026","rel":"","context":"Em &quot;An\u00e1lise&amp;Opini\u00e3o&quot;","block_context":{"text":"An\u00e1lise&amp;Opini\u00e3o","link":"https:\/\/www.jornalja.com.br\/colunas\/category\/analiseopiniao\/"},"img":{"alt_text":"","src":"https:\/\/i0.wp.com\/www.jornalja.com.br\/colunas\/wp-content\/uploads\/sites\/5\/2026\/04\/comite-contra-celulose.jpg?resize=350%2C200&ssl=1","width":350,"height":200},"classes":[]},{"id":84703,"url":"https:\/\/www.jornalja.com.br\/colunas\/tiradentes-o-martir-que-ainda-nos-observa-e-as-inquietacoes-de-um-brasil-inacabado\/","url_meta":{"origin":1828,"position":1},"title":"Tiradentes: o M\u00e1rtir que ainda nos observa e as inquieta\u00e7\u00f5es de um Brasil inacabado","author":"da Reda\u00e7\u00e3o","date":"21 de abril de 2026","format":false,"excerpt":"CRISTIANO GOLDSCHMIDT H\u00e1 datas que n\u00e3o se imp\u00f5em pelo alarde, mas pela persist\u00eancia silenciosa com que atravessam os s\u00e9culos e se insinuam na consci\u00eancia coletiva. O 21 de abril pertence a essa estirpe discreta. N\u00e3o chega ornado de euforia, tampouco se anuncia com a grandiloqu\u00eancia de outras celebra\u00e7\u00f5es; antes, aproxima-se\u2026","rel":"","context":"Em &quot;An\u00e1lise&amp;Opini\u00e3o&quot;","block_context":{"text":"An\u00e1lise&amp;Opini\u00e3o","link":"https:\/\/www.jornalja.com.br\/colunas\/category\/analiseopiniao\/"},"img":{"alt_text":"","src":"https:\/\/i0.wp.com\/www.jornalja.com.br\/colunas\/wp-content\/uploads\/sites\/5\/2026\/04\/tiradentes-esquartejado-1893-do-artista-pedro-americo.jpg?resize=350%2C200&ssl=1","width":350,"height":200,"srcset":"https:\/\/i0.wp.com\/www.jornalja.com.br\/colunas\/wp-content\/uploads\/sites\/5\/2026\/04\/tiradentes-esquartejado-1893-do-artista-pedro-americo.jpg?resize=350%2C200&ssl=1 1x, https:\/\/i0.wp.com\/www.jornalja.com.br\/colunas\/wp-content\/uploads\/sites\/5\/2026\/04\/tiradentes-esquartejado-1893-do-artista-pedro-americo.jpg?resize=525%2C300&ssl=1 1.5x, https:\/\/i0.wp.com\/www.jornalja.com.br\/colunas\/wp-content\/uploads\/sites\/5\/2026\/04\/tiradentes-esquartejado-1893-do-artista-pedro-americo.jpg?resize=700%2C400&ssl=1 2x, https:\/\/i0.wp.com\/www.jornalja.com.br\/colunas\/wp-content\/uploads\/sites\/5\/2026\/04\/tiradentes-esquartejado-1893-do-artista-pedro-americo.jpg?resize=1050%2C600&ssl=1 3x"},"classes":[]},{"id":84725,"url":"https:\/\/www.jornalja.com.br\/colunas\/e-preciso-refletir-sobre-os-mais-de-84-mil-desaparecidos-no-brasil-em-2025\/","url_meta":{"origin":1828,"position":2},"title":"\u00c9 preciso refletir sobre os mais de 84 mil desaparecidos no Brasil em 2025","author":"An\u00e1lise &amp; Opini\u00e3o","date":"23 de abril de 2026","format":false,"excerpt":"CRISTIANO GOLDSCHMIDT Em 2025, o Brasil registrou 84.760 pessoas desaparecidas, segundo dados consolidados pelo Sistema Nacional de Informa\u00e7\u00f5es de Seguran\u00e7a P\u00fablica Sinesp), vinculado ao Minist\u00e9rio da Justi\u00e7a e Seguran\u00e7a P\u00fablica. Mais do que um n\u00famero expressivo, o dado revela um fen\u00f4meno cont\u00ednuo, distribu\u00eddo no tempo e no territ\u00f3rio \u2014 e,\u2026","rel":"","context":"Em &quot;An\u00e1lise&amp;Opini\u00e3o&quot;","block_context":{"text":"An\u00e1lise&amp;Opini\u00e3o","link":"https:\/\/www.jornalja.com.br\/colunas\/category\/analiseopiniao\/"},"img":{"alt_text":"","src":"https:\/\/i0.wp.com\/www.jornalja.com.br\/colunas\/wp-content\/uploads\/sites\/5\/2026\/04\/image.png?resize=350%2C200&ssl=1","width":350,"height":200,"srcset":"https:\/\/i0.wp.com\/www.jornalja.com.br\/colunas\/wp-content\/uploads\/sites\/5\/2026\/04\/image.png?resize=350%2C200&ssl=1 1x, https:\/\/i0.wp.com\/www.jornalja.com.br\/colunas\/wp-content\/uploads\/sites\/5\/2026\/04\/image.png?resize=525%2C300&ssl=1 1.5x, https:\/\/i0.wp.com\/www.jornalja.com.br\/colunas\/wp-content\/uploads\/sites\/5\/2026\/04\/image.png?resize=700%2C400&ssl=1 2x, https:\/\/i0.wp.com\/www.jornalja.com.br\/colunas\/wp-content\/uploads\/sites\/5\/2026\/04\/image.png?resize=1050%2C600&ssl=1 3x, https:\/\/i0.wp.com\/www.jornalja.com.br\/colunas\/wp-content\/uploads\/sites\/5\/2026\/04\/image.png?resize=1400%2C800&ssl=1 4x"},"classes":[]},{"id":84617,"url":"https:\/\/www.jornalja.com.br\/colunas\/o-candidato-de-si-mesmo\/","url_meta":{"origin":1828,"position":3},"title":"O candidato de si mesmo","author":"da Reda\u00e7\u00e3o","date":"10 de abril de 2026","format":false,"excerpt":"Sem emplacar nacionalmente, Leite pode ficar quatro anos sem mandato. Foto Jo\u00e3o Pedro Rodrigues\/SecomRS ELMAR BONES Ningu\u00e9m \u00e9 candidato de si mesmo. Essa \u00e9 a regra n\u00e3o escrita da pol\u00edtica partid\u00e1ria, que as velhas raposas n\u00e3o cansam de repetir aos novatos. Eduardo Leite parece n\u00e3o t\u00ea-la aprendido. Ele n\u00e3o tem\u2026","rel":"","context":"Em &quot;An\u00e1lise&amp;Opini\u00e3o&quot;","block_context":{"text":"An\u00e1lise&amp;Opini\u00e3o","link":"https:\/\/www.jornalja.com.br\/colunas\/category\/analiseopiniao\/"},"img":{"alt_text":"","src":"https:\/\/i0.wp.com\/www.jornalja.com.br\/colunas\/wp-content\/uploads\/sites\/5\/2026\/04\/infraestrutura-escolar.jpeg?resize=350%2C200&ssl=1","width":350,"height":200,"srcset":"https:\/\/i0.wp.com\/www.jornalja.com.br\/colunas\/wp-content\/uploads\/sites\/5\/2026\/04\/infraestrutura-escolar.jpeg?resize=350%2C200&ssl=1 1x, https:\/\/i0.wp.com\/www.jornalja.com.br\/colunas\/wp-content\/uploads\/sites\/5\/2026\/04\/infraestrutura-escolar.jpeg?resize=525%2C300&ssl=1 1.5x, https:\/\/i0.wp.com\/www.jornalja.com.br\/colunas\/wp-content\/uploads\/sites\/5\/2026\/04\/infraestrutura-escolar.jpeg?resize=700%2C400&ssl=1 2x"},"classes":[]},{"id":84690,"url":"https:\/\/www.jornalja.com.br\/colunas\/17-de-abril-de-1996-30-anos-do-massacre-de-eldorado-do-carajas\/","url_meta":{"origin":1828,"position":4},"title":"17 de abril de 1996: 30 anos do Massacre de Eldorado do Caraj\u00e1s","author":"da Reda\u00e7\u00e3o","date":"17 de abril de 2026","format":false,"excerpt":"Cruz marca o local do massacre em Eldorado dos Caraj\u00e1s, Par\u00e1. Foto: Marcello Casal Jr.\/Arquivo ABr CRISTIANO GOLDSCHMIDT H\u00e1 datas que n\u00e3o passam. Ficam suspensas no tempo como poeira vermelha sobre a pele \u2014 insistem, infiltram-se, recusam o esquecimento. Abril, no sul do Par\u00e1, \u00e9 sempre um m\u00eas que arde.\u2026","rel":"","context":"Em &quot;An\u00e1lise&amp;Opini\u00e3o&quot;","block_context":{"text":"An\u00e1lise&amp;Opini\u00e3o","link":"https:\/\/www.jornalja.com.br\/colunas\/category\/analiseopiniao\/"},"img":{"alt_text":"","src":"https:\/\/i0.wp.com\/www.jornalja.com.br\/colunas\/wp-content\/uploads\/sites\/5\/2026\/04\/mc006.jpg?resize=350%2C200&ssl=1","width":350,"height":200,"srcset":"https:\/\/i0.wp.com\/www.jornalja.com.br\/colunas\/wp-content\/uploads\/sites\/5\/2026\/04\/mc006.jpg?resize=350%2C200&ssl=1 1x, https:\/\/i0.wp.com\/www.jornalja.com.br\/colunas\/wp-content\/uploads\/sites\/5\/2026\/04\/mc006.jpg?resize=525%2C300&ssl=1 1.5x, https:\/\/i0.wp.com\/www.jornalja.com.br\/colunas\/wp-content\/uploads\/sites\/5\/2026\/04\/mc006.jpg?resize=700%2C400&ssl=1 2x, https:\/\/i0.wp.com\/www.jornalja.com.br\/colunas\/wp-content\/uploads\/sites\/5\/2026\/04\/mc006.jpg?resize=1050%2C600&ssl=1 3x, https:\/\/i0.wp.com\/www.jornalja.com.br\/colunas\/wp-content\/uploads\/sites\/5\/2026\/04\/mc006.jpg?resize=1400%2C800&ssl=1 4x"},"classes":[]},{"id":84622,"url":"https:\/\/www.jornalja.com.br\/colunas\/13-de-abril-queriam-transformar-o-hino-nacional-em-grito-de-guerra-mas-ele-insiste-em-ser-canto-de-paz\/","url_meta":{"origin":1828,"position":5},"title":"13 de abril: Queriam transformar o Hino Nacional em grito de guerra, mas ele insiste em ser canto de paz","author":"da Reda\u00e7\u00e3o","date":"13 de abril de 2026","format":false,"excerpt":"CRISTIANO GOLDSCHMIDT No calend\u00e1rio das datas c\u00edvicas, o 13 de abril passa quase em sil\u00eancio, como um acorde sustentado que poucos escutam at\u00e9 o fim. N\u00e3o h\u00e1 fogos, n\u00e3o h\u00e1 desfiles grandiosos, n\u00e3o h\u00e1 a coreografia ensaiada das celebra\u00e7\u00f5es que se imp\u00f5em ao olhar. H\u00e1, antes, uma esp\u00e9cie de pausa\u2026","rel":"","context":"Em &quot;An\u00e1lise&amp;Opini\u00e3o&quot;","block_context":{"text":"An\u00e1lise&amp;Opini\u00e3o","link":"https:\/\/www.jornalja.com.br\/colunas\/category\/analiseopiniao\/"},"img":{"alt_text":"","src":"https:\/\/i0.wp.com\/www.jornalja.com.br\/colunas\/wp-content\/uploads\/sites\/5\/2026\/04\/imagem-do-poeta-brasileiro-joaquim-osorio-duque-estrada-autor-da-letra-do-hino-nacional-escaneada-do-livro-flora-de-maio-edicao-de-1902.jpg?resize=350%2C200&ssl=1","width":350,"height":200,"srcset":"https:\/\/i0.wp.com\/www.jornalja.com.br\/colunas\/wp-content\/uploads\/sites\/5\/2026\/04\/imagem-do-poeta-brasileiro-joaquim-osorio-duque-estrada-autor-da-letra-do-hino-nacional-escaneada-do-livro-flora-de-maio-edicao-de-1902.jpg?resize=350%2C200&ssl=1 1x, https:\/\/i0.wp.com\/www.jornalja.com.br\/colunas\/wp-content\/uploads\/sites\/5\/2026\/04\/imagem-do-poeta-brasileiro-joaquim-osorio-duque-estrada-autor-da-letra-do-hino-nacional-escaneada-do-livro-flora-de-maio-edicao-de-1902.jpg?resize=525%2C300&ssl=1 1.5x"},"classes":[]}],"jetpack_shortlink":"https:\/\/wp.me\/pbKo0s-tu","jetpack_sharing_enabled":true,"_links":{"self":[{"href":"https:\/\/www.jornalja.com.br\/colunas\/wp-json\/wp\/v2\/posts\/1828","targetHints":{"allow":["GET"]}}],"collection":[{"href":"https:\/\/www.jornalja.com.br\/colunas\/wp-json\/wp\/v2\/posts"}],"about":[{"href":"https:\/\/www.jornalja.com.br\/colunas\/wp-json\/wp\/v2\/types\/post"}],"author":[{"embeddable":true,"href":"https:\/\/www.jornalja.com.br\/colunas\/wp-json\/wp\/v2\/users\/5"}],"replies":[{"embeddable":true,"href":"https:\/\/www.jornalja.com.br\/colunas\/wp-json\/wp\/v2\/comments?post=1828"}],"version-history":[{"count":0,"href":"https:\/\/www.jornalja.com.br\/colunas\/wp-json\/wp\/v2\/posts\/1828\/revisions"}],"wp:attachment":[{"href":"https:\/\/www.jornalja.com.br\/colunas\/wp-json\/wp\/v2\/media?parent=1828"}],"wp:term":[{"taxonomy":"category","embeddable":true,"href":"https:\/\/www.jornalja.com.br\/colunas\/wp-json\/wp\/v2\/categories?post=1828"},{"taxonomy":"post_tag","embeddable":true,"href":"https:\/\/www.jornalja.com.br\/colunas\/wp-json\/wp\/v2\/tags?post=1828"}],"curies":[{"name":"wp","href":"https:\/\/api.w.org\/{rel}","templated":true}]}}