{"id":32390,"date":"2016-04-29T18:39:57","date_gmt":"2016-04-29T21:39:57","guid":{"rendered":"https:\/\/www.jornalja.com.br\/?p=32390"},"modified":"2016-04-29T18:39:57","modified_gmt":"2016-04-29T21:39:57","slug":"meirelles-para-presidente","status":"publish","type":"post","link":"https:\/\/www.jornalja.com.br\/colunas\/meirelles-para-presidente\/","title":{"rendered":"Meirelles para presidente"},"content":{"rendered":"<p><span class=\"assina\">PINHEIRO DO VALE<\/span><br \/>\nNa entrevista que deu na tarde de sexta-feira em frente \u00e0 casa do vice-presidente Michel Temer, em S\u00e3o Paulo, o ex-presidente do Banco Central do governo Lula\u00a0falou como se j\u00e1 fosse o novo ministro da Fazenda.<br \/>\nAto falho de Henrique Meirelles, certamente uma das pessoas mais vers\u00e1teis politicamente no\u00a0pa\u00eds, ou melhor, um pula-muro que poderia bater o recordista mundial do salto com vara das\u00a0Olimp\u00edadas.<br \/>\nH\u00e1 poucos meses Meirelles chegou a Bras\u00edlia como virtual ministro da Fazenda da presidente\u00a0Dilma Rousseff, prestigiado pelo ex-presidente Lula e festejado pelo mercado, tanto que s\u00f3\u00a0men\u00e7\u00e3o de seu nome fez a Bolsa de Valores subir e o d\u00f3lar despencar.<br \/>\nNesta sexta-feira ele aparece no meio dos jornalistas de plant\u00e3o em frente \u00e0 mans\u00e3o dos\u00a0Temer dando receita de pol\u00edtica econ\u00f4mica.<br \/>\nPara bom entendedor, de aliado de Lula a golpista\u00a0foi uma chispa. Mais ligeiro que um raio.<br \/>\nAgora vai come\u00e7ar o seu calv\u00e1rio, caia ou n\u00e3o Dilma, pois com isto ele sinaliza que entra na\u00a0corrida presencial com o apoio de Michel Temer, \u00a0vice-presidente e dono do PMDB, partido que j\u00e1 anunciou\u00a0que vai ao pleito de 2018 com nome pr\u00f3prio.<br \/>\nEste nome seria o de Henrique Meirelles. Uma repeti\u00e7\u00e3o de Fernando Henrique com Itamar\u00a0Franco. Pega uma crise, resolve o problema e sai do minist\u00e9rio nos bra\u00e7os do povo para o\u00a0Pal\u00e1cio do Planalto. S\u00f3 falta combinar com os russos.<br \/>\nA ambi\u00e7\u00e3o presidencial de Meirelles \u00e9 not\u00f3ria. Ele n\u00e3o esconde de ningu\u00e9m, nos meios da\u00a0plutocracia internacional, que j\u00e1 \u00e9 um homem realizado.<br \/>\nNada lhe faltaria, pois tem dinheiro\u00a0aos borbot\u00f5es, prest\u00edgio mundial como banqueiro, nome na pol\u00edtica como mago das finan\u00e7as\u00a0do presidente Lula e uma vida tranquila nos Estados Unidos, onde vivia nos \u00faltimos tempos.<br \/>\nS\u00f3 uma coisa faria Meirelles se mexer: a presid\u00eancia da Rep\u00fablica. Este seria seu pr\u00eamio. N\u00e3o a\u00a0cadeira de Dilma, mas a vaga para concorrer, o que, diga-se, n\u00e3o ser\u00e1 f\u00e1cil, pois teria pela\u00a0frente v\u00e1rios pesos pesados e seu mestre Lula bombando como l\u00edder da oposi\u00e7\u00e3o ao governo\u00a0Temer.<br \/>\nPor outro lado, n\u00e3o seria dif\u00edcil repetir a trajet\u00f3ria de Fernando Henrique. Seria at\u00e9 mais f\u00e1cil,\u00a0pois o tucano pegou uma economia em frangalhos. J\u00e1 Meirelles herdaria uma economia\u00a0plantada em fundamentos macroecon\u00f4micos sustent\u00e1veis, com infla\u00e7\u00e3o cadente\u00a0e um potreiro de oportunidades para atrair investimentos.<br \/>\nEspertamente, ele v\u00ea esse p\u00e1reo\u00a0como uma barbada.<br \/>\nEntretanto, ele \u00e9 um ne\u00f3fito em pol\u00edtica. Nem sabe o que \u00e9 colar no peito um alvo de\u00a0presidenci\u00e1vel. Vem muita bala.<br \/>\nVeja o caso de Lula: saiu do governo consagrado, continuou\u00a0no para\u00edso como ex-presidente, fazendo confer\u00eancias pelo mundo e recebendo homenagens.<br \/>\nBastou dizer que pensava voltar em 2018 para desabar o mundo sobre ele e sua fam\u00edlia.<br \/>\nMeirelles que ponha as barbas de molho.<br \/>\nO paulista Ant\u00f4nio Mariz caiu antes de entrar por uma declara\u00e7\u00e3o bem menos detalhada que a\u00a0de Meirelles na sa\u00edda do encontro com Temer.<br \/>\n&nbsp;<\/p>\n","protected":false},"excerpt":{"rendered":"<p>PINHEIRO DO VALE Na entrevista que deu na tarde de sexta-feira em frente \u00e0 casa do vice-presidente Michel Temer, em S\u00e3o Paulo, o ex-presidente do Banco Central do governo Lula\u00a0falou como se j\u00e1 fosse o novo ministro da Fazenda. Ato falho de Henrique Meirelles, certamente uma das pessoas mais vers\u00e1teis politicamente no\u00a0pa\u00eds, ou melhor, um [&hellip;]<\/p>\n","protected":false},"author":5,"featured_media":32392,"comment_status":"open","ping_status":"closed","sticky":false,"template":"","format":"standard","meta":{"jetpack_post_was_ever_published":false,"_jetpack_newsletter_access":"","_jetpack_dont_email_post_to_subs":false,"_jetpack_newsletter_tier_id":0,"_jetpack_memberships_contains_paywalled_content":false,"_jetpack_memberships_contains_paid_content":false,"footnotes":"","jetpack_publicize_message":"","jetpack_publicize_feature_enabled":true,"jetpack_social_post_already_shared":false,"jetpack_social_options":{"image_generator_settings":{"template":"highway","default_image_id":0,"font":"","enabled":false},"version":2}},"categories":[2],"tags":[],"class_list":["post-32390","post","type-post","status-publish","format-standard","has-post-thumbnail","hentry","category-analiseopiniao"],"aioseo_notices":[],"jetpack_publicize_connections":[],"jetpack_featured_media_url":"","jetpack-related-posts":[{"id":84617,"url":"https:\/\/www.jornalja.com.br\/colunas\/o-candidato-de-si-mesmo\/","url_meta":{"origin":32390,"position":0},"title":"O candidato de si mesmo","author":"da Reda\u00e7\u00e3o","date":"10 de abril de 2026","format":false,"excerpt":"Sem emplacar nacionalmente, Leite pode ficar quatro anos sem mandato. Foto Jo\u00e3o Pedro Rodrigues\/SecomRS ELMAR BONES Ningu\u00e9m \u00e9 candidato de si mesmo. Essa \u00e9 a regra n\u00e3o escrita da pol\u00edtica partid\u00e1ria, que as velhas raposas n\u00e3o cansam de repetir aos novatos. Eduardo Leite parece n\u00e3o t\u00ea-la aprendido. Ele n\u00e3o tem\u2026","rel":"","context":"Em &quot;An\u00e1lise&amp;Opini\u00e3o&quot;","block_context":{"text":"An\u00e1lise&amp;Opini\u00e3o","link":"https:\/\/www.jornalja.com.br\/colunas\/category\/analiseopiniao\/"},"img":{"alt_text":"","src":"https:\/\/i0.wp.com\/www.jornalja.com.br\/colunas\/wp-content\/uploads\/sites\/5\/2026\/04\/infraestrutura-escolar.jpeg?resize=350%2C200&ssl=1","width":350,"height":200,"srcset":"https:\/\/i0.wp.com\/www.jornalja.com.br\/colunas\/wp-content\/uploads\/sites\/5\/2026\/04\/infraestrutura-escolar.jpeg?resize=350%2C200&ssl=1 1x, https:\/\/i0.wp.com\/www.jornalja.com.br\/colunas\/wp-content\/uploads\/sites\/5\/2026\/04\/infraestrutura-escolar.jpeg?resize=525%2C300&ssl=1 1.5x, https:\/\/i0.wp.com\/www.jornalja.com.br\/colunas\/wp-content\/uploads\/sites\/5\/2026\/04\/infraestrutura-escolar.jpeg?resize=700%2C400&ssl=1 2x"},"classes":[]},{"id":84557,"url":"https:\/\/www.jornalja.com.br\/colunas\/entrevista-com-leonel-brizola-como-nascem-as-falsificacoes-historicas\/","url_meta":{"origin":32390,"position":1},"title":"Entrevista com Leonel Brizola: Como nascem as falsifica\u00e7\u00f5es hist\u00f3ricas","author":"An\u00e1lise &amp; Opini\u00e3o","date":"2 de mar\u00e7o de 2026","format":false,"excerpt":"SILVANA MOURA Mais do que direito \u00e0 Hist\u00f3ria, temos o direito \u00e0 verdade da Hist\u00f3ria, para evitar um passado falsificado, supostamente \u201climpo\u201d, eivado de manipula\u00e7\u00e3o e pretensa uniformidade. Em 1996 realizei, em Carazinho, uma Entrevista de Hist\u00f3ria Oral (sou Historiadora e trabalho com Hist\u00f3ria Oral h\u00e1 40 anos) com Leonel\u2026","rel":"","context":"Em &quot;An\u00e1lise&amp;Opini\u00e3o&quot;","block_context":{"text":"An\u00e1lise&amp;Opini\u00e3o","link":"https:\/\/www.jornalja.com.br\/colunas\/category\/analiseopiniao\/"},"img":{"alt_text":"","src":"","width":0,"height":0},"classes":[]},{"id":84742,"url":"https:\/\/www.jornalja.com.br\/colunas\/rejeicao-a-messias-quando-o-senado-tensiona-os-limites-da-democracia\/","url_meta":{"origin":32390,"position":2},"title":"Rejei\u00e7\u00e3o a Messias: quando o Senado tensiona os limites da democracia","author":"An\u00e1lise &amp; Opini\u00e3o","date":"30 de abril de 2026","format":false,"excerpt":"CRISTIANO GOLDSCHMIDT A rejei\u00e7\u00e3o, pelo Senado, da indica\u00e7\u00e3o de Jorge Messias ao Supremo Tribunal Federal n\u00e3o \u00e9 um fato trivial \u2014 e trat\u00e1-la como um simples exerc\u00edcio de independ\u00eancia institucional seria, no m\u00ednimo, ing\u00eanuo. H\u00e1 algo mais profundo em jogo. O epis\u00f3dio exp\u00f5e, com certa nitidez, a forma como parcelas\u2026","rel":"","context":"Em &quot;An\u00e1lise&amp;Opini\u00e3o&quot;","block_context":{"text":"An\u00e1lise&amp;Opini\u00e3o","link":"https:\/\/www.jornalja.com.br\/colunas\/category\/analiseopiniao\/"},"img":{"alt_text":"","src":"https:\/\/i0.wp.com\/www.jornalja.com.br\/colunas\/wp-content\/uploads\/sites\/5\/2026\/04\/image-2.png?resize=350%2C200&ssl=1","width":350,"height":200,"srcset":"https:\/\/i0.wp.com\/www.jornalja.com.br\/colunas\/wp-content\/uploads\/sites\/5\/2026\/04\/image-2.png?resize=350%2C200&ssl=1 1x, https:\/\/i0.wp.com\/www.jornalja.com.br\/colunas\/wp-content\/uploads\/sites\/5\/2026\/04\/image-2.png?resize=525%2C300&ssl=1 1.5x, https:\/\/i0.wp.com\/www.jornalja.com.br\/colunas\/wp-content\/uploads\/sites\/5\/2026\/04\/image-2.png?resize=700%2C400&ssl=1 2x, https:\/\/i0.wp.com\/www.jornalja.com.br\/colunas\/wp-content\/uploads\/sites\/5\/2026\/04\/image-2.png?resize=1050%2C600&ssl=1 3x"},"classes":[]},{"id":84693,"url":"https:\/\/www.jornalja.com.br\/colunas\/fim-da-escala-6x1-cabe-ao-congresso-decidir-entre-o-progresso-e-o-atraso\/","url_meta":{"origin":32390,"position":3},"title":"Fim da escala 6&#215;1: cabe ao Congresso decidir entre o progresso e o atraso","author":"da Reda\u00e7\u00e3o","date":"20 de abril de 2026","format":false,"excerpt":"Plen\u00e1rio da C\u00e2mara dos Deputados durante sess\u00e3o solene do Congresso Nacional. Caber\u00e1 ao parlamento a decis\u00e3o final sobre a nova escala de trabalho. Foto: Leopoldo Silva\/Ag\u00eancia Senado CRISTIANO GOLDSCHMIDT A discuss\u00e3o sobre o fim da escala de trabalho 6x1 no Brasil tem ganhado centralidade no debate p\u00fablico contempor\u00e2neo por tocar\u2026","rel":"","context":"Em &quot;An\u00e1lise&amp;Opini\u00e3o&quot;","block_context":{"text":"An\u00e1lise&amp;Opini\u00e3o","link":"https:\/\/www.jornalja.com.br\/colunas\/category\/analiseopiniao\/"},"img":{"alt_text":"","src":"https:\/\/i0.wp.com\/www.jornalja.com.br\/colunas\/wp-content\/uploads\/sites\/5\/2026\/04\/plenario-do-congresso-nacional-posse-presidencial-2023-foto-de-leopoldo-silva-agencia-senado-scaled.jpg?resize=350%2C200&ssl=1","width":350,"height":200,"srcset":"https:\/\/i0.wp.com\/www.jornalja.com.br\/colunas\/wp-content\/uploads\/sites\/5\/2026\/04\/plenario-do-congresso-nacional-posse-presidencial-2023-foto-de-leopoldo-silva-agencia-senado-scaled.jpg?resize=350%2C200&ssl=1 1x, https:\/\/i0.wp.com\/www.jornalja.com.br\/colunas\/wp-content\/uploads\/sites\/5\/2026\/04\/plenario-do-congresso-nacional-posse-presidencial-2023-foto-de-leopoldo-silva-agencia-senado-scaled.jpg?resize=525%2C300&ssl=1 1.5x, https:\/\/i0.wp.com\/www.jornalja.com.br\/colunas\/wp-content\/uploads\/sites\/5\/2026\/04\/plenario-do-congresso-nacional-posse-presidencial-2023-foto-de-leopoldo-silva-agencia-senado-scaled.jpg?resize=700%2C400&ssl=1 2x, https:\/\/i0.wp.com\/www.jornalja.com.br\/colunas\/wp-content\/uploads\/sites\/5\/2026\/04\/plenario-do-congresso-nacional-posse-presidencial-2023-foto-de-leopoldo-silva-agencia-senado-scaled.jpg?resize=1050%2C600&ssl=1 3x, https:\/\/i0.wp.com\/www.jornalja.com.br\/colunas\/wp-content\/uploads\/sites\/5\/2026\/04\/plenario-do-congresso-nacional-posse-presidencial-2023-foto-de-leopoldo-silva-agencia-senado-scaled.jpg?resize=1400%2C800&ssl=1 4x"},"classes":[]},{"id":84632,"url":"https:\/\/www.jornalja.com.br\/colunas\/medicos-alertam-para-os-riscos-a-saude-de-nova-fabrica-de-celulose-da-cmpc\/","url_meta":{"origin":32390,"position":4},"title":"M\u00e9dicos alertam para os riscos \u00e0 sa\u00fade de nova f\u00e1brica de celulose da CMPC","author":"Cleber Dioni Tentardini","date":"14 de abril de 2026","format":false,"excerpt":"ROSELAINE MURLIK * Represento um grupo de profissionais da medicina que, h\u00e1 alguns anos, estuda os diferentes impactos das mudan\u00e7as clim\u00e1ticas e da polui\u00e7\u00e3o ambiental nos ecossistemas na sa\u00fade humana e do planeta. Causa preocupa\u00e7\u00e3o o novo megaempreendimento de celulose da empresa chilena CMPC em Barra do Ribeiro (RS), pr\u00f3ximo\u2026","rel":"","context":"Em &quot;An\u00e1lise&amp;Opini\u00e3o&quot;","block_context":{"text":"An\u00e1lise&amp;Opini\u00e3o","link":"https:\/\/www.jornalja.com.br\/colunas\/category\/analiseopiniao\/"},"img":{"alt_text":"","src":"https:\/\/i0.wp.com\/www.jornalja.com.br\/colunas\/wp-content\/uploads\/sites\/5\/2026\/04\/comite-contra-celulose.jpg?resize=350%2C200&ssl=1","width":350,"height":200},"classes":[]}],"jetpack_shortlink":"https:\/\/wp.me\/pbKo0s-8qq","jetpack_sharing_enabled":true,"_links":{"self":[{"href":"https:\/\/www.jornalja.com.br\/colunas\/wp-json\/wp\/v2\/posts\/32390","targetHints":{"allow":["GET"]}}],"collection":[{"href":"https:\/\/www.jornalja.com.br\/colunas\/wp-json\/wp\/v2\/posts"}],"about":[{"href":"https:\/\/www.jornalja.com.br\/colunas\/wp-json\/wp\/v2\/types\/post"}],"author":[{"embeddable":true,"href":"https:\/\/www.jornalja.com.br\/colunas\/wp-json\/wp\/v2\/users\/5"}],"replies":[{"embeddable":true,"href":"https:\/\/www.jornalja.com.br\/colunas\/wp-json\/wp\/v2\/comments?post=32390"}],"version-history":[{"count":0,"href":"https:\/\/www.jornalja.com.br\/colunas\/wp-json\/wp\/v2\/posts\/32390\/revisions"}],"wp:featuredmedia":[{"embeddable":true,"href":"https:\/\/www.jornalja.com.br\/colunas\/wp-json\/"}],"wp:attachment":[{"href":"https:\/\/www.jornalja.com.br\/colunas\/wp-json\/wp\/v2\/media?parent=32390"}],"wp:term":[{"taxonomy":"category","embeddable":true,"href":"https:\/\/www.jornalja.com.br\/colunas\/wp-json\/wp\/v2\/categories?post=32390"},{"taxonomy":"post_tag","embeddable":true,"href":"https:\/\/www.jornalja.com.br\/colunas\/wp-json\/wp\/v2\/tags?post=32390"}],"curies":[{"name":"wp","href":"https:\/\/api.w.org\/{rel}","templated":true}]}}