{"id":34549,"date":"2016-06-10T11:04:30","date_gmt":"2016-06-10T14:04:30","guid":{"rendered":"https:\/\/www.jornalja.com.br\/?p=34549"},"modified":"2016-06-10T11:04:30","modified_gmt":"2016-06-10T14:04:30","slug":"dilma-abre-proposta-de-consulta-popular","status":"publish","type":"post","link":"https:\/\/www.jornalja.com.br\/colunas\/dilma-abre-proposta-de-consulta-popular\/","title":{"rendered":"Dilma abre proposta de consulta popular"},"content":{"rendered":"<p><strong>PINHEIRO DO VALE<\/strong><br \/>\nA presidente afastada Dilma Rousseff em pouco tempo dever\u00e1 ser a \u00faltima estrela de primeira\u00a0grandeza do firmamento nacional que n\u00e3o foi tragada pelo buraco negro da Opera\u00e7\u00e3o Lava\u00a0Jato. Com isto, acrescenta-se uma nova possibilidade para seu retorno \u00e0 chefia do executivo.<br \/>\nOs \u00faltimos acontecimentos que est\u00e3o envolvendo os grandes caciques do PMDB que\u00a0foram, na \u00faltima elei\u00e7\u00e3o, fatores decisivos para a vit\u00f3ria da presidente no Norte-Nordeste,\u00a0exp\u00f5em os \u00faltimos redutos da conspira\u00e7\u00e3o que levou Michel Temer ao poder.<br \/>\nAinda v\u00e3o aparecer outros nomes. Estes vindos de todos os lados, desde a esquerda partid\u00e1ria\u00a0at\u00e9 a direta fisiol\u00f3gica. Parte deles j\u00e1 presos e condenados, deixam \u00e0 presidente como a estrela\u00a0solit\u00e1ria, uma vez que nada substantivo apareceu envolvendo sua pessoa f\u00edsica.<br \/>\nPedir apoio n\u00e3o \u00e9 crime. Mais legal ainda quando o captador apresenta-se dentro da lei\u00a0vigente. Seria este o caso apontado nos vazamentos da dela\u00e7\u00e3o de Marcelo Odebrecht.<br \/>\nO\u00a0jovem empres\u00e1rio baiano teria dito que a candidata Dilma pediu-lhe certa quantia para\u00a0financiar sua campanha eleitoral.<br \/>\nO fato em si revela apenas o ativismo da candidata, principalmente se os valores solicitados\u00a0estivessem dentro dos limites estabelecidos pelo TSE para os n\u00edveis de resultado da empresa\u00a0abordada, o que, de resto, n\u00e3o diz respeito \u00e0 captadora, mas ao doador, que deve saber at\u00e9\u00a0quanto pode ir.<br \/>\nA distor\u00e7\u00e3o que se aponta na Lava Jato \u00e9 que esses valores captados tiveram uma parcela\u00a0desviada para contas pessoais dos acusados no exterior, n\u00e3o declaradas nem tributadas.<br \/>\nEste \u00e9\u00a0o crime criminoso a que depois os promotores penduraram uma s\u00e9rie de agravantes\u00a0decorrentes, como sua origem e seu destino.<br \/>\nDefinitivamente: essa acusa\u00e7\u00e3o \u00e9 de fato anterior \u00e0 data da posse.<br \/>\nDa\u00ed a import\u00e2ncia do bord\u00e3o brandido por Dilma afirmando n\u00e3o ter contas no exterior. N\u00e3o\u00a0t\u00eam por onde peg\u00e1-la. Se sua chapa for cassada, n\u00e3o ser\u00e1 por improbidade pessoal da\u00a0candidata, mas pela gest\u00e3o de suas contas operadas por funcion\u00e1rios e dirigentes partid\u00e1rios.<br \/>\nNem isto foi comprovado nem apresentado como acusa\u00e7\u00e3o na Lava Jato nem no processo de\u00a0impeachment, por in\u00e9pcia de tais den\u00fancias.<br \/>\n\u00c9 nesse contexto da Lava Jato que o procurador Rodrigo Janot pediu a pris\u00e3o dos caciques do\u00a0PMDB nordestino. S\u00e9rgio Machado, o delator, teria dito que essas pessoas seriam donas de\u00a0quotas de fundos administrados por seus filhos no Exterior.<br \/>\nEntretanto, argumenta-se que tais fundos n\u00e3o estariam em nome dos acusados, depositados\u00a0em confian\u00e7a. Negando a titularidade, perdem-se os dep\u00f3sitos e se vai a garantia do fio de\u00a0bigode.<br \/>\nEnt\u00e3o, sendo verdadeiras as den\u00fancias, para se verem livres as pessoas teriam de assistir\u00a0impass\u00edveis aquelas fortunas entrarem pelo ralo esvaindo-se sem d\u00f3 nem piedade.<br \/>\nMelhor negar, se for verdade, o que n\u00e3o se comprova e os acusados negam de p\u00e9s juntos.<br \/>\nDilma est\u00e1 fora desta embrulhada. Diz que n\u00e3o sabia e com certeza ignorava tais tramoias. A\u00a0esta altura, se algu\u00e9m tivesse um menor ind\u00edcio a apresentar em sua defesa envolvendo \u00e0\u00a0presidente afastada, j\u00e1 teria posto as cartas na mesa, tal como o delator S\u00e9rgio Machado.<br \/>\nEstes fatos projetam a cada dia o aus\u00eancia da presidente nesses fatos que est\u00e3o explodindo as\u00a0lideran\u00e7as de todos os matizes e implodindo o sistema partid\u00e1rio da Nova Rep\u00fablica.<br \/>\nNa entrevista a Lu\u00eds Nassif, que foi ao ar quinta-feira pela TV Brasil, a presidente afastada p\u00f5e\u00a0na mesa uma proposta de profunda reforma pol\u00edtica. Isto saiu numa frase curta, mas que ainda\u00a0est\u00e1 retumbando em Bras\u00edlia.<br \/>\nNesta entrevista aparece uma Dilma segura e cordata. Analisa as causas da derrocada que\u00a0levou \u00e0 crise econ\u00f4mica com seguran\u00e7a acad\u00eamica. Apresenta o processo pol\u00edtico como uma\u00a0manobra exitosa do PMDB para tomar-lhe o poder, valendo-se do enfraquecimento de suas\u00a0bases parlamentares.<br \/>\nCitou poucos advers\u00e1rios, destacando-se seu arqui-inimigo, o presidente da C\u00e2mara Eduardo\u00a0Cunha. Tamb\u00e9m emitiu palavras duras a seus advers\u00e1rios nas duas elei\u00e7\u00f5es, Jos\u00e9 Serra e A\u00e9cio\u00a0Neves, e queixas ferozes contra os caciques paulistas, o ex-presidente tucano Fernando\u00a0Henrique Cardoso e Michel Temer, o presidente interino.<br \/>\nNa formula\u00e7\u00e3o pol\u00edtica, defende o presidencialismo como melhor modelo pol\u00edtico para liderar\u00a0as reformas. Disse que isto \u00e9 comprovado pela Hist\u00f3ria, pois ao longo de todo o per\u00edodo\u00a0republicano o executivo sempre foi mais avan\u00e7ado que o legislativo.<br \/>\nEla diz que os presidentes chegam ao poder com proposta concretas, enquanto os congressos\u00a0se perdem dilu\u00eddos por interesses variados, imposs\u00edveis de serem conciliados para grandes\u00a0consensos.<br \/>\nEla n\u00e3o se referiu a nenhuma grande reforma, mas deixou impl\u00edcito de que foram\u00a0os presidentes que sempre estiveram \u00e0 frente dos grandes passos \u00e0 frente no Brasil.<br \/>\nCom isto ela chegou a um apelo \u00e0s urnas. N\u00e3o deixou claro, mas deu a entender que poderia\u00a0ser um plebiscito, uma constituinte, algum outro mecanismo origin\u00e1rio de uma consulta\u00a0popular que produzisse os efeitos necess\u00e1rios \u00e0 reorganiza\u00e7\u00e3o institucional do Pa\u00eds.<br \/>\nNeste caso, sua legitimidade como chefe do executivo seria essencial para arbitrar e conduzir o\u00a0processo eleitoral nessa consulta.<br \/>\nDilma n\u00e3o mencionou os embates no Senado Federal em torno do impeachment.<br \/>\nAli se produz um confronto de personalidades jogando numa mesa de cartas marcadas.<br \/>\nTransmitidos ao vivo pela televis\u00e3o, os debates empacaram num di\u00e1logo de surdos. Cada lado\u00a0parece ter uma agenda pr\u00f3pria, no caso a exposi\u00e7\u00e3o de futuros candidatos aos governos\u00a0estaduais em 2018.<br \/>\nA bancada legalista apresenta seus nomes: Lindemberg Farias, Vanessa Grazziotin, Gleise\u00a0Hoffmann, Telm\u00e1rio Motta, Humberto Costa, F\u00e1tima Bezerra; na bancada golpista despontam\u00a0Aloysio Nunes Ferreira, Ronaldo Caiado, Simone Tebet, Ana Am\u00e9lia de Lemos, Ant\u00f4nio\u00a0Anastasia.<br \/>\nNessa arena parlamentar, tamb\u00e9m se pode esperar novos momentos. Em caso de afastamento\u00a0do presidente Renan Calheiros, assume o primeiro vice-presidente, senador Jorge Viana, do PT\u00a0do Acre.<br \/>\nCaracterizado como um parlamentar sereno nos momentos em que assume o comando do\u00a0plen\u00e1rio da C\u00e2mara Alta, Jorge Viana, em caso de afastamento do presidente Renan Calheiros,\u00a0poder\u00e1 ser a ant\u00edtese de seu par da C\u00e2mara dos Deputados, o vice-presidente em exerc\u00edcio\u00a0Waldyr Maranh\u00e3o. Este manipulou o regimento e usou seu poder para atropelar o andamento\u00a0da Comiss\u00e3o de \u00c9tica que julga o comportamento do presidente afastado Eduardo Cunha.<br \/>\nO respeitado senador acreano poder\u00e1 fazer cumprir estritamente o regimento interno da Casa\u00a0e os preceitos da Constitui\u00e7\u00e3o e do C\u00f3digo de Processo Penal apagando o motor da patrola da\u00a0bancada golpista majorit\u00e1ria, dando as garantias para os reclamos da bancada legalista,\u00a0impugnando manobras e procedimentos da mesa da comiss\u00e3o do impeachment.<br \/>\nUma varredura dessa tramita\u00e7\u00e3o poderia levar o processo \u00e0 extin\u00e7\u00e3o por falta de provas e de\u00a0objeto.<\/p>\n","protected":false},"excerpt":{"rendered":"<p>PINHEIRO DO VALE A presidente afastada Dilma Rousseff em pouco tempo dever\u00e1 ser a \u00faltima estrela de primeira\u00a0grandeza do firmamento nacional que n\u00e3o foi tragada pelo buraco negro da Opera\u00e7\u00e3o Lava\u00a0Jato. Com isto, acrescenta-se uma nova possibilidade para seu retorno \u00e0 chefia do executivo. Os \u00faltimos acontecimentos que est\u00e3o envolvendo os grandes caciques do PMDB [&hellip;]<\/p>\n","protected":false},"author":4,"featured_media":0,"comment_status":"open","ping_status":"closed","sticky":false,"template":"","format":"standard","meta":{"jetpack_post_was_ever_published":false,"_jetpack_newsletter_access":"","_jetpack_dont_email_post_to_subs":false,"_jetpack_newsletter_tier_id":0,"_jetpack_memberships_contains_paywalled_content":false,"_jetpack_memberships_contains_paid_content":false,"footnotes":"","jetpack_publicize_message":"","jetpack_publicize_feature_enabled":true,"jetpack_social_post_already_shared":false,"jetpack_social_options":{"image_generator_settings":{"template":"highway","default_image_id":0,"font":"","enabled":false},"version":2}},"categories":[2],"tags":[],"class_list":["post-34549","post","type-post","status-publish","format-standard","hentry","category-analiseopiniao"],"aioseo_notices":[],"jetpack_publicize_connections":[],"jetpack_featured_media_url":"","jetpack-related-posts":[{"id":84725,"url":"https:\/\/www.jornalja.com.br\/colunas\/e-preciso-refletir-sobre-os-mais-de-84-mil-desaparecidos-no-brasil-em-2025\/","url_meta":{"origin":34549,"position":0},"title":"\u00c9 preciso refletir sobre os mais de 84 mil desaparecidos no Brasil em 2025","author":"An\u00e1lise &amp; Opini\u00e3o","date":"23 de abril de 2026","format":false,"excerpt":"CRISTIANO GOLDSCHMIDT Em 2025, o Brasil registrou 84.760 pessoas desaparecidas, segundo dados consolidados pelo Sistema Nacional de Informa\u00e7\u00f5es de Seguran\u00e7a P\u00fablica Sinesp), vinculado ao Minist\u00e9rio da Justi\u00e7a e Seguran\u00e7a P\u00fablica. Mais do que um n\u00famero expressivo, o dado revela um fen\u00f4meno cont\u00ednuo, distribu\u00eddo no tempo e no territ\u00f3rio \u2014 e,\u2026","rel":"","context":"Em &quot;An\u00e1lise&amp;Opini\u00e3o&quot;","block_context":{"text":"An\u00e1lise&amp;Opini\u00e3o","link":"https:\/\/www.jornalja.com.br\/colunas\/category\/analiseopiniao\/"},"img":{"alt_text":"","src":"https:\/\/i0.wp.com\/www.jornalja.com.br\/colunas\/wp-content\/uploads\/sites\/5\/2026\/04\/image.png?resize=350%2C200&ssl=1","width":350,"height":200,"srcset":"https:\/\/i0.wp.com\/www.jornalja.com.br\/colunas\/wp-content\/uploads\/sites\/5\/2026\/04\/image.png?resize=350%2C200&ssl=1 1x, https:\/\/i0.wp.com\/www.jornalja.com.br\/colunas\/wp-content\/uploads\/sites\/5\/2026\/04\/image.png?resize=525%2C300&ssl=1 1.5x, https:\/\/i0.wp.com\/www.jornalja.com.br\/colunas\/wp-content\/uploads\/sites\/5\/2026\/04\/image.png?resize=700%2C400&ssl=1 2x, https:\/\/i0.wp.com\/www.jornalja.com.br\/colunas\/wp-content\/uploads\/sites\/5\/2026\/04\/image.png?resize=1050%2C600&ssl=1 3x, https:\/\/i0.wp.com\/www.jornalja.com.br\/colunas\/wp-content\/uploads\/sites\/5\/2026\/04\/image.png?resize=1400%2C800&ssl=1 4x"},"classes":[]},{"id":84557,"url":"https:\/\/www.jornalja.com.br\/colunas\/entrevista-com-leonel-brizola-como-nascem-as-falsificacoes-historicas\/","url_meta":{"origin":34549,"position":1},"title":"Entrevista com Leonel Brizola: Como nascem as falsifica\u00e7\u00f5es hist\u00f3ricas","author":"An\u00e1lise &amp; Opini\u00e3o","date":"2 de mar\u00e7o de 2026","format":false,"excerpt":"SILVANA MOURA Mais do que direito \u00e0 Hist\u00f3ria, temos o direito \u00e0 verdade da Hist\u00f3ria, para evitar um passado falsificado, supostamente \u201climpo\u201d, eivado de manipula\u00e7\u00e3o e pretensa uniformidade. Em 1996 realizei, em Carazinho, uma Entrevista de Hist\u00f3ria Oral (sou Historiadora e trabalho com Hist\u00f3ria Oral h\u00e1 40 anos) com Leonel\u2026","rel":"","context":"Em &quot;An\u00e1lise&amp;Opini\u00e3o&quot;","block_context":{"text":"An\u00e1lise&amp;Opini\u00e3o","link":"https:\/\/www.jornalja.com.br\/colunas\/category\/analiseopiniao\/"},"img":{"alt_text":"","src":"","width":0,"height":0},"classes":[]},{"id":84617,"url":"https:\/\/www.jornalja.com.br\/colunas\/o-candidato-de-si-mesmo\/","url_meta":{"origin":34549,"position":2},"title":"O candidato de si mesmo","author":"da Reda\u00e7\u00e3o","date":"10 de abril de 2026","format":false,"excerpt":"Sem emplacar nacionalmente, Leite pode ficar quatro anos sem mandato. Foto Jo\u00e3o Pedro Rodrigues\/SecomRS ELMAR BONES Ningu\u00e9m \u00e9 candidato de si mesmo. Essa \u00e9 a regra n\u00e3o escrita da pol\u00edtica partid\u00e1ria, que as velhas raposas n\u00e3o cansam de repetir aos novatos. Eduardo Leite parece n\u00e3o t\u00ea-la aprendido. Ele n\u00e3o tem\u2026","rel":"","context":"Em &quot;An\u00e1lise&amp;Opini\u00e3o&quot;","block_context":{"text":"An\u00e1lise&amp;Opini\u00e3o","link":"https:\/\/www.jornalja.com.br\/colunas\/category\/analiseopiniao\/"},"img":{"alt_text":"","src":"https:\/\/i0.wp.com\/www.jornalja.com.br\/colunas\/wp-content\/uploads\/sites\/5\/2026\/04\/infraestrutura-escolar.jpeg?resize=350%2C200&ssl=1","width":350,"height":200,"srcset":"https:\/\/i0.wp.com\/www.jornalja.com.br\/colunas\/wp-content\/uploads\/sites\/5\/2026\/04\/infraestrutura-escolar.jpeg?resize=350%2C200&ssl=1 1x, https:\/\/i0.wp.com\/www.jornalja.com.br\/colunas\/wp-content\/uploads\/sites\/5\/2026\/04\/infraestrutura-escolar.jpeg?resize=525%2C300&ssl=1 1.5x, https:\/\/i0.wp.com\/www.jornalja.com.br\/colunas\/wp-content\/uploads\/sites\/5\/2026\/04\/infraestrutura-escolar.jpeg?resize=700%2C400&ssl=1 2x"},"classes":[]},{"id":84622,"url":"https:\/\/www.jornalja.com.br\/colunas\/13-de-abril-queriam-transformar-o-hino-nacional-em-grito-de-guerra-mas-ele-insiste-em-ser-canto-de-paz\/","url_meta":{"origin":34549,"position":3},"title":"13 de abril: Queriam transformar o Hino Nacional em grito de guerra, mas ele insiste em ser canto de paz","author":"da Reda\u00e7\u00e3o","date":"13 de abril de 2026","format":false,"excerpt":"CRISTIANO GOLDSCHMIDT No calend\u00e1rio das datas c\u00edvicas, o 13 de abril passa quase em sil\u00eancio, como um acorde sustentado que poucos escutam at\u00e9 o fim. N\u00e3o h\u00e1 fogos, n\u00e3o h\u00e1 desfiles grandiosos, n\u00e3o h\u00e1 a coreografia ensaiada das celebra\u00e7\u00f5es que se imp\u00f5em ao olhar. H\u00e1, antes, uma esp\u00e9cie de pausa\u2026","rel":"","context":"Em &quot;An\u00e1lise&amp;Opini\u00e3o&quot;","block_context":{"text":"An\u00e1lise&amp;Opini\u00e3o","link":"https:\/\/www.jornalja.com.br\/colunas\/category\/analiseopiniao\/"},"img":{"alt_text":"","src":"https:\/\/i0.wp.com\/www.jornalja.com.br\/colunas\/wp-content\/uploads\/sites\/5\/2026\/04\/imagem-do-poeta-brasileiro-joaquim-osorio-duque-estrada-autor-da-letra-do-hino-nacional-escaneada-do-livro-flora-de-maio-edicao-de-1902.jpg?resize=350%2C200&ssl=1","width":350,"height":200,"srcset":"https:\/\/i0.wp.com\/www.jornalja.com.br\/colunas\/wp-content\/uploads\/sites\/5\/2026\/04\/imagem-do-poeta-brasileiro-joaquim-osorio-duque-estrada-autor-da-letra-do-hino-nacional-escaneada-do-livro-flora-de-maio-edicao-de-1902.jpg?resize=350%2C200&ssl=1 1x, https:\/\/i0.wp.com\/www.jornalja.com.br\/colunas\/wp-content\/uploads\/sites\/5\/2026\/04\/imagem-do-poeta-brasileiro-joaquim-osorio-duque-estrada-autor-da-letra-do-hino-nacional-escaneada-do-livro-flora-de-maio-edicao-de-1902.jpg?resize=525%2C300&ssl=1 1.5x"},"classes":[]},{"id":84681,"url":"https:\/\/www.jornalja.com.br\/colunas\/recordar-zuzu-angel-50-anos-apos-sua-morte-e-um-ato-etico\/","url_meta":{"origin":34549,"position":4},"title":"Recordar Zuzu Angel 50 anos ap\u00f3s sua morte \u00e9 um ato \u00e9tico","author":"da Reda\u00e7\u00e3o","date":"16 de abril de 2026","format":false,"excerpt":"CRISTIANO GOLDSCHMIDT Cinco d\u00e9cadas transcorreram desde o silenciamento brutal de Zuzu Angel (05 de junho de 1921 - 14 de abril de 1976), e ainda assim sua voz persiste \u2014 n\u00e3o como eco esmaecido, mas como um timbre agudo que rasga o tecido do tempo e se inscreve na mem\u00f3ria\u2026","rel":"","context":"Em &quot;An\u00e1lise&amp;Opini\u00e3o&quot;","block_context":{"text":"An\u00e1lise&amp;Opini\u00e3o","link":"https:\/\/www.jornalja.com.br\/colunas\/category\/analiseopiniao\/"},"img":{"alt_text":"","src":"https:\/\/i0.wp.com\/www.jornalja.com.br\/colunas\/wp-content\/uploads\/sites\/5\/2026\/04\/zuzu-angel-1972-fotografo-desconhecido-colecao-arquivo-nacional.jpg?resize=350%2C200&ssl=1","width":350,"height":200,"srcset":"https:\/\/i0.wp.com\/www.jornalja.com.br\/colunas\/wp-content\/uploads\/sites\/5\/2026\/04\/zuzu-angel-1972-fotografo-desconhecido-colecao-arquivo-nacional.jpg?resize=350%2C200&ssl=1 1x, https:\/\/i0.wp.com\/www.jornalja.com.br\/colunas\/wp-content\/uploads\/sites\/5\/2026\/04\/zuzu-angel-1972-fotografo-desconhecido-colecao-arquivo-nacional.jpg?resize=525%2C300&ssl=1 1.5x, https:\/\/i0.wp.com\/www.jornalja.com.br\/colunas\/wp-content\/uploads\/sites\/5\/2026\/04\/zuzu-angel-1972-fotografo-desconhecido-colecao-arquivo-nacional.jpg?resize=700%2C400&ssl=1 2x, https:\/\/i0.wp.com\/www.jornalja.com.br\/colunas\/wp-content\/uploads\/sites\/5\/2026\/04\/zuzu-angel-1972-fotografo-desconhecido-colecao-arquivo-nacional.jpg?resize=1050%2C600&ssl=1 3x"},"classes":[]},{"id":84742,"url":"https:\/\/www.jornalja.com.br\/colunas\/rejeicao-a-messias-quando-o-senado-tensiona-os-limites-da-democracia\/","url_meta":{"origin":34549,"position":5},"title":"Rejei\u00e7\u00e3o a Messias: quando o Senado tensiona os limites da democracia","author":"An\u00e1lise &amp; Opini\u00e3o","date":"30 de abril de 2026","format":false,"excerpt":"CRISTIANO GOLDSCHMIDT A rejei\u00e7\u00e3o, pelo Senado, da indica\u00e7\u00e3o de Jorge Messias ao Supremo Tribunal Federal n\u00e3o \u00e9 um fato trivial \u2014 e trat\u00e1-la como um simples exerc\u00edcio de independ\u00eancia institucional seria, no m\u00ednimo, ing\u00eanuo. H\u00e1 algo mais profundo em jogo. O epis\u00f3dio exp\u00f5e, com certa nitidez, a forma como parcelas\u2026","rel":"","context":"Em &quot;An\u00e1lise&amp;Opini\u00e3o&quot;","block_context":{"text":"An\u00e1lise&amp;Opini\u00e3o","link":"https:\/\/www.jornalja.com.br\/colunas\/category\/analiseopiniao\/"},"img":{"alt_text":"","src":"https:\/\/i0.wp.com\/www.jornalja.com.br\/colunas\/wp-content\/uploads\/sites\/5\/2026\/04\/image-2.png?resize=350%2C200&ssl=1","width":350,"height":200,"srcset":"https:\/\/i0.wp.com\/www.jornalja.com.br\/colunas\/wp-content\/uploads\/sites\/5\/2026\/04\/image-2.png?resize=350%2C200&ssl=1 1x, https:\/\/i0.wp.com\/www.jornalja.com.br\/colunas\/wp-content\/uploads\/sites\/5\/2026\/04\/image-2.png?resize=525%2C300&ssl=1 1.5x, https:\/\/i0.wp.com\/www.jornalja.com.br\/colunas\/wp-content\/uploads\/sites\/5\/2026\/04\/image-2.png?resize=700%2C400&ssl=1 2x, https:\/\/i0.wp.com\/www.jornalja.com.br\/colunas\/wp-content\/uploads\/sites\/5\/2026\/04\/image-2.png?resize=1050%2C600&ssl=1 3x"},"classes":[]}],"jetpack_shortlink":"https:\/\/wp.me\/pbKo0s-8Zf","jetpack_sharing_enabled":true,"_links":{"self":[{"href":"https:\/\/www.jornalja.com.br\/colunas\/wp-json\/wp\/v2\/posts\/34549","targetHints":{"allow":["GET"]}}],"collection":[{"href":"https:\/\/www.jornalja.com.br\/colunas\/wp-json\/wp\/v2\/posts"}],"about":[{"href":"https:\/\/www.jornalja.com.br\/colunas\/wp-json\/wp\/v2\/types\/post"}],"author":[{"embeddable":true,"href":"https:\/\/www.jornalja.com.br\/colunas\/wp-json\/wp\/v2\/users\/4"}],"replies":[{"embeddable":true,"href":"https:\/\/www.jornalja.com.br\/colunas\/wp-json\/wp\/v2\/comments?post=34549"}],"version-history":[{"count":0,"href":"https:\/\/www.jornalja.com.br\/colunas\/wp-json\/wp\/v2\/posts\/34549\/revisions"}],"wp:attachment":[{"href":"https:\/\/www.jornalja.com.br\/colunas\/wp-json\/wp\/v2\/media?parent=34549"}],"wp:term":[{"taxonomy":"category","embeddable":true,"href":"https:\/\/www.jornalja.com.br\/colunas\/wp-json\/wp\/v2\/categories?post=34549"},{"taxonomy":"post_tag","embeddable":true,"href":"https:\/\/www.jornalja.com.br\/colunas\/wp-json\/wp\/v2\/tags?post=34549"}],"curies":[{"name":"wp","href":"https:\/\/api.w.org\/{rel}","templated":true}]}}