{"id":37288,"date":"2016-07-30T20:31:27","date_gmt":"2016-07-30T23:31:27","guid":{"rendered":"https:\/\/www.jornalja.com.br\/?p=37288"},"modified":"2016-07-30T20:31:27","modified_gmt":"2016-07-30T23:31:27","slug":"recuerdos-implacaveis","status":"publish","type":"post","link":"https:\/\/www.jornalja.com.br\/colunas\/recuerdos-implacaveis\/","title":{"rendered":"Recuerdos implac\u00e1veis"},"content":{"rendered":"<p><strong>GERALDO HASSE<\/strong><br \/>\nAs reuni\u00f5es eram nas segundas-feiras \u00e0 noite na Rua Augusta, 555, sobreloja, endere\u00e7o do escrit\u00f3rio paulista da Associa\u00e7\u00e3o Brasileira de Imprensa (ABI).<br \/>\n\u00cdamos por ades\u00e3o ideol\u00f3gica, simpatia pol\u00edtica e interesse jornal\u00edstico. T\u00ednhamos consci\u00eancia de que ali estava desabrochando algo novo.<br \/>\nT\u00ednhamos participado da greve dos jornalistas de maio de 1979, que redundou em 200 demiss\u00f5es na imprensa paulistana.<br \/>\nNa Abril, progressista, ningu\u00e9m foi mandado embora, nem mesmo um dos expoentes da greve, Rui Falc\u00e3o, editor-chefe da Exame. Ex-preso pol\u00edtico, ele era uma das refer\u00eancias dos jornalistas situados \u00e0 esquerda do espectro pol\u00edtico.<br \/>\nEra n\u00edtido que o governo autorit\u00e1rio n\u00e3o tinha futuro. Os sindicatos agitavam as massas, a imprensa nanica levantava bandeiras contra a opress\u00e3o.<br \/>\nNo ABC paulista, reduto da ind\u00fastria automobil\u00edstica, o ferramenteiro Lula empolgava a classe metal\u00fargica com reivindica\u00e7\u00f5es salariais e exig\u00eancias de novos direitos trabalhistas.<br \/>\nE havia outros dirigentes sindicais confi\u00e1veis. Jair Meneguelli. Aud\u00e1lioDantas. Luiz Gushikem e Olivio Dutra. Religiosos como Frei Betto. Professores como Laurindo Leal Filho e Fernando Henrique Cardoso, que nem haviam sa\u00eddo do Brasil, como tantos outros.<br \/>\nCom a anistia de agosto de 1979, os exilados estavam voltando. Toda semana descia um figur\u00e3o no Gale\u00e3o. Miguel Arraes. Darci Ribeiro. Fernando Gabeira. Apenas Leonel Brizola fez quest\u00e3o de chegar por S\u00e3o Borja, \u201ccosteando o alambrado\u201d, para n\u00e3o acordar os fantasmas de 1961, 64, 68.<br \/>\nAlguns desses rec\u00e9m-chegados, sem emprego e sem saber direito a que categoria profissional pertenciam depois de uma d\u00e9cada fora do pa\u00eds, pousavam na Rua Augusta 555, que se tornou um point de agrega\u00e7\u00e3o de personas em busca de uma reconcilia\u00e7\u00e3o com seu passado e seu futuro.<br \/>\n\u00c9ramos em m\u00e9dia uns 40\/50 por segunda-feira. Quando os frequentadores habituais eram avisados da presen\u00e7a de alguma figura extraordin\u00e1ria, vinda das catacumbas da luta pol\u00edtica, das pris\u00f5es ou do exterior, o quorum da sess\u00e3o aumentava.<br \/>\nA maioria era de gente da imprensa. Form\u00e1vamos o n\u00facleo de jornalistas pr\u00f3-funda\u00e7\u00e3o do Partido dos Trabalhadores, aberto naturalmente aos que n\u00e3o pertenciam a outro n\u00facleo profissional ou de bairro.<br \/>\nAl\u00e9m do discreto Rui Falc\u00e3o, que perderia para Emir Nogueira a elei\u00e7\u00e3o para presidente do Sindicato dos Jornalistas do Estado de S\u00e3o Paulo, lembro da presen\u00e7a ass\u00eddua de Jos\u00e9 Dirceu, da apari\u00e7\u00e3o eventual de Bete Mendes e de uma ou outra vez em que baixou na ABI o ex-l\u00edder estudantil Luiz Travassos, cuja base original era o Rio de Janeiro.<br \/>\nTamb\u00e9m andou por ali Jos\u00e9 Ibrahim, que havia liderado uma greve em Osasco nos anos 60. L\u00edderes estudantis ou sindicais que estiveram na cadeia ou voltaram do ex\u00edlio, eles falavam sobre o que disseram ou escreveram Lenin, Marx, Guevara e outros \u00edcones da esquerda.<br \/>\nEra uma discuss\u00e3o para iniciados. Eles acreditavam que se poderia aplicar ao Brasil de 1980 algumas li\u00e7\u00f5es da R\u00fassia de 1911 ou 1917. A maioria dos presentes ficava esperando at\u00e9 que o debate reflu\u00edsse para a situa\u00e7\u00e3o brasileira, muito confusa e heterog\u00eanea, a presid\u00eancia da Rep\u00fablica nas m\u00e3os de Jo\u00e3o Figueredo, um general sem traquejo pol\u00edtico que aceitou o posto de m\u00e1 vontade, por apego \u00e0 disciplina.<br \/>\nEle havia liberado a imprensa, a m\u00fasica e o teatro da censura. Era um avan\u00e7o, mas nos bastidores da ditadura decadente agiam grupos de extrema-direita que lutavam para n\u00e3o largar as tetas do Poder.<br \/>\nBaixando a voz, tamb\u00e9m se falava da Repress\u00e3o, na qual pontificavam figuras como o delegado Sergio Fleury e militares como o general Milton Caveirinha, ambos sinistros e temidos.<br \/>\nTodo mundo desconfiava que nas reuni\u00f5es da Augusta havia agentes a servi\u00e7o do regime, como havia informantes nas reda\u00e7\u00f5es, nos sindicatos, nas gravadoras e nos est\u00fadios de TV. E assim rolaram v\u00e1rias semanas at\u00e9 que o partido foi fundado em 10 de fevereiro de 1980 e cada um tomou seu rumo.<br \/>\nA orienta\u00e7\u00e3o era para inscrever-se no diret\u00f3rio do seu bairro, mas deixei o tempo correr porque estava disposto a cair fora de S\u00e3o Paulo. Como jornalista, enfim, n\u00e3o me senti \u00e0 vontade diante da hip\u00f3tese de filiar-me a um partido.<br \/>\nMilit\u00e2ncia era uma palavra complicada. Poderia ser um petista sem v\u00ednculo, como um torcedor sem carteirinha de s\u00f3cio do clube. Mas desde a primeira elei\u00e7\u00e3o (1982) votei nos candidatos do PT. Somente em 89 balancei entre Brizola e Lula.<br \/>\nOu, seja, passei a metade da vida enchendo a bola desse partido trabalhista marginal e discriminado por sua origem h\u00edbrida, fruto de uma alian\u00e7a de sindicalistas, religiosos, intelectuais, exilados e trabalhadores em geral.<br \/>\nPassado tanto tempo, tento compreender o que aconteceu. Como explicar que tantos anos depois de sua funda\u00e7\u00e3o o partido esteja se esfacelando sob a presid\u00eancia de Rui Falc\u00e3o, o jornalista-grevista-refer\u00eancia de 1979? Por que o diab\u00f3lico Lula est\u00e1 sendo alvo de uma implac\u00e1vel persegui\u00e7\u00e3o que tenta enquadr\u00e1-lo sob diversas acusa\u00e7\u00f5es?<br \/>\nPor que o sat\u00e2nico Dr. Dirceu mofa na cadeia, tricondenado e biinvestigado? Como \u00e9 que Dilma Rousseff n\u00e3o est\u00e1 l\u00e1 onde devia estar por escolha de 54 milh\u00f5es de brasileiros? Algo importante se perdeu no caminho de 1980 at\u00e9 aqui. Esse algo precisa ser resgatado.<\/p>\n","protected":false},"excerpt":{"rendered":"<p>GERALDO HASSE As reuni\u00f5es eram nas segundas-feiras \u00e0 noite na Rua Augusta, 555, sobreloja, endere\u00e7o do escrit\u00f3rio paulista da Associa\u00e7\u00e3o Brasileira de Imprensa (ABI). \u00cdamos por ades\u00e3o ideol\u00f3gica, simpatia pol\u00edtica e interesse jornal\u00edstico. T\u00ednhamos consci\u00eancia de que ali estava desabrochando algo novo. T\u00ednhamos participado da greve dos jornalistas de maio de 1979, que redundou em [&hellip;]<\/p>\n","protected":false},"author":8,"featured_media":0,"comment_status":"open","ping_status":"closed","sticky":false,"template":"","format":"standard","meta":{"jetpack_post_was_ever_published":false,"_jetpack_newsletter_access":"","_jetpack_dont_email_post_to_subs":false,"_jetpack_newsletter_tier_id":0,"_jetpack_memberships_contains_paywalled_content":false,"_jetpack_memberships_contains_paid_content":false,"footnotes":"","jetpack_publicize_message":"","jetpack_publicize_feature_enabled":true,"jetpack_social_post_already_shared":false,"jetpack_social_options":{"image_generator_settings":{"template":"highway","default_image_id":0,"font":"","enabled":false},"version":2}},"categories":[2],"tags":[],"class_list":["post-37288","post","type-post","status-publish","format-standard","hentry","category-analiseopiniao"],"aioseo_notices":[],"jetpack_publicize_connections":[],"jetpack_featured_media_url":"","jetpack-related-posts":[{"id":84564,"url":"https:\/\/www.jornalja.com.br\/colunas\/a-nova-celulose-a-beira-do-guaiba-e-o-risco-de-repetir-a-borregaard\/","url_meta":{"origin":37288,"position":0},"title":"A nova celulose \u00e0 beira do Gua\u00edba e o risco de repetir a Borregaard","author":"An\u00e1lise &amp; Opini\u00e3o","date":"6 de mar\u00e7o de 2026","format":false,"excerpt":"ELMAR BONES No dia 16 de mar\u00e7o de 1972 foi inaugurada a Ind\u00fastria de Celulose Borregaard, em Gua\u00edba, com a presen\u00e7a das mais altas autoridades e manchetes ufanistas em todos os jornais. Inaugura\u00e7\u00e3o da f\u00e1brica em Gua\u00edba, no ano de 1972. Foto Reprodu\u00e7\u00e3o Arquivo\/CeluloseRioGrandense Seria uma das maiores f\u00e1bricas em\u2026","rel":"","context":"Em &quot;An\u00e1lise&amp;Opini\u00e3o&quot;","block_context":{"text":"An\u00e1lise&amp;Opini\u00e3o","link":"https:\/\/www.jornalja.com.br\/colunas\/category\/analiseopiniao\/"},"img":{"alt_text":"","src":"https:\/\/i0.wp.com\/www.jornalja.com.br\/colunas\/wp-content\/uploads\/sites\/5\/2026\/03\/20260306-112140-scaled.jpg?resize=350%2C200&ssl=1","width":350,"height":200,"srcset":"https:\/\/i0.wp.com\/www.jornalja.com.br\/colunas\/wp-content\/uploads\/sites\/5\/2026\/03\/20260306-112140-scaled.jpg?resize=350%2C200&ssl=1 1x, https:\/\/i0.wp.com\/www.jornalja.com.br\/colunas\/wp-content\/uploads\/sites\/5\/2026\/03\/20260306-112140-scaled.jpg?resize=525%2C300&ssl=1 1.5x, https:\/\/i0.wp.com\/www.jornalja.com.br\/colunas\/wp-content\/uploads\/sites\/5\/2026\/03\/20260306-112140-scaled.jpg?resize=700%2C400&ssl=1 2x, https:\/\/i0.wp.com\/www.jornalja.com.br\/colunas\/wp-content\/uploads\/sites\/5\/2026\/03\/20260306-112140-scaled.jpg?resize=1050%2C600&ssl=1 3x, https:\/\/i0.wp.com\/www.jornalja.com.br\/colunas\/wp-content\/uploads\/sites\/5\/2026\/03\/20260306-112140-scaled.jpg?resize=1400%2C800&ssl=1 4x"},"classes":[]},{"id":84590,"url":"https:\/\/www.jornalja.com.br\/colunas\/e-preciso-defender-o-jardim-botanico-de-porto-alegre\/","url_meta":{"origin":37288,"position":1},"title":"\u00c9 preciso defender o Jardim Bot\u00e2nico de Porto Alegre","author":"da Reda\u00e7\u00e3o","date":"8 de mar\u00e7o de 2026","format":false,"excerpt":"CLEBER DIONI TENTARDINI O Jardim Bot\u00e2nico de Porto Alegre (JBPA) tem 67 anos e \u00e9 considerado um dos cinco melhores e maiores do Brasil. Possui 28 cole\u00e7\u00f5es cient\u00edficas que somam mais de 4.200 plantas, incluindo esp\u00e9cies raras, amea\u00e7adas de extin\u00e7\u00e3o e end\u00eamicas, que s\u00e3o encontradas apenas no RS. No local\u2026","rel":"","context":"Em &quot;An\u00e1lise&amp;Opini\u00e3o&quot;","block_context":{"text":"An\u00e1lise&amp;Opini\u00e3o","link":"https:\/\/www.jornalja.com.br\/colunas\/category\/analiseopiniao\/"},"img":{"alt_text":"","src":"https:\/\/i0.wp.com\/www.jornalja.com.br\/colunas\/wp-content\/uploads\/sites\/5\/2026\/03\/jb-3.jpg?resize=350%2C200&ssl=1","width":350,"height":200,"srcset":"https:\/\/i0.wp.com\/www.jornalja.com.br\/colunas\/wp-content\/uploads\/sites\/5\/2026\/03\/jb-3.jpg?resize=350%2C200&ssl=1 1x, https:\/\/i0.wp.com\/www.jornalja.com.br\/colunas\/wp-content\/uploads\/sites\/5\/2026\/03\/jb-3.jpg?resize=525%2C300&ssl=1 1.5x, https:\/\/i0.wp.com\/www.jornalja.com.br\/colunas\/wp-content\/uploads\/sites\/5\/2026\/03\/jb-3.jpg?resize=700%2C400&ssl=1 2x"},"classes":[]},{"id":84617,"url":"https:\/\/www.jornalja.com.br\/colunas\/o-candidato-de-si-mesmo\/","url_meta":{"origin":37288,"position":2},"title":"O candidato de si mesmo","author":"da Reda\u00e7\u00e3o","date":"10 de abril de 2026","format":false,"excerpt":"Sem emplacar nacionalmente, Leite pode ficar quatro anos sem mandato. Foto Jo\u00e3o Pedro Rodrigues\/SecomRS ELMAR BONES Ningu\u00e9m \u00e9 candidato de si mesmo. Essa \u00e9 a regra n\u00e3o escrita da pol\u00edtica partid\u00e1ria, que as velhas raposas n\u00e3o cansam de repetir aos novatos. Eduardo Leite parece n\u00e3o t\u00ea-la aprendido. Ele n\u00e3o tem\u2026","rel":"","context":"Em &quot;An\u00e1lise&amp;Opini\u00e3o&quot;","block_context":{"text":"An\u00e1lise&amp;Opini\u00e3o","link":"https:\/\/www.jornalja.com.br\/colunas\/category\/analiseopiniao\/"},"img":{"alt_text":"","src":"https:\/\/i0.wp.com\/www.jornalja.com.br\/colunas\/wp-content\/uploads\/sites\/5\/2026\/04\/infraestrutura-escolar.jpeg?resize=350%2C200&ssl=1","width":350,"height":200,"srcset":"https:\/\/i0.wp.com\/www.jornalja.com.br\/colunas\/wp-content\/uploads\/sites\/5\/2026\/04\/infraestrutura-escolar.jpeg?resize=350%2C200&ssl=1 1x, https:\/\/i0.wp.com\/www.jornalja.com.br\/colunas\/wp-content\/uploads\/sites\/5\/2026\/04\/infraestrutura-escolar.jpeg?resize=525%2C300&ssl=1 1.5x, https:\/\/i0.wp.com\/www.jornalja.com.br\/colunas\/wp-content\/uploads\/sites\/5\/2026\/04\/infraestrutura-escolar.jpeg?resize=700%2C400&ssl=1 2x"},"classes":[]},{"id":84742,"url":"https:\/\/www.jornalja.com.br\/colunas\/rejeicao-a-messias-quando-o-senado-tensiona-os-limites-da-democracia\/","url_meta":{"origin":37288,"position":3},"title":"Rejei\u00e7\u00e3o a Messias: quando o Senado tensiona os limites da democracia","author":"An\u00e1lise &amp; Opini\u00e3o","date":"30 de abril de 2026","format":false,"excerpt":"CRISTIANO GOLDSCHMIDT A rejei\u00e7\u00e3o, pelo Senado, da indica\u00e7\u00e3o de Jorge Messias ao Supremo Tribunal Federal n\u00e3o \u00e9 um fato trivial \u2014 e trat\u00e1-la como um simples exerc\u00edcio de independ\u00eancia institucional seria, no m\u00ednimo, ing\u00eanuo. H\u00e1 algo mais profundo em jogo. O epis\u00f3dio exp\u00f5e, com certa nitidez, a forma como parcelas\u2026","rel":"","context":"Em &quot;An\u00e1lise&amp;Opini\u00e3o&quot;","block_context":{"text":"An\u00e1lise&amp;Opini\u00e3o","link":"https:\/\/www.jornalja.com.br\/colunas\/category\/analiseopiniao\/"},"img":{"alt_text":"","src":"https:\/\/i0.wp.com\/www.jornalja.com.br\/colunas\/wp-content\/uploads\/sites\/5\/2026\/04\/image-2.png?resize=350%2C200&ssl=1","width":350,"height":200,"srcset":"https:\/\/i0.wp.com\/www.jornalja.com.br\/colunas\/wp-content\/uploads\/sites\/5\/2026\/04\/image-2.png?resize=350%2C200&ssl=1 1x, https:\/\/i0.wp.com\/www.jornalja.com.br\/colunas\/wp-content\/uploads\/sites\/5\/2026\/04\/image-2.png?resize=525%2C300&ssl=1 1.5x, https:\/\/i0.wp.com\/www.jornalja.com.br\/colunas\/wp-content\/uploads\/sites\/5\/2026\/04\/image-2.png?resize=700%2C400&ssl=1 2x, https:\/\/i0.wp.com\/www.jornalja.com.br\/colunas\/wp-content\/uploads\/sites\/5\/2026\/04\/image-2.png?resize=1050%2C600&ssl=1 3x"},"classes":[]},{"id":84557,"url":"https:\/\/www.jornalja.com.br\/colunas\/entrevista-com-leonel-brizola-como-nascem-as-falsificacoes-historicas\/","url_meta":{"origin":37288,"position":4},"title":"Entrevista com Leonel Brizola: Como nascem as falsifica\u00e7\u00f5es hist\u00f3ricas","author":"An\u00e1lise &amp; Opini\u00e3o","date":"2 de mar\u00e7o de 2026","format":false,"excerpt":"SILVANA MOURA Mais do que direito \u00e0 Hist\u00f3ria, temos o direito \u00e0 verdade da Hist\u00f3ria, para evitar um passado falsificado, supostamente \u201climpo\u201d, eivado de manipula\u00e7\u00e3o e pretensa uniformidade. Em 1996 realizei, em Carazinho, uma Entrevista de Hist\u00f3ria Oral (sou Historiadora e trabalho com Hist\u00f3ria Oral h\u00e1 40 anos) com Leonel\u2026","rel":"","context":"Em &quot;An\u00e1lise&amp;Opini\u00e3o&quot;","block_context":{"text":"An\u00e1lise&amp;Opini\u00e3o","link":"https:\/\/www.jornalja.com.br\/colunas\/category\/analiseopiniao\/"},"img":{"alt_text":"","src":"","width":0,"height":0},"classes":[]},{"id":84725,"url":"https:\/\/www.jornalja.com.br\/colunas\/e-preciso-refletir-sobre-os-mais-de-84-mil-desaparecidos-no-brasil-em-2025\/","url_meta":{"origin":37288,"position":5},"title":"\u00c9 preciso refletir sobre os mais de 84 mil desaparecidos no Brasil em 2025","author":"An\u00e1lise &amp; Opini\u00e3o","date":"23 de abril de 2026","format":false,"excerpt":"CRISTIANO GOLDSCHMIDT Em 2025, o Brasil registrou 84.760 pessoas desaparecidas, segundo dados consolidados pelo Sistema Nacional de Informa\u00e7\u00f5es de Seguran\u00e7a P\u00fablica Sinesp), vinculado ao Minist\u00e9rio da Justi\u00e7a e Seguran\u00e7a P\u00fablica. Mais do que um n\u00famero expressivo, o dado revela um fen\u00f4meno cont\u00ednuo, distribu\u00eddo no tempo e no territ\u00f3rio \u2014 e,\u2026","rel":"","context":"Em &quot;An\u00e1lise&amp;Opini\u00e3o&quot;","block_context":{"text":"An\u00e1lise&amp;Opini\u00e3o","link":"https:\/\/www.jornalja.com.br\/colunas\/category\/analiseopiniao\/"},"img":{"alt_text":"","src":"https:\/\/i0.wp.com\/www.jornalja.com.br\/colunas\/wp-content\/uploads\/sites\/5\/2026\/04\/image.png?resize=350%2C200&ssl=1","width":350,"height":200,"srcset":"https:\/\/i0.wp.com\/www.jornalja.com.br\/colunas\/wp-content\/uploads\/sites\/5\/2026\/04\/image.png?resize=350%2C200&ssl=1 1x, https:\/\/i0.wp.com\/www.jornalja.com.br\/colunas\/wp-content\/uploads\/sites\/5\/2026\/04\/image.png?resize=525%2C300&ssl=1 1.5x, https:\/\/i0.wp.com\/www.jornalja.com.br\/colunas\/wp-content\/uploads\/sites\/5\/2026\/04\/image.png?resize=700%2C400&ssl=1 2x, https:\/\/i0.wp.com\/www.jornalja.com.br\/colunas\/wp-content\/uploads\/sites\/5\/2026\/04\/image.png?resize=1050%2C600&ssl=1 3x, https:\/\/i0.wp.com\/www.jornalja.com.br\/colunas\/wp-content\/uploads\/sites\/5\/2026\/04\/image.png?resize=1400%2C800&ssl=1 4x"},"classes":[]}],"jetpack_shortlink":"https:\/\/wp.me\/pbKo0s-9Hq","jetpack_sharing_enabled":true,"_links":{"self":[{"href":"https:\/\/www.jornalja.com.br\/colunas\/wp-json\/wp\/v2\/posts\/37288","targetHints":{"allow":["GET"]}}],"collection":[{"href":"https:\/\/www.jornalja.com.br\/colunas\/wp-json\/wp\/v2\/posts"}],"about":[{"href":"https:\/\/www.jornalja.com.br\/colunas\/wp-json\/wp\/v2\/types\/post"}],"author":[{"embeddable":true,"href":"https:\/\/www.jornalja.com.br\/colunas\/wp-json\/wp\/v2\/users\/8"}],"replies":[{"embeddable":true,"href":"https:\/\/www.jornalja.com.br\/colunas\/wp-json\/wp\/v2\/comments?post=37288"}],"version-history":[{"count":0,"href":"https:\/\/www.jornalja.com.br\/colunas\/wp-json\/wp\/v2\/posts\/37288\/revisions"}],"wp:attachment":[{"href":"https:\/\/www.jornalja.com.br\/colunas\/wp-json\/wp\/v2\/media?parent=37288"}],"wp:term":[{"taxonomy":"category","embeddable":true,"href":"https:\/\/www.jornalja.com.br\/colunas\/wp-json\/wp\/v2\/categories?post=37288"},{"taxonomy":"post_tag","embeddable":true,"href":"https:\/\/www.jornalja.com.br\/colunas\/wp-json\/wp\/v2\/tags?post=37288"}],"curies":[{"name":"wp","href":"https:\/\/api.w.org\/{rel}","templated":true}]}}