{"id":39957,"date":"2016-10-02T13:07:03","date_gmt":"2016-10-02T16:07:03","guid":{"rendered":"https:\/\/www.jornalja.com.br\/?p=39957"},"modified":"2016-10-02T13:07:03","modified_gmt":"2016-10-02T16:07:03","slug":"o-pre-sal-nao-pode-ser-entregue-numa-bandeja-global","status":"publish","type":"post","link":"https:\/\/www.jornalja.com.br\/colunas\/o-pre-sal-nao-pode-ser-entregue-numa-bandeja-global\/","title":{"rendered":"O pr\u00e9-sal  n\u00e3o pode ser entregue numa bandeja global"},"content":{"rendered":"<p><span class=\"assinaespecial\">Geraldo Hasse<\/span><br \/>\nA economia come\u00e7a a sair do fundo do po\u00e7o e quem a puxa \u00e9 a locomotiva Petrobras, que j\u00e1 produz mais de um milh\u00e3o de barris por dia nos campos do Pr\u00e9-Sal descobertos em 2006.<br \/>\nAlcan\u00e7ar tamanha performance em apenas dez anos seria caso para pr\u00eamio, mas n\u00e3o h\u00e1 no famoso Mercado quem reconhe\u00e7a a efici\u00eancia da empresa, colocada na linha do choque entre o neoliberalismo emergente e o distributivismo de governos voltados para os pobres.<br \/>\nTamb\u00e9m n\u00e3o se v\u00ea ningu\u00e9m festejar a autossufici\u00eancia finalmente alcan\u00e7ada ap\u00f3s mais de 60 anos de trabalho em terra e no mar. Pelo contr\u00e1rio, o que se nota \u00e9 um esfor\u00e7o para deteriorar a imagem da empresa. E, no entanto, ela vem dando a volta por cima.<br \/>\nNa moita, sem alarde, a grande BR j\u00e1 recuperou R$ 455 milh\u00f5es de dinheiro desviado em casos comprovados de corrup\u00e7\u00e3o. Uma gota d\u2019\u00e1gua no oceano, dir\u00e3o os pessimistas. De fato, o valor equivale a apenas meio dia de faturamento anual da empresa, mas o fato relevante \u00e9 que a petroleira nacional vem tapando os furos por onde vazavam as propinas.<br \/>\nDetalhe: os \u00faltimos R$ 145 milh\u00f5es foram recuperados de casos ocorridos entre 1997 e 2012. O dinheiro estava em bancos su\u00ed\u00e7os em conta pertencente a Julio Faerman, ex-representante da empresa holandesa SBM Offshore, locadora de navios-plataforma, equipamentos car\u00edssimos e cartelizados no mundo. Num acordo de dela\u00e7\u00e3o premiada com o Minist\u00e9rio P\u00fablico Federal do Rio de Janeiro, o tal Faerman reconheceu que obteve o dinheiro \u201catrav\u00e9s de atividades criminosas&#8221;.<br \/>\nAs investiga\u00e7\u00f5es come\u00e7aram bem antes da Opera\u00e7\u00e3o Lava-Jato e a Petrobras, como v\u00edtima das falcatruas, atuou como assistente de acusa\u00e7\u00e3o no processo. Atingida em cheio pelo vendaval da Opera\u00e7\u00e3o Lava Jato a partir de 2014, a Petrobras vem se mostrando muito maior do que a crise.<br \/>\nDias atr\u00e1s, o presidente Pedro Parente teve de reconhecer que a produ\u00e7\u00e3o m\u00e9dia dos po\u00e7os do Pr\u00e9-Sal ultrapassou a previs\u00e3o \u2013 de 15 mil barris di\u00e1rios, chegou a 25 mil. Ex-ministro dos governos tucanos, Parente parece ter assimilado o pensamento nacionalista dominante no corpo t\u00e9cnico da empresa. Pode ser uma t\u00e1tica conciliat\u00f3ria enquanto n\u00e3o \u00e9 poss\u00edvel aplicar a estrat\u00e9gia subjacente ao golpe contra a presidenta Dilma: \u201centregar\u201d o pr\u00e9-sal a petroleiras estrangeiras.<br \/>\nO perigo est\u00e1 na C\u00e2mara dos Deputados, onde tramita o Projeto de Lei 4567\/2016, que retira da Petrobras a obrigatoriedade na explora\u00e7\u00e3o na camada do pr\u00e9-sal. Essa proposta formulada \u00e0s pressas pelo senador Jos\u00e9 Serra permitir\u00e1 que as multinacionais explorem os campos do pr\u00e9-sal sem o essencial controle da Petrobras, que deixar\u00e1 de ser obrigatoriamente operadora. Como ministro de Rela\u00e7\u00f5es Exteriores do governo Temer, Serra n\u00e3o esconde sua inten\u00e7\u00e3o de tirar o fil\u00e9 da Petrobras.<br \/>\nO projeto \u00e9 antinacional e entreguista porque retira da Petrobras o conhecimento geol\u00f3gico do nosso subsolo marinho, aliena a decis\u00e3o sobre as tecnologias adotadas, tirando a prefer\u00eancia para equipamentos produzidos no Brasil e terceirzando a decis\u00e3o sobre o ritmo adequado de explora\u00e7\u00e3o das jazidas.<br \/>\nO deputado paulista Carlos Zarattini acaba de publicar artigo no site do GGN argumentando que, ao contr\u00e1rio do que alega Serra, n\u00e3o h\u00e1 motivo para ter pressa na explora\u00e7\u00e3o do pr\u00e9-sal porque, depois que descobriu as jazidas, a Petrobras desenvolveu a tecnologia de explora\u00e7\u00e3o em \u00e1guas profundas e conseguiu reduzir os custos de produ\u00e7\u00e3o a menos de US$ 10 por barril. Uma fa\u00e7anha que causa inveja e agu\u00e7a a cobi\u00e7a internacional.<br \/>\nSeria um crime contra a soberania nacional entregar o pr\u00e9-sal agora que a Petrobras come\u00e7ou a sair do sufoco financeiro do endividamento. Na real, o esfor\u00e7o da empresa \u00e9 um exemplo para o Brasil, que entrega aos credores da d\u00edvida p\u00fablica uma montanha de recursos que deveriam ser transformados em investimentos em infraestrutura.<br \/>\nAo fim e ao cabo do gigantesco processo de endividamento do Brasil, \u00a0quem mais investe no pa\u00eds \u00e9 a Petrobras. At\u00e9 2021 ela vai investir US$ 70 bilh\u00f5es em recursos pr\u00f3prios e conta atrair parceiros\/s\u00f3cios que invistam mais US$ 40 bilh\u00f5es.<br \/>\n&nbsp;<br \/>\n<strong>LEMBRETE DE OCASI\u00c3O<\/strong><br \/>\n<em>\u201cDe certa maneira, a rede de companhias multinacionais representa em forma embrion\u00e1ria o sistema nervoso central de uma ordem econ\u00f4mica global emergente.\u201d<\/em><br \/>\nGiovanni Agnelli, presidente da Fiat, em depoimento na ONU em 1975, \u00e9poca em que os grandes chefes do capitalismo mundial elaboravam o Consenso de Washington\/Trilateral<\/p>\n","protected":false},"excerpt":{"rendered":"<p>Geraldo Hasse A economia come\u00e7a a sair do fundo do po\u00e7o e quem a puxa \u00e9 a locomotiva Petrobras, que j\u00e1 produz mais de um milh\u00e3o de barris por dia nos campos do Pr\u00e9-Sal descobertos em 2006. Alcan\u00e7ar tamanha performance em apenas dez anos seria caso para pr\u00eamio, mas n\u00e3o h\u00e1 no famoso Mercado quem [&hellip;]<\/p>\n","protected":false},"author":8,"featured_media":0,"comment_status":"open","ping_status":"closed","sticky":false,"template":"","format":"standard","meta":{"jetpack_post_was_ever_published":false,"_jetpack_newsletter_access":"","_jetpack_dont_email_post_to_subs":false,"_jetpack_newsletter_tier_id":0,"_jetpack_memberships_contains_paywalled_content":false,"_jetpack_memberships_contains_paid_content":false,"footnotes":"","jetpack_publicize_message":"","jetpack_publicize_feature_enabled":true,"jetpack_social_post_already_shared":false,"jetpack_social_options":{"image_generator_settings":{"template":"highway","default_image_id":0,"font":"","enabled":false},"version":2}},"categories":[2],"tags":[],"class_list":["post-39957","post","type-post","status-publish","format-standard","hentry","category-analiseopiniao"],"aioseo_notices":[],"jetpack_publicize_connections":[],"jetpack_featured_media_url":"","jetpack-related-posts":[{"id":84617,"url":"https:\/\/www.jornalja.com.br\/colunas\/o-candidato-de-si-mesmo\/","url_meta":{"origin":39957,"position":0},"title":"O candidato de si mesmo","author":"da Reda\u00e7\u00e3o","date":"10 de abril de 2026","format":false,"excerpt":"Sem emplacar nacionalmente, Leite pode ficar quatro anos sem mandato. Foto Jo\u00e3o Pedro Rodrigues\/SecomRS ELMAR BONES Ningu\u00e9m \u00e9 candidato de si mesmo. Essa \u00e9 a regra n\u00e3o escrita da pol\u00edtica partid\u00e1ria, que as velhas raposas n\u00e3o cansam de repetir aos novatos. Eduardo Leite parece n\u00e3o t\u00ea-la aprendido. Ele n\u00e3o tem\u2026","rel":"","context":"Em &quot;An\u00e1lise&amp;Opini\u00e3o&quot;","block_context":{"text":"An\u00e1lise&amp;Opini\u00e3o","link":"https:\/\/www.jornalja.com.br\/colunas\/category\/analiseopiniao\/"},"img":{"alt_text":"","src":"https:\/\/i0.wp.com\/www.jornalja.com.br\/colunas\/wp-content\/uploads\/sites\/5\/2026\/04\/infraestrutura-escolar.jpeg?resize=350%2C200&ssl=1","width":350,"height":200,"srcset":"https:\/\/i0.wp.com\/www.jornalja.com.br\/colunas\/wp-content\/uploads\/sites\/5\/2026\/04\/infraestrutura-escolar.jpeg?resize=350%2C200&ssl=1 1x, https:\/\/i0.wp.com\/www.jornalja.com.br\/colunas\/wp-content\/uploads\/sites\/5\/2026\/04\/infraestrutura-escolar.jpeg?resize=525%2C300&ssl=1 1.5x, https:\/\/i0.wp.com\/www.jornalja.com.br\/colunas\/wp-content\/uploads\/sites\/5\/2026\/04\/infraestrutura-escolar.jpeg?resize=700%2C400&ssl=1 2x"},"classes":[]},{"id":84690,"url":"https:\/\/www.jornalja.com.br\/colunas\/17-de-abril-de-1996-30-anos-do-massacre-de-eldorado-do-carajas\/","url_meta":{"origin":39957,"position":1},"title":"17 de abril de 1996: 30 anos do Massacre de Eldorado do Caraj\u00e1s","author":"da Reda\u00e7\u00e3o","date":"17 de abril de 2026","format":false,"excerpt":"Cruz marca o local do massacre em Eldorado dos Caraj\u00e1s, Par\u00e1. Foto: Marcello Casal Jr.\/Arquivo ABr CRISTIANO GOLDSCHMIDT H\u00e1 datas que n\u00e3o passam. Ficam suspensas no tempo como poeira vermelha sobre a pele \u2014 insistem, infiltram-se, recusam o esquecimento. Abril, no sul do Par\u00e1, \u00e9 sempre um m\u00eas que arde.\u2026","rel":"","context":"Em &quot;An\u00e1lise&amp;Opini\u00e3o&quot;","block_context":{"text":"An\u00e1lise&amp;Opini\u00e3o","link":"https:\/\/www.jornalja.com.br\/colunas\/category\/analiseopiniao\/"},"img":{"alt_text":"","src":"https:\/\/i0.wp.com\/www.jornalja.com.br\/colunas\/wp-content\/uploads\/sites\/5\/2026\/04\/mc006.jpg?resize=350%2C200&ssl=1","width":350,"height":200,"srcset":"https:\/\/i0.wp.com\/www.jornalja.com.br\/colunas\/wp-content\/uploads\/sites\/5\/2026\/04\/mc006.jpg?resize=350%2C200&ssl=1 1x, https:\/\/i0.wp.com\/www.jornalja.com.br\/colunas\/wp-content\/uploads\/sites\/5\/2026\/04\/mc006.jpg?resize=525%2C300&ssl=1 1.5x, https:\/\/i0.wp.com\/www.jornalja.com.br\/colunas\/wp-content\/uploads\/sites\/5\/2026\/04\/mc006.jpg?resize=700%2C400&ssl=1 2x, https:\/\/i0.wp.com\/www.jornalja.com.br\/colunas\/wp-content\/uploads\/sites\/5\/2026\/04\/mc006.jpg?resize=1050%2C600&ssl=1 3x, https:\/\/i0.wp.com\/www.jornalja.com.br\/colunas\/wp-content\/uploads\/sites\/5\/2026\/04\/mc006.jpg?resize=1400%2C800&ssl=1 4x"},"classes":[]},{"id":84564,"url":"https:\/\/www.jornalja.com.br\/colunas\/a-nova-celulose-a-beira-do-guaiba-e-o-risco-de-repetir-a-borregaard\/","url_meta":{"origin":39957,"position":2},"title":"A nova celulose \u00e0 beira do Gua\u00edba e o risco de repetir a Borregaard","author":"An\u00e1lise &amp; Opini\u00e3o","date":"6 de mar\u00e7o de 2026","format":false,"excerpt":"ELMAR BONES No dia 16 de mar\u00e7o de 1972 foi inaugurada a Ind\u00fastria de Celulose Borregaard, em Gua\u00edba, com a presen\u00e7a das mais altas autoridades e manchetes ufanistas em todos os jornais. Inaugura\u00e7\u00e3o da f\u00e1brica em Gua\u00edba, no ano de 1972. Foto Reprodu\u00e7\u00e3o Arquivo\/CeluloseRioGrandense Seria uma das maiores f\u00e1bricas em\u2026","rel":"","context":"Em &quot;An\u00e1lise&amp;Opini\u00e3o&quot;","block_context":{"text":"An\u00e1lise&amp;Opini\u00e3o","link":"https:\/\/www.jornalja.com.br\/colunas\/category\/analiseopiniao\/"},"img":{"alt_text":"","src":"https:\/\/i0.wp.com\/www.jornalja.com.br\/colunas\/wp-content\/uploads\/sites\/5\/2026\/03\/20260306-112140-scaled.jpg?resize=350%2C200&ssl=1","width":350,"height":200,"srcset":"https:\/\/i0.wp.com\/www.jornalja.com.br\/colunas\/wp-content\/uploads\/sites\/5\/2026\/03\/20260306-112140-scaled.jpg?resize=350%2C200&ssl=1 1x, https:\/\/i0.wp.com\/www.jornalja.com.br\/colunas\/wp-content\/uploads\/sites\/5\/2026\/03\/20260306-112140-scaled.jpg?resize=525%2C300&ssl=1 1.5x, https:\/\/i0.wp.com\/www.jornalja.com.br\/colunas\/wp-content\/uploads\/sites\/5\/2026\/03\/20260306-112140-scaled.jpg?resize=700%2C400&ssl=1 2x, https:\/\/i0.wp.com\/www.jornalja.com.br\/colunas\/wp-content\/uploads\/sites\/5\/2026\/03\/20260306-112140-scaled.jpg?resize=1050%2C600&ssl=1 3x, https:\/\/i0.wp.com\/www.jornalja.com.br\/colunas\/wp-content\/uploads\/sites\/5\/2026\/03\/20260306-112140-scaled.jpg?resize=1400%2C800&ssl=1 4x"},"classes":[]},{"id":84737,"url":"https:\/\/www.jornalja.com.br\/colunas\/dia-internacional-da-educacao-o-brasil-que-se-revela-na-sala-de-aula\/","url_meta":{"origin":39957,"position":3},"title":"Dia Internacional da Educa\u00e7\u00e3o: o Brasil que se revela na sala de aula","author":"An\u00e1lise &amp; Opini\u00e3o","date":"28 de abril de 2026","format":false,"excerpt":"CRISTIANO GOLDSCHMIDT A educa\u00e7\u00e3o n\u00e3o se deixa apreender como um simples conceito est\u00e1vel ou como um consenso j\u00e1 dado. Ela se apresenta, antes, como um campo de tens\u00f5es, no qual se entrecruzam disputas de sentido, sil\u00eancios hist\u00f3ricos e projetos de sociedade. Pensar a educa\u00e7\u00e3o, nesse horizonte, implica reconhecer que educar\u2026","rel":"","context":"Em &quot;An\u00e1lise&amp;Opini\u00e3o&quot;","block_context":{"text":"An\u00e1lise&amp;Opini\u00e3o","link":"https:\/\/www.jornalja.com.br\/colunas\/category\/analiseopiniao\/"},"img":{"alt_text":"","src":"https:\/\/i0.wp.com\/www.jornalja.com.br\/colunas\/wp-content\/uploads\/sites\/5\/2026\/04\/image-1.png?resize=350%2C200&ssl=1","width":350,"height":200,"srcset":"https:\/\/i0.wp.com\/www.jornalja.com.br\/colunas\/wp-content\/uploads\/sites\/5\/2026\/04\/image-1.png?resize=350%2C200&ssl=1 1x, https:\/\/i0.wp.com\/www.jornalja.com.br\/colunas\/wp-content\/uploads\/sites\/5\/2026\/04\/image-1.png?resize=525%2C300&ssl=1 1.5x, https:\/\/i0.wp.com\/www.jornalja.com.br\/colunas\/wp-content\/uploads\/sites\/5\/2026\/04\/image-1.png?resize=700%2C400&ssl=1 2x"},"classes":[]},{"id":84590,"url":"https:\/\/www.jornalja.com.br\/colunas\/e-preciso-defender-o-jardim-botanico-de-porto-alegre\/","url_meta":{"origin":39957,"position":4},"title":"\u00c9 preciso defender o Jardim Bot\u00e2nico de Porto Alegre","author":"da Reda\u00e7\u00e3o","date":"8 de mar\u00e7o de 2026","format":false,"excerpt":"CLEBER DIONI TENTARDINI O Jardim Bot\u00e2nico de Porto Alegre (JBPA) tem 67 anos e \u00e9 considerado um dos cinco melhores e maiores do Brasil. Possui 28 cole\u00e7\u00f5es cient\u00edficas que somam mais de 4.200 plantas, incluindo esp\u00e9cies raras, amea\u00e7adas de extin\u00e7\u00e3o e end\u00eamicas, que s\u00e3o encontradas apenas no RS. No local\u2026","rel":"","context":"Em &quot;An\u00e1lise&amp;Opini\u00e3o&quot;","block_context":{"text":"An\u00e1lise&amp;Opini\u00e3o","link":"https:\/\/www.jornalja.com.br\/colunas\/category\/analiseopiniao\/"},"img":{"alt_text":"","src":"https:\/\/i0.wp.com\/www.jornalja.com.br\/colunas\/wp-content\/uploads\/sites\/5\/2026\/03\/jb-3.jpg?resize=350%2C200&ssl=1","width":350,"height":200,"srcset":"https:\/\/i0.wp.com\/www.jornalja.com.br\/colunas\/wp-content\/uploads\/sites\/5\/2026\/03\/jb-3.jpg?resize=350%2C200&ssl=1 1x, https:\/\/i0.wp.com\/www.jornalja.com.br\/colunas\/wp-content\/uploads\/sites\/5\/2026\/03\/jb-3.jpg?resize=525%2C300&ssl=1 1.5x, https:\/\/i0.wp.com\/www.jornalja.com.br\/colunas\/wp-content\/uploads\/sites\/5\/2026\/03\/jb-3.jpg?resize=700%2C400&ssl=1 2x"},"classes":[]},{"id":84632,"url":"https:\/\/www.jornalja.com.br\/colunas\/medicos-alertam-para-os-riscos-a-saude-de-nova-fabrica-de-celulose-da-cmpc\/","url_meta":{"origin":39957,"position":5},"title":"M\u00e9dicos alertam para os riscos \u00e0 sa\u00fade de nova f\u00e1brica de celulose da CMPC","author":"Cleber Dioni Tentardini","date":"14 de abril de 2026","format":false,"excerpt":"ROSELAINE MURLIK * Represento um grupo de profissionais da medicina que, h\u00e1 alguns anos, estuda os diferentes impactos das mudan\u00e7as clim\u00e1ticas e da polui\u00e7\u00e3o ambiental nos ecossistemas na sa\u00fade humana e do planeta. Causa preocupa\u00e7\u00e3o o novo megaempreendimento de celulose da empresa chilena CMPC em Barra do Ribeiro (RS), pr\u00f3ximo\u2026","rel":"","context":"Em &quot;An\u00e1lise&amp;Opini\u00e3o&quot;","block_context":{"text":"An\u00e1lise&amp;Opini\u00e3o","link":"https:\/\/www.jornalja.com.br\/colunas\/category\/analiseopiniao\/"},"img":{"alt_text":"","src":"https:\/\/i0.wp.com\/www.jornalja.com.br\/colunas\/wp-content\/uploads\/sites\/5\/2026\/04\/comite-contra-celulose.jpg?resize=350%2C200&ssl=1","width":350,"height":200},"classes":[]}],"jetpack_shortlink":"https:\/\/wp.me\/pbKo0s-aot","jetpack_sharing_enabled":true,"_links":{"self":[{"href":"https:\/\/www.jornalja.com.br\/colunas\/wp-json\/wp\/v2\/posts\/39957","targetHints":{"allow":["GET"]}}],"collection":[{"href":"https:\/\/www.jornalja.com.br\/colunas\/wp-json\/wp\/v2\/posts"}],"about":[{"href":"https:\/\/www.jornalja.com.br\/colunas\/wp-json\/wp\/v2\/types\/post"}],"author":[{"embeddable":true,"href":"https:\/\/www.jornalja.com.br\/colunas\/wp-json\/wp\/v2\/users\/8"}],"replies":[{"embeddable":true,"href":"https:\/\/www.jornalja.com.br\/colunas\/wp-json\/wp\/v2\/comments?post=39957"}],"version-history":[{"count":0,"href":"https:\/\/www.jornalja.com.br\/colunas\/wp-json\/wp\/v2\/posts\/39957\/revisions"}],"wp:attachment":[{"href":"https:\/\/www.jornalja.com.br\/colunas\/wp-json\/wp\/v2\/media?parent=39957"}],"wp:term":[{"taxonomy":"category","embeddable":true,"href":"https:\/\/www.jornalja.com.br\/colunas\/wp-json\/wp\/v2\/categories?post=39957"},{"taxonomy":"post_tag","embeddable":true,"href":"https:\/\/www.jornalja.com.br\/colunas\/wp-json\/wp\/v2\/tags?post=39957"}],"curies":[{"name":"wp","href":"https:\/\/api.w.org\/{rel}","templated":true}]}}