{"id":43267,"date":"2017-01-13T17:22:49","date_gmt":"2017-01-13T20:22:49","guid":{"rendered":"https:\/\/www.jornalja.com.br\/?p=43267"},"modified":"2017-01-13T17:22:49","modified_gmt":"2017-01-13T20:22:49","slug":"caca-as-bruxas-favorece-o-centrao","status":"publish","type":"post","link":"https:\/\/www.jornalja.com.br\/colunas\/caca-as-bruxas-favorece-o-centrao\/","title":{"rendered":"Ca\u00e7a \u00e0s bruxas favorece o Centr\u00e3o"},"content":{"rendered":"<p><span class=\"assina\">pinheiro do vale<\/span><br \/>\nA ca\u00e7a \u00e0s bruxas j\u00e1 come\u00e7ou. Embora o presidente ileg\u00edtimo Michel Temer tenha dado garantias de que n\u00e3o passaria o rodo sobre os remanescentes do governo da presidentedeposta Dilma Rousseff, os dedos-duros est\u00e3o apontando petistas que permanecem nos cargos depois do golpe.<br \/>\nNesta semana as den\u00fancias come\u00e7aram a se explicitar. O colunista Cl\u00e1udio Humberto, jornalista bem informado sobre os bastidores de Bras\u00edlia est\u00e1 dando nomes e cargos dos remanescentes do antigo regime que ainda n\u00e3o foram afastados, cobrando provid\u00eancias aos degoladores de cargos do Pal\u00e1cio do Planalto.<br \/>\nOs observadores do que estaria ocorrendo nestas \u00e1guas turvas sugerem que pode ser uma manobra do \u201ccentr\u00e3o\u201d para aumentar a animosidade entre petistas e peemedebistas com a finalidade de torpedear o \u201cacord\u00e3o\u201d entre os dois maiores partidos no Congresso para a partilha dos principais cargos nas duas casas do parlamento.<br \/>\nOs dois antigos aliados, compostos com o PSDB, haviam \u00a0chegado a uma f\u00f3rmula para a divis\u00e3o do mando no Poder Legislativo. Com isto, deixariam o vol\u00favel \u201ccentr\u00e3o\u201d de fora, extinguindo essa fonte de instabilidades, como se viu na gest\u00e3o do defenestrado Eduardo Cunha.<br \/>\nA montagem dos grandes partidos \u00e9 a seguinte: no Senado, PMDB fica com a presid\u00eancia com o senador Eun\u00edcio Oliveira, do Cear\u00e1, representante do esquema sarneysista, com apoio de Renan Calheiros; a vice-presid\u00eancia, cargo importante, mas sem poder de gest\u00e3o, com o senador Paulo Bauer, do PSDB de Santa Catarina, contemplando o Sul. Ao PT caberia a secretaria geral.<br \/>\nNa C\u00e2mara, algo parecido: na presid\u00eancia o deputado carioca Rodrigo Maia, do DEM (ex-PFL), partido sat\u00e9lite do PSDB, algo semelhante ao PCdoB na sua alian\u00e7a eterna com o PT. O vice \u00a0 poderia caber ao PMDB e a secretaria geral tamb\u00e9m ao PT. Ao \u201ccentr\u00e3o\u201d, nas duas casas,caberiam as posi\u00e7\u00f5es perif\u00e9ricas nas mesas diretoras.<br \/>\nEssa partilha de poder \u00e9 coerente, pois ao PT, partido de oposi\u00e7\u00e3o, cabe os cargos mais importantes para a administra\u00e7\u00e3o das duas Casas, enquanto os governistas ficam com o<br \/>\ncomando das pautas de vota\u00e7\u00f5es. Como disse um senador: \u201cA Secretaria Geral \u00e9 a prefeitura do Congresso\u201d. Ou seja, os secret\u00e1rios gerais administram uma popula\u00e7\u00e3o de mais de 25 mil funcion\u00e1rios, um n\u00famer \u00a0equivalente ao efetivo da Marinha de Guerra ou do tamanho da for\u00e7a de trabalho da Volkswagen. Sem falar do or\u00e7amento, maior que de muitas capitais de estados.<br \/>\nTudo certinho: s\u00f3 faltou \u201ccombinar com os russos\u201d. Uma fra\u00e7\u00e3o do PT n\u00e3o est\u00e1 engolindo o \u201cacord\u00e3o\u201d da c\u00fapula e amea\u00e7a somar-se ao \u201ccentr\u00e3o\u201d, s\u00f3 para complicar a vida do governo, que se veria diante de uma dire\u00e7\u00e3o incontrol\u00e1vel no Legislativo, tal qual Dilma.<br \/>\nIsto explica a d\u00favida especulada na abertura desta mat\u00e9ria. Ca\u00e7ando as bruxas petistas o governo estaria criando uma \u00e1rea de atrito que poderia desaguar na implos\u00e3o do \u201cacord\u00e3o\u201d, favorecendo o \u201ccentr\u00e3o\u201d e enfraquecendo a esquerda org\u00e2nica.<br \/>\nO \u201ccentr\u00e3o\u201d, \u00e9 bom lembrar, origina-se numa anomalia recente na hist\u00f3ria pol\u00edtica do Brasil. No passado, o poder central j\u00e1 se defrontou com a fragmenta\u00e7\u00e3o em partidos estaduais, que formavam frentes nacionais, tal como hoje \u00e9 o PMDB. Este novo bloco, entretanto, deriva de partidos municipais.<br \/>\nAs tais legendas de aluguel nascem nos munic\u00edpios para compor alian\u00e7as para prefeituras ou abrir espa\u00e7o para candidaturas avulsas. Quando se apresentam em n\u00edvel estadual j\u00e1 se transformam num ente esdr\u00faxulo. No \u00e2mbito federal, os partidecos se convertem em balc\u00f5es de neg\u00f3cios, imprimindo um fisiologismo at\u00e9 ent\u00e3o desconhecido.<br \/>\nEstas for\u00e7as, o chamado \u201ccentr\u00e3o\u201d, s\u00e3o insens\u00edveis e imperme\u00e1veis ao chamado interesse nacional. Por isto os grandes partidos se propuseram a desidrat\u00e1-lo e, com a reforma partid\u00e1ria j\u00e1 aprovada no Senado, extinguir de vez.<br \/>\nNessa reforma n\u00e3o seria dif\u00edcil acomodar parlamentares despartidarizados nas grandes legendas sobreviventes. Assim como seus partidos de aluguel, tamb\u00e9m os parlamentares ser\u00e3o sens\u00edveis a convites apetitosos.<br \/>\nO grande problema, a\u00ed, n\u00e3o \u00e9 na direita, mas na esquerda. Como absorver os pequenos partidos ideol\u00f3gicos e hist\u00f3ricos?<br \/>\nS\u00e3o hist\u00f3ricos porque t\u00eam diverg\u00eancias ideol\u00f3gicas de muitas d\u00e9cadas. \u00c9 uma quest\u00e3o t\u00e3o grave que j\u00e1 se prop\u00f4s uma lei especial para eles. Mas se um dispositivo salva um pequeno partido da esquerda, a legisla\u00e7\u00e3o valeria para a direita. Com isto, a reforma vai por \u00e1guas abaixo.<br \/>\nA\u00ed est\u00e1 um problema insol\u00favel. Traz de volta a senten\u00e7a vocalizada e nunca escrita por Gaspar Silveira Martins: \u201cIdeias n\u00e3o s\u00e3o metais, que se fundem\u201d ou \u201c Ideias n\u00e3o s\u00e3o metais que se fundem\u201d. Persiste a d\u00favida da v\u00edrgula.<\/p>\n","protected":false},"excerpt":{"rendered":"<p>pinheiro do vale A ca\u00e7a \u00e0s bruxas j\u00e1 come\u00e7ou. Embora o presidente ileg\u00edtimo Michel Temer tenha dado garantias de que n\u00e3o passaria o rodo sobre os remanescentes do governo da presidentedeposta Dilma Rousseff, os dedos-duros est\u00e3o apontando petistas que permanecem nos cargos depois do golpe. Nesta semana as den\u00fancias come\u00e7aram a se explicitar. O colunista [&hellip;]<\/p>\n","protected":false},"author":4,"featured_media":0,"comment_status":"open","ping_status":"closed","sticky":false,"template":"","format":"standard","meta":{"jetpack_post_was_ever_published":false,"_jetpack_newsletter_access":"","_jetpack_dont_email_post_to_subs":false,"_jetpack_newsletter_tier_id":0,"_jetpack_memberships_contains_paywalled_content":false,"_jetpack_memberships_contains_paid_content":false,"footnotes":"","jetpack_publicize_message":"","jetpack_publicize_feature_enabled":true,"jetpack_social_post_already_shared":false,"jetpack_social_options":{"image_generator_settings":{"template":"highway","default_image_id":0,"font":"","enabled":false},"version":2}},"categories":[2],"tags":[],"class_list":["post-43267","post","type-post","status-publish","format-standard","hentry","category-analiseopiniao"],"aioseo_notices":[],"jetpack_publicize_connections":[],"jetpack_featured_media_url":"","jetpack-related-posts":[{"id":84564,"url":"https:\/\/www.jornalja.com.br\/colunas\/a-nova-celulose-a-beira-do-guaiba-e-o-risco-de-repetir-a-borregaard\/","url_meta":{"origin":43267,"position":0},"title":"A nova celulose \u00e0 beira do Gua\u00edba e o risco de repetir a Borregaard","author":"An\u00e1lise &amp; Opini\u00e3o","date":"6 de mar\u00e7o de 2026","format":false,"excerpt":"ELMAR BONES No dia 16 de mar\u00e7o de 1972 foi inaugurada a Ind\u00fastria de Celulose Borregaard, em Gua\u00edba, com a presen\u00e7a das mais altas autoridades e manchetes ufanistas em todos os jornais. Inaugura\u00e7\u00e3o da f\u00e1brica em Gua\u00edba, no ano de 1972. Foto Reprodu\u00e7\u00e3o Arquivo\/CeluloseRioGrandense Seria uma das maiores f\u00e1bricas em\u2026","rel":"","context":"Em &quot;An\u00e1lise&amp;Opini\u00e3o&quot;","block_context":{"text":"An\u00e1lise&amp;Opini\u00e3o","link":"https:\/\/www.jornalja.com.br\/colunas\/category\/analiseopiniao\/"},"img":{"alt_text":"","src":"https:\/\/i0.wp.com\/www.jornalja.com.br\/colunas\/wp-content\/uploads\/sites\/5\/2026\/03\/20260306-112140-scaled.jpg?resize=350%2C200&ssl=1","width":350,"height":200,"srcset":"https:\/\/i0.wp.com\/www.jornalja.com.br\/colunas\/wp-content\/uploads\/sites\/5\/2026\/03\/20260306-112140-scaled.jpg?resize=350%2C200&ssl=1 1x, https:\/\/i0.wp.com\/www.jornalja.com.br\/colunas\/wp-content\/uploads\/sites\/5\/2026\/03\/20260306-112140-scaled.jpg?resize=525%2C300&ssl=1 1.5x, https:\/\/i0.wp.com\/www.jornalja.com.br\/colunas\/wp-content\/uploads\/sites\/5\/2026\/03\/20260306-112140-scaled.jpg?resize=700%2C400&ssl=1 2x, https:\/\/i0.wp.com\/www.jornalja.com.br\/colunas\/wp-content\/uploads\/sites\/5\/2026\/03\/20260306-112140-scaled.jpg?resize=1050%2C600&ssl=1 3x, https:\/\/i0.wp.com\/www.jornalja.com.br\/colunas\/wp-content\/uploads\/sites\/5\/2026\/03\/20260306-112140-scaled.jpg?resize=1400%2C800&ssl=1 4x"},"classes":[]},{"id":84632,"url":"https:\/\/www.jornalja.com.br\/colunas\/medicos-alertam-para-os-riscos-a-saude-de-nova-fabrica-de-celulose-da-cmpc\/","url_meta":{"origin":43267,"position":1},"title":"M\u00e9dicos alertam para os riscos \u00e0 sa\u00fade de nova f\u00e1brica de celulose da CMPC","author":"Cleber Dioni Tentardini","date":"14 de abril de 2026","format":false,"excerpt":"ROSELAINE MURLIK * Represento um grupo de profissionais da medicina que, h\u00e1 alguns anos, estuda os diferentes impactos das mudan\u00e7as clim\u00e1ticas e da polui\u00e7\u00e3o ambiental nos ecossistemas na sa\u00fade humana e do planeta. Causa preocupa\u00e7\u00e3o o novo megaempreendimento de celulose da empresa chilena CMPC em Barra do Ribeiro (RS), pr\u00f3ximo\u2026","rel":"","context":"Em &quot;An\u00e1lise&amp;Opini\u00e3o&quot;","block_context":{"text":"An\u00e1lise&amp;Opini\u00e3o","link":"https:\/\/www.jornalja.com.br\/colunas\/category\/analiseopiniao\/"},"img":{"alt_text":"","src":"https:\/\/i0.wp.com\/www.jornalja.com.br\/colunas\/wp-content\/uploads\/sites\/5\/2026\/04\/comite-contra-celulose.jpg?resize=350%2C200&ssl=1","width":350,"height":200},"classes":[]},{"id":84714,"url":"https:\/\/www.jornalja.com.br\/colunas\/22-de-abril-o-instante-em-que-o-brasil-passa-a-existir-para-o-mundo-europeu\/","url_meta":{"origin":43267,"position":2},"title":"22 de abril: o instante em que o Brasil \u201cpassa a existir\u201d para o mundo europeu","author":"Patr\u00edcia Marini","date":"22 de abril de 2026","format":false,"excerpt":"CRISTIANO GOLDSCHMIDT Era 22 de abril de 1500 \u2014 ou, ao menos, \u00e9 assim que nos habituamos a dizer, com a serenidade quase ing\u00eanua de quem domestica o passado em datas redondas e memor\u00e1veis. Naquele dia, a esquadra comandada por Pedro \u00c1lvares Cabral avistou terra ap\u00f3s semanas de travessia pelo\u2026","rel":"","context":"Em &quot;An\u00e1lise&amp;Opini\u00e3o&quot;","block_context":{"text":"An\u00e1lise&amp;Opini\u00e3o","link":"https:\/\/www.jornalja.com.br\/colunas\/category\/analiseopiniao\/"},"img":{"alt_text":"","src":"https:\/\/i0.wp.com\/www.jornalja.com.br\/colunas\/wp-content\/uploads\/sites\/5\/2026\/04\/desembarque-de-cabral-scaled.jpg?resize=350%2C200&ssl=1","width":350,"height":200,"srcset":"https:\/\/i0.wp.com\/www.jornalja.com.br\/colunas\/wp-content\/uploads\/sites\/5\/2026\/04\/desembarque-de-cabral-scaled.jpg?resize=350%2C200&ssl=1 1x, https:\/\/i0.wp.com\/www.jornalja.com.br\/colunas\/wp-content\/uploads\/sites\/5\/2026\/04\/desembarque-de-cabral-scaled.jpg?resize=525%2C300&ssl=1 1.5x, https:\/\/i0.wp.com\/www.jornalja.com.br\/colunas\/wp-content\/uploads\/sites\/5\/2026\/04\/desembarque-de-cabral-scaled.jpg?resize=700%2C400&ssl=1 2x, https:\/\/i0.wp.com\/www.jornalja.com.br\/colunas\/wp-content\/uploads\/sites\/5\/2026\/04\/desembarque-de-cabral-scaled.jpg?resize=1050%2C600&ssl=1 3x, https:\/\/i0.wp.com\/www.jornalja.com.br\/colunas\/wp-content\/uploads\/sites\/5\/2026\/04\/desembarque-de-cabral-scaled.jpg?resize=1400%2C800&ssl=1 4x"},"classes":[]},{"id":84622,"url":"https:\/\/www.jornalja.com.br\/colunas\/13-de-abril-queriam-transformar-o-hino-nacional-em-grito-de-guerra-mas-ele-insiste-em-ser-canto-de-paz\/","url_meta":{"origin":43267,"position":3},"title":"13 de abril: Queriam transformar o Hino Nacional em grito de guerra, mas ele insiste em ser canto de paz","author":"da Reda\u00e7\u00e3o","date":"13 de abril de 2026","format":false,"excerpt":"CRISTIANO GOLDSCHMIDT No calend\u00e1rio das datas c\u00edvicas, o 13 de abril passa quase em sil\u00eancio, como um acorde sustentado que poucos escutam at\u00e9 o fim. N\u00e3o h\u00e1 fogos, n\u00e3o h\u00e1 desfiles grandiosos, n\u00e3o h\u00e1 a coreografia ensaiada das celebra\u00e7\u00f5es que se imp\u00f5em ao olhar. H\u00e1, antes, uma esp\u00e9cie de pausa\u2026","rel":"","context":"Em &quot;An\u00e1lise&amp;Opini\u00e3o&quot;","block_context":{"text":"An\u00e1lise&amp;Opini\u00e3o","link":"https:\/\/www.jornalja.com.br\/colunas\/category\/analiseopiniao\/"},"img":{"alt_text":"","src":"https:\/\/i0.wp.com\/www.jornalja.com.br\/colunas\/wp-content\/uploads\/sites\/5\/2026\/04\/imagem-do-poeta-brasileiro-joaquim-osorio-duque-estrada-autor-da-letra-do-hino-nacional-escaneada-do-livro-flora-de-maio-edicao-de-1902.jpg?resize=350%2C200&ssl=1","width":350,"height":200,"srcset":"https:\/\/i0.wp.com\/www.jornalja.com.br\/colunas\/wp-content\/uploads\/sites\/5\/2026\/04\/imagem-do-poeta-brasileiro-joaquim-osorio-duque-estrada-autor-da-letra-do-hino-nacional-escaneada-do-livro-flora-de-maio-edicao-de-1902.jpg?resize=350%2C200&ssl=1 1x, https:\/\/i0.wp.com\/www.jornalja.com.br\/colunas\/wp-content\/uploads\/sites\/5\/2026\/04\/imagem-do-poeta-brasileiro-joaquim-osorio-duque-estrada-autor-da-letra-do-hino-nacional-escaneada-do-livro-flora-de-maio-edicao-de-1902.jpg?resize=525%2C300&ssl=1 1.5x"},"classes":[]},{"id":84725,"url":"https:\/\/www.jornalja.com.br\/colunas\/e-preciso-refletir-sobre-os-mais-de-84-mil-desaparecidos-no-brasil-em-2025\/","url_meta":{"origin":43267,"position":4},"title":"\u00c9 preciso refletir sobre os mais de 84 mil desaparecidos no Brasil em 2025","author":"An\u00e1lise &amp; Opini\u00e3o","date":"23 de abril de 2026","format":false,"excerpt":"CRISTIANO GOLDSCHMIDT Em 2025, o Brasil registrou 84.760 pessoas desaparecidas, segundo dadosconsolidados pelo Sistema Nacional de Informa\u00e7\u00f5es de Seguran\u00e7a P\u00fablica(Sinesp), vinculado ao Minist\u00e9rio da Justi\u00e7a e Seguran\u00e7a P\u00fablica. Mais doque um n\u00famero expressivo, o dado revela um fen\u00f4meno cont\u00ednuo,distribu\u00eddo no tempo e no territ\u00f3rio \u2014 e, olhando com mais aten\u00e7\u00e3o,\u2026","rel":"","context":"Em &quot;An\u00e1lise&amp;Opini\u00e3o&quot;","block_context":{"text":"An\u00e1lise&amp;Opini\u00e3o","link":"https:\/\/www.jornalja.com.br\/colunas\/category\/analiseopiniao\/"},"img":{"alt_text":"","src":"https:\/\/i0.wp.com\/www.jornalja.com.br\/colunas\/wp-content\/uploads\/sites\/5\/2026\/04\/image.png?resize=350%2C200&ssl=1","width":350,"height":200,"srcset":"https:\/\/i0.wp.com\/www.jornalja.com.br\/colunas\/wp-content\/uploads\/sites\/5\/2026\/04\/image.png?resize=350%2C200&ssl=1 1x, https:\/\/i0.wp.com\/www.jornalja.com.br\/colunas\/wp-content\/uploads\/sites\/5\/2026\/04\/image.png?resize=525%2C300&ssl=1 1.5x, https:\/\/i0.wp.com\/www.jornalja.com.br\/colunas\/wp-content\/uploads\/sites\/5\/2026\/04\/image.png?resize=700%2C400&ssl=1 2x, https:\/\/i0.wp.com\/www.jornalja.com.br\/colunas\/wp-content\/uploads\/sites\/5\/2026\/04\/image.png?resize=1050%2C600&ssl=1 3x, https:\/\/i0.wp.com\/www.jornalja.com.br\/colunas\/wp-content\/uploads\/sites\/5\/2026\/04\/image.png?resize=1400%2C800&ssl=1 4x"},"classes":[]},{"id":84693,"url":"https:\/\/www.jornalja.com.br\/colunas\/fim-da-escala-6x1-cabe-ao-congresso-decidir-entre-o-progresso-e-o-atraso\/","url_meta":{"origin":43267,"position":5},"title":"Fim da escala 6&#215;1: cabe ao Congresso decidir entre o progresso e o atraso","author":"da Reda\u00e7\u00e3o","date":"20 de abril de 2026","format":false,"excerpt":"Plen\u00e1rio da C\u00e2mara dos Deputados durante sess\u00e3o solene do Congresso Nacional. Caber\u00e1 ao parlamento a decis\u00e3o final sobre a nova escala de trabalho. Foto: Leopoldo Silva\/Ag\u00eancia Senado CRISTIANO GOLDSCHMIDT A discuss\u00e3o sobre o fim da escala de trabalho 6x1 no Brasil tem ganhado centralidade no debate p\u00fablico contempor\u00e2neo por tocar\u2026","rel":"","context":"Em &quot;An\u00e1lise&amp;Opini\u00e3o&quot;","block_context":{"text":"An\u00e1lise&amp;Opini\u00e3o","link":"https:\/\/www.jornalja.com.br\/colunas\/category\/analiseopiniao\/"},"img":{"alt_text":"","src":"https:\/\/i0.wp.com\/www.jornalja.com.br\/colunas\/wp-content\/uploads\/sites\/5\/2026\/04\/plenario-do-congresso-nacional-posse-presidencial-2023-foto-de-leopoldo-silva-agencia-senado-scaled.jpg?resize=350%2C200&ssl=1","width":350,"height":200,"srcset":"https:\/\/i0.wp.com\/www.jornalja.com.br\/colunas\/wp-content\/uploads\/sites\/5\/2026\/04\/plenario-do-congresso-nacional-posse-presidencial-2023-foto-de-leopoldo-silva-agencia-senado-scaled.jpg?resize=350%2C200&ssl=1 1x, https:\/\/i0.wp.com\/www.jornalja.com.br\/colunas\/wp-content\/uploads\/sites\/5\/2026\/04\/plenario-do-congresso-nacional-posse-presidencial-2023-foto-de-leopoldo-silva-agencia-senado-scaled.jpg?resize=525%2C300&ssl=1 1.5x, https:\/\/i0.wp.com\/www.jornalja.com.br\/colunas\/wp-content\/uploads\/sites\/5\/2026\/04\/plenario-do-congresso-nacional-posse-presidencial-2023-foto-de-leopoldo-silva-agencia-senado-scaled.jpg?resize=700%2C400&ssl=1 2x, https:\/\/i0.wp.com\/www.jornalja.com.br\/colunas\/wp-content\/uploads\/sites\/5\/2026\/04\/plenario-do-congresso-nacional-posse-presidencial-2023-foto-de-leopoldo-silva-agencia-senado-scaled.jpg?resize=1050%2C600&ssl=1 3x, https:\/\/i0.wp.com\/www.jornalja.com.br\/colunas\/wp-content\/uploads\/sites\/5\/2026\/04\/plenario-do-congresso-nacional-posse-presidencial-2023-foto-de-leopoldo-silva-agencia-senado-scaled.jpg?resize=1400%2C800&ssl=1 4x"},"classes":[]}],"jetpack_shortlink":"https:\/\/wp.me\/pbKo0s-bfR","jetpack_sharing_enabled":true,"_links":{"self":[{"href":"https:\/\/www.jornalja.com.br\/colunas\/wp-json\/wp\/v2\/posts\/43267","targetHints":{"allow":["GET"]}}],"collection":[{"href":"https:\/\/www.jornalja.com.br\/colunas\/wp-json\/wp\/v2\/posts"}],"about":[{"href":"https:\/\/www.jornalja.com.br\/colunas\/wp-json\/wp\/v2\/types\/post"}],"author":[{"embeddable":true,"href":"https:\/\/www.jornalja.com.br\/colunas\/wp-json\/wp\/v2\/users\/4"}],"replies":[{"embeddable":true,"href":"https:\/\/www.jornalja.com.br\/colunas\/wp-json\/wp\/v2\/comments?post=43267"}],"version-history":[{"count":0,"href":"https:\/\/www.jornalja.com.br\/colunas\/wp-json\/wp\/v2\/posts\/43267\/revisions"}],"wp:attachment":[{"href":"https:\/\/www.jornalja.com.br\/colunas\/wp-json\/wp\/v2\/media?parent=43267"}],"wp:term":[{"taxonomy":"category","embeddable":true,"href":"https:\/\/www.jornalja.com.br\/colunas\/wp-json\/wp\/v2\/categories?post=43267"},{"taxonomy":"post_tag","embeddable":true,"href":"https:\/\/www.jornalja.com.br\/colunas\/wp-json\/wp\/v2\/tags?post=43267"}],"curies":[{"name":"wp","href":"https:\/\/api.w.org\/{rel}","templated":true}]}}