{"id":45262,"date":"2017-03-03T17:15:59","date_gmt":"2017-03-03T20:15:59","guid":{"rendered":"https:\/\/www.jornalja.com.br\/?p=45262"},"modified":"2017-03-03T17:15:59","modified_gmt":"2017-03-03T20:15:59","slug":"para-que-serve-a-riqueza","status":"publish","type":"post","link":"https:\/\/www.jornalja.com.br\/colunas\/para-que-serve-a-riqueza\/","title":{"rendered":"Para que serve a riqueza"},"content":{"rendered":"<table class=\"Bs nH iY\" cellpadding=\"0\">\n<tbody>\n<tr>\n<td class=\"Bu\">\n<div class=\"nH if\">\n<div class=\"nH aHU\">\n<div class=\"nH hx\">\n<div class=\"nH\">\n<div class=\"h7 ie nH oy8Mbf\">\n<div class=\"Bk\">\n<div class=\"G3 G2\">\n<div>\n<div id=\":ll\">\n<div class=\"adn ads\">\n<div class=\"gs\">\n<div id=\":ln\" class=\"ii gt adP adO\">\n<div id=\":lm\" class=\"a3s aXjCH m15a95065b8e7681c\">\n<div>\n&nbsp;<br \/>\n<strong><em>\u00a0\u00c9 constrangedor ver pessoas inteligentes repetirem chav\u00f5es escravocratas<\/em> <\/strong><br \/>\n<strong><em>GERALDO HASSE<\/em><\/strong><br \/>\nUma noite dessas vi a jornalista Miriam Leit\u00e3o entrevistando na Globo News o economista Arminio Fraga, ex-presidente do Banco Central do Brasil no governo do presidente Fernando Henrique Cardoso (1995-2002). Fiquei constrangido com a cumplicidade entre a rep\u00f3rter e o s\u00e1bio das finan\u00e7as da PUC-Rio. \u00a0<u><\/u><u><\/u><br \/>\nPerfeitamente \u00e0 vontade, a entrevistadora limitava-se a levantar a bola para o Fraga vocalizar platitudes t\u00edpicas do mercadismo dominante. <u><\/u><u><\/u><br \/>\nEla n\u00e3o expressava nenhuma d\u00favida, estava ali apenas para convalidar as opini\u00f5es do convidado. Era um jogo de cartas marcadas \u2013 tudo combinado para dar publicidade ao famoso \u201cpensamento \u00fanico\u201d. Uma cumplicidade t\u00e3o grande que leva os telespectadores a descrer da proverbial \u201cimparcialidade\u201d dos jornalistas. \u00a0\u00a0\u00a0<u><\/u><u><\/u><br \/>\nO fato \u00e9 que, na Rede Globo, praticamente todos os entrevistadores s\u00e3o assim, isentos da vivacidade que se deveria esperar de um rep\u00f3rter. Pior: a mega emissora brasileira nos condicionou a esse padr\u00e3o de reportagem submetida \u00e0s autoridades monet\u00e1rias, que se guiam mais por cartilhas do que pela observa\u00e7\u00e3o dos fatos. <u><\/u><u><\/u><br \/>\nNeste momento, por exemplo, os assuntos dominantes s\u00e3o os juros (altos), a cota\u00e7\u00e3o do d\u00f3lar (em baixa), a infla\u00e7\u00e3o (baixando) e o desemprego (crescendo). Nesse quadro conjuntural complexo, n\u00e3o h\u00e1 lugar para discutir algo essencial como uma pol\u00edtica de desenvolvimento capaz de promover o bem-estar da maioria das pessoas, o que seria normal numa sociedade democr\u00e1tica. <u><\/u><u><\/u><br \/>\nPara os economistas como Arm\u00ednio Fraga e jornalistas como Miriam Leit\u00e3o, o objetivo da economia \u00e9 gerar lucros para os detentores dos capitais. <u><\/u><u><\/u><br \/>\nSe os empreendimentos n\u00e3o melhoram a vida das pessoas, a culpa n\u00e3o \u00e9 dos empres\u00e1rios nem dos economistas. A culpa \u00e9 da conjuntura&#8230; Ou, melhor, a culpa \u00e9 do governo, que deixou a d\u00edvida p\u00fablica virar essa bola de neve que condiciona a pol\u00edtica monet\u00e1ria. <u><\/u><u><\/u><br \/>\nCaberia perguntar quem ao longo da hist\u00f3ria aconselhou os governantes a tomar empr\u00e9stimos, dar incentivos a empres\u00e1rios e aceitar a absurda sujei\u00e7\u00e3o aos investidores internacionais. Os economistas s\u00e3o incapazes de \u00a0sugerir um passo \u201cfora da curva\u201d. S\u00e3o submissos por natureza. Seguem os manuais editados pelas matrizes. \u00a0<u><\/u><u><\/u><br \/>\nA doutrina da subservi\u00eancia rola cotidianamente em esta\u00e7\u00f5es de TV, emissoras de r\u00e1dio, p\u00e1ginas de jornais e revistas. Nem se pode dizer que a doutrina\u00e7\u00e3o seja exclusividade da Globo, pois em outras emissoras e em outras publica\u00e7\u00f5es digitais ou impressas h\u00e1 rep\u00f3rteres segurando o microfone para a prega\u00e7\u00e3o das autoridades monet\u00e1rias. \u00a0<u><\/u><u><\/u><br \/>\nEst\u00e1 montada e funcionando abertamente uma parceria habilidosa entre comentaristas jornal\u00edsticos, economistas do Mercado, assessores ministeriais e parlamentares chegados a ocupar tribunas e dar entrevistas, alimentando o c\u00edrculo vicioso do notici\u00e1rio tendencioso. <u><\/u><u><\/u><br \/>\nMuito desse jogo se alimenta de propinas. Na m\u00eddia, as jogadas t\u00eam nome: jab\u00e1 ou jabacul\u00ea, geralmente mixarias. \u00c9 constrangedor ver pessoas inteligentes vendendo-se por t\u00e3o pouco. \u00c9 humilhante ver pessoas com estudo se submetendo a propagar ideias escravizadoras da maioria. \u00a0<u><\/u><u><\/u><br \/>\nLEMBRETE DE OCASI\u00c3O<u><\/u><u><\/u><br \/>\n\u201cDesde o advento da civiliza\u00e7\u00e3o, chegou a ser t\u00e3o grande o aumento da riqueza, assumindo formas t\u00e3o variadas, de aplica\u00e7\u00e3o t\u00e3o extensa, e t\u00e3o habilmente administrada no interesse dos seus possuidores, que ela, a riqueza, transformou-se numa for\u00e7a incontrol\u00e1vel, oposta ao povo. A intelig\u00eancia humana v\u00ea-se impotente e desnorteada diante de sua pr\u00f3pria cria\u00e7\u00e3o. Contudo, chegar\u00e1 um tempo em que a raz\u00e3o humana ser\u00e1 suficientemente forte para dominar a riqueza e fixar as rela\u00e7\u00f5es do Estado com a propriedade que ele protege e os limites aos direitos dos propriet\u00e1rios. Os interesses da sociedade s\u00e3o absolutamente superiores aos interesses individuais, e entre uns e outros deve estabelecer-se uma rela\u00e7\u00e3o justa e harm\u00f4nica. A simples ca\u00e7a \u00e0 riqueza n\u00e3o \u00e9 a finalidade, o destino da humanidade.\u201d<u><\/u><u><\/u><br \/>\nLewis Henry Morgan (1818-1881), cientista social norte-americano citado por Engels e Marx em seus estudos sobre a realidade europeia do s\u00e9culo XIX<\/p>\n<div class=\"yj6qo\"><\/div>\n<\/div>\n<\/div>\n<\/div>\n<div class=\"hi\"><\/div>\n<\/div>\n<div class=\"ajx\"><\/div>\n<\/div>\n<div class=\"gA gt acV\">\n<div class=\"gB xu\">\n<div class=\"ip iq\">\n<div id=\":lo\">\n<table class=\"cf FVrZGe\">\n<tbody>\n<tr style=\"height: 24.9666px\">\n<td class=\"amq\" style=\"width: 214.5px;height: 24.9666px\"><\/td>\n<td class=\"amr\" style=\"width: 214.5px;height: 24.9666px\"><\/td>\n<\/tr>\n<\/tbody>\n<\/table>\n<\/div>\n<\/div>\n<\/div>\n<\/div>\n<\/div>\n<\/div>\n<\/div>\n<\/div>\n<\/div>\n<\/div>\n<div class=\"nH\"><\/div>\n<div class=\"nH\"><\/div>\n<\/div>\n<\/div>\n<div class=\"nH\"><\/div>\n<\/div>\n<\/td>\n<td class=\"Bu yM\"><\/td>\n<td class=\"Bu y3\"><\/td>\n<\/tr>\n<\/tbody>\n<\/table>\n<p>&nbsp;<\/p>\n","protected":false},"excerpt":{"rendered":"<p>&nbsp; \u00a0\u00c9 constrangedor ver pessoas inteligentes repetirem chav\u00f5es escravocratas GERALDO HASSE Uma noite dessas vi a jornalista Miriam Leit\u00e3o entrevistando na Globo News o economista Arminio Fraga, ex-presidente do Banco Central do Brasil no governo do presidente Fernando Henrique Cardoso (1995-2002). Fiquei constrangido com a cumplicidade entre a rep\u00f3rter e o s\u00e1bio das finan\u00e7as da [&hellip;]<\/p>\n","protected":false},"author":8,"featured_media":0,"comment_status":"open","ping_status":"closed","sticky":false,"template":"","format":"standard","meta":{"jetpack_post_was_ever_published":false,"_jetpack_newsletter_access":"","_jetpack_dont_email_post_to_subs":false,"_jetpack_newsletter_tier_id":0,"_jetpack_memberships_contains_paywalled_content":false,"_jetpack_memberships_contains_paid_content":false,"footnotes":"","jetpack_publicize_message":"","jetpack_publicize_feature_enabled":true,"jetpack_social_post_already_shared":false,"jetpack_social_options":{"image_generator_settings":{"template":"highway","default_image_id":0,"font":"","enabled":false},"version":2}},"categories":[2],"tags":[],"class_list":["post-45262","post","type-post","status-publish","format-standard","hentry","category-analiseopiniao"],"aioseo_notices":[],"jetpack_publicize_connections":[],"jetpack_featured_media_url":"","jetpack-related-posts":[{"id":84557,"url":"https:\/\/www.jornalja.com.br\/colunas\/entrevista-com-leonel-brizola-como-nascem-as-falsificacoes-historicas\/","url_meta":{"origin":45262,"position":0},"title":"Entrevista com Leonel Brizola: Como nascem as falsifica\u00e7\u00f5es hist\u00f3ricas","author":"An\u00e1lise &amp; Opini\u00e3o","date":"2 de mar\u00e7o de 2026","format":false,"excerpt":"SILVANA MOURA Mais do que direito \u00e0 Hist\u00f3ria, temos o direito \u00e0 verdade da Hist\u00f3ria, para evitar um passado falsificado, supostamente \u201climpo\u201d, eivado de manipula\u00e7\u00e3o e pretensa uniformidade. Em 1996 realizei, em Carazinho, uma Entrevista de Hist\u00f3ria Oral (sou Historiadora e trabalho com Hist\u00f3ria Oral h\u00e1 40 anos) com Leonel\u2026","rel":"","context":"Em &quot;An\u00e1lise&amp;Opini\u00e3o&quot;","block_context":{"text":"An\u00e1lise&amp;Opini\u00e3o","link":"https:\/\/www.jornalja.com.br\/colunas\/category\/analiseopiniao\/"},"img":{"alt_text":"","src":"","width":0,"height":0},"classes":[]}],"jetpack_shortlink":"https:\/\/wp.me\/pbKo0s-bM2","jetpack_sharing_enabled":true,"_links":{"self":[{"href":"https:\/\/www.jornalja.com.br\/colunas\/wp-json\/wp\/v2\/posts\/45262","targetHints":{"allow":["GET"]}}],"collection":[{"href":"https:\/\/www.jornalja.com.br\/colunas\/wp-json\/wp\/v2\/posts"}],"about":[{"href":"https:\/\/www.jornalja.com.br\/colunas\/wp-json\/wp\/v2\/types\/post"}],"author":[{"embeddable":true,"href":"https:\/\/www.jornalja.com.br\/colunas\/wp-json\/wp\/v2\/users\/8"}],"replies":[{"embeddable":true,"href":"https:\/\/www.jornalja.com.br\/colunas\/wp-json\/wp\/v2\/comments?post=45262"}],"version-history":[{"count":0,"href":"https:\/\/www.jornalja.com.br\/colunas\/wp-json\/wp\/v2\/posts\/45262\/revisions"}],"wp:attachment":[{"href":"https:\/\/www.jornalja.com.br\/colunas\/wp-json\/wp\/v2\/media?parent=45262"}],"wp:term":[{"taxonomy":"category","embeddable":true,"href":"https:\/\/www.jornalja.com.br\/colunas\/wp-json\/wp\/v2\/categories?post=45262"},{"taxonomy":"post_tag","embeddable":true,"href":"https:\/\/www.jornalja.com.br\/colunas\/wp-json\/wp\/v2\/tags?post=45262"}],"curies":[{"name":"wp","href":"https:\/\/api.w.org\/{rel}","templated":true}]}}