{"id":50483,"date":"2017-06-23T18:59:45","date_gmt":"2017-06-23T21:59:45","guid":{"rendered":"https:\/\/www.jornalja.com.br\/?p=50483"},"modified":"2017-06-23T18:59:45","modified_gmt":"2017-06-23T21:59:45","slug":"salgado-filho-e-as-leis-trabalhistas","status":"publish","type":"post","link":"https:\/\/www.jornalja.com.br\/colunas\/salgado-filho-e-as-leis-trabalhistas\/","title":{"rendered":"Salgado Filho e as leis trabalhistas"},"content":{"rendered":"<p>Certo dia, no ano de 1934, andando no centro do Rio, o ministro do Trabalho, Joaquim Pedro Salgado Filho, viu um vendedor ambulante sendo esbulhado por um fiscal municipal, que supunha cumprir seu dever em prol da regularidade do com\u00e9rcio.<br \/>\nO pobre pediu clem\u00eancia, pois estava tentando levar algum dinheiro para casa, mulher e filhos. N\u00e3o teve indulg\u00eancia.<br \/>\nAp\u00f3s assistir \u00e0 cena, o ministro voltou ao seu gabinete e iniciou as provid\u00eancias para regulamentar o com\u00e9rcio de ambulantes. Coisa que fez nos dias seguintes, emendada em medidas que estabeleceram no Brasil as bases da legisla\u00e7\u00e3o trabalhista \u2013 jornada de oito horas, regulamenta\u00e7\u00e3o do trabalho feminino, entre outras \u2013 que seriam reunidas, em 1943, na Consolida\u00e7\u00e3o das Leis do Trabalho, cuja reforma est\u00e1 em discuss\u00e3o no Senado Federal.<br \/>\nImposs\u00edvel n\u00e3o lembrar o papel hist\u00f3rico de Salgado Filho nesse momento em que 15 milh\u00f5es de desempregados e outros tantos milh\u00f5es de subempregados, biscateiros e pingentes lutam pela sobreviv\u00eancia no pa\u00eds varrido por esc\u00e2ndalos de corrup\u00e7\u00e3o nas altas esferas do poder. Recordemos, pois.<br \/>\nGa\u00facho de Porto Alegre, onde nasceu em 1888, Salgado Filho era formado em Direito. Al\u00e9m de substituir Lindolfo Collor no Minist\u00e9rio do Trabalho entre 1932 e 1934, foi senador e o primeiro ministro da Aeron\u00e1utica, nomeado em 1941, quando passou a negociar \u2013 principalmente com o aliado norte-americano &#8212; as bases da instala\u00e7\u00e3o da ind\u00fastria de avi\u00f5es no Brasil.<br \/>\nEm julho de 1950, candidato a governador do Rio Grande do Sul, morreu num acidente a\u00e9reo em S\u00e3o Francisco de Assis, quando viajava para um encontro com seu amigo Getulio Vargas, na Fazenda Itu, em S\u00e3o Borja. H\u00e1 suspeitas de que o acidente n\u00e3o foi exatamente acidental.<\/p>\n","protected":false},"excerpt":{"rendered":"<p>Certo dia, no ano de 1934, andando no centro do Rio, o ministro do Trabalho, Joaquim Pedro Salgado Filho, viu um vendedor ambulante sendo esbulhado por um fiscal municipal, que supunha cumprir seu dever em prol da regularidade do com\u00e9rcio. O pobre pediu clem\u00eancia, pois estava tentando levar algum dinheiro para casa, mulher e filhos. [&hellip;]<\/p>\n","protected":false},"author":8,"featured_media":0,"comment_status":"open","ping_status":"closed","sticky":false,"template":"","format":"standard","meta":{"jetpack_post_was_ever_published":false,"_jetpack_newsletter_access":"","_jetpack_dont_email_post_to_subs":false,"_jetpack_newsletter_tier_id":0,"_jetpack_memberships_contains_paywalled_content":false,"_jetpack_memberships_contains_paid_content":false,"footnotes":"","jetpack_publicize_message":"","jetpack_publicize_feature_enabled":true,"jetpack_social_post_already_shared":false,"jetpack_social_options":{"image_generator_settings":{"template":"highway","default_image_id":0,"font":"","enabled":false},"version":2}},"categories":[2],"tags":[],"class_list":["post-50483","post","type-post","status-publish","format-standard","hentry","category-analiseopiniao"],"aioseo_notices":[],"jetpack_publicize_connections":[],"jetpack_featured_media_url":"","jetpack-related-posts":[{"id":84693,"url":"https:\/\/www.jornalja.com.br\/colunas\/fim-da-escala-6x1-cabe-ao-congresso-decidir-entre-o-progresso-e-o-atraso\/","url_meta":{"origin":50483,"position":0},"title":"Fim da escala 6&#215;1: cabe ao Congresso decidir entre o progresso e o atraso","author":"da Reda\u00e7\u00e3o","date":"20 de abril de 2026","format":false,"excerpt":"Plen\u00e1rio da C\u00e2mara dos Deputados durante sess\u00e3o solene do Congresso Nacional. Caber\u00e1 ao parlamento a decis\u00e3o final sobre a nova escala de trabalho. Foto: Leopoldo Silva\/Ag\u00eancia Senado CRISTIANO GOLDSCHMIDT A discuss\u00e3o sobre o fim da escala de trabalho 6x1 no Brasil tem ganhado centralidade no debate p\u00fablico contempor\u00e2neo por tocar\u2026","rel":"","context":"Em &quot;An\u00e1lise&amp;Opini\u00e3o&quot;","block_context":{"text":"An\u00e1lise&amp;Opini\u00e3o","link":"https:\/\/www.jornalja.com.br\/colunas\/category\/analiseopiniao\/"},"img":{"alt_text":"","src":"https:\/\/i0.wp.com\/www.jornalja.com.br\/colunas\/wp-content\/uploads\/sites\/5\/2026\/04\/plenario-do-congresso-nacional-posse-presidencial-2023-foto-de-leopoldo-silva-agencia-senado-scaled.jpg?resize=350%2C200&ssl=1","width":350,"height":200,"srcset":"https:\/\/i0.wp.com\/www.jornalja.com.br\/colunas\/wp-content\/uploads\/sites\/5\/2026\/04\/plenario-do-congresso-nacional-posse-presidencial-2023-foto-de-leopoldo-silva-agencia-senado-scaled.jpg?resize=350%2C200&ssl=1 1x, https:\/\/i0.wp.com\/www.jornalja.com.br\/colunas\/wp-content\/uploads\/sites\/5\/2026\/04\/plenario-do-congresso-nacional-posse-presidencial-2023-foto-de-leopoldo-silva-agencia-senado-scaled.jpg?resize=525%2C300&ssl=1 1.5x, https:\/\/i0.wp.com\/www.jornalja.com.br\/colunas\/wp-content\/uploads\/sites\/5\/2026\/04\/plenario-do-congresso-nacional-posse-presidencial-2023-foto-de-leopoldo-silva-agencia-senado-scaled.jpg?resize=700%2C400&ssl=1 2x, https:\/\/i0.wp.com\/www.jornalja.com.br\/colunas\/wp-content\/uploads\/sites\/5\/2026\/04\/plenario-do-congresso-nacional-posse-presidencial-2023-foto-de-leopoldo-silva-agencia-senado-scaled.jpg?resize=1050%2C600&ssl=1 3x, https:\/\/i0.wp.com\/www.jornalja.com.br\/colunas\/wp-content\/uploads\/sites\/5\/2026\/04\/plenario-do-congresso-nacional-posse-presidencial-2023-foto-de-leopoldo-silva-agencia-senado-scaled.jpg?resize=1400%2C800&ssl=1 4x"},"classes":[]},{"id":84681,"url":"https:\/\/www.jornalja.com.br\/colunas\/recordar-zuzu-angel-50-anos-apos-sua-morte-e-um-ato-etico\/","url_meta":{"origin":50483,"position":1},"title":"Recordar Zuzu Angel 50 anos ap\u00f3s sua morte \u00e9 um ato \u00e9tico","author":"da Reda\u00e7\u00e3o","date":"16 de abril de 2026","format":false,"excerpt":"CRISTIANO GOLDSCHMIDT Cinco d\u00e9cadas transcorreram desde o silenciamento brutal de Zuzu Angel (05 de junho de 1921 - 14 de abril de 1976), e ainda assim sua voz persiste \u2014 n\u00e3o como eco esmaecido, mas como um timbre agudo que rasga o tecido do tempo e se inscreve na mem\u00f3ria\u2026","rel":"","context":"Em &quot;An\u00e1lise&amp;Opini\u00e3o&quot;","block_context":{"text":"An\u00e1lise&amp;Opini\u00e3o","link":"https:\/\/www.jornalja.com.br\/colunas\/category\/analiseopiniao\/"},"img":{"alt_text":"","src":"https:\/\/i0.wp.com\/www.jornalja.com.br\/colunas\/wp-content\/uploads\/sites\/5\/2026\/04\/zuzu-angel-1972-fotografo-desconhecido-colecao-arquivo-nacional.jpg?resize=350%2C200&ssl=1","width":350,"height":200,"srcset":"https:\/\/i0.wp.com\/www.jornalja.com.br\/colunas\/wp-content\/uploads\/sites\/5\/2026\/04\/zuzu-angel-1972-fotografo-desconhecido-colecao-arquivo-nacional.jpg?resize=350%2C200&ssl=1 1x, https:\/\/i0.wp.com\/www.jornalja.com.br\/colunas\/wp-content\/uploads\/sites\/5\/2026\/04\/zuzu-angel-1972-fotografo-desconhecido-colecao-arquivo-nacional.jpg?resize=525%2C300&ssl=1 1.5x, https:\/\/i0.wp.com\/www.jornalja.com.br\/colunas\/wp-content\/uploads\/sites\/5\/2026\/04\/zuzu-angel-1972-fotografo-desconhecido-colecao-arquivo-nacional.jpg?resize=700%2C400&ssl=1 2x, https:\/\/i0.wp.com\/www.jornalja.com.br\/colunas\/wp-content\/uploads\/sites\/5\/2026\/04\/zuzu-angel-1972-fotografo-desconhecido-colecao-arquivo-nacional.jpg?resize=1050%2C600&ssl=1 3x"},"classes":[]},{"id":84690,"url":"https:\/\/www.jornalja.com.br\/colunas\/17-de-abril-de-1996-30-anos-do-massacre-de-eldorado-do-carajas\/","url_meta":{"origin":50483,"position":2},"title":"17 de abril de 1996: 30 anos do Massacre de Eldorado do Caraj\u00e1s","author":"da Reda\u00e7\u00e3o","date":"17 de abril de 2026","format":false,"excerpt":"Cruz marca o local do massacre em Eldorado dos Caraj\u00e1s, Par\u00e1. Foto: Marcello Casal Jr.\/Arquivo ABr CRISTIANO GOLDSCHMIDT H\u00e1 datas que n\u00e3o passam. Ficam suspensas no tempo como poeira vermelha sobre a pele \u2014 insistem, infiltram-se, recusam o esquecimento. Abril, no sul do Par\u00e1, \u00e9 sempre um m\u00eas que arde.\u2026","rel":"","context":"Em &quot;An\u00e1lise&amp;Opini\u00e3o&quot;","block_context":{"text":"An\u00e1lise&amp;Opini\u00e3o","link":"https:\/\/www.jornalja.com.br\/colunas\/category\/analiseopiniao\/"},"img":{"alt_text":"","src":"https:\/\/i0.wp.com\/www.jornalja.com.br\/colunas\/wp-content\/uploads\/sites\/5\/2026\/04\/mc006.jpg?resize=350%2C200&ssl=1","width":350,"height":200,"srcset":"https:\/\/i0.wp.com\/www.jornalja.com.br\/colunas\/wp-content\/uploads\/sites\/5\/2026\/04\/mc006.jpg?resize=350%2C200&ssl=1 1x, https:\/\/i0.wp.com\/www.jornalja.com.br\/colunas\/wp-content\/uploads\/sites\/5\/2026\/04\/mc006.jpg?resize=525%2C300&ssl=1 1.5x, https:\/\/i0.wp.com\/www.jornalja.com.br\/colunas\/wp-content\/uploads\/sites\/5\/2026\/04\/mc006.jpg?resize=700%2C400&ssl=1 2x, https:\/\/i0.wp.com\/www.jornalja.com.br\/colunas\/wp-content\/uploads\/sites\/5\/2026\/04\/mc006.jpg?resize=1050%2C600&ssl=1 3x, https:\/\/i0.wp.com\/www.jornalja.com.br\/colunas\/wp-content\/uploads\/sites\/5\/2026\/04\/mc006.jpg?resize=1400%2C800&ssl=1 4x"},"classes":[]},{"id":84557,"url":"https:\/\/www.jornalja.com.br\/colunas\/entrevista-com-leonel-brizola-como-nascem-as-falsificacoes-historicas\/","url_meta":{"origin":50483,"position":3},"title":"Entrevista com Leonel Brizola: Como nascem as falsifica\u00e7\u00f5es hist\u00f3ricas","author":"An\u00e1lise &amp; Opini\u00e3o","date":"2 de mar\u00e7o de 2026","format":false,"excerpt":"SILVANA MOURA Mais do que direito \u00e0 Hist\u00f3ria, temos o direito \u00e0 verdade da Hist\u00f3ria, para evitar um passado falsificado, supostamente \u201climpo\u201d, eivado de manipula\u00e7\u00e3o e pretensa uniformidade. Em 1996 realizei, em Carazinho, uma Entrevista de Hist\u00f3ria Oral (sou Historiadora e trabalho com Hist\u00f3ria Oral h\u00e1 40 anos) com Leonel\u2026","rel":"","context":"Em &quot;An\u00e1lise&amp;Opini\u00e3o&quot;","block_context":{"text":"An\u00e1lise&amp;Opini\u00e3o","link":"https:\/\/www.jornalja.com.br\/colunas\/category\/analiseopiniao\/"},"img":{"alt_text":"","src":"","width":0,"height":0},"classes":[]},{"id":84632,"url":"https:\/\/www.jornalja.com.br\/colunas\/medicos-alertam-para-os-riscos-a-saude-de-nova-fabrica-de-celulose-da-cmpc\/","url_meta":{"origin":50483,"position":4},"title":"M\u00e9dicos alertam para os riscos \u00e0 sa\u00fade de nova f\u00e1brica de celulose da CMPC","author":"Cleber Dioni Tentardini","date":"14 de abril de 2026","format":false,"excerpt":"ROSELAINE MURLIK * Represento um grupo de profissionais da medicina que, h\u00e1 alguns anos, estuda os diferentes impactos das mudan\u00e7as clim\u00e1ticas e da polui\u00e7\u00e3o ambiental nos ecossistemas na sa\u00fade humana e do planeta. Causa preocupa\u00e7\u00e3o o novo megaempreendimento de celulose da empresa chilena CMPC em Barra do Ribeiro (RS), pr\u00f3ximo\u2026","rel":"","context":"Em &quot;An\u00e1lise&amp;Opini\u00e3o&quot;","block_context":{"text":"An\u00e1lise&amp;Opini\u00e3o","link":"https:\/\/www.jornalja.com.br\/colunas\/category\/analiseopiniao\/"},"img":{"alt_text":"","src":"https:\/\/i0.wp.com\/www.jornalja.com.br\/colunas\/wp-content\/uploads\/sites\/5\/2026\/04\/comite-contra-celulose.jpg?resize=350%2C200&ssl=1","width":350,"height":200},"classes":[]},{"id":84609,"url":"https:\/\/www.jornalja.com.br\/colunas\/o-centro-historico-de-porto-alegre\/","url_meta":{"origin":50483,"position":5},"title":"O Centro (Hist\u00f3rico) de Porto Alegre","author":"Cleber Dioni Tentardini","date":"30 de mar\u00e7o de 2026","format":false,"excerpt":"CLEBER DIONI TENTARDINI Porto Alegre, nove horas da manh\u00e3 do dia\u00a030\u00a0de mar\u00e7o de 2026. No \"cora\u00e7\u00e3o\" do\u00a0Centro - que j\u00e1\u00a0foi hist\u00f3rico em tempos passados,\u00a0e limpo\u00a0-,\u00a0em um trecho de\u00a0cerca de\u00a0500 metros, entre as ruas General C\u00e2mara e Senhor dos Passos, existem mais de 50 im\u00f3veis comerciais de porta de rua fechados,\u2026","rel":"","context":"Em &quot;An\u00e1lise&amp;Opini\u00e3o&quot;","block_context":{"text":"An\u00e1lise&amp;Opini\u00e3o","link":"https:\/\/www.jornalja.com.br\/colunas\/category\/analiseopiniao\/"},"img":{"alt_text":"","src":"","width":0,"height":0},"classes":[]}],"jetpack_shortlink":"https:\/\/wp.me\/pbKo0s-d8f","jetpack_sharing_enabled":true,"_links":{"self":[{"href":"https:\/\/www.jornalja.com.br\/colunas\/wp-json\/wp\/v2\/posts\/50483","targetHints":{"allow":["GET"]}}],"collection":[{"href":"https:\/\/www.jornalja.com.br\/colunas\/wp-json\/wp\/v2\/posts"}],"about":[{"href":"https:\/\/www.jornalja.com.br\/colunas\/wp-json\/wp\/v2\/types\/post"}],"author":[{"embeddable":true,"href":"https:\/\/www.jornalja.com.br\/colunas\/wp-json\/wp\/v2\/users\/8"}],"replies":[{"embeddable":true,"href":"https:\/\/www.jornalja.com.br\/colunas\/wp-json\/wp\/v2\/comments?post=50483"}],"version-history":[{"count":0,"href":"https:\/\/www.jornalja.com.br\/colunas\/wp-json\/wp\/v2\/posts\/50483\/revisions"}],"wp:attachment":[{"href":"https:\/\/www.jornalja.com.br\/colunas\/wp-json\/wp\/v2\/media?parent=50483"}],"wp:term":[{"taxonomy":"category","embeddable":true,"href":"https:\/\/www.jornalja.com.br\/colunas\/wp-json\/wp\/v2\/categories?post=50483"},{"taxonomy":"post_tag","embeddable":true,"href":"https:\/\/www.jornalja.com.br\/colunas\/wp-json\/wp\/v2\/tags?post=50483"}],"curies":[{"name":"wp","href":"https:\/\/api.w.org\/{rel}","templated":true}]}}