{"id":50783,"date":"2017-06-30T17:20:45","date_gmt":"2017-06-30T20:20:45","guid":{"rendered":"https:\/\/www.jornalja.com.br\/?p=50783"},"modified":"2017-06-30T17:20:45","modified_gmt":"2017-06-30T20:20:45","slug":"acoes-cooperativas-transformam-o-mundo","status":"publish","type":"post","link":"https:\/\/www.jornalja.com.br\/colunas\/acoes-cooperativas-transformam-o-mundo\/","title":{"rendered":"A\u00e7\u00f5es cooperativas transformam o mundo"},"content":{"rendered":"<p>Erradica\u00e7\u00e3o da pobreza, trabalho digno, crescimento econ\u00f4mico, cidades sustent\u00e1veis, parcerias em prol das metas.<br \/>\nEsses s\u00e3o alguns dos Objetivos de Desenvolvimento Sustent\u00e1vel (ODS), agenda mundial adotada durante a C\u00fapula das Na\u00e7\u00f5es Unidas, em setembro de 2015, com metas a serem atingidas at\u00e9 2030. E o que esses objetivos t\u00eam em comum?<br \/>\nTodos depositam no esfor\u00e7o coletivo, na colabora\u00e7\u00e3o, a responsabilidade de saltar do patamar do discurso ao das atitudes concretas e transformadoras.<br \/>\nOs Objetivos expressam um modelo de atua\u00e7\u00e3o diretamente ligado ao potencial de colabora\u00e7\u00e3o entre os agentes comprometidos com determinadas causas, assim como um dos pilares do cooperativismo. Juntos, indiv\u00edduos e institui\u00e7\u00f5es podem mais, s\u00e3o capazes de compartilhar conhecimento e chegar a solu\u00e7\u00f5es sustent\u00e1veis, sob os pontos de vista social, econ\u00f4mico e ambiental. Um caminho t\u00e3o ambicioso quanto necess\u00e1rio.<br \/>\nMuitas\u00a0sociedades ao redor do mundo j\u00e1 chegaram a essa conclus\u00e3o. N\u00e3o por acaso, o \u00cdndice de Desenvolvimento Humano (IDH) \u00e9 maior em munic\u00edpios com atua\u00e7\u00e3o de empreendimentos cooperativos, de acordo com pesquisa divulgada pela FEA-USP, em 2004.<br \/>\nNo Brasil, o cooperativismo tem se desenvolvido com o processo intenso de busca pela melhoria da gest\u00e3o e de iniciativas que resultam no aumento de competitividade das cooperativas.<br \/>\nAtualmente, s\u00e3o mais de 13,2 milh\u00f5es de cooperados em mais de 6.600 cooperativas que, juntas, geram 380 mil empregos diretos.\u00a0Ainda h\u00e1 um bom espa\u00e7o de crescimento do cooperativismo no Brasil para que se alcance o \u00edndice de pa\u00edses desenvolvidos, onde os cooperados s\u00e3o quase metade da popula\u00e7\u00e3o.<br \/>\nCelebrado anualmente no primeiro s\u00e1bado de julho, o Dia Internacional do Cooperativismo chancela, de forma definitiva e com alcance mundial, o papel e a import\u00e2ncia desse modelo de atua\u00e7\u00e3o para contribuir com o atingimento dos Objetivos de Desenvolvimento Sustent\u00e1vel.<br \/>\nOs impactos sociais positivos das cooperativas atingem e beneficiam n\u00e3o somente seus cooperados, mas tamb\u00e9m a popula\u00e7\u00e3o do entorno.<br \/>\nNo Brasil, especificamente, um dos maiores desafios relacionados aos ODS \u00e9 o da supera\u00e7\u00e3o das desigualdades. Esse \u00e9 um exemplo que se configura como terreno f\u00e9rtil para a atua\u00e7\u00e3o das cooperativas. Conhecer a realidade local, transitar entre as institui\u00e7\u00f5es e estabelecer rela\u00e7\u00f5es s\u00f3lidas s\u00e3o voca\u00e7\u00f5es das cooperativas, e um ativo que elas podem emprestar a toda a comunidade.<br \/>\nPor isso, o Dia Internacional do Cooperativismo \u00e9 celebrado tamb\u00e9m com o Dia C, que em 2017 traz o tema \u201cAtitudes simples movem o mundo\u201d.<br \/>\nOs desafios s\u00e3o muitos e a responsabilidade est\u00e1 em nossas m\u00e3os. Cabe a n\u00f3s, cooperados, representantes de institui\u00e7\u00f5es de fomento e apoio ao cooperativismo, acad\u00eamicos dedicados ao estudo desse modelo ou mesmo entusiastas do tema, disseminar essa pr\u00e1tica.<br \/>\n\u00c9 a nossa contribui\u00e7\u00e3o para um futuro mais sustent\u00e1vel. Em um cen\u00e1rio em que cooperar \u00e9 o caminho, compartilhar conhecimento \u00e9 o primeiro passo.<br \/>\n<em>*M\u00e1rcio Lopes de Freitas \u00e9 presidente do Sistema OCB<\/em><br \/>\n&nbsp;<br \/>\n&nbsp;<\/p>\n","protected":false},"excerpt":{"rendered":"<p>Erradica\u00e7\u00e3o da pobreza, trabalho digno, crescimento econ\u00f4mico, cidades sustent\u00e1veis, parcerias em prol das metas. Esses s\u00e3o alguns dos Objetivos de Desenvolvimento Sustent\u00e1vel (ODS), agenda mundial adotada durante a C\u00fapula das Na\u00e7\u00f5es Unidas, em setembro de 2015, com metas a serem atingidas at\u00e9 2030. E o que esses objetivos t\u00eam em comum? Todos depositam no esfor\u00e7o [&hellip;]<\/p>\n","protected":false},"author":4,"featured_media":50784,"comment_status":"open","ping_status":"closed","sticky":false,"template":"","format":"standard","meta":{"jetpack_post_was_ever_published":false,"_jetpack_newsletter_access":"","_jetpack_dont_email_post_to_subs":false,"_jetpack_newsletter_tier_id":0,"_jetpack_memberships_contains_paywalled_content":false,"_jetpack_memberships_contains_paid_content":false,"footnotes":"","jetpack_publicize_message":"","jetpack_publicize_feature_enabled":true,"jetpack_social_post_already_shared":false,"jetpack_social_options":{"image_generator_settings":{"template":"highway","default_image_id":0,"font":"","enabled":false},"version":2}},"categories":[2],"tags":[],"class_list":["post-50783","post","type-post","status-publish","format-standard","has-post-thumbnail","hentry","category-analiseopiniao"],"aioseo_notices":[],"jetpack_publicize_connections":[],"jetpack_featured_media_url":"","jetpack-related-posts":[{"id":84693,"url":"https:\/\/www.jornalja.com.br\/colunas\/fim-da-escala-6x1-cabe-ao-congresso-decidir-entre-o-progresso-e-o-atraso\/","url_meta":{"origin":50783,"position":0},"title":"Fim da escala 6&#215;1: cabe ao Congresso decidir entre o progresso e o atraso","author":"da Reda\u00e7\u00e3o","date":"20 de abril de 2026","format":false,"excerpt":"Plen\u00e1rio da C\u00e2mara dos Deputados durante sess\u00e3o solene do Congresso Nacional. Caber\u00e1 ao parlamento a decis\u00e3o final sobre a nova escala de trabalho. Foto: Leopoldo Silva\/Ag\u00eancia Senado CRISTIANO GOLDSCHMIDT A discuss\u00e3o sobre o fim da escala de trabalho 6x1 no Brasil tem ganhado centralidade no debate p\u00fablico contempor\u00e2neo por tocar\u2026","rel":"","context":"Em &quot;An\u00e1lise&amp;Opini\u00e3o&quot;","block_context":{"text":"An\u00e1lise&amp;Opini\u00e3o","link":"https:\/\/www.jornalja.com.br\/colunas\/category\/analiseopiniao\/"},"img":{"alt_text":"","src":"https:\/\/i0.wp.com\/www.jornalja.com.br\/colunas\/wp-content\/uploads\/sites\/5\/2026\/04\/plenario-do-congresso-nacional-posse-presidencial-2023-foto-de-leopoldo-silva-agencia-senado-scaled.jpg?resize=350%2C200&ssl=1","width":350,"height":200,"srcset":"https:\/\/i0.wp.com\/www.jornalja.com.br\/colunas\/wp-content\/uploads\/sites\/5\/2026\/04\/plenario-do-congresso-nacional-posse-presidencial-2023-foto-de-leopoldo-silva-agencia-senado-scaled.jpg?resize=350%2C200&ssl=1 1x, https:\/\/i0.wp.com\/www.jornalja.com.br\/colunas\/wp-content\/uploads\/sites\/5\/2026\/04\/plenario-do-congresso-nacional-posse-presidencial-2023-foto-de-leopoldo-silva-agencia-senado-scaled.jpg?resize=525%2C300&ssl=1 1.5x, https:\/\/i0.wp.com\/www.jornalja.com.br\/colunas\/wp-content\/uploads\/sites\/5\/2026\/04\/plenario-do-congresso-nacional-posse-presidencial-2023-foto-de-leopoldo-silva-agencia-senado-scaled.jpg?resize=700%2C400&ssl=1 2x, https:\/\/i0.wp.com\/www.jornalja.com.br\/colunas\/wp-content\/uploads\/sites\/5\/2026\/04\/plenario-do-congresso-nacional-posse-presidencial-2023-foto-de-leopoldo-silva-agencia-senado-scaled.jpg?resize=1050%2C600&ssl=1 3x, https:\/\/i0.wp.com\/www.jornalja.com.br\/colunas\/wp-content\/uploads\/sites\/5\/2026\/04\/plenario-do-congresso-nacional-posse-presidencial-2023-foto-de-leopoldo-silva-agencia-senado-scaled.jpg?resize=1400%2C800&ssl=1 4x"},"classes":[]},{"id":84748,"url":"https:\/\/www.jornalja.com.br\/colunas\/a-literatura-brasileira-no-dia-do-trabalhador\/","url_meta":{"origin":50783,"position":1},"title":"A Literatura Brasileira no Dia do Trabalho","author":"An\u00e1lise &amp; Opini\u00e3o","date":"1 de maio de 2026","format":false,"excerpt":"Por Cristiano Goldschmidt O 1\u00ba de maio costuma ser lembrado pelo peso hist\u00f3rico das lutas trabalhistas, pelo som das manifesta\u00e7\u00f5es e pela mem\u00f3ria viva de direitos conquistados ao longo de d\u00e9cadas. No entanto, essa mesma data abriga uma outra forma de celebra\u00e7\u00e3o, menos ruidosa, mas igualmente significativa: o Dia da\u2026","rel":"","context":"Em &quot;An\u00e1lise&amp;Opini\u00e3o&quot;","block_context":{"text":"An\u00e1lise&amp;Opini\u00e3o","link":"https:\/\/www.jornalja.com.br\/colunas\/category\/analiseopiniao\/"},"img":{"alt_text":"","src":"https:\/\/i0.wp.com\/www.jornalja.com.br\/colunas\/wp-content\/uploads\/sites\/5\/2026\/05\/image-1.png?resize=350%2C200&ssl=1","width":350,"height":200,"srcset":"https:\/\/i0.wp.com\/www.jornalja.com.br\/colunas\/wp-content\/uploads\/sites\/5\/2026\/05\/image-1.png?resize=350%2C200&ssl=1 1x, https:\/\/i0.wp.com\/www.jornalja.com.br\/colunas\/wp-content\/uploads\/sites\/5\/2026\/05\/image-1.png?resize=525%2C300&ssl=1 1.5x, https:\/\/i0.wp.com\/www.jornalja.com.br\/colunas\/wp-content\/uploads\/sites\/5\/2026\/05\/image-1.png?resize=700%2C400&ssl=1 2x, https:\/\/i0.wp.com\/www.jornalja.com.br\/colunas\/wp-content\/uploads\/sites\/5\/2026\/05\/image-1.png?resize=1050%2C600&ssl=1 3x"},"classes":[]},{"id":84690,"url":"https:\/\/www.jornalja.com.br\/colunas\/17-de-abril-de-1996-30-anos-do-massacre-de-eldorado-do-carajas\/","url_meta":{"origin":50783,"position":2},"title":"17 de abril de 1996: 30 anos do Massacre de Eldorado do Caraj\u00e1s","author":"da Reda\u00e7\u00e3o","date":"17 de abril de 2026","format":false,"excerpt":"Cruz marca o local do massacre em Eldorado dos Caraj\u00e1s, Par\u00e1. Foto: Marcello Casal Jr.\/Arquivo ABr CRISTIANO GOLDSCHMIDT H\u00e1 datas que n\u00e3o passam. Ficam suspensas no tempo como poeira vermelha sobre a pele \u2014 insistem, infiltram-se, recusam o esquecimento. Abril, no sul do Par\u00e1, \u00e9 sempre um m\u00eas que arde.\u2026","rel":"","context":"Em &quot;An\u00e1lise&amp;Opini\u00e3o&quot;","block_context":{"text":"An\u00e1lise&amp;Opini\u00e3o","link":"https:\/\/www.jornalja.com.br\/colunas\/category\/analiseopiniao\/"},"img":{"alt_text":"","src":"https:\/\/i0.wp.com\/www.jornalja.com.br\/colunas\/wp-content\/uploads\/sites\/5\/2026\/04\/mc006.jpg?resize=350%2C200&ssl=1","width":350,"height":200,"srcset":"https:\/\/i0.wp.com\/www.jornalja.com.br\/colunas\/wp-content\/uploads\/sites\/5\/2026\/04\/mc006.jpg?resize=350%2C200&ssl=1 1x, https:\/\/i0.wp.com\/www.jornalja.com.br\/colunas\/wp-content\/uploads\/sites\/5\/2026\/04\/mc006.jpg?resize=525%2C300&ssl=1 1.5x, https:\/\/i0.wp.com\/www.jornalja.com.br\/colunas\/wp-content\/uploads\/sites\/5\/2026\/04\/mc006.jpg?resize=700%2C400&ssl=1 2x, https:\/\/i0.wp.com\/www.jornalja.com.br\/colunas\/wp-content\/uploads\/sites\/5\/2026\/04\/mc006.jpg?resize=1050%2C600&ssl=1 3x, https:\/\/i0.wp.com\/www.jornalja.com.br\/colunas\/wp-content\/uploads\/sites\/5\/2026\/04\/mc006.jpg?resize=1400%2C800&ssl=1 4x"},"classes":[]},{"id":84622,"url":"https:\/\/www.jornalja.com.br\/colunas\/13-de-abril-queriam-transformar-o-hino-nacional-em-grito-de-guerra-mas-ele-insiste-em-ser-canto-de-paz\/","url_meta":{"origin":50783,"position":3},"title":"13 de abril: Queriam transformar o Hino Nacional em grito de guerra, mas ele insiste em ser canto de paz","author":"da Reda\u00e7\u00e3o","date":"13 de abril de 2026","format":false,"excerpt":"CRISTIANO GOLDSCHMIDT No calend\u00e1rio das datas c\u00edvicas, o 13 de abril passa quase em sil\u00eancio, como um acorde sustentado que poucos escutam at\u00e9 o fim. N\u00e3o h\u00e1 fogos, n\u00e3o h\u00e1 desfiles grandiosos, n\u00e3o h\u00e1 a coreografia ensaiada das celebra\u00e7\u00f5es que se imp\u00f5em ao olhar. H\u00e1, antes, uma esp\u00e9cie de pausa\u2026","rel":"","context":"Em &quot;An\u00e1lise&amp;Opini\u00e3o&quot;","block_context":{"text":"An\u00e1lise&amp;Opini\u00e3o","link":"https:\/\/www.jornalja.com.br\/colunas\/category\/analiseopiniao\/"},"img":{"alt_text":"","src":"https:\/\/i0.wp.com\/www.jornalja.com.br\/colunas\/wp-content\/uploads\/sites\/5\/2026\/04\/imagem-do-poeta-brasileiro-joaquim-osorio-duque-estrada-autor-da-letra-do-hino-nacional-escaneada-do-livro-flora-de-maio-edicao-de-1902.jpg?resize=350%2C200&ssl=1","width":350,"height":200,"srcset":"https:\/\/i0.wp.com\/www.jornalja.com.br\/colunas\/wp-content\/uploads\/sites\/5\/2026\/04\/imagem-do-poeta-brasileiro-joaquim-osorio-duque-estrada-autor-da-letra-do-hino-nacional-escaneada-do-livro-flora-de-maio-edicao-de-1902.jpg?resize=350%2C200&ssl=1 1x, https:\/\/i0.wp.com\/www.jornalja.com.br\/colunas\/wp-content\/uploads\/sites\/5\/2026\/04\/imagem-do-poeta-brasileiro-joaquim-osorio-duque-estrada-autor-da-letra-do-hino-nacional-escaneada-do-livro-flora-de-maio-edicao-de-1902.jpg?resize=525%2C300&ssl=1 1.5x"},"classes":[]},{"id":84737,"url":"https:\/\/www.jornalja.com.br\/colunas\/dia-internacional-da-educacao-o-brasil-que-se-revela-na-sala-de-aula\/","url_meta":{"origin":50783,"position":4},"title":"Dia Internacional da Educa\u00e7\u00e3o: o Brasil que se revela na sala de aula","author":"An\u00e1lise &amp; Opini\u00e3o","date":"28 de abril de 2026","format":false,"excerpt":"CRISTIANO GOLDSCHMIDT A educa\u00e7\u00e3o n\u00e3o se deixa apreender como um simples conceito est\u00e1vel ou como um consenso j\u00e1 dado. Ela se apresenta, antes, como um campo de tens\u00f5es, no qual se entrecruzam disputas de sentido, sil\u00eancios hist\u00f3ricos e projetos de sociedade. Pensar a educa\u00e7\u00e3o, nesse horizonte, implica reconhecer que educar\u2026","rel":"","context":"Em &quot;An\u00e1lise&amp;Opini\u00e3o&quot;","block_context":{"text":"An\u00e1lise&amp;Opini\u00e3o","link":"https:\/\/www.jornalja.com.br\/colunas\/category\/analiseopiniao\/"},"img":{"alt_text":"","src":"https:\/\/i0.wp.com\/www.jornalja.com.br\/colunas\/wp-content\/uploads\/sites\/5\/2026\/04\/image-1.png?resize=350%2C200&ssl=1","width":350,"height":200,"srcset":"https:\/\/i0.wp.com\/www.jornalja.com.br\/colunas\/wp-content\/uploads\/sites\/5\/2026\/04\/image-1.png?resize=350%2C200&ssl=1 1x, https:\/\/i0.wp.com\/www.jornalja.com.br\/colunas\/wp-content\/uploads\/sites\/5\/2026\/04\/image-1.png?resize=525%2C300&ssl=1 1.5x, https:\/\/i0.wp.com\/www.jornalja.com.br\/colunas\/wp-content\/uploads\/sites\/5\/2026\/04\/image-1.png?resize=700%2C400&ssl=1 2x"},"classes":[]},{"id":84681,"url":"https:\/\/www.jornalja.com.br\/colunas\/recordar-zuzu-angel-50-anos-apos-sua-morte-e-um-ato-etico\/","url_meta":{"origin":50783,"position":5},"title":"Recordar Zuzu Angel 50 anos ap\u00f3s sua morte \u00e9 um ato \u00e9tico","author":"da Reda\u00e7\u00e3o","date":"16 de abril de 2026","format":false,"excerpt":"CRISTIANO GOLDSCHMIDT Cinco d\u00e9cadas transcorreram desde o silenciamento brutal de Zuzu Angel (05 de junho de 1921 - 14 de abril de 1976), e ainda assim sua voz persiste \u2014 n\u00e3o como eco esmaecido, mas como um timbre agudo que rasga o tecido do tempo e se inscreve na mem\u00f3ria\u2026","rel":"","context":"Em &quot;An\u00e1lise&amp;Opini\u00e3o&quot;","block_context":{"text":"An\u00e1lise&amp;Opini\u00e3o","link":"https:\/\/www.jornalja.com.br\/colunas\/category\/analiseopiniao\/"},"img":{"alt_text":"","src":"https:\/\/i0.wp.com\/www.jornalja.com.br\/colunas\/wp-content\/uploads\/sites\/5\/2026\/04\/zuzu-angel-1972-fotografo-desconhecido-colecao-arquivo-nacional.jpg?resize=350%2C200&ssl=1","width":350,"height":200,"srcset":"https:\/\/i0.wp.com\/www.jornalja.com.br\/colunas\/wp-content\/uploads\/sites\/5\/2026\/04\/zuzu-angel-1972-fotografo-desconhecido-colecao-arquivo-nacional.jpg?resize=350%2C200&ssl=1 1x, https:\/\/i0.wp.com\/www.jornalja.com.br\/colunas\/wp-content\/uploads\/sites\/5\/2026\/04\/zuzu-angel-1972-fotografo-desconhecido-colecao-arquivo-nacional.jpg?resize=525%2C300&ssl=1 1.5x, https:\/\/i0.wp.com\/www.jornalja.com.br\/colunas\/wp-content\/uploads\/sites\/5\/2026\/04\/zuzu-angel-1972-fotografo-desconhecido-colecao-arquivo-nacional.jpg?resize=700%2C400&ssl=1 2x, https:\/\/i0.wp.com\/www.jornalja.com.br\/colunas\/wp-content\/uploads\/sites\/5\/2026\/04\/zuzu-angel-1972-fotografo-desconhecido-colecao-arquivo-nacional.jpg?resize=1050%2C600&ssl=1 3x"},"classes":[]}],"jetpack_shortlink":"https:\/\/wp.me\/pbKo0s-dd5","jetpack_sharing_enabled":true,"_links":{"self":[{"href":"https:\/\/www.jornalja.com.br\/colunas\/wp-json\/wp\/v2\/posts\/50783","targetHints":{"allow":["GET"]}}],"collection":[{"href":"https:\/\/www.jornalja.com.br\/colunas\/wp-json\/wp\/v2\/posts"}],"about":[{"href":"https:\/\/www.jornalja.com.br\/colunas\/wp-json\/wp\/v2\/types\/post"}],"author":[{"embeddable":true,"href":"https:\/\/www.jornalja.com.br\/colunas\/wp-json\/wp\/v2\/users\/4"}],"replies":[{"embeddable":true,"href":"https:\/\/www.jornalja.com.br\/colunas\/wp-json\/wp\/v2\/comments?post=50783"}],"version-history":[{"count":0,"href":"https:\/\/www.jornalja.com.br\/colunas\/wp-json\/wp\/v2\/posts\/50783\/revisions"}],"wp:featuredmedia":[{"embeddable":true,"href":"https:\/\/www.jornalja.com.br\/colunas\/wp-json\/"}],"wp:attachment":[{"href":"https:\/\/www.jornalja.com.br\/colunas\/wp-json\/wp\/v2\/media?parent=50783"}],"wp:term":[{"taxonomy":"category","embeddable":true,"href":"https:\/\/www.jornalja.com.br\/colunas\/wp-json\/wp\/v2\/categories?post=50783"},{"taxonomy":"post_tag","embeddable":true,"href":"https:\/\/www.jornalja.com.br\/colunas\/wp-json\/wp\/v2\/tags?post=50783"}],"curies":[{"name":"wp","href":"https:\/\/api.w.org\/{rel}","templated":true}]}}