{"id":54535,"date":"2017-08-31T17:17:13","date_gmt":"2017-08-31T20:17:13","guid":{"rendered":"https:\/\/www.jornalja.com.br\/?p=54535"},"modified":"2017-08-31T17:17:13","modified_gmt":"2017-08-31T20:17:13","slug":"como-economizar-a-rede-4g-do-celular","status":"publish","type":"post","link":"https:\/\/www.jornalja.com.br\/colunas\/como-economizar-a-rede-4g-do-celular\/","title":{"rendered":"Como economizar a rede 4G do celular"},"content":{"rendered":"<p><span class=\"assina\"><em>E<\/em><em>derson\u00a0Cichaczewski <\/em><\/span><br \/>\nEm 2015, as operadoras de telefonia m\u00f3vel passaram a bloquear a conex\u00e3o de dados de internet m\u00f3vel ao exceder a franquia contratada, impedindo totalmente a navega\u00e7\u00e3o. Recentemente apenas algumas operadoras passaram a liberar esta redu\u00e7\u00e3o de velocidade, mas somente para alguns planos.<br \/>\nCom o aparecimento da internet 4G, os pacotes de dados passaram a ter franquias maiores, mas isso n\u00e3o \u00e9 necessariamente uma vantagem, pois com uma conex\u00e3o de internet mais r\u00e1pida, o consumo de dados tamb\u00e9m ser\u00e1 acelerado pelo usu\u00e1rio.<br \/>\nA t\u00edtulo de compara\u00e7\u00e3o, a rede 3G tem velocidade de 1Mbps e a rede 4G de 5Mbps, ou seja, cinco vezes mais r\u00e1pida, o que leva o usu\u00e1rio a ter respostas mais r\u00e1pidas e, consequentemente, a possibilidade de realizar mais acessos a aplica\u00e7\u00f5es que consomem mais dados.<br \/>\nE justamente por causa dessa velocidade, em muitos planos, a franquia de dados acaba antes do previsto.<br \/>\nSe uma pessoa tem, por exemplo, um plano da modalidade controle que oferece 2GB por m\u00eas, com um uso normal da internet consultando, eventualmente, e-mails e redes sociais durante o dia, entre outras tarefas b\u00e1sicas, o consumo di\u00e1rio ser\u00e1 de aproximadamente 100MB.<br \/>\nDessa forma, no plano citado, a franquia de internet ir\u00e1 durar apenas 20 dias, dois ter\u00e7os do tempo esperado. Isso sem contar que nesses planos, dependendo da operadora, o uso do aplicativo Whatsapp n\u00e3o consome dados da franquia. Por\u00e9m, se o utilizasse, o consumo seria ainda maior.<br \/>\nDepois que acaba a franquia, para n\u00e3o ficar sem internet no seu celular, o cliente s\u00f3 tem a op\u00e7\u00e3o de fazer a contrata\u00e7\u00e3o de um pacote de dados adicional antes da pr\u00f3xima renova\u00e7\u00e3o, pagando a mais por isso. E o custo por MB \u00e9 maior que o do pacote incluso no plano.<br \/>\nOs planos do tipo pr\u00e9-pago e controle correspondem a uma fatia de 60% a 80% dos clientes, dependendo da operadora. Estes planos, atualmente, est\u00e3o custando em sua maioria na faixa de 55 reais para menos, o que \u00e9 muito atrativo.<br \/>\nCom base na m\u00e9dia de dados di\u00e1ria em uma rede 4G, o ideal seria um plano de 3GB, no m\u00ednimo, mas esse \u00e9 o volume m\u00e1ximo de dados ofertado pelos planos na modalidade \u201ccontrole\u201d na faixa de pre\u00e7o em quest\u00e3o.<br \/>\nOs planos pr\u00e9-pagos chegam a oferecer 1GB por semana ao custo de R$ 9,99, totalizando 4GB por m\u00eas a um custo aproximado de 40 reais, o que parece mais adequado para n\u00e3o ter surpresas de corte de internet e necessidade de contrata\u00e7\u00f5es de franquias adicionais de dados.<br \/>\nPor outro lado, os planos pr\u00e9-pagos apresentam desvantagens em rela\u00e7\u00e3o aos planos \u201ccontrole\u201d em outros benef\u00edcios, como minutos e outros servi\u00e7os.<br \/>\n\u00c9 f\u00e1cil perceber que os planos de internet m\u00f3vel oferecidos pelas operadoras s\u00e3o bastante injustos, visto que por apenas duas vezes o valor, em torno de 110 reais, temos uma internet fixa ilimitada. E se for comparado o valor dos planos p\u00f3s-pagos, chega a ser um absurdo.<br \/>\nO fato \u00e9 que escolher uma op\u00e7\u00e3o perfeita para todas as necessidades a um custo acess\u00edvel \u00e9 uma tarefa bastante complexa.<br \/>\nPor isso, para quem est\u00e1 todo m\u00eas necessitando contratar pacotes de dados adicionais, algumas dicas podem trazer uma economia significativa. Habilitar a op\u00e7\u00e3o de \u201cRestringir os Dados em Segundo Plano\u201d \u2013 recurso que, em alguns <em>smartphones<\/em>, faz parte do modo de economia de energia.<br \/>\nPortanto, mesmo quando n\u00e3o estamos efetivamente manuseando o celular para acessar a internet, os aplicativos instalados est\u00e3o consumindo dados, e n\u00e3o \u00e9 pouco.<br \/>\nOutra alternativa \u00e9 desativar a sincroniza\u00e7\u00e3o autom\u00e1tica, evitando que os aplicativos fiquem acessando a internet \u201csozinhos\u201d.<br \/>\nDesativar a Rede de Dados quando estiver usando WIFI tamb\u00e9m pode ajudar, pois mesmo quando o WIFI est\u00e1 conectado, o <em>smartphone<\/em> pode realizar acessos \u00e0 rede 4G e consumir dados da franquia.<br \/>\nOpte por usar um navegador de internet que tenha o recurso de economia de dados, como o Opera Mini. Configure a loja de aplicativos para realizar a atualiza\u00e7\u00e3o dos <em>apps<\/em> automaticamente, apenas via WIFI.<br \/>\nPor fim, usar um aplicativo de <em>firewall<\/em>, que \u00e0 primeira vista parece algo complicado, mas n\u00e3o \u00e9. Pelo menos no Android, o aplicativo gratuito NoRoot Firewall possui uma interface amig\u00e1vel e permite selecionar quais aplicativos ter\u00e3o permiss\u00e3o para acessar o WIFI e\/ou a rede de dados. Mesmo configurando as op\u00e7\u00f5es do sistema para restringir dados em segundo plano e desativar a sincroniza\u00e7\u00e3o autom\u00e1tica, n\u00e3o sabemos exatamente se determinado aplicativo continua acessando a internet por algum motivo.<br \/>\nCom o NoRoot Firewall, os aplicativos poder\u00e3o ser totalmente bloqueados para acessar a rede de dados m\u00f3veis. O ideal \u00e9 habilitar a rede de dados somente para aqueles que sabemos que usamos e desabilitar para todos os demais. A economia pode ser verificada acompanhando o uso de dados m\u00f3veis nas configura\u00e7\u00f5es do <em>smartphone<\/em>.<br \/>\nSeguindo estas dicas \u00e9 poss\u00edvel economizar uma boa quantidade de dados m\u00f3veis e, consequentemente, algumas recargas de cr\u00e9dito por m\u00eas.<br \/>\n<em>Ederson<\/em><em>\u00a0Cichaczewski \u00e9 professor do curso de Engenharia da Computa\u00e7\u00e3o do Centro Universit\u00e1rio Internacional Uninter.<\/em><em>\u200b<\/em><\/p>\n","protected":false},"excerpt":{"rendered":"<p>Ederson\u00a0Cichaczewski Em 2015, as operadoras de telefonia m\u00f3vel passaram a bloquear a conex\u00e3o de dados de internet m\u00f3vel ao exceder a franquia contratada, impedindo totalmente a navega\u00e7\u00e3o. Recentemente apenas algumas operadoras passaram a liberar esta redu\u00e7\u00e3o de velocidade, mas somente para alguns planos. Com o aparecimento da internet 4G, os pacotes de dados passaram a [&hellip;]<\/p>\n","protected":false},"author":4,"featured_media":0,"comment_status":"open","ping_status":"closed","sticky":false,"template":"","format":"standard","meta":{"jetpack_post_was_ever_published":false,"_jetpack_newsletter_access":"","_jetpack_dont_email_post_to_subs":false,"_jetpack_newsletter_tier_id":0,"_jetpack_memberships_contains_paywalled_content":false,"_jetpack_memberships_contains_paid_content":false,"footnotes":"","jetpack_publicize_message":"","jetpack_publicize_feature_enabled":true,"jetpack_social_post_already_shared":false,"jetpack_social_options":{"image_generator_settings":{"template":"highway","default_image_id":0,"font":"","enabled":false},"version":2}},"categories":[2],"tags":[],"class_list":["post-54535","post","type-post","status-publish","format-standard","hentry","category-analiseopiniao"],"aioseo_notices":[],"jetpack_publicize_connections":[],"jetpack_featured_media_url":"","jetpack-related-posts":[{"id":84725,"url":"https:\/\/www.jornalja.com.br\/colunas\/e-preciso-refletir-sobre-os-mais-de-84-mil-desaparecidos-no-brasil-em-2025\/","url_meta":{"origin":54535,"position":0},"title":"\u00c9 preciso refletir sobre os mais de 84 mil desaparecidos no Brasil em 2025","author":"An\u00e1lise &amp; Opini\u00e3o","date":"23 de abril de 2026","format":false,"excerpt":"CRISTIANO GOLDSCHMIDT Em 2025, o Brasil registrou 84.760 pessoas desaparecidas, segundo dados consolidados pelo Sistema Nacional de Informa\u00e7\u00f5es de Seguran\u00e7a P\u00fablica Sinesp), vinculado ao Minist\u00e9rio da Justi\u00e7a e Seguran\u00e7a P\u00fablica. Mais do que um n\u00famero expressivo, o dado revela um fen\u00f4meno cont\u00ednuo, distribu\u00eddo no tempo e no territ\u00f3rio \u2014 e,\u2026","rel":"","context":"Em &quot;An\u00e1lise&amp;Opini\u00e3o&quot;","block_context":{"text":"An\u00e1lise&amp;Opini\u00e3o","link":"https:\/\/www.jornalja.com.br\/colunas\/category\/analiseopiniao\/"},"img":{"alt_text":"","src":"https:\/\/i0.wp.com\/www.jornalja.com.br\/colunas\/wp-content\/uploads\/sites\/5\/2026\/04\/image.png?resize=350%2C200&ssl=1","width":350,"height":200,"srcset":"https:\/\/i0.wp.com\/www.jornalja.com.br\/colunas\/wp-content\/uploads\/sites\/5\/2026\/04\/image.png?resize=350%2C200&ssl=1 1x, https:\/\/i0.wp.com\/www.jornalja.com.br\/colunas\/wp-content\/uploads\/sites\/5\/2026\/04\/image.png?resize=525%2C300&ssl=1 1.5x, https:\/\/i0.wp.com\/www.jornalja.com.br\/colunas\/wp-content\/uploads\/sites\/5\/2026\/04\/image.png?resize=700%2C400&ssl=1 2x, https:\/\/i0.wp.com\/www.jornalja.com.br\/colunas\/wp-content\/uploads\/sites\/5\/2026\/04\/image.png?resize=1050%2C600&ssl=1 3x, https:\/\/i0.wp.com\/www.jornalja.com.br\/colunas\/wp-content\/uploads\/sites\/5\/2026\/04\/image.png?resize=1400%2C800&ssl=1 4x"},"classes":[]},{"id":84748,"url":"https:\/\/www.jornalja.com.br\/colunas\/a-literatura-brasileira-no-dia-do-trabalhador\/","url_meta":{"origin":54535,"position":1},"title":"A Literatura Brasileira no Dia do Trabalho","author":"An\u00e1lise &amp; Opini\u00e3o","date":"1 de maio de 2026","format":false,"excerpt":"Por Cristiano Goldschmidt O 1\u00ba de maio costuma ser lembrado pelo peso hist\u00f3rico das lutas trabalhistas, pelo som das manifesta\u00e7\u00f5es e pela mem\u00f3ria viva de direitos conquistados ao longo de d\u00e9cadas. No entanto, essa mesma data abriga uma outra forma de celebra\u00e7\u00e3o, menos ruidosa, mas igualmente significativa: o Dia da\u2026","rel":"","context":"Em &quot;An\u00e1lise&amp;Opini\u00e3o&quot;","block_context":{"text":"An\u00e1lise&amp;Opini\u00e3o","link":"https:\/\/www.jornalja.com.br\/colunas\/category\/analiseopiniao\/"},"img":{"alt_text":"","src":"https:\/\/i0.wp.com\/www.jornalja.com.br\/colunas\/wp-content\/uploads\/sites\/5\/2026\/05\/image-1.png?resize=350%2C200&ssl=1","width":350,"height":200,"srcset":"https:\/\/i0.wp.com\/www.jornalja.com.br\/colunas\/wp-content\/uploads\/sites\/5\/2026\/05\/image-1.png?resize=350%2C200&ssl=1 1x, https:\/\/i0.wp.com\/www.jornalja.com.br\/colunas\/wp-content\/uploads\/sites\/5\/2026\/05\/image-1.png?resize=525%2C300&ssl=1 1.5x, https:\/\/i0.wp.com\/www.jornalja.com.br\/colunas\/wp-content\/uploads\/sites\/5\/2026\/05\/image-1.png?resize=700%2C400&ssl=1 2x, https:\/\/i0.wp.com\/www.jornalja.com.br\/colunas\/wp-content\/uploads\/sites\/5\/2026\/05\/image-1.png?resize=1050%2C600&ssl=1 3x"},"classes":[]},{"id":84742,"url":"https:\/\/www.jornalja.com.br\/colunas\/rejeicao-a-messias-quando-o-senado-tensiona-os-limites-da-democracia\/","url_meta":{"origin":54535,"position":2},"title":"Rejei\u00e7\u00e3o a Messias: quando o Senado tensiona os limites da democracia","author":"An\u00e1lise &amp; Opini\u00e3o","date":"30 de abril de 2026","format":false,"excerpt":"CRISTIANO GOLDSCHMIDT A rejei\u00e7\u00e3o, pelo Senado, da indica\u00e7\u00e3o de Jorge Messias ao Supremo Tribunal Federal n\u00e3o \u00e9 um fato trivial \u2014 e trat\u00e1-la como um simples exerc\u00edcio de independ\u00eancia institucional seria, no m\u00ednimo, ing\u00eanuo. H\u00e1 algo mais profundo em jogo. O epis\u00f3dio exp\u00f5e, com certa nitidez, a forma como parcelas\u2026","rel":"","context":"Em &quot;An\u00e1lise&amp;Opini\u00e3o&quot;","block_context":{"text":"An\u00e1lise&amp;Opini\u00e3o","link":"https:\/\/www.jornalja.com.br\/colunas\/category\/analiseopiniao\/"},"img":{"alt_text":"","src":"https:\/\/i0.wp.com\/www.jornalja.com.br\/colunas\/wp-content\/uploads\/sites\/5\/2026\/04\/image-2.png?resize=350%2C200&ssl=1","width":350,"height":200,"srcset":"https:\/\/i0.wp.com\/www.jornalja.com.br\/colunas\/wp-content\/uploads\/sites\/5\/2026\/04\/image-2.png?resize=350%2C200&ssl=1 1x, https:\/\/i0.wp.com\/www.jornalja.com.br\/colunas\/wp-content\/uploads\/sites\/5\/2026\/04\/image-2.png?resize=525%2C300&ssl=1 1.5x, https:\/\/i0.wp.com\/www.jornalja.com.br\/colunas\/wp-content\/uploads\/sites\/5\/2026\/04\/image-2.png?resize=700%2C400&ssl=1 2x, https:\/\/i0.wp.com\/www.jornalja.com.br\/colunas\/wp-content\/uploads\/sites\/5\/2026\/04\/image-2.png?resize=1050%2C600&ssl=1 3x"},"classes":[]},{"id":84690,"url":"https:\/\/www.jornalja.com.br\/colunas\/17-de-abril-de-1996-30-anos-do-massacre-de-eldorado-do-carajas\/","url_meta":{"origin":54535,"position":3},"title":"17 de abril de 1996: 30 anos do Massacre de Eldorado do Caraj\u00e1s","author":"da Reda\u00e7\u00e3o","date":"17 de abril de 2026","format":false,"excerpt":"Cruz marca o local do massacre em Eldorado dos Caraj\u00e1s, Par\u00e1. Foto: Marcello Casal Jr.\/Arquivo ABr CRISTIANO GOLDSCHMIDT H\u00e1 datas que n\u00e3o passam. Ficam suspensas no tempo como poeira vermelha sobre a pele \u2014 insistem, infiltram-se, recusam o esquecimento. Abril, no sul do Par\u00e1, \u00e9 sempre um m\u00eas que arde.\u2026","rel":"","context":"Em &quot;An\u00e1lise&amp;Opini\u00e3o&quot;","block_context":{"text":"An\u00e1lise&amp;Opini\u00e3o","link":"https:\/\/www.jornalja.com.br\/colunas\/category\/analiseopiniao\/"},"img":{"alt_text":"","src":"https:\/\/i0.wp.com\/www.jornalja.com.br\/colunas\/wp-content\/uploads\/sites\/5\/2026\/04\/mc006.jpg?resize=350%2C200&ssl=1","width":350,"height":200,"srcset":"https:\/\/i0.wp.com\/www.jornalja.com.br\/colunas\/wp-content\/uploads\/sites\/5\/2026\/04\/mc006.jpg?resize=350%2C200&ssl=1 1x, https:\/\/i0.wp.com\/www.jornalja.com.br\/colunas\/wp-content\/uploads\/sites\/5\/2026\/04\/mc006.jpg?resize=525%2C300&ssl=1 1.5x, https:\/\/i0.wp.com\/www.jornalja.com.br\/colunas\/wp-content\/uploads\/sites\/5\/2026\/04\/mc006.jpg?resize=700%2C400&ssl=1 2x, https:\/\/i0.wp.com\/www.jornalja.com.br\/colunas\/wp-content\/uploads\/sites\/5\/2026\/04\/mc006.jpg?resize=1050%2C600&ssl=1 3x, https:\/\/i0.wp.com\/www.jornalja.com.br\/colunas\/wp-content\/uploads\/sites\/5\/2026\/04\/mc006.jpg?resize=1400%2C800&ssl=1 4x"},"classes":[]},{"id":84632,"url":"https:\/\/www.jornalja.com.br\/colunas\/medicos-alertam-para-os-riscos-a-saude-de-nova-fabrica-de-celulose-da-cmpc\/","url_meta":{"origin":54535,"position":4},"title":"M\u00e9dicos alertam para os riscos \u00e0 sa\u00fade de nova f\u00e1brica de celulose da CMPC","author":"Cleber Dioni Tentardini","date":"14 de abril de 2026","format":false,"excerpt":"ROSELAINE MURLIK * Represento um grupo de profissionais da medicina que, h\u00e1 alguns anos, estuda os diferentes impactos das mudan\u00e7as clim\u00e1ticas e da polui\u00e7\u00e3o ambiental nos ecossistemas na sa\u00fade humana e do planeta. Causa preocupa\u00e7\u00e3o o novo megaempreendimento de celulose da empresa chilena CMPC em Barra do Ribeiro (RS), pr\u00f3ximo\u2026","rel":"","context":"Em &quot;An\u00e1lise&amp;Opini\u00e3o&quot;","block_context":{"text":"An\u00e1lise&amp;Opini\u00e3o","link":"https:\/\/www.jornalja.com.br\/colunas\/category\/analiseopiniao\/"},"img":{"alt_text":"","src":"https:\/\/i0.wp.com\/www.jornalja.com.br\/colunas\/wp-content\/uploads\/sites\/5\/2026\/04\/comite-contra-celulose.jpg?resize=350%2C200&ssl=1","width":350,"height":200},"classes":[]},{"id":84673,"url":"https:\/\/www.jornalja.com.br\/colunas\/40-anos-sem-simone-de-beauvoir-uma-interlocutora-ainda-incomoda-do-presente\/","url_meta":{"origin":54535,"position":5},"title":"40 anos sem Simone de Beauvoir, uma interlocutora ainda inc\u00f4moda do presente","author":"da Reda\u00e7\u00e3o","date":"14 de abril de 2026","format":false,"excerpt":"CRISTIANO GOLDSCHMIDT Quarenta anos ap\u00f3s a morte de Simone de Beauvoir (9 de janeiro de 1908 - 14 de abril de 1986), descubro que sua aus\u00eancia n\u00e3o \u00e9 propriamente um vazio \u2014 \u00e9 antes um rumor cont\u00ednuo, uma esp\u00e9cie de presen\u00e7a indireta que se infiltra nas conversas, nos livros, nas\u2026","rel":"","context":"Em &quot;An\u00e1lise&amp;Opini\u00e3o&quot;","block_context":{"text":"An\u00e1lise&amp;Opini\u00e3o","link":"https:\/\/www.jornalja.com.br\/colunas\/category\/analiseopiniao\/"},"img":{"alt_text":"","src":"https:\/\/i0.wp.com\/www.jornalja.com.br\/colunas\/wp-content\/uploads\/sites\/5\/2026\/04\/simone-de-beauvoir-memorias-de-uma-menina-bemcomportada.jpeg?resize=350%2C200&ssl=1","width":350,"height":200},"classes":[]}],"jetpack_shortlink":"https:\/\/wp.me\/pbKo0s-ebB","jetpack_sharing_enabled":true,"_links":{"self":[{"href":"https:\/\/www.jornalja.com.br\/colunas\/wp-json\/wp\/v2\/posts\/54535","targetHints":{"allow":["GET"]}}],"collection":[{"href":"https:\/\/www.jornalja.com.br\/colunas\/wp-json\/wp\/v2\/posts"}],"about":[{"href":"https:\/\/www.jornalja.com.br\/colunas\/wp-json\/wp\/v2\/types\/post"}],"author":[{"embeddable":true,"href":"https:\/\/www.jornalja.com.br\/colunas\/wp-json\/wp\/v2\/users\/4"}],"replies":[{"embeddable":true,"href":"https:\/\/www.jornalja.com.br\/colunas\/wp-json\/wp\/v2\/comments?post=54535"}],"version-history":[{"count":0,"href":"https:\/\/www.jornalja.com.br\/colunas\/wp-json\/wp\/v2\/posts\/54535\/revisions"}],"wp:attachment":[{"href":"https:\/\/www.jornalja.com.br\/colunas\/wp-json\/wp\/v2\/media?parent=54535"}],"wp:term":[{"taxonomy":"category","embeddable":true,"href":"https:\/\/www.jornalja.com.br\/colunas\/wp-json\/wp\/v2\/categories?post=54535"},{"taxonomy":"post_tag","embeddable":true,"href":"https:\/\/www.jornalja.com.br\/colunas\/wp-json\/wp\/v2\/tags?post=54535"}],"curies":[{"name":"wp","href":"https:\/\/api.w.org\/{rel}","templated":true}]}}