{"id":60153,"date":"2018-02-28T11:00:49","date_gmt":"2018-02-28T14:00:49","guid":{"rendered":"https:\/\/www.jornalja.com.br\/?p=60153"},"modified":"2018-02-28T11:00:49","modified_gmt":"2018-02-28T14:00:49","slug":"porto-triste-e-de-menos","status":"publish","type":"post","link":"https:\/\/www.jornalja.com.br\/colunas\/porto-triste-e-de-menos\/","title":{"rendered":"Porto Triste \u00e9 de menos!"},"content":{"rendered":"<div id=\":2ub\" class=\"ii gt \">\n<div id=\":2uc\" class=\"a3s aXjCH m161dca218eac5ff2\">\n<div>\n<div id=\"m_5766972867790368896yui_3_16_0_ym19_1_1519823473152_18740\">\n<span class=\"assina\">VILSON ANTONIO ROMERO<\/span><br \/>\nPobres de n\u00f3s, porto-alegrenses!<br \/>\nA nossa \u201cmui leal e valerosa\u201d metr\u00f3pole agoniza. Padece e se desestrutura a olhos vistos. Mesmo no eixo Moinhos de Vento\/Bela Vista, sempre referenciado como top em termos de qualidade de vida e n\u00edvel de renda, a degrada\u00e7\u00e3o \u00e9 humilhante.<br \/>\nSob o mantra do caos or\u00e7ament\u00e1rio e financeiro e dos \u00f3bices da burocracia p\u00fablica, os inquilinos do Pa\u00e7o dos A\u00e7orianos e das cercanias da Pra\u00e7a da Matriz se lamuriam e pouco fazem no que diz respeito \u00e0 acessibilidade, limpeza, ilumina\u00e7\u00e3o, seguran\u00e7a, entre outros pontos cr\u00edticos.<br \/>\nPor outro lado, os nobres edis, representantes do povo, se omitem na cobran\u00e7a e no aux\u00edlio na busca de reverter o quadro de horror que atordoa os seus conterr\u00e2neos.<br \/>\nHorror, preocupa\u00e7\u00e3o e sobressaltos que assomam em cada esquina, viela, beco, ruas ou avenida dos mais de 80 bairros da metr\u00f3pole ga\u00facha.<br \/>\nPrestes a completar 246 anos de funda\u00e7\u00e3o, a capital da Rep\u00fablica Farroupilha, morada de cerca de 756 mil mulheres e 654 mil homens, nos mais de 574 mil domic\u00edlios oficiais, v\u00ea proliferar a popula\u00e7\u00e3o de pessoas \u201cem situa\u00e7\u00e3o de rua\u201d \u2013 preciosismo para falar dos \u201chomeless\u201d: na rua por drogadi\u00e7\u00e3o, criminalidade, mis\u00e9ria plena ou doen\u00e7a mental.<br \/>\nA popula\u00e7\u00e3o citadina tamb\u00e9m tem sua parcela de culpa na verdadeira deteriora\u00e7\u00e3o p\u00fablica da cidade, pela falta de educa\u00e7\u00e3o, pelo comportamento criminoso e irrespons\u00e1vel dos que sujam, picham, emporcalham a cidade e colocam em risco o bem-estar, a tranquilidade e a vida dos cidad\u00e3os.<br \/>\n\u00c9 doloroso ver locais nobres e refer\u00eancias hist\u00f3ricas como o Viaduto Ot\u00e1vio Rocha e a Pra\u00e7a Marechal Deodoro transformados em favelas e \u201ccracol\u00e2ndias\u201d imundas e fedorentas.<br \/>\n\u00c9 lament\u00e1vel ver as margens do arroio Dil\u00favio serem ocupados como moradia prec\u00e1ria de dezenas de jovens, velhos e crian\u00e7as que fazem suas necessidades a c\u00e9u aberto e jogam dejetos e porcarias no regato que des\u00e1gua no Lago Gua\u00edba, de onde tamb\u00e9m sai a \u00e1gua bebida pelos porto-alegrenses.<br \/>\n\u00c9 deplor\u00e1vel ver avenidas como a Farrapos, Assis Brasil e Bento Gon\u00e7alves e adjac\u00eancias se degradarem a passos r\u00e1pidos, escancarando cada vez mais a porta do crime, do meretr\u00edcio e da inseguran\u00e7a.<br \/>\nFaltam recursos, mas falta educa\u00e7\u00e3o, tiroc\u00ednio e consci\u00eancia p\u00fablica.<br \/>\nFaltam provid\u00eancias dos gestores p\u00fablicos, sejam eles estaduais, como na quest\u00e3o da seguran\u00e7a p\u00fablica, ou municipais, nos assuntos relativos \u00e0 limpeza urbana, \u00e0 ilumina\u00e7\u00e3o p\u00fablica, \u00e0 identifica\u00e7\u00e3o dos logradouros, \u00e0 buraqueira existente em quase todas as vias p\u00fablicas.<br \/>\nMas, acima de tudo, padece muito a capital ga\u00facha daquelas condi\u00e7\u00f5es estruturais que durante d\u00e9cadas a mantiveram como de uma das melhores capitais em termos de qualidade de vida do pa\u00eds. O morador desta hoje Porto Triste acorda todo o dia acabrunhado, amedrontado, louco para estar em outro lugar que n\u00e3o aqui. At\u00e9 quando?\n<\/div>\n<\/div>\n<div><\/div>\n<div>\n<div id=\"m_5766972867790368896yui_3_16_0_ym19_1_1519823473152_18742\"><\/div>\n<\/div>\n<\/div>\n<div class=\"yj6qo\"><\/div>\n<\/div>\n<div id=\":2tk\" class=\"hq gt a10\">\n<div class=\"hp\"><\/div>\n<\/div>\n","protected":false},"excerpt":{"rendered":"<p>VILSON ANTONIO ROMERO Pobres de n\u00f3s, porto-alegrenses! A nossa \u201cmui leal e valerosa\u201d metr\u00f3pole agoniza. Padece e se desestrutura a olhos vistos. Mesmo no eixo Moinhos de Vento\/Bela Vista, sempre referenciado como top em termos de qualidade de vida e n\u00edvel de renda, a degrada\u00e7\u00e3o \u00e9 humilhante. Sob o mantra do caos or\u00e7ament\u00e1rio e financeiro [&hellip;]<\/p>\n","protected":false},"author":11,"featured_media":0,"comment_status":"open","ping_status":"closed","sticky":false,"template":"","format":"standard","meta":{"jetpack_post_was_ever_published":false,"_jetpack_newsletter_access":"","_jetpack_dont_email_post_to_subs":false,"_jetpack_newsletter_tier_id":0,"_jetpack_memberships_contains_paywalled_content":false,"_jetpack_memberships_contains_paid_content":false,"footnotes":"","jetpack_publicize_message":"","jetpack_publicize_feature_enabled":true,"jetpack_social_post_already_shared":false,"jetpack_social_options":{"image_generator_settings":{"template":"highway","default_image_id":0,"font":"","enabled":false},"version":2}},"categories":[2],"tags":[],"class_list":["post-60153","post","type-post","status-publish","format-standard","hentry","category-analiseopiniao"],"aioseo_notices":[],"jetpack_publicize_connections":[],"jetpack_featured_media_url":"","jetpack-related-posts":[{"id":84681,"url":"https:\/\/www.jornalja.com.br\/colunas\/recordar-zuzu-angel-50-anos-apos-sua-morte-e-um-ato-etico\/","url_meta":{"origin":60153,"position":0},"title":"Recordar Zuzu Angel 50 anos ap\u00f3s sua morte \u00e9 um ato \u00e9tico","author":"da Reda\u00e7\u00e3o","date":"16 de abril de 2026","format":false,"excerpt":"CRISTIANO GOLDSCHMIDT Cinco d\u00e9cadas transcorreram desde o silenciamento brutal de Zuzu Angel (05 de junho de 1921 - 14 de abril de 1976), e ainda assim sua voz persiste \u2014 n\u00e3o como eco esmaecido, mas como um timbre agudo que rasga o tecido do tempo e se inscreve na mem\u00f3ria\u2026","rel":"","context":"Em &quot;An\u00e1lise&amp;Opini\u00e3o&quot;","block_context":{"text":"An\u00e1lise&amp;Opini\u00e3o","link":"https:\/\/www.jornalja.com.br\/colunas\/category\/analiseopiniao\/"},"img":{"alt_text":"","src":"https:\/\/i0.wp.com\/www.jornalja.com.br\/colunas\/wp-content\/uploads\/sites\/5\/2026\/04\/zuzu-angel-1972-fotografo-desconhecido-colecao-arquivo-nacional.jpg?resize=350%2C200&ssl=1","width":350,"height":200,"srcset":"https:\/\/i0.wp.com\/www.jornalja.com.br\/colunas\/wp-content\/uploads\/sites\/5\/2026\/04\/zuzu-angel-1972-fotografo-desconhecido-colecao-arquivo-nacional.jpg?resize=350%2C200&ssl=1 1x, https:\/\/i0.wp.com\/www.jornalja.com.br\/colunas\/wp-content\/uploads\/sites\/5\/2026\/04\/zuzu-angel-1972-fotografo-desconhecido-colecao-arquivo-nacional.jpg?resize=525%2C300&ssl=1 1.5x, https:\/\/i0.wp.com\/www.jornalja.com.br\/colunas\/wp-content\/uploads\/sites\/5\/2026\/04\/zuzu-angel-1972-fotografo-desconhecido-colecao-arquivo-nacional.jpg?resize=700%2C400&ssl=1 2x, https:\/\/i0.wp.com\/www.jornalja.com.br\/colunas\/wp-content\/uploads\/sites\/5\/2026\/04\/zuzu-angel-1972-fotografo-desconhecido-colecao-arquivo-nacional.jpg?resize=1050%2C600&ssl=1 3x"},"classes":[]},{"id":84590,"url":"https:\/\/www.jornalja.com.br\/colunas\/e-preciso-defender-o-jardim-botanico-de-porto-alegre\/","url_meta":{"origin":60153,"position":1},"title":"\u00c9 preciso defender o Jardim Bot\u00e2nico de Porto Alegre","author":"da Reda\u00e7\u00e3o","date":"8 de mar\u00e7o de 2026","format":false,"excerpt":"CLEBER DIONI TENTARDINI O Jardim Bot\u00e2nico de Porto Alegre (JBPA) tem 67 anos e \u00e9 considerado um dos cinco melhores e maiores do Brasil. Possui 28 cole\u00e7\u00f5es cient\u00edficas que somam mais de 4.200 plantas, incluindo esp\u00e9cies raras, amea\u00e7adas de extin\u00e7\u00e3o e end\u00eamicas, que s\u00e3o encontradas apenas no RS. No local\u2026","rel":"","context":"Em &quot;An\u00e1lise&amp;Opini\u00e3o&quot;","block_context":{"text":"An\u00e1lise&amp;Opini\u00e3o","link":"https:\/\/www.jornalja.com.br\/colunas\/category\/analiseopiniao\/"},"img":{"alt_text":"","src":"https:\/\/i0.wp.com\/www.jornalja.com.br\/colunas\/wp-content\/uploads\/sites\/5\/2026\/03\/jb-3.jpg?resize=350%2C200&ssl=1","width":350,"height":200,"srcset":"https:\/\/i0.wp.com\/www.jornalja.com.br\/colunas\/wp-content\/uploads\/sites\/5\/2026\/03\/jb-3.jpg?resize=350%2C200&ssl=1 1x, https:\/\/i0.wp.com\/www.jornalja.com.br\/colunas\/wp-content\/uploads\/sites\/5\/2026\/03\/jb-3.jpg?resize=525%2C300&ssl=1 1.5x, https:\/\/i0.wp.com\/www.jornalja.com.br\/colunas\/wp-content\/uploads\/sites\/5\/2026\/03\/jb-3.jpg?resize=700%2C400&ssl=1 2x"},"classes":[]},{"id":84609,"url":"https:\/\/www.jornalja.com.br\/colunas\/o-centro-historico-de-porto-alegre\/","url_meta":{"origin":60153,"position":2},"title":"O Centro (Hist\u00f3rico) de Porto Alegre","author":"Cleber Dioni Tentardini","date":"30 de mar\u00e7o de 2026","format":false,"excerpt":"CLEBER DIONI TENTARDINI Porto Alegre, nove horas da manh\u00e3 do dia\u00a030\u00a0de mar\u00e7o de 2026. No \"cora\u00e7\u00e3o\" do\u00a0Centro - que j\u00e1\u00a0foi hist\u00f3rico em tempos passados,\u00a0e limpo\u00a0-,\u00a0em um trecho de\u00a0cerca de\u00a0500 metros, entre as ruas General C\u00e2mara e Senhor dos Passos, existem mais de 50 im\u00f3veis comerciais de porta de rua fechados,\u2026","rel":"","context":"Em &quot;An\u00e1lise&amp;Opini\u00e3o&quot;","block_context":{"text":"An\u00e1lise&amp;Opini\u00e3o","link":"https:\/\/www.jornalja.com.br\/colunas\/category\/analiseopiniao\/"},"img":{"alt_text":"","src":"","width":0,"height":0},"classes":[]},{"id":84557,"url":"https:\/\/www.jornalja.com.br\/colunas\/entrevista-com-leonel-brizola-como-nascem-as-falsificacoes-historicas\/","url_meta":{"origin":60153,"position":3},"title":"Entrevista com Leonel Brizola: Como nascem as falsifica\u00e7\u00f5es hist\u00f3ricas","author":"An\u00e1lise &amp; Opini\u00e3o","date":"2 de mar\u00e7o de 2026","format":false,"excerpt":"SILVANA MOURA Mais do que direito \u00e0 Hist\u00f3ria, temos o direito \u00e0 verdade da Hist\u00f3ria, para evitar um passado falsificado, supostamente \u201climpo\u201d, eivado de manipula\u00e7\u00e3o e pretensa uniformidade. Em 1996 realizei, em Carazinho, uma Entrevista de Hist\u00f3ria Oral (sou Historiadora e trabalho com Hist\u00f3ria Oral h\u00e1 40 anos) com Leonel\u2026","rel":"","context":"Em &quot;An\u00e1lise&amp;Opini\u00e3o&quot;","block_context":{"text":"An\u00e1lise&amp;Opini\u00e3o","link":"https:\/\/www.jornalja.com.br\/colunas\/category\/analiseopiniao\/"},"img":{"alt_text":"","src":"","width":0,"height":0},"classes":[]},{"id":84725,"url":"https:\/\/www.jornalja.com.br\/colunas\/e-preciso-refletir-sobre-os-mais-de-84-mil-desaparecidos-no-brasil-em-2025\/","url_meta":{"origin":60153,"position":4},"title":"\u00c9 preciso refletir sobre os mais de 84 mil desaparecidos no Brasil em 2025","author":"An\u00e1lise &amp; Opini\u00e3o","date":"23 de abril de 2026","format":false,"excerpt":"CRISTIANO GOLDSCHMIDT Em 2025, o Brasil registrou 84.760 pessoas desaparecidas, segundo dados consolidados pelo Sistema Nacional de Informa\u00e7\u00f5es de Seguran\u00e7a P\u00fablica Sinesp), vinculado ao Minist\u00e9rio da Justi\u00e7a e Seguran\u00e7a P\u00fablica. Mais do que um n\u00famero expressivo, o dado revela um fen\u00f4meno cont\u00ednuo, distribu\u00eddo no tempo e no territ\u00f3rio \u2014 e,\u2026","rel":"","context":"Em &quot;An\u00e1lise&amp;Opini\u00e3o&quot;","block_context":{"text":"An\u00e1lise&amp;Opini\u00e3o","link":"https:\/\/www.jornalja.com.br\/colunas\/category\/analiseopiniao\/"},"img":{"alt_text":"","src":"https:\/\/i0.wp.com\/www.jornalja.com.br\/colunas\/wp-content\/uploads\/sites\/5\/2026\/04\/image.png?resize=350%2C200&ssl=1","width":350,"height":200,"srcset":"https:\/\/i0.wp.com\/www.jornalja.com.br\/colunas\/wp-content\/uploads\/sites\/5\/2026\/04\/image.png?resize=350%2C200&ssl=1 1x, https:\/\/i0.wp.com\/www.jornalja.com.br\/colunas\/wp-content\/uploads\/sites\/5\/2026\/04\/image.png?resize=525%2C300&ssl=1 1.5x, https:\/\/i0.wp.com\/www.jornalja.com.br\/colunas\/wp-content\/uploads\/sites\/5\/2026\/04\/image.png?resize=700%2C400&ssl=1 2x, https:\/\/i0.wp.com\/www.jornalja.com.br\/colunas\/wp-content\/uploads\/sites\/5\/2026\/04\/image.png?resize=1050%2C600&ssl=1 3x, https:\/\/i0.wp.com\/www.jornalja.com.br\/colunas\/wp-content\/uploads\/sites\/5\/2026\/04\/image.png?resize=1400%2C800&ssl=1 4x"},"classes":[]},{"id":84564,"url":"https:\/\/www.jornalja.com.br\/colunas\/a-nova-celulose-a-beira-do-guaiba-e-o-risco-de-repetir-a-borregaard\/","url_meta":{"origin":60153,"position":5},"title":"A nova celulose \u00e0 beira do Gua\u00edba e o risco de repetir a Borregaard","author":"An\u00e1lise &amp; Opini\u00e3o","date":"6 de mar\u00e7o de 2026","format":false,"excerpt":"ELMAR BONES No dia 16 de mar\u00e7o de 1972 foi inaugurada a Ind\u00fastria de Celulose Borregaard, em Gua\u00edba, com a presen\u00e7a das mais altas autoridades e manchetes ufanistas em todos os jornais. Inaugura\u00e7\u00e3o da f\u00e1brica em Gua\u00edba, no ano de 1972. Foto Reprodu\u00e7\u00e3o Arquivo\/CeluloseRioGrandense Seria uma das maiores f\u00e1bricas em\u2026","rel":"","context":"Em &quot;An\u00e1lise&amp;Opini\u00e3o&quot;","block_context":{"text":"An\u00e1lise&amp;Opini\u00e3o","link":"https:\/\/www.jornalja.com.br\/colunas\/category\/analiseopiniao\/"},"img":{"alt_text":"","src":"https:\/\/i0.wp.com\/www.jornalja.com.br\/colunas\/wp-content\/uploads\/sites\/5\/2026\/03\/20260306-112140-scaled.jpg?resize=350%2C200&ssl=1","width":350,"height":200,"srcset":"https:\/\/i0.wp.com\/www.jornalja.com.br\/colunas\/wp-content\/uploads\/sites\/5\/2026\/03\/20260306-112140-scaled.jpg?resize=350%2C200&ssl=1 1x, https:\/\/i0.wp.com\/www.jornalja.com.br\/colunas\/wp-content\/uploads\/sites\/5\/2026\/03\/20260306-112140-scaled.jpg?resize=525%2C300&ssl=1 1.5x, https:\/\/i0.wp.com\/www.jornalja.com.br\/colunas\/wp-content\/uploads\/sites\/5\/2026\/03\/20260306-112140-scaled.jpg?resize=700%2C400&ssl=1 2x, https:\/\/i0.wp.com\/www.jornalja.com.br\/colunas\/wp-content\/uploads\/sites\/5\/2026\/03\/20260306-112140-scaled.jpg?resize=1050%2C600&ssl=1 3x, https:\/\/i0.wp.com\/www.jornalja.com.br\/colunas\/wp-content\/uploads\/sites\/5\/2026\/03\/20260306-112140-scaled.jpg?resize=1400%2C800&ssl=1 4x"},"classes":[]}],"jetpack_shortlink":"https:\/\/wp.me\/pbKo0s-fEd","jetpack_sharing_enabled":true,"_links":{"self":[{"href":"https:\/\/www.jornalja.com.br\/colunas\/wp-json\/wp\/v2\/posts\/60153","targetHints":{"allow":["GET"]}}],"collection":[{"href":"https:\/\/www.jornalja.com.br\/colunas\/wp-json\/wp\/v2\/posts"}],"about":[{"href":"https:\/\/www.jornalja.com.br\/colunas\/wp-json\/wp\/v2\/types\/post"}],"author":[{"embeddable":true,"href":"https:\/\/www.jornalja.com.br\/colunas\/wp-json\/wp\/v2\/users\/11"}],"replies":[{"embeddable":true,"href":"https:\/\/www.jornalja.com.br\/colunas\/wp-json\/wp\/v2\/comments?post=60153"}],"version-history":[{"count":0,"href":"https:\/\/www.jornalja.com.br\/colunas\/wp-json\/wp\/v2\/posts\/60153\/revisions"}],"wp:attachment":[{"href":"https:\/\/www.jornalja.com.br\/colunas\/wp-json\/wp\/v2\/media?parent=60153"}],"wp:term":[{"taxonomy":"category","embeddable":true,"href":"https:\/\/www.jornalja.com.br\/colunas\/wp-json\/wp\/v2\/categories?post=60153"},{"taxonomy":"post_tag","embeddable":true,"href":"https:\/\/www.jornalja.com.br\/colunas\/wp-json\/wp\/v2\/tags?post=60153"}],"curies":[{"name":"wp","href":"https:\/\/api.w.org\/{rel}","templated":true}]}}