{"id":79387,"date":"2019-11-23T21:51:25","date_gmt":"2019-11-24T00:51:25","guid":{"rendered":"https:\/\/www.jornalja.com.br\/?p=79387"},"modified":"2019-11-23T21:51:25","modified_gmt":"2019-11-24T00:51:25","slug":"sobel-e-gugu","status":"publish","type":"post","link":"https:\/\/www.jornalja.com.br\/colunas\/sobel-e-gugu\/","title":{"rendered":"KIKO NOGUEIRA\/Sobel e Gugu"},"content":{"rendered":"<p><span class=\"assina\">Kiko Nogueira, do DcM<\/span><br \/>\nA maneira como o brasileiro reagiu \u00e0 morte de Gugu Liberato e de Henry Sobel, no mesmo dia, d\u00e1 uma dimens\u00e3o da nossa encrenca psicotr\u00f3pica-moral.<br \/>\nSobel foi um gigante que ajudou a enterrar a ditadura quando se recusou, em outubro de 1975, a sepultar Herzog como suicida no Cemit\u00e9rio Israelita do Butant\u00e3, em S\u00e3o Paulo.<br \/>\nO jovem rabino viu as marcas de tortura e n\u00e3o comprou a vers\u00e3o oficial do Ex\u00e9rcito.<br \/>\nNa semana seguinte, comandou uma missa ecum\u00eanica hist\u00f3rica com dom Paulo Evaristo Arns, \u00e0 \u00e9poca arcebispo de S\u00e3o Paulo, e o pastor Jaime Wright na Catedral da S\u00e9.<br \/>\nTinha 31 anos.\u00a0(Meu pai, o jornalista Emir Nogueira, fez parte da organiza\u00e7\u00e3o).<br \/>\nSobel n\u00e3o encarou apenas o regime militar.<br \/>\nSofreu resist\u00eancia da comunidade judaica, que nunca deixou de ser conservadora. Mesmo assim, foi adiante.<br \/>\nA internet n\u00e3o perdoou Sobel quando ele faleceu.<br \/>\nO epis\u00f3dio em que ele furtou gravatas foi mais lembrado que sua batalha pela democracia.<br \/>\nAconteceu numa loja em Miami em 2008. Ele passou uma noite na cadeia. De volta ao Brasil, se internou e revelou o uso de rem\u00e9dios. Foi humilhado, julgado e escorra\u00e7ado.<br \/>\nAcabou afastado da CIP, Congrega\u00e7\u00e3o Israelita Paulista.<br \/>\nEm 2013,\u00a0admitiu \u201cuma falha moral\u201d. \u201cPe\u00e7o perd\u00e3o a todos\u201d, falou. Repetiu essa penit\u00eancia ao longo da vida.<br \/>\nNunca foi perdoado. Nem no caix\u00e3o.<br \/>\nGugu Liberato foi v\u00edtima de um acidente fatal ao cair de uma altura de 4 metros quando fazia reparo no ar-condicionado no s\u00f3t\u00e3o de sua mans\u00e3o de 629\u00a0metros quadrados em Orlando.<br \/>\n(Seis quartos, sete banheiros e uma \u00e1rea externa descrita no site realtor como um \u201co\u00e1sis particular com uma encantadora piscina de \u00e1gua salgada, equipado com spa, cozinha e uma lareira a g\u00e1s\u201d).<br \/>\nPor raz\u00f5es \u00f3bvias, seu passamento teve muito mais repercuss\u00e3o que o do outro.<br \/>\nMas sua \u201cobra\u201d est\u00e1 sendo festejada.<br \/>\nSegundo a <em>Folha<\/em>, ele \u00e9 \u201cdono de uma das trajet\u00f3rias mais brilhantes da TV brasileira\u201d.<br \/>\nO <em>El Pa\u00eds<\/em> o descreve como algu\u00e9m que \u201cmudou a TV\u201d.<br \/>\nUm vice-presidente da CNN Brasil citado pelo jornal o classifica como \u201cbom entrevistador porque ouvia atentamente o que o entrevistado dizia e n\u00e3o se desconcentrava pensando na pr\u00f3xima pergunta\u201d.<br \/>\n\u201cTinha uma curiosidade genu\u00edna, mas n\u00e3o agressiva. Era educado, polido, sutil.\u201d<br \/>\nOra.<br \/>\nCria de Silvio Santos, eterna cara de menino, Gugu ficou not\u00f3rio com uma atra\u00e7\u00e3o chamada Domingo Legal, um vale tudo ordin\u00e1rio no SBT.<br \/>\nNa guerra pela audi\u00eancia, criou um porn\u00f4 soft numa banheira, entrevistava assassinos famosos, cobriu a \u201cexuma\u00e7\u00e3o\u201d do cad\u00e1ver de Dercy Gon\u00e7alves.<br \/>\nO ponto mais baixo foi a farsa do PCC em 2003, quando dois \u201cmembros\u201d da quadrilha falaram ao programa.<br \/>\nOs picaretas encapuzados receberam 500 reais cada um para mentir diante do apresentador, que fingia surpresa.<br \/>\nUm antecessor das fake news de massa.<br \/>\nGugu nunca admitiu ter conhecimento da fraude. Cascata completa que ele jamais reconheceu.<br \/>\nSua morte aos 60 \u00e9 uma trag\u00e9dia, claro. A quest\u00e3o n\u00e3o \u00e9 pessoal.<br \/>\nMas seu legado foi contribuir com mais lixo para o monturo da televis\u00e3o aberta brasileira. Gugu n\u00e3o foi visto, em d\u00e9cadas, indicando um m\u00edsero livro.<br \/>\nHenry Sobel ser\u00e1 velado nos EUA numa cerim\u00f4nia discreta.<br \/>\nGugu Liberato, na Assembleia Legislativa de S\u00e3o Paulo. Doria decretou tr\u00eas dias de luto em sua mem\u00f3ria.<br \/>\nBolsonaro prestou solidariedade \u00e0 fam\u00edlia de somente um deles. Voc\u00ea sabe qual.<br \/>\nSobel n\u00e3o teve perd\u00e3o. Gugu nunca precisou pedir.<\/p>\n","protected":false},"excerpt":{"rendered":"<p>Kiko Nogueira, do DcM A maneira como o brasileiro reagiu \u00e0 morte de Gugu Liberato e de Henry Sobel, no mesmo dia, d\u00e1 uma dimens\u00e3o da nossa encrenca psicotr\u00f3pica-moral. Sobel foi um gigante que ajudou a enterrar a ditadura quando se recusou, em outubro de 1975, a sepultar Herzog como suicida no Cemit\u00e9rio Israelita do [&hellip;]<\/p>\n","protected":false},"author":11,"featured_media":0,"comment_status":"open","ping_status":"closed","sticky":false,"template":"","format":"standard","meta":{"jetpack_post_was_ever_published":false,"_jetpack_newsletter_access":"","_jetpack_dont_email_post_to_subs":false,"_jetpack_newsletter_tier_id":0,"_jetpack_memberships_contains_paywalled_content":false,"_jetpack_memberships_contains_paid_content":false,"footnotes":"","jetpack_publicize_message":"","jetpack_publicize_feature_enabled":true,"jetpack_social_post_already_shared":true,"jetpack_social_options":{"image_generator_settings":{"template":"highway","default_image_id":0,"font":"","enabled":false},"version":2}},"categories":[2],"tags":[],"class_list":["post-79387","post","type-post","status-publish","format-standard","hentry","category-analiseopiniao"],"aioseo_notices":[],"jetpack_publicize_connections":[],"jetpack_featured_media_url":"","jetpack-related-posts":[{"id":84617,"url":"https:\/\/www.jornalja.com.br\/colunas\/o-candidato-de-si-mesmo\/","url_meta":{"origin":79387,"position":0},"title":"O candidato de si mesmo","author":"da Reda\u00e7\u00e3o","date":"10 de abril de 2026","format":false,"excerpt":"Sem emplacar nacionalmente, Leite pode ficar quatro anos sem mandato. Foto Jo\u00e3o Pedro Rodrigues\/SecomRS ELMAR BONES Ningu\u00e9m \u00e9 candidato de si mesmo. Essa \u00e9 a regra n\u00e3o escrita da pol\u00edtica partid\u00e1ria, que as velhas raposas n\u00e3o cansam de repetir aos novatos. Eduardo Leite parece n\u00e3o t\u00ea-la aprendido. Ele n\u00e3o tem\u2026","rel":"","context":"Em &quot;An\u00e1lise&amp;Opini\u00e3o&quot;","block_context":{"text":"An\u00e1lise&amp;Opini\u00e3o","link":"https:\/\/www.jornalja.com.br\/colunas\/category\/analiseopiniao\/"},"img":{"alt_text":"","src":"https:\/\/i0.wp.com\/www.jornalja.com.br\/colunas\/wp-content\/uploads\/sites\/5\/2026\/04\/infraestrutura-escolar.jpeg?resize=350%2C200&ssl=1","width":350,"height":200,"srcset":"https:\/\/i0.wp.com\/www.jornalja.com.br\/colunas\/wp-content\/uploads\/sites\/5\/2026\/04\/infraestrutura-escolar.jpeg?resize=350%2C200&ssl=1 1x, https:\/\/i0.wp.com\/www.jornalja.com.br\/colunas\/wp-content\/uploads\/sites\/5\/2026\/04\/infraestrutura-escolar.jpeg?resize=525%2C300&ssl=1 1.5x, https:\/\/i0.wp.com\/www.jornalja.com.br\/colunas\/wp-content\/uploads\/sites\/5\/2026\/04\/infraestrutura-escolar.jpeg?resize=700%2C400&ssl=1 2x"},"classes":[]},{"id":84725,"url":"https:\/\/www.jornalja.com.br\/colunas\/e-preciso-refletir-sobre-os-mais-de-84-mil-desaparecidos-no-brasil-em-2025\/","url_meta":{"origin":79387,"position":1},"title":"\u00c9 preciso refletir sobre os mais de 84 mil desaparecidos no Brasil em 2025","author":"An\u00e1lise &amp; Opini\u00e3o","date":"23 de abril de 2026","format":false,"excerpt":"CRISTIANO GOLDSCHMIDT Em 2025, o Brasil registrou 84.760 pessoas desaparecidas, segundo dados consolidados pelo Sistema Nacional de Informa\u00e7\u00f5es de Seguran\u00e7a P\u00fablica Sinesp), vinculado ao Minist\u00e9rio da Justi\u00e7a e Seguran\u00e7a P\u00fablica. Mais do que um n\u00famero expressivo, o dado revela um fen\u00f4meno cont\u00ednuo, distribu\u00eddo no tempo e no territ\u00f3rio \u2014 e,\u2026","rel":"","context":"Em &quot;An\u00e1lise&amp;Opini\u00e3o&quot;","block_context":{"text":"An\u00e1lise&amp;Opini\u00e3o","link":"https:\/\/www.jornalja.com.br\/colunas\/category\/analiseopiniao\/"},"img":{"alt_text":"","src":"https:\/\/i0.wp.com\/www.jornalja.com.br\/colunas\/wp-content\/uploads\/sites\/5\/2026\/04\/image.png?resize=350%2C200&ssl=1","width":350,"height":200,"srcset":"https:\/\/i0.wp.com\/www.jornalja.com.br\/colunas\/wp-content\/uploads\/sites\/5\/2026\/04\/image.png?resize=350%2C200&ssl=1 1x, https:\/\/i0.wp.com\/www.jornalja.com.br\/colunas\/wp-content\/uploads\/sites\/5\/2026\/04\/image.png?resize=525%2C300&ssl=1 1.5x, https:\/\/i0.wp.com\/www.jornalja.com.br\/colunas\/wp-content\/uploads\/sites\/5\/2026\/04\/image.png?resize=700%2C400&ssl=1 2x, https:\/\/i0.wp.com\/www.jornalja.com.br\/colunas\/wp-content\/uploads\/sites\/5\/2026\/04\/image.png?resize=1050%2C600&ssl=1 3x, https:\/\/i0.wp.com\/www.jornalja.com.br\/colunas\/wp-content\/uploads\/sites\/5\/2026\/04\/image.png?resize=1400%2C800&ssl=1 4x"},"classes":[]},{"id":84737,"url":"https:\/\/www.jornalja.com.br\/colunas\/dia-internacional-da-educacao-o-brasil-que-se-revela-na-sala-de-aula\/","url_meta":{"origin":79387,"position":2},"title":"Dia Internacional da Educa\u00e7\u00e3o: o Brasil que se revela na sala de aula","author":"An\u00e1lise &amp; Opini\u00e3o","date":"28 de abril de 2026","format":false,"excerpt":"CRISTIANO GOLDSCHMIDT A educa\u00e7\u00e3o n\u00e3o se deixa apreender como um simples conceito est\u00e1vel ou como um consenso j\u00e1 dado. Ela se apresenta, antes, como um campo de tens\u00f5es, no qual se entrecruzam disputas de sentido, sil\u00eancios hist\u00f3ricos e projetos de sociedade. Pensar a educa\u00e7\u00e3o, nesse horizonte, implica reconhecer que educar\u2026","rel":"","context":"Em &quot;An\u00e1lise&amp;Opini\u00e3o&quot;","block_context":{"text":"An\u00e1lise&amp;Opini\u00e3o","link":"https:\/\/www.jornalja.com.br\/colunas\/category\/analiseopiniao\/"},"img":{"alt_text":"","src":"https:\/\/i0.wp.com\/www.jornalja.com.br\/colunas\/wp-content\/uploads\/sites\/5\/2026\/04\/image-1.png?resize=350%2C200&ssl=1","width":350,"height":200,"srcset":"https:\/\/i0.wp.com\/www.jornalja.com.br\/colunas\/wp-content\/uploads\/sites\/5\/2026\/04\/image-1.png?resize=350%2C200&ssl=1 1x, https:\/\/i0.wp.com\/www.jornalja.com.br\/colunas\/wp-content\/uploads\/sites\/5\/2026\/04\/image-1.png?resize=525%2C300&ssl=1 1.5x, https:\/\/i0.wp.com\/www.jornalja.com.br\/colunas\/wp-content\/uploads\/sites\/5\/2026\/04\/image-1.png?resize=700%2C400&ssl=1 2x"},"classes":[]},{"id":84632,"url":"https:\/\/www.jornalja.com.br\/colunas\/medicos-alertam-para-os-riscos-a-saude-de-nova-fabrica-de-celulose-da-cmpc\/","url_meta":{"origin":79387,"position":3},"title":"M\u00e9dicos alertam para os riscos \u00e0 sa\u00fade de nova f\u00e1brica de celulose da CMPC","author":"Cleber Dioni Tentardini","date":"14 de abril de 2026","format":false,"excerpt":"ROSELAINE MURLIK * Represento um grupo de profissionais da medicina que, h\u00e1 alguns anos, estuda os diferentes impactos das mudan\u00e7as clim\u00e1ticas e da polui\u00e7\u00e3o ambiental nos ecossistemas na sa\u00fade humana e do planeta. Causa preocupa\u00e7\u00e3o o novo megaempreendimento de celulose da empresa chilena CMPC em Barra do Ribeiro (RS), pr\u00f3ximo\u2026","rel":"","context":"Em &quot;An\u00e1lise&amp;Opini\u00e3o&quot;","block_context":{"text":"An\u00e1lise&amp;Opini\u00e3o","link":"https:\/\/www.jornalja.com.br\/colunas\/category\/analiseopiniao\/"},"img":{"alt_text":"","src":"https:\/\/i0.wp.com\/www.jornalja.com.br\/colunas\/wp-content\/uploads\/sites\/5\/2026\/04\/comite-contra-celulose.jpg?resize=350%2C200&ssl=1","width":350,"height":200},"classes":[]},{"id":84690,"url":"https:\/\/www.jornalja.com.br\/colunas\/17-de-abril-de-1996-30-anos-do-massacre-de-eldorado-do-carajas\/","url_meta":{"origin":79387,"position":4},"title":"17 de abril de 1996: 30 anos do Massacre de Eldorado do Caraj\u00e1s","author":"da Reda\u00e7\u00e3o","date":"17 de abril de 2026","format":false,"excerpt":"Cruz marca o local do massacre em Eldorado dos Caraj\u00e1s, Par\u00e1. Foto: Marcello Casal Jr.\/Arquivo ABr CRISTIANO GOLDSCHMIDT H\u00e1 datas que n\u00e3o passam. Ficam suspensas no tempo como poeira vermelha sobre a pele \u2014 insistem, infiltram-se, recusam o esquecimento. Abril, no sul do Par\u00e1, \u00e9 sempre um m\u00eas que arde.\u2026","rel":"","context":"Em &quot;An\u00e1lise&amp;Opini\u00e3o&quot;","block_context":{"text":"An\u00e1lise&amp;Opini\u00e3o","link":"https:\/\/www.jornalja.com.br\/colunas\/category\/analiseopiniao\/"},"img":{"alt_text":"","src":"https:\/\/i0.wp.com\/www.jornalja.com.br\/colunas\/wp-content\/uploads\/sites\/5\/2026\/04\/mc006.jpg?resize=350%2C200&ssl=1","width":350,"height":200,"srcset":"https:\/\/i0.wp.com\/www.jornalja.com.br\/colunas\/wp-content\/uploads\/sites\/5\/2026\/04\/mc006.jpg?resize=350%2C200&ssl=1 1x, https:\/\/i0.wp.com\/www.jornalja.com.br\/colunas\/wp-content\/uploads\/sites\/5\/2026\/04\/mc006.jpg?resize=525%2C300&ssl=1 1.5x, https:\/\/i0.wp.com\/www.jornalja.com.br\/colunas\/wp-content\/uploads\/sites\/5\/2026\/04\/mc006.jpg?resize=700%2C400&ssl=1 2x, https:\/\/i0.wp.com\/www.jornalja.com.br\/colunas\/wp-content\/uploads\/sites\/5\/2026\/04\/mc006.jpg?resize=1050%2C600&ssl=1 3x, https:\/\/i0.wp.com\/www.jornalja.com.br\/colunas\/wp-content\/uploads\/sites\/5\/2026\/04\/mc006.jpg?resize=1400%2C800&ssl=1 4x"},"classes":[]},{"id":84673,"url":"https:\/\/www.jornalja.com.br\/colunas\/40-anos-sem-simone-de-beauvoir-uma-interlocutora-ainda-incomoda-do-presente\/","url_meta":{"origin":79387,"position":5},"title":"40 anos sem Simone de Beauvoir, uma interlocutora ainda inc\u00f4moda do presente","author":"da Reda\u00e7\u00e3o","date":"14 de abril de 2026","format":false,"excerpt":"CRISTIANO GOLDSCHMIDT Quarenta anos ap\u00f3s a morte de Simone de Beauvoir (9 de janeiro de 1908 - 14 de abril de 1986), descubro que sua aus\u00eancia n\u00e3o \u00e9 propriamente um vazio \u2014 \u00e9 antes um rumor cont\u00ednuo, uma esp\u00e9cie de presen\u00e7a indireta que se infiltra nas conversas, nos livros, nas\u2026","rel":"","context":"Em &quot;An\u00e1lise&amp;Opini\u00e3o&quot;","block_context":{"text":"An\u00e1lise&amp;Opini\u00e3o","link":"https:\/\/www.jornalja.com.br\/colunas\/category\/analiseopiniao\/"},"img":{"alt_text":"","src":"https:\/\/i0.wp.com\/www.jornalja.com.br\/colunas\/wp-content\/uploads\/sites\/5\/2026\/04\/simone-de-beauvoir-memorias-de-uma-menina-bemcomportada.jpeg?resize=350%2C200&ssl=1","width":350,"height":200},"classes":[]}],"jetpack_shortlink":"https:\/\/wp.me\/pbKo0s-kEr","jetpack_sharing_enabled":true,"_links":{"self":[{"href":"https:\/\/www.jornalja.com.br\/colunas\/wp-json\/wp\/v2\/posts\/79387","targetHints":{"allow":["GET"]}}],"collection":[{"href":"https:\/\/www.jornalja.com.br\/colunas\/wp-json\/wp\/v2\/posts"}],"about":[{"href":"https:\/\/www.jornalja.com.br\/colunas\/wp-json\/wp\/v2\/types\/post"}],"author":[{"embeddable":true,"href":"https:\/\/www.jornalja.com.br\/colunas\/wp-json\/wp\/v2\/users\/11"}],"replies":[{"embeddable":true,"href":"https:\/\/www.jornalja.com.br\/colunas\/wp-json\/wp\/v2\/comments?post=79387"}],"version-history":[{"count":0,"href":"https:\/\/www.jornalja.com.br\/colunas\/wp-json\/wp\/v2\/posts\/79387\/revisions"}],"wp:attachment":[{"href":"https:\/\/www.jornalja.com.br\/colunas\/wp-json\/wp\/v2\/media?parent=79387"}],"wp:term":[{"taxonomy":"category","embeddable":true,"href":"https:\/\/www.jornalja.com.br\/colunas\/wp-json\/wp\/v2\/categories?post=79387"},{"taxonomy":"post_tag","embeddable":true,"href":"https:\/\/www.jornalja.com.br\/colunas\/wp-json\/wp\/v2\/tags?post=79387"}],"curies":[{"name":"wp","href":"https:\/\/api.w.org\/{rel}","templated":true}]}}