{"id":79682,"date":"2019-12-02T18:03:43","date_gmt":"2019-12-02T21:03:43","guid":{"rendered":"https:\/\/www.jornalja.com.br\/?p=79682"},"modified":"2019-12-02T18:03:43","modified_gmt":"2019-12-02T21:03:43","slug":"por-baixo-do-pano","status":"publish","type":"post","link":"https:\/\/www.jornalja.com.br\/colunas\/por-baixo-do-pano\/","title":{"rendered":"JOS\u00c9 ANTONIO SEVERO\/Por baixo do pano"},"content":{"rendered":"<p><span class=\"assina\">Jos\u00e9 Antonio Severo<\/span><br \/>\nHavia na Campanha um ditado infantil: atirou no galo, acertou na galinha.<br \/>\n\u00c9 o que parecem duas medidas altamente polemicas do governo do presidente Jair Bolsonaro.<br \/>\nApresenta-se uma coisa, mas o objetivo \u00e9 outra coisa, ou seja, atender \u00e0s demandas de parcelas expressivas de sua clientela. As elei\u00e7\u00f5es municipais, base de lan\u00e7amento para a reelei\u00e7\u00e3o, est\u00e3o a\u00ed \u00e0 frente. Falta menos de um ano.<br \/>\nAs tais medidas eleitoreiras n\u00e3o podem ser explicitadas como tal, pois s\u00e3o inconstitucionais. As duas visam atender a fatias do p\u00fabico bolsonarista, evang\u00e9licos e juventude, mas atingem direitos de outrem.<br \/>\nPara atender \u00e0 mocidade, o governo emitiu a Medida Provis\u00f3ria 905\/19, com o denominado Contrato de Trabalho Verde Amarelo, dando incentivos fiscais para empresas que oferecerem o primeiro emprego para jovens entre 18 e 29 anos. Esse grupo, que votou em massa no PSL.<br \/>\nA justificativa para a exce\u00e7\u00e3o \u00e9 inconstitucional, pois exclu\u00ed da MP pessoas de 30 anos ou mais que estejam desempregadas.<br \/>\nEmbora a fra\u00e7\u00e3o dos jovens dessa faixa et\u00e1ria que apresente maior percentual de desempregados, 27%, o dobro da taxa oficial geral de desemprego do IBGE, a legisla\u00e7\u00e3o n\u00e3o permite a discrimina\u00e7\u00e3o.<br \/>\nSe n\u00e3o cair nas vota\u00e7\u00f5es do Congresso, a carteira verde amarela pode ser inviabilizada na Justi\u00e7a.<br \/>\nEntretanto, n\u00e3o \u00e9 a quest\u00e3o dos direitos individuais que move a Oposi\u00e7\u00e3o para atacar o projeto, mas seu feito eleitoral, atendendo \u00e0 reivindica\u00e7\u00e3o desse segmento majoritariamente governista. Coisas da pol\u00edtica.<br \/>\nO mesmo ocorre com a campanha contra as politicas racialistas de prote\u00e7\u00e3o aos afrodescendentes.<br \/>\nA justificava foi que a esquerda se apoderou dos movimentos negros e que enfrentar o racial\u00edssimo \u00e9 uma a\u00e7\u00e3o de neutraliza\u00e7\u00e3o ideol\u00f3gica do PT, nos discursos \u201ccombate ao comunismo\u201d, um bord\u00e3o usado para enfraquecer a frente liberada pelo Partido dos Trabalhadores, onde se entrincheiram os arqui-advers\u00e1rios do presidente da Rep\u00fablica.<br \/>\nConflito religioso no radar. Um subproduto das mudan\u00e7as anunciadas nas \u00e1reas de pol\u00edticas identit\u00e1rias na administra\u00e7\u00e3o p\u00fabica, iniciada com a mudan\u00e7a de comando da Funda\u00e7\u00e3o Palmares, poder\u00e1 acirrar as rela\u00e7\u00f5es habitualmente tensas e, \u00e0s vezes, violentas entre evang\u00e9licos e religi\u00f5es de matriz africana.<br \/>\nO novo presidente da Palmares, S\u00e9rgio Nascimento de Camargo, \u00e9 advers\u00e1rio aberto dos movimentos identit\u00e1rios negros que s\u00e3o reconhecidos no Brasil.<br \/>\nA revers\u00e3o da mobiliza\u00e7\u00e3o dos chamados negros vai dar o que falar.<br \/>\nCome\u00e7a com a troca de orienta\u00e7\u00e3o na Funda\u00e7\u00e3o Palmares, entidade mater da recupera\u00e7\u00e3o da identidade africana na forma\u00e7\u00e3o do Brasil. Depois, outras partes desse movimento devem ser atacadas pela ala ideol\u00f3gica do novo governo, retirando reconhecimento e apoios oficiais, corte de verbas e algumas regalias.<br \/>\nEsta \u00e9 a perspectiva neste momento.<br \/>\nNeste segmento da rivalidade religiosa entre evang\u00e9licos e seitas afro-culturalistas, as disputas n\u00e3o se restringem ao territ\u00f3rio brasileiro.<br \/>\nAs religi\u00f5es brasileiras de orienta\u00e7\u00e3o pentecostal com sede no Brasil v\u00eam liderando uma forte expans\u00e3o na \u00c1frica como um todo, onde enfrentam a hostilidade das seitas mu\u00e7ulmanas.<br \/>\nAs ditas religi\u00f5es de inspira\u00e7\u00e3o animistas, como candombl\u00e9 o vudu, nos pa\u00edses africanos est\u00e3o desaparecidas, figurando apenas como identidade folcl\u00f3rica. Al\u00e9m mar dividem-se em islamitas e crist\u00e3os. Esta disputa pelas almas \u00e9 aqui.<br \/>\nEntretanto, embora o movimento negro tenha se apropriado das religi\u00f5es de matriz africana, \u00e9 sabido que a popula\u00e7\u00e3o dita branca participa em massa dessas seitas.<br \/>\nNo Brasil, todo o mundo (branco, pardo, preto e amarelo) \u00e9 macumbeiro.<br \/>\nA primeira rea\u00e7\u00e3o j\u00e1 foi vigorosa em todos os meios, da m\u00eddia \u00e0s institui\u00e7\u00f5es ligadas \u00e0 cultura, Hist\u00f3ria e todos os influenciadores da opini\u00e3o p\u00fablica. No entanto, isto parece apenas refor\u00e7ar o \u00e2nimo dos conservadores, como demonstram outras a\u00e7\u00f5es nesse sentido, como nos embates com ambientalistas, indigenistas e na orienta\u00e7\u00e3o da pol\u00edtica cultural.<br \/>\nPor outro lado, os conservadores dizem n\u00e3o temer rea\u00e7\u00f5es efetivas, pois avaliam que os movimentos identit\u00e1rios n\u00e3o det\u00eam a for\u00e7a pol\u00edtica que se lhes atribui.<br \/>\nN\u00e3o obstante as estat\u00edsticas apresentarem n\u00fameros expressivos, at\u00e9 majorit\u00e1rios, os situacionistas dizem que os movimentos racialistas n\u00e3o t\u00eam a express\u00e3o pol\u00edtica relevante nas bancadas de parlamentos, ao contr\u00e1rio das corpora\u00e7\u00f5es, religi\u00f5es e outros estamentos, suas representa\u00e7\u00f5es especificas s\u00e3o praticamente nulas nas c\u00e2maras e assembleias. Muito barulho, que n\u00e3o ser\u00e1 do couro dos tambores.<\/p>\n<table>\n<tbody>\n<tr>\n<td><\/td>\n<td><\/td>\n<\/tr>\n<\/tbody>\n<\/table>\n","protected":false},"excerpt":{"rendered":"<p>Jos\u00e9 Antonio Severo Havia na Campanha um ditado infantil: atirou no galo, acertou na galinha. \u00c9 o que parecem duas medidas altamente polemicas do governo do presidente Jair Bolsonaro. Apresenta-se uma coisa, mas o objetivo \u00e9 outra coisa, ou seja, atender \u00e0s demandas de parcelas expressivas de sua clientela. As elei\u00e7\u00f5es municipais, base de lan\u00e7amento [&hellip;]<\/p>\n","protected":false},"author":11,"featured_media":0,"comment_status":"open","ping_status":"closed","sticky":false,"template":"","format":"standard","meta":{"jetpack_post_was_ever_published":false,"_jetpack_newsletter_access":"","_jetpack_dont_email_post_to_subs":false,"_jetpack_newsletter_tier_id":0,"_jetpack_memberships_contains_paywalled_content":false,"_jetpack_memberships_contains_paid_content":false,"footnotes":"","jetpack_publicize_message":"","jetpack_publicize_feature_enabled":true,"jetpack_social_post_already_shared":true,"jetpack_social_options":{"image_generator_settings":{"template":"highway","default_image_id":0,"font":"","enabled":false},"version":2}},"categories":[2],"tags":[],"class_list":["post-79682","post","type-post","status-publish","format-standard","hentry","category-analiseopiniao"],"aioseo_notices":[],"jetpack_publicize_connections":[],"jetpack_featured_media_url":"","jetpack-related-posts":[{"id":84617,"url":"https:\/\/www.jornalja.com.br\/colunas\/o-candidato-de-si-mesmo\/","url_meta":{"origin":79682,"position":0},"title":"O candidato de si mesmo","author":"da Reda\u00e7\u00e3o","date":"10 de abril de 2026","format":false,"excerpt":"Sem emplacar nacionalmente, Leite pode ficar quatro anos sem mandato. Foto Jo\u00e3o Pedro Rodrigues\/SecomRS ELMAR BONES Ningu\u00e9m \u00e9 candidato de si mesmo. Essa \u00e9 a regra n\u00e3o escrita da pol\u00edtica partid\u00e1ria, que as velhas raposas n\u00e3o cansam de repetir aos novatos. Eduardo Leite parece n\u00e3o t\u00ea-la aprendido. Ele n\u00e3o tem\u2026","rel":"","context":"Em &quot;An\u00e1lise&amp;Opini\u00e3o&quot;","block_context":{"text":"An\u00e1lise&amp;Opini\u00e3o","link":"https:\/\/www.jornalja.com.br\/colunas\/category\/analiseopiniao\/"},"img":{"alt_text":"","src":"https:\/\/i0.wp.com\/www.jornalja.com.br\/colunas\/wp-content\/uploads\/sites\/5\/2026\/04\/infraestrutura-escolar.jpeg?resize=350%2C200&ssl=1","width":350,"height":200,"srcset":"https:\/\/i0.wp.com\/www.jornalja.com.br\/colunas\/wp-content\/uploads\/sites\/5\/2026\/04\/infraestrutura-escolar.jpeg?resize=350%2C200&ssl=1 1x, https:\/\/i0.wp.com\/www.jornalja.com.br\/colunas\/wp-content\/uploads\/sites\/5\/2026\/04\/infraestrutura-escolar.jpeg?resize=525%2C300&ssl=1 1.5x, https:\/\/i0.wp.com\/www.jornalja.com.br\/colunas\/wp-content\/uploads\/sites\/5\/2026\/04\/infraestrutura-escolar.jpeg?resize=700%2C400&ssl=1 2x"},"classes":[]},{"id":84590,"url":"https:\/\/www.jornalja.com.br\/colunas\/e-preciso-defender-o-jardim-botanico-de-porto-alegre\/","url_meta":{"origin":79682,"position":1},"title":"\u00c9 preciso defender o Jardim Bot\u00e2nico de Porto Alegre","author":"da Reda\u00e7\u00e3o","date":"8 de mar\u00e7o de 2026","format":false,"excerpt":"CLEBER DIONI TENTARDINI O Jardim Bot\u00e2nico de Porto Alegre (JBPA) tem 67 anos e \u00e9 considerado um dos cinco melhores e maiores do Brasil. Possui 28 cole\u00e7\u00f5es cient\u00edficas que somam mais de 4.200 plantas, incluindo esp\u00e9cies raras, amea\u00e7adas de extin\u00e7\u00e3o e end\u00eamicas, que s\u00e3o encontradas apenas no RS. No local\u2026","rel":"","context":"Em &quot;An\u00e1lise&amp;Opini\u00e3o&quot;","block_context":{"text":"An\u00e1lise&amp;Opini\u00e3o","link":"https:\/\/www.jornalja.com.br\/colunas\/category\/analiseopiniao\/"},"img":{"alt_text":"","src":"https:\/\/i0.wp.com\/www.jornalja.com.br\/colunas\/wp-content\/uploads\/sites\/5\/2026\/03\/jb-3.jpg?resize=350%2C200&ssl=1","width":350,"height":200,"srcset":"https:\/\/i0.wp.com\/www.jornalja.com.br\/colunas\/wp-content\/uploads\/sites\/5\/2026\/03\/jb-3.jpg?resize=350%2C200&ssl=1 1x, https:\/\/i0.wp.com\/www.jornalja.com.br\/colunas\/wp-content\/uploads\/sites\/5\/2026\/03\/jb-3.jpg?resize=525%2C300&ssl=1 1.5x, https:\/\/i0.wp.com\/www.jornalja.com.br\/colunas\/wp-content\/uploads\/sites\/5\/2026\/03\/jb-3.jpg?resize=700%2C400&ssl=1 2x"},"classes":[]},{"id":84632,"url":"https:\/\/www.jornalja.com.br\/colunas\/medicos-alertam-para-os-riscos-a-saude-de-nova-fabrica-de-celulose-da-cmpc\/","url_meta":{"origin":79682,"position":2},"title":"M\u00e9dicos alertam para os riscos \u00e0 sa\u00fade de nova f\u00e1brica de celulose da CMPC","author":"Cleber Dioni Tentardini","date":"14 de abril de 2026","format":false,"excerpt":"ROSELAINE MURLIK * Represento um grupo de profissionais da medicina que, h\u00e1 alguns anos, estuda os diferentes impactos das mudan\u00e7as clim\u00e1ticas e da polui\u00e7\u00e3o ambiental nos ecossistemas na sa\u00fade humana e do planeta. Causa preocupa\u00e7\u00e3o o novo megaempreendimento de celulose da empresa chilena CMPC em Barra do Ribeiro (RS), pr\u00f3ximo\u2026","rel":"","context":"Em &quot;An\u00e1lise&amp;Opini\u00e3o&quot;","block_context":{"text":"An\u00e1lise&amp;Opini\u00e3o","link":"https:\/\/www.jornalja.com.br\/colunas\/category\/analiseopiniao\/"},"img":{"alt_text":"","src":"https:\/\/i0.wp.com\/www.jornalja.com.br\/colunas\/wp-content\/uploads\/sites\/5\/2026\/04\/comite-contra-celulose.jpg?resize=350%2C200&ssl=1","width":350,"height":200},"classes":[]},{"id":84703,"url":"https:\/\/www.jornalja.com.br\/colunas\/tiradentes-o-martir-que-ainda-nos-observa-e-as-inquietacoes-de-um-brasil-inacabado\/","url_meta":{"origin":79682,"position":3},"title":"Tiradentes: o M\u00e1rtir que ainda nos observa e as inquieta\u00e7\u00f5es de um Brasil inacabado","author":"da Reda\u00e7\u00e3o","date":"21 de abril de 2026","format":false,"excerpt":"CRISTIANO GOLDSCHMIDT H\u00e1 datas que n\u00e3o se imp\u00f5em pelo alarde, mas pela persist\u00eancia silenciosa com que atravessam os s\u00e9culos e se insinuam na consci\u00eancia coletiva. O 21 de abril pertence a essa estirpe discreta. N\u00e3o chega ornado de euforia, tampouco se anuncia com a grandiloqu\u00eancia de outras celebra\u00e7\u00f5es; antes, aproxima-se\u2026","rel":"","context":"Em &quot;An\u00e1lise&amp;Opini\u00e3o&quot;","block_context":{"text":"An\u00e1lise&amp;Opini\u00e3o","link":"https:\/\/www.jornalja.com.br\/colunas\/category\/analiseopiniao\/"},"img":{"alt_text":"","src":"https:\/\/i0.wp.com\/www.jornalja.com.br\/colunas\/wp-content\/uploads\/sites\/5\/2026\/04\/tiradentes-esquartejado-1893-do-artista-pedro-americo.jpg?resize=350%2C200&ssl=1","width":350,"height":200,"srcset":"https:\/\/i0.wp.com\/www.jornalja.com.br\/colunas\/wp-content\/uploads\/sites\/5\/2026\/04\/tiradentes-esquartejado-1893-do-artista-pedro-americo.jpg?resize=350%2C200&ssl=1 1x, https:\/\/i0.wp.com\/www.jornalja.com.br\/colunas\/wp-content\/uploads\/sites\/5\/2026\/04\/tiradentes-esquartejado-1893-do-artista-pedro-americo.jpg?resize=525%2C300&ssl=1 1.5x, https:\/\/i0.wp.com\/www.jornalja.com.br\/colunas\/wp-content\/uploads\/sites\/5\/2026\/04\/tiradentes-esquartejado-1893-do-artista-pedro-americo.jpg?resize=700%2C400&ssl=1 2x, https:\/\/i0.wp.com\/www.jornalja.com.br\/colunas\/wp-content\/uploads\/sites\/5\/2026\/04\/tiradentes-esquartejado-1893-do-artista-pedro-americo.jpg?resize=1050%2C600&ssl=1 3x"},"classes":[]},{"id":84564,"url":"https:\/\/www.jornalja.com.br\/colunas\/a-nova-celulose-a-beira-do-guaiba-e-o-risco-de-repetir-a-borregaard\/","url_meta":{"origin":79682,"position":4},"title":"A nova celulose \u00e0 beira do Gua\u00edba e o risco de repetir a Borregaard","author":"An\u00e1lise &amp; Opini\u00e3o","date":"6 de mar\u00e7o de 2026","format":false,"excerpt":"ELMAR BONES No dia 16 de mar\u00e7o de 1972 foi inaugurada a Ind\u00fastria de Celulose Borregaard, em Gua\u00edba, com a presen\u00e7a das mais altas autoridades e manchetes ufanistas em todos os jornais. Inaugura\u00e7\u00e3o da f\u00e1brica em Gua\u00edba, no ano de 1972. Foto Reprodu\u00e7\u00e3o Arquivo\/CeluloseRioGrandense Seria uma das maiores f\u00e1bricas em\u2026","rel":"","context":"Em &quot;An\u00e1lise&amp;Opini\u00e3o&quot;","block_context":{"text":"An\u00e1lise&amp;Opini\u00e3o","link":"https:\/\/www.jornalja.com.br\/colunas\/category\/analiseopiniao\/"},"img":{"alt_text":"","src":"https:\/\/i0.wp.com\/www.jornalja.com.br\/colunas\/wp-content\/uploads\/sites\/5\/2026\/03\/20260306-112140-scaled.jpg?resize=350%2C200&ssl=1","width":350,"height":200,"srcset":"https:\/\/i0.wp.com\/www.jornalja.com.br\/colunas\/wp-content\/uploads\/sites\/5\/2026\/03\/20260306-112140-scaled.jpg?resize=350%2C200&ssl=1 1x, https:\/\/i0.wp.com\/www.jornalja.com.br\/colunas\/wp-content\/uploads\/sites\/5\/2026\/03\/20260306-112140-scaled.jpg?resize=525%2C300&ssl=1 1.5x, https:\/\/i0.wp.com\/www.jornalja.com.br\/colunas\/wp-content\/uploads\/sites\/5\/2026\/03\/20260306-112140-scaled.jpg?resize=700%2C400&ssl=1 2x, https:\/\/i0.wp.com\/www.jornalja.com.br\/colunas\/wp-content\/uploads\/sites\/5\/2026\/03\/20260306-112140-scaled.jpg?resize=1050%2C600&ssl=1 3x, https:\/\/i0.wp.com\/www.jornalja.com.br\/colunas\/wp-content\/uploads\/sites\/5\/2026\/03\/20260306-112140-scaled.jpg?resize=1400%2C800&ssl=1 4x"},"classes":[]},{"id":84742,"url":"https:\/\/www.jornalja.com.br\/colunas\/rejeicao-a-messias-quando-o-senado-tensiona-os-limites-da-democracia\/","url_meta":{"origin":79682,"position":5},"title":"Rejei\u00e7\u00e3o a Messias: quando o Senado tensiona os limites da democracia","author":"An\u00e1lise &amp; Opini\u00e3o","date":"30 de abril de 2026","format":false,"excerpt":"CRISTIANO GOLDSCHMIDT A rejei\u00e7\u00e3o, pelo Senado, da indica\u00e7\u00e3o de Jorge Messias ao Supremo Tribunal Federal n\u00e3o \u00e9 um fato trivial \u2014 e trat\u00e1-la como um simples exerc\u00edcio de independ\u00eancia institucional seria, no m\u00ednimo, ing\u00eanuo. H\u00e1 algo mais profundo em jogo. O epis\u00f3dio exp\u00f5e, com certa nitidez, a forma como parcelas\u2026","rel":"","context":"Em &quot;An\u00e1lise&amp;Opini\u00e3o&quot;","block_context":{"text":"An\u00e1lise&amp;Opini\u00e3o","link":"https:\/\/www.jornalja.com.br\/colunas\/category\/analiseopiniao\/"},"img":{"alt_text":"","src":"https:\/\/i0.wp.com\/www.jornalja.com.br\/colunas\/wp-content\/uploads\/sites\/5\/2026\/04\/image-2.png?resize=350%2C200&ssl=1","width":350,"height":200,"srcset":"https:\/\/i0.wp.com\/www.jornalja.com.br\/colunas\/wp-content\/uploads\/sites\/5\/2026\/04\/image-2.png?resize=350%2C200&ssl=1 1x, https:\/\/i0.wp.com\/www.jornalja.com.br\/colunas\/wp-content\/uploads\/sites\/5\/2026\/04\/image-2.png?resize=525%2C300&ssl=1 1.5x, https:\/\/i0.wp.com\/www.jornalja.com.br\/colunas\/wp-content\/uploads\/sites\/5\/2026\/04\/image-2.png?resize=700%2C400&ssl=1 2x, https:\/\/i0.wp.com\/www.jornalja.com.br\/colunas\/wp-content\/uploads\/sites\/5\/2026\/04\/image-2.png?resize=1050%2C600&ssl=1 3x"},"classes":[]}],"jetpack_shortlink":"https:\/\/wp.me\/pbKo0s-kJc","jetpack_sharing_enabled":true,"_links":{"self":[{"href":"https:\/\/www.jornalja.com.br\/colunas\/wp-json\/wp\/v2\/posts\/79682","targetHints":{"allow":["GET"]}}],"collection":[{"href":"https:\/\/www.jornalja.com.br\/colunas\/wp-json\/wp\/v2\/posts"}],"about":[{"href":"https:\/\/www.jornalja.com.br\/colunas\/wp-json\/wp\/v2\/types\/post"}],"author":[{"embeddable":true,"href":"https:\/\/www.jornalja.com.br\/colunas\/wp-json\/wp\/v2\/users\/11"}],"replies":[{"embeddable":true,"href":"https:\/\/www.jornalja.com.br\/colunas\/wp-json\/wp\/v2\/comments?post=79682"}],"version-history":[{"count":0,"href":"https:\/\/www.jornalja.com.br\/colunas\/wp-json\/wp\/v2\/posts\/79682\/revisions"}],"wp:attachment":[{"href":"https:\/\/www.jornalja.com.br\/colunas\/wp-json\/wp\/v2\/media?parent=79682"}],"wp:term":[{"taxonomy":"category","embeddable":true,"href":"https:\/\/www.jornalja.com.br\/colunas\/wp-json\/wp\/v2\/categories?post=79682"},{"taxonomy":"post_tag","embeddable":true,"href":"https:\/\/www.jornalja.com.br\/colunas\/wp-json\/wp\/v2\/tags?post=79682"}],"curies":[{"name":"wp","href":"https:\/\/api.w.org\/{rel}","templated":true}]}}