{"id":81548,"date":"2020-03-07T19:05:44","date_gmt":"2020-03-07T22:05:44","guid":{"rendered":"https:\/\/www.jornalja.com.br\/analise\/?p=81548"},"modified":"2020-03-09T07:27:41","modified_gmt":"2020-03-09T10:27:41","slug":"elmar-bones-a-nova-politica","status":"publish","type":"post","link":"https:\/\/www.jornalja.com.br\/colunas\/elmar-bones-a-nova-politica\/","title":{"rendered":"ELMAR BONES\/  A  nova pol\u00edtica"},"content":{"rendered":"<p>\u00c9 reveladora a entrevista do ex-secret\u00e1rio do Esporte, general D\u00e9cio Brasil,\u00a0 \u00e0 Folha de S. Paulo, postada na madrugada do s\u00e1bado, na coluna Painel.<\/p>\n<p>O general diz que foi exonerado por relutar em nomear Marcelo Magalh\u00e3es, padrinho de casamento do senador Fl\u00e1vio Bolsonaro, para um cargo na secretaria.<\/p>\n<p>No mesmo ato da demiss\u00e3o dele, Bolsonaro nomeou o apadrinhado do filho para o cargo.<\/p>\n<p>\u201cTalvez tenha desagradado o presidente\u201d, cogita o general na entrevista publicada na coluna Painel, sem destaque.<\/p>\n<p>O general n\u00e3o v\u00ea outro motivo para a sua exonera\u00e7\u00e3o: \u201cFui surpreendido com a exonera\u00e7\u00e3o. N\u00e3o esperava. Nosso trabalho ia bem.\u00a0 Acho que o principal motivo foi o fato de eu ter sido reticente na nomea\u00e7\u00e3o do Marcelo Magalh\u00e3es para o escrit\u00f3rio do Rio, que administra o Parque Ol\u00edmpico da Barra\u201d.<\/p>\n<p>O general n\u00e3o conhecia Marcelo e relutou em nome\u00e1-lo. &#8220;Precisava de algu\u00e9m da minha confian\u00e7a l\u00e1 porque a documenta\u00e7\u00e3o ia do Rio para Bras\u00edlia, para ordenar despesas\u201d.<\/p>\n<p>Bolsonaro, segundo o general, garantiu que o indicado era da confian\u00e7a dele.<\/p>\n<p>O general D\u00e9cio aceitou nomear o indicado, mas conta que teve problemas na rela\u00e7\u00e3o com Marcelo: \u201cEle disse que n\u00e3o ia me dar satisfa\u00e7\u00e3o, mas ele me devia satisfa\u00e7\u00e3o, porque o escrit\u00f3rio do Rio \u00e9 subordinado \u00e0 secretaria. Ele falou que n\u00e3o ia conversar comigo, que s\u00f3 ia conversar com o ministro, com o presidente ou com o senador\u201d.<\/p>\n<p>\u201cEle tomou posse dia no dia 5 de fevereiro, eu chamei ele pra uma reuni\u00e3o, ele n\u00e3o foi. Nunca vi ele pessoalmente\u201d, revelou o general.<\/p>\n<p>Marcelo Magalh\u00e3es substituiu o general D\u00e9cio Brasil como Secret\u00e1rio de Esportes no dia 28 de fevereiro. E l\u00e1 permanece.<\/p>\n<p>\u00c9 a nova pol\u00edtica a todo vapor.<\/p>\n<p>&nbsp;<\/p>\n","protected":false},"excerpt":{"rendered":"<p>\u00c9 reveladora a entrevista do ex-secret\u00e1rio do Esporte, general D\u00e9cio Brasil,\u00a0 \u00e0 Folha de S. Paulo, postada na madrugada do s\u00e1bado, na coluna Painel. O general diz que foi exonerado por relutar em nomear Marcelo Magalh\u00e3es, padrinho de casamento do senador Fl\u00e1vio Bolsonaro, para um cargo na secretaria. No mesmo ato da demiss\u00e3o dele, Bolsonaro [&hellip;]<\/p>\n","protected":false},"author":11,"featured_media":0,"comment_status":"open","ping_status":"open","sticky":false,"template":"","format":"standard","meta":{"jetpack_post_was_ever_published":false,"_jetpack_newsletter_access":"","_jetpack_dont_email_post_to_subs":false,"_jetpack_newsletter_tier_id":0,"_jetpack_memberships_contains_paywalled_content":false,"_jetpack_memberships_contains_paid_content":false,"footnotes":"","jetpack_publicize_message":"","jetpack_publicize_feature_enabled":true,"jetpack_social_post_already_shared":true,"jetpack_social_options":{"image_generator_settings":{"template":"highway","default_image_id":0,"font":"","enabled":false},"version":2}},"categories":[2],"tags":[],"class_list":["post-81548","post","type-post","status-publish","format-standard","hentry","category-analiseopiniao"],"aioseo_notices":[],"jetpack_publicize_connections":[],"jetpack_featured_media_url":"","jetpack-related-posts":[{"id":84609,"url":"https:\/\/www.jornalja.com.br\/colunas\/o-centro-historico-de-porto-alegre\/","url_meta":{"origin":81548,"position":0},"title":"O Centro (Hist\u00f3rico) de Porto Alegre","author":"Cleber Dioni Tentardini","date":"30 de mar\u00e7o de 2026","format":false,"excerpt":"CLEBER DIONI TENTARDINI Porto Alegre, nove horas da manh\u00e3 do dia\u00a030\u00a0de mar\u00e7o de 2026. No \"cora\u00e7\u00e3o\" do\u00a0Centro - que j\u00e1\u00a0foi hist\u00f3rico em tempos passados,\u00a0e limpo\u00a0-,\u00a0em um trecho de\u00a0cerca de\u00a0500 metros, entre as ruas General C\u00e2mara e Senhor dos Passos, existem mais de 50 im\u00f3veis comerciais de porta de rua fechados,\u2026","rel":"","context":"Em &quot;An\u00e1lise&amp;Opini\u00e3o&quot;","block_context":{"text":"An\u00e1lise&amp;Opini\u00e3o","link":"https:\/\/www.jornalja.com.br\/colunas\/category\/analiseopiniao\/"},"img":{"alt_text":"","src":"","width":0,"height":0},"classes":[]},{"id":84590,"url":"https:\/\/www.jornalja.com.br\/colunas\/e-preciso-defender-o-jardim-botanico-de-porto-alegre\/","url_meta":{"origin":81548,"position":1},"title":"\u00c9 preciso defender o Jardim Bot\u00e2nico de Porto Alegre","author":"da Reda\u00e7\u00e3o","date":"8 de mar\u00e7o de 2026","format":false,"excerpt":"CLEBER DIONI TENTARDINI O Jardim Bot\u00e2nico de Porto Alegre (JBPA) tem 67 anos e \u00e9 considerado um dos cinco melhores e maiores do Brasil. Possui 28 cole\u00e7\u00f5es cient\u00edficas que somam mais de 4.200 plantas, incluindo esp\u00e9cies raras, amea\u00e7adas de extin\u00e7\u00e3o e end\u00eamicas, que s\u00e3o encontradas apenas no RS. No local\u2026","rel":"","context":"Em &quot;An\u00e1lise&amp;Opini\u00e3o&quot;","block_context":{"text":"An\u00e1lise&amp;Opini\u00e3o","link":"https:\/\/www.jornalja.com.br\/colunas\/category\/analiseopiniao\/"},"img":{"alt_text":"","src":"https:\/\/i0.wp.com\/www.jornalja.com.br\/colunas\/wp-content\/uploads\/sites\/5\/2026\/03\/jb-3.jpg?resize=350%2C200&ssl=1","width":350,"height":200,"srcset":"https:\/\/i0.wp.com\/www.jornalja.com.br\/colunas\/wp-content\/uploads\/sites\/5\/2026\/03\/jb-3.jpg?resize=350%2C200&ssl=1 1x, https:\/\/i0.wp.com\/www.jornalja.com.br\/colunas\/wp-content\/uploads\/sites\/5\/2026\/03\/jb-3.jpg?resize=525%2C300&ssl=1 1.5x, https:\/\/i0.wp.com\/www.jornalja.com.br\/colunas\/wp-content\/uploads\/sites\/5\/2026\/03\/jb-3.jpg?resize=700%2C400&ssl=1 2x"},"classes":[]},{"id":84557,"url":"https:\/\/www.jornalja.com.br\/colunas\/entrevista-com-leonel-brizola-como-nascem-as-falsificacoes-historicas\/","url_meta":{"origin":81548,"position":2},"title":"Entrevista com Leonel Brizola: Como nascem as falsifica\u00e7\u00f5es hist\u00f3ricas","author":"An\u00e1lise &amp; Opini\u00e3o","date":"2 de mar\u00e7o de 2026","format":false,"excerpt":"SILVANA MOURA Mais do que direito \u00e0 Hist\u00f3ria, temos o direito \u00e0 verdade da Hist\u00f3ria, para evitar um passado falsificado, supostamente \u201climpo\u201d, eivado de manipula\u00e7\u00e3o e pretensa uniformidade. Em 1996 realizei, em Carazinho, uma Entrevista de Hist\u00f3ria Oral (sou Historiadora e trabalho com Hist\u00f3ria Oral h\u00e1 40 anos) com Leonel\u2026","rel":"","context":"Em &quot;An\u00e1lise&amp;Opini\u00e3o&quot;","block_context":{"text":"An\u00e1lise&amp;Opini\u00e3o","link":"https:\/\/www.jornalja.com.br\/colunas\/category\/analiseopiniao\/"},"img":{"alt_text":"","src":"","width":0,"height":0},"classes":[]},{"id":84564,"url":"https:\/\/www.jornalja.com.br\/colunas\/a-nova-celulose-a-beira-do-guaiba-e-o-risco-de-repetir-a-borregaard\/","url_meta":{"origin":81548,"position":3},"title":"A nova celulose \u00e0 beira do Gua\u00edba e o risco de repetir a Borregaard","author":"An\u00e1lise &amp; Opini\u00e3o","date":"6 de mar\u00e7o de 2026","format":false,"excerpt":"ELMAR BONES No dia 16 de mar\u00e7o de 1972 foi inaugurada a Ind\u00fastria de Celulose Borregaard, em Gua\u00edba, com a presen\u00e7a das mais altas autoridades e manchetes ufanistas em todos os jornais. Inaugura\u00e7\u00e3o da f\u00e1brica em Gua\u00edba, no ano de 1972. Foto Reprodu\u00e7\u00e3o Arquivo\/CeluloseRioGrandense Seria uma das maiores f\u00e1bricas em\u2026","rel":"","context":"Em &quot;An\u00e1lise&amp;Opini\u00e3o&quot;","block_context":{"text":"An\u00e1lise&amp;Opini\u00e3o","link":"https:\/\/www.jornalja.com.br\/colunas\/category\/analiseopiniao\/"},"img":{"alt_text":"","src":"https:\/\/i0.wp.com\/www.jornalja.com.br\/colunas\/wp-content\/uploads\/sites\/5\/2026\/03\/20260306-112140-scaled.jpg?resize=350%2C200&ssl=1","width":350,"height":200,"srcset":"https:\/\/i0.wp.com\/www.jornalja.com.br\/colunas\/wp-content\/uploads\/sites\/5\/2026\/03\/20260306-112140-scaled.jpg?resize=350%2C200&ssl=1 1x, https:\/\/i0.wp.com\/www.jornalja.com.br\/colunas\/wp-content\/uploads\/sites\/5\/2026\/03\/20260306-112140-scaled.jpg?resize=525%2C300&ssl=1 1.5x, https:\/\/i0.wp.com\/www.jornalja.com.br\/colunas\/wp-content\/uploads\/sites\/5\/2026\/03\/20260306-112140-scaled.jpg?resize=700%2C400&ssl=1 2x, https:\/\/i0.wp.com\/www.jornalja.com.br\/colunas\/wp-content\/uploads\/sites\/5\/2026\/03\/20260306-112140-scaled.jpg?resize=1050%2C600&ssl=1 3x, https:\/\/i0.wp.com\/www.jornalja.com.br\/colunas\/wp-content\/uploads\/sites\/5\/2026\/03\/20260306-112140-scaled.jpg?resize=1400%2C800&ssl=1 4x"},"classes":[]},{"id":84742,"url":"https:\/\/www.jornalja.com.br\/colunas\/rejeicao-a-messias-quando-o-senado-tensiona-os-limites-da-democracia\/","url_meta":{"origin":81548,"position":4},"title":"Rejei\u00e7\u00e3o a Messias: quando o Senado tensiona os limites da democracia","author":"An\u00e1lise &amp; Opini\u00e3o","date":"30 de abril de 2026","format":false,"excerpt":"CRISTIANO GOLDSCHMIDT A rejei\u00e7\u00e3o, pelo Senado, da indica\u00e7\u00e3o de Jorge Messias ao Supremo Tribunal Federal n\u00e3o \u00e9 um fato trivial \u2014 e trat\u00e1-la como um simples exerc\u00edcio de independ\u00eancia institucional seria, no m\u00ednimo, ing\u00eanuo. H\u00e1 algo mais profundo em jogo. O epis\u00f3dio exp\u00f5e, com certa nitidez, a forma como parcelas\u2026","rel":"","context":"Em &quot;An\u00e1lise&amp;Opini\u00e3o&quot;","block_context":{"text":"An\u00e1lise&amp;Opini\u00e3o","link":"https:\/\/www.jornalja.com.br\/colunas\/category\/analiseopiniao\/"},"img":{"alt_text":"","src":"https:\/\/i0.wp.com\/www.jornalja.com.br\/colunas\/wp-content\/uploads\/sites\/5\/2026\/04\/image-2.png?resize=350%2C200&ssl=1","width":350,"height":200,"srcset":"https:\/\/i0.wp.com\/www.jornalja.com.br\/colunas\/wp-content\/uploads\/sites\/5\/2026\/04\/image-2.png?resize=350%2C200&ssl=1 1x, https:\/\/i0.wp.com\/www.jornalja.com.br\/colunas\/wp-content\/uploads\/sites\/5\/2026\/04\/image-2.png?resize=525%2C300&ssl=1 1.5x, https:\/\/i0.wp.com\/www.jornalja.com.br\/colunas\/wp-content\/uploads\/sites\/5\/2026\/04\/image-2.png?resize=700%2C400&ssl=1 2x, https:\/\/i0.wp.com\/www.jornalja.com.br\/colunas\/wp-content\/uploads\/sites\/5\/2026\/04\/image-2.png?resize=1050%2C600&ssl=1 3x"},"classes":[]},{"id":84632,"url":"https:\/\/www.jornalja.com.br\/colunas\/medicos-alertam-para-os-riscos-a-saude-de-nova-fabrica-de-celulose-da-cmpc\/","url_meta":{"origin":81548,"position":5},"title":"M\u00e9dicos alertam para os riscos \u00e0 sa\u00fade de nova f\u00e1brica de celulose da CMPC","author":"Cleber Dioni Tentardini","date":"14 de abril de 2026","format":false,"excerpt":"ROSELAINE MURLIK * Represento um grupo de profissionais da medicina que, h\u00e1 alguns anos, estuda os diferentes impactos das mudan\u00e7as clim\u00e1ticas e da polui\u00e7\u00e3o ambiental nos ecossistemas na sa\u00fade humana e do planeta. Causa preocupa\u00e7\u00e3o o novo megaempreendimento de celulose da empresa chilena CMPC em Barra do Ribeiro (RS), pr\u00f3ximo\u2026","rel":"","context":"Em &quot;An\u00e1lise&amp;Opini\u00e3o&quot;","block_context":{"text":"An\u00e1lise&amp;Opini\u00e3o","link":"https:\/\/www.jornalja.com.br\/colunas\/category\/analiseopiniao\/"},"img":{"alt_text":"","src":"https:\/\/i0.wp.com\/www.jornalja.com.br\/colunas\/wp-content\/uploads\/sites\/5\/2026\/04\/comite-contra-celulose.jpg?resize=350%2C200&ssl=1","width":350,"height":200},"classes":[]}],"jetpack_shortlink":"https:\/\/wp.me\/pbKo0s-ldi","jetpack_sharing_enabled":true,"_links":{"self":[{"href":"https:\/\/www.jornalja.com.br\/colunas\/wp-json\/wp\/v2\/posts\/81548","targetHints":{"allow":["GET"]}}],"collection":[{"href":"https:\/\/www.jornalja.com.br\/colunas\/wp-json\/wp\/v2\/posts"}],"about":[{"href":"https:\/\/www.jornalja.com.br\/colunas\/wp-json\/wp\/v2\/types\/post"}],"author":[{"embeddable":true,"href":"https:\/\/www.jornalja.com.br\/colunas\/wp-json\/wp\/v2\/users\/11"}],"replies":[{"embeddable":true,"href":"https:\/\/www.jornalja.com.br\/colunas\/wp-json\/wp\/v2\/comments?post=81548"}],"version-history":[{"count":4,"href":"https:\/\/www.jornalja.com.br\/colunas\/wp-json\/wp\/v2\/posts\/81548\/revisions"}],"predecessor-version":[{"id":81563,"href":"https:\/\/www.jornalja.com.br\/colunas\/wp-json\/wp\/v2\/posts\/81548\/revisions\/81563"}],"wp:attachment":[{"href":"https:\/\/www.jornalja.com.br\/colunas\/wp-json\/wp\/v2\/media?parent=81548"}],"wp:term":[{"taxonomy":"category","embeddable":true,"href":"https:\/\/www.jornalja.com.br\/colunas\/wp-json\/wp\/v2\/categories?post=81548"},{"taxonomy":"post_tag","embeddable":true,"href":"https:\/\/www.jornalja.com.br\/colunas\/wp-json\/wp\/v2\/tags?post=81548"}],"curies":[{"name":"wp","href":"https:\/\/api.w.org\/{rel}","templated":true}]}}