{"id":82480,"date":"2020-05-06T22:59:52","date_gmt":"2020-05-07T01:59:52","guid":{"rendered":"https:\/\/www.jornalja.com.br\/analise\/?p=82480"},"modified":"2020-05-07T19:46:11","modified_gmt":"2020-05-07T22:46:11","slug":"cala-boca-ja-morreu","status":"publish","type":"post","link":"https:\/\/www.jornalja.com.br\/colunas\/cala-boca-ja-morreu\/","title":{"rendered":"VILSON ROMERO\/Cala boca j\u00e1 morreu"},"content":{"rendered":"<p>A insubordina\u00e7\u00e3o antes atribu\u00edda aos adolescentes e crian\u00e7as quando admoestados, em priscas eras, ao se intrometerem em \u201cconversas de adultos\u201d transmutou-se em necessidade de alerta ao mandat\u00e1rio maior da Na\u00e7\u00e3o: \u201cCala a boca, j\u00e1 morreu, presidente!\u201d.<\/p>\n<p>E por que isto? Porque os vitup\u00e9rios e vocifera\u00e7\u00f5es presidenciais t\u00eam se sucedido em profus\u00e3o no circo matinal dos horrores montado diariamente na sa\u00edda do Pal\u00e1cio da Alvorada, transmitido ao vivo pelas redes sociais.<\/p>\n<p>Mais at\u00e9 do que no per\u00edodo de escurid\u00e3o, entre 1964 e 1985, quando jornalistas foram censurados, perseguidos, presos, torturados e at\u00e9 assassinados, nos pl\u00fambeos tempos atuais, os profissionais de comunica\u00e7\u00e3o t\u00eam sido insultados, atacados e ofendidos, quando n\u00e3o agredidos, diuturnamente, nas redes e nas ruas.<\/p>\n<p>No Dia Internacional da Liberdade de Imprensa, em 3 de maio, jornalistas e auxiliares sofreram ataques f\u00edsicos ao cobrirem atos contra o isolamento social em raz\u00e3o da atual pandemia defronte outro pal\u00e1cio: o do Planalto.<\/p>\n<p>Segundo a Federa\u00e7\u00e3o Nacional dos Jornalistas (Fenaj), o presidente da Rep\u00fablica, no ano passado, atacou a imprensa 116 vezes em postagens nas redes sociais, pronunciamentos e entrevistas.<\/p>\n<p>Defronte o Alvorada, a enxurrada de sandices se sucederam ao longos dos 17 meses de mandato: \u201cVoc\u00ea est\u00e1 falando da tua m\u00e3e?\u201d; \u201cVoc\u00ea tem uma cara de homossexual terr\u00edvel\u201d; \u201cPergunta pra tua m\u00e3e o comprovante que ela deu para o teu pai\u201d, \u201cVoc\u00eas s\u00e3o uma ra\u00e7a em extin\u00e7\u00e3o\u201d. &#8220;Ela [Patr\u00edcia Mello, da Folha de S.Paulo] queria um furo. Ela queria dar um furo a qualquer pre\u00e7o contra mim&#8221;; \u201cImprensa canalha\u201d, \u201cGlobolixo\u201d, etc.<\/p>\n<p>O comandante em chefe das For\u00e7as Armadas assim se refere aos comunicadores, al\u00e9m de promover o boicote oficial \u00e0 imprensa, amea\u00e7ando com o fim da publicidade oficial, a restri\u00e7\u00e3o \u00e0s publica\u00e7\u00f5es cont\u00e1beis, a n\u00e3o renova\u00e7\u00e3o das concess\u00f5es, entre outras manifesta\u00e7\u00f5es virulentas de sua ojeriza \u00e0 vigil\u00e2ncia imparcial da imprensa e \u00e0s cr\u00edticas formuladas pelos comunicadores nas diversas m\u00eddias.<\/p>\n<p>Um festival de viol\u00eancia que atenta contra tudo o que possa se imaginar de obedi\u00eancia aos preceitos constitucionais e ordenamentos internacionais acerca das liberdades de imprensa e de express\u00e3o.<\/p>\n<p>A Declara\u00e7\u00e3o Universal dos Direitos do Homem \u00e9 taxativa em seu artigo 19: \u201cTodo ser humano tem direito \u00e0 liberdade de opini\u00e3o e express\u00e3o; este direito inclui a liberdade de, sem interfer\u00eancia, ter opini\u00f5es e de procurar, receber e transmitir informa\u00e7\u00f5es e ideias por quaisquer meios e independentemente de fronteiras\u201d.<\/p>\n<p>A Declara\u00e7\u00e3o de Chapultepec, de 1994, reafirma em seu inciso I: \u201cN\u00e3o h\u00e1 pessoas nem sociedades livres sem liberdade de express\u00e3o e de imprensa. O exerc\u00edcio dessa n\u00e3o \u00e9 uma concess\u00e3o das autoridades, \u00e9 um direito inalien\u00e1vel do povo.\u201d<\/p>\n<p>Apesar de bradar que \u201ceu sou a Constitui\u00e7\u00e3o\u201d, o mandat\u00e1rio n\u00e3o respeita o que est\u00e1 consignado nos artigos 5\u00ba. e 220 da Carta Magna, garantindo plena liberdade de imprensa c\u00e1 em Pindorama. Em 5 de maio, o presidente, ao ser questionado por jornalistas sobre mudan\u00e7as na Pol\u00edcia Federal, em duas oportunidades, defronte o \u201ccercadinho\u201d na sa\u00edda do Alvorada, vituperou: &#8220;Cala a boca, n\u00e3o perguntei nada!&#8221;.<\/p>\n<p>Ao tentar calar e desacreditar a imprensa, o pol\u00edtico eleito com mais de 57 milh\u00f5es de votos coloca em xeque sua biografia, desacredita seu governo, amea\u00e7a a democracia e confronta inclusive parcela significativa daqueles que o elegeram.<\/p>\n<p>A imprensa n\u00e3o \u00e9 nem nunca ser\u00e1 massa de manobra, nem deve informar ao bel-prazer do governante de plant\u00e3o ou do inquilino de ocasi\u00e3o do Pal\u00e1cio do Planalto. A imprensa \u00e9 pilar fundamental do Estado Democr\u00e1tico de Direito. \u00c9 a trincheira da boa informa\u00e7\u00e3o e reposit\u00f3rio da cidadania. Cala a boca j\u00e1 morreu, presidente!<\/p>\n<p>&#8230;&#8230;&#8230;&#8230;&#8230;&#8230;&#8230;&#8230;&#8230;&#8230;&#8230;.<\/p>\n<p><em>(*) jornalista, membro da Comiss\u00e3o de Direitos Humanos e Liberdade de Imprensa da Associa\u00e7\u00e3o Brasileira de Imprensa (ABI).<\/em><br \/>\n<em>\u00a0<\/em><\/p>\n<p>&nbsp;<\/p>\n","protected":false},"excerpt":{"rendered":"<p>A insubordina\u00e7\u00e3o antes atribu\u00edda aos adolescentes e crian\u00e7as quando admoestados, em priscas eras, ao se intrometerem em \u201cconversas de adultos\u201d transmutou-se em necessidade de alerta ao mandat\u00e1rio maior da Na\u00e7\u00e3o: \u201cCala a boca, j\u00e1 morreu, presidente!\u201d. E por que isto? Porque os vitup\u00e9rios e vocifera\u00e7\u00f5es presidenciais t\u00eam se sucedido em profus\u00e3o no circo matinal dos [&hellip;]<\/p>\n","protected":false},"author":11,"featured_media":0,"comment_status":"open","ping_status":"open","sticky":false,"template":"","format":"standard","meta":{"jetpack_post_was_ever_published":false,"_jetpack_newsletter_access":"","_jetpack_dont_email_post_to_subs":false,"_jetpack_newsletter_tier_id":0,"_jetpack_memberships_contains_paywalled_content":false,"_jetpack_memberships_contains_paid_content":false,"footnotes":"","jetpack_publicize_message":"","jetpack_publicize_feature_enabled":true,"jetpack_social_post_already_shared":true,"jetpack_social_options":{"image_generator_settings":{"template":"highway","default_image_id":0,"font":"","enabled":false},"version":2}},"categories":[2],"tags":[],"class_list":["post-82480","post","type-post","status-publish","format-standard","hentry","category-analiseopiniao"],"aioseo_notices":[],"jetpack_publicize_connections":[],"jetpack_featured_media_url":"","jetpack-related-posts":[{"id":84617,"url":"https:\/\/www.jornalja.com.br\/colunas\/o-candidato-de-si-mesmo\/","url_meta":{"origin":82480,"position":0},"title":"O candidato de si mesmo","author":"da Reda\u00e7\u00e3o","date":"10 de abril de 2026","format":false,"excerpt":"Sem emplacar nacionalmente, Leite pode ficar quatro anos sem mandato. Foto Jo\u00e3o Pedro Rodrigues\/SecomRS ELMAR BONES Ningu\u00e9m \u00e9 candidato de si mesmo. Essa \u00e9 a regra n\u00e3o escrita da pol\u00edtica partid\u00e1ria, que as velhas raposas n\u00e3o cansam de repetir aos novatos. Eduardo Leite parece n\u00e3o t\u00ea-la aprendido. Ele n\u00e3o tem\u2026","rel":"","context":"Em &quot;An\u00e1lise&amp;Opini\u00e3o&quot;","block_context":{"text":"An\u00e1lise&amp;Opini\u00e3o","link":"https:\/\/www.jornalja.com.br\/colunas\/category\/analiseopiniao\/"},"img":{"alt_text":"","src":"https:\/\/i0.wp.com\/www.jornalja.com.br\/colunas\/wp-content\/uploads\/sites\/5\/2026\/04\/infraestrutura-escolar.jpeg?resize=350%2C200&ssl=1","width":350,"height":200,"srcset":"https:\/\/i0.wp.com\/www.jornalja.com.br\/colunas\/wp-content\/uploads\/sites\/5\/2026\/04\/infraestrutura-escolar.jpeg?resize=350%2C200&ssl=1 1x, https:\/\/i0.wp.com\/www.jornalja.com.br\/colunas\/wp-content\/uploads\/sites\/5\/2026\/04\/infraestrutura-escolar.jpeg?resize=525%2C300&ssl=1 1.5x, https:\/\/i0.wp.com\/www.jornalja.com.br\/colunas\/wp-content\/uploads\/sites\/5\/2026\/04\/infraestrutura-escolar.jpeg?resize=700%2C400&ssl=1 2x"},"classes":[]},{"id":84725,"url":"https:\/\/www.jornalja.com.br\/colunas\/e-preciso-refletir-sobre-os-mais-de-84-mil-desaparecidos-no-brasil-em-2025\/","url_meta":{"origin":82480,"position":1},"title":"\u00c9 preciso refletir sobre os mais de 84 mil desaparecidos no Brasil em 2025","author":"An\u00e1lise &amp; Opini\u00e3o","date":"23 de abril de 2026","format":false,"excerpt":"CRISTIANO GOLDSCHMIDT Em 2025, o Brasil registrou 84.760 pessoas desaparecidas, segundo dados consolidados pelo Sistema Nacional de Informa\u00e7\u00f5es de Seguran\u00e7a P\u00fablica Sinesp), vinculado ao Minist\u00e9rio da Justi\u00e7a e Seguran\u00e7a P\u00fablica. Mais do que um n\u00famero expressivo, o dado revela um fen\u00f4meno cont\u00ednuo, distribu\u00eddo no tempo e no territ\u00f3rio \u2014 e,\u2026","rel":"","context":"Em &quot;An\u00e1lise&amp;Opini\u00e3o&quot;","block_context":{"text":"An\u00e1lise&amp;Opini\u00e3o","link":"https:\/\/www.jornalja.com.br\/colunas\/category\/analiseopiniao\/"},"img":{"alt_text":"","src":"https:\/\/i0.wp.com\/www.jornalja.com.br\/colunas\/wp-content\/uploads\/sites\/5\/2026\/04\/image.png?resize=350%2C200&ssl=1","width":350,"height":200,"srcset":"https:\/\/i0.wp.com\/www.jornalja.com.br\/colunas\/wp-content\/uploads\/sites\/5\/2026\/04\/image.png?resize=350%2C200&ssl=1 1x, https:\/\/i0.wp.com\/www.jornalja.com.br\/colunas\/wp-content\/uploads\/sites\/5\/2026\/04\/image.png?resize=525%2C300&ssl=1 1.5x, https:\/\/i0.wp.com\/www.jornalja.com.br\/colunas\/wp-content\/uploads\/sites\/5\/2026\/04\/image.png?resize=700%2C400&ssl=1 2x, https:\/\/i0.wp.com\/www.jornalja.com.br\/colunas\/wp-content\/uploads\/sites\/5\/2026\/04\/image.png?resize=1050%2C600&ssl=1 3x, https:\/\/i0.wp.com\/www.jornalja.com.br\/colunas\/wp-content\/uploads\/sites\/5\/2026\/04\/image.png?resize=1400%2C800&ssl=1 4x"},"classes":[]},{"id":84703,"url":"https:\/\/www.jornalja.com.br\/colunas\/tiradentes-o-martir-que-ainda-nos-observa-e-as-inquietacoes-de-um-brasil-inacabado\/","url_meta":{"origin":82480,"position":2},"title":"Tiradentes: o M\u00e1rtir que ainda nos observa e as inquieta\u00e7\u00f5es de um Brasil inacabado","author":"da Reda\u00e7\u00e3o","date":"21 de abril de 2026","format":false,"excerpt":"CRISTIANO GOLDSCHMIDT H\u00e1 datas que n\u00e3o se imp\u00f5em pelo alarde, mas pela persist\u00eancia silenciosa com que atravessam os s\u00e9culos e se insinuam na consci\u00eancia coletiva. O 21 de abril pertence a essa estirpe discreta. N\u00e3o chega ornado de euforia, tampouco se anuncia com a grandiloqu\u00eancia de outras celebra\u00e7\u00f5es; antes, aproxima-se\u2026","rel":"","context":"Em &quot;An\u00e1lise&amp;Opini\u00e3o&quot;","block_context":{"text":"An\u00e1lise&amp;Opini\u00e3o","link":"https:\/\/www.jornalja.com.br\/colunas\/category\/analiseopiniao\/"},"img":{"alt_text":"","src":"https:\/\/i0.wp.com\/www.jornalja.com.br\/colunas\/wp-content\/uploads\/sites\/5\/2026\/04\/tiradentes-esquartejado-1893-do-artista-pedro-americo.jpg?resize=350%2C200&ssl=1","width":350,"height":200,"srcset":"https:\/\/i0.wp.com\/www.jornalja.com.br\/colunas\/wp-content\/uploads\/sites\/5\/2026\/04\/tiradentes-esquartejado-1893-do-artista-pedro-americo.jpg?resize=350%2C200&ssl=1 1x, https:\/\/i0.wp.com\/www.jornalja.com.br\/colunas\/wp-content\/uploads\/sites\/5\/2026\/04\/tiradentes-esquartejado-1893-do-artista-pedro-americo.jpg?resize=525%2C300&ssl=1 1.5x, https:\/\/i0.wp.com\/www.jornalja.com.br\/colunas\/wp-content\/uploads\/sites\/5\/2026\/04\/tiradentes-esquartejado-1893-do-artista-pedro-americo.jpg?resize=700%2C400&ssl=1 2x, https:\/\/i0.wp.com\/www.jornalja.com.br\/colunas\/wp-content\/uploads\/sites\/5\/2026\/04\/tiradentes-esquartejado-1893-do-artista-pedro-americo.jpg?resize=1050%2C600&ssl=1 3x"},"classes":[]},{"id":84590,"url":"https:\/\/www.jornalja.com.br\/colunas\/e-preciso-defender-o-jardim-botanico-de-porto-alegre\/","url_meta":{"origin":82480,"position":3},"title":"\u00c9 preciso defender o Jardim Bot\u00e2nico de Porto Alegre","author":"da Reda\u00e7\u00e3o","date":"8 de mar\u00e7o de 2026","format":false,"excerpt":"CLEBER DIONI TENTARDINI O Jardim Bot\u00e2nico de Porto Alegre (JBPA) tem 67 anos e \u00e9 considerado um dos cinco melhores e maiores do Brasil. Possui 28 cole\u00e7\u00f5es cient\u00edficas que somam mais de 4.200 plantas, incluindo esp\u00e9cies raras, amea\u00e7adas de extin\u00e7\u00e3o e end\u00eamicas, que s\u00e3o encontradas apenas no RS. No local\u2026","rel":"","context":"Em &quot;An\u00e1lise&amp;Opini\u00e3o&quot;","block_context":{"text":"An\u00e1lise&amp;Opini\u00e3o","link":"https:\/\/www.jornalja.com.br\/colunas\/category\/analiseopiniao\/"},"img":{"alt_text":"","src":"https:\/\/i0.wp.com\/www.jornalja.com.br\/colunas\/wp-content\/uploads\/sites\/5\/2026\/03\/jb-3.jpg?resize=350%2C200&ssl=1","width":350,"height":200,"srcset":"https:\/\/i0.wp.com\/www.jornalja.com.br\/colunas\/wp-content\/uploads\/sites\/5\/2026\/03\/jb-3.jpg?resize=350%2C200&ssl=1 1x, https:\/\/i0.wp.com\/www.jornalja.com.br\/colunas\/wp-content\/uploads\/sites\/5\/2026\/03\/jb-3.jpg?resize=525%2C300&ssl=1 1.5x, https:\/\/i0.wp.com\/www.jornalja.com.br\/colunas\/wp-content\/uploads\/sites\/5\/2026\/03\/jb-3.jpg?resize=700%2C400&ssl=1 2x"},"classes":[]},{"id":84622,"url":"https:\/\/www.jornalja.com.br\/colunas\/13-de-abril-queriam-transformar-o-hino-nacional-em-grito-de-guerra-mas-ele-insiste-em-ser-canto-de-paz\/","url_meta":{"origin":82480,"position":4},"title":"13 de abril: Queriam transformar o Hino Nacional em grito de guerra, mas ele insiste em ser canto de paz","author":"da Reda\u00e7\u00e3o","date":"13 de abril de 2026","format":false,"excerpt":"CRISTIANO GOLDSCHMIDT No calend\u00e1rio das datas c\u00edvicas, o 13 de abril passa quase em sil\u00eancio, como um acorde sustentado que poucos escutam at\u00e9 o fim. N\u00e3o h\u00e1 fogos, n\u00e3o h\u00e1 desfiles grandiosos, n\u00e3o h\u00e1 a coreografia ensaiada das celebra\u00e7\u00f5es que se imp\u00f5em ao olhar. H\u00e1, antes, uma esp\u00e9cie de pausa\u2026","rel":"","context":"Em &quot;An\u00e1lise&amp;Opini\u00e3o&quot;","block_context":{"text":"An\u00e1lise&amp;Opini\u00e3o","link":"https:\/\/www.jornalja.com.br\/colunas\/category\/analiseopiniao\/"},"img":{"alt_text":"","src":"https:\/\/i0.wp.com\/www.jornalja.com.br\/colunas\/wp-content\/uploads\/sites\/5\/2026\/04\/imagem-do-poeta-brasileiro-joaquim-osorio-duque-estrada-autor-da-letra-do-hino-nacional-escaneada-do-livro-flora-de-maio-edicao-de-1902.jpg?resize=350%2C200&ssl=1","width":350,"height":200,"srcset":"https:\/\/i0.wp.com\/www.jornalja.com.br\/colunas\/wp-content\/uploads\/sites\/5\/2026\/04\/imagem-do-poeta-brasileiro-joaquim-osorio-duque-estrada-autor-da-letra-do-hino-nacional-escaneada-do-livro-flora-de-maio-edicao-de-1902.jpg?resize=350%2C200&ssl=1 1x, https:\/\/i0.wp.com\/www.jornalja.com.br\/colunas\/wp-content\/uploads\/sites\/5\/2026\/04\/imagem-do-poeta-brasileiro-joaquim-osorio-duque-estrada-autor-da-letra-do-hino-nacional-escaneada-do-livro-flora-de-maio-edicao-de-1902.jpg?resize=525%2C300&ssl=1 1.5x"},"classes":[]},{"id":84609,"url":"https:\/\/www.jornalja.com.br\/colunas\/o-centro-historico-de-porto-alegre\/","url_meta":{"origin":82480,"position":5},"title":"O Centro (Hist\u00f3rico) de Porto Alegre","author":"Cleber Dioni Tentardini","date":"30 de mar\u00e7o de 2026","format":false,"excerpt":"CLEBER DIONI TENTARDINI Porto Alegre, nove horas da manh\u00e3 do dia\u00a030\u00a0de mar\u00e7o de 2026. No \"cora\u00e7\u00e3o\" do\u00a0Centro - que j\u00e1\u00a0foi hist\u00f3rico em tempos passados,\u00a0e limpo\u00a0-,\u00a0em um trecho de\u00a0cerca de\u00a0500 metros, entre as ruas General C\u00e2mara e Senhor dos Passos, existem mais de 50 im\u00f3veis comerciais de porta de rua fechados,\u2026","rel":"","context":"Em &quot;An\u00e1lise&amp;Opini\u00e3o&quot;","block_context":{"text":"An\u00e1lise&amp;Opini\u00e3o","link":"https:\/\/www.jornalja.com.br\/colunas\/category\/analiseopiniao\/"},"img":{"alt_text":"","src":"","width":0,"height":0},"classes":[]}],"jetpack_shortlink":"https:\/\/wp.me\/pbKo0s-lsk","jetpack_sharing_enabled":true,"_links":{"self":[{"href":"https:\/\/www.jornalja.com.br\/colunas\/wp-json\/wp\/v2\/posts\/82480","targetHints":{"allow":["GET"]}}],"collection":[{"href":"https:\/\/www.jornalja.com.br\/colunas\/wp-json\/wp\/v2\/posts"}],"about":[{"href":"https:\/\/www.jornalja.com.br\/colunas\/wp-json\/wp\/v2\/types\/post"}],"author":[{"embeddable":true,"href":"https:\/\/www.jornalja.com.br\/colunas\/wp-json\/wp\/v2\/users\/11"}],"replies":[{"embeddable":true,"href":"https:\/\/www.jornalja.com.br\/colunas\/wp-json\/wp\/v2\/comments?post=82480"}],"version-history":[{"count":4,"href":"https:\/\/www.jornalja.com.br\/colunas\/wp-json\/wp\/v2\/posts\/82480\/revisions"}],"predecessor-version":[{"id":82484,"href":"https:\/\/www.jornalja.com.br\/colunas\/wp-json\/wp\/v2\/posts\/82480\/revisions\/82484"}],"wp:attachment":[{"href":"https:\/\/www.jornalja.com.br\/colunas\/wp-json\/wp\/v2\/media?parent=82480"}],"wp:term":[{"taxonomy":"category","embeddable":true,"href":"https:\/\/www.jornalja.com.br\/colunas\/wp-json\/wp\/v2\/categories?post=82480"},{"taxonomy":"post_tag","embeddable":true,"href":"https:\/\/www.jornalja.com.br\/colunas\/wp-json\/wp\/v2\/tags?post=82480"}],"curies":[{"name":"wp","href":"https:\/\/api.w.org\/{rel}","templated":true}]}}