{"id":82700,"date":"2020-08-11T06:57:43","date_gmt":"2020-08-11T09:57:43","guid":{"rendered":"https:\/\/www.jornalja.com.br\/colunas\/?p=82700"},"modified":"2020-08-11T10:09:30","modified_gmt":"2020-08-11T13:09:30","slug":"lidiane-klein-solidao-atrelada-ao-desamparo-pode-gerar-depressao-nos-idosos","status":"publish","type":"post","link":"https:\/\/www.jornalja.com.br\/colunas\/lidiane-klein-solidao-atrelada-ao-desamparo-pode-gerar-depressao-nos-idosos\/","title":{"rendered":"LIDIANE KLEIN \/ Solid\u00e3o atrelada ao desamparo pode gerar depress\u00e3o nos idosos"},"content":{"rendered":"<p>Em meio a pandemia do Coronav\u00edrus muitos sentimentos est\u00e3o emergindo neste momento, mas existe um que ao meu ver, precisa de uma aten\u00e7\u00e3o especial, que \u00e9 o sentimento de solid\u00e3o. Em tempos normais, a solid\u00e3o \u00e9 o medo mais preponderante na faixa et\u00e1ria dos idosos, de acordo com uma pesquisa realizada pela sociedade Brasileira de Geriatria e Gerontologia em parceria com a Bayer, seguido pela preocupa\u00e7\u00e3o com a incapacidade de enxergar ou se locomover e o desenvolvimento de doen\u00e7as graves em terceiro lugar.<\/p>\n<p>Seguindo este racioc\u00ednio, podemos pensar que neste momento muitos idosos est\u00e3o justamente vivenciando o seu maior medo. E, ser\u00e1 que est\u00e3o tendo recursos internos para enfrentar essa situa\u00e7\u00e3o? Ser\u00e1 que os familiares t\u00eam os feito sentirem-se amparados?<\/p>\n<p>A solid\u00e3o \u00e9 um estado de quem se sente s\u00f3, provocado por um sentimento de vazio interior, que na maioria das vezes, \u00e9 proveniente da falta de intera\u00e7\u00e3o, de di\u00e1logo e de conv\u00edvio com outras pessoas, ou seja, sentimento prop\u00edcio para emergir neste momento que estamos vivenciando.<\/p>\n<p>Independente da causa, se pelo coronav\u00edrus ou n\u00e3o, \u00e9 fato que a solid\u00e3o afeta, e muito, o bem-estar, a autoestima e a rotina de quem sofre com ela. Os sentimentos de vazio e tristeza s\u00e3o comuns a pessoas que se sentem solit\u00e1rias e, com eles, dificilmente h\u00e1 motiva\u00e7\u00e3o para reverter o caso. A solid\u00e3o apesar de ser universal, \u00e9 complexa e \u00fanica a cada indiv\u00edduo.<\/p>\n<p>A solid\u00e3o se torna mais grave quando est\u00e1 atrelada ao sentimento de desamparo. O desamparo desperta a sensa\u00e7\u00e3o de n\u00e3o prote\u00e7\u00e3o e abandono, a pessoa passa a ficar desorientada porque sente que n\u00e3o tem um ponto de refer\u00eancia e um apoio em sua vida.<\/p>\n<p>A solid\u00e3o \u00e9 uma\u00a0 condi\u00e7\u00e3o que se conecta fortemente com a depress\u00e3o podendo ser uma de suas consequ\u00eancias, sendo que o contr\u00e1rio tamb\u00e9m \u00e9 verdadeiro, a depress\u00e3o tamb\u00e9m \u00e9 uma das poss\u00edveis causas do sentimento de solid\u00e3o, j\u00e1 que ela pode levar a pessoa a um estado de isolamento, ainda maior que este momento exige, sensa\u00e7\u00e3o de desesperan\u00e7a e a ideia de que a vida n\u00e3o vale a pena.<\/p>\n<p>Para muitos idosos estar s\u00f3 n\u00e3o \u00e9 problema, pois veem o tempo que se est\u00e1 sozinho como um momento de dedica\u00e7\u00e3o pessoal, ou seja, um per\u00edodo no qual se pode fazer coisas de que gosta, que lhe trazem bem-estar. Mas isto normalmente acontece quando o idoso tem certeza da for\u00e7a dos seus v\u00ednculos sociais. Apoio e presen\u00e7a de familiares e amigos, mesmo que virtualmente, s\u00e3o um forte fator de prote\u00e7\u00e3o contra o sentimento de solid\u00e3o. Uma vez que o idoso se percebe amparado e bem atendido, ele sente mais confian\u00e7a em estar sozinho.<\/p>\n<p>Neste cen\u00e1rio que estamos vivendo, o ideal seria que desenvolv\u00eassemos a solitude. Solitude \u00e9 o estado de privacidade de uma pessoa, n\u00e3o significando, propriamente, estado de solid\u00e3o. Pode representar o isolamento e a reclus\u00e3o, volunt\u00e1rios ou impostos, por\u00e9m n\u00e3o diretamente associados a sofrimento. Quem encontra a solitude, n\u00e3o sente receio de estar sozinho, no prazer de sua pr\u00f3pria companhia.<\/p>\n<p>\u00c9 nesse momento que podemos desenvolver o autoconhecimento, de nos encontrar ao inv\u00e9s de tentar fugir e de nos aceitarmos como realmente somos, independentemente da aprova\u00e7\u00e3o do outro. Todos os dias, procure marcar um encontro com voc\u00ea mesmo. Ter um tempo sozinho \u00e9 essencial para seu desenvolvimento. \u00c9 um momento onde conseguimos ouvir pensamentos que se escondem quando estamos com muitas pessoas ao nosso redor.<\/p>\n<p class=\"intertit\"><strong>Dicas para vencer a solid\u00e3o e manter a sa\u00fade mental em tempos de Coronav\u00edrus:<\/strong><\/p>\n<p>-Manter uma rotina di\u00e1ria, pois ela \u00e9 estruturante para o nosso psiquismo;<\/p>\n<p>-Ler um livro (muitas editoras est\u00e3o disponibilizando vers\u00f5es em ebook);<\/p>\n<p>-Assistir um bom filme;<\/p>\n<p>-Escutar m\u00fasica e porque n\u00e3o dan\u00e7ar junto;<\/p>\n<p>-Escrever sobre os sentimentos da quarentena;<\/p>\n<p>-Realizar atividade f\u00edsica dentro de casa (tem muitos v\u00eddeos disponibilizados de exerc\u00edcios);<\/p>\n<p>-Acessar informa\u00e7\u00e3o de forma ponderada;<\/p>\n<p>-Se familiarizar e utilizar a tecnologia para se aproximar das pessoas atrav\u00e9s de liga\u00e7\u00f5es ou v\u00eddeo chamadas;<\/p>\n<p>-Se dedicar a alguma atividade que goste (artesanato, culin\u00e1ria, jardinagem, etc);<\/p>\n<p>-Praticar medita\u00e7\u00e3o, sua pr\u00e1tica melhora os sintomas de ansiedade, diminui o estresse, melhorando inclusive o seu sistema imunol\u00f3gico (tem v\u00eddeos na internet de medita\u00e7\u00e3o guiada, pra quem ainda n\u00e3o \u00e9 praticante);<\/p>\n<p>&#8211; Manter-se intelectualmente ativo pois estudos evidenciam que a solid\u00e3o est\u00e1 ligada a piora das fun\u00e7\u00f5es cognitivas;<\/p>\n<p>-E por fim cultivar pensamentos positivos, pois os pensamentos pessimistas s\u00e3o os maiores respons\u00e1veis pelo nosso adoecimento ps\u00edquico.<\/p>\n<p>Este per\u00edodo complicado vai passar, seguiremos nossas vidas, por\u00e9m cada um precisa fazer a sua parte, que \u00e9 se cuidar. A preven\u00e7\u00e3o segue sendo o melhor rem\u00e9dio.<\/p>\n<p><em>\u201cA linguagem criou a palavra solid\u00e3o para expressar a dor de estar sozinho. E criou a palavra solitude para expressar a gl\u00f3ria de estar sozinho\u201d (Tillich)<\/em><\/p>\n<p><em>Lidiane Klein \u00e9 psic\u00f3loga, especialista em Neuropsicologia, mestre em Psicologia e Sa\u00fade, doutoranda em Ci\u00eancias da Reabilita\u00e7\u00e3o.<\/em><\/p>\n","protected":false},"excerpt":{"rendered":"<p>Em meio a pandemia do Coronav\u00edrus muitos sentimentos est\u00e3o emergindo neste momento, mas existe um que ao meu ver, precisa de uma aten\u00e7\u00e3o especial, que \u00e9 o sentimento de solid\u00e3o. Em tempos normais, a solid\u00e3o \u00e9 o medo mais preponderante na faixa et\u00e1ria dos idosos, de acordo com uma pesquisa realizada pela sociedade Brasileira de [&hellip;]<\/p>\n","protected":false},"author":11,"featured_media":0,"comment_status":"open","ping_status":"open","sticky":false,"template":"","format":"standard","meta":{"jetpack_post_was_ever_published":false,"_jetpack_newsletter_access":"","_jetpack_dont_email_post_to_subs":false,"_jetpack_newsletter_tier_id":0,"_jetpack_memberships_contains_paywalled_content":false,"_jetpack_memberships_contains_paid_content":false,"footnotes":"","jetpack_publicize_message":"","jetpack_publicize_feature_enabled":true,"jetpack_social_post_already_shared":true,"jetpack_social_options":{"image_generator_settings":{"template":"highway","default_image_id":0,"font":"","enabled":false},"version":2}},"categories":[2],"tags":[],"class_list":["post-82700","post","type-post","status-publish","format-standard","hentry","category-analiseopiniao"],"aioseo_notices":[],"jetpack_publicize_connections":[],"jetpack_featured_media_url":"","jetpack-related-posts":[{"id":84632,"url":"https:\/\/www.jornalja.com.br\/colunas\/medicos-alertam-para-os-riscos-a-saude-de-nova-fabrica-de-celulose-da-cmpc\/","url_meta":{"origin":82700,"position":0},"title":"M\u00e9dicos alertam para os riscos \u00e0 sa\u00fade de nova f\u00e1brica de celulose da CMPC","author":"Cleber Dioni Tentardini","date":"14 de abril de 2026","format":false,"excerpt":"ROSELAINE MURLIK * Represento um grupo de profissionais da medicina que, h\u00e1 alguns anos, estuda os diferentes impactos das mudan\u00e7as clim\u00e1ticas e da polui\u00e7\u00e3o ambiental nos ecossistemas na sa\u00fade humana e do planeta. Causa preocupa\u00e7\u00e3o o novo megaempreendimento de celulose da empresa chilena CMPC em Barra do Ribeiro (RS), pr\u00f3ximo\u2026","rel":"","context":"Em &quot;An\u00e1lise&amp;Opini\u00e3o&quot;","block_context":{"text":"An\u00e1lise&amp;Opini\u00e3o","link":"https:\/\/www.jornalja.com.br\/colunas\/category\/analiseopiniao\/"},"img":{"alt_text":"","src":"https:\/\/i0.wp.com\/www.jornalja.com.br\/colunas\/wp-content\/uploads\/sites\/5\/2026\/04\/comite-contra-celulose.jpg?resize=350%2C200&ssl=1","width":350,"height":200},"classes":[]},{"id":84725,"url":"https:\/\/www.jornalja.com.br\/colunas\/e-preciso-refletir-sobre-os-mais-de-84-mil-desaparecidos-no-brasil-em-2025\/","url_meta":{"origin":82700,"position":1},"title":"\u00c9 preciso refletir sobre os mais de 84 mil desaparecidos no Brasil em 2025","author":"An\u00e1lise &amp; Opini\u00e3o","date":"23 de abril de 2026","format":false,"excerpt":"CRISTIANO GOLDSCHMIDT Em 2025, o Brasil registrou 84.760 pessoas desaparecidas, segundo dados consolidados pelo Sistema Nacional de Informa\u00e7\u00f5es de Seguran\u00e7a P\u00fablica Sinesp), vinculado ao Minist\u00e9rio da Justi\u00e7a e Seguran\u00e7a P\u00fablica. Mais do que um n\u00famero expressivo, o dado revela um fen\u00f4meno cont\u00ednuo, distribu\u00eddo no tempo e no territ\u00f3rio \u2014 e,\u2026","rel":"","context":"Em &quot;An\u00e1lise&amp;Opini\u00e3o&quot;","block_context":{"text":"An\u00e1lise&amp;Opini\u00e3o","link":"https:\/\/www.jornalja.com.br\/colunas\/category\/analiseopiniao\/"},"img":{"alt_text":"","src":"https:\/\/i0.wp.com\/www.jornalja.com.br\/colunas\/wp-content\/uploads\/sites\/5\/2026\/04\/image.png?resize=350%2C200&ssl=1","width":350,"height":200,"srcset":"https:\/\/i0.wp.com\/www.jornalja.com.br\/colunas\/wp-content\/uploads\/sites\/5\/2026\/04\/image.png?resize=350%2C200&ssl=1 1x, https:\/\/i0.wp.com\/www.jornalja.com.br\/colunas\/wp-content\/uploads\/sites\/5\/2026\/04\/image.png?resize=525%2C300&ssl=1 1.5x, https:\/\/i0.wp.com\/www.jornalja.com.br\/colunas\/wp-content\/uploads\/sites\/5\/2026\/04\/image.png?resize=700%2C400&ssl=1 2x, https:\/\/i0.wp.com\/www.jornalja.com.br\/colunas\/wp-content\/uploads\/sites\/5\/2026\/04\/image.png?resize=1050%2C600&ssl=1 3x, https:\/\/i0.wp.com\/www.jornalja.com.br\/colunas\/wp-content\/uploads\/sites\/5\/2026\/04\/image.png?resize=1400%2C800&ssl=1 4x"},"classes":[]},{"id":84622,"url":"https:\/\/www.jornalja.com.br\/colunas\/13-de-abril-queriam-transformar-o-hino-nacional-em-grito-de-guerra-mas-ele-insiste-em-ser-canto-de-paz\/","url_meta":{"origin":82700,"position":2},"title":"13 de abril: Queriam transformar o Hino Nacional em grito de guerra, mas ele insiste em ser canto de paz","author":"da Reda\u00e7\u00e3o","date":"13 de abril de 2026","format":false,"excerpt":"CRISTIANO GOLDSCHMIDT No calend\u00e1rio das datas c\u00edvicas, o 13 de abril passa quase em sil\u00eancio, como um acorde sustentado que poucos escutam at\u00e9 o fim. N\u00e3o h\u00e1 fogos, n\u00e3o h\u00e1 desfiles grandiosos, n\u00e3o h\u00e1 a coreografia ensaiada das celebra\u00e7\u00f5es que se imp\u00f5em ao olhar. H\u00e1, antes, uma esp\u00e9cie de pausa\u2026","rel":"","context":"Em &quot;An\u00e1lise&amp;Opini\u00e3o&quot;","block_context":{"text":"An\u00e1lise&amp;Opini\u00e3o","link":"https:\/\/www.jornalja.com.br\/colunas\/category\/analiseopiniao\/"},"img":{"alt_text":"","src":"https:\/\/i0.wp.com\/www.jornalja.com.br\/colunas\/wp-content\/uploads\/sites\/5\/2026\/04\/imagem-do-poeta-brasileiro-joaquim-osorio-duque-estrada-autor-da-letra-do-hino-nacional-escaneada-do-livro-flora-de-maio-edicao-de-1902.jpg?resize=350%2C200&ssl=1","width":350,"height":200,"srcset":"https:\/\/i0.wp.com\/www.jornalja.com.br\/colunas\/wp-content\/uploads\/sites\/5\/2026\/04\/imagem-do-poeta-brasileiro-joaquim-osorio-duque-estrada-autor-da-letra-do-hino-nacional-escaneada-do-livro-flora-de-maio-edicao-de-1902.jpg?resize=350%2C200&ssl=1 1x, https:\/\/i0.wp.com\/www.jornalja.com.br\/colunas\/wp-content\/uploads\/sites\/5\/2026\/04\/imagem-do-poeta-brasileiro-joaquim-osorio-duque-estrada-autor-da-letra-do-hino-nacional-escaneada-do-livro-flora-de-maio-edicao-de-1902.jpg?resize=525%2C300&ssl=1 1.5x"},"classes":[]},{"id":84703,"url":"https:\/\/www.jornalja.com.br\/colunas\/tiradentes-o-martir-que-ainda-nos-observa-e-as-inquietacoes-de-um-brasil-inacabado\/","url_meta":{"origin":82700,"position":3},"title":"Tiradentes: o M\u00e1rtir que ainda nos observa e as inquieta\u00e7\u00f5es de um Brasil inacabado","author":"da Reda\u00e7\u00e3o","date":"21 de abril de 2026","format":false,"excerpt":"CRISTIANO GOLDSCHMIDT H\u00e1 datas que n\u00e3o se imp\u00f5em pelo alarde, mas pela persist\u00eancia silenciosa com que atravessam os s\u00e9culos e se insinuam na consci\u00eancia coletiva. O 21 de abril pertence a essa estirpe discreta. N\u00e3o chega ornado de euforia, tampouco se anuncia com a grandiloqu\u00eancia de outras celebra\u00e7\u00f5es; antes, aproxima-se\u2026","rel":"","context":"Em &quot;An\u00e1lise&amp;Opini\u00e3o&quot;","block_context":{"text":"An\u00e1lise&amp;Opini\u00e3o","link":"https:\/\/www.jornalja.com.br\/colunas\/category\/analiseopiniao\/"},"img":{"alt_text":"","src":"https:\/\/i0.wp.com\/www.jornalja.com.br\/colunas\/wp-content\/uploads\/sites\/5\/2026\/04\/tiradentes-esquartejado-1893-do-artista-pedro-americo.jpg?resize=350%2C200&ssl=1","width":350,"height":200,"srcset":"https:\/\/i0.wp.com\/www.jornalja.com.br\/colunas\/wp-content\/uploads\/sites\/5\/2026\/04\/tiradentes-esquartejado-1893-do-artista-pedro-americo.jpg?resize=350%2C200&ssl=1 1x, https:\/\/i0.wp.com\/www.jornalja.com.br\/colunas\/wp-content\/uploads\/sites\/5\/2026\/04\/tiradentes-esquartejado-1893-do-artista-pedro-americo.jpg?resize=525%2C300&ssl=1 1.5x, https:\/\/i0.wp.com\/www.jornalja.com.br\/colunas\/wp-content\/uploads\/sites\/5\/2026\/04\/tiradentes-esquartejado-1893-do-artista-pedro-americo.jpg?resize=700%2C400&ssl=1 2x, https:\/\/i0.wp.com\/www.jornalja.com.br\/colunas\/wp-content\/uploads\/sites\/5\/2026\/04\/tiradentes-esquartejado-1893-do-artista-pedro-americo.jpg?resize=1050%2C600&ssl=1 3x"},"classes":[]},{"id":84690,"url":"https:\/\/www.jornalja.com.br\/colunas\/17-de-abril-de-1996-30-anos-do-massacre-de-eldorado-do-carajas\/","url_meta":{"origin":82700,"position":4},"title":"17 de abril de 1996: 30 anos do Massacre de Eldorado do Caraj\u00e1s","author":"da Reda\u00e7\u00e3o","date":"17 de abril de 2026","format":false,"excerpt":"Cruz marca o local do massacre em Eldorado dos Caraj\u00e1s, Par\u00e1. Foto: Marcello Casal Jr.\/Arquivo ABr CRISTIANO GOLDSCHMIDT H\u00e1 datas que n\u00e3o passam. Ficam suspensas no tempo como poeira vermelha sobre a pele \u2014 insistem, infiltram-se, recusam o esquecimento. Abril, no sul do Par\u00e1, \u00e9 sempre um m\u00eas que arde.\u2026","rel":"","context":"Em &quot;An\u00e1lise&amp;Opini\u00e3o&quot;","block_context":{"text":"An\u00e1lise&amp;Opini\u00e3o","link":"https:\/\/www.jornalja.com.br\/colunas\/category\/analiseopiniao\/"},"img":{"alt_text":"","src":"https:\/\/i0.wp.com\/www.jornalja.com.br\/colunas\/wp-content\/uploads\/sites\/5\/2026\/04\/mc006.jpg?resize=350%2C200&ssl=1","width":350,"height":200,"srcset":"https:\/\/i0.wp.com\/www.jornalja.com.br\/colunas\/wp-content\/uploads\/sites\/5\/2026\/04\/mc006.jpg?resize=350%2C200&ssl=1 1x, https:\/\/i0.wp.com\/www.jornalja.com.br\/colunas\/wp-content\/uploads\/sites\/5\/2026\/04\/mc006.jpg?resize=525%2C300&ssl=1 1.5x, https:\/\/i0.wp.com\/www.jornalja.com.br\/colunas\/wp-content\/uploads\/sites\/5\/2026\/04\/mc006.jpg?resize=700%2C400&ssl=1 2x, https:\/\/i0.wp.com\/www.jornalja.com.br\/colunas\/wp-content\/uploads\/sites\/5\/2026\/04\/mc006.jpg?resize=1050%2C600&ssl=1 3x, https:\/\/i0.wp.com\/www.jornalja.com.br\/colunas\/wp-content\/uploads\/sites\/5\/2026\/04\/mc006.jpg?resize=1400%2C800&ssl=1 4x"},"classes":[]},{"id":84714,"url":"https:\/\/www.jornalja.com.br\/colunas\/22-de-abril-o-instante-em-que-o-brasil-passa-a-existir-para-o-mundo-europeu\/","url_meta":{"origin":82700,"position":5},"title":"22 de abril: o instante em que o Brasil \u201cpassa a existir\u201d para o mundo europeu","author":"Patr\u00edcia Marini","date":"22 de abril de 2026","format":false,"excerpt":"CRISTIANO GOLDSCHMIDT Era 22 de abril de 1500 \u2014 ou, ao menos, \u00e9 assim que nos habituamos a dizer, com a serenidade quase ing\u00eanua de quem domestica o passado em datas redondas e memor\u00e1veis. Naquele dia, a esquadra comandada por Pedro \u00c1lvares Cabral avistou terra ap\u00f3s semanas de travessia pelo\u2026","rel":"","context":"Em &quot;An\u00e1lise&amp;Opini\u00e3o&quot;","block_context":{"text":"An\u00e1lise&amp;Opini\u00e3o","link":"https:\/\/www.jornalja.com.br\/colunas\/category\/analiseopiniao\/"},"img":{"alt_text":"","src":"https:\/\/i0.wp.com\/www.jornalja.com.br\/colunas\/wp-content\/uploads\/sites\/5\/2026\/04\/desembarque-de-cabral-scaled.jpg?resize=350%2C200&ssl=1","width":350,"height":200,"srcset":"https:\/\/i0.wp.com\/www.jornalja.com.br\/colunas\/wp-content\/uploads\/sites\/5\/2026\/04\/desembarque-de-cabral-scaled.jpg?resize=350%2C200&ssl=1 1x, https:\/\/i0.wp.com\/www.jornalja.com.br\/colunas\/wp-content\/uploads\/sites\/5\/2026\/04\/desembarque-de-cabral-scaled.jpg?resize=525%2C300&ssl=1 1.5x, https:\/\/i0.wp.com\/www.jornalja.com.br\/colunas\/wp-content\/uploads\/sites\/5\/2026\/04\/desembarque-de-cabral-scaled.jpg?resize=700%2C400&ssl=1 2x, https:\/\/i0.wp.com\/www.jornalja.com.br\/colunas\/wp-content\/uploads\/sites\/5\/2026\/04\/desembarque-de-cabral-scaled.jpg?resize=1050%2C600&ssl=1 3x, https:\/\/i0.wp.com\/www.jornalja.com.br\/colunas\/wp-content\/uploads\/sites\/5\/2026\/04\/desembarque-de-cabral-scaled.jpg?resize=1400%2C800&ssl=1 4x"},"classes":[]}],"jetpack_shortlink":"https:\/\/wp.me\/pbKo0s-lvS","jetpack_sharing_enabled":true,"_links":{"self":[{"href":"https:\/\/www.jornalja.com.br\/colunas\/wp-json\/wp\/v2\/posts\/82700","targetHints":{"allow":["GET"]}}],"collection":[{"href":"https:\/\/www.jornalja.com.br\/colunas\/wp-json\/wp\/v2\/posts"}],"about":[{"href":"https:\/\/www.jornalja.com.br\/colunas\/wp-json\/wp\/v2\/types\/post"}],"author":[{"embeddable":true,"href":"https:\/\/www.jornalja.com.br\/colunas\/wp-json\/wp\/v2\/users\/11"}],"replies":[{"embeddable":true,"href":"https:\/\/www.jornalja.com.br\/colunas\/wp-json\/wp\/v2\/comments?post=82700"}],"version-history":[{"count":5,"href":"https:\/\/www.jornalja.com.br\/colunas\/wp-json\/wp\/v2\/posts\/82700\/revisions"}],"predecessor-version":[{"id":82723,"href":"https:\/\/www.jornalja.com.br\/colunas\/wp-json\/wp\/v2\/posts\/82700\/revisions\/82723"}],"wp:attachment":[{"href":"https:\/\/www.jornalja.com.br\/colunas\/wp-json\/wp\/v2\/media?parent=82700"}],"wp:term":[{"taxonomy":"category","embeddable":true,"href":"https:\/\/www.jornalja.com.br\/colunas\/wp-json\/wp\/v2\/categories?post=82700"},{"taxonomy":"post_tag","embeddable":true,"href":"https:\/\/www.jornalja.com.br\/colunas\/wp-json\/wp\/v2\/tags?post=82700"}],"curies":[{"name":"wp","href":"https:\/\/api.w.org\/{rel}","templated":true}]}}