{"id":82725,"date":"2020-08-16T09:21:28","date_gmt":"2020-08-16T12:21:28","guid":{"rendered":"https:\/\/www.jornalja.com.br\/colunas\/?p=82725"},"modified":"2020-08-17T10:48:25","modified_gmt":"2020-08-17T13:48:25","slug":"militares-e-liberais-nao-sao-metais-que-se-fundem","status":"publish","type":"post","link":"https:\/\/www.jornalja.com.br\/colunas\/militares-e-liberais-nao-sao-metais-que-se-fundem\/","title":{"rendered":"ALDO REBELO\/ Militares e liberais n\u00e3o s\u00e3o metais que se fundem"},"content":{"rendered":"<p>\u201cIdeias n\u00e3o s\u00e3o metais que se fundem\u201d \u00e9 a bela met\u00e1fora atribu\u00edda ao l\u00edder liberal ga\u00facho Gaspar Silveira Martins para explicar a inviabilidade de um acordo com os positivistas de J\u00falio de Castilhos em pleno curso da Revolta Federalista que abalou a Rep\u00fablica e foi debelada a ferro e fogo pelo punho pesado do Marechal Floriano Peixoto.<\/p>\n<p>A frase guarda plena atualidade e decifra a dura competi\u00e7\u00e3o que se trava nos bastidores do governo entre a ala liberal e fiscalista do ministro Paulo Guedes e a corrente desenvolvimentista inspirada no ministro-chefe da Casa Civil, general da reserva Braga Netto, e no ministro do Desenvolvimento Regional Rog\u00e9rio Marinho.<\/p>\n<p>A refrega j\u00e1 rendeu, al\u00e9m de argumentos, desaforos brandidos de parte a parte. Os fiscalistas de Paulo Guedes atribuem aos desenvolvimentistas o risco de destrui\u00e7\u00e3o de todo o esfor\u00e7o do governo para sanear o d\u00e9ficit, e com ele as contas p\u00fablicas. Os desenvolvimentistas repetem a quem quiser ouvir que as ideias do grupo de Paulo Guedes foram aposentadas solenemente em todo o mundo e sobrevivem no Brasil gra\u00e7as \u00e0 ignor\u00e2ncia e \u00e0 teimosia do ministro da Economia.<\/p>\n<p>Os analistas atentos aos bastidores de Bras\u00edlia atribuem aos militares uma resist\u00eancia silenciosa aos dogmas econ\u00f4micos de Guedes. \u00c9 compreens\u00edvel e razo\u00e1vel. For\u00e7as Armadas s\u00e3o institui\u00e7\u00f5es nacionais e institui\u00e7\u00f5es de Estado, e s\u00f3 nesta condi\u00e7\u00e3o tem sentido existir. Sua manuten\u00e7\u00e3o exige meios materiais com a respectiva participa\u00e7\u00e3o no or\u00e7amento do Pa\u00eds. Para o mercado e para economistas liberais For\u00e7as Armadas n\u00e3o passam de rubricas dispendiosas drenando recursos preciosos para o equil\u00edbrio fiscal da Na\u00e7\u00e3o.<\/p>\n<p>As rupturas e transi\u00e7\u00f5es que permitiram a evolu\u00e7\u00e3o pol\u00edtica do Brasil foram amalgamadas por alian\u00e7as heterog\u00eaneas, entre elas as que uniram militares e liberais, mas foram alian\u00e7as passageiras, separadas logo em seguida pelas profundas diferen\u00e7as de concep\u00e7\u00f5es entre os dois universos. A contabilidade e as planilhas de custos dos economistas liberais jamais perceberam como naturais e necess\u00e1rias as contas apresentadas pelos militares para suas preocupa\u00e7\u00f5es com o interesse nacional e para suas raz\u00f5es de Estado.<\/p>\n<p>A grande verdade \u00e9 que n\u00e3o h\u00e1 nenhuma novidade na manifesta\u00e7\u00e3o dessas diferen\u00e7as. Militares e liberais fizeram a Rep\u00fablica, mas os primeiros apoiaram o plano de industrializa\u00e7\u00e3o de Ruy Barbosa, fortemente sabotado pelos segundos, o que resultou no seu fracasso. No in\u00edcio da Rep\u00fablica a engenharia militar discutia e planejava rasgar o Brasil de ferrovias da Amaz\u00f4nia ao Prata como se pode ler nos belos e patri\u00f3ticos ensaios de Euclides da Cunha, enquanto no mesmo per\u00edodo os governos liberais da Rep\u00fablica Velha vendiam os barcos da Marinha de Guerra para fazer caixa e abater d\u00edvidas. N\u00e3o eram navios quaisquer. Em seu livro\u00a0Os Sete Pilares da Sabedoria, o escritor ingl\u00eas Thomas Edward Lawrence anota, com um toque de surpresa, que a nau capit\u00e2nia da Marinha Brit\u00e2nica no Golfo de Acaba, na primeira Guerra Mundial, era um navio de origem brasileira, provavelmente uma das unidades privatizadas no governo Campos Sales.<\/p>\n<p>A Alian\u00e7a Liberal conduziu a Revolu\u00e7\u00e3o de 1930, reunindo Get\u00falio Vargas, os militares de G\u00f3es Monteiro e os liberais de Virg\u00edlio e Afr\u00e2nio de Melo Franco, J\u00falio de Mesquita Filho e Jos\u00e9 Am\u00e9rico de Almeida. Mas em 1932 os liberais de S\u00e3o Paulo se levantaram em armas contra Vargas. Vitorioso, Vargas promoveu a industrializa\u00e7\u00e3o, a legisla\u00e7\u00e3o social e a moderniza\u00e7\u00e3o do Estado, com apoio militar, at\u00e9 ser deposto em 1945 por uma alian\u00e7a entre militares e liberais, para provar que o Brasil n\u00e3o \u00e9 mat\u00e9ria a ser decifrada por amadores.<\/p>\n<p>Em 1964, eis que novamente militares e liberais, apoiados pela m\u00eddia, por empres\u00e1rios e pela embaixada Americana, dep\u00f5em o governo de Jo\u00e3o Goulart, mas a alian\u00e7a \u00e9 rompida logo em seguida e os militares cassam o mandato da mais fulgurante estrela da constela\u00e7\u00e3o liberal, o brilhante ex-governador da Guanabara Carlos Lacerda.<\/p>\n<p>O abismo entre liberais e militares se agrava com as a\u00e7\u00f5es do presidente Ernesto Geisel, notadamente o II PND, o Programa Nuclear e o Programa Espacial, coroadas com o rompimento do Acordo Militar entre o Brasil e os Estados Unidos.\u00a0o que se mostrou surpreso pela nau capit\u00e2nia de origem brasileira na Marinha Brit\u00e2nica.<\/p>\n<p>O nacionalismo de Geisel somou-se \u00e0 viola\u00e7\u00e3o dos direitos humanos para oferecer a plataforma perfeita que reuniu liberais progressistas e conservadores com apoio dos Estados Unidos para montar o cerco contra o regime militar. O resto da hist\u00f3ria \u00e9 conhecido.<\/p>\n<p>Quando os liberais conservadores derrotaram a candidatura do PT em 2018, com o discreto apoio das lideran\u00e7as militares, estava escrito que o pacto seria destinado ao abandono como o juramento renegado do Padre Amaro no c\u00e9lebre romance de E\u00e7a de Queir\u00f3s.<\/p>\n<p>_____________<\/p>\n<p><em>Aldo Rebelo \u00e9 jornalista, foi presidente da C\u00e2mara dos Deputados; ministro da Coordena\u00e7\u00e3o Pol\u00edtica e Rela\u00e7\u00f5es Institucionais; do Esporte; da Ci\u00eancia e Tecnologia e Inova\u00e7\u00e3o e da Defesa nos governos Lula e Dilma.<\/em><br \/>\n<em>\u00a0<\/em><\/p>\n","protected":false},"excerpt":{"rendered":"<p>\u201cIdeias n\u00e3o s\u00e3o metais que se fundem\u201d \u00e9 a bela met\u00e1fora atribu\u00edda ao l\u00edder liberal ga\u00facho Gaspar Silveira Martins para explicar a inviabilidade de um acordo com os positivistas de J\u00falio de Castilhos em pleno curso da Revolta Federalista que abalou a Rep\u00fablica e foi debelada a ferro e fogo pelo punho pesado do Marechal [&hellip;]<\/p>\n","protected":false},"author":4,"featured_media":0,"comment_status":"open","ping_status":"open","sticky":false,"template":"","format":"standard","meta":{"jetpack_post_was_ever_published":false,"_jetpack_newsletter_access":"","_jetpack_dont_email_post_to_subs":false,"_jetpack_newsletter_tier_id":0,"_jetpack_memberships_contains_paywalled_content":false,"_jetpack_memberships_contains_paid_content":false,"footnotes":"","jetpack_publicize_message":"","jetpack_publicize_feature_enabled":true,"jetpack_social_post_already_shared":true,"jetpack_social_options":{"image_generator_settings":{"template":"highway","default_image_id":0,"font":"","enabled":false},"version":2}},"categories":[2],"tags":[],"class_list":["post-82725","post","type-post","status-publish","format-standard","hentry","category-analiseopiniao"],"aioseo_notices":[],"jetpack_publicize_connections":[],"jetpack_featured_media_url":"","jetpack-related-posts":[{"id":84617,"url":"https:\/\/www.jornalja.com.br\/colunas\/o-candidato-de-si-mesmo\/","url_meta":{"origin":82725,"position":0},"title":"O candidato de si mesmo","author":"da Reda\u00e7\u00e3o","date":"10 de abril de 2026","format":false,"excerpt":"Sem emplacar nacionalmente, Leite pode ficar quatro anos sem mandato. Foto Jo\u00e3o Pedro Rodrigues\/SecomRS ELMAR BONES Ningu\u00e9m \u00e9 candidato de si mesmo. Essa \u00e9 a regra n\u00e3o escrita da pol\u00edtica partid\u00e1ria, que as velhas raposas n\u00e3o cansam de repetir aos novatos. Eduardo Leite parece n\u00e3o t\u00ea-la aprendido. Ele n\u00e3o tem\u2026","rel":"","context":"Em &quot;An\u00e1lise&amp;Opini\u00e3o&quot;","block_context":{"text":"An\u00e1lise&amp;Opini\u00e3o","link":"https:\/\/www.jornalja.com.br\/colunas\/category\/analiseopiniao\/"},"img":{"alt_text":"","src":"https:\/\/i0.wp.com\/www.jornalja.com.br\/colunas\/wp-content\/uploads\/sites\/5\/2026\/04\/infraestrutura-escolar.jpeg?resize=350%2C200&ssl=1","width":350,"height":200,"srcset":"https:\/\/i0.wp.com\/www.jornalja.com.br\/colunas\/wp-content\/uploads\/sites\/5\/2026\/04\/infraestrutura-escolar.jpeg?resize=350%2C200&ssl=1 1x, https:\/\/i0.wp.com\/www.jornalja.com.br\/colunas\/wp-content\/uploads\/sites\/5\/2026\/04\/infraestrutura-escolar.jpeg?resize=525%2C300&ssl=1 1.5x, https:\/\/i0.wp.com\/www.jornalja.com.br\/colunas\/wp-content\/uploads\/sites\/5\/2026\/04\/infraestrutura-escolar.jpeg?resize=700%2C400&ssl=1 2x"},"classes":[]},{"id":84725,"url":"https:\/\/www.jornalja.com.br\/colunas\/e-preciso-refletir-sobre-os-mais-de-84-mil-desaparecidos-no-brasil-em-2025\/","url_meta":{"origin":82725,"position":1},"title":"\u00c9 preciso refletir sobre os mais de 84 mil desaparecidos no Brasil em 2025","author":"An\u00e1lise &amp; Opini\u00e3o","date":"23 de abril de 2026","format":false,"excerpt":"CRISTIANO GOLDSCHMIDT Em 2025, o Brasil registrou 84.760 pessoas desaparecidas, segundo dados consolidados pelo Sistema Nacional de Informa\u00e7\u00f5es de Seguran\u00e7a P\u00fablica Sinesp), vinculado ao Minist\u00e9rio da Justi\u00e7a e Seguran\u00e7a P\u00fablica. Mais do que um n\u00famero expressivo, o dado revela um fen\u00f4meno cont\u00ednuo, distribu\u00eddo no tempo e no territ\u00f3rio \u2014 e,\u2026","rel":"","context":"Em &quot;An\u00e1lise&amp;Opini\u00e3o&quot;","block_context":{"text":"An\u00e1lise&amp;Opini\u00e3o","link":"https:\/\/www.jornalja.com.br\/colunas\/category\/analiseopiniao\/"},"img":{"alt_text":"","src":"https:\/\/i0.wp.com\/www.jornalja.com.br\/colunas\/wp-content\/uploads\/sites\/5\/2026\/04\/image.png?resize=350%2C200&ssl=1","width":350,"height":200,"srcset":"https:\/\/i0.wp.com\/www.jornalja.com.br\/colunas\/wp-content\/uploads\/sites\/5\/2026\/04\/image.png?resize=350%2C200&ssl=1 1x, https:\/\/i0.wp.com\/www.jornalja.com.br\/colunas\/wp-content\/uploads\/sites\/5\/2026\/04\/image.png?resize=525%2C300&ssl=1 1.5x, https:\/\/i0.wp.com\/www.jornalja.com.br\/colunas\/wp-content\/uploads\/sites\/5\/2026\/04\/image.png?resize=700%2C400&ssl=1 2x, https:\/\/i0.wp.com\/www.jornalja.com.br\/colunas\/wp-content\/uploads\/sites\/5\/2026\/04\/image.png?resize=1050%2C600&ssl=1 3x, https:\/\/i0.wp.com\/www.jornalja.com.br\/colunas\/wp-content\/uploads\/sites\/5\/2026\/04\/image.png?resize=1400%2C800&ssl=1 4x"},"classes":[]},{"id":84737,"url":"https:\/\/www.jornalja.com.br\/colunas\/dia-internacional-da-educacao-o-brasil-que-se-revela-na-sala-de-aula\/","url_meta":{"origin":82725,"position":2},"title":"Dia Internacional da Educa\u00e7\u00e3o: o Brasil que se revela na sala de aula","author":"An\u00e1lise &amp; Opini\u00e3o","date":"28 de abril de 2026","format":false,"excerpt":"CRISTIANO GOLDSCHMIDT A educa\u00e7\u00e3o n\u00e3o se deixa apreender como um simples conceito est\u00e1vel ou como um consenso j\u00e1 dado. Ela se apresenta, antes, como um campo de tens\u00f5es, no qual se entrecruzam disputas de sentido, sil\u00eancios hist\u00f3ricos e projetos de sociedade. Pensar a educa\u00e7\u00e3o, nesse horizonte, implica reconhecer que educar\u2026","rel":"","context":"Em &quot;An\u00e1lise&amp;Opini\u00e3o&quot;","block_context":{"text":"An\u00e1lise&amp;Opini\u00e3o","link":"https:\/\/www.jornalja.com.br\/colunas\/category\/analiseopiniao\/"},"img":{"alt_text":"","src":"https:\/\/i0.wp.com\/www.jornalja.com.br\/colunas\/wp-content\/uploads\/sites\/5\/2026\/04\/image-1.png?resize=350%2C200&ssl=1","width":350,"height":200,"srcset":"https:\/\/i0.wp.com\/www.jornalja.com.br\/colunas\/wp-content\/uploads\/sites\/5\/2026\/04\/image-1.png?resize=350%2C200&ssl=1 1x, https:\/\/i0.wp.com\/www.jornalja.com.br\/colunas\/wp-content\/uploads\/sites\/5\/2026\/04\/image-1.png?resize=525%2C300&ssl=1 1.5x, https:\/\/i0.wp.com\/www.jornalja.com.br\/colunas\/wp-content\/uploads\/sites\/5\/2026\/04\/image-1.png?resize=700%2C400&ssl=1 2x"},"classes":[]},{"id":84714,"url":"https:\/\/www.jornalja.com.br\/colunas\/22-de-abril-o-instante-em-que-o-brasil-passa-a-existir-para-o-mundo-europeu\/","url_meta":{"origin":82725,"position":3},"title":"22 de abril: o instante em que o Brasil \u201cpassa a existir\u201d para o mundo europeu","author":"Patr\u00edcia Marini","date":"22 de abril de 2026","format":false,"excerpt":"CRISTIANO GOLDSCHMIDT Era 22 de abril de 1500 \u2014 ou, ao menos, \u00e9 assim que nos habituamos a dizer, com a serenidade quase ing\u00eanua de quem domestica o passado em datas redondas e memor\u00e1veis. Naquele dia, a esquadra comandada por Pedro \u00c1lvares Cabral avistou terra ap\u00f3s semanas de travessia pelo\u2026","rel":"","context":"Em &quot;An\u00e1lise&amp;Opini\u00e3o&quot;","block_context":{"text":"An\u00e1lise&amp;Opini\u00e3o","link":"https:\/\/www.jornalja.com.br\/colunas\/category\/analiseopiniao\/"},"img":{"alt_text":"","src":"https:\/\/i0.wp.com\/www.jornalja.com.br\/colunas\/wp-content\/uploads\/sites\/5\/2026\/04\/desembarque-de-cabral-scaled.jpg?resize=350%2C200&ssl=1","width":350,"height":200,"srcset":"https:\/\/i0.wp.com\/www.jornalja.com.br\/colunas\/wp-content\/uploads\/sites\/5\/2026\/04\/desembarque-de-cabral-scaled.jpg?resize=350%2C200&ssl=1 1x, https:\/\/i0.wp.com\/www.jornalja.com.br\/colunas\/wp-content\/uploads\/sites\/5\/2026\/04\/desembarque-de-cabral-scaled.jpg?resize=525%2C300&ssl=1 1.5x, https:\/\/i0.wp.com\/www.jornalja.com.br\/colunas\/wp-content\/uploads\/sites\/5\/2026\/04\/desembarque-de-cabral-scaled.jpg?resize=700%2C400&ssl=1 2x, https:\/\/i0.wp.com\/www.jornalja.com.br\/colunas\/wp-content\/uploads\/sites\/5\/2026\/04\/desembarque-de-cabral-scaled.jpg?resize=1050%2C600&ssl=1 3x, https:\/\/i0.wp.com\/www.jornalja.com.br\/colunas\/wp-content\/uploads\/sites\/5\/2026\/04\/desembarque-de-cabral-scaled.jpg?resize=1400%2C800&ssl=1 4x"},"classes":[]},{"id":84622,"url":"https:\/\/www.jornalja.com.br\/colunas\/13-de-abril-queriam-transformar-o-hino-nacional-em-grito-de-guerra-mas-ele-insiste-em-ser-canto-de-paz\/","url_meta":{"origin":82725,"position":4},"title":"13 de abril: Queriam transformar o Hino Nacional em grito de guerra, mas ele insiste em ser canto de paz","author":"da Reda\u00e7\u00e3o","date":"13 de abril de 2026","format":false,"excerpt":"CRISTIANO GOLDSCHMIDT No calend\u00e1rio das datas c\u00edvicas, o 13 de abril passa quase em sil\u00eancio, como um acorde sustentado que poucos escutam at\u00e9 o fim. N\u00e3o h\u00e1 fogos, n\u00e3o h\u00e1 desfiles grandiosos, n\u00e3o h\u00e1 a coreografia ensaiada das celebra\u00e7\u00f5es que se imp\u00f5em ao olhar. H\u00e1, antes, uma esp\u00e9cie de pausa\u2026","rel":"","context":"Em &quot;An\u00e1lise&amp;Opini\u00e3o&quot;","block_context":{"text":"An\u00e1lise&amp;Opini\u00e3o","link":"https:\/\/www.jornalja.com.br\/colunas\/category\/analiseopiniao\/"},"img":{"alt_text":"","src":"https:\/\/i0.wp.com\/www.jornalja.com.br\/colunas\/wp-content\/uploads\/sites\/5\/2026\/04\/imagem-do-poeta-brasileiro-joaquim-osorio-duque-estrada-autor-da-letra-do-hino-nacional-escaneada-do-livro-flora-de-maio-edicao-de-1902.jpg?resize=350%2C200&ssl=1","width":350,"height":200,"srcset":"https:\/\/i0.wp.com\/www.jornalja.com.br\/colunas\/wp-content\/uploads\/sites\/5\/2026\/04\/imagem-do-poeta-brasileiro-joaquim-osorio-duque-estrada-autor-da-letra-do-hino-nacional-escaneada-do-livro-flora-de-maio-edicao-de-1902.jpg?resize=350%2C200&ssl=1 1x, https:\/\/i0.wp.com\/www.jornalja.com.br\/colunas\/wp-content\/uploads\/sites\/5\/2026\/04\/imagem-do-poeta-brasileiro-joaquim-osorio-duque-estrada-autor-da-letra-do-hino-nacional-escaneada-do-livro-flora-de-maio-edicao-de-1902.jpg?resize=525%2C300&ssl=1 1.5x"},"classes":[]},{"id":84590,"url":"https:\/\/www.jornalja.com.br\/colunas\/e-preciso-defender-o-jardim-botanico-de-porto-alegre\/","url_meta":{"origin":82725,"position":5},"title":"\u00c9 preciso defender o Jardim Bot\u00e2nico de Porto Alegre","author":"da Reda\u00e7\u00e3o","date":"8 de mar\u00e7o de 2026","format":false,"excerpt":"CLEBER DIONI TENTARDINI O Jardim Bot\u00e2nico de Porto Alegre (JBPA) tem 67 anos e \u00e9 considerado um dos cinco melhores e maiores do Brasil. Possui 28 cole\u00e7\u00f5es cient\u00edficas que somam mais de 4.200 plantas, incluindo esp\u00e9cies raras, amea\u00e7adas de extin\u00e7\u00e3o e end\u00eamicas, que s\u00e3o encontradas apenas no RS. No local\u2026","rel":"","context":"Em &quot;An\u00e1lise&amp;Opini\u00e3o&quot;","block_context":{"text":"An\u00e1lise&amp;Opini\u00e3o","link":"https:\/\/www.jornalja.com.br\/colunas\/category\/analiseopiniao\/"},"img":{"alt_text":"","src":"https:\/\/i0.wp.com\/www.jornalja.com.br\/colunas\/wp-content\/uploads\/sites\/5\/2026\/03\/jb-3.jpg?resize=350%2C200&ssl=1","width":350,"height":200,"srcset":"https:\/\/i0.wp.com\/www.jornalja.com.br\/colunas\/wp-content\/uploads\/sites\/5\/2026\/03\/jb-3.jpg?resize=350%2C200&ssl=1 1x, https:\/\/i0.wp.com\/www.jornalja.com.br\/colunas\/wp-content\/uploads\/sites\/5\/2026\/03\/jb-3.jpg?resize=525%2C300&ssl=1 1.5x, https:\/\/i0.wp.com\/www.jornalja.com.br\/colunas\/wp-content\/uploads\/sites\/5\/2026\/03\/jb-3.jpg?resize=700%2C400&ssl=1 2x"},"classes":[]}],"jetpack_shortlink":"https:\/\/wp.me\/pbKo0s-lwh","jetpack_sharing_enabled":true,"_links":{"self":[{"href":"https:\/\/www.jornalja.com.br\/colunas\/wp-json\/wp\/v2\/posts\/82725","targetHints":{"allow":["GET"]}}],"collection":[{"href":"https:\/\/www.jornalja.com.br\/colunas\/wp-json\/wp\/v2\/posts"}],"about":[{"href":"https:\/\/www.jornalja.com.br\/colunas\/wp-json\/wp\/v2\/types\/post"}],"author":[{"embeddable":true,"href":"https:\/\/www.jornalja.com.br\/colunas\/wp-json\/wp\/v2\/users\/4"}],"replies":[{"embeddable":true,"href":"https:\/\/www.jornalja.com.br\/colunas\/wp-json\/wp\/v2\/comments?post=82725"}],"version-history":[{"count":3,"href":"https:\/\/www.jornalja.com.br\/colunas\/wp-json\/wp\/v2\/posts\/82725\/revisions"}],"predecessor-version":[{"id":82728,"href":"https:\/\/www.jornalja.com.br\/colunas\/wp-json\/wp\/v2\/posts\/82725\/revisions\/82728"}],"wp:attachment":[{"href":"https:\/\/www.jornalja.com.br\/colunas\/wp-json\/wp\/v2\/media?parent=82725"}],"wp:term":[{"taxonomy":"category","embeddable":true,"href":"https:\/\/www.jornalja.com.br\/colunas\/wp-json\/wp\/v2\/categories?post=82725"},{"taxonomy":"post_tag","embeddable":true,"href":"https:\/\/www.jornalja.com.br\/colunas\/wp-json\/wp\/v2\/tags?post=82725"}],"curies":[{"name":"wp","href":"https:\/\/api.w.org\/{rel}","templated":true}]}}