{"id":82748,"date":"2020-09-09T18:29:55","date_gmt":"2020-09-09T21:29:55","guid":{"rendered":"https:\/\/www.jornalja.com.br\/geral\/?p=85529"},"modified":"2020-09-09T20:24:07","modified_gmt":"2020-09-09T23:24:07","slug":"bolsonaro-desfila-em-carro-aberto-lula-lanca-manifesto-2022-comecou","status":"publish","type":"post","link":"https:\/\/www.jornalja.com.br\/colunas\/bolsonaro-desfila-em-carro-aberto-lula-lanca-manifesto-2022-comecou\/","title":{"rendered":"Bolsonaro desfila em carro aberto, Lula lan\u00e7a manifesto: 2022 come\u00e7ou"},"content":{"rendered":"<p>A data simb\u00f3lica do 7 de setembro, o Dia da Independ\u00eancia, motivou duas manifesta\u00e7\u00f5es pol\u00edticas distintas na forma e no conte\u00fado mas id\u00eanticas no prop\u00f3sito.<\/p>\n<p>Uma do presidente Jair Bolsonaro em ato p\u00fablico em Bras\u00edlia, outra do ex-presidente Lula, pelas redes sociais.<\/p>\n<p>Ambas remetem para as elei\u00e7\u00f5es de 2022, em cujo horizonte ganha contornos uma polariza\u00e7\u00e3o entre os dois.<\/p>\n<p>Jair Bolsonaro, que em julho era quase um ex-presidente, neste 7 de setembro preencheu o vazio do desfile militar, que n\u00e3o houve, com o seu pr\u00f3prio desfile, em carro aberto, cercado de crian\u00e7as, saudando o p\u00fablico como se estivesse tomando posse.<\/p>\n<figure id=\"attachment_85577\" aria-describedby=\"caption-attachment-85577\" style=\"width: 450px\" class=\"wp-caption alignnone\"><img decoding=\"async\" class=\"size-medium wp-image-85577\" src=\"https:\/\/www.jornalja.com.br\/geral\/wp-content\/uploads\/sites\/4\/2020\/09\/bolsonaro-no-7-de-setembro-entre-a-guarda-450x299.jpg\" alt=\"\" width=\"450\" height=\"299\" \/><figcaption id=\"caption-attachment-85577\" class=\"wp-caption-text\">O presidente Jair Bolsonaro participa de cerim\u00f4nia comemorativa do 7 de setembro, no Pal\u00e1cio da Alvorada.<\/figcaption><\/figure>\n<p>Talvez a mensagem seja essa: um presidente revigorado depois de um grande desgaste, que agora est\u00e1 no controle. Mensagem de um declarado candidato \u00e0 reelei\u00e7\u00e3o, que as pesquisas apontam como favorito. Mas faz sentido.<\/p>\n<p>Depois de Mandetta, depois de Moro, das mudan\u00e7as na Pol\u00edcia Federal,\u00a0 do recuo do STF,\u00a0 da derrocada de Witzel, do acordo com o centr\u00e3o, depois de esfriar o Guedes &#8211; ele pode sim dizer que est\u00e1 no controle.<\/p>\n<p>At\u00e9 o manifesto desprezo pela sa\u00fade p\u00fablica &#8211; que parece n\u00e3o incomodar seus seguidores &#8211; pode reverter na hora de se isentar dos efeitos econ\u00f4micos da covid-19 e culpar os que &#8220;pararam a economia para enfrentar a pandemia&#8221;<\/p>\n<p>Em todo caso, para um governo sem projeto, que at\u00e9 agora deixou correr o &#8220;experimento liberal&#8221; do ministro Guedes, o que vem pela frente pode ser fatal.<\/p>\n<p>O ajuste que Guedes pretende n\u00e3o se coaduna com a agenda social que que a pandemia imp\u00f5e, nem com a agenda eleitoral de um presidente candidato \u00e0 reelei\u00e7\u00e3o.<\/p>\n<p>Guedes diz que fora de sua cartilha o caminho \u00e9 o impeachment.<\/p>\n<p>Mas, a cartilha de Guedes, de arrocho no gasto p\u00fablico e desmonte do Estado, no meio de tamanha crise, pode ser o caminho mais curto para a derrota nas urnas em 2022.<\/p>\n<p>Tudo indica que Bolsonaro vai deixar Guedes na estrada e turbinar a agenda eleitoral, mesmo \u00e0 custa de ter que recauchutar programas dos governos petistas para mostrar iniciativa e assediar redutos da concorr\u00eancia, como come\u00e7ou a fazer em rela\u00e7\u00e3o ao Nordeste, onde Lula e o PT t\u00eam sua sustenta\u00e7\u00e3o.<\/p>\n<p>Houve um momento em que Bolsonaro balan\u00e7ou, logo depois da divulga\u00e7\u00e3o da pat\u00e9tica reuni\u00e3o ministerial de 22 de abril, mas seus mais influentes advers\u00e1rios hesitaram.<\/p>\n<p>Perguntaram se valeria a pena o enorme e desgaste esfor\u00e7o de uma campanha de impeachment em plena pandemia, para &#8220;botar o Mour\u00e3o no lugar&#8221;. Era melhor deixar Bolsonaro e seu governo err\u00e1tico sangrar at\u00e9 o fim e derrot\u00e1-lo nas urnas.<\/p>\n<p>A desenvoltura com que Bolsonaro agora se lan\u00e7a em campanha mostra que essa posi\u00e7\u00e3o pode ter sido um grave erro.<\/p>\n<p>(Segue: &#8220;A candidatura de Lula&#8221; )<\/p>\n<p>&nbsp;<\/p>\n<p>&nbsp;<\/p>\n<p>&nbsp;<\/p>\n<p>&nbsp;<\/p>\n<p>&nbsp;<\/p>\n<p>&nbsp;<\/p>\n<p>&nbsp;<\/p>\n<p>&nbsp;<\/p>\n<p>&nbsp;<\/p>\n<p>&nbsp;<\/p>\n<p>&nbsp;<\/p>\n<p>&nbsp;<\/p>\n<p>&nbsp;<\/p>\n<p>&nbsp;<\/p>\n<p>&nbsp;<\/p>\n<p>&nbsp;<\/p>\n<p><img decoding=\"async\" class=\"alignnone size-medium wp-image-85533\" src=\"https:\/\/www.jornalja.com.br\/geral\/wp-content\/uploads\/sites\/4\/2020\/09\/lula-candidato-ricardo-stuckert-450x299.jpeg\" alt=\"\" width=\"450\" height=\"299\" \/><\/p>\n","protected":false},"excerpt":{"rendered":"<p>A data simb\u00f3lica do 7 de setembro, o Dia da Independ\u00eancia, motivou duas manifesta\u00e7\u00f5es pol\u00edticas distintas na forma e no conte\u00fado mas id\u00eanticas no prop\u00f3sito. Uma do presidente Jair Bolsonaro em ato p\u00fablico em Bras\u00edlia, outra do ex-presidente Lula, pelas redes sociais. Ambas remetem para as elei\u00e7\u00f5es de 2022, em cujo horizonte ganha contornos uma [&hellip;]<\/p>\n","protected":false},"author":5,"featured_media":82749,"comment_status":"open","ping_status":"open","sticky":false,"template":"","format":"standard","meta":{"jetpack_post_was_ever_published":false,"_jetpack_newsletter_access":"","_jetpack_dont_email_post_to_subs":false,"_jetpack_newsletter_tier_id":0,"_jetpack_memberships_contains_paywalled_content":false,"_jetpack_memberships_contains_paid_content":false,"footnotes":"","jetpack_publicize_message":"","jetpack_publicize_feature_enabled":true,"jetpack_social_post_already_shared":true,"jetpack_social_options":{"image_generator_settings":{"template":"highway","default_image_id":0,"font":"","enabled":false},"version":2}},"categories":[2],"tags":[3,137,136],"class_list":["post-82748","post","type-post","status-publish","format-standard","has-post-thumbnail","hentry","category-analiseopiniao","tag-bolsonaro","tag-eleicoes-2022","tag-lula"],"aioseo_notices":[],"jetpack_publicize_connections":[],"jetpack_featured_media_url":"https:\/\/www.jornalja.com.br\/colunas\/wp-content\/uploads\/sites\/5\/2020\/09\/bolsonaro-no-dia-7-setembro-em-brasilia.jpg","jetpack-related-posts":[{"id":84617,"url":"https:\/\/www.jornalja.com.br\/colunas\/o-candidato-de-si-mesmo\/","url_meta":{"origin":82748,"position":0},"title":"O candidato de si mesmo","author":"da Reda\u00e7\u00e3o","date":"10 de abril de 2026","format":false,"excerpt":"Sem emplacar nacionalmente, Leite pode ficar quatro anos sem mandato. Foto Jo\u00e3o Pedro Rodrigues\/SecomRS ELMAR BONES Ningu\u00e9m \u00e9 candidato de si mesmo. Essa \u00e9 a regra n\u00e3o escrita da pol\u00edtica partid\u00e1ria, que as velhas raposas n\u00e3o cansam de repetir aos novatos. Eduardo Leite parece n\u00e3o t\u00ea-la aprendido. Ele n\u00e3o tem\u2026","rel":"","context":"Em &quot;An\u00e1lise&amp;Opini\u00e3o&quot;","block_context":{"text":"An\u00e1lise&amp;Opini\u00e3o","link":"https:\/\/www.jornalja.com.br\/colunas\/category\/analiseopiniao\/"},"img":{"alt_text":"","src":"https:\/\/i0.wp.com\/www.jornalja.com.br\/colunas\/wp-content\/uploads\/sites\/5\/2026\/04\/infraestrutura-escolar.jpeg?resize=350%2C200&ssl=1","width":350,"height":200,"srcset":"https:\/\/i0.wp.com\/www.jornalja.com.br\/colunas\/wp-content\/uploads\/sites\/5\/2026\/04\/infraestrutura-escolar.jpeg?resize=350%2C200&ssl=1 1x, https:\/\/i0.wp.com\/www.jornalja.com.br\/colunas\/wp-content\/uploads\/sites\/5\/2026\/04\/infraestrutura-escolar.jpeg?resize=525%2C300&ssl=1 1.5x, https:\/\/i0.wp.com\/www.jornalja.com.br\/colunas\/wp-content\/uploads\/sites\/5\/2026\/04\/infraestrutura-escolar.jpeg?resize=700%2C400&ssl=1 2x"},"classes":[]},{"id":84681,"url":"https:\/\/www.jornalja.com.br\/colunas\/recordar-zuzu-angel-50-anos-apos-sua-morte-e-um-ato-etico\/","url_meta":{"origin":82748,"position":1},"title":"Recordar Zuzu Angel 50 anos ap\u00f3s sua morte \u00e9 um ato \u00e9tico","author":"da Reda\u00e7\u00e3o","date":"16 de abril de 2026","format":false,"excerpt":"CRISTIANO GOLDSCHMIDT Cinco d\u00e9cadas transcorreram desde o silenciamento brutal de Zuzu Angel (05 de junho de 1921 - 14 de abril de 1976), e ainda assim sua voz persiste \u2014 n\u00e3o como eco esmaecido, mas como um timbre agudo que rasga o tecido do tempo e se inscreve na mem\u00f3ria\u2026","rel":"","context":"Em &quot;An\u00e1lise&amp;Opini\u00e3o&quot;","block_context":{"text":"An\u00e1lise&amp;Opini\u00e3o","link":"https:\/\/www.jornalja.com.br\/colunas\/category\/analiseopiniao\/"},"img":{"alt_text":"","src":"https:\/\/i0.wp.com\/www.jornalja.com.br\/colunas\/wp-content\/uploads\/sites\/5\/2026\/04\/zuzu-angel-1972-fotografo-desconhecido-colecao-arquivo-nacional.jpg?resize=350%2C200&ssl=1","width":350,"height":200,"srcset":"https:\/\/i0.wp.com\/www.jornalja.com.br\/colunas\/wp-content\/uploads\/sites\/5\/2026\/04\/zuzu-angel-1972-fotografo-desconhecido-colecao-arquivo-nacional.jpg?resize=350%2C200&ssl=1 1x, https:\/\/i0.wp.com\/www.jornalja.com.br\/colunas\/wp-content\/uploads\/sites\/5\/2026\/04\/zuzu-angel-1972-fotografo-desconhecido-colecao-arquivo-nacional.jpg?resize=525%2C300&ssl=1 1.5x, https:\/\/i0.wp.com\/www.jornalja.com.br\/colunas\/wp-content\/uploads\/sites\/5\/2026\/04\/zuzu-angel-1972-fotografo-desconhecido-colecao-arquivo-nacional.jpg?resize=700%2C400&ssl=1 2x, https:\/\/i0.wp.com\/www.jornalja.com.br\/colunas\/wp-content\/uploads\/sites\/5\/2026\/04\/zuzu-angel-1972-fotografo-desconhecido-colecao-arquivo-nacional.jpg?resize=1050%2C600&ssl=1 3x"},"classes":[]},{"id":84557,"url":"https:\/\/www.jornalja.com.br\/colunas\/entrevista-com-leonel-brizola-como-nascem-as-falsificacoes-historicas\/","url_meta":{"origin":82748,"position":2},"title":"Entrevista com Leonel Brizola: Como nascem as falsifica\u00e7\u00f5es hist\u00f3ricas","author":"An\u00e1lise &amp; Opini\u00e3o","date":"2 de mar\u00e7o de 2026","format":false,"excerpt":"SILVANA MOURA Mais do que direito \u00e0 Hist\u00f3ria, temos o direito \u00e0 verdade da Hist\u00f3ria, para evitar um passado falsificado, supostamente \u201climpo\u201d, eivado de manipula\u00e7\u00e3o e pretensa uniformidade. Em 1996 realizei, em Carazinho, uma Entrevista de Hist\u00f3ria Oral (sou Historiadora e trabalho com Hist\u00f3ria Oral h\u00e1 40 anos) com Leonel\u2026","rel":"","context":"Em &quot;An\u00e1lise&amp;Opini\u00e3o&quot;","block_context":{"text":"An\u00e1lise&amp;Opini\u00e3o","link":"https:\/\/www.jornalja.com.br\/colunas\/category\/analiseopiniao\/"},"img":{"alt_text":"","src":"","width":0,"height":0},"classes":[]},{"id":84622,"url":"https:\/\/www.jornalja.com.br\/colunas\/13-de-abril-queriam-transformar-o-hino-nacional-em-grito-de-guerra-mas-ele-insiste-em-ser-canto-de-paz\/","url_meta":{"origin":82748,"position":3},"title":"13 de abril: Queriam transformar o Hino Nacional em grito de guerra, mas ele insiste em ser canto de paz","author":"da Reda\u00e7\u00e3o","date":"13 de abril de 2026","format":false,"excerpt":"CRISTIANO GOLDSCHMIDT No calend\u00e1rio das datas c\u00edvicas, o 13 de abril passa quase em sil\u00eancio, como um acorde sustentado que poucos escutam at\u00e9 o fim. N\u00e3o h\u00e1 fogos, n\u00e3o h\u00e1 desfiles grandiosos, n\u00e3o h\u00e1 a coreografia ensaiada das celebra\u00e7\u00f5es que se imp\u00f5em ao olhar. H\u00e1, antes, uma esp\u00e9cie de pausa\u2026","rel":"","context":"Em &quot;An\u00e1lise&amp;Opini\u00e3o&quot;","block_context":{"text":"An\u00e1lise&amp;Opini\u00e3o","link":"https:\/\/www.jornalja.com.br\/colunas\/category\/analiseopiniao\/"},"img":{"alt_text":"","src":"https:\/\/i0.wp.com\/www.jornalja.com.br\/colunas\/wp-content\/uploads\/sites\/5\/2026\/04\/imagem-do-poeta-brasileiro-joaquim-osorio-duque-estrada-autor-da-letra-do-hino-nacional-escaneada-do-livro-flora-de-maio-edicao-de-1902.jpg?resize=350%2C200&ssl=1","width":350,"height":200,"srcset":"https:\/\/i0.wp.com\/www.jornalja.com.br\/colunas\/wp-content\/uploads\/sites\/5\/2026\/04\/imagem-do-poeta-brasileiro-joaquim-osorio-duque-estrada-autor-da-letra-do-hino-nacional-escaneada-do-livro-flora-de-maio-edicao-de-1902.jpg?resize=350%2C200&ssl=1 1x, https:\/\/i0.wp.com\/www.jornalja.com.br\/colunas\/wp-content\/uploads\/sites\/5\/2026\/04\/imagem-do-poeta-brasileiro-joaquim-osorio-duque-estrada-autor-da-letra-do-hino-nacional-escaneada-do-livro-flora-de-maio-edicao-de-1902.jpg?resize=525%2C300&ssl=1 1.5x"},"classes":[]},{"id":84564,"url":"https:\/\/www.jornalja.com.br\/colunas\/a-nova-celulose-a-beira-do-guaiba-e-o-risco-de-repetir-a-borregaard\/","url_meta":{"origin":82748,"position":4},"title":"A nova celulose \u00e0 beira do Gua\u00edba e o risco de repetir a Borregaard","author":"An\u00e1lise &amp; Opini\u00e3o","date":"6 de mar\u00e7o de 2026","format":false,"excerpt":"ELMAR BONES No dia 16 de mar\u00e7o de 1972 foi inaugurada a Ind\u00fastria de Celulose Borregaard, em Gua\u00edba, com a presen\u00e7a das mais altas autoridades e manchetes ufanistas em todos os jornais. Inaugura\u00e7\u00e3o da f\u00e1brica em Gua\u00edba, no ano de 1972. Foto Reprodu\u00e7\u00e3o Arquivo\/CeluloseRioGrandense Seria uma das maiores f\u00e1bricas em\u2026","rel":"","context":"Em &quot;An\u00e1lise&amp;Opini\u00e3o&quot;","block_context":{"text":"An\u00e1lise&amp;Opini\u00e3o","link":"https:\/\/www.jornalja.com.br\/colunas\/category\/analiseopiniao\/"},"img":{"alt_text":"","src":"https:\/\/i0.wp.com\/www.jornalja.com.br\/colunas\/wp-content\/uploads\/sites\/5\/2026\/03\/20260306-112140-scaled.jpg?resize=350%2C200&ssl=1","width":350,"height":200,"srcset":"https:\/\/i0.wp.com\/www.jornalja.com.br\/colunas\/wp-content\/uploads\/sites\/5\/2026\/03\/20260306-112140-scaled.jpg?resize=350%2C200&ssl=1 1x, https:\/\/i0.wp.com\/www.jornalja.com.br\/colunas\/wp-content\/uploads\/sites\/5\/2026\/03\/20260306-112140-scaled.jpg?resize=525%2C300&ssl=1 1.5x, https:\/\/i0.wp.com\/www.jornalja.com.br\/colunas\/wp-content\/uploads\/sites\/5\/2026\/03\/20260306-112140-scaled.jpg?resize=700%2C400&ssl=1 2x, https:\/\/i0.wp.com\/www.jornalja.com.br\/colunas\/wp-content\/uploads\/sites\/5\/2026\/03\/20260306-112140-scaled.jpg?resize=1050%2C600&ssl=1 3x, https:\/\/i0.wp.com\/www.jornalja.com.br\/colunas\/wp-content\/uploads\/sites\/5\/2026\/03\/20260306-112140-scaled.jpg?resize=1400%2C800&ssl=1 4x"},"classes":[]},{"id":84725,"url":"https:\/\/www.jornalja.com.br\/colunas\/e-preciso-refletir-sobre-os-mais-de-84-mil-desaparecidos-no-brasil-em-2025\/","url_meta":{"origin":82748,"position":5},"title":"\u00c9 preciso refletir sobre os mais de 84 mil desaparecidos no Brasil em 2025","author":"An\u00e1lise &amp; Opini\u00e3o","date":"23 de abril de 2026","format":false,"excerpt":"CRISTIANO GOLDSCHMIDT Em 2025, o Brasil registrou 84.760 pessoas desaparecidas, segundo dados consolidados pelo Sistema Nacional de Informa\u00e7\u00f5es de Seguran\u00e7a P\u00fablica Sinesp), vinculado ao Minist\u00e9rio da Justi\u00e7a e Seguran\u00e7a P\u00fablica. Mais do que um n\u00famero expressivo, o dado revela um fen\u00f4meno cont\u00ednuo, distribu\u00eddo no tempo e no territ\u00f3rio \u2014 e,\u2026","rel":"","context":"Em &quot;An\u00e1lise&amp;Opini\u00e3o&quot;","block_context":{"text":"An\u00e1lise&amp;Opini\u00e3o","link":"https:\/\/www.jornalja.com.br\/colunas\/category\/analiseopiniao\/"},"img":{"alt_text":"","src":"https:\/\/i0.wp.com\/www.jornalja.com.br\/colunas\/wp-content\/uploads\/sites\/5\/2026\/04\/image.png?resize=350%2C200&ssl=1","width":350,"height":200,"srcset":"https:\/\/i0.wp.com\/www.jornalja.com.br\/colunas\/wp-content\/uploads\/sites\/5\/2026\/04\/image.png?resize=350%2C200&ssl=1 1x, https:\/\/i0.wp.com\/www.jornalja.com.br\/colunas\/wp-content\/uploads\/sites\/5\/2026\/04\/image.png?resize=525%2C300&ssl=1 1.5x, https:\/\/i0.wp.com\/www.jornalja.com.br\/colunas\/wp-content\/uploads\/sites\/5\/2026\/04\/image.png?resize=700%2C400&ssl=1 2x, https:\/\/i0.wp.com\/www.jornalja.com.br\/colunas\/wp-content\/uploads\/sites\/5\/2026\/04\/image.png?resize=1050%2C600&ssl=1 3x, https:\/\/i0.wp.com\/www.jornalja.com.br\/colunas\/wp-content\/uploads\/sites\/5\/2026\/04\/image.png?resize=1400%2C800&ssl=1 4x"},"classes":[]}],"jetpack_shortlink":"https:\/\/wp.me\/pbKo0s-lwE","jetpack_sharing_enabled":true,"_links":{"self":[{"href":"https:\/\/www.jornalja.com.br\/colunas\/wp-json\/wp\/v2\/posts\/82748","targetHints":{"allow":["GET"]}}],"collection":[{"href":"https:\/\/www.jornalja.com.br\/colunas\/wp-json\/wp\/v2\/posts"}],"about":[{"href":"https:\/\/www.jornalja.com.br\/colunas\/wp-json\/wp\/v2\/types\/post"}],"author":[{"embeddable":true,"href":"https:\/\/www.jornalja.com.br\/colunas\/wp-json\/wp\/v2\/users\/5"}],"replies":[{"embeddable":true,"href":"https:\/\/www.jornalja.com.br\/colunas\/wp-json\/wp\/v2\/comments?post=82748"}],"version-history":[{"count":3,"href":"https:\/\/www.jornalja.com.br\/colunas\/wp-json\/wp\/v2\/posts\/82748\/revisions"}],"predecessor-version":[{"id":82752,"href":"https:\/\/www.jornalja.com.br\/colunas\/wp-json\/wp\/v2\/posts\/82748\/revisions\/82752"}],"wp:featuredmedia":[{"embeddable":true,"href":"https:\/\/www.jornalja.com.br\/colunas\/wp-json\/wp\/v2\/media\/82749"}],"wp:attachment":[{"href":"https:\/\/www.jornalja.com.br\/colunas\/wp-json\/wp\/v2\/media?parent=82748"}],"wp:term":[{"taxonomy":"category","embeddable":true,"href":"https:\/\/www.jornalja.com.br\/colunas\/wp-json\/wp\/v2\/categories?post=82748"},{"taxonomy":"post_tag","embeddable":true,"href":"https:\/\/www.jornalja.com.br\/colunas\/wp-json\/wp\/v2\/tags?post=82748"}],"curies":[{"name":"wp","href":"https:\/\/api.w.org\/{rel}","templated":true}]}}