{"id":83489,"date":"2022-05-10T19:57:55","date_gmt":"2022-05-10T22:57:55","guid":{"rendered":"https:\/\/www.jornalja.com.br\/colunas\/?p=83489"},"modified":"2022-05-10T19:57:55","modified_gmt":"2022-05-10T22:57:55","slug":"benedito-tadeu-cesar-sem-alarmismo-mas-com-forca-nao-ao-golpe","status":"publish","type":"post","link":"https:\/\/www.jornalja.com.br\/colunas\/benedito-tadeu-cesar-sem-alarmismo-mas-com-forca-nao-ao-golpe\/","title":{"rendered":"BENEDITO TADEU C\u00c9SAR \/ Sem alarmismo, mas com for\u00e7a. N\u00e3o ao golpe!"},"content":{"rendered":"<p class=\"assina\">Benedito Tadeu C\u00e9sar*<\/p>\n<p>Setores bolsonaristas atacam cada vez mais o sistema eleitoral e os democratas o defendem enfaticamente. Seria poss\u00edvel pensar na possibilidade de estarmos sendo manipulados para defender as urnas eletr\u00f4nicas e o processo de apura\u00e7\u00e3o enquanto os pr\u00f3prios bolsonaristas se preparam para atac\u00e1-los de fato, com o objetivo de alterar o resultado eleitoral em favor de Bolsonaro? Se isso acontecesse, n\u00f3s ficar\u00edamos sem argumentos para discordar do resultado.<\/p>\n<p>Que fique claro: n\u00e3o existe sistema eletr\u00f4nico que seja infal\u00edvel e inviol\u00e1vel. Fosse assim, n\u00e3o existiriam tantas empresas de seguran\u00e7a eletr\u00f4nica e nem seriam contratados tantos hackers para testar os sistemas de prote\u00e7\u00e3o existentes nas institui\u00e7\u00f5es financeiras, militares etc. em todo o mundo.<\/p>\n<p>Esta pode parecer uma hip\u00f3tese paranoica, mas quando come\u00e7aram o processo do impeachment da Presidente Dilma Rousseff e o processo contra o ex-Presidente Lula da Silva, pouqu\u00edssimos analistas e\/ou militantes acreditavam que Dilma seria derrubada e, menos ainda, que Lula pudesse ser preso. Ach\u00e1vamos que o apoio popular a Dilma e principalmente a Lula seriam suficientes para impedir qualquer golpe e, principalmente, para impedir a pris\u00e3o de Lula. A todos, parecia loucura algu\u00e9m sequer tentar prender Lula.<\/p>\n<p>Desta vez, estejamos alertas.<\/p>\n<p>Isto significa a possibilidade de estarmos encurralados? N\u00e3o devemos mais defender as urnas eletr\u00f4nicas e o processo eletr\u00f4nico de apura\u00e7\u00e3o dos votos? Claro que n\u00e3o, a Justi\u00e7a Eleitoral e o processo eleitoral eletr\u00f4nico devem ser preservados e defendidos. O que precisamos, al\u00e9m disto e com urg\u00eancia, \u00e9 construir uma forte barreira democr\u00e1tica na sociedade civil, capaz de resistir a qualquer tentativa de golpe.<\/p>\n<p>A for\u00e7a desta barreira depender\u00e1 de sua amplitude e enraizamento na sociedade brasileira: todos os setores e institui\u00e7\u00f5es da sociedade civil e do Estado democr\u00e1tico, inclusive ex-bolsonaristas, a OAB, a ABI, as organiza\u00e7\u00f5es religiosas, as centrais sindicais e os sindicatos de trabalhadores, as associa\u00e7\u00f5es empresariais de todos os setores e n\u00edveis, as diversas inst\u00e2ncias da Justi\u00e7a e do Minist\u00e9rio P\u00fablico, os partidos pol\u00edticos e a imprensa de todas as formas e meios precisam ser mobilizados e instados a se manifestarem fortemente contra qualquer tipo de golpe.<\/p>\n<p>\u00c9 preciso constituir uma frente t\u00e3o ampla quanto for poss\u00edvel em defesa da democracia, que re\u00fana todos os candidatos democr\u00e1ticos e seus eleitores no rep\u00fadio a qualquer tipo de golpe. Precisamos reunir lulopetistas, ciropedetistas, d\u00f3ria-ou-eduardopeessedebistas, tebetemedebistas, janoneavantistas, d\u00e1vilanovistas, leonardoupistas e os demais que houver verapessetuistas e todos os demais \u201cistas\u201d do campo democr\u00e1tico.<\/p>\n<p>Os setores bolsonaristas das for\u00e7as armadas e da sociedade civil precisam ser fortemente alertados de que eles estar\u00e3o isolados se tentarem desencadear qualquer tipo de golpe, seja ele eletr\u00f4nico ou armado. A uni\u00e3o dos democratas de todos os matizes \u00e9 o caminho hoje para garantir a democracia.<\/p>\n<p style=\"padding-left: 80px;\"><em>* Cientista pol\u00edtico, professor da UFRGS (aposentado) e ex-professor da UFES, integrante da coordena\u00e7\u00e3o do Comit\u00ea em Defesa da Democracia e do Estado Democr\u00e1tico de Direito<\/em><\/p>\n","protected":false},"excerpt":{"rendered":"<p>Benedito Tadeu C\u00e9sar* Setores bolsonaristas atacam cada vez mais o sistema eleitoral e os democratas o defendem enfaticamente. Seria poss\u00edvel pensar na possibilidade de estarmos sendo manipulados para defender as urnas eletr\u00f4nicas e o processo de apura\u00e7\u00e3o enquanto os pr\u00f3prios bolsonaristas se preparam para atac\u00e1-los de fato, com o objetivo de alterar o resultado eleitoral [&hellip;]<\/p>\n","protected":false},"author":11,"featured_media":0,"comment_status":"open","ping_status":"open","sticky":false,"template":"","format":"standard","meta":{"jetpack_post_was_ever_published":false,"_jetpack_newsletter_access":"","_jetpack_dont_email_post_to_subs":false,"_jetpack_newsletter_tier_id":0,"_jetpack_memberships_contains_paywalled_content":false,"_jetpack_memberships_contains_paid_content":false,"footnotes":"","jetpack_publicize_message":"","jetpack_publicize_feature_enabled":true,"jetpack_social_post_already_shared":true,"jetpack_social_options":{"image_generator_settings":{"template":"highway","default_image_id":0,"font":"","enabled":false},"version":2}},"categories":[2],"tags":[],"class_list":["post-83489","post","type-post","status-publish","format-standard","hentry","category-analiseopiniao"],"aioseo_notices":[],"jetpack_publicize_connections":[],"jetpack_featured_media_url":"","jetpack-related-posts":[{"id":84617,"url":"https:\/\/www.jornalja.com.br\/colunas\/o-candidato-de-si-mesmo\/","url_meta":{"origin":83489,"position":0},"title":"O candidato de si mesmo","author":"da Reda\u00e7\u00e3o","date":"10 de abril de 2026","format":false,"excerpt":"Sem emplacar nacionalmente, Leite pode ficar quatro anos sem mandato. Foto Jo\u00e3o Pedro Rodrigues\/SecomRS ELMAR BONES Ningu\u00e9m \u00e9 candidato de si mesmo. Essa \u00e9 a regra n\u00e3o escrita da pol\u00edtica partid\u00e1ria, que as velhas raposas n\u00e3o cansam de repetir aos novatos. Eduardo Leite parece n\u00e3o t\u00ea-la aprendido. Ele n\u00e3o tem\u2026","rel":"","context":"Em &quot;An\u00e1lise&amp;Opini\u00e3o&quot;","block_context":{"text":"An\u00e1lise&amp;Opini\u00e3o","link":"https:\/\/www.jornalja.com.br\/colunas\/category\/analiseopiniao\/"},"img":{"alt_text":"","src":"https:\/\/i0.wp.com\/www.jornalja.com.br\/colunas\/wp-content\/uploads\/sites\/5\/2026\/04\/infraestrutura-escolar.jpeg?resize=350%2C200&ssl=1","width":350,"height":200,"srcset":"https:\/\/i0.wp.com\/www.jornalja.com.br\/colunas\/wp-content\/uploads\/sites\/5\/2026\/04\/infraestrutura-escolar.jpeg?resize=350%2C200&ssl=1 1x, https:\/\/i0.wp.com\/www.jornalja.com.br\/colunas\/wp-content\/uploads\/sites\/5\/2026\/04\/infraestrutura-escolar.jpeg?resize=525%2C300&ssl=1 1.5x, https:\/\/i0.wp.com\/www.jornalja.com.br\/colunas\/wp-content\/uploads\/sites\/5\/2026\/04\/infraestrutura-escolar.jpeg?resize=700%2C400&ssl=1 2x"},"classes":[]},{"id":84725,"url":"https:\/\/www.jornalja.com.br\/colunas\/e-preciso-refletir-sobre-os-mais-de-84-mil-desaparecidos-no-brasil-em-2025\/","url_meta":{"origin":83489,"position":1},"title":"\u00c9 preciso refletir sobre os mais de 84 mil desaparecidos no Brasil em 2025","author":"An\u00e1lise &amp; Opini\u00e3o","date":"23 de abril de 2026","format":false,"excerpt":"CRISTIANO GOLDSCHMIDT Em 2025, o Brasil registrou 84.760 pessoas desaparecidas, segundo dados consolidados pelo Sistema Nacional de Informa\u00e7\u00f5es de Seguran\u00e7a P\u00fablica Sinesp), vinculado ao Minist\u00e9rio da Justi\u00e7a e Seguran\u00e7a P\u00fablica. Mais do que um n\u00famero expressivo, o dado revela um fen\u00f4meno cont\u00ednuo, distribu\u00eddo no tempo e no territ\u00f3rio \u2014 e,\u2026","rel":"","context":"Em &quot;An\u00e1lise&amp;Opini\u00e3o&quot;","block_context":{"text":"An\u00e1lise&amp;Opini\u00e3o","link":"https:\/\/www.jornalja.com.br\/colunas\/category\/analiseopiniao\/"},"img":{"alt_text":"","src":"https:\/\/i0.wp.com\/www.jornalja.com.br\/colunas\/wp-content\/uploads\/sites\/5\/2026\/04\/image.png?resize=350%2C200&ssl=1","width":350,"height":200,"srcset":"https:\/\/i0.wp.com\/www.jornalja.com.br\/colunas\/wp-content\/uploads\/sites\/5\/2026\/04\/image.png?resize=350%2C200&ssl=1 1x, https:\/\/i0.wp.com\/www.jornalja.com.br\/colunas\/wp-content\/uploads\/sites\/5\/2026\/04\/image.png?resize=525%2C300&ssl=1 1.5x, https:\/\/i0.wp.com\/www.jornalja.com.br\/colunas\/wp-content\/uploads\/sites\/5\/2026\/04\/image.png?resize=700%2C400&ssl=1 2x, https:\/\/i0.wp.com\/www.jornalja.com.br\/colunas\/wp-content\/uploads\/sites\/5\/2026\/04\/image.png?resize=1050%2C600&ssl=1 3x, https:\/\/i0.wp.com\/www.jornalja.com.br\/colunas\/wp-content\/uploads\/sites\/5\/2026\/04\/image.png?resize=1400%2C800&ssl=1 4x"},"classes":[]},{"id":84590,"url":"https:\/\/www.jornalja.com.br\/colunas\/e-preciso-defender-o-jardim-botanico-de-porto-alegre\/","url_meta":{"origin":83489,"position":2},"title":"\u00c9 preciso defender o Jardim Bot\u00e2nico de Porto Alegre","author":"da Reda\u00e7\u00e3o","date":"8 de mar\u00e7o de 2026","format":false,"excerpt":"CLEBER DIONI TENTARDINI O Jardim Bot\u00e2nico de Porto Alegre (JBPA) tem 67 anos e \u00e9 considerado um dos cinco melhores e maiores do Brasil. Possui 28 cole\u00e7\u00f5es cient\u00edficas que somam mais de 4.200 plantas, incluindo esp\u00e9cies raras, amea\u00e7adas de extin\u00e7\u00e3o e end\u00eamicas, que s\u00e3o encontradas apenas no RS. No local\u2026","rel":"","context":"Em &quot;An\u00e1lise&amp;Opini\u00e3o&quot;","block_context":{"text":"An\u00e1lise&amp;Opini\u00e3o","link":"https:\/\/www.jornalja.com.br\/colunas\/category\/analiseopiniao\/"},"img":{"alt_text":"","src":"https:\/\/i0.wp.com\/www.jornalja.com.br\/colunas\/wp-content\/uploads\/sites\/5\/2026\/03\/jb-3.jpg?resize=350%2C200&ssl=1","width":350,"height":200,"srcset":"https:\/\/i0.wp.com\/www.jornalja.com.br\/colunas\/wp-content\/uploads\/sites\/5\/2026\/03\/jb-3.jpg?resize=350%2C200&ssl=1 1x, https:\/\/i0.wp.com\/www.jornalja.com.br\/colunas\/wp-content\/uploads\/sites\/5\/2026\/03\/jb-3.jpg?resize=525%2C300&ssl=1 1.5x, https:\/\/i0.wp.com\/www.jornalja.com.br\/colunas\/wp-content\/uploads\/sites\/5\/2026\/03\/jb-3.jpg?resize=700%2C400&ssl=1 2x"},"classes":[]},{"id":84632,"url":"https:\/\/www.jornalja.com.br\/colunas\/medicos-alertam-para-os-riscos-a-saude-de-nova-fabrica-de-celulose-da-cmpc\/","url_meta":{"origin":83489,"position":3},"title":"M\u00e9dicos alertam para os riscos \u00e0 sa\u00fade de nova f\u00e1brica de celulose da CMPC","author":"Cleber Dioni Tentardini","date":"14 de abril de 2026","format":false,"excerpt":"ROSELAINE MURLIK * Represento um grupo de profissionais da medicina que, h\u00e1 alguns anos, estuda os diferentes impactos das mudan\u00e7as clim\u00e1ticas e da polui\u00e7\u00e3o ambiental nos ecossistemas na sa\u00fade humana e do planeta. Causa preocupa\u00e7\u00e3o o novo megaempreendimento de celulose da empresa chilena CMPC em Barra do Ribeiro (RS), pr\u00f3ximo\u2026","rel":"","context":"Em &quot;An\u00e1lise&amp;Opini\u00e3o&quot;","block_context":{"text":"An\u00e1lise&amp;Opini\u00e3o","link":"https:\/\/www.jornalja.com.br\/colunas\/category\/analiseopiniao\/"},"img":{"alt_text":"","src":"https:\/\/i0.wp.com\/www.jornalja.com.br\/colunas\/wp-content\/uploads\/sites\/5\/2026\/04\/comite-contra-celulose.jpg?resize=350%2C200&ssl=1","width":350,"height":200},"classes":[]},{"id":84737,"url":"https:\/\/www.jornalja.com.br\/colunas\/dia-internacional-da-educacao-o-brasil-que-se-revela-na-sala-de-aula\/","url_meta":{"origin":83489,"position":4},"title":"Dia Internacional da Educa\u00e7\u00e3o: o Brasil que se revela na sala de aula","author":"An\u00e1lise &amp; Opini\u00e3o","date":"28 de abril de 2026","format":false,"excerpt":"CRISTIANO GOLDSCHMIDT A educa\u00e7\u00e3o n\u00e3o se deixa apreender como um simples conceito est\u00e1vel ou como um consenso j\u00e1 dado. Ela se apresenta, antes, como um campo de tens\u00f5es, no qual se entrecruzam disputas de sentido, sil\u00eancios hist\u00f3ricos e projetos de sociedade. Pensar a educa\u00e7\u00e3o, nesse horizonte, implica reconhecer que educar\u2026","rel":"","context":"Em &quot;An\u00e1lise&amp;Opini\u00e3o&quot;","block_context":{"text":"An\u00e1lise&amp;Opini\u00e3o","link":"https:\/\/www.jornalja.com.br\/colunas\/category\/analiseopiniao\/"},"img":{"alt_text":"","src":"https:\/\/i0.wp.com\/www.jornalja.com.br\/colunas\/wp-content\/uploads\/sites\/5\/2026\/04\/image-1.png?resize=350%2C200&ssl=1","width":350,"height":200,"srcset":"https:\/\/i0.wp.com\/www.jornalja.com.br\/colunas\/wp-content\/uploads\/sites\/5\/2026\/04\/image-1.png?resize=350%2C200&ssl=1 1x, https:\/\/i0.wp.com\/www.jornalja.com.br\/colunas\/wp-content\/uploads\/sites\/5\/2026\/04\/image-1.png?resize=525%2C300&ssl=1 1.5x, https:\/\/i0.wp.com\/www.jornalja.com.br\/colunas\/wp-content\/uploads\/sites\/5\/2026\/04\/image-1.png?resize=700%2C400&ssl=1 2x"},"classes":[]},{"id":84693,"url":"https:\/\/www.jornalja.com.br\/colunas\/fim-da-escala-6x1-cabe-ao-congresso-decidir-entre-o-progresso-e-o-atraso\/","url_meta":{"origin":83489,"position":5},"title":"Fim da escala 6&#215;1: cabe ao Congresso decidir entre o progresso e o atraso","author":"da Reda\u00e7\u00e3o","date":"20 de abril de 2026","format":false,"excerpt":"Plen\u00e1rio da C\u00e2mara dos Deputados durante sess\u00e3o solene do Congresso Nacional. Caber\u00e1 ao parlamento a decis\u00e3o final sobre a nova escala de trabalho. Foto: Leopoldo Silva\/Ag\u00eancia Senado CRISTIANO GOLDSCHMIDT A discuss\u00e3o sobre o fim da escala de trabalho 6x1 no Brasil tem ganhado centralidade no debate p\u00fablico contempor\u00e2neo por tocar\u2026","rel":"","context":"Em &quot;An\u00e1lise&amp;Opini\u00e3o&quot;","block_context":{"text":"An\u00e1lise&amp;Opini\u00e3o","link":"https:\/\/www.jornalja.com.br\/colunas\/category\/analiseopiniao\/"},"img":{"alt_text":"","src":"https:\/\/i0.wp.com\/www.jornalja.com.br\/colunas\/wp-content\/uploads\/sites\/5\/2026\/04\/plenario-do-congresso-nacional-posse-presidencial-2023-foto-de-leopoldo-silva-agencia-senado-scaled.jpg?resize=350%2C200&ssl=1","width":350,"height":200,"srcset":"https:\/\/i0.wp.com\/www.jornalja.com.br\/colunas\/wp-content\/uploads\/sites\/5\/2026\/04\/plenario-do-congresso-nacional-posse-presidencial-2023-foto-de-leopoldo-silva-agencia-senado-scaled.jpg?resize=350%2C200&ssl=1 1x, https:\/\/i0.wp.com\/www.jornalja.com.br\/colunas\/wp-content\/uploads\/sites\/5\/2026\/04\/plenario-do-congresso-nacional-posse-presidencial-2023-foto-de-leopoldo-silva-agencia-senado-scaled.jpg?resize=525%2C300&ssl=1 1.5x, https:\/\/i0.wp.com\/www.jornalja.com.br\/colunas\/wp-content\/uploads\/sites\/5\/2026\/04\/plenario-do-congresso-nacional-posse-presidencial-2023-foto-de-leopoldo-silva-agencia-senado-scaled.jpg?resize=700%2C400&ssl=1 2x, https:\/\/i0.wp.com\/www.jornalja.com.br\/colunas\/wp-content\/uploads\/sites\/5\/2026\/04\/plenario-do-congresso-nacional-posse-presidencial-2023-foto-de-leopoldo-silva-agencia-senado-scaled.jpg?resize=1050%2C600&ssl=1 3x, https:\/\/i0.wp.com\/www.jornalja.com.br\/colunas\/wp-content\/uploads\/sites\/5\/2026\/04\/plenario-do-congresso-nacional-posse-presidencial-2023-foto-de-leopoldo-silva-agencia-senado-scaled.jpg?resize=1400%2C800&ssl=1 4x"},"classes":[]}],"jetpack_shortlink":"https:\/\/wp.me\/pbKo0s-lIB","jetpack_sharing_enabled":true,"_links":{"self":[{"href":"https:\/\/www.jornalja.com.br\/colunas\/wp-json\/wp\/v2\/posts\/83489","targetHints":{"allow":["GET"]}}],"collection":[{"href":"https:\/\/www.jornalja.com.br\/colunas\/wp-json\/wp\/v2\/posts"}],"about":[{"href":"https:\/\/www.jornalja.com.br\/colunas\/wp-json\/wp\/v2\/types\/post"}],"author":[{"embeddable":true,"href":"https:\/\/www.jornalja.com.br\/colunas\/wp-json\/wp\/v2\/users\/11"}],"replies":[{"embeddable":true,"href":"https:\/\/www.jornalja.com.br\/colunas\/wp-json\/wp\/v2\/comments?post=83489"}],"version-history":[{"count":1,"href":"https:\/\/www.jornalja.com.br\/colunas\/wp-json\/wp\/v2\/posts\/83489\/revisions"}],"predecessor-version":[{"id":83490,"href":"https:\/\/www.jornalja.com.br\/colunas\/wp-json\/wp\/v2\/posts\/83489\/revisions\/83490"}],"wp:attachment":[{"href":"https:\/\/www.jornalja.com.br\/colunas\/wp-json\/wp\/v2\/media?parent=83489"}],"wp:term":[{"taxonomy":"category","embeddable":true,"href":"https:\/\/www.jornalja.com.br\/colunas\/wp-json\/wp\/v2\/categories?post=83489"},{"taxonomy":"post_tag","embeddable":true,"href":"https:\/\/www.jornalja.com.br\/colunas\/wp-json\/wp\/v2\/tags?post=83489"}],"curies":[{"name":"wp","href":"https:\/\/api.w.org\/{rel}","templated":true}]}}