{"id":83536,"date":"2022-05-25T11:24:08","date_gmt":"2022-05-25T14:24:08","guid":{"rendered":"https:\/\/www.jornalja.com.br\/colunas\/?p=83536"},"modified":"2022-05-25T11:24:08","modified_gmt":"2022-05-25T14:24:08","slug":"marcia-turcato-a-desinformacao-e-o-ataque-as-mulheres-jornalistas","status":"publish","type":"post","link":"https:\/\/www.jornalja.com.br\/colunas\/marcia-turcato-a-desinformacao-e-o-ataque-as-mulheres-jornalistas\/","title":{"rendered":"MARCIA TURCATO\/ A desinforma\u00e7\u00e3o e o ataque \u00e0s mulheres jornalistas"},"content":{"rendered":"<p><strong>Por M\u00e1rcia Turcato*<\/strong><\/p>\n<p>A m\u00e1xima \u201cinforma\u00e7\u00e3o \u00e9 poder\u201d foi atualizada para \u201cdesinforma\u00e7\u00e3o \u00e9 poder\u201d.\u00a0 A desinforma\u00e7\u00e3o \u00e9 uma estrat\u00e9gia global e concorre com a \u00e9tica na informa\u00e7\u00e3o. A desinforma\u00e7\u00e3o integra o arcabou\u00e7o das convic\u00e7\u00f5es ideol\u00f3gicas e para combat\u00ea-la um importante passo a ser dado \u00e9 deixar de cham\u00e1-la de fake news. Uma not\u00edcia, por defini\u00e7\u00e3o, n\u00e3o \u00e9 falsa, ela foi apurada com \u00e9tica por um\/uma jornalista profissional. Falsas s\u00e3o as narrativas publicadas em portais que, embora pare\u00e7am ser s\u00edtios de not\u00edcia, publicam conte\u00fado sem responsabilidade social com o objetivo de prejudicar a capacidade de avalia\u00e7\u00e3o da audi\u00eancia.<\/p>\n<p>Conhecidas como fake news, as vers\u00f5es distorcidas da informa\u00e7\u00e3o se apropriam de algum tra\u00e7o da realidade de forma a conferir credibilidade \u00e0s teses de grupos de ideologia indefens\u00e1vel.\u00a0 A desinforma\u00e7\u00e3o imita o jornalismo na forma, mas n\u00e3o nos procedimentos. S\u00e3o criados personagens e inventados fatos para construir mentiras estrat\u00e9gicas para que pare\u00e7am ver\u00eddicas e ganhem impulso nas redes sociais e, com isso, conquistar a simpatia de cidad\u00e3os de boa f\u00e9.<\/p>\n<p>Em alguns casos, o discurso n\u00e3o \u00e9 alterado, mas \u00e9 feita edi\u00e7\u00e3o das imagens, modificando a velocidade dos frames, ou o \u00e1udio da grava\u00e7\u00e3o, para que o protagonista aparente estar alterado e perca credibilidade junto a plateia. Essa \u00e9 outra face da manipula\u00e7\u00e3o tecnol\u00f3gica que precisamos enfrentar.<\/p>\n<p>Embora j\u00e1 exista um esbo\u00e7o de controle, as redes sociais ainda s\u00e3o um mundo de penumbra, onde nem sempre \u00e9 poss\u00edvel identificar autores e seus propagadores. \u00c9 um espa\u00e7o sem impress\u00e3o digital. N\u00e3o sabemos de fato quem est\u00e1 teclando e n\u00e3o h\u00e1 regras claras sobre o seu uso. No entanto, \u00e9 preciso reconhecer a import\u00e2ncia da comunica\u00e7\u00e3o digital na sociedade e a populariza\u00e7\u00e3o, a baixo custo, da produ\u00e7\u00e3o de conte\u00fado que ela proporciona.<\/p>\n<p>Nessa terra \u00e1rida que \u00e9 a web, as mulheres que exercem a profiss\u00e3o de jornalista s\u00e3o as maiores v\u00edtimas de ataques de toda a natureza. Em 2021, o relat\u00f3rio da Abraji- Associa\u00e7\u00e3o Brasileira de Jornalismo Investigativo, identificou 1.270 agress\u00f5es contra ve\u00edculos de imprensa, sendo que em 91,3% dos casos o ataque foi contra mulheres jornalistas que haviam assinado os artigos publicados.<\/p>\n<p>O relat\u00f3rio da Abraji aponta uma tend\u00eancia de misoginia, machismo e descalabro que cresceu a partir de 2018 com a chegada de Jair Bolsonaro \u00e0 presid\u00eancia da Rep\u00fablica. O ataque \u00e0s jornalistas, e \u00e0s mulheres de um modo geral, parece refletir uma tend\u00eancia de comportamento coletivo que imita o perfil do chefe do Executivo federal.<\/p>\n<p>Diante desses fatos, \u00e9 urgente a forma\u00e7\u00e3o de um grupo tem\u00e1tico que discuta o que \u00e9 informa\u00e7\u00e3o, identifique as estrat\u00e9gias de desinforma\u00e7\u00e3o em circula\u00e7\u00e3o no Brasil, suas conex\u00f5es no mundo da web, atue para encontrar caminhos que exponham essa rede global da desinforma\u00e7\u00e3o como uma ferramenta de manipula\u00e7\u00e3o ideol\u00f3gica e crie mecanismos de prote\u00e7\u00e3o para os profissionais da imprensa. Para isso \u00e9 fundamental discutir os temas relacionados a desinforma\u00e7\u00e3o, regula\u00e7\u00e3o do uso das redes sociais, informa\u00e7\u00e3o e poder, desinforma\u00e7\u00e3o e governabilidade, informa\u00e7\u00e3o e \u00e9tica e deepweb (web profunda, que n\u00e3o pode ser acessada por mecanismos de buscas).<\/p>\n<p>*<strong>Jornalista profissional formada na UFRGS, autora do livro \u201cReportagem: da ditadura \u00e0 pandemia\u201d.<\/strong><\/p>\n","protected":false},"excerpt":{"rendered":"<p>Por M\u00e1rcia Turcato* A m\u00e1xima \u201cinforma\u00e7\u00e3o \u00e9 poder\u201d foi atualizada para \u201cdesinforma\u00e7\u00e3o \u00e9 poder\u201d.\u00a0 A desinforma\u00e7\u00e3o \u00e9 uma estrat\u00e9gia global e concorre com a \u00e9tica na informa\u00e7\u00e3o. A desinforma\u00e7\u00e3o integra o arcabou\u00e7o das convic\u00e7\u00f5es ideol\u00f3gicas e para combat\u00ea-la um importante passo a ser dado \u00e9 deixar de cham\u00e1-la de fake news. Uma not\u00edcia, por defini\u00e7\u00e3o, [&hellip;]<\/p>\n","protected":false},"author":11,"featured_media":0,"comment_status":"open","ping_status":"open","sticky":false,"template":"","format":"standard","meta":{"jetpack_post_was_ever_published":false,"_jetpack_newsletter_access":"","_jetpack_dont_email_post_to_subs":false,"_jetpack_newsletter_tier_id":0,"_jetpack_memberships_contains_paywalled_content":false,"_jetpack_memberships_contains_paid_content":false,"footnotes":"","jetpack_publicize_message":"","jetpack_publicize_feature_enabled":true,"jetpack_social_post_already_shared":true,"jetpack_social_options":{"image_generator_settings":{"template":"highway","default_image_id":0,"font":"","enabled":false},"version":2}},"categories":[2],"tags":[],"class_list":["post-83536","post","type-post","status-publish","format-standard","hentry","category-analiseopiniao"],"aioseo_notices":[],"jetpack_publicize_connections":[],"jetpack_featured_media_url":"","jetpack-related-posts":[{"id":84557,"url":"https:\/\/www.jornalja.com.br\/colunas\/entrevista-com-leonel-brizola-como-nascem-as-falsificacoes-historicas\/","url_meta":{"origin":83536,"position":0},"title":"Entrevista com Leonel Brizola: Como nascem as falsifica\u00e7\u00f5es hist\u00f3ricas","author":"An\u00e1lise &amp; Opini\u00e3o","date":"2 de mar\u00e7o de 2026","format":false,"excerpt":"SILVANA MOURA Mais do que direito \u00e0 Hist\u00f3ria, temos o direito \u00e0 verdade da Hist\u00f3ria, para evitar um passado falsificado, supostamente \u201climpo\u201d, eivado de manipula\u00e7\u00e3o e pretensa uniformidade. Em 1996 realizei, em Carazinho, uma Entrevista de Hist\u00f3ria Oral (sou Historiadora e trabalho com Hist\u00f3ria Oral h\u00e1 40 anos) com Leonel\u2026","rel":"","context":"Em &quot;An\u00e1lise&amp;Opini\u00e3o&quot;","block_context":{"text":"An\u00e1lise&amp;Opini\u00e3o","link":"https:\/\/www.jornalja.com.br\/colunas\/category\/analiseopiniao\/"},"img":{"alt_text":"","src":"","width":0,"height":0},"classes":[]},{"id":84681,"url":"https:\/\/www.jornalja.com.br\/colunas\/recordar-zuzu-angel-50-anos-apos-sua-morte-e-um-ato-etico\/","url_meta":{"origin":83536,"position":1},"title":"Recordar Zuzu Angel 50 anos ap\u00f3s sua morte \u00e9 um ato \u00e9tico","author":"da Reda\u00e7\u00e3o","date":"16 de abril de 2026","format":false,"excerpt":"CRISTIANO GOLDSCHMIDT Cinco d\u00e9cadas transcorreram desde o silenciamento brutal de Zuzu Angel (05 de junho de 1921 - 14 de abril de 1976), e ainda assim sua voz persiste \u2014 n\u00e3o como eco esmaecido, mas como um timbre agudo que rasga o tecido do tempo e se inscreve na mem\u00f3ria\u2026","rel":"","context":"Em &quot;An\u00e1lise&amp;Opini\u00e3o&quot;","block_context":{"text":"An\u00e1lise&amp;Opini\u00e3o","link":"https:\/\/www.jornalja.com.br\/colunas\/category\/analiseopiniao\/"},"img":{"alt_text":"","src":"https:\/\/i0.wp.com\/www.jornalja.com.br\/colunas\/wp-content\/uploads\/sites\/5\/2026\/04\/zuzu-angel-1972-fotografo-desconhecido-colecao-arquivo-nacional.jpg?resize=350%2C200&ssl=1","width":350,"height":200,"srcset":"https:\/\/i0.wp.com\/www.jornalja.com.br\/colunas\/wp-content\/uploads\/sites\/5\/2026\/04\/zuzu-angel-1972-fotografo-desconhecido-colecao-arquivo-nacional.jpg?resize=350%2C200&ssl=1 1x, https:\/\/i0.wp.com\/www.jornalja.com.br\/colunas\/wp-content\/uploads\/sites\/5\/2026\/04\/zuzu-angel-1972-fotografo-desconhecido-colecao-arquivo-nacional.jpg?resize=525%2C300&ssl=1 1.5x, https:\/\/i0.wp.com\/www.jornalja.com.br\/colunas\/wp-content\/uploads\/sites\/5\/2026\/04\/zuzu-angel-1972-fotografo-desconhecido-colecao-arquivo-nacional.jpg?resize=700%2C400&ssl=1 2x, https:\/\/i0.wp.com\/www.jornalja.com.br\/colunas\/wp-content\/uploads\/sites\/5\/2026\/04\/zuzu-angel-1972-fotografo-desconhecido-colecao-arquivo-nacional.jpg?resize=1050%2C600&ssl=1 3x"},"classes":[]},{"id":84693,"url":"https:\/\/www.jornalja.com.br\/colunas\/fim-da-escala-6x1-cabe-ao-congresso-decidir-entre-o-progresso-e-o-atraso\/","url_meta":{"origin":83536,"position":2},"title":"Fim da escala 6&#215;1: cabe ao Congresso decidir entre o progresso e o atraso","author":"da Reda\u00e7\u00e3o","date":"20 de abril de 2026","format":false,"excerpt":"Plen\u00e1rio da C\u00e2mara dos Deputados durante sess\u00e3o solene do Congresso Nacional. Caber\u00e1 ao parlamento a decis\u00e3o final sobre a nova escala de trabalho. Foto: Leopoldo Silva\/Ag\u00eancia Senado CRISTIANO GOLDSCHMIDT A discuss\u00e3o sobre o fim da escala de trabalho 6x1 no Brasil tem ganhado centralidade no debate p\u00fablico contempor\u00e2neo por tocar\u2026","rel":"","context":"Em &quot;An\u00e1lise&amp;Opini\u00e3o&quot;","block_context":{"text":"An\u00e1lise&amp;Opini\u00e3o","link":"https:\/\/www.jornalja.com.br\/colunas\/category\/analiseopiniao\/"},"img":{"alt_text":"","src":"https:\/\/i0.wp.com\/www.jornalja.com.br\/colunas\/wp-content\/uploads\/sites\/5\/2026\/04\/plenario-do-congresso-nacional-posse-presidencial-2023-foto-de-leopoldo-silva-agencia-senado-scaled.jpg?resize=350%2C200&ssl=1","width":350,"height":200,"srcset":"https:\/\/i0.wp.com\/www.jornalja.com.br\/colunas\/wp-content\/uploads\/sites\/5\/2026\/04\/plenario-do-congresso-nacional-posse-presidencial-2023-foto-de-leopoldo-silva-agencia-senado-scaled.jpg?resize=350%2C200&ssl=1 1x, https:\/\/i0.wp.com\/www.jornalja.com.br\/colunas\/wp-content\/uploads\/sites\/5\/2026\/04\/plenario-do-congresso-nacional-posse-presidencial-2023-foto-de-leopoldo-silva-agencia-senado-scaled.jpg?resize=525%2C300&ssl=1 1.5x, https:\/\/i0.wp.com\/www.jornalja.com.br\/colunas\/wp-content\/uploads\/sites\/5\/2026\/04\/plenario-do-congresso-nacional-posse-presidencial-2023-foto-de-leopoldo-silva-agencia-senado-scaled.jpg?resize=700%2C400&ssl=1 2x, https:\/\/i0.wp.com\/www.jornalja.com.br\/colunas\/wp-content\/uploads\/sites\/5\/2026\/04\/plenario-do-congresso-nacional-posse-presidencial-2023-foto-de-leopoldo-silva-agencia-senado-scaled.jpg?resize=1050%2C600&ssl=1 3x, https:\/\/i0.wp.com\/www.jornalja.com.br\/colunas\/wp-content\/uploads\/sites\/5\/2026\/04\/plenario-do-congresso-nacional-posse-presidencial-2023-foto-de-leopoldo-silva-agencia-senado-scaled.jpg?resize=1400%2C800&ssl=1 4x"},"classes":[]},{"id":84564,"url":"https:\/\/www.jornalja.com.br\/colunas\/a-nova-celulose-a-beira-do-guaiba-e-o-risco-de-repetir-a-borregaard\/","url_meta":{"origin":83536,"position":3},"title":"A nova celulose \u00e0 beira do Gua\u00edba e o risco de repetir a Borregaard","author":"An\u00e1lise &amp; Opini\u00e3o","date":"6 de mar\u00e7o de 2026","format":false,"excerpt":"ELMAR BONES No dia 16 de mar\u00e7o de 1972 foi inaugurada a Ind\u00fastria de Celulose Borregaard, em Gua\u00edba, com a presen\u00e7a das mais altas autoridades e manchetes ufanistas em todos os jornais. Inaugura\u00e7\u00e3o da f\u00e1brica em Gua\u00edba, no ano de 1972. Foto Reprodu\u00e7\u00e3o Arquivo\/CeluloseRioGrandense Seria uma das maiores f\u00e1bricas em\u2026","rel":"","context":"Em &quot;An\u00e1lise&amp;Opini\u00e3o&quot;","block_context":{"text":"An\u00e1lise&amp;Opini\u00e3o","link":"https:\/\/www.jornalja.com.br\/colunas\/category\/analiseopiniao\/"},"img":{"alt_text":"","src":"https:\/\/i0.wp.com\/www.jornalja.com.br\/colunas\/wp-content\/uploads\/sites\/5\/2026\/03\/20260306-112140-scaled.jpg?resize=350%2C200&ssl=1","width":350,"height":200,"srcset":"https:\/\/i0.wp.com\/www.jornalja.com.br\/colunas\/wp-content\/uploads\/sites\/5\/2026\/03\/20260306-112140-scaled.jpg?resize=350%2C200&ssl=1 1x, https:\/\/i0.wp.com\/www.jornalja.com.br\/colunas\/wp-content\/uploads\/sites\/5\/2026\/03\/20260306-112140-scaled.jpg?resize=525%2C300&ssl=1 1.5x, https:\/\/i0.wp.com\/www.jornalja.com.br\/colunas\/wp-content\/uploads\/sites\/5\/2026\/03\/20260306-112140-scaled.jpg?resize=700%2C400&ssl=1 2x, https:\/\/i0.wp.com\/www.jornalja.com.br\/colunas\/wp-content\/uploads\/sites\/5\/2026\/03\/20260306-112140-scaled.jpg?resize=1050%2C600&ssl=1 3x, https:\/\/i0.wp.com\/www.jornalja.com.br\/colunas\/wp-content\/uploads\/sites\/5\/2026\/03\/20260306-112140-scaled.jpg?resize=1400%2C800&ssl=1 4x"},"classes":[]},{"id":84673,"url":"https:\/\/www.jornalja.com.br\/colunas\/40-anos-sem-simone-de-beauvoir-uma-interlocutora-ainda-incomoda-do-presente\/","url_meta":{"origin":83536,"position":4},"title":"40 anos sem Simone de Beauvoir, uma interlocutora ainda inc\u00f4moda do presente","author":"da Reda\u00e7\u00e3o","date":"14 de abril de 2026","format":false,"excerpt":"CRISTIANO GOLDSCHMIDT Quarenta anos ap\u00f3s a morte de Simone de Beauvoir (9 de janeiro de 1908 - 14 de abril de 1986), descubro que sua aus\u00eancia n\u00e3o \u00e9 propriamente um vazio \u2014 \u00e9 antes um rumor cont\u00ednuo, uma esp\u00e9cie de presen\u00e7a indireta que se infiltra nas conversas, nos livros, nas\u2026","rel":"","context":"Em &quot;An\u00e1lise&amp;Opini\u00e3o&quot;","block_context":{"text":"An\u00e1lise&amp;Opini\u00e3o","link":"https:\/\/www.jornalja.com.br\/colunas\/category\/analiseopiniao\/"},"img":{"alt_text":"","src":"https:\/\/i0.wp.com\/www.jornalja.com.br\/colunas\/wp-content\/uploads\/sites\/5\/2026\/04\/simone-de-beauvoir-memorias-de-uma-menina-bemcomportada.jpeg?resize=350%2C200&ssl=1","width":350,"height":200},"classes":[]},{"id":84622,"url":"https:\/\/www.jornalja.com.br\/colunas\/13-de-abril-queriam-transformar-o-hino-nacional-em-grito-de-guerra-mas-ele-insiste-em-ser-canto-de-paz\/","url_meta":{"origin":83536,"position":5},"title":"13 de abril: Queriam transformar o Hino Nacional em grito de guerra, mas ele insiste em ser canto de paz","author":"da Reda\u00e7\u00e3o","date":"13 de abril de 2026","format":false,"excerpt":"CRISTIANO GOLDSCHMIDT No calend\u00e1rio das datas c\u00edvicas, o 13 de abril passa quase em sil\u00eancio, como um acorde sustentado que poucos escutam at\u00e9 o fim. N\u00e3o h\u00e1 fogos, n\u00e3o h\u00e1 desfiles grandiosos, n\u00e3o h\u00e1 a coreografia ensaiada das celebra\u00e7\u00f5es que se imp\u00f5em ao olhar. H\u00e1, antes, uma esp\u00e9cie de pausa\u2026","rel":"","context":"Em &quot;An\u00e1lise&amp;Opini\u00e3o&quot;","block_context":{"text":"An\u00e1lise&amp;Opini\u00e3o","link":"https:\/\/www.jornalja.com.br\/colunas\/category\/analiseopiniao\/"},"img":{"alt_text":"","src":"https:\/\/i0.wp.com\/www.jornalja.com.br\/colunas\/wp-content\/uploads\/sites\/5\/2026\/04\/imagem-do-poeta-brasileiro-joaquim-osorio-duque-estrada-autor-da-letra-do-hino-nacional-escaneada-do-livro-flora-de-maio-edicao-de-1902.jpg?resize=350%2C200&ssl=1","width":350,"height":200,"srcset":"https:\/\/i0.wp.com\/www.jornalja.com.br\/colunas\/wp-content\/uploads\/sites\/5\/2026\/04\/imagem-do-poeta-brasileiro-joaquim-osorio-duque-estrada-autor-da-letra-do-hino-nacional-escaneada-do-livro-flora-de-maio-edicao-de-1902.jpg?resize=350%2C200&ssl=1 1x, https:\/\/i0.wp.com\/www.jornalja.com.br\/colunas\/wp-content\/uploads\/sites\/5\/2026\/04\/imagem-do-poeta-brasileiro-joaquim-osorio-duque-estrada-autor-da-letra-do-hino-nacional-escaneada-do-livro-flora-de-maio-edicao-de-1902.jpg?resize=525%2C300&ssl=1 1.5x"},"classes":[]}],"jetpack_shortlink":"https:\/\/wp.me\/pbKo0s-lJm","jetpack_sharing_enabled":true,"_links":{"self":[{"href":"https:\/\/www.jornalja.com.br\/colunas\/wp-json\/wp\/v2\/posts\/83536","targetHints":{"allow":["GET"]}}],"collection":[{"href":"https:\/\/www.jornalja.com.br\/colunas\/wp-json\/wp\/v2\/posts"}],"about":[{"href":"https:\/\/www.jornalja.com.br\/colunas\/wp-json\/wp\/v2\/types\/post"}],"author":[{"embeddable":true,"href":"https:\/\/www.jornalja.com.br\/colunas\/wp-json\/wp\/v2\/users\/11"}],"replies":[{"embeddable":true,"href":"https:\/\/www.jornalja.com.br\/colunas\/wp-json\/wp\/v2\/comments?post=83536"}],"version-history":[{"count":1,"href":"https:\/\/www.jornalja.com.br\/colunas\/wp-json\/wp\/v2\/posts\/83536\/revisions"}],"predecessor-version":[{"id":83537,"href":"https:\/\/www.jornalja.com.br\/colunas\/wp-json\/wp\/v2\/posts\/83536\/revisions\/83537"}],"wp:attachment":[{"href":"https:\/\/www.jornalja.com.br\/colunas\/wp-json\/wp\/v2\/media?parent=83536"}],"wp:term":[{"taxonomy":"category","embeddable":true,"href":"https:\/\/www.jornalja.com.br\/colunas\/wp-json\/wp\/v2\/categories?post=83536"},{"taxonomy":"post_tag","embeddable":true,"href":"https:\/\/www.jornalja.com.br\/colunas\/wp-json\/wp\/v2\/tags?post=83536"}],"curies":[{"name":"wp","href":"https:\/\/api.w.org\/{rel}","templated":true}]}}