{"id":83677,"date":"2022-10-29T23:10:22","date_gmt":"2022-10-30T02:10:22","guid":{"rendered":"https:\/\/www.jornalja.com.br\/colunas\/?p=83677"},"modified":"2022-10-30T00:43:07","modified_gmt":"2022-10-30T03:43:07","slug":"elmar-bones-o-voto-em-lula","status":"publish","type":"post","link":"https:\/\/www.jornalja.com.br\/colunas\/elmar-bones-o-voto-em-lula\/","title":{"rendered":"ELMAR BONES\/ O voto em Lula"},"content":{"rendered":"<p>O voto em Lula neste 30 de outubro se imp\u00f5e n\u00e3o apenas para remover Jair Bolsonaro.<\/p>\n<p>Tirar Bolsonaro \u00e9 condi\u00e7\u00e3o <em>sine qua non<\/em>, como ter que arredar um tronco ca\u00eddo na estrada em que se quer passar. Mas n\u00e3o \u00e9 tudo.<\/p>\n<p>O voto em Lula se imp\u00f5e tamb\u00e9m pela necessidade de mudar essa pol\u00edtica econ\u00f4mica, que entrega ao mercado a solu\u00e7\u00e3o das quest\u00f5es sociais, do desenvolvimento da ci\u00eancia e da preserva\u00e7\u00e3o ambiental.<\/p>\n<p>Esse projeto come\u00e7ou com o golpe de 2016, no qual Bolsonaro pegou carona.<\/p>\n<p>Bolsonaro n\u00e3o representa esse projeto. Caiu de paraquedas nele, gra\u00e7as \u00e0quela facada. Se segura na carona do Guedes, o fiador. Agora se tornou inc\u00f5modo por seu primarismo, por seu isolamento que prejudica os neg\u00f3cios.<\/p>\n<p>\u00c9 preciso ter clareza disso porque o governo Lula s\u00f3 vai adquirir sentido quando mexer nas pedras de toque desse capitalismo selvo\/financeiro em andamento.<\/p>\n<p>S\u00f3 uma cidadania consciente vai sustentar o governo neste momento,\u00a0 quando todos os mecanismos do projeto neoliberal v\u00e3o se mover para atac\u00e1-lo.<\/p>\n<p>Os manifestos divulgados nos \u00faltimos dias pela Federa\u00e7\u00e3o das Ind\u00fastrias do Rio Grande do Sul, seguida de outras em outros Estados, s\u00e3o expl\u00edcitos num ponto:\u00a0 a import\u00e2ncia da continuidade da pol\u00edtica econ\u00f4mica que, segundo eles, vem tirando o Brasil da crise provocada pelo coronav\u00edrus.<\/p>\n<p>O sonho desses grupos \u00e9 se livrar de Bolsonaro e manter o projeto. Ent\u00e3o, \u00e9 preciso ter clareza que o voto em Lula n\u00e3o \u00e9 s\u00f3 um voto contra Bolsonaro. \u00c9 tamb\u00e9m um voto contra um projeto de Brasil-col\u00f4nia, uma economia predat\u00f3ria, em benef\u00edcio de poucos e preju\u00edzo de muitos.<\/p>\n<p>&nbsp;<\/p>\n","protected":false},"excerpt":{"rendered":"<p>O voto em Lula neste 30 de outubro se imp\u00f5e n\u00e3o apenas para remover Jair Bolsonaro. Tirar Bolsonaro \u00e9 condi\u00e7\u00e3o sine qua non, como ter que arredar um tronco ca\u00eddo na estrada em que se quer passar. Mas n\u00e3o \u00e9 tudo. O voto em Lula se imp\u00f5e tamb\u00e9m pela necessidade de mudar essa pol\u00edtica econ\u00f4mica, [&hellip;]<\/p>\n","protected":false},"author":5,"featured_media":0,"comment_status":"open","ping_status":"open","sticky":false,"template":"","format":"standard","meta":{"jetpack_post_was_ever_published":false,"_jetpack_newsletter_access":"","_jetpack_dont_email_post_to_subs":false,"_jetpack_newsletter_tier_id":0,"_jetpack_memberships_contains_paywalled_content":false,"_jetpack_memberships_contains_paid_content":false,"footnotes":"","jetpack_publicize_message":"","jetpack_publicize_feature_enabled":true,"jetpack_social_post_already_shared":false,"jetpack_social_options":{"image_generator_settings":{"template":"highway","default_image_id":0,"font":"","enabled":false},"version":2}},"categories":[2],"tags":[],"class_list":["post-83677","post","type-post","status-publish","format-standard","hentry","category-analiseopiniao"],"aioseo_notices":[],"jetpack_publicize_connections":[],"jetpack_featured_media_url":"","jetpack-related-posts":[{"id":84617,"url":"https:\/\/www.jornalja.com.br\/colunas\/o-candidato-de-si-mesmo\/","url_meta":{"origin":83677,"position":0},"title":"O candidato de si mesmo","author":"da Reda\u00e7\u00e3o","date":"10 de abril de 2026","format":false,"excerpt":"Sem emplacar nacionalmente, Leite pode ficar quatro anos sem mandato. Foto Jo\u00e3o Pedro Rodrigues\/SecomRS ELMAR BONES Ningu\u00e9m \u00e9 candidato de si mesmo. Essa \u00e9 a regra n\u00e3o escrita da pol\u00edtica partid\u00e1ria, que as velhas raposas n\u00e3o cansam de repetir aos novatos. Eduardo Leite parece n\u00e3o t\u00ea-la aprendido. Ele n\u00e3o tem\u2026","rel":"","context":"Em &quot;An\u00e1lise&amp;Opini\u00e3o&quot;","block_context":{"text":"An\u00e1lise&amp;Opini\u00e3o","link":"https:\/\/www.jornalja.com.br\/colunas\/category\/analiseopiniao\/"},"img":{"alt_text":"","src":"https:\/\/i0.wp.com\/www.jornalja.com.br\/colunas\/wp-content\/uploads\/sites\/5\/2026\/04\/infraestrutura-escolar.jpeg?resize=350%2C200&ssl=1","width":350,"height":200,"srcset":"https:\/\/i0.wp.com\/www.jornalja.com.br\/colunas\/wp-content\/uploads\/sites\/5\/2026\/04\/infraestrutura-escolar.jpeg?resize=350%2C200&ssl=1 1x, https:\/\/i0.wp.com\/www.jornalja.com.br\/colunas\/wp-content\/uploads\/sites\/5\/2026\/04\/infraestrutura-escolar.jpeg?resize=525%2C300&ssl=1 1.5x, https:\/\/i0.wp.com\/www.jornalja.com.br\/colunas\/wp-content\/uploads\/sites\/5\/2026\/04\/infraestrutura-escolar.jpeg?resize=700%2C400&ssl=1 2x"},"classes":[]},{"id":84590,"url":"https:\/\/www.jornalja.com.br\/colunas\/e-preciso-defender-o-jardim-botanico-de-porto-alegre\/","url_meta":{"origin":83677,"position":1},"title":"\u00c9 preciso defender o Jardim Bot\u00e2nico de Porto Alegre","author":"da Reda\u00e7\u00e3o","date":"8 de mar\u00e7o de 2026","format":false,"excerpt":"CLEBER DIONI TENTARDINI O Jardim Bot\u00e2nico de Porto Alegre (JBPA) tem 67 anos e \u00e9 considerado um dos cinco melhores e maiores do Brasil. Possui 28 cole\u00e7\u00f5es cient\u00edficas que somam mais de 4.200 plantas, incluindo esp\u00e9cies raras, amea\u00e7adas de extin\u00e7\u00e3o e end\u00eamicas, que s\u00e3o encontradas apenas no RS. No local\u2026","rel":"","context":"Em &quot;An\u00e1lise&amp;Opini\u00e3o&quot;","block_context":{"text":"An\u00e1lise&amp;Opini\u00e3o","link":"https:\/\/www.jornalja.com.br\/colunas\/category\/analiseopiniao\/"},"img":{"alt_text":"","src":"https:\/\/i0.wp.com\/www.jornalja.com.br\/colunas\/wp-content\/uploads\/sites\/5\/2026\/03\/jb-3.jpg?resize=350%2C200&ssl=1","width":350,"height":200,"srcset":"https:\/\/i0.wp.com\/www.jornalja.com.br\/colunas\/wp-content\/uploads\/sites\/5\/2026\/03\/jb-3.jpg?resize=350%2C200&ssl=1 1x, https:\/\/i0.wp.com\/www.jornalja.com.br\/colunas\/wp-content\/uploads\/sites\/5\/2026\/03\/jb-3.jpg?resize=525%2C300&ssl=1 1.5x, https:\/\/i0.wp.com\/www.jornalja.com.br\/colunas\/wp-content\/uploads\/sites\/5\/2026\/03\/jb-3.jpg?resize=700%2C400&ssl=1 2x"},"classes":[]},{"id":84622,"url":"https:\/\/www.jornalja.com.br\/colunas\/13-de-abril-queriam-transformar-o-hino-nacional-em-grito-de-guerra-mas-ele-insiste-em-ser-canto-de-paz\/","url_meta":{"origin":83677,"position":2},"title":"13 de abril: Queriam transformar o Hino Nacional em grito de guerra, mas ele insiste em ser canto de paz","author":"da Reda\u00e7\u00e3o","date":"13 de abril de 2026","format":false,"excerpt":"CRISTIANO GOLDSCHMIDT No calend\u00e1rio das datas c\u00edvicas, o 13 de abril passa quase em sil\u00eancio, como um acorde sustentado que poucos escutam at\u00e9 o fim. N\u00e3o h\u00e1 fogos, n\u00e3o h\u00e1 desfiles grandiosos, n\u00e3o h\u00e1 a coreografia ensaiada das celebra\u00e7\u00f5es que se imp\u00f5em ao olhar. H\u00e1, antes, uma esp\u00e9cie de pausa\u2026","rel":"","context":"Em &quot;An\u00e1lise&amp;Opini\u00e3o&quot;","block_context":{"text":"An\u00e1lise&amp;Opini\u00e3o","link":"https:\/\/www.jornalja.com.br\/colunas\/category\/analiseopiniao\/"},"img":{"alt_text":"","src":"https:\/\/i0.wp.com\/www.jornalja.com.br\/colunas\/wp-content\/uploads\/sites\/5\/2026\/04\/imagem-do-poeta-brasileiro-joaquim-osorio-duque-estrada-autor-da-letra-do-hino-nacional-escaneada-do-livro-flora-de-maio-edicao-de-1902.jpg?resize=350%2C200&ssl=1","width":350,"height":200,"srcset":"https:\/\/i0.wp.com\/www.jornalja.com.br\/colunas\/wp-content\/uploads\/sites\/5\/2026\/04\/imagem-do-poeta-brasileiro-joaquim-osorio-duque-estrada-autor-da-letra-do-hino-nacional-escaneada-do-livro-flora-de-maio-edicao-de-1902.jpg?resize=350%2C200&ssl=1 1x, https:\/\/i0.wp.com\/www.jornalja.com.br\/colunas\/wp-content\/uploads\/sites\/5\/2026\/04\/imagem-do-poeta-brasileiro-joaquim-osorio-duque-estrada-autor-da-letra-do-hino-nacional-escaneada-do-livro-flora-de-maio-edicao-de-1902.jpg?resize=525%2C300&ssl=1 1.5x"},"classes":[]},{"id":84703,"url":"https:\/\/www.jornalja.com.br\/colunas\/tiradentes-o-martir-que-ainda-nos-observa-e-as-inquietacoes-de-um-brasil-inacabado\/","url_meta":{"origin":83677,"position":3},"title":"Tiradentes: o M\u00e1rtir que ainda nos observa e as inquieta\u00e7\u00f5es de um Brasil inacabado","author":"da Reda\u00e7\u00e3o","date":"21 de abril de 2026","format":false,"excerpt":"CRISTIANO GOLDSCHMIDT H\u00e1 datas que n\u00e3o se imp\u00f5em pelo alarde, mas pela persist\u00eancia silenciosa com que atravessam os s\u00e9culos e se insinuam na consci\u00eancia coletiva. O 21 de abril pertence a essa estirpe discreta. N\u00e3o chega ornado de euforia, tampouco se anuncia com a grandiloqu\u00eancia de outras celebra\u00e7\u00f5es; antes, aproxima-se\u2026","rel":"","context":"Em &quot;An\u00e1lise&amp;Opini\u00e3o&quot;","block_context":{"text":"An\u00e1lise&amp;Opini\u00e3o","link":"https:\/\/www.jornalja.com.br\/colunas\/category\/analiseopiniao\/"},"img":{"alt_text":"","src":"https:\/\/i0.wp.com\/www.jornalja.com.br\/colunas\/wp-content\/uploads\/sites\/5\/2026\/04\/tiradentes-esquartejado-1893-do-artista-pedro-americo.jpg?resize=350%2C200&ssl=1","width":350,"height":200,"srcset":"https:\/\/i0.wp.com\/www.jornalja.com.br\/colunas\/wp-content\/uploads\/sites\/5\/2026\/04\/tiradentes-esquartejado-1893-do-artista-pedro-americo.jpg?resize=350%2C200&ssl=1 1x, https:\/\/i0.wp.com\/www.jornalja.com.br\/colunas\/wp-content\/uploads\/sites\/5\/2026\/04\/tiradentes-esquartejado-1893-do-artista-pedro-americo.jpg?resize=525%2C300&ssl=1 1.5x, https:\/\/i0.wp.com\/www.jornalja.com.br\/colunas\/wp-content\/uploads\/sites\/5\/2026\/04\/tiradentes-esquartejado-1893-do-artista-pedro-americo.jpg?resize=700%2C400&ssl=1 2x, https:\/\/i0.wp.com\/www.jornalja.com.br\/colunas\/wp-content\/uploads\/sites\/5\/2026\/04\/tiradentes-esquartejado-1893-do-artista-pedro-americo.jpg?resize=1050%2C600&ssl=1 3x"},"classes":[]},{"id":84673,"url":"https:\/\/www.jornalja.com.br\/colunas\/40-anos-sem-simone-de-beauvoir-uma-interlocutora-ainda-incomoda-do-presente\/","url_meta":{"origin":83677,"position":4},"title":"40 anos sem Simone de Beauvoir, uma interlocutora ainda inc\u00f4moda do presente","author":"da Reda\u00e7\u00e3o","date":"14 de abril de 2026","format":false,"excerpt":"CRISTIANO GOLDSCHMIDT Quarenta anos ap\u00f3s a morte de Simone de Beauvoir (9 de janeiro de 1908 - 14 de abril de 1986), descubro que sua aus\u00eancia n\u00e3o \u00e9 propriamente um vazio \u2014 \u00e9 antes um rumor cont\u00ednuo, uma esp\u00e9cie de presen\u00e7a indireta que se infiltra nas conversas, nos livros, nas\u2026","rel":"","context":"Em &quot;An\u00e1lise&amp;Opini\u00e3o&quot;","block_context":{"text":"An\u00e1lise&amp;Opini\u00e3o","link":"https:\/\/www.jornalja.com.br\/colunas\/category\/analiseopiniao\/"},"img":{"alt_text":"","src":"https:\/\/i0.wp.com\/www.jornalja.com.br\/colunas\/wp-content\/uploads\/sites\/5\/2026\/04\/simone-de-beauvoir-memorias-de-uma-menina-bemcomportada.jpeg?resize=350%2C200&ssl=1","width":350,"height":200},"classes":[]},{"id":84693,"url":"https:\/\/www.jornalja.com.br\/colunas\/fim-da-escala-6x1-cabe-ao-congresso-decidir-entre-o-progresso-e-o-atraso\/","url_meta":{"origin":83677,"position":5},"title":"Fim da escala 6&#215;1: cabe ao Congresso decidir entre o progresso e o atraso","author":"da Reda\u00e7\u00e3o","date":"20 de abril de 2026","format":false,"excerpt":"Plen\u00e1rio da C\u00e2mara dos Deputados durante sess\u00e3o solene do Congresso Nacional. Caber\u00e1 ao parlamento a decis\u00e3o final sobre a nova escala de trabalho. Foto: Leopoldo Silva\/Ag\u00eancia Senado CRISTIANO GOLDSCHMIDT A discuss\u00e3o sobre o fim da escala de trabalho 6x1 no Brasil tem ganhado centralidade no debate p\u00fablico contempor\u00e2neo por tocar\u2026","rel":"","context":"Em &quot;An\u00e1lise&amp;Opini\u00e3o&quot;","block_context":{"text":"An\u00e1lise&amp;Opini\u00e3o","link":"https:\/\/www.jornalja.com.br\/colunas\/category\/analiseopiniao\/"},"img":{"alt_text":"","src":"https:\/\/i0.wp.com\/www.jornalja.com.br\/colunas\/wp-content\/uploads\/sites\/5\/2026\/04\/plenario-do-congresso-nacional-posse-presidencial-2023-foto-de-leopoldo-silva-agencia-senado-scaled.jpg?resize=350%2C200&ssl=1","width":350,"height":200,"srcset":"https:\/\/i0.wp.com\/www.jornalja.com.br\/colunas\/wp-content\/uploads\/sites\/5\/2026\/04\/plenario-do-congresso-nacional-posse-presidencial-2023-foto-de-leopoldo-silva-agencia-senado-scaled.jpg?resize=350%2C200&ssl=1 1x, https:\/\/i0.wp.com\/www.jornalja.com.br\/colunas\/wp-content\/uploads\/sites\/5\/2026\/04\/plenario-do-congresso-nacional-posse-presidencial-2023-foto-de-leopoldo-silva-agencia-senado-scaled.jpg?resize=525%2C300&ssl=1 1.5x, https:\/\/i0.wp.com\/www.jornalja.com.br\/colunas\/wp-content\/uploads\/sites\/5\/2026\/04\/plenario-do-congresso-nacional-posse-presidencial-2023-foto-de-leopoldo-silva-agencia-senado-scaled.jpg?resize=700%2C400&ssl=1 2x, https:\/\/i0.wp.com\/www.jornalja.com.br\/colunas\/wp-content\/uploads\/sites\/5\/2026\/04\/plenario-do-congresso-nacional-posse-presidencial-2023-foto-de-leopoldo-silva-agencia-senado-scaled.jpg?resize=1050%2C600&ssl=1 3x, https:\/\/i0.wp.com\/www.jornalja.com.br\/colunas\/wp-content\/uploads\/sites\/5\/2026\/04\/plenario-do-congresso-nacional-posse-presidencial-2023-foto-de-leopoldo-silva-agencia-senado-scaled.jpg?resize=1400%2C800&ssl=1 4x"},"classes":[]}],"jetpack_shortlink":"https:\/\/wp.me\/pbKo0s-lLD","jetpack_sharing_enabled":true,"_links":{"self":[{"href":"https:\/\/www.jornalja.com.br\/colunas\/wp-json\/wp\/v2\/posts\/83677","targetHints":{"allow":["GET"]}}],"collection":[{"href":"https:\/\/www.jornalja.com.br\/colunas\/wp-json\/wp\/v2\/posts"}],"about":[{"href":"https:\/\/www.jornalja.com.br\/colunas\/wp-json\/wp\/v2\/types\/post"}],"author":[{"embeddable":true,"href":"https:\/\/www.jornalja.com.br\/colunas\/wp-json\/wp\/v2\/users\/5"}],"replies":[{"embeddable":true,"href":"https:\/\/www.jornalja.com.br\/colunas\/wp-json\/wp\/v2\/comments?post=83677"}],"version-history":[{"count":5,"href":"https:\/\/www.jornalja.com.br\/colunas\/wp-json\/wp\/v2\/posts\/83677\/revisions"}],"predecessor-version":[{"id":83684,"href":"https:\/\/www.jornalja.com.br\/colunas\/wp-json\/wp\/v2\/posts\/83677\/revisions\/83684"}],"wp:attachment":[{"href":"https:\/\/www.jornalja.com.br\/colunas\/wp-json\/wp\/v2\/media?parent=83677"}],"wp:term":[{"taxonomy":"category","embeddable":true,"href":"https:\/\/www.jornalja.com.br\/colunas\/wp-json\/wp\/v2\/categories?post=83677"},{"taxonomy":"post_tag","embeddable":true,"href":"https:\/\/www.jornalja.com.br\/colunas\/wp-json\/wp\/v2\/tags?post=83677"}],"curies":[{"name":"wp","href":"https:\/\/api.w.org\/{rel}","templated":true}]}}