{"id":83749,"date":"2022-11-21T16:48:27","date_gmt":"2022-11-21T19:48:27","guid":{"rendered":"https:\/\/www.jornalja.com.br\/colunas\/?p=83749"},"modified":"2022-11-21T16:51:49","modified_gmt":"2022-11-21T19:51:49","slug":"elmar-bones-de-vargas-a-lula","status":"publish","type":"post","link":"https:\/\/www.jornalja.com.br\/colunas\/elmar-bones-de-vargas-a-lula\/","title":{"rendered":"ELMAR BONES\/ De Vargas a Lula"},"content":{"rendered":"<p>24 de agosto de 1954.<\/p>\n<p>A aula rec\u00e9m havia iniciado, a professora foi chamada \u00e0 sala da diretora e voltou chorando. N\u00e3o haveria aula naquele dia, todos pra casa. No corredor ouvi: \u201cGet\u00falio se matou\u201d. \u201cMataram ele, com certeza\u201d, disse uma velha professora.<\/p>\n<p>Em casa, encontrei minha m\u00e3e na cozinha, chorando. Me abra\u00e7ou, solu\u00e7ava: \u201cMorreu o pai da gente\u201d.<\/p>\n<p>Get\u00falio Vargas era o &#8220;pai dos pobres&#8221; e a como\u00e7\u00e3o que tomou conta do pobrerio naquele sub\u00farbio de Santana do Livramento foi como se de fato tivessem perdido o pai.<\/p>\n<p>Homens choravam nos botecos, indigna\u00e7\u00e3o gritada nas ruas, alguns saiam para juntar-se aos grupos que se formavam na esta\u00e7\u00e3o ferrovi\u00e1ria, dispostos a embarcar para o Rio de Janeiro.<\/p>\n<p>A R\u00e1dio Cultura intercalava \u201cm\u00fasicas f\u00fanebres\u201d com as not\u00edcias do quebra-quebra em Porto Alegre, da multid\u00e3o que tomava conta das ruas do Rio de Janeiro. Parecia que o mundo vinha abaixo.<\/p>\n<p>(Nas aulas de m\u00fasica que tive com o Enio Squeff, bem depois,\u00a0 descobri que aquela m\u00fasica aterradora que tocava entre as not\u00edcias era o r\u00e9quiem que Johannnes Brahms comp\u00f4s quando morreu sua m\u00e3e).<\/p>\n<p>No fim o terremoto popular que parecia brotar do fundo da terra dissipou-se \u00a0e o que Getulio conseguiu \u00e0 custa da pr\u00f3pria vida foi protelar o golpe por dez anos.<\/p>\n<p>Brizola com a Legalidade, em 1961, foi o \u00faltimo basti\u00e3o da resist\u00eancia getulista, que seria aniquilada com o golpe em 1964.<\/p>\n<p>Um golpe contra\u00a0 um projeto nacionalista populista, de concilia\u00e7\u00e3o e inclus\u00e3o social que, na \u00f3tica da guerra fria, estava abrindo caminho para o comunismo.<\/p>\n<p>Seria uma interven\u00e7\u00e3o transit\u00f3ria dos militares para extirpar a corrup\u00e7\u00e3o, conjurar a amea\u00e7a comunista e, em seguida, restabelecer o poder pelo voto.<\/p>\n<p>Resultou num regime militar que durou 21 anos, sem encontrar o rumo certo.<\/p>\n<p>Foi derrubado n\u00e3o s\u00f3 pela pol\u00edtica dos por\u00f5es que adotou, mas principalmente pelo modelo econ\u00f4mico de vi\u00e9s nacionalista- getulista que o general Ernesto Geisel tentou implantar.<\/p>\n<p>\u201cDeus n\u00e3o me traria de t\u00e3o longe para ser o s\u00edndico da cat\u00e1strofe\u201d, disse Jos\u00e9 Sarney ao assumir a presid\u00eancia da Rep\u00fablica como o primeiro civil, desde o golpe de 64.<\/p>\n<p>Sarney era da \u201cala jovem\u201d da UDN, o partido que comandou a derrubada de Vargas, quando os militares tomaram o poder. Foi aliado do regime desde o primeiro instante, mas quando percebeu a mudan\u00e7a mudou de lado. Era o vice de Tancredo Neves, ex-ministro de Vargas, que morreu na v\u00e9spera da posse.<\/p>\n<p>Poderia dizer que a\u00ed, quando Sarney se tornou presidente pelo voto indireto (e n\u00e3o quando os milicos derrubaram Jango), \u00e9 que se deu a derrota definitiva de Get\u00falio Vargas e seu projeto.<\/p>\n<p>O resultado da primeira elei\u00e7\u00e3o direta, em 1989, seria a confirma\u00e7\u00e3o: Fernando Collor, tamb\u00e9m da vertente udenista\/arenista, sucedeu Sarney, derrotando Lula e Brizola dois herdeiros da heran\u00e7a trabalhista de Vargas, que se dividiram. Era mais uma p\u00e1 de terra em cima\u00a0 daquele cad\u00e1ver.<\/p>\n<p>Para completar, o sucessor de Collor, Fernando Henrique Cardoso assumiu declarando que seu prop\u00f3sito era \u201csepultar a era Vargas\u201d, negando suas ra\u00edzes social- nacionalistas.<\/p>\n<p>Mas eis que de repente, quando parecia\u00a0 coberta por v\u00e1rias camadas de terra, a Utopia de Vargas renasceu com a primeira elei\u00e7\u00e3o de Lula.<\/p>\n<p>E, por mais de uma d\u00e9cada, pareceu que a na\u00e7\u00e3o havia se reencontrado com o seu velho projeto nacional desenvolvimentista, de concilia\u00e7\u00e3o de classes e inclus\u00e3o social.<\/p>\n<p>O que veio depois de 2015 est\u00e1 na mem\u00f3ria de todos.<\/p>\n<p>Mas parece que a hidra tem sete cabe\u00e7as e a\u00ed est\u00e1 Lula, eleito, com a bandeira do projeto\u00a0 nacional desenvolvimentista, de concilia\u00e7\u00e3o e inclus\u00e3o social.<\/p>\n<p>&nbsp;<\/p>\n<p>&nbsp;<\/p>\n<p>&nbsp;<\/p>\n<p>&nbsp;<\/p>\n<p>&nbsp;<\/p>\n<p>&nbsp;<\/p>\n<p>\u00c0s vezes penso<\/p>\n<p>se h\u00e1 sentido continuar<\/p>\n<p>mesmo tendo perdido<\/p>\n<p>tanta gente&#8230;<\/p>\n<p>parece que \u00e9 mesmo<\/p>\n<p>uma caminhada<\/p>\n<p>em algum ponto dela<\/p>\n<p>cada um de n\u00f3s<\/p>\n<p>est\u00e1 destinado a ficar pra tr\u00e1s<\/p>\n<p>&nbsp;<\/p>\n<p>&nbsp;<\/p>\n<p>&nbsp;<\/p>\n<p>&nbsp;<\/p>\n<p>24 de agosto de 1954.<\/p>\n<p>A aula rec\u00e9m havia iniciado, a professora foi chamada \u00e0 sala da diretora e voltou chorando. N\u00e3o haveria aula naquele dia, todos pra casa. No corredor ouvi: \u201cGet\u00falio se matou\u201d. \u201cMataram ele, com certeza\u201d, disse uma velha professora.<\/p>\n<p>Em casa, encontrei minha m\u00e3e na cozinha, chorando. Me abra\u00e7ou, solu\u00e7ava: \u201cMorreu o pai da gente\u201d. Get\u00falio Vargas era o pai dos pobres e a como\u00e7\u00e3o que tomou conta do pobrerio naquele sub\u00farbio de Santana do Livramento foi como se de fato tivessem perdido o pai. Homens choravam nos botecos, indigna\u00e7\u00e3o gritada nas ruas, alguns saiam para juntar-se aos grupos que se formavam na esta\u00e7\u00e3o ferrovi\u00e1ria, dispostos a embarcar para o Rio de Janeiro. A R\u00e1dio Cultura intercalava \u201cm\u00fasicas f\u00fanebres\u201d com as not\u00edcias do quebra-quebra em Porto Alegre, da multid\u00e3o que tomava conta das ruas do Rio de Janeiro. Parecia que o mundo vinha abaixo.<\/p>\n<p>(Nas aulas de m\u00fasica que tive com o Enio Squeff \u00a0descobri que aquela m\u00fasica aterradora que tocava entre as not\u00edcias era o r\u00e9quiem que Johannnes Brahms comp\u00f4s quando morreu sua m\u00e3e).<\/p>\n<p>&nbsp;<\/p>\n<p>No fim o terremoto popular que parecia brotar do fundo da terra dissipou-se \u00a0e o que Getulio conseguiu \u00e0 custa da pr\u00f3pria vida foi protelar o golpe por dez anos.<\/p>\n<p>&nbsp;<\/p>\n<p>Brizola com a Legalidade, em 1961, foi o \u00faltimo basti\u00e3o da resist\u00eancia getulista, que seria aniquilada com o golpe 1964.<\/p>\n<p>Um golpe contra\u00a0 um projeto nacionalista populista, de concilia\u00e7\u00e3o e inclus\u00e3o social que, na \u00f3tica da guerra fria, estava abrindo caminho para o comunismo.<\/p>\n<p>Seria uma interven\u00e7\u00e3o transit\u00f3ria dos militares para extirpar a corrup\u00e7\u00e3o, conjurar a amea\u00e7a comunista e, em seguida, restabelecer o poder pelo voto.<\/p>\n<p>&nbsp;<\/p>\n<p>Resultou num regime militar que durou 21 anos, sem encontrar o rumo certo.<\/p>\n<p>Foi derrubado n\u00e3o s\u00f3 pela pol\u00edtica dos por\u00f5es que adotou, mas principalmente pelo modelo econ\u00f4mico de vi\u00e9s nacionalista- getulista que o general Ernesto Geisel tentou implantar.<\/p>\n<p>\u201cDeus n\u00e3o me traria de t\u00e3o longe para ser o s\u00edndico da cat\u00e1strofe\u201d, disse Jos\u00e9 Sarney ao assumir a presid\u00eancia da Rep\u00fablica como o primeiro civil, desde o golpe de 64.<\/p>\n<p>Sarney era da \u201cala jovem\u201d da UDN, o partido que comandou a derrubada de Vargas, quando os militares tomaram o poder. Foi aliado do regime desde o primeiro instante e seria vice de Tancredo Neves, ex-ministro de Vargas, que morreu na v\u00e9spera da posse.<\/p>\n<p>&nbsp;<\/p>\n<p>Poderia se dizer que a\u00ed, quando Sarney se tornou presidente pelo voto indireto (e n\u00e3o quando os milicos derrubaram Jango) \u00e9 que se deu a derrota definitiva de Get\u00falio Vargas.<\/p>\n<p>Na primeira elei\u00e7\u00e3o direta, em 1989, Fernando Collor, tamb\u00e9m da vertente udenista\/arenista, sucedeu Sarney, derrotando Lula e Brizola dois herdeiros da heran\u00e7a trabalhista de Vargas, que se dividiram. Era mais uma p\u00e1 de terra em cima\u00a0 daquele cad\u00e1ver.<\/p>\n<p>&nbsp;<\/p>\n<p>Para completar, o sucessor de Collor, Fernando Henrique Cardoso assumiu declarando que seu prop\u00f3sito era \u201csepultar a era Vargas\u201d, negando suas ra\u00edzes social- nacionalistas.<\/p>\n<p>Mas eis que de repente, quando parecia\u00a0 coberta por v\u00e1rias camadas de terra, a Utopia de Vargas renasceu com a elei\u00e7\u00e3o de Lula.<\/p>\n<p>E, por d\u00e9cada e meia pareceu que a na\u00e7\u00e3o havia se reencontrado com o seu velho projeto nacional desenvolvimentista, de concilia\u00e7\u00e3o de classes e inclus\u00e3o social. Durou pouco mais de dez anos.<\/p>\n<p>O que veio depois de 2015 est\u00e1 na mem\u00f3ria de todos. Mas parece que a hidra tem sete cabe\u00e7as e a\u00ed est\u00e1 Lula, eleito, com a bandeira do projeto\u00a0 nacional desenvolvimentista, de concilia\u00e7\u00e3o e inclus\u00e3o social.<\/p>\n<p>&nbsp;<\/p>\n","protected":false},"excerpt":{"rendered":"<p>24 de agosto de 1954. A aula rec\u00e9m havia iniciado, a professora foi chamada \u00e0 sala da diretora e voltou chorando. N\u00e3o haveria aula naquele dia, todos pra casa. No corredor ouvi: \u201cGet\u00falio se matou\u201d. \u201cMataram ele, com certeza\u201d, disse uma velha professora. Em casa, encontrei minha m\u00e3e na cozinha, chorando. Me abra\u00e7ou, solu\u00e7ava: \u201cMorreu [&hellip;]<\/p>\n","protected":false},"author":4,"featured_media":0,"comment_status":"open","ping_status":"open","sticky":false,"template":"","format":"standard","meta":{"jetpack_post_was_ever_published":false,"_jetpack_newsletter_access":"","_jetpack_dont_email_post_to_subs":false,"_jetpack_newsletter_tier_id":0,"_jetpack_memberships_contains_paywalled_content":false,"_jetpack_memberships_contains_paid_content":false,"footnotes":"","jetpack_publicize_message":"","jetpack_publicize_feature_enabled":true,"jetpack_social_post_already_shared":false,"jetpack_social_options":{"image_generator_settings":{"template":"highway","default_image_id":0,"font":"","enabled":false},"version":2}},"categories":[2],"tags":[],"class_list":["post-83749","post","type-post","status-publish","format-standard","hentry","category-analiseopiniao"],"aioseo_notices":[],"jetpack_publicize_connections":[],"jetpack_featured_media_url":"","jetpack-related-posts":[{"id":84557,"url":"https:\/\/www.jornalja.com.br\/colunas\/entrevista-com-leonel-brizola-como-nascem-as-falsificacoes-historicas\/","url_meta":{"origin":83749,"position":0},"title":"Entrevista com Leonel Brizola: Como nascem as falsifica\u00e7\u00f5es hist\u00f3ricas","author":"An\u00e1lise &amp; Opini\u00e3o","date":"2 de mar\u00e7o de 2026","format":false,"excerpt":"SILVANA MOURA Mais do que direito \u00e0 Hist\u00f3ria, temos o direito \u00e0 verdade da Hist\u00f3ria, para evitar um passado falsificado, supostamente \u201climpo\u201d, eivado de manipula\u00e7\u00e3o e pretensa uniformidade. Em 1996 realizei, em Carazinho, uma Entrevista de Hist\u00f3ria Oral (sou Historiadora e trabalho com Hist\u00f3ria Oral h\u00e1 40 anos) com Leonel\u2026","rel":"","context":"Em &quot;An\u00e1lise&amp;Opini\u00e3o&quot;","block_context":{"text":"An\u00e1lise&amp;Opini\u00e3o","link":"https:\/\/www.jornalja.com.br\/colunas\/category\/analiseopiniao\/"},"img":{"alt_text":"","src":"","width":0,"height":0},"classes":[]},{"id":84737,"url":"https:\/\/www.jornalja.com.br\/colunas\/dia-internacional-da-educacao-o-brasil-que-se-revela-na-sala-de-aula\/","url_meta":{"origin":83749,"position":1},"title":"Dia Internacional da Educa\u00e7\u00e3o: o Brasil que se revela na sala de aula","author":"An\u00e1lise &amp; Opini\u00e3o","date":"28 de abril de 2026","format":false,"excerpt":"CRISTIANO GOLDSCHMIDT A educa\u00e7\u00e3o n\u00e3o se deixa apreender como um simples conceito est\u00e1vel ou como um consenso j\u00e1 dado. Ela se apresenta, antes, como um campo de tens\u00f5es, no qual se entrecruzam disputas de sentido, sil\u00eancios hist\u00f3ricos e projetos de sociedade. Pensar a educa\u00e7\u00e3o, nesse horizonte, implica reconhecer que educar\u2026","rel":"","context":"Em &quot;An\u00e1lise&amp;Opini\u00e3o&quot;","block_context":{"text":"An\u00e1lise&amp;Opini\u00e3o","link":"https:\/\/www.jornalja.com.br\/colunas\/category\/analiseopiniao\/"},"img":{"alt_text":"","src":"https:\/\/i0.wp.com\/www.jornalja.com.br\/colunas\/wp-content\/uploads\/sites\/5\/2026\/04\/image-1.png?resize=350%2C200&ssl=1","width":350,"height":200,"srcset":"https:\/\/i0.wp.com\/www.jornalja.com.br\/colunas\/wp-content\/uploads\/sites\/5\/2026\/04\/image-1.png?resize=350%2C200&ssl=1 1x, https:\/\/i0.wp.com\/www.jornalja.com.br\/colunas\/wp-content\/uploads\/sites\/5\/2026\/04\/image-1.png?resize=525%2C300&ssl=1 1.5x, https:\/\/i0.wp.com\/www.jornalja.com.br\/colunas\/wp-content\/uploads\/sites\/5\/2026\/04\/image-1.png?resize=700%2C400&ssl=1 2x"},"classes":[]},{"id":84714,"url":"https:\/\/www.jornalja.com.br\/colunas\/22-de-abril-o-instante-em-que-o-brasil-passa-a-existir-para-o-mundo-europeu\/","url_meta":{"origin":83749,"position":2},"title":"22 de abril: o instante em que o Brasil \u201cpassa a existir\u201d para o mundo europeu","author":"Patr\u00edcia Marini","date":"22 de abril de 2026","format":false,"excerpt":"CRISTIANO GOLDSCHMIDT Era 22 de abril de 1500 \u2014 ou, ao menos, \u00e9 assim que nos habituamos a dizer, com a serenidade quase ing\u00eanua de quem domestica o passado em datas redondas e memor\u00e1veis. Naquele dia, a esquadra comandada por Pedro \u00c1lvares Cabral avistou terra ap\u00f3s semanas de travessia pelo\u2026","rel":"","context":"Em &quot;An\u00e1lise&amp;Opini\u00e3o&quot;","block_context":{"text":"An\u00e1lise&amp;Opini\u00e3o","link":"https:\/\/www.jornalja.com.br\/colunas\/category\/analiseopiniao\/"},"img":{"alt_text":"","src":"https:\/\/i0.wp.com\/www.jornalja.com.br\/colunas\/wp-content\/uploads\/sites\/5\/2026\/04\/desembarque-de-cabral-scaled.jpg?resize=350%2C200&ssl=1","width":350,"height":200,"srcset":"https:\/\/i0.wp.com\/www.jornalja.com.br\/colunas\/wp-content\/uploads\/sites\/5\/2026\/04\/desembarque-de-cabral-scaled.jpg?resize=350%2C200&ssl=1 1x, https:\/\/i0.wp.com\/www.jornalja.com.br\/colunas\/wp-content\/uploads\/sites\/5\/2026\/04\/desembarque-de-cabral-scaled.jpg?resize=525%2C300&ssl=1 1.5x, https:\/\/i0.wp.com\/www.jornalja.com.br\/colunas\/wp-content\/uploads\/sites\/5\/2026\/04\/desembarque-de-cabral-scaled.jpg?resize=700%2C400&ssl=1 2x, https:\/\/i0.wp.com\/www.jornalja.com.br\/colunas\/wp-content\/uploads\/sites\/5\/2026\/04\/desembarque-de-cabral-scaled.jpg?resize=1050%2C600&ssl=1 3x, https:\/\/i0.wp.com\/www.jornalja.com.br\/colunas\/wp-content\/uploads\/sites\/5\/2026\/04\/desembarque-de-cabral-scaled.jpg?resize=1400%2C800&ssl=1 4x"},"classes":[]},{"id":84690,"url":"https:\/\/www.jornalja.com.br\/colunas\/17-de-abril-de-1996-30-anos-do-massacre-de-eldorado-do-carajas\/","url_meta":{"origin":83749,"position":3},"title":"17 de abril de 1996: 30 anos do Massacre de Eldorado do Caraj\u00e1s","author":"da Reda\u00e7\u00e3o","date":"17 de abril de 2026","format":false,"excerpt":"Cruz marca o local do massacre em Eldorado dos Caraj\u00e1s, Par\u00e1. Foto: Marcello Casal Jr.\/Arquivo ABr CRISTIANO GOLDSCHMIDT H\u00e1 datas que n\u00e3o passam. Ficam suspensas no tempo como poeira vermelha sobre a pele \u2014 insistem, infiltram-se, recusam o esquecimento. Abril, no sul do Par\u00e1, \u00e9 sempre um m\u00eas que arde.\u2026","rel":"","context":"Em &quot;An\u00e1lise&amp;Opini\u00e3o&quot;","block_context":{"text":"An\u00e1lise&amp;Opini\u00e3o","link":"https:\/\/www.jornalja.com.br\/colunas\/category\/analiseopiniao\/"},"img":{"alt_text":"","src":"https:\/\/i0.wp.com\/www.jornalja.com.br\/colunas\/wp-content\/uploads\/sites\/5\/2026\/04\/mc006.jpg?resize=350%2C200&ssl=1","width":350,"height":200,"srcset":"https:\/\/i0.wp.com\/www.jornalja.com.br\/colunas\/wp-content\/uploads\/sites\/5\/2026\/04\/mc006.jpg?resize=350%2C200&ssl=1 1x, https:\/\/i0.wp.com\/www.jornalja.com.br\/colunas\/wp-content\/uploads\/sites\/5\/2026\/04\/mc006.jpg?resize=525%2C300&ssl=1 1.5x, https:\/\/i0.wp.com\/www.jornalja.com.br\/colunas\/wp-content\/uploads\/sites\/5\/2026\/04\/mc006.jpg?resize=700%2C400&ssl=1 2x, https:\/\/i0.wp.com\/www.jornalja.com.br\/colunas\/wp-content\/uploads\/sites\/5\/2026\/04\/mc006.jpg?resize=1050%2C600&ssl=1 3x, https:\/\/i0.wp.com\/www.jornalja.com.br\/colunas\/wp-content\/uploads\/sites\/5\/2026\/04\/mc006.jpg?resize=1400%2C800&ssl=1 4x"},"classes":[]},{"id":84609,"url":"https:\/\/www.jornalja.com.br\/colunas\/o-centro-historico-de-porto-alegre\/","url_meta":{"origin":83749,"position":4},"title":"O Centro (Hist\u00f3rico) de Porto Alegre","author":"Cleber Dioni Tentardini","date":"30 de mar\u00e7o de 2026","format":false,"excerpt":"CLEBER DIONI TENTARDINI Porto Alegre, nove horas da manh\u00e3 do dia\u00a030\u00a0de mar\u00e7o de 2026. No \"cora\u00e7\u00e3o\" do\u00a0Centro - que j\u00e1\u00a0foi hist\u00f3rico em tempos passados,\u00a0e limpo\u00a0-,\u00a0em um trecho de\u00a0cerca de\u00a0500 metros, entre as ruas General C\u00e2mara e Senhor dos Passos, existem mais de 50 im\u00f3veis comerciais de porta de rua fechados,\u2026","rel":"","context":"Em &quot;An\u00e1lise&amp;Opini\u00e3o&quot;","block_context":{"text":"An\u00e1lise&amp;Opini\u00e3o","link":"https:\/\/www.jornalja.com.br\/colunas\/category\/analiseopiniao\/"},"img":{"alt_text":"","src":"","width":0,"height":0},"classes":[]},{"id":84564,"url":"https:\/\/www.jornalja.com.br\/colunas\/a-nova-celulose-a-beira-do-guaiba-e-o-risco-de-repetir-a-borregaard\/","url_meta":{"origin":83749,"position":5},"title":"A nova celulose \u00e0 beira do Gua\u00edba e o risco de repetir a Borregaard","author":"An\u00e1lise &amp; Opini\u00e3o","date":"6 de mar\u00e7o de 2026","format":false,"excerpt":"ELMAR BONES No dia 16 de mar\u00e7o de 1972 foi inaugurada a Ind\u00fastria de Celulose Borregaard, em Gua\u00edba, com a presen\u00e7a das mais altas autoridades e manchetes ufanistas em todos os jornais. Inaugura\u00e7\u00e3o da f\u00e1brica em Gua\u00edba, no ano de 1972. Foto Reprodu\u00e7\u00e3o Arquivo\/CeluloseRioGrandense Seria uma das maiores f\u00e1bricas em\u2026","rel":"","context":"Em &quot;An\u00e1lise&amp;Opini\u00e3o&quot;","block_context":{"text":"An\u00e1lise&amp;Opini\u00e3o","link":"https:\/\/www.jornalja.com.br\/colunas\/category\/analiseopiniao\/"},"img":{"alt_text":"","src":"https:\/\/i0.wp.com\/www.jornalja.com.br\/colunas\/wp-content\/uploads\/sites\/5\/2026\/03\/20260306-112140-scaled.jpg?resize=350%2C200&ssl=1","width":350,"height":200,"srcset":"https:\/\/i0.wp.com\/www.jornalja.com.br\/colunas\/wp-content\/uploads\/sites\/5\/2026\/03\/20260306-112140-scaled.jpg?resize=350%2C200&ssl=1 1x, https:\/\/i0.wp.com\/www.jornalja.com.br\/colunas\/wp-content\/uploads\/sites\/5\/2026\/03\/20260306-112140-scaled.jpg?resize=525%2C300&ssl=1 1.5x, https:\/\/i0.wp.com\/www.jornalja.com.br\/colunas\/wp-content\/uploads\/sites\/5\/2026\/03\/20260306-112140-scaled.jpg?resize=700%2C400&ssl=1 2x, https:\/\/i0.wp.com\/www.jornalja.com.br\/colunas\/wp-content\/uploads\/sites\/5\/2026\/03\/20260306-112140-scaled.jpg?resize=1050%2C600&ssl=1 3x, https:\/\/i0.wp.com\/www.jornalja.com.br\/colunas\/wp-content\/uploads\/sites\/5\/2026\/03\/20260306-112140-scaled.jpg?resize=1400%2C800&ssl=1 4x"},"classes":[]}],"jetpack_shortlink":"https:\/\/wp.me\/pbKo0s-lMN","jetpack_sharing_enabled":true,"_links":{"self":[{"href":"https:\/\/www.jornalja.com.br\/colunas\/wp-json\/wp\/v2\/posts\/83749","targetHints":{"allow":["GET"]}}],"collection":[{"href":"https:\/\/www.jornalja.com.br\/colunas\/wp-json\/wp\/v2\/posts"}],"about":[{"href":"https:\/\/www.jornalja.com.br\/colunas\/wp-json\/wp\/v2\/types\/post"}],"author":[{"embeddable":true,"href":"https:\/\/www.jornalja.com.br\/colunas\/wp-json\/wp\/v2\/users\/4"}],"replies":[{"embeddable":true,"href":"https:\/\/www.jornalja.com.br\/colunas\/wp-json\/wp\/v2\/comments?post=83749"}],"version-history":[{"count":3,"href":"https:\/\/www.jornalja.com.br\/colunas\/wp-json\/wp\/v2\/posts\/83749\/revisions"}],"predecessor-version":[{"id":83753,"href":"https:\/\/www.jornalja.com.br\/colunas\/wp-json\/wp\/v2\/posts\/83749\/revisions\/83753"}],"wp:attachment":[{"href":"https:\/\/www.jornalja.com.br\/colunas\/wp-json\/wp\/v2\/media?parent=83749"}],"wp:term":[{"taxonomy":"category","embeddable":true,"href":"https:\/\/www.jornalja.com.br\/colunas\/wp-json\/wp\/v2\/categories?post=83749"},{"taxonomy":"post_tag","embeddable":true,"href":"https:\/\/www.jornalja.com.br\/colunas\/wp-json\/wp\/v2\/tags?post=83749"}],"curies":[{"name":"wp","href":"https:\/\/api.w.org\/{rel}","templated":true}]}}