{"id":83847,"date":"2022-12-22T20:41:34","date_gmt":"2022-12-22T23:41:34","guid":{"rendered":"https:\/\/www.jornalja.com.br\/geral\/?p=94622"},"modified":"2022-12-23T20:03:44","modified_gmt":"2022-12-23T23:03:44","slug":"marcia-turcato-o-relatorio-da-terra-arrasada","status":"publish","type":"post","link":"https:\/\/www.jornalja.com.br\/colunas\/marcia-turcato-o-relatorio-da-terra-arrasada\/","title":{"rendered":"M\u00c1RCIA TURCATO:  O relat\u00f3rio da terra arrasada"},"content":{"rendered":"<p><strong>Por M\u00e1rcia Turcato<\/strong>*<br \/>\nQuatro anos de governo Bolsonaro. 1.460 dias de desmonte do espa\u00e7o democr\u00e1tico foram resumidos no relat\u00f3rio \u201cRadiografia do Desmonte do Estado e das Pol\u00edticas P\u00fablicas\u201d, de 73 p\u00e1ginas, constru\u00eddo pela equipe<br \/>\ndo presidente eleito Lu\u00eds In\u00e1cio Lula da Silva em 34 dias de intenso trabalho e que envolveu mais de mil pessoas organizadas em cerca de 30 grupos tem\u00e1ticos. O documento foi tornado p\u00fablico na quinta-feira, 22 de dezembro, em evento realizado no Centro Cultural Banco do Brasil (CCBB) em Bras\u00edlia.<br \/>\nO relat\u00f3rio mostra que Lula recebe no dia primeiro de janeiro de 2023 uma heran\u00e7a socialmente perversa, pavimentada por meio de uma pol\u00edtica antidemocr\u00e1tica, que promoveu a desconstru\u00e7\u00e3o institucional, o<br \/>\ndesmonte do Estado e a desorganiza\u00e7\u00e3o das pol\u00edticas p\u00fablicas.<br \/>\nAo apontar o desmonte do Estado, onde a diretriz de Bolsonaro foi oferecer menos direitos para a maioria e mais direitos para a minoria, o governo Lula identifica onde sua equipe ter\u00e1 de atuar com celeridade<br \/>\npara recuperar o pa\u00eds, resgatar a cidadania e recuperar a autoestima da Na\u00e7\u00e3o.<br \/>\nO desmonte promovido por Bolsonaro e sua equipe, onde o economista Paulo Guedes ocupou lugar de destaque do come\u00e7o ao fim do pesadelo, atingiu o setor da sa\u00fade com um corte de R$ 10,47 bilh\u00f5es.<br \/>\nCom isso, v\u00e1rios programas foram descontinuados ou extintos, como o Mais M\u00e9dicos, n\u00e3o h\u00e1 recurso garantido para Aids\/HIV, n\u00e3o h\u00e1 estoque de vacinas contra covid-19 e n\u00e3o h\u00e1 campanhas p\u00fablicas de vacina\u00e7\u00e3o ou preven\u00e7\u00e3o de agravos. A taxa de crian\u00e7as vacinadas, em m\u00e9dia, caiu<br \/>\nde 70% para menos de 50%.<br \/>\nAs campanhas de utilidade p\u00fablica eram constru\u00eddas pelo Minist\u00e9rio da Sa\u00fade junto a Secretaria de Comunica\u00e7\u00e3o da Presid\u00eancia da Rep\u00fablica (Secom\/PR), que teve seu status extinto e passou a ser um ap\u00eandice do<br \/>\nMinist\u00e9rio das Comunica\u00e7\u00f5es. Esse minist\u00e9rio n\u00e3o tem rela\u00e7\u00e3o alguma com estrat\u00e9gias de comunica\u00e7\u00e3o, \u00e9 um \u00f3rg\u00e3o t\u00e9cnico cujas atribui\u00e7\u00f5es est\u00e3o relacionadas, basicamente, \u00e0 regula\u00e7\u00e3o dos servi\u00e7os de radiodifus\u00e3o e conectividade.<\/p>\n<p>Num governo que se manteve \u00e0 for\u00e7a da<br \/>\ndesinforma\u00e7\u00e3o -as chamadas fake news- n\u00e3o havia interesse algum em promover o acesso \u00e0 informa\u00e7\u00e3o. Ali\u00e1s, Bolsonaro criou o sigilo de um s\u00e9culo para v\u00e1rias de suas a\u00e7\u00f5es. Na \u00e1rea da Educa\u00e7\u00e3o, em plena pandemia, com as crian\u00e7as sem acesso \u00e0 sala de aula e com muitos pais desempregados ou sem renda,<br \/>\nBolsonaro congelou o valor da merenda escolar em 0,36 centavos por crian\u00e7a, apesar dos alunos terem direito \u00e0 alimenta\u00e7\u00e3o. No Esporte, que tamb\u00e9m contempla atividades voltadas para crian\u00e7as, o or\u00e7amento caiu\u00a0de R$ 3,4 bilh\u00f5es para R$ 890 milh\u00f5es.<br \/>\nO governo que finalmente chega ao fim, ampliou o discurso de criminaliza\u00e7\u00e3o das artes e da cultura e fez de tudo para amorda\u00e7ar os artistas. A partir de 2016, com o golpe de Michel Temer, a Cultura perdeu 85% do seu or\u00e7amento e deixou de ser minist\u00e9rio.<\/p>\n<p>A Cultura, junto com a Educa\u00e7\u00e3o, sempre foi espa\u00e7o de resist\u00eancia e \u00e9 assim em todo o mundo. Estrategicamente, Bolsonaro e seus c\u00famplices<br \/>\ncome\u00e7aram por a\u00ed o desmonte da articula\u00e7\u00e3o popular e o esfacelamento da organiza\u00e7\u00e3o social. As manifesta\u00e7\u00f5es populares, ligadas \u00e0s tradi\u00e7\u00f5es e \u00e0s comunidades tradicionais, n\u00e3o receberam nenhum apoio financeiro.<br \/>\nA \u00e1rea que atendia as demandas das mulheres e direitos humanos foi transformada em miss\u00e3o religiosa. Sob o comando de Damares Alves, agora eleita senadora, o servi\u00e7o Disque 100, que atendia den\u00fancias e orientava pessoas em situa\u00e7\u00e3o de vulnerabilidade, foi utilizado para<br \/>\nfazer busca ativa em telefonemas de ass\u00e9dio para estabelecimentos de ensino que exigiam atestado de vacina\u00e7\u00e3o contra covid-19, aponta o relat\u00f3rio. Ao mesmo tempo, o Minist\u00e9rio da Justi\u00e7a, por meio de seu titular, para nosso espanto, promovia ataques \u00e0s institui\u00e7\u00f5es e \u00e0<br \/>\ndemocracia.<br \/>\nNas Rela\u00e7\u00f5es Exteriores, o Brasil de Bolsonaro se aproximou de ditaduras, criticou democracias, atacou organismos internacionais, como a Organiza\u00e7\u00e3o Mundial de Sa\u00fade (OMS), e apoiou a invas\u00e3o da embaixada da Venezuela em Bras\u00edlia. E, por fim, cortou rela\u00e7\u00f5es com o<br \/>\ngoverno de Nicolas Maduro e estabeleceu rela\u00e7\u00e3o com o golpista Juan Gaido, autoproclamado presidente da Venezuela.<br \/>\nO fim da era Bolsonaro deixa o Brasil com uma infla\u00e7\u00e3o de 26%, um aumento de 60% no desmatamento da Amaz\u00f4nia e do Cerrado, sem o programa Minha Casa Minha Vida, sem verba para programas de<br \/>\nmobilidade urbana, sem recurso para a Defesa Civil para o<br \/>\nenfrentamento \u00e0s cat\u00e1strofes, devolve ao mapa da fome 33,1 milh\u00f5es de brasileiros e 125,2 milh\u00f5es (mais da metade da popula\u00e7\u00e3o do pa\u00eds) em situa\u00e7\u00e3o de inseguran\u00e7a alimentar.<br \/>\nAo assumir no dia primeiro, Lula e sua equipe, formada por integrantes que participaram da ampla frente social e de partidos pol\u00edticos que articulou sua elei\u00e7\u00e3o vitoriosa, ter\u00e3o de desmontar todas as armadilhas enterradas por Bolsonaro e reconstruir as pol\u00edticas p\u00fablicas e de prote\u00e7\u00e3o social que fazem do Brasil uma democracia que respeita a diversidade e promove a equidade ao mesmo tempo em que assegura o crescimento econ\u00f4mico e social.<br \/>\n*<em>Jornalista, autora do livro &#8220;Reportagem: da ditadura \u00e0 pandemia&#8221;<\/em><\/p>\n","protected":false},"excerpt":{"rendered":"<p>Por M\u00e1rcia Turcato* Quatro anos de governo Bolsonaro. 1.460 dias de desmonte do espa\u00e7o democr\u00e1tico foram resumidos no relat\u00f3rio \u201cRadiografia do Desmonte do Estado e das Pol\u00edticas P\u00fablicas\u201d, de 73 p\u00e1ginas, constru\u00eddo pela equipe do presidente eleito Lu\u00eds In\u00e1cio Lula da Silva em 34 dias de intenso trabalho e que envolveu mais de mil pessoas [&hellip;]<\/p>\n","protected":false},"author":11,"featured_media":0,"comment_status":"open","ping_status":"open","sticky":false,"template":"","format":"standard","meta":{"jetpack_post_was_ever_published":false,"_jetpack_newsletter_access":"","_jetpack_dont_email_post_to_subs":false,"_jetpack_newsletter_tier_id":0,"_jetpack_memberships_contains_paywalled_content":false,"_jetpack_memberships_contains_paid_content":false,"footnotes":"","jetpack_publicize_message":"","jetpack_publicize_feature_enabled":true,"jetpack_social_post_already_shared":false,"jetpack_social_options":{"image_generator_settings":{"template":"highway","default_image_id":0,"font":"","enabled":false},"version":2}},"categories":[2],"tags":[],"class_list":["post-83847","post","type-post","status-publish","format-standard","hentry","category-analiseopiniao"],"aioseo_notices":[],"jetpack_publicize_connections":[],"jetpack_featured_media_url":"","jetpack-related-posts":[{"id":84617,"url":"https:\/\/www.jornalja.com.br\/colunas\/o-candidato-de-si-mesmo\/","url_meta":{"origin":83847,"position":0},"title":"O candidato de si mesmo","author":"da Reda\u00e7\u00e3o","date":"10 de abril de 2026","format":false,"excerpt":"Sem emplacar nacionalmente, Leite pode ficar quatro anos sem mandato. Foto Jo\u00e3o Pedro Rodrigues\/SecomRS ELMAR BONES Ningu\u00e9m \u00e9 candidato de si mesmo. Essa \u00e9 a regra n\u00e3o escrita da pol\u00edtica partid\u00e1ria, que as velhas raposas n\u00e3o cansam de repetir aos novatos. Eduardo Leite parece n\u00e3o t\u00ea-la aprendido. Ele n\u00e3o tem\u2026","rel":"","context":"Em &quot;An\u00e1lise&amp;Opini\u00e3o&quot;","block_context":{"text":"An\u00e1lise&amp;Opini\u00e3o","link":"https:\/\/www.jornalja.com.br\/colunas\/category\/analiseopiniao\/"},"img":{"alt_text":"","src":"https:\/\/i0.wp.com\/www.jornalja.com.br\/colunas\/wp-content\/uploads\/sites\/5\/2026\/04\/infraestrutura-escolar.jpeg?resize=350%2C200&ssl=1","width":350,"height":200,"srcset":"https:\/\/i0.wp.com\/www.jornalja.com.br\/colunas\/wp-content\/uploads\/sites\/5\/2026\/04\/infraestrutura-escolar.jpeg?resize=350%2C200&ssl=1 1x, https:\/\/i0.wp.com\/www.jornalja.com.br\/colunas\/wp-content\/uploads\/sites\/5\/2026\/04\/infraestrutura-escolar.jpeg?resize=525%2C300&ssl=1 1.5x, https:\/\/i0.wp.com\/www.jornalja.com.br\/colunas\/wp-content\/uploads\/sites\/5\/2026\/04\/infraestrutura-escolar.jpeg?resize=700%2C400&ssl=1 2x"},"classes":[]},{"id":84725,"url":"https:\/\/www.jornalja.com.br\/colunas\/e-preciso-refletir-sobre-os-mais-de-84-mil-desaparecidos-no-brasil-em-2025\/","url_meta":{"origin":83847,"position":1},"title":"\u00c9 preciso refletir sobre os mais de 84 mil desaparecidos no Brasil em 2025","author":"An\u00e1lise &amp; Opini\u00e3o","date":"23 de abril de 2026","format":false,"excerpt":"CRISTIANO GOLDSCHMIDT Em 2025, o Brasil registrou 84.760 pessoas desaparecidas, segundo dados consolidados pelo Sistema Nacional de Informa\u00e7\u00f5es de Seguran\u00e7a P\u00fablica Sinesp), vinculado ao Minist\u00e9rio da Justi\u00e7a e Seguran\u00e7a P\u00fablica. Mais do que um n\u00famero expressivo, o dado revela um fen\u00f4meno cont\u00ednuo, distribu\u00eddo no tempo e no territ\u00f3rio \u2014 e,\u2026","rel":"","context":"Em &quot;An\u00e1lise&amp;Opini\u00e3o&quot;","block_context":{"text":"An\u00e1lise&amp;Opini\u00e3o","link":"https:\/\/www.jornalja.com.br\/colunas\/category\/analiseopiniao\/"},"img":{"alt_text":"","src":"https:\/\/i0.wp.com\/www.jornalja.com.br\/colunas\/wp-content\/uploads\/sites\/5\/2026\/04\/image.png?resize=350%2C200&ssl=1","width":350,"height":200,"srcset":"https:\/\/i0.wp.com\/www.jornalja.com.br\/colunas\/wp-content\/uploads\/sites\/5\/2026\/04\/image.png?resize=350%2C200&ssl=1 1x, https:\/\/i0.wp.com\/www.jornalja.com.br\/colunas\/wp-content\/uploads\/sites\/5\/2026\/04\/image.png?resize=525%2C300&ssl=1 1.5x, https:\/\/i0.wp.com\/www.jornalja.com.br\/colunas\/wp-content\/uploads\/sites\/5\/2026\/04\/image.png?resize=700%2C400&ssl=1 2x, https:\/\/i0.wp.com\/www.jornalja.com.br\/colunas\/wp-content\/uploads\/sites\/5\/2026\/04\/image.png?resize=1050%2C600&ssl=1 3x, https:\/\/i0.wp.com\/www.jornalja.com.br\/colunas\/wp-content\/uploads\/sites\/5\/2026\/04\/image.png?resize=1400%2C800&ssl=1 4x"},"classes":[]},{"id":84564,"url":"https:\/\/www.jornalja.com.br\/colunas\/a-nova-celulose-a-beira-do-guaiba-e-o-risco-de-repetir-a-borregaard\/","url_meta":{"origin":83847,"position":2},"title":"A nova celulose \u00e0 beira do Gua\u00edba e o risco de repetir a Borregaard","author":"An\u00e1lise &amp; Opini\u00e3o","date":"6 de mar\u00e7o de 2026","format":false,"excerpt":"ELMAR BONES No dia 16 de mar\u00e7o de 1972 foi inaugurada a Ind\u00fastria de Celulose Borregaard, em Gua\u00edba, com a presen\u00e7a das mais altas autoridades e manchetes ufanistas em todos os jornais. Inaugura\u00e7\u00e3o da f\u00e1brica em Gua\u00edba, no ano de 1972. Foto Reprodu\u00e7\u00e3o Arquivo\/CeluloseRioGrandense Seria uma das maiores f\u00e1bricas em\u2026","rel":"","context":"Em &quot;An\u00e1lise&amp;Opini\u00e3o&quot;","block_context":{"text":"An\u00e1lise&amp;Opini\u00e3o","link":"https:\/\/www.jornalja.com.br\/colunas\/category\/analiseopiniao\/"},"img":{"alt_text":"","src":"https:\/\/i0.wp.com\/www.jornalja.com.br\/colunas\/wp-content\/uploads\/sites\/5\/2026\/03\/20260306-112140-scaled.jpg?resize=350%2C200&ssl=1","width":350,"height":200,"srcset":"https:\/\/i0.wp.com\/www.jornalja.com.br\/colunas\/wp-content\/uploads\/sites\/5\/2026\/03\/20260306-112140-scaled.jpg?resize=350%2C200&ssl=1 1x, https:\/\/i0.wp.com\/www.jornalja.com.br\/colunas\/wp-content\/uploads\/sites\/5\/2026\/03\/20260306-112140-scaled.jpg?resize=525%2C300&ssl=1 1.5x, https:\/\/i0.wp.com\/www.jornalja.com.br\/colunas\/wp-content\/uploads\/sites\/5\/2026\/03\/20260306-112140-scaled.jpg?resize=700%2C400&ssl=1 2x, https:\/\/i0.wp.com\/www.jornalja.com.br\/colunas\/wp-content\/uploads\/sites\/5\/2026\/03\/20260306-112140-scaled.jpg?resize=1050%2C600&ssl=1 3x, https:\/\/i0.wp.com\/www.jornalja.com.br\/colunas\/wp-content\/uploads\/sites\/5\/2026\/03\/20260306-112140-scaled.jpg?resize=1400%2C800&ssl=1 4x"},"classes":[]},{"id":84681,"url":"https:\/\/www.jornalja.com.br\/colunas\/recordar-zuzu-angel-50-anos-apos-sua-morte-e-um-ato-etico\/","url_meta":{"origin":83847,"position":3},"title":"Recordar Zuzu Angel 50 anos ap\u00f3s sua morte \u00e9 um ato \u00e9tico","author":"da Reda\u00e7\u00e3o","date":"16 de abril de 2026","format":false,"excerpt":"CRISTIANO GOLDSCHMIDT Cinco d\u00e9cadas transcorreram desde o silenciamento brutal de Zuzu Angel (05 de junho de 1921 - 14 de abril de 1976), e ainda assim sua voz persiste \u2014 n\u00e3o como eco esmaecido, mas como um timbre agudo que rasga o tecido do tempo e se inscreve na mem\u00f3ria\u2026","rel":"","context":"Em &quot;An\u00e1lise&amp;Opini\u00e3o&quot;","block_context":{"text":"An\u00e1lise&amp;Opini\u00e3o","link":"https:\/\/www.jornalja.com.br\/colunas\/category\/analiseopiniao\/"},"img":{"alt_text":"","src":"https:\/\/i0.wp.com\/www.jornalja.com.br\/colunas\/wp-content\/uploads\/sites\/5\/2026\/04\/zuzu-angel-1972-fotografo-desconhecido-colecao-arquivo-nacional.jpg?resize=350%2C200&ssl=1","width":350,"height":200,"srcset":"https:\/\/i0.wp.com\/www.jornalja.com.br\/colunas\/wp-content\/uploads\/sites\/5\/2026\/04\/zuzu-angel-1972-fotografo-desconhecido-colecao-arquivo-nacional.jpg?resize=350%2C200&ssl=1 1x, https:\/\/i0.wp.com\/www.jornalja.com.br\/colunas\/wp-content\/uploads\/sites\/5\/2026\/04\/zuzu-angel-1972-fotografo-desconhecido-colecao-arquivo-nacional.jpg?resize=525%2C300&ssl=1 1.5x, https:\/\/i0.wp.com\/www.jornalja.com.br\/colunas\/wp-content\/uploads\/sites\/5\/2026\/04\/zuzu-angel-1972-fotografo-desconhecido-colecao-arquivo-nacional.jpg?resize=700%2C400&ssl=1 2x, https:\/\/i0.wp.com\/www.jornalja.com.br\/colunas\/wp-content\/uploads\/sites\/5\/2026\/04\/zuzu-angel-1972-fotografo-desconhecido-colecao-arquivo-nacional.jpg?resize=1050%2C600&ssl=1 3x"},"classes":[]},{"id":84693,"url":"https:\/\/www.jornalja.com.br\/colunas\/fim-da-escala-6x1-cabe-ao-congresso-decidir-entre-o-progresso-e-o-atraso\/","url_meta":{"origin":83847,"position":4},"title":"Fim da escala 6&#215;1: cabe ao Congresso decidir entre o progresso e o atraso","author":"da Reda\u00e7\u00e3o","date":"20 de abril de 2026","format":false,"excerpt":"Plen\u00e1rio da C\u00e2mara dos Deputados durante sess\u00e3o solene do Congresso Nacional. Caber\u00e1 ao parlamento a decis\u00e3o final sobre a nova escala de trabalho. Foto: Leopoldo Silva\/Ag\u00eancia Senado CRISTIANO GOLDSCHMIDT A discuss\u00e3o sobre o fim da escala de trabalho 6x1 no Brasil tem ganhado centralidade no debate p\u00fablico contempor\u00e2neo por tocar\u2026","rel":"","context":"Em &quot;An\u00e1lise&amp;Opini\u00e3o&quot;","block_context":{"text":"An\u00e1lise&amp;Opini\u00e3o","link":"https:\/\/www.jornalja.com.br\/colunas\/category\/analiseopiniao\/"},"img":{"alt_text":"","src":"https:\/\/i0.wp.com\/www.jornalja.com.br\/colunas\/wp-content\/uploads\/sites\/5\/2026\/04\/plenario-do-congresso-nacional-posse-presidencial-2023-foto-de-leopoldo-silva-agencia-senado-scaled.jpg?resize=350%2C200&ssl=1","width":350,"height":200,"srcset":"https:\/\/i0.wp.com\/www.jornalja.com.br\/colunas\/wp-content\/uploads\/sites\/5\/2026\/04\/plenario-do-congresso-nacional-posse-presidencial-2023-foto-de-leopoldo-silva-agencia-senado-scaled.jpg?resize=350%2C200&ssl=1 1x, https:\/\/i0.wp.com\/www.jornalja.com.br\/colunas\/wp-content\/uploads\/sites\/5\/2026\/04\/plenario-do-congresso-nacional-posse-presidencial-2023-foto-de-leopoldo-silva-agencia-senado-scaled.jpg?resize=525%2C300&ssl=1 1.5x, https:\/\/i0.wp.com\/www.jornalja.com.br\/colunas\/wp-content\/uploads\/sites\/5\/2026\/04\/plenario-do-congresso-nacional-posse-presidencial-2023-foto-de-leopoldo-silva-agencia-senado-scaled.jpg?resize=700%2C400&ssl=1 2x, https:\/\/i0.wp.com\/www.jornalja.com.br\/colunas\/wp-content\/uploads\/sites\/5\/2026\/04\/plenario-do-congresso-nacional-posse-presidencial-2023-foto-de-leopoldo-silva-agencia-senado-scaled.jpg?resize=1050%2C600&ssl=1 3x, https:\/\/i0.wp.com\/www.jornalja.com.br\/colunas\/wp-content\/uploads\/sites\/5\/2026\/04\/plenario-do-congresso-nacional-posse-presidencial-2023-foto-de-leopoldo-silva-agencia-senado-scaled.jpg?resize=1400%2C800&ssl=1 4x"},"classes":[]},{"id":84703,"url":"https:\/\/www.jornalja.com.br\/colunas\/tiradentes-o-martir-que-ainda-nos-observa-e-as-inquietacoes-de-um-brasil-inacabado\/","url_meta":{"origin":83847,"position":5},"title":"Tiradentes: o M\u00e1rtir que ainda nos observa e as inquieta\u00e7\u00f5es de um Brasil inacabado","author":"da Reda\u00e7\u00e3o","date":"21 de abril de 2026","format":false,"excerpt":"CRISTIANO GOLDSCHMIDT H\u00e1 datas que n\u00e3o se imp\u00f5em pelo alarde, mas pela persist\u00eancia silenciosa com que atravessam os s\u00e9culos e se insinuam na consci\u00eancia coletiva. O 21 de abril pertence a essa estirpe discreta. N\u00e3o chega ornado de euforia, tampouco se anuncia com a grandiloqu\u00eancia de outras celebra\u00e7\u00f5es; antes, aproxima-se\u2026","rel":"","context":"Em &quot;An\u00e1lise&amp;Opini\u00e3o&quot;","block_context":{"text":"An\u00e1lise&amp;Opini\u00e3o","link":"https:\/\/www.jornalja.com.br\/colunas\/category\/analiseopiniao\/"},"img":{"alt_text":"","src":"https:\/\/i0.wp.com\/www.jornalja.com.br\/colunas\/wp-content\/uploads\/sites\/5\/2026\/04\/tiradentes-esquartejado-1893-do-artista-pedro-americo.jpg?resize=350%2C200&ssl=1","width":350,"height":200,"srcset":"https:\/\/i0.wp.com\/www.jornalja.com.br\/colunas\/wp-content\/uploads\/sites\/5\/2026\/04\/tiradentes-esquartejado-1893-do-artista-pedro-americo.jpg?resize=350%2C200&ssl=1 1x, https:\/\/i0.wp.com\/www.jornalja.com.br\/colunas\/wp-content\/uploads\/sites\/5\/2026\/04\/tiradentes-esquartejado-1893-do-artista-pedro-americo.jpg?resize=525%2C300&ssl=1 1.5x, https:\/\/i0.wp.com\/www.jornalja.com.br\/colunas\/wp-content\/uploads\/sites\/5\/2026\/04\/tiradentes-esquartejado-1893-do-artista-pedro-americo.jpg?resize=700%2C400&ssl=1 2x, https:\/\/i0.wp.com\/www.jornalja.com.br\/colunas\/wp-content\/uploads\/sites\/5\/2026\/04\/tiradentes-esquartejado-1893-do-artista-pedro-americo.jpg?resize=1050%2C600&ssl=1 3x"},"classes":[]}],"jetpack_shortlink":"https:\/\/wp.me\/pbKo0s-lOn","jetpack_sharing_enabled":true,"_links":{"self":[{"href":"https:\/\/www.jornalja.com.br\/colunas\/wp-json\/wp\/v2\/posts\/83847","targetHints":{"allow":["GET"]}}],"collection":[{"href":"https:\/\/www.jornalja.com.br\/colunas\/wp-json\/wp\/v2\/posts"}],"about":[{"href":"https:\/\/www.jornalja.com.br\/colunas\/wp-json\/wp\/v2\/types\/post"}],"author":[{"embeddable":true,"href":"https:\/\/www.jornalja.com.br\/colunas\/wp-json\/wp\/v2\/users\/11"}],"replies":[{"embeddable":true,"href":"https:\/\/www.jornalja.com.br\/colunas\/wp-json\/wp\/v2\/comments?post=83847"}],"version-history":[{"count":1,"href":"https:\/\/www.jornalja.com.br\/colunas\/wp-json\/wp\/v2\/posts\/83847\/revisions"}],"predecessor-version":[{"id":83850,"href":"https:\/\/www.jornalja.com.br\/colunas\/wp-json\/wp\/v2\/posts\/83847\/revisions\/83850"}],"wp:attachment":[{"href":"https:\/\/www.jornalja.com.br\/colunas\/wp-json\/wp\/v2\/media?parent=83847"}],"wp:term":[{"taxonomy":"category","embeddable":true,"href":"https:\/\/www.jornalja.com.br\/colunas\/wp-json\/wp\/v2\/categories?post=83847"},{"taxonomy":"post_tag","embeddable":true,"href":"https:\/\/www.jornalja.com.br\/colunas\/wp-json\/wp\/v2\/tags?post=83847"}],"curies":[{"name":"wp","href":"https:\/\/api.w.org\/{rel}","templated":true}]}}