{"id":83939,"date":"2023-05-31T23:38:03","date_gmt":"2023-06-01T02:38:03","guid":{"rendered":"https:\/\/www.jornalja.com.br\/geral\/?p=95508"},"modified":"2023-05-31T23:39:06","modified_gmt":"2023-06-01T02:39:06","slug":"na-novela-na-cpi-no-campo-nas-cidades-a-disputa-pela-terra-no-brasil","status":"publish","type":"post","link":"https:\/\/www.jornalja.com.br\/colunas\/na-novela-na-cpi-no-campo-nas-cidades-a-disputa-pela-terra-no-brasil\/","title":{"rendered":"Na novela, na CPI, no campo, nas cidades: a disputa pela terra no Brasil"},"content":{"rendered":"<p>Na novela da Globo, o conflito entre um coronel dono de terras e a vi\u00fava de um posseiro.<\/p>\n<p>No\u00a0 Congresso uma CPMI para investigar o Movimento dos Sem Terra.<\/p>\n<p>Em diversos pontos do Brasil, o protesto dos ind\u00edgenas contra o marco temporal para demarca\u00e7\u00e3o de suas terras.<\/p>\n<p>No bairro do Santinho, em Florian\u00f3polis, a campanha dos moradores contra condom\u00ednio que vai tomar o terreno que eles usam como pra\u00e7a.<\/p>\n<p>A quest\u00e3o da terra no Brasil, sua posse e seu uso, s\u00f3 est\u00e1 fora do notici\u00e1rio dos grandes ve\u00edculos de comunica\u00e7\u00e3o.<\/p>\n<p>\u00c9 a quest\u00e3o mais antiga, que remonta \u00e0s origens do Brasil.<\/p>\n<p>Antes de ser um territ\u00f3rio conhecido,\u00a0 j\u00e1 era alvo de disputa.<\/p>\n<p>A concess\u00e3o de terras a s\u00faditos fi\u00e9is foi o principal instrumento do imp\u00e9rio portugu\u00eas\u00a0 para garantir o seus dom\u00ednios.<\/p>\n<p>A\u00ed formou-se uma casta de propriet\u00e1rios de terras, que anda hoje vivem e se reproduzem \u00e0 sombra do poder que sustentam e\u00a0 que lhes garante os privil\u00e9gios.<\/p>\n<p>A aus\u00eancia do tema no notici\u00e1rio corrente revela a incapacidade dos meios tradicionais para abordar as quest\u00f5es que realmente importam.<\/p>\n<p>&nbsp;<\/p>\n<p>&nbsp;<\/p>\n<p>&nbsp;<\/p>\n<p>&nbsp;<\/p>\n","protected":false},"excerpt":{"rendered":"<p>Na novela da Globo, o conflito entre um coronel dono de terras e a vi\u00fava de um posseiro. No\u00a0 Congresso uma CPMI para investigar o Movimento dos Sem Terra. Em diversos pontos do Brasil, o protesto dos ind\u00edgenas contra o marco temporal para demarca\u00e7\u00e3o de suas terras. No bairro do Santinho, em Florian\u00f3polis, a campanha [&hellip;]<\/p>\n","protected":false},"author":5,"featured_media":0,"comment_status":"open","ping_status":"open","sticky":false,"template":"","format":"standard","meta":{"jetpack_post_was_ever_published":false,"_jetpack_newsletter_access":"","_jetpack_dont_email_post_to_subs":false,"_jetpack_newsletter_tier_id":0,"_jetpack_memberships_contains_paywalled_content":false,"_jetpack_memberships_contains_paid_content":false,"footnotes":"","jetpack_publicize_message":"","jetpack_publicize_feature_enabled":true,"jetpack_social_post_already_shared":false,"jetpack_social_options":{"image_generator_settings":{"template":"highway","default_image_id":0,"font":"","enabled":false},"version":2}},"categories":[2],"tags":[],"class_list":["post-83939","post","type-post","status-publish","format-standard","hentry","category-analiseopiniao"],"aioseo_notices":[],"jetpack_publicize_connections":[],"jetpack_featured_media_url":"","jetpack-related-posts":[{"id":84690,"url":"https:\/\/www.jornalja.com.br\/colunas\/17-de-abril-de-1996-30-anos-do-massacre-de-eldorado-do-carajas\/","url_meta":{"origin":83939,"position":0},"title":"17 de abril de 1996: 30 anos do Massacre de Eldorado do Caraj\u00e1s","author":"da Reda\u00e7\u00e3o","date":"17 de abril de 2026","format":false,"excerpt":"Cruz marca o local do massacre em Eldorado dos Caraj\u00e1s, Par\u00e1. Foto: Marcello Casal Jr.\/Arquivo ABr CRISTIANO GOLDSCHMIDT H\u00e1 datas que n\u00e3o passam. Ficam suspensas no tempo como poeira vermelha sobre a pele \u2014 insistem, infiltram-se, recusam o esquecimento. Abril, no sul do Par\u00e1, \u00e9 sempre um m\u00eas que arde.\u2026","rel":"","context":"Em &quot;An\u00e1lise&amp;Opini\u00e3o&quot;","block_context":{"text":"An\u00e1lise&amp;Opini\u00e3o","link":"https:\/\/www.jornalja.com.br\/colunas\/category\/analiseopiniao\/"},"img":{"alt_text":"","src":"https:\/\/i0.wp.com\/www.jornalja.com.br\/colunas\/wp-content\/uploads\/sites\/5\/2026\/04\/mc006.jpg?resize=350%2C200&ssl=1","width":350,"height":200,"srcset":"https:\/\/i0.wp.com\/www.jornalja.com.br\/colunas\/wp-content\/uploads\/sites\/5\/2026\/04\/mc006.jpg?resize=350%2C200&ssl=1 1x, https:\/\/i0.wp.com\/www.jornalja.com.br\/colunas\/wp-content\/uploads\/sites\/5\/2026\/04\/mc006.jpg?resize=525%2C300&ssl=1 1.5x, https:\/\/i0.wp.com\/www.jornalja.com.br\/colunas\/wp-content\/uploads\/sites\/5\/2026\/04\/mc006.jpg?resize=700%2C400&ssl=1 2x, https:\/\/i0.wp.com\/www.jornalja.com.br\/colunas\/wp-content\/uploads\/sites\/5\/2026\/04\/mc006.jpg?resize=1050%2C600&ssl=1 3x, https:\/\/i0.wp.com\/www.jornalja.com.br\/colunas\/wp-content\/uploads\/sites\/5\/2026\/04\/mc006.jpg?resize=1400%2C800&ssl=1 4x"},"classes":[]},{"id":84714,"url":"https:\/\/www.jornalja.com.br\/colunas\/22-de-abril-o-instante-em-que-o-brasil-passa-a-existir-para-o-mundo-europeu\/","url_meta":{"origin":83939,"position":1},"title":"22 de abril: o instante em que o Brasil \u201cpassa a existir\u201d para o mundo europeu","author":"Patr\u00edcia Marini","date":"22 de abril de 2026","format":false,"excerpt":"CRISTIANO GOLDSCHMIDT Era 22 de abril de 1500 \u2014 ou, ao menos, \u00e9 assim que nos habituamos a dizer, com a serenidade quase ing\u00eanua de quem domestica o passado em datas redondas e memor\u00e1veis. Naquele dia, a esquadra comandada por Pedro \u00c1lvares Cabral avistou terra ap\u00f3s semanas de travessia pelo\u2026","rel":"","context":"Em &quot;An\u00e1lise&amp;Opini\u00e3o&quot;","block_context":{"text":"An\u00e1lise&amp;Opini\u00e3o","link":"https:\/\/www.jornalja.com.br\/colunas\/category\/analiseopiniao\/"},"img":{"alt_text":"","src":"https:\/\/i0.wp.com\/www.jornalja.com.br\/colunas\/wp-content\/uploads\/sites\/5\/2026\/04\/desembarque-de-cabral-scaled.jpg?resize=350%2C200&ssl=1","width":350,"height":200,"srcset":"https:\/\/i0.wp.com\/www.jornalja.com.br\/colunas\/wp-content\/uploads\/sites\/5\/2026\/04\/desembarque-de-cabral-scaled.jpg?resize=350%2C200&ssl=1 1x, https:\/\/i0.wp.com\/www.jornalja.com.br\/colunas\/wp-content\/uploads\/sites\/5\/2026\/04\/desembarque-de-cabral-scaled.jpg?resize=525%2C300&ssl=1 1.5x, https:\/\/i0.wp.com\/www.jornalja.com.br\/colunas\/wp-content\/uploads\/sites\/5\/2026\/04\/desembarque-de-cabral-scaled.jpg?resize=700%2C400&ssl=1 2x, https:\/\/i0.wp.com\/www.jornalja.com.br\/colunas\/wp-content\/uploads\/sites\/5\/2026\/04\/desembarque-de-cabral-scaled.jpg?resize=1050%2C600&ssl=1 3x, https:\/\/i0.wp.com\/www.jornalja.com.br\/colunas\/wp-content\/uploads\/sites\/5\/2026\/04\/desembarque-de-cabral-scaled.jpg?resize=1400%2C800&ssl=1 4x"},"classes":[]},{"id":84557,"url":"https:\/\/www.jornalja.com.br\/colunas\/entrevista-com-leonel-brizola-como-nascem-as-falsificacoes-historicas\/","url_meta":{"origin":83939,"position":2},"title":"Entrevista com Leonel Brizola: Como nascem as falsifica\u00e7\u00f5es hist\u00f3ricas","author":"An\u00e1lise &amp; Opini\u00e3o","date":"2 de mar\u00e7o de 2026","format":false,"excerpt":"SILVANA MOURA Mais do que direito \u00e0 Hist\u00f3ria, temos o direito \u00e0 verdade da Hist\u00f3ria, para evitar um passado falsificado, supostamente \u201climpo\u201d, eivado de manipula\u00e7\u00e3o e pretensa uniformidade. Em 1996 realizei, em Carazinho, uma Entrevista de Hist\u00f3ria Oral (sou Historiadora e trabalho com Hist\u00f3ria Oral h\u00e1 40 anos) com Leonel\u2026","rel":"","context":"Em &quot;An\u00e1lise&amp;Opini\u00e3o&quot;","block_context":{"text":"An\u00e1lise&amp;Opini\u00e3o","link":"https:\/\/www.jornalja.com.br\/colunas\/category\/analiseopiniao\/"},"img":{"alt_text":"","src":"","width":0,"height":0},"classes":[]},{"id":84703,"url":"https:\/\/www.jornalja.com.br\/colunas\/tiradentes-o-martir-que-ainda-nos-observa-e-as-inquietacoes-de-um-brasil-inacabado\/","url_meta":{"origin":83939,"position":3},"title":"Tiradentes: o M\u00e1rtir que ainda nos observa e as inquieta\u00e7\u00f5es de um Brasil inacabado","author":"da Reda\u00e7\u00e3o","date":"21 de abril de 2026","format":false,"excerpt":"CRISTIANO GOLDSCHMIDT H\u00e1 datas que n\u00e3o se imp\u00f5em pelo alarde, mas pela persist\u00eancia silenciosa com que atravessam os s\u00e9culos e se insinuam na consci\u00eancia coletiva. O 21 de abril pertence a essa estirpe discreta. N\u00e3o chega ornado de euforia, tampouco se anuncia com a grandiloqu\u00eancia de outras celebra\u00e7\u00f5es; antes, aproxima-se\u2026","rel":"","context":"Em &quot;An\u00e1lise&amp;Opini\u00e3o&quot;","block_context":{"text":"An\u00e1lise&amp;Opini\u00e3o","link":"https:\/\/www.jornalja.com.br\/colunas\/category\/analiseopiniao\/"},"img":{"alt_text":"","src":"https:\/\/i0.wp.com\/www.jornalja.com.br\/colunas\/wp-content\/uploads\/sites\/5\/2026\/04\/tiradentes-esquartejado-1893-do-artista-pedro-americo.jpg?resize=350%2C200&ssl=1","width":350,"height":200,"srcset":"https:\/\/i0.wp.com\/www.jornalja.com.br\/colunas\/wp-content\/uploads\/sites\/5\/2026\/04\/tiradentes-esquartejado-1893-do-artista-pedro-americo.jpg?resize=350%2C200&ssl=1 1x, https:\/\/i0.wp.com\/www.jornalja.com.br\/colunas\/wp-content\/uploads\/sites\/5\/2026\/04\/tiradentes-esquartejado-1893-do-artista-pedro-americo.jpg?resize=525%2C300&ssl=1 1.5x, https:\/\/i0.wp.com\/www.jornalja.com.br\/colunas\/wp-content\/uploads\/sites\/5\/2026\/04\/tiradentes-esquartejado-1893-do-artista-pedro-americo.jpg?resize=700%2C400&ssl=1 2x, https:\/\/i0.wp.com\/www.jornalja.com.br\/colunas\/wp-content\/uploads\/sites\/5\/2026\/04\/tiradentes-esquartejado-1893-do-artista-pedro-americo.jpg?resize=1050%2C600&ssl=1 3x"},"classes":[]},{"id":84737,"url":"https:\/\/www.jornalja.com.br\/colunas\/dia-internacional-da-educacao-o-brasil-que-se-revela-na-sala-de-aula\/","url_meta":{"origin":83939,"position":4},"title":"Dia Internacional da Educa\u00e7\u00e3o: o Brasil que se revela na sala de aula","author":"An\u00e1lise &amp; Opini\u00e3o","date":"28 de abril de 2026","format":false,"excerpt":"CRISTIANO GOLDSCHMIDT A educa\u00e7\u00e3o n\u00e3o se deixa apreender como um simples conceito est\u00e1vel ou como um consenso j\u00e1 dado. Ela se apresenta, antes, como um campo de tens\u00f5es, no qual se entrecruzam disputas de sentido, sil\u00eancios hist\u00f3ricos e projetos de sociedade. Pensar a educa\u00e7\u00e3o, nesse horizonte, implica reconhecer que educar\u2026","rel":"","context":"Em &quot;An\u00e1lise&amp;Opini\u00e3o&quot;","block_context":{"text":"An\u00e1lise&amp;Opini\u00e3o","link":"https:\/\/www.jornalja.com.br\/colunas\/category\/analiseopiniao\/"},"img":{"alt_text":"","src":"https:\/\/i0.wp.com\/www.jornalja.com.br\/colunas\/wp-content\/uploads\/sites\/5\/2026\/04\/image-1.png?resize=350%2C200&ssl=1","width":350,"height":200,"srcset":"https:\/\/i0.wp.com\/www.jornalja.com.br\/colunas\/wp-content\/uploads\/sites\/5\/2026\/04\/image-1.png?resize=350%2C200&ssl=1 1x, https:\/\/i0.wp.com\/www.jornalja.com.br\/colunas\/wp-content\/uploads\/sites\/5\/2026\/04\/image-1.png?resize=525%2C300&ssl=1 1.5x, https:\/\/i0.wp.com\/www.jornalja.com.br\/colunas\/wp-content\/uploads\/sites\/5\/2026\/04\/image-1.png?resize=700%2C400&ssl=1 2x"},"classes":[]},{"id":84622,"url":"https:\/\/www.jornalja.com.br\/colunas\/13-de-abril-queriam-transformar-o-hino-nacional-em-grito-de-guerra-mas-ele-insiste-em-ser-canto-de-paz\/","url_meta":{"origin":83939,"position":5},"title":"13 de abril: Queriam transformar o Hino Nacional em grito de guerra, mas ele insiste em ser canto de paz","author":"da Reda\u00e7\u00e3o","date":"13 de abril de 2026","format":false,"excerpt":"CRISTIANO GOLDSCHMIDT No calend\u00e1rio das datas c\u00edvicas, o 13 de abril passa quase em sil\u00eancio, como um acorde sustentado que poucos escutam at\u00e9 o fim. N\u00e3o h\u00e1 fogos, n\u00e3o h\u00e1 desfiles grandiosos, n\u00e3o h\u00e1 a coreografia ensaiada das celebra\u00e7\u00f5es que se imp\u00f5em ao olhar. H\u00e1, antes, uma esp\u00e9cie de pausa\u2026","rel":"","context":"Em &quot;An\u00e1lise&amp;Opini\u00e3o&quot;","block_context":{"text":"An\u00e1lise&amp;Opini\u00e3o","link":"https:\/\/www.jornalja.com.br\/colunas\/category\/analiseopiniao\/"},"img":{"alt_text":"","src":"https:\/\/i0.wp.com\/www.jornalja.com.br\/colunas\/wp-content\/uploads\/sites\/5\/2026\/04\/imagem-do-poeta-brasileiro-joaquim-osorio-duque-estrada-autor-da-letra-do-hino-nacional-escaneada-do-livro-flora-de-maio-edicao-de-1902.jpg?resize=350%2C200&ssl=1","width":350,"height":200,"srcset":"https:\/\/i0.wp.com\/www.jornalja.com.br\/colunas\/wp-content\/uploads\/sites\/5\/2026\/04\/imagem-do-poeta-brasileiro-joaquim-osorio-duque-estrada-autor-da-letra-do-hino-nacional-escaneada-do-livro-flora-de-maio-edicao-de-1902.jpg?resize=350%2C200&ssl=1 1x, https:\/\/i0.wp.com\/www.jornalja.com.br\/colunas\/wp-content\/uploads\/sites\/5\/2026\/04\/imagem-do-poeta-brasileiro-joaquim-osorio-duque-estrada-autor-da-letra-do-hino-nacional-escaneada-do-livro-flora-de-maio-edicao-de-1902.jpg?resize=525%2C300&ssl=1 1.5x"},"classes":[]}],"jetpack_shortlink":"https:\/\/wp.me\/pbKo0s-lPR","jetpack_sharing_enabled":true,"_links":{"self":[{"href":"https:\/\/www.jornalja.com.br\/colunas\/wp-json\/wp\/v2\/posts\/83939","targetHints":{"allow":["GET"]}}],"collection":[{"href":"https:\/\/www.jornalja.com.br\/colunas\/wp-json\/wp\/v2\/posts"}],"about":[{"href":"https:\/\/www.jornalja.com.br\/colunas\/wp-json\/wp\/v2\/types\/post"}],"author":[{"embeddable":true,"href":"https:\/\/www.jornalja.com.br\/colunas\/wp-json\/wp\/v2\/users\/5"}],"replies":[{"embeddable":true,"href":"https:\/\/www.jornalja.com.br\/colunas\/wp-json\/wp\/v2\/comments?post=83939"}],"version-history":[{"count":1,"href":"https:\/\/www.jornalja.com.br\/colunas\/wp-json\/wp\/v2\/posts\/83939\/revisions"}],"predecessor-version":[{"id":83942,"href":"https:\/\/www.jornalja.com.br\/colunas\/wp-json\/wp\/v2\/posts\/83939\/revisions\/83942"}],"wp:attachment":[{"href":"https:\/\/www.jornalja.com.br\/colunas\/wp-json\/wp\/v2\/media?parent=83939"}],"wp:term":[{"taxonomy":"category","embeddable":true,"href":"https:\/\/www.jornalja.com.br\/colunas\/wp-json\/wp\/v2\/categories?post=83939"},{"taxonomy":"post_tag","embeddable":true,"href":"https:\/\/www.jornalja.com.br\/colunas\/wp-json\/wp\/v2\/tags?post=83939"}],"curies":[{"name":"wp","href":"https:\/\/api.w.org\/{rel}","templated":true}]}}