{"id":84095,"date":"2024-02-04T09:12:50","date_gmt":"2024-02-04T12:12:50","guid":{"rendered":"https:\/\/www.jornalja.com.br\/cultura\/?p=89039"},"modified":"2024-02-06T19:04:38","modified_gmt":"2024-02-06T22:04:38","slug":"200-anos-da-divida-que-estrangula-o-brasil","status":"publish","type":"post","link":"https:\/\/www.jornalja.com.br\/colunas\/200-anos-da-divida-que-estrangula-o-brasil\/","title":{"rendered":"GERALDO HASSE\/ 200 anos da d\u00edvida que estrangula o Brasil"},"content":{"rendered":"<p><strong>Geraldo Hasse<\/strong><\/p>\n<p>Este ano a d\u00edvida p\u00fablica brasileira est\u00e1 completando 200 anos. Come\u00e7ou com 2 milh\u00f5es de libras esterlinas emprestados pelos Rottschild ingleses ao governo do imperador Pedro I.<\/p>\n<p>A grana foi usada para pagar Portugal, que se colocou como credor do valor negociado. O Brasil independente<br \/>\nsofreu na origem com uma facada internacional que vem se perpetuando. E assim estamos at\u00e9 hoje.<\/p>\n<p>Aquela d\u00edvida original foi sendo rolada e ampliada at\u00e9 o valor atual da ordem de R$ 6,5 trilh\u00f5es, cujo \u201cservi\u00e7o\u201d<br \/>\n(juros e amortiza\u00e7\u00f5es) nos custou mais de R$ 1,89 trilh\u00f5es bilh\u00f5es em 2023.<\/p>\n<figure id=\"attachment_89044\" aria-describedby=\"caption-attachment-89044\" style=\"width: 566px\" class=\"wp-caption alignnone\"><img decoding=\"async\" class=\"size-full wp-image-89044\" src=\"https:\/\/www.jornalja.com.br\/cultura\/wp-content\/uploads\/sites\/2\/2024\/02\/divida-publica-grafico-de-2023.png\" alt=\"\" width=\"566\" height=\"422\" \/><figcaption id=\"caption-attachment-89044\" class=\"wp-caption-text\">O que o Brasil pagou em 2023 (Grafico atualizado pela Auditoria Cidad\u00e3 da D\u00edvida)<\/figcaption><\/figure>\n<p>Est\u00e1 previsto que no final deste ano a d\u00edvida p\u00fablica passar\u00e1 de R$ 7 trilh\u00f5es. Uma merreca impag\u00e1vel! E fica o ministro Haddad buscando fazer economia dos recursos dispon\u00edveis no Tesouro Nacional e o Lula manobrando para conseguir grana do Or\u00e7amento, para investir em educa\u00e7\u00e3o, sa\u00fade e infraestrutura. A \u00fanica despesa que se aproxima do valor da d\u00edvida p\u00fablica \u00e9 a da previd\u00eancia (R$ 867 bilh\u00f5es em 2023), menos da metade.<\/p>\n<p>Esta \u00e9 um direito social de milh\u00f5es de brasileiros, enquanto a d\u00edvida p\u00fablica \u00e9 uma arma\u00e7\u00e3o em favor<br \/>\nde rentistas, banqueiros e especuladores\/investidores em t\u00edtulos do Tesouro.<br \/>\nN\u00e3o se entende por que a diplomacia brasileira n\u00e3o pega o touro pelos chifres.<\/p>\n<p>Na \u00faltima vez em que surgiu uma oportunidade de dar um chega-pra-l\u00e1 nas sanguessugas grudadas em nossas pernas subdesenvolvidas, o ministro da Fazenda Pedro Malan elevou os juros da d\u00edvida\u00a0 para 49% ao ano.<\/p>\n<p>Foi tempor\u00e1rio, at\u00e9 voltar \u00e0 normalidade dos juros de dois d\u00edgitos, bem acima da pr\u00e1tica internacional (hoje est\u00e1 em<br \/>\npouco mais de 11%).<\/p>\n<p>Nessa \u00e9poca, em pleno governo do pr\u00edncipe FHC, Malan<br \/>\nlegou \u00e0 posteridade uma frase hist\u00f3rica: \u201cO rabo est\u00e1 balan\u00e7ando o cachorro\u201d.<\/p>\n<p>Continua balan\u00e7ando e, em lugar do Malan, est\u00e1 no comando do BC o neto do rapos\u00e3o Roberto Campos. At\u00e9 quando essa espiral de agiotagem vai continuar sufocando a capacidade de desenvolvimento do<br \/>\nBrasil?<br \/>\nHoje, por incr\u00edvel que pare\u00e7a, s\u00e3o mulheres que reclamam justi\u00e7a nesse campo. H\u00e1 anos a auditora fiscal aposentada Maria Lucia Fatorelli advoga a realiza\u00e7\u00e3o de uma auditoria da d\u00edvida.<\/p>\n<p>Segundo ela, a d\u00edvida j\u00e1 foi paga h\u00e1 anos e o Brasil est\u00e1 sendo simplesmente bicado pelos abutres do<br \/>\nmercado financeiro.<\/p>\n<p>Fatorelli deu uma bem-sucedida consultoria ao<br \/>\nEquador, mas aqui entre n\u00f3s quase n\u00e3o lhe d\u00e3o ouvidos.<\/p>\n<p>Agora est\u00e1 sendo lan\u00e7ado pela Boitempo no Brasil o livro A Ordem do Capital, da italiana Clara E. Mattei, que afirma que a austeridade fiscal praticada pelo governo brasileiro \u00e9 um biombo que protege os rentistas e espolia as classes trabalhadoras.<\/p>\n<p>No site Outras Palavras, a autora afirma que o<br \/>\nmaior problema do Brasil \u00e9 o endividamento p\u00fablico, mas as autoridades nacionais parecem indiferentes a esse esc\u00e2ndalo \u201cnormalizado\u201d por todo mundo, da m\u00eddia ao parlamento, passando pelo TCU, a Procuradoria Geral<br \/>\nda Rep\u00fablica e demais servidores da rep\u00fablica.<br \/>\nEnquanto vai pagando a d\u00edvida, o Brasil vai privando a popula\u00e7\u00e3o brasileira de investimentos em melhorias sociais e obras materiais.<\/p>\n","protected":false},"excerpt":{"rendered":"<p>Geraldo Hasse Este ano a d\u00edvida p\u00fablica brasileira est\u00e1 completando 200 anos. Come\u00e7ou com 2 milh\u00f5es de libras esterlinas emprestados pelos Rottschild ingleses ao governo do imperador Pedro I. A grana foi usada para pagar Portugal, que se colocou como credor do valor negociado. O Brasil independente sofreu na origem com uma facada internacional que [&hellip;]<\/p>\n","protected":false},"author":11,"featured_media":0,"comment_status":"closed","ping_status":"open","sticky":false,"template":"","format":"standard","meta":{"jetpack_post_was_ever_published":false,"_jetpack_newsletter_access":"","_jetpack_dont_email_post_to_subs":false,"_jetpack_newsletter_tier_id":0,"_jetpack_memberships_contains_paywalled_content":false,"_jetpack_memberships_contains_paid_content":false,"footnotes":"","jetpack_publicize_message":"","jetpack_publicize_feature_enabled":true,"jetpack_social_post_already_shared":true,"jetpack_social_options":{"image_generator_settings":{"template":"highway","default_image_id":0,"font":"","enabled":false},"version":2}},"categories":[2],"tags":[],"class_list":["post-84095","post","type-post","status-publish","format-standard","hentry","category-analiseopiniao"],"aioseo_notices":[],"jetpack_publicize_connections":[],"jetpack_featured_media_url":"","jetpack-related-posts":[{"id":84617,"url":"https:\/\/www.jornalja.com.br\/colunas\/o-candidato-de-si-mesmo\/","url_meta":{"origin":84095,"position":0},"title":"O candidato de si mesmo","author":"da Reda\u00e7\u00e3o","date":"10 de abril de 2026","format":false,"excerpt":"Sem emplacar nacionalmente, Leite pode ficar quatro anos sem mandato. Foto Jo\u00e3o Pedro Rodrigues\/SecomRS ELMAR BONES Ningu\u00e9m \u00e9 candidato de si mesmo. Essa \u00e9 a regra n\u00e3o escrita da pol\u00edtica partid\u00e1ria, que as velhas raposas n\u00e3o cansam de repetir aos novatos. Eduardo Leite parece n\u00e3o t\u00ea-la aprendido. Ele n\u00e3o tem\u2026","rel":"","context":"Em &quot;An\u00e1lise&amp;Opini\u00e3o&quot;","block_context":{"text":"An\u00e1lise&amp;Opini\u00e3o","link":"https:\/\/www.jornalja.com.br\/colunas\/category\/analiseopiniao\/"},"img":{"alt_text":"","src":"https:\/\/i0.wp.com\/www.jornalja.com.br\/colunas\/wp-content\/uploads\/sites\/5\/2026\/04\/infraestrutura-escolar.jpeg?resize=350%2C200&ssl=1","width":350,"height":200,"srcset":"https:\/\/i0.wp.com\/www.jornalja.com.br\/colunas\/wp-content\/uploads\/sites\/5\/2026\/04\/infraestrutura-escolar.jpeg?resize=350%2C200&ssl=1 1x, https:\/\/i0.wp.com\/www.jornalja.com.br\/colunas\/wp-content\/uploads\/sites\/5\/2026\/04\/infraestrutura-escolar.jpeg?resize=525%2C300&ssl=1 1.5x, https:\/\/i0.wp.com\/www.jornalja.com.br\/colunas\/wp-content\/uploads\/sites\/5\/2026\/04\/infraestrutura-escolar.jpeg?resize=700%2C400&ssl=1 2x"},"classes":[]},{"id":84564,"url":"https:\/\/www.jornalja.com.br\/colunas\/a-nova-celulose-a-beira-do-guaiba-e-o-risco-de-repetir-a-borregaard\/","url_meta":{"origin":84095,"position":1},"title":"A nova celulose \u00e0 beira do Gua\u00edba e o risco de repetir a Borregaard","author":"An\u00e1lise &amp; Opini\u00e3o","date":"6 de mar\u00e7o de 2026","format":false,"excerpt":"ELMAR BONES No dia 16 de mar\u00e7o de 1972 foi inaugurada a Ind\u00fastria de Celulose Borregaard, em Gua\u00edba, com a presen\u00e7a das mais altas autoridades e manchetes ufanistas em todos os jornais. Inaugura\u00e7\u00e3o da f\u00e1brica em Gua\u00edba, no ano de 1972. Foto Reprodu\u00e7\u00e3o Arquivo\/CeluloseRioGrandense Seria uma das maiores f\u00e1bricas em\u2026","rel":"","context":"Em &quot;An\u00e1lise&amp;Opini\u00e3o&quot;","block_context":{"text":"An\u00e1lise&amp;Opini\u00e3o","link":"https:\/\/www.jornalja.com.br\/colunas\/category\/analiseopiniao\/"},"img":{"alt_text":"","src":"https:\/\/i0.wp.com\/www.jornalja.com.br\/colunas\/wp-content\/uploads\/sites\/5\/2026\/03\/20260306-112140-scaled.jpg?resize=350%2C200&ssl=1","width":350,"height":200,"srcset":"https:\/\/i0.wp.com\/www.jornalja.com.br\/colunas\/wp-content\/uploads\/sites\/5\/2026\/03\/20260306-112140-scaled.jpg?resize=350%2C200&ssl=1 1x, https:\/\/i0.wp.com\/www.jornalja.com.br\/colunas\/wp-content\/uploads\/sites\/5\/2026\/03\/20260306-112140-scaled.jpg?resize=525%2C300&ssl=1 1.5x, https:\/\/i0.wp.com\/www.jornalja.com.br\/colunas\/wp-content\/uploads\/sites\/5\/2026\/03\/20260306-112140-scaled.jpg?resize=700%2C400&ssl=1 2x, https:\/\/i0.wp.com\/www.jornalja.com.br\/colunas\/wp-content\/uploads\/sites\/5\/2026\/03\/20260306-112140-scaled.jpg?resize=1050%2C600&ssl=1 3x, https:\/\/i0.wp.com\/www.jornalja.com.br\/colunas\/wp-content\/uploads\/sites\/5\/2026\/03\/20260306-112140-scaled.jpg?resize=1400%2C800&ssl=1 4x"},"classes":[]},{"id":84725,"url":"https:\/\/www.jornalja.com.br\/colunas\/e-preciso-refletir-sobre-os-mais-de-84-mil-desaparecidos-no-brasil-em-2025\/","url_meta":{"origin":84095,"position":2},"title":"\u00c9 preciso refletir sobre os mais de 84 mil desaparecidos no Brasil em 2025","author":"An\u00e1lise &amp; Opini\u00e3o","date":"23 de abril de 2026","format":false,"excerpt":"CRISTIANO GOLDSCHMIDT Em 2025, o Brasil registrou 84.760 pessoas desaparecidas, segundo dados consolidados pelo Sistema Nacional de Informa\u00e7\u00f5es de Seguran\u00e7a P\u00fablica Sinesp), vinculado ao Minist\u00e9rio da Justi\u00e7a e Seguran\u00e7a P\u00fablica. Mais do que um n\u00famero expressivo, o dado revela um fen\u00f4meno cont\u00ednuo, distribu\u00eddo no tempo e no territ\u00f3rio \u2014 e,\u2026","rel":"","context":"Em &quot;An\u00e1lise&amp;Opini\u00e3o&quot;","block_context":{"text":"An\u00e1lise&amp;Opini\u00e3o","link":"https:\/\/www.jornalja.com.br\/colunas\/category\/analiseopiniao\/"},"img":{"alt_text":"","src":"https:\/\/i0.wp.com\/www.jornalja.com.br\/colunas\/wp-content\/uploads\/sites\/5\/2026\/04\/image.png?resize=350%2C200&ssl=1","width":350,"height":200,"srcset":"https:\/\/i0.wp.com\/www.jornalja.com.br\/colunas\/wp-content\/uploads\/sites\/5\/2026\/04\/image.png?resize=350%2C200&ssl=1 1x, https:\/\/i0.wp.com\/www.jornalja.com.br\/colunas\/wp-content\/uploads\/sites\/5\/2026\/04\/image.png?resize=525%2C300&ssl=1 1.5x, https:\/\/i0.wp.com\/www.jornalja.com.br\/colunas\/wp-content\/uploads\/sites\/5\/2026\/04\/image.png?resize=700%2C400&ssl=1 2x, https:\/\/i0.wp.com\/www.jornalja.com.br\/colunas\/wp-content\/uploads\/sites\/5\/2026\/04\/image.png?resize=1050%2C600&ssl=1 3x, https:\/\/i0.wp.com\/www.jornalja.com.br\/colunas\/wp-content\/uploads\/sites\/5\/2026\/04\/image.png?resize=1400%2C800&ssl=1 4x"},"classes":[]},{"id":84557,"url":"https:\/\/www.jornalja.com.br\/colunas\/entrevista-com-leonel-brizola-como-nascem-as-falsificacoes-historicas\/","url_meta":{"origin":84095,"position":3},"title":"Entrevista com Leonel Brizola: Como nascem as falsifica\u00e7\u00f5es hist\u00f3ricas","author":"An\u00e1lise &amp; Opini\u00e3o","date":"2 de mar\u00e7o de 2026","format":false,"excerpt":"SILVANA MOURA Mais do que direito \u00e0 Hist\u00f3ria, temos o direito \u00e0 verdade da Hist\u00f3ria, para evitar um passado falsificado, supostamente \u201climpo\u201d, eivado de manipula\u00e7\u00e3o e pretensa uniformidade. Em 1996 realizei, em Carazinho, uma Entrevista de Hist\u00f3ria Oral (sou Historiadora e trabalho com Hist\u00f3ria Oral h\u00e1 40 anos) com Leonel\u2026","rel":"","context":"Em &quot;An\u00e1lise&amp;Opini\u00e3o&quot;","block_context":{"text":"An\u00e1lise&amp;Opini\u00e3o","link":"https:\/\/www.jornalja.com.br\/colunas\/category\/analiseopiniao\/"},"img":{"alt_text":"","src":"","width":0,"height":0},"classes":[]},{"id":84681,"url":"https:\/\/www.jornalja.com.br\/colunas\/recordar-zuzu-angel-50-anos-apos-sua-morte-e-um-ato-etico\/","url_meta":{"origin":84095,"position":4},"title":"Recordar Zuzu Angel 50 anos ap\u00f3s sua morte \u00e9 um ato \u00e9tico","author":"da Reda\u00e7\u00e3o","date":"16 de abril de 2026","format":false,"excerpt":"CRISTIANO GOLDSCHMIDT Cinco d\u00e9cadas transcorreram desde o silenciamento brutal de Zuzu Angel (05 de junho de 1921 - 14 de abril de 1976), e ainda assim sua voz persiste \u2014 n\u00e3o como eco esmaecido, mas como um timbre agudo que rasga o tecido do tempo e se inscreve na mem\u00f3ria\u2026","rel":"","context":"Em &quot;An\u00e1lise&amp;Opini\u00e3o&quot;","block_context":{"text":"An\u00e1lise&amp;Opini\u00e3o","link":"https:\/\/www.jornalja.com.br\/colunas\/category\/analiseopiniao\/"},"img":{"alt_text":"","src":"https:\/\/i0.wp.com\/www.jornalja.com.br\/colunas\/wp-content\/uploads\/sites\/5\/2026\/04\/zuzu-angel-1972-fotografo-desconhecido-colecao-arquivo-nacional.jpg?resize=350%2C200&ssl=1","width":350,"height":200,"srcset":"https:\/\/i0.wp.com\/www.jornalja.com.br\/colunas\/wp-content\/uploads\/sites\/5\/2026\/04\/zuzu-angel-1972-fotografo-desconhecido-colecao-arquivo-nacional.jpg?resize=350%2C200&ssl=1 1x, https:\/\/i0.wp.com\/www.jornalja.com.br\/colunas\/wp-content\/uploads\/sites\/5\/2026\/04\/zuzu-angel-1972-fotografo-desconhecido-colecao-arquivo-nacional.jpg?resize=525%2C300&ssl=1 1.5x, https:\/\/i0.wp.com\/www.jornalja.com.br\/colunas\/wp-content\/uploads\/sites\/5\/2026\/04\/zuzu-angel-1972-fotografo-desconhecido-colecao-arquivo-nacional.jpg?resize=700%2C400&ssl=1 2x, https:\/\/i0.wp.com\/www.jornalja.com.br\/colunas\/wp-content\/uploads\/sites\/5\/2026\/04\/zuzu-angel-1972-fotografo-desconhecido-colecao-arquivo-nacional.jpg?resize=1050%2C600&ssl=1 3x"},"classes":[]},{"id":84748,"url":"https:\/\/www.jornalja.com.br\/colunas\/a-literatura-brasileira-no-dia-do-trabalhador\/","url_meta":{"origin":84095,"position":5},"title":"A Literatura Brasileira no Dia do Trabalho","author":"An\u00e1lise &amp; Opini\u00e3o","date":"1 de maio de 2026","format":false,"excerpt":"Por Cristiano Goldschmidt O 1\u00ba de maio costuma ser lembrado pelo peso hist\u00f3rico das lutas trabalhistas, pelo som das manifesta\u00e7\u00f5es e pela mem\u00f3ria viva de direitos conquistados ao longo de d\u00e9cadas. No entanto, essa mesma data abriga uma outra forma de celebra\u00e7\u00e3o, menos ruidosa, mas igualmente significativa: o Dia da\u2026","rel":"","context":"Em &quot;An\u00e1lise&amp;Opini\u00e3o&quot;","block_context":{"text":"An\u00e1lise&amp;Opini\u00e3o","link":"https:\/\/www.jornalja.com.br\/colunas\/category\/analiseopiniao\/"},"img":{"alt_text":"","src":"https:\/\/i0.wp.com\/www.jornalja.com.br\/colunas\/wp-content\/uploads\/sites\/5\/2026\/05\/image-1.png?resize=350%2C200&ssl=1","width":350,"height":200,"srcset":"https:\/\/i0.wp.com\/www.jornalja.com.br\/colunas\/wp-content\/uploads\/sites\/5\/2026\/05\/image-1.png?resize=350%2C200&ssl=1 1x, https:\/\/i0.wp.com\/www.jornalja.com.br\/colunas\/wp-content\/uploads\/sites\/5\/2026\/05\/image-1.png?resize=525%2C300&ssl=1 1.5x, https:\/\/i0.wp.com\/www.jornalja.com.br\/colunas\/wp-content\/uploads\/sites\/5\/2026\/05\/image-1.png?resize=700%2C400&ssl=1 2x, https:\/\/i0.wp.com\/www.jornalja.com.br\/colunas\/wp-content\/uploads\/sites\/5\/2026\/05\/image-1.png?resize=1050%2C600&ssl=1 3x"},"classes":[]}],"jetpack_shortlink":"https:\/\/wp.me\/pbKo0s-lSn","jetpack_sharing_enabled":true,"_links":{"self":[{"href":"https:\/\/www.jornalja.com.br\/colunas\/wp-json\/wp\/v2\/posts\/84095","targetHints":{"allow":["GET"]}}],"collection":[{"href":"https:\/\/www.jornalja.com.br\/colunas\/wp-json\/wp\/v2\/posts"}],"about":[{"href":"https:\/\/www.jornalja.com.br\/colunas\/wp-json\/wp\/v2\/types\/post"}],"author":[{"embeddable":true,"href":"https:\/\/www.jornalja.com.br\/colunas\/wp-json\/wp\/v2\/users\/11"}],"replies":[{"embeddable":true,"href":"https:\/\/www.jornalja.com.br\/colunas\/wp-json\/wp\/v2\/comments?post=84095"}],"version-history":[{"count":4,"href":"https:\/\/www.jornalja.com.br\/colunas\/wp-json\/wp\/v2\/posts\/84095\/revisions"}],"predecessor-version":[{"id":84105,"href":"https:\/\/www.jornalja.com.br\/colunas\/wp-json\/wp\/v2\/posts\/84095\/revisions\/84105"}],"wp:attachment":[{"href":"https:\/\/www.jornalja.com.br\/colunas\/wp-json\/wp\/v2\/media?parent=84095"}],"wp:term":[{"taxonomy":"category","embeddable":true,"href":"https:\/\/www.jornalja.com.br\/colunas\/wp-json\/wp\/v2\/categories?post=84095"},{"taxonomy":"post_tag","embeddable":true,"href":"https:\/\/www.jornalja.com.br\/colunas\/wp-json\/wp\/v2\/tags?post=84095"}],"curies":[{"name":"wp","href":"https:\/\/api.w.org\/{rel}","templated":true}]}}