{"id":84378,"date":"2025-08-12T11:31:09","date_gmt":"2025-08-12T14:31:09","guid":{"rendered":"https:\/\/www.jornalja.com.br\/colunas\/?p=84378"},"modified":"2025-08-12T11:31:09","modified_gmt":"2025-08-12T14:31:09","slug":"paulo-brack-quem-ganha-com-a-pressa-na-decisao-sobre-a-mineracao-de-areia-no-guaiba","status":"publish","type":"post","link":"https:\/\/www.jornalja.com.br\/colunas\/paulo-brack-quem-ganha-com-a-pressa-na-decisao-sobre-a-mineracao-de-areia-no-guaiba\/","title":{"rendered":"PAULO BRACK \/ Quem ganha com a pressa na decis\u00e3o sobre a minera\u00e7\u00e3o de areia no Gua\u00edba?"},"content":{"rendered":"<p>A explora\u00e7\u00e3o de areia no rio Jacu\u00ed foi desastrosa e causou desbarrancamento e altera\u00e7\u00f5es na margem do rio, com preju\u00edzos \u00e0 vegeta\u00e7\u00e3o ribeirinha. O IPH da UFRGS alerta para a necessidade de mais estudos para que este tipo de atividade, se poss\u00edvel, fique restrita a determinadas \u00e1reas. Mas estes estudos n\u00e3o foram realizados com o tempo e a profundidade necess\u00e1rios.<\/p>\n<p>A pressa \u00e9 inimiga da precau\u00e7\u00e3o. O lobby da minera\u00e7\u00e3o e da constru\u00e7\u00e3o civil \u00e9 pesado e esperava esta oportunidade. O\u00a0 governo estadual tem que deixar de submeter a \u00e1rea t\u00e9cnica da Fepam e Sema para os neg\u00f3cios imediatistas de sempre. A SEMA perdeu e se desvirtuou quando foi incorporada, nos governos de Eduardo Leite, a \u00e1rea de Infraestrutura, como prioridade.<\/p>\n<p>A linha neoliberal atual provoca descontrole de servi\u00e7os p\u00fablicos, o que j\u00e1 come\u00e7ou a ocorrer em 2017, com a extin\u00e7\u00e3o da FZB, FEE, CIENTEC, etc, e com as recentes privatiza\u00e7\u00f5es de empresas p\u00fablicas de \u00e1gua (Corsan) e energia (CEE).<\/p>\n<p>N\u00e3o \u00e9 poss\u00edvel que se admita submeter inger\u00eancia pol\u00edtica nos estudos t\u00e9cnicos do Zoneamento Ambiental do Litoral Norte, como ocorreu ha cerca de dois anos.<\/p>\n<p>N\u00e3o \u00e9 poss\u00edvel que se admita o atual enfraquecimento dos Pol\u00edgonos de Exclus\u00e3o de Pulveriza\u00e7\u00e3o A\u00e9rea de Agrot\u00f3xicos, em Nova Santa Rita, deixando vulner\u00e1veis produ\u00e7\u00e3o agroecol\u00f3gica em assentamentos e milhares de pessoas sujeitas a estes venenos.<\/p>\n<p>N\u00e3o \u00e9 poss\u00edvel que se permita que o Setor da Celulose e Madeira elabore e conduza a aprova\u00e7\u00e3o, h\u00e1 poucos meses, de um novo Zoneamento Ambiental da Silvicultura, que recebeu severas cr\u00edticas do corpo t\u00e9cnico da Fepam, do Ibama e de entidades ambientalistas, com risco de destruir ainda mais o que resta do Pampa.<\/p>\n<p>N\u00e3o \u00e9 poss\u00edvel que se interrompa o necess\u00e1rio Zoneamento Ecol\u00f3gico-Econ\u00f4mico do RS, iniciado em 2017, congelado a partir de 2019, nos governos de Eduardo Leite, sem explica\u00e7\u00e3o que n\u00e3o seja, subliminarmente, n\u00e3o atrapalhar os neg\u00f3cios imediatistas da elite econ\u00f4mica do Estado, em especial a expans\u00e3o das monoculturas de soja que j\u00e1 alcan\u00e7am 6,7 milh\u00f5es de hectares no RS.<\/p>\n<p>N\u00e3o \u00e9 poss\u00edvel repetir a viol\u00eancia que ocorreu em 2020, na aprova\u00e7\u00e3o da flexibiliza\u00e7\u00e3o do novo C\u00f3digo Estadual de Meio Ambiente, submetido a regime de urg\u00eancia em 2019, n\u00e3o permitindo sequer que o CONSEMA tivesse oportunidade de discuti-lo\u00a0 \u00e0 semelhan\u00e7a do que aconteceu com a morda\u00e7a imposta \u00e0 \u00e1rea t\u00e9cnica da SEMA e FEPAM, resultando na perda de centenas de artigos e itens mais protetivos do C\u00f3digo anterior (Lei 11.520\/2000).<\/p>\n<p>N\u00e3o \u00e9 poss\u00edvel que o tema da minera\u00e7\u00e3o de areia, no curso d&#8217;\u00e1gua Gua\u00edba, seja feito, mais uma vez, na pressa, tendo em conta, inclusive, a presen\u00e7a de metais pesados depositados em seu fundo. Vale a pena trazer metais pesados ao corpo d&#8217;\u00e1gua? Como ficar\u00e3o a mata ciliar, os juncais, os sarandizais e a condi\u00e7\u00e3o de pesca artesanal em suas margens?<\/p>\n<p>N\u00e3o \u00e9 poss\u00edvel que se naturalize mais um processo apressado, como ocorreu nos regimes de urg\u00eancia que resultaram na aprova\u00e7\u00e3o do PL dos venenos, do PL da irriga\u00e7\u00e3o, do PL da facilita\u00e7\u00e3o das podas de \u00e1rvores para o cabeamento a\u00e9reo em prol das empresas de transmiss\u00e3o e distribui\u00e7\u00e3o de energia el\u00e9trica.<\/p>\n<p>N\u00e3o \u00e9 poss\u00edvel admitir que setores econ\u00f4micos possam seguir tendo supremacia sobre a \u00e1rea ambiental, contrariando a Constitui\u00e7\u00e3o Federal, e submetam as pol\u00edticas p\u00fablicas a seu interesse imediatista, concentrador e destruidor do meio ambiente.<\/p>\n<p>Este contexto de atropelos neoliberais, numa consulta de \u00faltima hora, para um tema t\u00e3o delicado da minera\u00e7\u00e3o de areia em um sistema profundamente complexo do curso de \u00e1gua Gua\u00edba, poder\u00e1 tornar-se em mais uma etapa para o desfazimento das pol\u00edticas p\u00fablicas ambientais ainda vigentes.<\/p>\n<p>Um outro mundo \u00e9 imposs\u00edvel quando a economia se desprende dos limites da natureza, como uma locomotiva sem freios, gerando destrui\u00e7\u00e3o ecol\u00f3gica de grande dimens\u00e3o e provavelmente sem volta para a qualidade socioambiental atual e futura do Estado do Rio Grande do Sul.<\/p>\n<p>&nbsp;<\/p>\n<p><strong>Paulo Brack<\/strong><br \/>\n<em>Professor, vereador de Porto Alegre<\/em><\/p>\n","protected":false},"excerpt":{"rendered":"<p>A explora\u00e7\u00e3o de areia no rio Jacu\u00ed foi desastrosa e causou desbarrancamento e altera\u00e7\u00f5es na margem do rio, com preju\u00edzos \u00e0 vegeta\u00e7\u00e3o ribeirinha. O IPH da UFRGS alerta para a necessidade de mais estudos para que este tipo de atividade, se poss\u00edvel, fique restrita a determinadas \u00e1reas. Mas estes estudos n\u00e3o foram realizados com o [&hellip;]<\/p>\n","protected":false},"author":1,"featured_media":0,"comment_status":"closed","ping_status":"open","sticky":false,"template":"","format":"standard","meta":{"jetpack_post_was_ever_published":false,"_jetpack_newsletter_access":"","_jetpack_dont_email_post_to_subs":false,"_jetpack_newsletter_tier_id":0,"_jetpack_memberships_contains_paywalled_content":false,"_jetpack_memberships_contains_paid_content":false,"footnotes":"","jetpack_publicize_message":"","jetpack_publicize_feature_enabled":true,"jetpack_social_post_already_shared":false,"jetpack_social_options":{"image_generator_settings":{"template":"highway","default_image_id":0,"font":"","enabled":false},"version":2}},"categories":[2],"tags":[],"class_list":["post-84378","post","type-post","status-publish","format-standard","hentry","category-analiseopiniao"],"aioseo_notices":[],"jetpack_publicize_connections":[],"jetpack_featured_media_url":"","jetpack-related-posts":[{"id":84590,"url":"https:\/\/www.jornalja.com.br\/colunas\/e-preciso-defender-o-jardim-botanico-de-porto-alegre\/","url_meta":{"origin":84378,"position":0},"title":"\u00c9 preciso defender o Jardim Bot\u00e2nico de Porto Alegre","author":"da Reda\u00e7\u00e3o","date":"8 de mar\u00e7o de 2026","format":false,"excerpt":"CLEBER DIONI TENTARDINI O Jardim Bot\u00e2nico de Porto Alegre (JBPA) tem 67 anos e \u00e9 considerado um dos cinco melhores e maiores do Brasil. Possui 28 cole\u00e7\u00f5es cient\u00edficas que somam mais de 4.200 plantas, incluindo esp\u00e9cies raras, amea\u00e7adas de extin\u00e7\u00e3o e end\u00eamicas, que s\u00e3o encontradas apenas no RS. No local\u2026","rel":"","context":"Em &quot;An\u00e1lise&amp;Opini\u00e3o&quot;","block_context":{"text":"An\u00e1lise&amp;Opini\u00e3o","link":"https:\/\/www.jornalja.com.br\/colunas\/category\/analiseopiniao\/"},"img":{"alt_text":"","src":"https:\/\/i0.wp.com\/www.jornalja.com.br\/colunas\/wp-content\/uploads\/sites\/5\/2026\/03\/jb-3.jpg?resize=350%2C200&ssl=1","width":350,"height":200,"srcset":"https:\/\/i0.wp.com\/www.jornalja.com.br\/colunas\/wp-content\/uploads\/sites\/5\/2026\/03\/jb-3.jpg?resize=350%2C200&ssl=1 1x, https:\/\/i0.wp.com\/www.jornalja.com.br\/colunas\/wp-content\/uploads\/sites\/5\/2026\/03\/jb-3.jpg?resize=525%2C300&ssl=1 1.5x, https:\/\/i0.wp.com\/www.jornalja.com.br\/colunas\/wp-content\/uploads\/sites\/5\/2026\/03\/jb-3.jpg?resize=700%2C400&ssl=1 2x"},"classes":[]},{"id":84564,"url":"https:\/\/www.jornalja.com.br\/colunas\/a-nova-celulose-a-beira-do-guaiba-e-o-risco-de-repetir-a-borregaard\/","url_meta":{"origin":84378,"position":1},"title":"A nova celulose \u00e0 beira do Gua\u00edba e o risco de repetir a Borregaard","author":"An\u00e1lise &amp; Opini\u00e3o","date":"6 de mar\u00e7o de 2026","format":false,"excerpt":"ELMAR BONES No dia 16 de mar\u00e7o de 1972 foi inaugurada a Ind\u00fastria de Celulose Borregaard, em Gua\u00edba, com a presen\u00e7a das mais altas autoridades e manchetes ufanistas em todos os jornais. Inaugura\u00e7\u00e3o da f\u00e1brica em Gua\u00edba, no ano de 1972. Foto Reprodu\u00e7\u00e3o Arquivo\/CeluloseRioGrandense Seria uma das maiores f\u00e1bricas em\u2026","rel":"","context":"Em &quot;An\u00e1lise&amp;Opini\u00e3o&quot;","block_context":{"text":"An\u00e1lise&amp;Opini\u00e3o","link":"https:\/\/www.jornalja.com.br\/colunas\/category\/analiseopiniao\/"},"img":{"alt_text":"","src":"https:\/\/i0.wp.com\/www.jornalja.com.br\/colunas\/wp-content\/uploads\/sites\/5\/2026\/03\/20260306-112140-scaled.jpg?resize=350%2C200&ssl=1","width":350,"height":200,"srcset":"https:\/\/i0.wp.com\/www.jornalja.com.br\/colunas\/wp-content\/uploads\/sites\/5\/2026\/03\/20260306-112140-scaled.jpg?resize=350%2C200&ssl=1 1x, https:\/\/i0.wp.com\/www.jornalja.com.br\/colunas\/wp-content\/uploads\/sites\/5\/2026\/03\/20260306-112140-scaled.jpg?resize=525%2C300&ssl=1 1.5x, https:\/\/i0.wp.com\/www.jornalja.com.br\/colunas\/wp-content\/uploads\/sites\/5\/2026\/03\/20260306-112140-scaled.jpg?resize=700%2C400&ssl=1 2x, https:\/\/i0.wp.com\/www.jornalja.com.br\/colunas\/wp-content\/uploads\/sites\/5\/2026\/03\/20260306-112140-scaled.jpg?resize=1050%2C600&ssl=1 3x, https:\/\/i0.wp.com\/www.jornalja.com.br\/colunas\/wp-content\/uploads\/sites\/5\/2026\/03\/20260306-112140-scaled.jpg?resize=1400%2C800&ssl=1 4x"},"classes":[]},{"id":84617,"url":"https:\/\/www.jornalja.com.br\/colunas\/o-candidato-de-si-mesmo\/","url_meta":{"origin":84378,"position":2},"title":"O candidato de si mesmo","author":"da Reda\u00e7\u00e3o","date":"10 de abril de 2026","format":false,"excerpt":"Sem emplacar nacionalmente, Leite pode ficar quatro anos sem mandato. Foto Jo\u00e3o Pedro Rodrigues\/SecomRS ELMAR BONES Ningu\u00e9m \u00e9 candidato de si mesmo. Essa \u00e9 a regra n\u00e3o escrita da pol\u00edtica partid\u00e1ria, que as velhas raposas n\u00e3o cansam de repetir aos novatos. Eduardo Leite parece n\u00e3o t\u00ea-la aprendido. Ele n\u00e3o tem\u2026","rel":"","context":"Em &quot;An\u00e1lise&amp;Opini\u00e3o&quot;","block_context":{"text":"An\u00e1lise&amp;Opini\u00e3o","link":"https:\/\/www.jornalja.com.br\/colunas\/category\/analiseopiniao\/"},"img":{"alt_text":"","src":"https:\/\/i0.wp.com\/www.jornalja.com.br\/colunas\/wp-content\/uploads\/sites\/5\/2026\/04\/infraestrutura-escolar.jpeg?resize=350%2C200&ssl=1","width":350,"height":200,"srcset":"https:\/\/i0.wp.com\/www.jornalja.com.br\/colunas\/wp-content\/uploads\/sites\/5\/2026\/04\/infraestrutura-escolar.jpeg?resize=350%2C200&ssl=1 1x, https:\/\/i0.wp.com\/www.jornalja.com.br\/colunas\/wp-content\/uploads\/sites\/5\/2026\/04\/infraestrutura-escolar.jpeg?resize=525%2C300&ssl=1 1.5x, https:\/\/i0.wp.com\/www.jornalja.com.br\/colunas\/wp-content\/uploads\/sites\/5\/2026\/04\/infraestrutura-escolar.jpeg?resize=700%2C400&ssl=1 2x"},"classes":[]},{"id":84557,"url":"https:\/\/www.jornalja.com.br\/colunas\/entrevista-com-leonel-brizola-como-nascem-as-falsificacoes-historicas\/","url_meta":{"origin":84378,"position":3},"title":"Entrevista com Leonel Brizola: Como nascem as falsifica\u00e7\u00f5es hist\u00f3ricas","author":"An\u00e1lise &amp; Opini\u00e3o","date":"2 de mar\u00e7o de 2026","format":false,"excerpt":"SILVANA MOURA Mais do que direito \u00e0 Hist\u00f3ria, temos o direito \u00e0 verdade da Hist\u00f3ria, para evitar um passado falsificado, supostamente \u201climpo\u201d, eivado de manipula\u00e7\u00e3o e pretensa uniformidade. Em 1996 realizei, em Carazinho, uma Entrevista de Hist\u00f3ria Oral (sou Historiadora e trabalho com Hist\u00f3ria Oral h\u00e1 40 anos) com Leonel\u2026","rel":"","context":"Em &quot;An\u00e1lise&amp;Opini\u00e3o&quot;","block_context":{"text":"An\u00e1lise&amp;Opini\u00e3o","link":"https:\/\/www.jornalja.com.br\/colunas\/category\/analiseopiniao\/"},"img":{"alt_text":"","src":"","width":0,"height":0},"classes":[]},{"id":84714,"url":"https:\/\/www.jornalja.com.br\/colunas\/22-de-abril-o-instante-em-que-o-brasil-passa-a-existir-para-o-mundo-europeu\/","url_meta":{"origin":84378,"position":4},"title":"22 de abril: o instante em que o Brasil \u201cpassa a existir\u201d para o mundo europeu","author":"Patr\u00edcia Marini","date":"22 de abril de 2026","format":false,"excerpt":"CRISTIANO GOLDSCHMIDT Era 22 de abril de 1500 \u2014 ou, ao menos, \u00e9 assim que nos habituamos a dizer, com a serenidade quase ing\u00eanua de quem domestica o passado em datas redondas e memor\u00e1veis. Naquele dia, a esquadra comandada por Pedro \u00c1lvares Cabral avistou terra ap\u00f3s semanas de travessia pelo\u2026","rel":"","context":"Em &quot;An\u00e1lise&amp;Opini\u00e3o&quot;","block_context":{"text":"An\u00e1lise&amp;Opini\u00e3o","link":"https:\/\/www.jornalja.com.br\/colunas\/category\/analiseopiniao\/"},"img":{"alt_text":"","src":"https:\/\/i0.wp.com\/www.jornalja.com.br\/colunas\/wp-content\/uploads\/sites\/5\/2026\/04\/desembarque-de-cabral-scaled.jpg?resize=350%2C200&ssl=1","width":350,"height":200,"srcset":"https:\/\/i0.wp.com\/www.jornalja.com.br\/colunas\/wp-content\/uploads\/sites\/5\/2026\/04\/desembarque-de-cabral-scaled.jpg?resize=350%2C200&ssl=1 1x, https:\/\/i0.wp.com\/www.jornalja.com.br\/colunas\/wp-content\/uploads\/sites\/5\/2026\/04\/desembarque-de-cabral-scaled.jpg?resize=525%2C300&ssl=1 1.5x, https:\/\/i0.wp.com\/www.jornalja.com.br\/colunas\/wp-content\/uploads\/sites\/5\/2026\/04\/desembarque-de-cabral-scaled.jpg?resize=700%2C400&ssl=1 2x, https:\/\/i0.wp.com\/www.jornalja.com.br\/colunas\/wp-content\/uploads\/sites\/5\/2026\/04\/desembarque-de-cabral-scaled.jpg?resize=1050%2C600&ssl=1 3x, https:\/\/i0.wp.com\/www.jornalja.com.br\/colunas\/wp-content\/uploads\/sites\/5\/2026\/04\/desembarque-de-cabral-scaled.jpg?resize=1400%2C800&ssl=1 4x"},"classes":[]},{"id":84725,"url":"https:\/\/www.jornalja.com.br\/colunas\/e-preciso-refletir-sobre-os-mais-de-84-mil-desaparecidos-no-brasil-em-2025\/","url_meta":{"origin":84378,"position":5},"title":"\u00c9 preciso refletir sobre os mais de 84 mil desaparecidos no Brasil em 2025","author":"An\u00e1lise &amp; Opini\u00e3o","date":"23 de abril de 2026","format":false,"excerpt":"CRISTIANO GOLDSCHMIDT Em 2025, o Brasil registrou 84.760 pessoas desaparecidas, segundo dados consolidados pelo Sistema Nacional de Informa\u00e7\u00f5es de Seguran\u00e7a P\u00fablica Sinesp), vinculado ao Minist\u00e9rio da Justi\u00e7a e Seguran\u00e7a P\u00fablica. Mais do que um n\u00famero expressivo, o dado revela um fen\u00f4meno cont\u00ednuo, distribu\u00eddo no tempo e no territ\u00f3rio \u2014 e,\u2026","rel":"","context":"Em &quot;An\u00e1lise&amp;Opini\u00e3o&quot;","block_context":{"text":"An\u00e1lise&amp;Opini\u00e3o","link":"https:\/\/www.jornalja.com.br\/colunas\/category\/analiseopiniao\/"},"img":{"alt_text":"","src":"https:\/\/i0.wp.com\/www.jornalja.com.br\/colunas\/wp-content\/uploads\/sites\/5\/2026\/04\/image.png?resize=350%2C200&ssl=1","width":350,"height":200,"srcset":"https:\/\/i0.wp.com\/www.jornalja.com.br\/colunas\/wp-content\/uploads\/sites\/5\/2026\/04\/image.png?resize=350%2C200&ssl=1 1x, https:\/\/i0.wp.com\/www.jornalja.com.br\/colunas\/wp-content\/uploads\/sites\/5\/2026\/04\/image.png?resize=525%2C300&ssl=1 1.5x, https:\/\/i0.wp.com\/www.jornalja.com.br\/colunas\/wp-content\/uploads\/sites\/5\/2026\/04\/image.png?resize=700%2C400&ssl=1 2x, https:\/\/i0.wp.com\/www.jornalja.com.br\/colunas\/wp-content\/uploads\/sites\/5\/2026\/04\/image.png?resize=1050%2C600&ssl=1 3x, https:\/\/i0.wp.com\/www.jornalja.com.br\/colunas\/wp-content\/uploads\/sites\/5\/2026\/04\/image.png?resize=1400%2C800&ssl=1 4x"},"classes":[]}],"jetpack_shortlink":"https:\/\/wp.me\/pbKo0s-lWW","jetpack_sharing_enabled":true,"_links":{"self":[{"href":"https:\/\/www.jornalja.com.br\/colunas\/wp-json\/wp\/v2\/posts\/84378","targetHints":{"allow":["GET"]}}],"collection":[{"href":"https:\/\/www.jornalja.com.br\/colunas\/wp-json\/wp\/v2\/posts"}],"about":[{"href":"https:\/\/www.jornalja.com.br\/colunas\/wp-json\/wp\/v2\/types\/post"}],"author":[{"embeddable":true,"href":"https:\/\/www.jornalja.com.br\/colunas\/wp-json\/wp\/v2\/users\/1"}],"replies":[{"embeddable":true,"href":"https:\/\/www.jornalja.com.br\/colunas\/wp-json\/wp\/v2\/comments?post=84378"}],"version-history":[{"count":1,"href":"https:\/\/www.jornalja.com.br\/colunas\/wp-json\/wp\/v2\/posts\/84378\/revisions"}],"predecessor-version":[{"id":84379,"href":"https:\/\/www.jornalja.com.br\/colunas\/wp-json\/wp\/v2\/posts\/84378\/revisions\/84379"}],"wp:attachment":[{"href":"https:\/\/www.jornalja.com.br\/colunas\/wp-json\/wp\/v2\/media?parent=84378"}],"wp:term":[{"taxonomy":"category","embeddable":true,"href":"https:\/\/www.jornalja.com.br\/colunas\/wp-json\/wp\/v2\/categories?post=84378"},{"taxonomy":"post_tag","embeddable":true,"href":"https:\/\/www.jornalja.com.br\/colunas\/wp-json\/wp\/v2\/tags?post=84378"}],"curies":[{"name":"wp","href":"https:\/\/api.w.org\/{rel}","templated":true}]}}