{"id":84557,"date":"2026-03-02T21:06:27","date_gmt":"2026-03-03T00:06:27","guid":{"rendered":"https:\/\/www.jornalja.com.br\/colunas\/?p=84557"},"modified":"2026-03-02T21:06:27","modified_gmt":"2026-03-03T00:06:27","slug":"entrevista-com-leonel-brizola-como-nascem-as-falsificacoes-historicas","status":"publish","type":"post","link":"https:\/\/www.jornalja.com.br\/colunas\/entrevista-com-leonel-brizola-como-nascem-as-falsificacoes-historicas\/","title":{"rendered":"Entrevista com Leonel Brizola: Como nascem as falsifica\u00e7\u00f5es hist\u00f3ricas"},"content":{"rendered":"\n<p class=\"wp-block-paragraph\"><strong>SILVANA MOURA<\/strong><\/p>\n\n\n\n<p class=\"wp-block-paragraph\">Mais do que direito \u00e0 Hist\u00f3ria, temos o direito \u00e0 verdade da Hist\u00f3ria, para evitar um passado falsificado, supostamente \u201climpo\u201d, eivado de manipula\u00e7\u00e3o e pretensa uniformidade.<\/p>\n\n\n\n<p class=\"wp-block-paragraph\">Em 1996 realizei, em Carazinho, uma Entrevista de Hist\u00f3ria Oral (sou Historiadora e trabalho com Hist\u00f3ria Oral h\u00e1 40 anos) com Leonel Brizola, em companhia do tamb\u00e9m historiador Ney Eduardo Possapp d\u2019\u00c1vila.<\/p>\n\n\n\n<p class=\"wp-block-paragraph\">A entrevista, com dura\u00e7\u00e3o de 4h20min, permaneceu in\u00e9dita at\u00e9 que, h\u00e1 dois anos, por media\u00e7\u00e3o do professor doutor Nildo Domingos Ouriques, presidente do Instituto de Estudos Latino-Americanos (IELA), da Universidade Federal de Santa Catarina, a Editora Insular se interessou pela publica\u00e7\u00e3o.<\/p>\n\n\n\n<p class=\"wp-block-paragraph\">Foi ent\u00e3o que Juliana Brizola e Rejane Guerra, jornalista carioca e amiga pessoal de Juliana, contataram o editor Nelson Rolim de Moura e o amea\u00e7aram com outra publica\u00e7\u00e3o, alegando ter uma c\u00f3pia impressa da entrevista entregue por Romeu Barleze a Brizola. Quem trabalha com Hist\u00f3ria Oral sabe que o documento, em Hist\u00f3ria Oral, s\u00e3o as fitas gravadas, que sempre estiveram em minha posse.<\/p>\n\n\n\n<p class=\"wp-block-paragraph\">Juliana, sob alega\u00e7\u00e3o de ser neta de Brizola, exigiu que seu nome e de sua amiga constassem na capa da publica\u00e7\u00e3o como \u201cOrganizadoras\u201d, o que, de fato, agora se verifica.<\/p>\n\n\n\n<p class=\"wp-block-paragraph\">Juliana Brizola e Rejane Guerra tiveram \u00eaxito em seu intento, e a publica\u00e7\u00e3o estar\u00e1 \u00e0 venda a partir de 10 de mar\u00e7o pr\u00f3ximo, com lan\u00e7amentos agendados em Porto Alegre, Rio de Janeiro, Carazinho (terra natal de Brizola e minha) e outros tantos lugares no RS e no Brasil.<\/p>\n\n\n\n<p class=\"wp-block-paragraph\">Mat\u00e9rias mentirosas e que omitem meu nome est\u00e3o sendo espalhadas nos principais jornal\u00f5es do pa\u00eds, como Zero Hora e O Globo, suponho que alimentadas pela assessoria de Juliana Brizola.<\/p>\n\n\n\n<p class=\"wp-block-paragraph\">Em uma mat\u00e9ria de O Globo consta que as fitas originais foram encontradas em Florian\u00f3polis com o Editor Nelson Rolim de Moura, como se tivessem ido passear em Floripa.<\/p>\n\n\n\n<p class=\"wp-block-paragraph\">As fitas originais sempre estiveram comigo; s\u00e3o \u00fanicas e foram levadas para Florian\u00f3polis pelo professor Nildo Ouriques, a meu pedido, e entregues ao editor em fevereiro de 2024.<\/p>\n\n\n\n<p class=\"wp-block-paragraph\">Que lamban\u00e7a hist\u00f3rica promovem estas duas senhoras, Juliana Brizola e Rejane Guerra. N\u00e3o bastasse terem se apropriado de minha produ\u00e7\u00e3o intelectual, agora disseminam hist\u00f3rias incorretas, distorcidas e prenhes de falsifica\u00e7\u00f5es.<\/p>\n\n\n\n<p class=\"wp-block-paragraph\">Um desservi\u00e7o \u00e0 \u00e9tica e uma apologia \u00e0 impostura.<\/p>\n","protected":false},"excerpt":{"rendered":"<p>SILVANA MOURA Mais do que direito \u00e0 Hist\u00f3ria, temos o direito \u00e0 verdade da Hist\u00f3ria, para evitar um passado falsificado, supostamente \u201climpo\u201d, eivado de manipula\u00e7\u00e3o e pretensa uniformidade. Em 1996 realizei, em Carazinho, uma Entrevista de Hist\u00f3ria Oral (sou Historiadora e trabalho com Hist\u00f3ria Oral h\u00e1 40 anos) com Leonel Brizola, em companhia do tamb\u00e9m [&hellip;]<\/p>\n","protected":false},"author":11,"featured_media":0,"comment_status":"closed","ping_status":"open","sticky":false,"template":"","format":"standard","meta":{"_jetpack_newsletter_access":"","_jetpack_dont_email_post_to_subs":false,"_jetpack_newsletter_tier_id":0,"_jetpack_memberships_contains_paywalled_content":false,"_jetpack_feature_clip_id":0,"_jetpack_memberships_contains_paid_content":false,"footnotes":"","jetpack_publicize_message":"","jetpack_publicize_feature_enabled":true,"jetpack_social_post_already_shared":false,"jetpack_social_options":{"image_generator_settings":{"template":"highway","default_image_id":0,"font":"","enabled":false},"version":2},"jetpack_post_was_ever_published":false},"categories":[2],"tags":[],"class_list":["post-84557","post","type-post","status-publish","format-standard","hentry","category-analiseopiniao"],"aioseo_notices":[],"aioseo_head":"\n\t\t<!-- All in One SEO 5.0.1.1 - aioseo.com -->\n\t<meta name=\"description\" content=\"SILVANA MOURA Mais do que direito \u00e0 Hist\u00f3ria, temos o direito \u00e0 verdade da Hist\u00f3ria, para evitar um passado falsificado, supostamente \u201climpo\u201d, eivado de manipula\u00e7\u00e3o e pretensa uniformidade. Em 1996 realizei, em Carazinho, uma Entrevista de Hist\u00f3ria Oral (sou Historiadora e trabalho com Hist\u00f3ria Oral h\u00e1 40 anos) com Leonel Brizola, em companhia do tamb\u00e9m\" \/>\n\t<meta name=\"robots\" content=\"max-image-preview:large\" \/>\n\t<meta name=\"author\" content=\"An\u00e1lise &amp; Opini\u00e3o\"\/>\n\t<link rel=\"canonical\" href=\"https:\/\/www.jornalja.com.br\/colunas\/entrevista-com-leonel-brizola-como-nascem-as-falsificacoes-historicas\/\" \/>\n\t<meta name=\"generator\" content=\"All in One SEO (AIOSEO) 5.0.1.1\" \/>\n\t\t<meta property=\"og:locale\" content=\"pt_BR\" \/>\n\t\t<meta property=\"og:site_name\" content=\"An\u00e1lise &amp; Opini\u00e3o\" \/>\n\t\t<meta property=\"og:type\" content=\"article\" \/>\n\t\t<meta property=\"og:title\" content=\"Entrevista com Leonel Brizola: Como nascem as falsifica\u00e7\u00f5es hist\u00f3ricas | Colunas\" \/>\n\t\t<meta property=\"og:description\" content=\"SILVANA MOURA Mais do que direito \u00e0 Hist\u00f3ria, temos o direito \u00e0 verdade da Hist\u00f3ria, para evitar um passado falsificado, supostamente \u201climpo\u201d, eivado de manipula\u00e7\u00e3o e pretensa uniformidade. Em 1996 realizei, em Carazinho, uma Entrevista de Hist\u00f3ria Oral (sou Historiadora e trabalho com Hist\u00f3ria Oral h\u00e1 40 anos) com Leonel Brizola, em companhia do tamb\u00e9m\" \/>\n\t\t<meta property=\"og:url\" content=\"https:\/\/www.jornalja.com.br\/colunas\/entrevista-com-leonel-brizola-como-nascem-as-falsificacoes-historicas\/\" \/>\n\t\t<meta property=\"og:image\" content=\"https:\/\/www.jornalja.com.br\/economics\/wp-content\/uploads\/sites\/11\/2026\/08\/ja-folhaderosto-facebook.jpg\" \/>\n\t\t<meta property=\"og:image:secure_url\" content=\"https:\/\/www.jornalja.com.br\/economics\/wp-content\/uploads\/sites\/11\/2026\/08\/ja-folhaderosto-facebook.jpg\" \/>\n\t\t<meta property=\"article:published_time\" content=\"2026-03-03T00:06:27+00:00\" \/>\n\t\t<meta property=\"article:modified_time\" content=\"2026-03-03T00:06:27+00:00\" \/>\n\t\t<meta name=\"twitter:card\" content=\"summary\" \/>\n\t\t<meta name=\"twitter:title\" content=\"Entrevista com Leonel Brizola: Como nascem as falsifica\u00e7\u00f5es hist\u00f3ricas | Colunas\" \/>\n\t\t<meta name=\"twitter:description\" content=\"SILVANA MOURA Mais do que direito \u00e0 Hist\u00f3ria, temos o direito \u00e0 verdade da Hist\u00f3ria, para evitar um passado falsificado, supostamente \u201climpo\u201d, eivado de manipula\u00e7\u00e3o e pretensa uniformidade. Em 1996 realizei, em Carazinho, uma Entrevista de Hist\u00f3ria Oral (sou Historiadora e trabalho com Hist\u00f3ria Oral h\u00e1 40 anos) com Leonel Brizola, em companhia do tamb\u00e9m\" \/>\n\t\t<meta name=\"twitter:image\" content=\"https:\/\/www.jornalja.com.br\/economics\/wp-content\/uploads\/sites\/11\/2026\/08\/ja-folhaderosto-facebook.jpg\" \/>\n\t\t<script type=\"application\/ld+json\" class=\"aioseo-schema\">\n\t\t\t{\"@context\":\"https:\\\/\\\/schema.org\",\"@graph\":[{\"@type\":\"Article\",\"@id\":\"https:\\\/\\\/www.jornalja.com.br\\\/colunas\\\/entrevista-com-leonel-brizola-como-nascem-as-falsificacoes-historicas\\\/#article\",\"name\":\"Entrevista com Leonel Brizola: Como nascem as falsifica\\u00e7\\u00f5es hist\\u00f3ricas | Colunas\",\"headline\":\"Entrevista com Leonel Brizola: Como nascem as falsifica\\u00e7\\u00f5es hist\\u00f3ricas\",\"author\":{\"@id\":\"https:\\\/\\\/www.jornalja.com.br\\\/colunas\\\/author\\\/authorja\\\/#author\"},\"publisher\":{\"@id\":\"https:\\\/\\\/www.jornalja.com.br\\\/colunas\\\/#organization\"},\"image\":{\"@type\":\"ImageObject\",\"url\":\"https:\\\/\\\/www.jornalja.com.br\\\/wp-content\\\/uploads\\\/cards\\\/JAslogan.png\",\"@id\":\"https:\\\/\\\/www.jornalja.com.br\\\/colunas\\\/#articleImage\"},\"datePublished\":\"2026-03-02T21:06:27-03:00\",\"dateModified\":\"2026-03-02T21:06:27-03:00\",\"inLanguage\":\"pt-BR\",\"mainEntityOfPage\":{\"@id\":\"https:\\\/\\\/www.jornalja.com.br\\\/colunas\\\/entrevista-com-leonel-brizola-como-nascem-as-falsificacoes-historicas\\\/#webpage\"},\"isPartOf\":{\"@id\":\"https:\\\/\\\/www.jornalja.com.br\\\/colunas\\\/entrevista-com-leonel-brizola-como-nascem-as-falsificacoes-historicas\\\/#webpage\"},\"articleSection\":\"An\\u00e1lise&amp;Opini\\u00e3o\"},{\"@type\":\"BreadcrumbList\",\"@id\":\"https:\\\/\\\/www.jornalja.com.br\\\/colunas\\\/entrevista-com-leonel-brizola-como-nascem-as-falsificacoes-historicas\\\/#breadcrumblist\",\"itemListElement\":[{\"@type\":\"ListItem\",\"@id\":\"https:\\\/\\\/www.jornalja.com.br\\\/colunas#listItem\",\"position\":1,\"name\":\"Home\",\"item\":\"https:\\\/\\\/www.jornalja.com.br\\\/colunas\",\"nextItem\":{\"@type\":\"ListItem\",\"@id\":\"https:\\\/\\\/www.jornalja.com.br\\\/colunas\\\/category\\\/analiseopiniao\\\/#listItem\",\"name\":\"An\\u00e1lise&amp;Opini\\u00e3o\"}},{\"@type\":\"ListItem\",\"@id\":\"https:\\\/\\\/www.jornalja.com.br\\\/colunas\\\/category\\\/analiseopiniao\\\/#listItem\",\"position\":2,\"name\":\"An\\u00e1lise&amp;Opini\\u00e3o\",\"item\":\"https:\\\/\\\/www.jornalja.com.br\\\/colunas\\\/category\\\/analiseopiniao\\\/\",\"nextItem\":{\"@type\":\"ListItem\",\"@id\":\"https:\\\/\\\/www.jornalja.com.br\\\/colunas\\\/entrevista-com-leonel-brizola-como-nascem-as-falsificacoes-historicas\\\/#listItem\",\"name\":\"Entrevista com Leonel Brizola: Como nascem as falsifica\\u00e7\\u00f5es hist\\u00f3ricas\"},\"previousItem\":{\"@type\":\"ListItem\",\"@id\":\"https:\\\/\\\/www.jornalja.com.br\\\/colunas#listItem\",\"name\":\"Home\"}},{\"@type\":\"ListItem\",\"@id\":\"https:\\\/\\\/www.jornalja.com.br\\\/colunas\\\/entrevista-com-leonel-brizola-como-nascem-as-falsificacoes-historicas\\\/#listItem\",\"position\":3,\"name\":\"Entrevista com Leonel Brizola: Como nascem as falsifica\\u00e7\\u00f5es hist\\u00f3ricas\",\"previousItem\":{\"@type\":\"ListItem\",\"@id\":\"https:\\\/\\\/www.jornalja.com.br\\\/colunas\\\/category\\\/analiseopiniao\\\/#listItem\",\"name\":\"An\\u00e1lise&amp;Opini\\u00e3o\"}}]},{\"@type\":\"Organization\",\"@id\":\"https:\\\/\\\/www.jornalja.com.br\\\/colunas\\\/#organization\",\"name\":\"Jornal J\\u00c1\",\"description\":\"Jornal J\\u00c1 | Porto Alegre\",\"url\":\"https:\\\/\\\/www.jornalja.com.br\\\/colunas\\\/\",\"telephone\":\"+555133307272\",\"logo\":{\"@type\":\"ImageObject\",\"url\":\"https:\\\/\\\/www.jornalja.com.br\\\/wp-content\\\/uploads\\\/cards\\\/JAslogan.png\",\"@id\":\"https:\\\/\\\/www.jornalja.com.br\\\/colunas\\\/entrevista-com-leonel-brizola-como-nascem-as-falsificacoes-historicas\\\/#organizationLogo\"},\"image\":{\"@id\":\"https:\\\/\\\/www.jornalja.com.br\\\/colunas\\\/entrevista-com-leonel-brizola-como-nascem-as-falsificacoes-historicas\\\/#organizationLogo\"}},{\"@type\":\"Person\",\"@id\":\"https:\\\/\\\/www.jornalja.com.br\\\/colunas\\\/author\\\/authorja\\\/#author\",\"url\":\"https:\\\/\\\/www.jornalja.com.br\\\/colunas\\\/author\\\/authorja\\\/\",\"name\":\"An\\u00e1lise &amp; Opini\\u00e3o\",\"image\":{\"@type\":\"ImageObject\",\"@id\":\"https:\\\/\\\/www.jornalja.com.br\\\/colunas\\\/entrevista-com-leonel-brizola-como-nascem-as-falsificacoes-historicas\\\/#authorImage\",\"url\":\"https:\\\/\\\/secure.gravatar.com\\\/avatar\\\/9c9163aa26d5c738601440f78d3108c7eda05c6c1b92498940ec7ed890f3874c?s=96&d=mm&r=g\",\"width\":96,\"height\":96,\"caption\":\"An\\u00e1lise &amp; Opini\\u00e3o\"}},{\"@type\":\"WebPage\",\"@id\":\"https:\\\/\\\/www.jornalja.com.br\\\/colunas\\\/entrevista-com-leonel-brizola-como-nascem-as-falsificacoes-historicas\\\/#webpage\",\"url\":\"https:\\\/\\\/www.jornalja.com.br\\\/colunas\\\/entrevista-com-leonel-brizola-como-nascem-as-falsificacoes-historicas\\\/\",\"name\":\"Entrevista com Leonel Brizola: Como nascem as falsifica\\u00e7\\u00f5es hist\\u00f3ricas | Colunas\",\"description\":\"SILVANA MOURA Mais do que direito \\u00e0 Hist\\u00f3ria, temos o direito \\u00e0 verdade da Hist\\u00f3ria, para evitar um passado falsificado, supostamente \\u201climpo\\u201d, eivado de manipula\\u00e7\\u00e3o e pretensa uniformidade. Em 1996 realizei, em Carazinho, uma Entrevista de Hist\\u00f3ria Oral (sou Historiadora e trabalho com Hist\\u00f3ria Oral h\\u00e1 40 anos) com Leonel Brizola, em companhia do tamb\\u00e9m\",\"inLanguage\":\"pt-BR\",\"isPartOf\":{\"@id\":\"https:\\\/\\\/www.jornalja.com.br\\\/colunas\\\/#website\"},\"breadcrumb\":{\"@id\":\"https:\\\/\\\/www.jornalja.com.br\\\/colunas\\\/entrevista-com-leonel-brizola-como-nascem-as-falsificacoes-historicas\\\/#breadcrumblist\"},\"author\":{\"@id\":\"https:\\\/\\\/www.jornalja.com.br\\\/colunas\\\/author\\\/authorja\\\/#author\"},\"creator\":{\"@id\":\"https:\\\/\\\/www.jornalja.com.br\\\/colunas\\\/author\\\/authorja\\\/#author\"},\"datePublished\":\"2026-03-02T21:06:27-03:00\",\"dateModified\":\"2026-03-02T21:06:27-03:00\"},{\"@type\":\"WebSite\",\"@id\":\"https:\\\/\\\/www.jornalja.com.br\\\/colunas\\\/#website\",\"url\":\"https:\\\/\\\/www.jornalja.com.br\\\/colunas\\\/\",\"name\":\"Colunas\",\"description\":\"Jornal J\\u00c1 | Porto Alegre\",\"inLanguage\":\"pt-BR\",\"publisher\":{\"@id\":\"https:\\\/\\\/www.jornalja.com.br\\\/colunas\\\/#organization\"}}]}\n\t\t<\/script>\n\t\t<!-- All in One SEO -->\n\n","aioseo_head_json":{"title":"Entrevista com Leonel Brizola: Como nascem as falsifica\u00e7\u00f5es hist\u00f3ricas | Colunas","description":"SILVANA MOURA Mais do que direito \u00e0 Hist\u00f3ria, temos o direito \u00e0 verdade da Hist\u00f3ria, para evitar um passado falsificado, supostamente \u201climpo\u201d, eivado de manipula\u00e7\u00e3o e pretensa uniformidade. Em 1996 realizei, em Carazinho, uma Entrevista de Hist\u00f3ria Oral (sou Historiadora e trabalho com Hist\u00f3ria Oral h\u00e1 40 anos) com Leonel Brizola, em companhia do tamb\u00e9m","canonical_url":"https:\/\/www.jornalja.com.br\/colunas\/entrevista-com-leonel-brizola-como-nascem-as-falsificacoes-historicas\/","robots":"max-image-preview:large","keywords":"","webmasterTools":{"miscellaneous":""},"schema":{"@context":"https:\/\/schema.org","@graph":[{"@type":"Article","@id":"https:\/\/www.jornalja.com.br\/colunas\/entrevista-com-leonel-brizola-como-nascem-as-falsificacoes-historicas\/#article","name":"Entrevista com Leonel Brizola: Como nascem as falsifica\u00e7\u00f5es hist\u00f3ricas | Colunas","headline":"Entrevista com Leonel Brizola: Como nascem as falsifica\u00e7\u00f5es hist\u00f3ricas","author":{"@id":"https:\/\/www.jornalja.com.br\/colunas\/author\/authorja\/#author"},"publisher":{"@id":"https:\/\/www.jornalja.com.br\/colunas\/#organization"},"image":{"@type":"ImageObject","url":"https:\/\/www.jornalja.com.br\/wp-content\/uploads\/cards\/JAslogan.png","@id":"https:\/\/www.jornalja.com.br\/colunas\/#articleImage"},"datePublished":"2026-03-02T21:06:27-03:00","dateModified":"2026-03-02T21:06:27-03:00","inLanguage":"pt-BR","mainEntityOfPage":{"@id":"https:\/\/www.jornalja.com.br\/colunas\/entrevista-com-leonel-brizola-como-nascem-as-falsificacoes-historicas\/#webpage"},"isPartOf":{"@id":"https:\/\/www.jornalja.com.br\/colunas\/entrevista-com-leonel-brizola-como-nascem-as-falsificacoes-historicas\/#webpage"},"articleSection":"An\u00e1lise&amp;Opini\u00e3o"},{"@type":"BreadcrumbList","@id":"https:\/\/www.jornalja.com.br\/colunas\/entrevista-com-leonel-brizola-como-nascem-as-falsificacoes-historicas\/#breadcrumblist","itemListElement":[{"@type":"ListItem","@id":"https:\/\/www.jornalja.com.br\/colunas#listItem","position":1,"name":"Home","item":"https:\/\/www.jornalja.com.br\/colunas","nextItem":{"@type":"ListItem","@id":"https:\/\/www.jornalja.com.br\/colunas\/category\/analiseopiniao\/#listItem","name":"An\u00e1lise&amp;Opini\u00e3o"}},{"@type":"ListItem","@id":"https:\/\/www.jornalja.com.br\/colunas\/category\/analiseopiniao\/#listItem","position":2,"name":"An\u00e1lise&amp;Opini\u00e3o","item":"https:\/\/www.jornalja.com.br\/colunas\/category\/analiseopiniao\/","nextItem":{"@type":"ListItem","@id":"https:\/\/www.jornalja.com.br\/colunas\/entrevista-com-leonel-brizola-como-nascem-as-falsificacoes-historicas\/#listItem","name":"Entrevista com Leonel Brizola: Como nascem as falsifica\u00e7\u00f5es hist\u00f3ricas"},"previousItem":{"@type":"ListItem","@id":"https:\/\/www.jornalja.com.br\/colunas#listItem","name":"Home"}},{"@type":"ListItem","@id":"https:\/\/www.jornalja.com.br\/colunas\/entrevista-com-leonel-brizola-como-nascem-as-falsificacoes-historicas\/#listItem","position":3,"name":"Entrevista com Leonel Brizola: Como nascem as falsifica\u00e7\u00f5es hist\u00f3ricas","previousItem":{"@type":"ListItem","@id":"https:\/\/www.jornalja.com.br\/colunas\/category\/analiseopiniao\/#listItem","name":"An\u00e1lise&amp;Opini\u00e3o"}}]},{"@type":"Organization","@id":"https:\/\/www.jornalja.com.br\/colunas\/#organization","name":"Jornal J\u00c1","description":"Jornal J\u00c1 | Porto Alegre","url":"https:\/\/www.jornalja.com.br\/colunas\/","telephone":"+555133307272","logo":{"@type":"ImageObject","url":"https:\/\/www.jornalja.com.br\/wp-content\/uploads\/cards\/JAslogan.png","@id":"https:\/\/www.jornalja.com.br\/colunas\/entrevista-com-leonel-brizola-como-nascem-as-falsificacoes-historicas\/#organizationLogo"},"image":{"@id":"https:\/\/www.jornalja.com.br\/colunas\/entrevista-com-leonel-brizola-como-nascem-as-falsificacoes-historicas\/#organizationLogo"}},{"@type":"Person","@id":"https:\/\/www.jornalja.com.br\/colunas\/author\/authorja\/#author","url":"https:\/\/www.jornalja.com.br\/colunas\/author\/authorja\/","name":"An\u00e1lise &amp; Opini\u00e3o","image":{"@type":"ImageObject","@id":"https:\/\/www.jornalja.com.br\/colunas\/entrevista-com-leonel-brizola-como-nascem-as-falsificacoes-historicas\/#authorImage","url":"https:\/\/secure.gravatar.com\/avatar\/9c9163aa26d5c738601440f78d3108c7eda05c6c1b92498940ec7ed890f3874c?s=96&d=mm&r=g","width":96,"height":96,"caption":"An\u00e1lise &amp; Opini\u00e3o"}},{"@type":"WebPage","@id":"https:\/\/www.jornalja.com.br\/colunas\/entrevista-com-leonel-brizola-como-nascem-as-falsificacoes-historicas\/#webpage","url":"https:\/\/www.jornalja.com.br\/colunas\/entrevista-com-leonel-brizola-como-nascem-as-falsificacoes-historicas\/","name":"Entrevista com Leonel Brizola: Como nascem as falsifica\u00e7\u00f5es hist\u00f3ricas | Colunas","description":"SILVANA MOURA Mais do que direito \u00e0 Hist\u00f3ria, temos o direito \u00e0 verdade da Hist\u00f3ria, para evitar um passado falsificado, supostamente \u201climpo\u201d, eivado de manipula\u00e7\u00e3o e pretensa uniformidade. Em 1996 realizei, em Carazinho, uma Entrevista de Hist\u00f3ria Oral (sou Historiadora e trabalho com Hist\u00f3ria Oral h\u00e1 40 anos) com Leonel Brizola, em companhia do tamb\u00e9m","inLanguage":"pt-BR","isPartOf":{"@id":"https:\/\/www.jornalja.com.br\/colunas\/#website"},"breadcrumb":{"@id":"https:\/\/www.jornalja.com.br\/colunas\/entrevista-com-leonel-brizola-como-nascem-as-falsificacoes-historicas\/#breadcrumblist"},"author":{"@id":"https:\/\/www.jornalja.com.br\/colunas\/author\/authorja\/#author"},"creator":{"@id":"https:\/\/www.jornalja.com.br\/colunas\/author\/authorja\/#author"},"datePublished":"2026-03-02T21:06:27-03:00","dateModified":"2026-03-02T21:06:27-03:00"},{"@type":"WebSite","@id":"https:\/\/www.jornalja.com.br\/colunas\/#website","url":"https:\/\/www.jornalja.com.br\/colunas\/","name":"Colunas","description":"Jornal J\u00c1 | Porto Alegre","inLanguage":"pt-BR","publisher":{"@id":"https:\/\/www.jornalja.com.br\/colunas\/#organization"}}]},"og:locale":"pt_BR","og:site_name":"An\u00e1lise &amp; Opini\u00e3o","og:type":"article","og:title":"Entrevista com Leonel Brizola: Como nascem as falsifica\u00e7\u00f5es hist\u00f3ricas | Colunas","og:description":"SILVANA MOURA Mais do que direito \u00e0 Hist\u00f3ria, temos o direito \u00e0 verdade da Hist\u00f3ria, para evitar um passado falsificado, supostamente \u201climpo\u201d, eivado de manipula\u00e7\u00e3o e pretensa uniformidade. Em 1996 realizei, em Carazinho, uma Entrevista de Hist\u00f3ria Oral (sou Historiadora e trabalho com Hist\u00f3ria Oral h\u00e1 40 anos) com Leonel Brizola, em companhia do tamb\u00e9m","og:url":"https:\/\/www.jornalja.com.br\/colunas\/entrevista-com-leonel-brizola-como-nascem-as-falsificacoes-historicas\/","og:image":"https:\/\/www.jornalja.com.br\/economics\/wp-content\/uploads\/sites\/11\/2026\/08\/ja-folhaderosto-facebook.jpg","og:image:secure_url":"https:\/\/www.jornalja.com.br\/economics\/wp-content\/uploads\/sites\/11\/2026\/08\/ja-folhaderosto-facebook.jpg","article:published_time":"2026-03-03T00:06:27+00:00","article:modified_time":"2026-03-03T00:06:27+00:00","twitter:card":"summary","twitter:title":"Entrevista com Leonel Brizola: Como nascem as falsifica\u00e7\u00f5es hist\u00f3ricas | Colunas","twitter:description":"SILVANA MOURA Mais do que direito \u00e0 Hist\u00f3ria, temos o direito \u00e0 verdade da Hist\u00f3ria, para evitar um passado falsificado, supostamente \u201climpo\u201d, eivado de manipula\u00e7\u00e3o e pretensa uniformidade. Em 1996 realizei, em Carazinho, uma Entrevista de Hist\u00f3ria Oral (sou Historiadora e trabalho com Hist\u00f3ria Oral h\u00e1 40 anos) com Leonel Brizola, em companhia do tamb\u00e9m","twitter:image":"https:\/\/www.jornalja.com.br\/economics\/wp-content\/uploads\/sites\/11\/2026\/08\/ja-folhaderosto-facebook.jpg"},"aioseo_meta_data":{"post_id":"84557","title":"#post_title | #site_title","description":"#post_content","keywords":null,"keyphrases":{"focus":{"keyphrase":"","score":0,"analysis":{"keyphraseInTitle":{"score":0,"maxScore":9,"error":1}}},"additional":[]},"primary_term":null,"canonical_url":null,"og_title":null,"og_description":null,"og_object_type":"default","og_image_type":"default","og_image_url":null,"og_image_width":null,"og_image_height":null,"og_image_custom_url":null,"og_image_custom_fields":null,"og_video":"","og_custom_url":null,"og_article_section":null,"og_article_tags":null,"twitter_use_og":false,"twitter_card":"default","twitter_image_type":"default","twitter_image_url":null,"twitter_image_custom_url":null,"twitter_image_custom_fields":null,"twitter_title":null,"twitter_description":null,"schema":{"blockGraphs":[],"customGraphs":[],"default":{"data":{"Article":[],"Course":[],"Dataset":[],"FAQPage":[],"Movie":[],"Person":[],"Product":[],"ProductReview":[],"Car":[],"Recipe":[],"Service":[],"SoftwareApplication":[],"WebPage":[]},"graphName":"Article","isEnabled":true},"graphs":[]},"schema_type":"default","schema_type_options":null,"pillar_content":false,"robots_default":true,"robots_noindex":false,"robots_noarchive":false,"robots_nosnippet":false,"robots_nofollow":false,"robots_noimageindex":false,"robots_noodp":false,"robots_notranslate":false,"robots_max_snippet":"-1","robots_max_videopreview":"-1","robots_max_imagepreview":"large","priority":null,"frequency":"default","location":null,"local_seo":null,"breadcrumb_settings":null,"limit_modified_date":false,"ai":{"faqs":[],"keyPoints":[],"titles":[],"descriptions":[],"socialPosts":{"email":[],"linkedin":[],"twitter":[],"facebook":[],"instagram":[]}},"created":"2026-03-02 19:09:40","updated":"2026-03-03 00:21:13","seo_analyzer_scan_date":null,"focus_keyword":null,"additional_keywords":null,"truseo_locale":null},"aioseo_breadcrumb":"<div class=\"aioseo-breadcrumbs\"><span class=\"aioseo-breadcrumb\">\n\t\t\t<a href=\"https:\/\/www.jornalja.com.br\/colunas\" title=\"Home\">Home<\/a>\n\t\t<\/span><span class=\"aioseo-breadcrumb-separator\">&raquo;<\/span><span class=\"aioseo-breadcrumb\">\n\t\t\t<a href=\"https:\/\/www.jornalja.com.br\/colunas\/category\/analiseopiniao\/\" title=\"An\u00e1lise&amp;Opini\u00e3o\">An\u00e1lise&amp;Opini\u00e3o<\/a>\n\t\t<\/span><span class=\"aioseo-breadcrumb-separator\">&raquo;<\/span><span class=\"aioseo-breadcrumb\">\n\t\t\tEntrevista com Leonel Brizola: Como nascem as falsifica\u00e7\u00f5es hist\u00f3ricas\n\t\t<\/span><\/div>","aioseo_breadcrumb_json":[{"label":"Home","link":"https:\/\/www.jornalja.com.br\/colunas"},{"label":"An\u00e1lise&amp;Opini\u00e3o","link":"https:\/\/www.jornalja.com.br\/colunas\/category\/analiseopiniao\/"},{"label":"Entrevista com Leonel Brizola: Como nascem as falsifica\u00e7\u00f5es hist\u00f3ricas","link":"https:\/\/www.jornalja.com.br\/colunas\/entrevista-com-leonel-brizola-como-nascem-as-falsificacoes-historicas\/"}],"jetpack_publicize_connections":[],"jetpack-related-posts":[{"id":85033,"url":"https:\/\/www.jornalja.com.br\/colunas\/brizola-e-a-campanha-eleitoral-no-rs\/","url_meta":{"origin":84557,"position":0},"title":"Brizola e a campanha eleitoral no RS","author":"Elmar Bones","date":"16 de julho de 2026","format":false,"excerpt":"ELMAR BONES A candidatura de Juliana Brizola, na cabe\u00e7a de uma in\u00e9dita frente de esquerda,\u00a0coloca o ex-governador Leonel Brizola, seu av\u00f4 e inspirador, no centro da disputa eleitoral deste ano. Brizola morreu em junho de 2004. Governador do Rio Grande do Sul, l\u00edder do legend\u00e1rio movimento da Legalidade, deputado federal\u2026","rel":"","context":"Em &quot;An\u00e1lise&amp;Opini\u00e3o&quot;","block_context":{"text":"An\u00e1lise&amp;Opini\u00e3o","link":"https:\/\/www.jornalja.com.br\/colunas\/category\/analiseopiniao\/"},"img":{"alt_text":"","src":"","width":0,"height":0},"classes":[]},{"id":85066,"url":"https:\/\/www.jornalja.com.br\/colunas\/brizola-brizoletas-e-a-campanha-eleitoral\/","url_meta":{"origin":84557,"position":1},"title":"Brizola, brizoletas e a campanha eleitoral","author":"Elmar Bones","date":"29 de julho de 2026","format":false,"excerpt":"Leonel Brizola estar\u00e1 no centro da campanha eleitoral para o governo do Estado e um dos pontos centrais do discurso ser\u00e3o suas realiza\u00e7\u00f5es na educa\u00e7\u00e3o, com destaque para as \u201cescolhinhas\u201d que disseminou pelo Rio Grande do Sul na campanha \u201cNenhuma crian\u00e7a sem escola\u201d. A reitera\u00e7\u00e3o e a propaga\u00e7\u00e3o de uma\u2026","rel":"","context":"Em &quot;An\u00e1lise&amp;Opini\u00e3o&quot;","block_context":{"text":"An\u00e1lise&amp;Opini\u00e3o","link":"https:\/\/www.jornalja.com.br\/colunas\/category\/analiseopiniao\/"},"img":{"alt_text":"","src":"https:\/\/i0.wp.com\/www.jornalja.com.br\/colunas\/wp-content\/uploads\/sites\/5\/2026\/07\/brizoleta-placa.png?resize=350%2C200&ssl=1","width":350,"height":200},"classes":[]},{"id":85123,"url":"https:\/\/www.jornalja.com.br\/colunas\/brizola-lobisomem-contra-o-imperio-a-politica-como-destino-paixao-e-ruina\/","url_meta":{"origin":84557,"position":2},"title":"\u201cBrizola: Lobisomem contra o imp\u00e9rio\u201d: a pol\u00edtica como destino, paix\u00e3o e ru\u00edna","author":"cristianog","date":"2 de setembro de 2026","format":false,"excerpt":"Por Cristiano Goldschmidt Leonel Brizola foi um homem que viveu a pol\u00edtica com uma intensidade rara, como se cada disputa de seu tempo tamb\u00e9m dissesse respeito \u00e0 sua pr\u00f3pria vida. Em Brizola: Lobisomem contra o imp\u00e9rio, Karla Monteiro acompanha esse percurso desde a inf\u00e2ncia pobre no interior do Rio Grande\u2026","rel":"","context":"Em &quot;An\u00e1lise&amp;Opini\u00e3o&quot;","block_context":{"text":"An\u00e1lise&amp;Opini\u00e3o","link":"https:\/\/www.jornalja.com.br\/colunas\/category\/analiseopiniao\/"},"img":{"alt_text":"","src":"https:\/\/i0.wp.com\/www.jornalja.com.br\/colunas\/wp-content\/uploads\/sites\/5\/2026\/09\/capa-biografia-brizola-da-karla-monteiro.jpeg?resize=350%2C200&ssl=1","width":350,"height":200,"srcset":"https:\/\/i0.wp.com\/www.jornalja.com.br\/colunas\/wp-content\/uploads\/sites\/5\/2026\/09\/capa-biografia-brizola-da-karla-monteiro.jpeg?resize=350%2C200&ssl=1 1x, https:\/\/i0.wp.com\/www.jornalja.com.br\/colunas\/wp-content\/uploads\/sites\/5\/2026\/09\/capa-biografia-brizola-da-karla-monteiro.jpeg?resize=525%2C300&ssl=1 1.5x, https:\/\/i0.wp.com\/www.jornalja.com.br\/colunas\/wp-content\/uploads\/sites\/5\/2026\/09\/capa-biografia-brizola-da-karla-monteiro.jpeg?resize=700%2C400&ssl=1 2x, https:\/\/i0.wp.com\/www.jornalja.com.br\/colunas\/wp-content\/uploads\/sites\/5\/2026\/09\/capa-biografia-brizola-da-karla-monteiro.jpeg?resize=1050%2C600&ssl=1 3x"},"classes":[]},{"id":85051,"url":"https:\/\/www.jornalja.com.br\/colunas\/carlos-bastos-anotacoes-para-um-perfil\/","url_meta":{"origin":84557,"position":3},"title":"Carlos Bastos: anota\u00e7\u00f5es para um perfil","author":"Elmar Bones","date":"27 de julho de 2026","format":false,"excerpt":"ELMAR BONES Carlos Bastos levou com ele um bom da naco da mem\u00f3ria de uma ou duas gera\u00e7\u00f5es de jornalistas, especialmente daqueles que militam ou militaram na imprensa do Rio Grande do Sul no \u00faltimo meio s\u00e9culo. Sim, restam relatos, entrevistas, depoimentos... Nada ser\u00e1 compar\u00e1vel \u00e0 verve e ao repert\u00f3rio\u2026","rel":"","context":"Em &quot;An\u00e1lise&amp;Opini\u00e3o&quot;","block_context":{"text":"An\u00e1lise&amp;Opini\u00e3o","link":"https:\/\/www.jornalja.com.br\/colunas\/category\/analiseopiniao\/"},"img":{"alt_text":"","src":"https:\/\/i0.wp.com\/www.jornalja.com.br\/colunas\/wp-content\/uploads\/sites\/5\/2026\/07\/bastos-carlos-depoimento-uh-scaled.jpg?resize=350%2C200&ssl=1","width":350,"height":200,"srcset":"https:\/\/i0.wp.com\/www.jornalja.com.br\/colunas\/wp-content\/uploads\/sites\/5\/2026\/07\/bastos-carlos-depoimento-uh-scaled.jpg?resize=350%2C200&ssl=1 1x, https:\/\/i0.wp.com\/www.jornalja.com.br\/colunas\/wp-content\/uploads\/sites\/5\/2026\/07\/bastos-carlos-depoimento-uh-scaled.jpg?resize=525%2C300&ssl=1 1.5x, https:\/\/i0.wp.com\/www.jornalja.com.br\/colunas\/wp-content\/uploads\/sites\/5\/2026\/07\/bastos-carlos-depoimento-uh-scaled.jpg?resize=700%2C400&ssl=1 2x, https:\/\/i0.wp.com\/www.jornalja.com.br\/colunas\/wp-content\/uploads\/sites\/5\/2026\/07\/bastos-carlos-depoimento-uh-scaled.jpg?resize=1050%2C600&ssl=1 3x, https:\/\/i0.wp.com\/www.jornalja.com.br\/colunas\/wp-content\/uploads\/sites\/5\/2026\/07\/bastos-carlos-depoimento-uh-scaled.jpg?resize=1400%2C800&ssl=1 4x"},"classes":[]},{"id":85060,"url":"https:\/\/www.jornalja.com.br\/colunas\/carlos-bastos-um-depoimento\/","url_meta":{"origin":84557,"position":4},"title":"Carlos Bastos: um depoimento","author":"da Reda\u00e7\u00e3o","date":"27 de julho de 2026","format":false,"excerpt":"Depoimento do jornalista Carlos Bastos (1934\/2026) a Jefferson Barros para o livro \u201cGolpe Mata Jornal\u201d, que relata a trajet\u00f3ria do jornal Ultima Hora em Porto Alegre, publicado em 1999 pela J\u00e1 Editores. Lan\u00e7ado em 1960, o jornal \u00daltima Hora, um tabl\u00f3ide popular atrevido, sacudiu o meio conservador da imprensa ga\u00facha,\u2026","rel":"","context":"Em &quot;An\u00e1lise&amp;Opini\u00e3o&quot;","block_context":{"text":"An\u00e1lise&amp;Opini\u00e3o","link":"https:\/\/www.jornalja.com.br\/colunas\/category\/analiseopiniao\/"},"img":{"alt_text":"","src":"","width":0,"height":0},"classes":[]},{"id":85029,"url":"https:\/\/www.jornalja.com.br\/colunas\/salete-van-der-poel-a-educadora-fragmentada-e-a-utopia-que-nao-envelhece\/","url_meta":{"origin":84557,"position":5},"title":"Salete van der Poel: a educadora fragmentada e a utopia que n\u00e3o envelhece","author":"cristianog","date":"16 de julho de 2026","format":false,"excerpt":"Por Cristiano Goldschmidt H\u00e1 sete anos \u2014 precisamente em 26 de junho de 2019 \u2014 publiquei no Jornal Extra Classe uma entrevista com Maria Salete van der Poel. Ela tinha 83 anos na ocasi\u00e3o e acabara de vir a Porto Alegre para ministrar uma aula na Faculdade de Educa\u00e7\u00e3o da\u2026","rel":"","context":"Em &quot;An\u00e1lise&amp;Opini\u00e3o&quot;","block_context":{"text":"An\u00e1lise&amp;Opini\u00e3o","link":"https:\/\/www.jornalja.com.br\/colunas\/category\/analiseopiniao\/"},"img":{"alt_text":"","src":"https:\/\/i0.wp.com\/www.jornalja.com.br\/colunas\/wp-content\/uploads\/sites\/5\/2026\/07\/capa-livro-eu-fragmentada.jpg?resize=350%2C200&ssl=1","width":350,"height":200,"srcset":"https:\/\/i0.wp.com\/www.jornalja.com.br\/colunas\/wp-content\/uploads\/sites\/5\/2026\/07\/capa-livro-eu-fragmentada.jpg?resize=350%2C200&ssl=1 1x, https:\/\/i0.wp.com\/www.jornalja.com.br\/colunas\/wp-content\/uploads\/sites\/5\/2026\/07\/capa-livro-eu-fragmentada.jpg?resize=525%2C300&ssl=1 1.5x"},"classes":[]}],"jetpack_shortlink":"https:\/\/wp.me\/pbKo0s-lZP","jetpack_sharing_enabled":true,"jetpack_featured_media_url":"","_links":{"self":[{"href":"https:\/\/www.jornalja.com.br\/colunas\/wp-json\/wp\/v2\/posts\/84557","targetHints":{"allow":["GET"]}}],"collection":[{"href":"https:\/\/www.jornalja.com.br\/colunas\/wp-json\/wp\/v2\/posts"}],"about":[{"href":"https:\/\/www.jornalja.com.br\/colunas\/wp-json\/wp\/v2\/types\/post"}],"author":[{"embeddable":true,"href":"https:\/\/www.jornalja.com.br\/colunas\/wp-json\/wp\/v2\/users\/11"}],"replies":[{"embeddable":true,"href":"https:\/\/www.jornalja.com.br\/colunas\/wp-json\/wp\/v2\/comments?post=84557"}],"version-history":[{"count":4,"href":"https:\/\/www.jornalja.com.br\/colunas\/wp-json\/wp\/v2\/posts\/84557\/revisions"}],"predecessor-version":[{"id":84563,"href":"https:\/\/www.jornalja.com.br\/colunas\/wp-json\/wp\/v2\/posts\/84557\/revisions\/84563"}],"wp:attachment":[{"href":"https:\/\/www.jornalja.com.br\/colunas\/wp-json\/wp\/v2\/media?parent=84557"}],"wp:term":[{"taxonomy":"category","embeddable":true,"href":"https:\/\/www.jornalja.com.br\/colunas\/wp-json\/wp\/v2\/categories?post=84557"},{"taxonomy":"post_tag","embeddable":true,"href":"https:\/\/www.jornalja.com.br\/colunas\/wp-json\/wp\/v2\/tags?post=84557"}],"curies":[{"name":"wp","href":"https:\/\/api.w.org\/{rel}","templated":true}]}}