{"id":84748,"date":"2026-05-01T15:50:41","date_gmt":"2026-05-01T18:50:41","guid":{"rendered":"https:\/\/www.jornalja.com.br\/colunas\/?p=84748"},"modified":"2026-05-01T15:51:12","modified_gmt":"2026-05-01T18:51:12","slug":"a-literatura-brasileira-no-dia-do-trabalhador","status":"publish","type":"post","link":"https:\/\/www.jornalja.com.br\/colunas\/a-literatura-brasileira-no-dia-do-trabalhador\/","title":{"rendered":"A Literatura Brasileira no Dia do Trabalho"},"content":{"rendered":"\n<p>Por Cristiano Goldschmidt<\/p>\n\n\n\n<p>O 1\u00ba de maio costuma ser lembrado pelo peso hist\u00f3rico das lutas trabalhistas, pelo som das manifesta\u00e7\u00f5es e pela mem\u00f3ria viva de direitos conquistados ao longo de d\u00e9cadas. No entanto, essa mesma data abriga uma outra forma de celebra\u00e7\u00e3o, menos ruidosa, mas igualmente significativa: o Dia da Literatura Brasileira. Longe de ser apenas uma banal coincid\u00eancia, essa sobreposi\u00e7\u00e3o revela uma afinidade profunda. No Brasil, escrever nunca foi s\u00f3 voca\u00e7\u00e3o ou talento \u2014 \u00e9 tamb\u00e9m trabalho. Um trabalho muitas vezes solit\u00e1rio, pouco reconhecido, atravessado por dificuldades materiais, mas que insiste em existir como forma de resist\u00eancia.<\/p>\n\n\n\n<p>Antes mesmo de se reconhecer como literatura, a produ\u00e7\u00e3o escrita no Brasil j\u00e1 delineava contornos do que viria a ser uma identidade narrativa pr\u00f3pria. Nos relatos de viajantes, nas cartas enviadas \u00e0 metr\u00f3pole, nas descri\u00e7\u00f5es fragmentadas de um territ\u00f3rio ainda em disputa, havia uma tentativa de traduzir o desconhecido em linguagem. Era uma escrita que vinha de fora, carregada de estranhamento e curiosidade. Com o passar do tempo, no entanto, o pa\u00eds come\u00e7ou a produzir suas pr\u00f3prias vozes, e esse deslocamento \u2014 de objeto narrado a sujeito narrador \u2014 marca o surgimento de uma literatura que n\u00e3o apenas descreve, mas interpreta e questiona.<\/p>\n\n\n\n<p>Com essa transforma\u00e7\u00e3o, a l\u00edngua portuguesa tamb\u00e9m se reinventa em solo brasileiro. Ela se expande, se mistura, se contamina de influ\u00eancias diversas, refletindo a complexidade cultural do pa\u00eds. O resultado \u00e9 uma linguagem que n\u00e3o se encaixa facilmente em moldes fixos: ora erudita, ora coloquial; ora marcada pela oralidade, ora pela experimenta\u00e7\u00e3o formal. Diferentemente de tradi\u00e7\u00f5es liter\u00e1rias mais lineares, a brasileira se constr\u00f3i por meio de rupturas, como se cada gera\u00e7\u00e3o precisasse redescobrir suas pr\u00f3prias formas de express\u00e3o.<\/p>\n\n\n\n<p>Essa caracter\u00edstica de reinven\u00e7\u00e3o constante est\u00e1 diretamente ligada \u00e0s tens\u00f5es sociais que atravessam o pa\u00eds. A literatura brasileira n\u00e3o se limita ao campo est\u00e9tico; ela dialoga com a realidade de maneira incisiva. Ao longo da hist\u00f3ria, serviu como instrumento de den\u00fancia, reflex\u00e3o e mem\u00f3ria. Escritores transformaram em palavras experi\u00eancias marcadas por desigualdade, viol\u00eancia e exclus\u00e3o, ampliando o alcance de vozes frequentemente silenciadas. Nesse sentido, a literatura n\u00e3o apenas representa o mundo \u2014 ela o tensiona, o questiona e, por vezes, o desestabiliza.<\/p>\n\n\n\n<p>\u00c9 imposs\u00edvel ignorar, nesse contexto, o car\u00e1ter pol\u00edtico do ato de escrever e de ler. Em um pa\u00eds onde o acesso \u00e0 educa\u00e7\u00e3o sempre foi desigual, a pr\u00f3pria possibilidade de produzir e consumir literatura carrega implica\u00e7\u00f5es sociais profundas. Durante muito tempo, os espa\u00e7os liter\u00e1rios foram restritos a determinados grupos, o que moldou n\u00e3o apenas quem escrevia, mas tamb\u00e9m quais hist\u00f3rias eram contadas. Hoje, h\u00e1 um movimento cont\u00ednuo de amplia\u00e7\u00e3o desse horizonte, ainda que marcado por desafios persistentes.<\/p>\n\n\n\n<p>Essa amplia\u00e7\u00e3o se manifesta de maneira especialmente intensa nas margens \u2014 geogr\u00e1ficas e simb\u00f3licas. Fora dos grandes centros editoriais, surgem narrativas que desafiam conven\u00e7\u00f5es e ampliam o repert\u00f3rio liter\u00e1rio. Autores perif\u00e9ricos, ind\u00edgenas, negros, mulheres e outras vozes historicamente exclu\u00eddas v\u00eam n\u00e3o apenas ocupando espa\u00e7o, mas transformando a pr\u00f3pria ideia de literatura. O que antes era considerado perif\u00e9rico passa a ocupar o centro de debates, revelando novas formas de linguagem, novas estruturas narrativas e novas perspectivas de mundo.<\/p>\n\n\n\n<figure class=\"wp-block-image alignright size-large is-resized\"><img decoding=\"async\" width=\"1024\" height=\"613\" src=\"https:\/\/www.jornalja.com.br\/colunas\/wp-content\/uploads\/sites\/5\/2026\/05\/image-1-1024x613.png\" alt=\"\" class=\"wp-image-84750\" style=\"width:448px;height:auto\" srcset=\"https:\/\/www.jornalja.com.br\/colunas\/wp-content\/uploads\/sites\/5\/2026\/05\/image-1-1024x613.png 1024w, https:\/\/www.jornalja.com.br\/colunas\/wp-content\/uploads\/sites\/5\/2026\/05\/image-1-300x179.png 300w, https:\/\/www.jornalja.com.br\/colunas\/wp-content\/uploads\/sites\/5\/2026\/05\/image-1-768x459.png 768w, https:\/\/www.jornalja.com.br\/colunas\/wp-content\/uploads\/sites\/5\/2026\/05\/image-1.png 1170w\" sizes=\"(max-width: 1024px) 100vw, 1024px\" \/><\/figure>\n\n\n\n<p>Ao mesmo tempo, a literatura brasileira contempor\u00e2nea carrega uma dimens\u00e3o de resist\u00eancia que dialoga diretamente com o esp\u00edrito do 1\u00ba de maio. Muitos escritores conciliam a escrita com outras atividades profissionais, enfrentando a precariedade do mercado editorial. Editoras independentes surgem e sobrevivem gra\u00e7as \u00e0 persist\u00eancia de quem acredita no valor da palavra escrita. Leitores, por sua vez, constroem seus pr\u00f3prios caminhos de acesso, muitas vezes por meio de bibliotecas p\u00fablicas, trocas informais ou iniciativas comunit\u00e1rias.<\/p>\n\n\n\n<p>H\u00e1, nesse ecossistema, uma esp\u00e9cie de esfor\u00e7o coletivo que mant\u00e9m a literatura viva, mesmo diante de adversidades. \u00c9 como se cada livro publicado, cada texto compartilhado, cada leitura realizada fosse tamb\u00e9m um gesto de afirma\u00e7\u00e3o. A literatura, nesse sentido, n\u00e3o depende apenas de grandes institui\u00e7\u00f5es \u2014 ela se sustenta em redes invis\u00edveis de cria\u00e7\u00e3o, circula\u00e7\u00e3o e recep\u00e7\u00e3o.<\/p>\n\n\n\n<p>Curiosamente, essa celebra\u00e7\u00e3o n\u00e3o se manifesta em grandes eventos ou cerim\u00f4nias oficiais. Ela acontece de forma difusa, quase impercept\u00edvel: em salas de aula, em clubes de leitura, em cadernos esquecidos, em textos escritos \u00e0 margem do cotidiano. A literatura brasileira vive tanto nos livros publicados quanto nas hist\u00f3rias contadas oralmente, nas experi\u00eancias que circulam fora dos circuitos tradicionais.<\/p>\n\n\n\n<p>Essa dimens\u00e3o discreta n\u00e3o diminui sua import\u00e2ncia \u2014 pelo contr\u00e1rio, a fortalece. Enquanto o Dia do Trabalhador mobiliza coletividades nas ruas, a literatura opera no campo do \u00edntimo, do reflexivo. Ainda assim, ambas compartilham um mesmo fundamento: a ideia de constru\u00e7\u00e3o. Construir direitos, construir narrativas, construir sentidos para a experi\u00eancia humana.<\/p>\n\n\n\n<p>O 1\u00ba de maio, portanto, convida a uma reflex\u00e3o mais ampla. Ele n\u00e3o apenas rememora conquistas passadas, mas tamb\u00e9m aponta para desafios presentes. No campo liter\u00e1rio, isso implica pensar sobre acesso, diversidade, reconhecimento e sustentabilidade. Implica perguntar quem ainda est\u00e1 \u00e0 margem e quais hist\u00f3rias ainda n\u00e3o foram contadas.<\/p>\n\n\n\n<p>Ao ampliar esse olhar, percebe-se que a literatura brasileira n\u00e3o \u00e9 um conjunto fixo de obras consagradas, mas um processo em constante transforma\u00e7\u00e3o. Ela se alimenta de tens\u00f5es, de contradi\u00e7\u00f5es, de encontros e desencontros. Cada nova voz que emerge altera o panorama, acrescentando camadas de complexidade e vitalidade.<\/p>\n\n\n\n<p>Talvez seja justamente essa capacidade de transforma\u00e7\u00e3o que mant\u00e9m a literatura relevante. Em um mundo marcado pela velocidade e pela superficialidade, ler e escrever exigem pausa, aten\u00e7\u00e3o e escuta. S\u00e3o atos que resistem \u00e0 l\u00f3gica da pressa, criando espa\u00e7os de reflex\u00e3o que se tornam cada vez mais raros \u2014 e, por isso mesmo, mais necess\u00e1rios.<\/p>\n\n\n\n<figure class=\"wp-block-image alignleft size-large is-resized\"><img decoding=\"async\" width=\"1024\" height=\"613\" src=\"https:\/\/www.jornalja.com.br\/colunas\/wp-content\/uploads\/sites\/5\/2026\/05\/image-1024x613.png\" alt=\"\" class=\"wp-image-84749\" style=\"aspect-ratio:1.6705358753834125;width:471px;height:auto\" srcset=\"https:\/\/www.jornalja.com.br\/colunas\/wp-content\/uploads\/sites\/5\/2026\/05\/image-1024x613.png 1024w, https:\/\/www.jornalja.com.br\/colunas\/wp-content\/uploads\/sites\/5\/2026\/05\/image-300x179.png 300w, https:\/\/www.jornalja.com.br\/colunas\/wp-content\/uploads\/sites\/5\/2026\/05\/image-768x459.png 768w, https:\/\/www.jornalja.com.br\/colunas\/wp-content\/uploads\/sites\/5\/2026\/05\/image.png 1170w\" sizes=\"(max-width: 1024px) 100vw, 1024px\" \/><\/figure>\n\n\n\n<p>No fim das contas, a coincid\u00eancia entre o Dia do Trabalhador e o Dia da Literatura Brasileira deixa de parecer acaso e passa a revelar uma afinidade essencial. Ambos celebram formas de produ\u00e7\u00e3o \u2014 material e simb\u00f3lica \u2014 que sustentam a vida em sociedade. Ambos reconhecem o esfor\u00e7o, a persist\u00eancia e a imagina\u00e7\u00e3o como elementos fundamentais para a constru\u00e7\u00e3o de um pa\u00eds.<\/p>\n\n\n\n<p>Porque um pa\u00eds n\u00e3o se ergue apenas com infraestrutura ou legisla\u00e7\u00e3o. Ele tamb\u00e9m se constitui nas narrativas que produz, nas hist\u00f3rias que escolhe contar e nas vozes que decide ouvir. E enquanto houver algu\u00e9m disposto a escrever \u2014 mesmo diante das dificuldades, mesmo longe dos holofotes \u2014 haver\u00e1 sempre um Brasil em processo de reinven\u00e7\u00e3o, tecido lentamente na mat\u00e9ria viva das palavras.<\/p>\n","protected":false},"excerpt":{"rendered":"<p>Por Cristiano Goldschmidt O 1\u00ba de maio costuma ser lembrado pelo peso hist\u00f3rico das lutas trabalhistas, pelo som das manifesta\u00e7\u00f5es e pela mem\u00f3ria viva de direitos conquistados ao longo de d\u00e9cadas. No entanto, essa mesma data abriga uma outra forma de celebra\u00e7\u00e3o, menos ruidosa, mas igualmente significativa: o Dia da Literatura Brasileira. Longe de ser [&hellip;]<\/p>\n","protected":false},"author":11,"featured_media":0,"comment_status":"closed","ping_status":"open","sticky":false,"template":"","format":"standard","meta":{"jetpack_post_was_ever_published":false,"_jetpack_newsletter_access":"","_jetpack_dont_email_post_to_subs":false,"_jetpack_newsletter_tier_id":0,"_jetpack_memberships_contains_paywalled_content":false,"_jetpack_memberships_contains_paid_content":false,"footnotes":"","jetpack_publicize_message":"","jetpack_publicize_feature_enabled":true,"jetpack_social_post_already_shared":true,"jetpack_social_options":{"image_generator_settings":{"template":"highway","default_image_id":0,"font":"","enabled":false},"version":2}},"categories":[2],"tags":[],"class_list":["post-84748","post","type-post","status-publish","format-standard","hentry","category-analiseopiniao"],"aioseo_notices":[],"jetpack_publicize_connections":[],"jetpack_featured_media_url":"","jetpack-related-posts":[{"id":84737,"url":"https:\/\/www.jornalja.com.br\/colunas\/dia-internacional-da-educacao-o-brasil-que-se-revela-na-sala-de-aula\/","url_meta":{"origin":84748,"position":0},"title":"Dia Internacional da Educa\u00e7\u00e3o: o Brasil que se revela na sala de aula","author":"An\u00e1lise &amp; Opini\u00e3o","date":"28 de abril de 2026","format":false,"excerpt":"CRISTIANO GOLDSCHMIDT A educa\u00e7\u00e3o n\u00e3o se deixa apreender como um simples conceito est\u00e1vel ou como um consenso j\u00e1 dado. Ela se apresenta, antes, como um campo de tens\u00f5es, no qual se entrecruzam disputas de sentido, sil\u00eancios hist\u00f3ricos e projetos de sociedade. Pensar a educa\u00e7\u00e3o, nesse horizonte, implica reconhecer que educar\u2026","rel":"","context":"Em &quot;An\u00e1lise&amp;Opini\u00e3o&quot;","block_context":{"text":"An\u00e1lise&amp;Opini\u00e3o","link":"https:\/\/www.jornalja.com.br\/colunas\/category\/analiseopiniao\/"},"img":{"alt_text":"","src":"https:\/\/i0.wp.com\/www.jornalja.com.br\/colunas\/wp-content\/uploads\/sites\/5\/2026\/04\/image-1.png?resize=350%2C200&ssl=1","width":350,"height":200,"srcset":"https:\/\/i0.wp.com\/www.jornalja.com.br\/colunas\/wp-content\/uploads\/sites\/5\/2026\/04\/image-1.png?resize=350%2C200&ssl=1 1x, https:\/\/i0.wp.com\/www.jornalja.com.br\/colunas\/wp-content\/uploads\/sites\/5\/2026\/04\/image-1.png?resize=525%2C300&ssl=1 1.5x, https:\/\/i0.wp.com\/www.jornalja.com.br\/colunas\/wp-content\/uploads\/sites\/5\/2026\/04\/image-1.png?resize=700%2C400&ssl=1 2x"},"classes":[]},{"id":84693,"url":"https:\/\/www.jornalja.com.br\/colunas\/fim-da-escala-6x1-cabe-ao-congresso-decidir-entre-o-progresso-e-o-atraso\/","url_meta":{"origin":84748,"position":1},"title":"Fim da escala 6&#215;1: cabe ao Congresso decidir entre o progresso e o atraso","author":"da Reda\u00e7\u00e3o","date":"20 de abril de 2026","format":false,"excerpt":"Plen\u00e1rio da C\u00e2mara dos Deputados durante sess\u00e3o solene do Congresso Nacional. Caber\u00e1 ao parlamento a decis\u00e3o final sobre a nova escala de trabalho. Foto: Leopoldo Silva\/Ag\u00eancia Senado CRISTIANO GOLDSCHMIDT A discuss\u00e3o sobre o fim da escala de trabalho 6x1 no Brasil tem ganhado centralidade no debate p\u00fablico contempor\u00e2neo por tocar\u2026","rel":"","context":"Em &quot;An\u00e1lise&amp;Opini\u00e3o&quot;","block_context":{"text":"An\u00e1lise&amp;Opini\u00e3o","link":"https:\/\/www.jornalja.com.br\/colunas\/category\/analiseopiniao\/"},"img":{"alt_text":"","src":"https:\/\/i0.wp.com\/www.jornalja.com.br\/colunas\/wp-content\/uploads\/sites\/5\/2026\/04\/plenario-do-congresso-nacional-posse-presidencial-2023-foto-de-leopoldo-silva-agencia-senado-scaled.jpg?resize=350%2C200&ssl=1","width":350,"height":200,"srcset":"https:\/\/i0.wp.com\/www.jornalja.com.br\/colunas\/wp-content\/uploads\/sites\/5\/2026\/04\/plenario-do-congresso-nacional-posse-presidencial-2023-foto-de-leopoldo-silva-agencia-senado-scaled.jpg?resize=350%2C200&ssl=1 1x, https:\/\/i0.wp.com\/www.jornalja.com.br\/colunas\/wp-content\/uploads\/sites\/5\/2026\/04\/plenario-do-congresso-nacional-posse-presidencial-2023-foto-de-leopoldo-silva-agencia-senado-scaled.jpg?resize=525%2C300&ssl=1 1.5x, https:\/\/i0.wp.com\/www.jornalja.com.br\/colunas\/wp-content\/uploads\/sites\/5\/2026\/04\/plenario-do-congresso-nacional-posse-presidencial-2023-foto-de-leopoldo-silva-agencia-senado-scaled.jpg?resize=700%2C400&ssl=1 2x, https:\/\/i0.wp.com\/www.jornalja.com.br\/colunas\/wp-content\/uploads\/sites\/5\/2026\/04\/plenario-do-congresso-nacional-posse-presidencial-2023-foto-de-leopoldo-silva-agencia-senado-scaled.jpg?resize=1050%2C600&ssl=1 3x, https:\/\/i0.wp.com\/www.jornalja.com.br\/colunas\/wp-content\/uploads\/sites\/5\/2026\/04\/plenario-do-congresso-nacional-posse-presidencial-2023-foto-de-leopoldo-silva-agencia-senado-scaled.jpg?resize=1400%2C800&ssl=1 4x"},"classes":[]},{"id":84681,"url":"https:\/\/www.jornalja.com.br\/colunas\/recordar-zuzu-angel-50-anos-apos-sua-morte-e-um-ato-etico\/","url_meta":{"origin":84748,"position":2},"title":"Recordar Zuzu Angel 50 anos ap\u00f3s sua morte \u00e9 um ato \u00e9tico","author":"da Reda\u00e7\u00e3o","date":"16 de abril de 2026","format":false,"excerpt":"CRISTIANO GOLDSCHMIDT Cinco d\u00e9cadas transcorreram desde o silenciamento brutal de Zuzu Angel (05 de junho de 1921 - 14 de abril de 1976), e ainda assim sua voz persiste \u2014 n\u00e3o como eco esmaecido, mas como um timbre agudo que rasga o tecido do tempo e se inscreve na mem\u00f3ria\u2026","rel":"","context":"Em &quot;An\u00e1lise&amp;Opini\u00e3o&quot;","block_context":{"text":"An\u00e1lise&amp;Opini\u00e3o","link":"https:\/\/www.jornalja.com.br\/colunas\/category\/analiseopiniao\/"},"img":{"alt_text":"","src":"https:\/\/i0.wp.com\/www.jornalja.com.br\/colunas\/wp-content\/uploads\/sites\/5\/2026\/04\/zuzu-angel-1972-fotografo-desconhecido-colecao-arquivo-nacional.jpg?resize=350%2C200&ssl=1","width":350,"height":200,"srcset":"https:\/\/i0.wp.com\/www.jornalja.com.br\/colunas\/wp-content\/uploads\/sites\/5\/2026\/04\/zuzu-angel-1972-fotografo-desconhecido-colecao-arquivo-nacional.jpg?resize=350%2C200&ssl=1 1x, https:\/\/i0.wp.com\/www.jornalja.com.br\/colunas\/wp-content\/uploads\/sites\/5\/2026\/04\/zuzu-angel-1972-fotografo-desconhecido-colecao-arquivo-nacional.jpg?resize=525%2C300&ssl=1 1.5x, https:\/\/i0.wp.com\/www.jornalja.com.br\/colunas\/wp-content\/uploads\/sites\/5\/2026\/04\/zuzu-angel-1972-fotografo-desconhecido-colecao-arquivo-nacional.jpg?resize=700%2C400&ssl=1 2x, https:\/\/i0.wp.com\/www.jornalja.com.br\/colunas\/wp-content\/uploads\/sites\/5\/2026\/04\/zuzu-angel-1972-fotografo-desconhecido-colecao-arquivo-nacional.jpg?resize=1050%2C600&ssl=1 3x"},"classes":[]},{"id":84690,"url":"https:\/\/www.jornalja.com.br\/colunas\/17-de-abril-de-1996-30-anos-do-massacre-de-eldorado-do-carajas\/","url_meta":{"origin":84748,"position":3},"title":"17 de abril de 1996: 30 anos do Massacre de Eldorado do Caraj\u00e1s","author":"da Reda\u00e7\u00e3o","date":"17 de abril de 2026","format":false,"excerpt":"Cruz marca o local do massacre em Eldorado dos Caraj\u00e1s, Par\u00e1. Foto: Marcello Casal Jr.\/Arquivo ABr CRISTIANO GOLDSCHMIDT H\u00e1 datas que n\u00e3o passam. Ficam suspensas no tempo como poeira vermelha sobre a pele \u2014 insistem, infiltram-se, recusam o esquecimento. Abril, no sul do Par\u00e1, \u00e9 sempre um m\u00eas que arde.\u2026","rel":"","context":"Em &quot;An\u00e1lise&amp;Opini\u00e3o&quot;","block_context":{"text":"An\u00e1lise&amp;Opini\u00e3o","link":"https:\/\/www.jornalja.com.br\/colunas\/category\/analiseopiniao\/"},"img":{"alt_text":"","src":"https:\/\/i0.wp.com\/www.jornalja.com.br\/colunas\/wp-content\/uploads\/sites\/5\/2026\/04\/mc006.jpg?resize=350%2C200&ssl=1","width":350,"height":200,"srcset":"https:\/\/i0.wp.com\/www.jornalja.com.br\/colunas\/wp-content\/uploads\/sites\/5\/2026\/04\/mc006.jpg?resize=350%2C200&ssl=1 1x, https:\/\/i0.wp.com\/www.jornalja.com.br\/colunas\/wp-content\/uploads\/sites\/5\/2026\/04\/mc006.jpg?resize=525%2C300&ssl=1 1.5x, https:\/\/i0.wp.com\/www.jornalja.com.br\/colunas\/wp-content\/uploads\/sites\/5\/2026\/04\/mc006.jpg?resize=700%2C400&ssl=1 2x, https:\/\/i0.wp.com\/www.jornalja.com.br\/colunas\/wp-content\/uploads\/sites\/5\/2026\/04\/mc006.jpg?resize=1050%2C600&ssl=1 3x, https:\/\/i0.wp.com\/www.jornalja.com.br\/colunas\/wp-content\/uploads\/sites\/5\/2026\/04\/mc006.jpg?resize=1400%2C800&ssl=1 4x"},"classes":[]},{"id":84632,"url":"https:\/\/www.jornalja.com.br\/colunas\/medicos-alertam-para-os-riscos-a-saude-de-nova-fabrica-de-celulose-da-cmpc\/","url_meta":{"origin":84748,"position":4},"title":"M\u00e9dicos alertam para os riscos \u00e0 sa\u00fade de nova f\u00e1brica de celulose da CMPC","author":"Cleber Dioni Tentardini","date":"14 de abril de 2026","format":false,"excerpt":"ROSELAINE MURLIK * Represento um grupo de profissionais da medicina que, h\u00e1 alguns anos, estuda os diferentes impactos das mudan\u00e7as clim\u00e1ticas e da polui\u00e7\u00e3o ambiental nos ecossistemas na sa\u00fade humana e do planeta. Causa preocupa\u00e7\u00e3o o novo megaempreendimento de celulose da empresa chilena CMPC em Barra do Ribeiro (RS), pr\u00f3ximo\u2026","rel":"","context":"Em &quot;An\u00e1lise&amp;Opini\u00e3o&quot;","block_context":{"text":"An\u00e1lise&amp;Opini\u00e3o","link":"https:\/\/www.jornalja.com.br\/colunas\/category\/analiseopiniao\/"},"img":{"alt_text":"","src":"https:\/\/i0.wp.com\/www.jornalja.com.br\/colunas\/wp-content\/uploads\/sites\/5\/2026\/04\/comite-contra-celulose.jpg?resize=350%2C200&ssl=1","width":350,"height":200},"classes":[]},{"id":84742,"url":"https:\/\/www.jornalja.com.br\/colunas\/rejeicao-a-messias-quando-o-senado-tensiona-os-limites-da-democracia\/","url_meta":{"origin":84748,"position":5},"title":"Rejei\u00e7\u00e3o a Messias: quando o Senado tensiona os limites da democracia","author":"An\u00e1lise &amp; Opini\u00e3o","date":"30 de abril de 2026","format":false,"excerpt":"CRISTIANO GOLDSCHMIDT A rejei\u00e7\u00e3o, pelo Senado, da indica\u00e7\u00e3o de Jorge Messias ao Supremo Tribunal Federal n\u00e3o \u00e9 um fato trivial \u2014 e trat\u00e1-la como um simples exerc\u00edcio de independ\u00eancia institucional seria, no m\u00ednimo, ing\u00eanuo. H\u00e1 algo mais profundo em jogo. O epis\u00f3dio exp\u00f5e, com certa nitidez, a forma como parcelas\u2026","rel":"","context":"Em &quot;An\u00e1lise&amp;Opini\u00e3o&quot;","block_context":{"text":"An\u00e1lise&amp;Opini\u00e3o","link":"https:\/\/www.jornalja.com.br\/colunas\/category\/analiseopiniao\/"},"img":{"alt_text":"","src":"https:\/\/i0.wp.com\/www.jornalja.com.br\/colunas\/wp-content\/uploads\/sites\/5\/2026\/04\/image-2.png?resize=350%2C200&ssl=1","width":350,"height":200,"srcset":"https:\/\/i0.wp.com\/www.jornalja.com.br\/colunas\/wp-content\/uploads\/sites\/5\/2026\/04\/image-2.png?resize=350%2C200&ssl=1 1x, https:\/\/i0.wp.com\/www.jornalja.com.br\/colunas\/wp-content\/uploads\/sites\/5\/2026\/04\/image-2.png?resize=525%2C300&ssl=1 1.5x, https:\/\/i0.wp.com\/www.jornalja.com.br\/colunas\/wp-content\/uploads\/sites\/5\/2026\/04\/image-2.png?resize=700%2C400&ssl=1 2x, https:\/\/i0.wp.com\/www.jornalja.com.br\/colunas\/wp-content\/uploads\/sites\/5\/2026\/04\/image-2.png?resize=1050%2C600&ssl=1 3x"},"classes":[]}],"jetpack_shortlink":"https:\/\/wp.me\/pbKo0s-m2U","jetpack_sharing_enabled":true,"_links":{"self":[{"href":"https:\/\/www.jornalja.com.br\/colunas\/wp-json\/wp\/v2\/posts\/84748","targetHints":{"allow":["GET"]}}],"collection":[{"href":"https:\/\/www.jornalja.com.br\/colunas\/wp-json\/wp\/v2\/posts"}],"about":[{"href":"https:\/\/www.jornalja.com.br\/colunas\/wp-json\/wp\/v2\/types\/post"}],"author":[{"embeddable":true,"href":"https:\/\/www.jornalja.com.br\/colunas\/wp-json\/wp\/v2\/users\/11"}],"replies":[{"embeddable":true,"href":"https:\/\/www.jornalja.com.br\/colunas\/wp-json\/wp\/v2\/comments?post=84748"}],"version-history":[{"count":3,"href":"https:\/\/www.jornalja.com.br\/colunas\/wp-json\/wp\/v2\/posts\/84748\/revisions"}],"predecessor-version":[{"id":84753,"href":"https:\/\/www.jornalja.com.br\/colunas\/wp-json\/wp\/v2\/posts\/84748\/revisions\/84753"}],"wp:attachment":[{"href":"https:\/\/www.jornalja.com.br\/colunas\/wp-json\/wp\/v2\/media?parent=84748"}],"wp:term":[{"taxonomy":"category","embeddable":true,"href":"https:\/\/www.jornalja.com.br\/colunas\/wp-json\/wp\/v2\/categories?post=84748"},{"taxonomy":"post_tag","embeddable":true,"href":"https:\/\/www.jornalja.com.br\/colunas\/wp-json\/wp\/v2\/tags?post=84748"}],"curies":[{"name":"wp","href":"https:\/\/api.w.org\/{rel}","templated":true}]}}