{"id":85033,"date":"2026-07-16T23:51:23","date_gmt":"2026-07-17T02:51:23","guid":{"rendered":"https:\/\/www.jornalja.com.br\/colunas\/?p=85033"},"modified":"2026-07-27T17:07:36","modified_gmt":"2026-07-27T20:07:36","slug":"brizola-e-a-campanha-eleitoral-no-rs","status":"publish","type":"post","link":"https:\/\/www.jornalja.com.br\/colunas\/brizola-e-a-campanha-eleitoral-no-rs\/","title":{"rendered":"Brizola e a campanha eleitoral no RS"},"content":{"rendered":"\n<p class=\"wp-block-paragraph\"><\/p>\n\n\n\n<p class=\"wp-block-paragraph\"><strong>ELMAR BONES<\/strong><\/p>\n\n\n\n<p class=\"wp-block-paragraph\">A candidatura de Juliana Brizola, na cabe\u00e7a de uma in\u00e9dita frente de esquerda,\u00a0coloca o ex-governador Leonel Brizola, seu av\u00f4 e inspirador, no centro da disputa eleitoral deste ano.<\/p>\n\n\n\n<p class=\"wp-block-paragraph\">Brizola morreu em junho de 2004.<\/p>\n\n\n\n<p class=\"wp-block-paragraph\">Governador do Rio Grande do Sul, l\u00edder do legend\u00e1rio movimento da Legalidade, deputado federal e, depois de 15 anos de ex\u00edlio, duas vezes governador do Rio de Janeiro e duas vezes candidato \u00e0 presid\u00eancia da Rep\u00fablica, Leonel Brizola \u2013 que come\u00e7ou a vida como engraxate em Porto Alegre &#8211; se tornou uma figura m\u00edtica na pol\u00edtica brasileira por seu discurso contundente e sua defesa incans\u00e1vel da soberania nacional e da educa\u00e7\u00e3o p\u00fablica como pilar da justi\u00e7a social.<\/p>\n\n\n\n<p class=\"wp-block-paragraph\">Ele est\u00e1 colocado no centro da campanha eleitoral no Rio Grande do Sul e poder\u00e1 ter peso decisivo no resultado de uma disputa hist\u00f3rica no Estado.<\/p>\n\n\n\n<p class=\"wp-block-paragraph\">\u00c9 normal que apare\u00e7am as cr\u00edticas e at\u00e9 alguns equ\u00edvocos a respeito do grande l\u00edder popular. O mais grave deles at\u00e9 agora diz respeito \u00e0s \u201cbrizoletas\u201d, os t\u00edtulos do Tesouro Estadual que o governo Brizola emitiu para pagar o funcionalismo que amargava cinco anos de atrasos salariais.<\/p>\n\n\n\n<p class=\"wp-block-paragraph\">Foi uma medida in\u00e9dita e arrojada que gerou muitas cr\u00edticas na \u00e9poca, mas que hoje est\u00e1 sendo distorcida pelos advers\u00e1rios de Juliana. Outro equ\u00edvoco \u00e9 a rela\u00e7\u00e3o das lend\u00e1rias \u201cescolinhas do Brizola\u201d com as brizoletas. Nada a ver, mas o erro repetido na imprensa tem envolvido at\u00e9 alguns brizolistas hist\u00f3ricos.<\/p>\n\n\n\n<p class=\"wp-block-paragraph\"><\/p>\n\n\n\n<p class=\"wp-block-paragraph\"><\/p>\n","protected":false},"excerpt":{"rendered":"<p>ELMAR BONES A candidatura de Juliana Brizola, na cabe\u00e7a de uma in\u00e9dita frente de esquerda,\u00a0coloca o ex-governador Leonel Brizola, seu av\u00f4 e inspirador, no centro da disputa eleitoral deste ano. Brizola morreu em junho de 2004. Governador do Rio Grande do Sul, l\u00edder do legend\u00e1rio movimento da Legalidade, deputado federal e, depois de 15 anos [&hellip;]<\/p>\n","protected":false},"author":5,"featured_media":0,"comment_status":"closed","ping_status":"open","sticky":false,"template":"","format":"standard","meta":{"_jetpack_newsletter_access":"","_jetpack_dont_email_post_to_subs":false,"_jetpack_newsletter_tier_id":0,"_jetpack_memberships_contains_paywalled_content":false,"_jetpack_feature_clip_id":0,"_jetpack_memberships_contains_paid_content":false,"footnotes":"","jetpack_publicize_message":"","jetpack_publicize_feature_enabled":true,"jetpack_social_post_already_shared":true,"jetpack_social_options":{"image_generator_settings":{"template":"highway","default_image_id":0,"font":"","enabled":false},"version":2},"jetpack_post_was_ever_published":false},"categories":[2],"tags":[],"class_list":["post-85033","post","type-post","status-publish","format-standard","hentry","category-analiseopiniao"],"aioseo_notices":[],"aioseo_head":"\n\t\t<!-- All in One SEO 5.0.1.1 - aioseo.com -->\n\t<meta name=\"description\" content=\"ELMAR BONES A candidatura de Juliana Brizola, na cabe\u00e7a de uma in\u00e9dita frente de esquerda, coloca o ex-governador Leonel Brizola, seu av\u00f4 e inspirador, no centro da disputa eleitoral deste ano. Brizola morreu em junho de 2004. Governador do Rio Grande do Sul, l\u00edder do legend\u00e1rio movimento da Legalidade, deputado federal e, depois de 15 anos\" \/>\n\t<meta name=\"robots\" content=\"max-image-preview:large\" \/>\n\t<meta name=\"author\" content=\"Elmar Bones\"\/>\n\t<link rel=\"canonical\" href=\"https:\/\/www.jornalja.com.br\/colunas\/brizola-e-a-campanha-eleitoral-no-rs\/\" \/>\n\t<meta name=\"generator\" content=\"All in One SEO (AIOSEO) 5.0.1.1\" \/>\n\t\t<meta property=\"og:locale\" content=\"pt_BR\" \/>\n\t\t<meta property=\"og:site_name\" content=\"An\u00e1lise &amp; Opini\u00e3o\" \/>\n\t\t<meta property=\"og:type\" content=\"article\" \/>\n\t\t<meta property=\"og:title\" content=\"Brizola e a campanha eleitoral no RS | Colunas\" \/>\n\t\t<meta property=\"og:description\" content=\"ELMAR BONES A candidatura de Juliana Brizola, na cabe\u00e7a de uma in\u00e9dita frente de esquerda, coloca o ex-governador Leonel Brizola, seu av\u00f4 e inspirador, no centro da disputa eleitoral deste ano. Brizola morreu em junho de 2004. Governador do Rio Grande do Sul, l\u00edder do legend\u00e1rio movimento da Legalidade, deputado federal e, depois de 15 anos\" \/>\n\t\t<meta property=\"og:url\" content=\"https:\/\/www.jornalja.com.br\/colunas\/brizola-e-a-campanha-eleitoral-no-rs\/\" \/>\n\t\t<meta property=\"og:image\" content=\"https:\/\/www.jornalja.com.br\/economics\/wp-content\/uploads\/sites\/11\/2026\/08\/ja-folhaderosto-facebook.jpg\" \/>\n\t\t<meta property=\"og:image:secure_url\" content=\"https:\/\/www.jornalja.com.br\/economics\/wp-content\/uploads\/sites\/11\/2026\/08\/ja-folhaderosto-facebook.jpg\" \/>\n\t\t<meta property=\"article:published_time\" content=\"2026-07-17T02:51:23+00:00\" \/>\n\t\t<meta property=\"article:modified_time\" content=\"2026-07-27T20:07:36+00:00\" \/>\n\t\t<meta name=\"twitter:card\" content=\"summary\" \/>\n\t\t<meta name=\"twitter:title\" content=\"Brizola e a campanha eleitoral no RS | Colunas\" \/>\n\t\t<meta name=\"twitter:description\" content=\"ELMAR BONES A candidatura de Juliana Brizola, na cabe\u00e7a de uma in\u00e9dita frente de esquerda, coloca o ex-governador Leonel Brizola, seu av\u00f4 e inspirador, no centro da disputa eleitoral deste ano. Brizola morreu em junho de 2004. Governador do Rio Grande do Sul, l\u00edder do legend\u00e1rio movimento da Legalidade, deputado federal e, depois de 15 anos\" \/>\n\t\t<meta name=\"twitter:image\" content=\"https:\/\/www.jornalja.com.br\/economics\/wp-content\/uploads\/sites\/11\/2026\/08\/ja-folhaderosto-facebook.jpg\" \/>\n\t\t<script type=\"application\/ld+json\" class=\"aioseo-schema\">\n\t\t\t{\"@context\":\"https:\\\/\\\/schema.org\",\"@graph\":[{\"@type\":\"Article\",\"@id\":\"https:\\\/\\\/www.jornalja.com.br\\\/colunas\\\/brizola-e-a-campanha-eleitoral-no-rs\\\/#article\",\"name\":\"Brizola e a campanha eleitoral no RS | Colunas\",\"headline\":\"Brizola e a campanha eleitoral no RS\",\"author\":{\"@id\":\"https:\\\/\\\/www.jornalja.com.br\\\/colunas\\\/author\\\/elmar\\\/#author\"},\"publisher\":{\"@id\":\"https:\\\/\\\/www.jornalja.com.br\\\/colunas\\\/#organization\"},\"image\":{\"@type\":\"ImageObject\",\"url\":\"https:\\\/\\\/www.jornalja.com.br\\\/wp-content\\\/uploads\\\/cards\\\/JAslogan.png\",\"@id\":\"https:\\\/\\\/www.jornalja.com.br\\\/colunas\\\/#articleImage\"},\"datePublished\":\"2026-07-16T23:51:23-03:00\",\"dateModified\":\"2026-07-27T17:07:36-03:00\",\"inLanguage\":\"pt-BR\",\"mainEntityOfPage\":{\"@id\":\"https:\\\/\\\/www.jornalja.com.br\\\/colunas\\\/brizola-e-a-campanha-eleitoral-no-rs\\\/#webpage\"},\"isPartOf\":{\"@id\":\"https:\\\/\\\/www.jornalja.com.br\\\/colunas\\\/brizola-e-a-campanha-eleitoral-no-rs\\\/#webpage\"},\"articleSection\":\"An\\u00e1lise&amp;Opini\\u00e3o\"},{\"@type\":\"BreadcrumbList\",\"@id\":\"https:\\\/\\\/www.jornalja.com.br\\\/colunas\\\/brizola-e-a-campanha-eleitoral-no-rs\\\/#breadcrumblist\",\"itemListElement\":[{\"@type\":\"ListItem\",\"@id\":\"https:\\\/\\\/www.jornalja.com.br\\\/colunas#listItem\",\"position\":1,\"name\":\"Home\",\"item\":\"https:\\\/\\\/www.jornalja.com.br\\\/colunas\",\"nextItem\":{\"@type\":\"ListItem\",\"@id\":\"https:\\\/\\\/www.jornalja.com.br\\\/colunas\\\/category\\\/analiseopiniao\\\/#listItem\",\"name\":\"An\\u00e1lise&amp;Opini\\u00e3o\"}},{\"@type\":\"ListItem\",\"@id\":\"https:\\\/\\\/www.jornalja.com.br\\\/colunas\\\/category\\\/analiseopiniao\\\/#listItem\",\"position\":2,\"name\":\"An\\u00e1lise&amp;Opini\\u00e3o\",\"item\":\"https:\\\/\\\/www.jornalja.com.br\\\/colunas\\\/category\\\/analiseopiniao\\\/\",\"nextItem\":{\"@type\":\"ListItem\",\"@id\":\"https:\\\/\\\/www.jornalja.com.br\\\/colunas\\\/brizola-e-a-campanha-eleitoral-no-rs\\\/#listItem\",\"name\":\"Brizola e a campanha eleitoral no RS\"},\"previousItem\":{\"@type\":\"ListItem\",\"@id\":\"https:\\\/\\\/www.jornalja.com.br\\\/colunas#listItem\",\"name\":\"Home\"}},{\"@type\":\"ListItem\",\"@id\":\"https:\\\/\\\/www.jornalja.com.br\\\/colunas\\\/brizola-e-a-campanha-eleitoral-no-rs\\\/#listItem\",\"position\":3,\"name\":\"Brizola e a campanha eleitoral no RS\",\"previousItem\":{\"@type\":\"ListItem\",\"@id\":\"https:\\\/\\\/www.jornalja.com.br\\\/colunas\\\/category\\\/analiseopiniao\\\/#listItem\",\"name\":\"An\\u00e1lise&amp;Opini\\u00e3o\"}}]},{\"@type\":\"Organization\",\"@id\":\"https:\\\/\\\/www.jornalja.com.br\\\/colunas\\\/#organization\",\"name\":\"Jornal J\\u00c1\",\"description\":\"Jornal J\\u00c1 | Porto Alegre\",\"url\":\"https:\\\/\\\/www.jornalja.com.br\\\/colunas\\\/\",\"telephone\":\"+555133307272\",\"logo\":{\"@type\":\"ImageObject\",\"url\":\"https:\\\/\\\/www.jornalja.com.br\\\/wp-content\\\/uploads\\\/cards\\\/JAslogan.png\",\"@id\":\"https:\\\/\\\/www.jornalja.com.br\\\/colunas\\\/brizola-e-a-campanha-eleitoral-no-rs\\\/#organizationLogo\"},\"image\":{\"@id\":\"https:\\\/\\\/www.jornalja.com.br\\\/colunas\\\/brizola-e-a-campanha-eleitoral-no-rs\\\/#organizationLogo\"}},{\"@type\":\"Person\",\"@id\":\"https:\\\/\\\/www.jornalja.com.br\\\/colunas\\\/author\\\/elmar\\\/#author\",\"url\":\"https:\\\/\\\/www.jornalja.com.br\\\/colunas\\\/author\\\/elmar\\\/\",\"name\":\"Elmar Bones\",\"image\":{\"@type\":\"ImageObject\",\"@id\":\"https:\\\/\\\/www.jornalja.com.br\\\/colunas\\\/brizola-e-a-campanha-eleitoral-no-rs\\\/#authorImage\",\"url\":\"https:\\\/\\\/secure.gravatar.com\\\/avatar\\\/b77dcbcfbeb2587e3d39dfb8909ba1351d3396507cd56d08f66097336bd2e49a?s=96&d=mm&r=g\",\"width\":96,\"height\":96,\"caption\":\"Elmar Bones\"}},{\"@type\":\"WebPage\",\"@id\":\"https:\\\/\\\/www.jornalja.com.br\\\/colunas\\\/brizola-e-a-campanha-eleitoral-no-rs\\\/#webpage\",\"url\":\"https:\\\/\\\/www.jornalja.com.br\\\/colunas\\\/brizola-e-a-campanha-eleitoral-no-rs\\\/\",\"name\":\"Brizola e a campanha eleitoral no RS | Colunas\",\"description\":\"ELMAR BONES A candidatura de Juliana Brizola, na cabe\\u00e7a de uma in\\u00e9dita frente de esquerda, coloca o ex-governador Leonel Brizola, seu av\\u00f4 e inspirador, no centro da disputa eleitoral deste ano. Brizola morreu em junho de 2004. Governador do Rio Grande do Sul, l\\u00edder do legend\\u00e1rio movimento da Legalidade, deputado federal e, depois de 15 anos\",\"inLanguage\":\"pt-BR\",\"isPartOf\":{\"@id\":\"https:\\\/\\\/www.jornalja.com.br\\\/colunas\\\/#website\"},\"breadcrumb\":{\"@id\":\"https:\\\/\\\/www.jornalja.com.br\\\/colunas\\\/brizola-e-a-campanha-eleitoral-no-rs\\\/#breadcrumblist\"},\"author\":{\"@id\":\"https:\\\/\\\/www.jornalja.com.br\\\/colunas\\\/author\\\/elmar\\\/#author\"},\"creator\":{\"@id\":\"https:\\\/\\\/www.jornalja.com.br\\\/colunas\\\/author\\\/elmar\\\/#author\"},\"datePublished\":\"2026-07-16T23:51:23-03:00\",\"dateModified\":\"2026-07-27T17:07:36-03:00\"},{\"@type\":\"WebSite\",\"@id\":\"https:\\\/\\\/www.jornalja.com.br\\\/colunas\\\/#website\",\"url\":\"https:\\\/\\\/www.jornalja.com.br\\\/colunas\\\/\",\"name\":\"Colunas\",\"description\":\"Jornal J\\u00c1 | Porto Alegre\",\"inLanguage\":\"pt-BR\",\"publisher\":{\"@id\":\"https:\\\/\\\/www.jornalja.com.br\\\/colunas\\\/#organization\"}}]}\n\t\t<\/script>\n\t\t<!-- All in One SEO -->\n\n","aioseo_head_json":{"title":"Brizola e a campanha eleitoral no RS | Colunas","description":"ELMAR BONES A candidatura de Juliana Brizola, na cabe\u00e7a de uma in\u00e9dita frente de esquerda, coloca o ex-governador Leonel Brizola, seu av\u00f4 e inspirador, no centro da disputa eleitoral deste ano. Brizola morreu em junho de 2004. Governador do Rio Grande do Sul, l\u00edder do legend\u00e1rio movimento da Legalidade, deputado federal e, depois de 15 anos","canonical_url":"https:\/\/www.jornalja.com.br\/colunas\/brizola-e-a-campanha-eleitoral-no-rs\/","robots":"max-image-preview:large","keywords":"","webmasterTools":{"miscellaneous":""},"schema":{"@context":"https:\/\/schema.org","@graph":[{"@type":"Article","@id":"https:\/\/www.jornalja.com.br\/colunas\/brizola-e-a-campanha-eleitoral-no-rs\/#article","name":"Brizola e a campanha eleitoral no RS | Colunas","headline":"Brizola e a campanha eleitoral no RS","author":{"@id":"https:\/\/www.jornalja.com.br\/colunas\/author\/elmar\/#author"},"publisher":{"@id":"https:\/\/www.jornalja.com.br\/colunas\/#organization"},"image":{"@type":"ImageObject","url":"https:\/\/www.jornalja.com.br\/wp-content\/uploads\/cards\/JAslogan.png","@id":"https:\/\/www.jornalja.com.br\/colunas\/#articleImage"},"datePublished":"2026-07-16T23:51:23-03:00","dateModified":"2026-07-27T17:07:36-03:00","inLanguage":"pt-BR","mainEntityOfPage":{"@id":"https:\/\/www.jornalja.com.br\/colunas\/brizola-e-a-campanha-eleitoral-no-rs\/#webpage"},"isPartOf":{"@id":"https:\/\/www.jornalja.com.br\/colunas\/brizola-e-a-campanha-eleitoral-no-rs\/#webpage"},"articleSection":"An\u00e1lise&amp;Opini\u00e3o"},{"@type":"BreadcrumbList","@id":"https:\/\/www.jornalja.com.br\/colunas\/brizola-e-a-campanha-eleitoral-no-rs\/#breadcrumblist","itemListElement":[{"@type":"ListItem","@id":"https:\/\/www.jornalja.com.br\/colunas#listItem","position":1,"name":"Home","item":"https:\/\/www.jornalja.com.br\/colunas","nextItem":{"@type":"ListItem","@id":"https:\/\/www.jornalja.com.br\/colunas\/category\/analiseopiniao\/#listItem","name":"An\u00e1lise&amp;Opini\u00e3o"}},{"@type":"ListItem","@id":"https:\/\/www.jornalja.com.br\/colunas\/category\/analiseopiniao\/#listItem","position":2,"name":"An\u00e1lise&amp;Opini\u00e3o","item":"https:\/\/www.jornalja.com.br\/colunas\/category\/analiseopiniao\/","nextItem":{"@type":"ListItem","@id":"https:\/\/www.jornalja.com.br\/colunas\/brizola-e-a-campanha-eleitoral-no-rs\/#listItem","name":"Brizola e a campanha eleitoral no RS"},"previousItem":{"@type":"ListItem","@id":"https:\/\/www.jornalja.com.br\/colunas#listItem","name":"Home"}},{"@type":"ListItem","@id":"https:\/\/www.jornalja.com.br\/colunas\/brizola-e-a-campanha-eleitoral-no-rs\/#listItem","position":3,"name":"Brizola e a campanha eleitoral no RS","previousItem":{"@type":"ListItem","@id":"https:\/\/www.jornalja.com.br\/colunas\/category\/analiseopiniao\/#listItem","name":"An\u00e1lise&amp;Opini\u00e3o"}}]},{"@type":"Organization","@id":"https:\/\/www.jornalja.com.br\/colunas\/#organization","name":"Jornal J\u00c1","description":"Jornal J\u00c1 | Porto Alegre","url":"https:\/\/www.jornalja.com.br\/colunas\/","telephone":"+555133307272","logo":{"@type":"ImageObject","url":"https:\/\/www.jornalja.com.br\/wp-content\/uploads\/cards\/JAslogan.png","@id":"https:\/\/www.jornalja.com.br\/colunas\/brizola-e-a-campanha-eleitoral-no-rs\/#organizationLogo"},"image":{"@id":"https:\/\/www.jornalja.com.br\/colunas\/brizola-e-a-campanha-eleitoral-no-rs\/#organizationLogo"}},{"@type":"Person","@id":"https:\/\/www.jornalja.com.br\/colunas\/author\/elmar\/#author","url":"https:\/\/www.jornalja.com.br\/colunas\/author\/elmar\/","name":"Elmar Bones","image":{"@type":"ImageObject","@id":"https:\/\/www.jornalja.com.br\/colunas\/brizola-e-a-campanha-eleitoral-no-rs\/#authorImage","url":"https:\/\/secure.gravatar.com\/avatar\/b77dcbcfbeb2587e3d39dfb8909ba1351d3396507cd56d08f66097336bd2e49a?s=96&d=mm&r=g","width":96,"height":96,"caption":"Elmar Bones"}},{"@type":"WebPage","@id":"https:\/\/www.jornalja.com.br\/colunas\/brizola-e-a-campanha-eleitoral-no-rs\/#webpage","url":"https:\/\/www.jornalja.com.br\/colunas\/brizola-e-a-campanha-eleitoral-no-rs\/","name":"Brizola e a campanha eleitoral no RS | Colunas","description":"ELMAR BONES A candidatura de Juliana Brizola, na cabe\u00e7a de uma in\u00e9dita frente de esquerda, coloca o ex-governador Leonel Brizola, seu av\u00f4 e inspirador, no centro da disputa eleitoral deste ano. Brizola morreu em junho de 2004. Governador do Rio Grande do Sul, l\u00edder do legend\u00e1rio movimento da Legalidade, deputado federal e, depois de 15 anos","inLanguage":"pt-BR","isPartOf":{"@id":"https:\/\/www.jornalja.com.br\/colunas\/#website"},"breadcrumb":{"@id":"https:\/\/www.jornalja.com.br\/colunas\/brizola-e-a-campanha-eleitoral-no-rs\/#breadcrumblist"},"author":{"@id":"https:\/\/www.jornalja.com.br\/colunas\/author\/elmar\/#author"},"creator":{"@id":"https:\/\/www.jornalja.com.br\/colunas\/author\/elmar\/#author"},"datePublished":"2026-07-16T23:51:23-03:00","dateModified":"2026-07-27T17:07:36-03:00"},{"@type":"WebSite","@id":"https:\/\/www.jornalja.com.br\/colunas\/#website","url":"https:\/\/www.jornalja.com.br\/colunas\/","name":"Colunas","description":"Jornal J\u00c1 | Porto Alegre","inLanguage":"pt-BR","publisher":{"@id":"https:\/\/www.jornalja.com.br\/colunas\/#organization"}}]},"og:locale":"pt_BR","og:site_name":"An\u00e1lise &amp; Opini\u00e3o","og:type":"article","og:title":"Brizola e a campanha eleitoral no RS | Colunas","og:description":"ELMAR BONES A candidatura de Juliana Brizola, na cabe\u00e7a de uma in\u00e9dita frente de esquerda, coloca o ex-governador Leonel Brizola, seu av\u00f4 e inspirador, no centro da disputa eleitoral deste ano. Brizola morreu em junho de 2004. Governador do Rio Grande do Sul, l\u00edder do legend\u00e1rio movimento da Legalidade, deputado federal e, depois de 15 anos","og:url":"https:\/\/www.jornalja.com.br\/colunas\/brizola-e-a-campanha-eleitoral-no-rs\/","og:image":"https:\/\/www.jornalja.com.br\/economics\/wp-content\/uploads\/sites\/11\/2026\/08\/ja-folhaderosto-facebook.jpg","og:image:secure_url":"https:\/\/www.jornalja.com.br\/economics\/wp-content\/uploads\/sites\/11\/2026\/08\/ja-folhaderosto-facebook.jpg","article:published_time":"2026-07-17T02:51:23+00:00","article:modified_time":"2026-07-27T20:07:36+00:00","twitter:card":"summary","twitter:title":"Brizola e a campanha eleitoral no RS | Colunas","twitter:description":"ELMAR BONES A candidatura de Juliana Brizola, na cabe\u00e7a de uma in\u00e9dita frente de esquerda, coloca o ex-governador Leonel Brizola, seu av\u00f4 e inspirador, no centro da disputa eleitoral deste ano. Brizola morreu em junho de 2004. Governador do Rio Grande do Sul, l\u00edder do legend\u00e1rio movimento da Legalidade, deputado federal e, depois de 15 anos","twitter:image":"https:\/\/www.jornalja.com.br\/economics\/wp-content\/uploads\/sites\/11\/2026\/08\/ja-folhaderosto-facebook.jpg"},"aioseo_meta_data":{"post_id":"85033","title":null,"description":null,"keywords":null,"keyphrases":{"focus":[],"additional":[]},"primary_term":null,"canonical_url":null,"og_title":null,"og_description":null,"og_object_type":"default","og_image_type":"default","og_image_url":null,"og_image_width":null,"og_image_height":null,"og_image_custom_url":null,"og_image_custom_fields":null,"og_video":"","og_custom_url":null,"og_article_section":null,"og_article_tags":null,"twitter_use_og":false,"twitter_card":"default","twitter_image_type":"default","twitter_image_url":null,"twitter_image_custom_url":null,"twitter_image_custom_fields":null,"twitter_title":null,"twitter_description":null,"schema":{"blockGraphs":[],"customGraphs":[],"default":{"data":{"Article":[],"Course":[],"Dataset":[],"FAQPage":[],"Movie":[],"Person":[],"Product":[],"ProductReview":[],"Car":[],"Recipe":[],"Service":[],"SoftwareApplication":[],"WebPage":[]},"graphName":"Article","isEnabled":true},"graphs":[]},"schema_type":"default","schema_type_options":null,"pillar_content":false,"robots_default":true,"robots_noindex":false,"robots_noarchive":false,"robots_nosnippet":false,"robots_nofollow":false,"robots_noimageindex":false,"robots_noodp":false,"robots_notranslate":false,"robots_max_snippet":"-1","robots_max_videopreview":"-1","robots_max_imagepreview":"large","priority":null,"frequency":"default","location":null,"local_seo":null,"breadcrumb_settings":null,"limit_modified_date":false,"ai":{"faqs":[],"keyPoints":[],"schemas":[],"titles":[],"descriptions":[],"socialPosts":{"email":{"subject":"","preview":"","content":""},"linkedin":[],"twitter":[],"facebook":[],"instagram":[]}},"created":"2026-07-17 02:47:44","updated":"2026-08-06 21:21:18","seo_analyzer_scan_date":null,"focus_keyword":null,"additional_keywords":null,"truseo_locale":null},"aioseo_breadcrumb":"<div class=\"aioseo-breadcrumbs\"><span class=\"aioseo-breadcrumb\">\n\t\t\t<a href=\"https:\/\/www.jornalja.com.br\/colunas\" title=\"Home\">Home<\/a>\n\t\t<\/span><span class=\"aioseo-breadcrumb-separator\">&raquo;<\/span><span class=\"aioseo-breadcrumb\">\n\t\t\t<a href=\"https:\/\/www.jornalja.com.br\/colunas\/category\/analiseopiniao\/\" title=\"An\u00e1lise&amp;Opini\u00e3o\">An\u00e1lise&amp;Opini\u00e3o<\/a>\n\t\t<\/span><span class=\"aioseo-breadcrumb-separator\">&raquo;<\/span><span class=\"aioseo-breadcrumb\">\n\t\t\tBrizola e a campanha eleitoral no RS\n\t\t<\/span><\/div>","aioseo_breadcrumb_json":[{"label":"Home","link":"https:\/\/www.jornalja.com.br\/colunas"},{"label":"An\u00e1lise&amp;Opini\u00e3o","link":"https:\/\/www.jornalja.com.br\/colunas\/category\/analiseopiniao\/"},{"label":"Brizola e a campanha eleitoral no RS","link":"https:\/\/www.jornalja.com.br\/colunas\/brizola-e-a-campanha-eleitoral-no-rs\/"}],"jetpack_publicize_connections":[],"jetpack-related-posts":[{"id":85066,"url":"https:\/\/www.jornalja.com.br\/colunas\/brizola-brizoletas-e-a-campanha-eleitoral\/","url_meta":{"origin":85033,"position":0},"title":"Brizola, brizoletas e a campanha eleitoral","author":"Elmar Bones","date":"29 de julho de 2026","format":false,"excerpt":"Leonel Brizola estar\u00e1 no centro da campanha eleitoral para o governo do Estado e um dos pontos centrais do discurso ser\u00e3o suas realiza\u00e7\u00f5es na educa\u00e7\u00e3o, com destaque para as \u201cescolhinhas\u201d que disseminou pelo Rio Grande do Sul na campanha \u201cNenhuma crian\u00e7a sem escola\u201d. A reitera\u00e7\u00e3o e a propaga\u00e7\u00e3o de uma\u2026","rel":"","context":"Em &quot;An\u00e1lise&amp;Opini\u00e3o&quot;","block_context":{"text":"An\u00e1lise&amp;Opini\u00e3o","link":"https:\/\/www.jornalja.com.br\/colunas\/category\/analiseopiniao\/"},"img":{"alt_text":"","src":"https:\/\/i0.wp.com\/www.jornalja.com.br\/colunas\/wp-content\/uploads\/sites\/5\/2026\/07\/brizoleta-placa.png?resize=350%2C200&ssl=1","width":350,"height":200},"classes":[]},{"id":85123,"url":"https:\/\/www.jornalja.com.br\/colunas\/brizola-lobisomem-contra-o-imperio-a-politica-como-destino-paixao-e-ruina\/","url_meta":{"origin":85033,"position":1},"title":"\u201cBrizola: Lobisomem contra o imp\u00e9rio\u201d: a pol\u00edtica como destino, paix\u00e3o e ru\u00edna","author":"cristianog","date":"2 de setembro de 2026","format":false,"excerpt":"Por Cristiano Goldschmidt Leonel Brizola foi um homem que viveu a pol\u00edtica com uma intensidade rara, como se cada disputa de seu tempo tamb\u00e9m dissesse respeito \u00e0 sua pr\u00f3pria vida. Em Brizola: Lobisomem contra o imp\u00e9rio, Karla Monteiro acompanha esse percurso desde a inf\u00e2ncia pobre no interior do Rio Grande\u2026","rel":"","context":"Em &quot;An\u00e1lise&amp;Opini\u00e3o&quot;","block_context":{"text":"An\u00e1lise&amp;Opini\u00e3o","link":"https:\/\/www.jornalja.com.br\/colunas\/category\/analiseopiniao\/"},"img":{"alt_text":"","src":"https:\/\/i0.wp.com\/www.jornalja.com.br\/colunas\/wp-content\/uploads\/sites\/5\/2026\/09\/capa-biografia-brizola-da-karla-monteiro.jpeg?resize=350%2C200&ssl=1","width":350,"height":200,"srcset":"https:\/\/i0.wp.com\/www.jornalja.com.br\/colunas\/wp-content\/uploads\/sites\/5\/2026\/09\/capa-biografia-brizola-da-karla-monteiro.jpeg?resize=350%2C200&ssl=1 1x, https:\/\/i0.wp.com\/www.jornalja.com.br\/colunas\/wp-content\/uploads\/sites\/5\/2026\/09\/capa-biografia-brizola-da-karla-monteiro.jpeg?resize=525%2C300&ssl=1 1.5x, https:\/\/i0.wp.com\/www.jornalja.com.br\/colunas\/wp-content\/uploads\/sites\/5\/2026\/09\/capa-biografia-brizola-da-karla-monteiro.jpeg?resize=700%2C400&ssl=1 2x, https:\/\/i0.wp.com\/www.jornalja.com.br\/colunas\/wp-content\/uploads\/sites\/5\/2026\/09\/capa-biografia-brizola-da-karla-monteiro.jpeg?resize=1050%2C600&ssl=1 3x"},"classes":[]},{"id":84557,"url":"https:\/\/www.jornalja.com.br\/colunas\/entrevista-com-leonel-brizola-como-nascem-as-falsificacoes-historicas\/","url_meta":{"origin":85033,"position":2},"title":"Entrevista com Leonel Brizola: Como nascem as falsifica\u00e7\u00f5es hist\u00f3ricas","author":"An\u00e1lise &amp; Opini\u00e3o","date":"2 de mar\u00e7o de 2026","format":false,"excerpt":"SILVANA MOURA Mais do que direito \u00e0 Hist\u00f3ria, temos o direito \u00e0 verdade da Hist\u00f3ria, para evitar um passado falsificado, supostamente \u201climpo\u201d, eivado de manipula\u00e7\u00e3o e pretensa uniformidade. Em 1996 realizei, em Carazinho, uma Entrevista de Hist\u00f3ria Oral (sou Historiadora e trabalho com Hist\u00f3ria Oral h\u00e1 40 anos) com Leonel\u2026","rel":"","context":"Em &quot;An\u00e1lise&amp;Opini\u00e3o&quot;","block_context":{"text":"An\u00e1lise&amp;Opini\u00e3o","link":"https:\/\/www.jornalja.com.br\/colunas\/category\/analiseopiniao\/"},"img":{"alt_text":"","src":"","width":0,"height":0},"classes":[]},{"id":85060,"url":"https:\/\/www.jornalja.com.br\/colunas\/carlos-bastos-um-depoimento\/","url_meta":{"origin":85033,"position":3},"title":"Carlos Bastos: um depoimento","author":"da Reda\u00e7\u00e3o","date":"27 de julho de 2026","format":false,"excerpt":"Depoimento do jornalista Carlos Bastos (1934\/2026) a Jefferson Barros para o livro \u201cGolpe Mata Jornal\u201d, que relata a trajet\u00f3ria do jornal Ultima Hora em Porto Alegre, publicado em 1999 pela J\u00e1 Editores. Lan\u00e7ado em 1960, o jornal \u00daltima Hora, um tabl\u00f3ide popular atrevido, sacudiu o meio conservador da imprensa ga\u00facha,\u2026","rel":"","context":"Em &quot;An\u00e1lise&amp;Opini\u00e3o&quot;","block_context":{"text":"An\u00e1lise&amp;Opini\u00e3o","link":"https:\/\/www.jornalja.com.br\/colunas\/category\/analiseopiniao\/"},"img":{"alt_text":"","src":"","width":0,"height":0},"classes":[]},{"id":85051,"url":"https:\/\/www.jornalja.com.br\/colunas\/carlos-bastos-anotacoes-para-um-perfil\/","url_meta":{"origin":85033,"position":4},"title":"Carlos Bastos: anota\u00e7\u00f5es para um perfil","author":"Elmar Bones","date":"27 de julho de 2026","format":false,"excerpt":"ELMAR BONES Carlos Bastos levou com ele um bom da naco da mem\u00f3ria de uma ou duas gera\u00e7\u00f5es de jornalistas, especialmente daqueles que militam ou militaram na imprensa do Rio Grande do Sul no \u00faltimo meio s\u00e9culo. Sim, restam relatos, entrevistas, depoimentos... Nada ser\u00e1 compar\u00e1vel \u00e0 verve e ao repert\u00f3rio\u2026","rel":"","context":"Em &quot;An\u00e1lise&amp;Opini\u00e3o&quot;","block_context":{"text":"An\u00e1lise&amp;Opini\u00e3o","link":"https:\/\/www.jornalja.com.br\/colunas\/category\/analiseopiniao\/"},"img":{"alt_text":"","src":"https:\/\/i0.wp.com\/www.jornalja.com.br\/colunas\/wp-content\/uploads\/sites\/5\/2026\/07\/bastos-carlos-depoimento-uh-scaled.jpg?resize=350%2C200&ssl=1","width":350,"height":200,"srcset":"https:\/\/i0.wp.com\/www.jornalja.com.br\/colunas\/wp-content\/uploads\/sites\/5\/2026\/07\/bastos-carlos-depoimento-uh-scaled.jpg?resize=350%2C200&ssl=1 1x, https:\/\/i0.wp.com\/www.jornalja.com.br\/colunas\/wp-content\/uploads\/sites\/5\/2026\/07\/bastos-carlos-depoimento-uh-scaled.jpg?resize=525%2C300&ssl=1 1.5x, https:\/\/i0.wp.com\/www.jornalja.com.br\/colunas\/wp-content\/uploads\/sites\/5\/2026\/07\/bastos-carlos-depoimento-uh-scaled.jpg?resize=700%2C400&ssl=1 2x, https:\/\/i0.wp.com\/www.jornalja.com.br\/colunas\/wp-content\/uploads\/sites\/5\/2026\/07\/bastos-carlos-depoimento-uh-scaled.jpg?resize=1050%2C600&ssl=1 3x, https:\/\/i0.wp.com\/www.jornalja.com.br\/colunas\/wp-content\/uploads\/sites\/5\/2026\/07\/bastos-carlos-depoimento-uh-scaled.jpg?resize=1400%2C800&ssl=1 4x"},"classes":[]},{"id":84617,"url":"https:\/\/www.jornalja.com.br\/colunas\/o-candidato-de-si-mesmo\/","url_meta":{"origin":85033,"position":5},"title":"O candidato de si mesmo","author":"da Reda\u00e7\u00e3o","date":"10 de abril de 2026","format":false,"excerpt":"Sem emplacar nacionalmente, Leite pode ficar quatro anos sem mandato. Foto Jo\u00e3o Pedro Rodrigues\/SecomRS ELMAR BONES Ningu\u00e9m \u00e9 candidato de si mesmo. Essa \u00e9 a regra n\u00e3o escrita da pol\u00edtica partid\u00e1ria, que as velhas raposas n\u00e3o cansam de repetir aos novatos. Eduardo Leite parece n\u00e3o t\u00ea-la aprendido. Ele n\u00e3o tem\u2026","rel":"","context":"Em &quot;An\u00e1lise&amp;Opini\u00e3o&quot;","block_context":{"text":"An\u00e1lise&amp;Opini\u00e3o","link":"https:\/\/www.jornalja.com.br\/colunas\/category\/analiseopiniao\/"},"img":{"alt_text":"","src":"https:\/\/i0.wp.com\/www.jornalja.com.br\/colunas\/wp-content\/uploads\/sites\/5\/2026\/04\/infraestrutura-escolar.jpeg?resize=350%2C200&ssl=1","width":350,"height":200,"srcset":"https:\/\/i0.wp.com\/www.jornalja.com.br\/colunas\/wp-content\/uploads\/sites\/5\/2026\/04\/infraestrutura-escolar.jpeg?resize=350%2C200&ssl=1 1x, https:\/\/i0.wp.com\/www.jornalja.com.br\/colunas\/wp-content\/uploads\/sites\/5\/2026\/04\/infraestrutura-escolar.jpeg?resize=525%2C300&ssl=1 1.5x, https:\/\/i0.wp.com\/www.jornalja.com.br\/colunas\/wp-content\/uploads\/sites\/5\/2026\/04\/infraestrutura-escolar.jpeg?resize=700%2C400&ssl=1 2x"},"classes":[]}],"jetpack_shortlink":"https:\/\/wp.me\/pbKo0s-m7v","jetpack_sharing_enabled":true,"jetpack_featured_media_url":"","_links":{"self":[{"href":"https:\/\/www.jornalja.com.br\/colunas\/wp-json\/wp\/v2\/posts\/85033","targetHints":{"allow":["GET"]}}],"collection":[{"href":"https:\/\/www.jornalja.com.br\/colunas\/wp-json\/wp\/v2\/posts"}],"about":[{"href":"https:\/\/www.jornalja.com.br\/colunas\/wp-json\/wp\/v2\/types\/post"}],"author":[{"embeddable":true,"href":"https:\/\/www.jornalja.com.br\/colunas\/wp-json\/wp\/v2\/users\/5"}],"replies":[{"embeddable":true,"href":"https:\/\/www.jornalja.com.br\/colunas\/wp-json\/wp\/v2\/comments?post=85033"}],"version-history":[{"count":2,"href":"https:\/\/www.jornalja.com.br\/colunas\/wp-json\/wp\/v2\/posts\/85033\/revisions"}],"predecessor-version":[{"id":85065,"href":"https:\/\/www.jornalja.com.br\/colunas\/wp-json\/wp\/v2\/posts\/85033\/revisions\/85065"}],"wp:attachment":[{"href":"https:\/\/www.jornalja.com.br\/colunas\/wp-json\/wp\/v2\/media?parent=85033"}],"wp:term":[{"taxonomy":"category","embeddable":true,"href":"https:\/\/www.jornalja.com.br\/colunas\/wp-json\/wp\/v2\/categories?post=85033"},{"taxonomy":"post_tag","embeddable":true,"href":"https:\/\/www.jornalja.com.br\/colunas\/wp-json\/wp\/v2\/tags?post=85033"}],"curies":[{"name":"wp","href":"https:\/\/api.w.org\/{rel}","templated":true}]}}