{"id":84365,"date":"2021-08-12T22:31:10","date_gmt":"2021-08-13T01:31:10","guid":{"rendered":"https:\/\/www.jornalja.com.br\/cultura\/?p=84365"},"modified":"2021-08-13T19:42:34","modified_gmt":"2021-08-13T22:42:34","slug":"escadarias-e-viaduto-otavio-rocha-com-iluminacao-reposta","status":"publish","type":"post","link":"https:\/\/www.jornalja.com.br\/cultura\/escadarias-e-viaduto-otavio-rocha-com-iluminacao-reposta\/","title":{"rendered":"Monumento urbano, Viaduto Ot\u00e1vio Rocha tem ilumina\u00e7\u00e3o recuperada"},"content":{"rendered":"<p><strong>Higino Barros<\/strong><\/p>\n<p>Quem passou a noite pelo Viaduto Ot\u00e1vio Rocha, nessa quinta- feira, dia 12, na avenida Borges de Medeiros, Centro Hist\u00f3rico da capital, teve uma bela surpresa. A ilumina\u00e7\u00e3o do local, o principal &#8220;monumento urbano&#8221; de Porto Alegre est\u00e1 funcionando em sua totalidade j\u00e1 que foram substitu\u00eddas l\u00e2mpadas que estavam queimadas e\/ou depredadas.<\/p>\n<p><img decoding=\"async\" data-attachment-id=\"84379\" data-permalink=\"https:\/\/www.jornalja.com.br\/cultura\/escadarias-e-viaduto-otavio-rocha-com-iluminacao-reposta\/20210812_170705\/\" data-orig-file=\"https:\/\/www.jornalja.com.br\/cultura\/wp-content\/uploads\/sites\/2\/2021\/08\/20210812-170705-scaled.jpg\" data-orig-size=\"2560,1920\" data-comments-opened=\"1\" data-image-meta=\"{&quot;aperture&quot;:&quot;1.9&quot;,&quot;credit&quot;:&quot;&quot;,&quot;camera&quot;:&quot;SM-G570M&quot;,&quot;caption&quot;:&quot;&quot;,&quot;created_timestamp&quot;:&quot;1628788024&quot;,&quot;copyright&quot;:&quot;&quot;,&quot;focal_length&quot;:&quot;3.6&quot;,&quot;iso&quot;:&quot;50&quot;,&quot;shutter_speed&quot;:&quot;0.0083333333333333&quot;,&quot;title&quot;:&quot;&quot;,&quot;orientation&quot;:&quot;1&quot;}\" data-image-title=\"20210812_170705\" data-image-description=\"\" data-image-caption=\"\" data-large-file=\"https:\/\/www.jornalja.com.br\/cultura\/wp-content\/uploads\/sites\/2\/2021\/08\/20210812-170705-1024x768.jpg\" class=\"alignnone size-medium wp-image-84379\" src=\"https:\/\/www.jornalja.com.br\/cultura\/wp-content\/uploads\/sites\/2\/2021\/08\/20210812-170705-300x225.jpg\" alt=\"\" width=\"300\" height=\"225\" srcset=\"https:\/\/www.jornalja.com.br\/cultura\/wp-content\/uploads\/sites\/2\/2021\/08\/20210812-170705-300x225.jpg 300w, https:\/\/www.jornalja.com.br\/cultura\/wp-content\/uploads\/sites\/2\/2021\/08\/20210812-170705-1024x768.jpg 1024w, https:\/\/www.jornalja.com.br\/cultura\/wp-content\/uploads\/sites\/2\/2021\/08\/20210812-170705-768x576.jpg 768w, https:\/\/www.jornalja.com.br\/cultura\/wp-content\/uploads\/sites\/2\/2021\/08\/20210812-170705-1536x1152.jpg 1536w, https:\/\/www.jornalja.com.br\/cultura\/wp-content\/uploads\/sites\/2\/2021\/08\/20210812-170705-2048x1536.jpg 2048w, https:\/\/www.jornalja.com.br\/cultura\/wp-content\/uploads\/sites\/2\/2021\/08\/20210812-170705-1200x900.jpg 1200w\" sizes=\"(max-width: 300px) 100vw, 300px\" \/><\/p>\n<p>O trabalho de ilumina\u00e7\u00e3o a cargo da IP Sul, contratada pela prefeitura, rep\u00f4s 20 l\u00e2mpadas que estava danificadas, das cerca de 70 que existem no local. Segundo um funcion\u00e1rio da empresa, em 2020 houve duas reposi\u00e7\u00f5es como essa. Ele comentou: \u201cVamos ver quanto tempo dura\u201d.<\/p>\n<p>Mas a declara\u00e7\u00e3o sobre as reposi\u00e7\u00f5es regulares \u00e9 contestada por quem frequenta o local. Como o produtor cultural Marcos Monteiro que promove exposi\u00e7\u00f5es fotogr\u00e1ficas na Escadaria da Borges desde 2018 e garante que a partir de\u00a0 2019 a ilumina\u00e7\u00e3o foi ficando cada vez mais prec\u00e1ria.<\/p>\n<p><img decoding=\"async\" data-attachment-id=\"84380\" data-permalink=\"https:\/\/www.jornalja.com.br\/cultura\/escadarias-e-viaduto-otavio-rocha-com-iluminacao-reposta\/20210812_184455-2\/\" data-orig-file=\"https:\/\/www.jornalja.com.br\/cultura\/wp-content\/uploads\/sites\/2\/2021\/08\/20210812-184455-1-scaled.jpg\" data-orig-size=\"2560,1920\" data-comments-opened=\"1\" data-image-meta=\"{&quot;aperture&quot;:&quot;1.9&quot;,&quot;credit&quot;:&quot;&quot;,&quot;camera&quot;:&quot;SM-G570M&quot;,&quot;caption&quot;:&quot;&quot;,&quot;created_timestamp&quot;:&quot;1628793895&quot;,&quot;copyright&quot;:&quot;&quot;,&quot;focal_length&quot;:&quot;3.6&quot;,&quot;iso&quot;:&quot;400&quot;,&quot;shutter_speed&quot;:&quot;0.066666666666667&quot;,&quot;title&quot;:&quot;&quot;,&quot;orientation&quot;:&quot;1&quot;}\" data-image-title=\"20210812_184455\" data-image-description=\"\" data-image-caption=\"\" data-large-file=\"https:\/\/www.jornalja.com.br\/cultura\/wp-content\/uploads\/sites\/2\/2021\/08\/20210812-184455-1-1024x768.jpg\" class=\"alignnone size-medium wp-image-84380\" src=\"https:\/\/www.jornalja.com.br\/cultura\/wp-content\/uploads\/sites\/2\/2021\/08\/20210812-184455-1-300x225.jpg\" alt=\"\" width=\"300\" height=\"225\" srcset=\"https:\/\/www.jornalja.com.br\/cultura\/wp-content\/uploads\/sites\/2\/2021\/08\/20210812-184455-1-300x225.jpg 300w, https:\/\/www.jornalja.com.br\/cultura\/wp-content\/uploads\/sites\/2\/2021\/08\/20210812-184455-1-1024x768.jpg 1024w, https:\/\/www.jornalja.com.br\/cultura\/wp-content\/uploads\/sites\/2\/2021\/08\/20210812-184455-1-768x576.jpg 768w, https:\/\/www.jornalja.com.br\/cultura\/wp-content\/uploads\/sites\/2\/2021\/08\/20210812-184455-1-1536x1152.jpg 1536w, https:\/\/www.jornalja.com.br\/cultura\/wp-content\/uploads\/sites\/2\/2021\/08\/20210812-184455-1-2048x1536.jpg 2048w, https:\/\/www.jornalja.com.br\/cultura\/wp-content\/uploads\/sites\/2\/2021\/08\/20210812-184455-1-1200x900.jpg 1200w\" sizes=\"(max-width: 300px) 100vw, 300px\" \/><\/p>\n<p>De qualquer maneira, o viaduto e a escadaria est\u00e3o iluminados e a inten\u00e7\u00e3o dos gestores da Prefeitura Municipal \u00e9 que os locais sejam recuperados em todos os seus aspectos, inclusive com policiamento mais ostensivo e com c\u00e2meras para aumentar a seguran\u00e7a da popula\u00e7\u00e3o e evitar atos de vandalismo, entre outros.<\/p>\n<p><img decoding=\"async\" data-attachment-id=\"84372\" data-permalink=\"https:\/\/www.jornalja.com.br\/cultura\/escadarias-e-viaduto-otavio-rocha-com-iluminacao-reposta\/20210812_191224\/\" data-orig-file=\"https:\/\/www.jornalja.com.br\/cultura\/wp-content\/uploads\/sites\/2\/2021\/08\/20210812-191224-scaled.jpg\" data-orig-size=\"2560,1920\" data-comments-opened=\"1\" data-image-meta=\"{&quot;aperture&quot;:&quot;1.9&quot;,&quot;credit&quot;:&quot;&quot;,&quot;camera&quot;:&quot;SM-G570M&quot;,&quot;caption&quot;:&quot;&quot;,&quot;created_timestamp&quot;:&quot;1628795544&quot;,&quot;copyright&quot;:&quot;&quot;,&quot;focal_length&quot;:&quot;3.6&quot;,&quot;iso&quot;:&quot;640&quot;,&quot;shutter_speed&quot;:&quot;0.066666666666667&quot;,&quot;title&quot;:&quot;&quot;,&quot;orientation&quot;:&quot;1&quot;}\" data-image-title=\"20210812_191224\" data-image-description=\"\" data-image-caption=\"\" data-large-file=\"https:\/\/www.jornalja.com.br\/cultura\/wp-content\/uploads\/sites\/2\/2021\/08\/20210812-191224-1024x768.jpg\" class=\"alignnone size-medium wp-image-84372\" src=\"https:\/\/www.jornalja.com.br\/cultura\/wp-content\/uploads\/sites\/2\/2021\/08\/20210812-191224-300x225.jpg\" alt=\"\" width=\"300\" height=\"225\" srcset=\"https:\/\/www.jornalja.com.br\/cultura\/wp-content\/uploads\/sites\/2\/2021\/08\/20210812-191224-300x225.jpg 300w, https:\/\/www.jornalja.com.br\/cultura\/wp-content\/uploads\/sites\/2\/2021\/08\/20210812-191224-1024x768.jpg 1024w, https:\/\/www.jornalja.com.br\/cultura\/wp-content\/uploads\/sites\/2\/2021\/08\/20210812-191224-768x576.jpg 768w, https:\/\/www.jornalja.com.br\/cultura\/wp-content\/uploads\/sites\/2\/2021\/08\/20210812-191224-1536x1152.jpg 1536w, https:\/\/www.jornalja.com.br\/cultura\/wp-content\/uploads\/sites\/2\/2021\/08\/20210812-191224-2048x1536.jpg 2048w, https:\/\/www.jornalja.com.br\/cultura\/wp-content\/uploads\/sites\/2\/2021\/08\/20210812-191224-1200x900.jpg 1200w\" sizes=\"(max-width: 300px) 100vw, 300px\" \/><\/p>\n<p>&nbsp;<\/p>\n","protected":false},"excerpt":{"rendered":"<p>Higino Barros Quem passou a noite pelo Viaduto Ot\u00e1vio Rocha, nessa quinta- feira, dia 12, na avenida Borges de Medeiros, Centro Hist\u00f3rico da capital, teve uma bela surpresa. A ilumina\u00e7\u00e3o do local, o principal &#8220;monumento urbano&#8221; de Porto Alegre est\u00e1 funcionando em sua totalidade j\u00e1 que foram substitu\u00eddas l\u00e2mpadas que estavam queimadas e\/ou depredadas. O [&hellip;]<\/p>\n","protected":false},"author":3,"featured_media":84390,"comment_status":"open","ping_status":"open","sticky":false,"template":"","format":"standard","meta":{"jetpack_post_was_ever_published":false,"_jetpack_newsletter_access":"","_jetpack_dont_email_post_to_subs":false,"_jetpack_newsletter_tier_id":0,"_jetpack_memberships_contains_paywalled_content":false,"_jetpack_memberships_contains_paid_content":false,"footnotes":"","jetpack_publicize_message":"","jetpack_publicize_feature_enabled":true,"jetpack_social_post_already_shared":true,"jetpack_social_options":{"image_generator_settings":{"template":"highway","default_image_id":0,"font":"","enabled":false},"version":2}},"categories":[9],"tags":[],"class_list":["post-84365","post","type-post","status-publish","format-standard","has-post-thumbnail","hentry","category-culturanotas"],"aioseo_notices":[],"jetpack_publicize_connections":[],"jetpack_featured_media_url":"https:\/\/www.jornalja.com.br\/cultura\/wp-content\/uploads\/sites\/2\/2021\/08\/viaduto-iluminado-2.jpg","jetpack-related-posts":[{"id":84481,"url":"https:\/\/www.jornalja.com.br\/cultura\/com-o-escadaria-jazz-a-musica-ao-vivo-volta-ao-viaduto-otavio-rocha\/","url_meta":{"origin":84365,"position":0},"title":"Com o Escadaria Jazz, a m\u00fasica ao vivo volta ao viaduto Ot\u00e1vio Rocha","author":"Higino Barros","date":"25 de agosto de 2021","format":false,"excerpt":"Higino Barros Aos poucos as atividades culturais da capital voltam a ser realizadas. Um dos locais \u00edcones de Porto Alegre, o viaduto Ot\u00e1vio Rocha, na avenida da Borges de Medeiros, considerado o maior monumento arquitet\u00f4nico da cidade, que antes da pandemia tinha intenso movimento e foi atingido como todo o\u2026","rel":"","context":"Em &quot;Cultura-MAT\u00c9RIA&quot;","block_context":{"text":"Cultura-MAT\u00c9RIA","link":"https:\/\/www.jornalja.com.br\/cultura\/category\/materiasecundaria\/"},"img":{"alt_text":"","src":"https:\/\/i0.wp.com\/www.jornalja.com.br\/cultura\/wp-content\/uploads\/sites\/2\/2021\/08\/jazz-3.jpg?resize=350%2C200&ssl=1","width":350,"height":200,"srcset":"https:\/\/i0.wp.com\/www.jornalja.com.br\/cultura\/wp-content\/uploads\/sites\/2\/2021\/08\/jazz-3.jpg?resize=350%2C200&ssl=1 1x, https:\/\/i0.wp.com\/www.jornalja.com.br\/cultura\/wp-content\/uploads\/sites\/2\/2021\/08\/jazz-3.jpg?resize=525%2C300&ssl=1 1.5x"},"classes":[]},{"id":86692,"url":"https:\/\/www.jornalja.com.br\/cultura\/todos-os-sons-de-mario-marmontel-na-volta-do-projeto-musica-na-escadaria\/","url_meta":{"origin":84365,"position":1},"title":"Todos os sons de M\u00e1rio Marmontel, na volta do projeto \u201cM\u00fasica na Escadaria\u201d","author":"Higino Barros","date":"15 de setembro de 2022","format":false,"excerpt":"\u00a0 Higino Barros O flautista e saxofonista Mario Marmontel \u00e9 o m\u00fasico escolhido para retomar um projeto cultural bem sucedido no Centro Hist\u00f3rico de Porto Alegre. O \u201cM\u00fasica na Escadaria\u201d realizado toda sexta-feira na Escadaria do Viaduto Ot\u00e1vio Rocha, na avenida Borges de Medeiros, at\u00e9 a pandemia da Covid 19\u2026","rel":"","context":"Em &quot;Cultura-MAT\u00c9RIA&quot;","block_context":{"text":"Cultura-MAT\u00c9RIA","link":"https:\/\/www.jornalja.com.br\/cultura\/category\/materiasecundaria\/"},"img":{"alt_text":"","src":"https:\/\/i0.wp.com\/www.jornalja.com.br\/cultura\/wp-content\/uploads\/sites\/2\/2022\/09\/mario-divulgacao-2.jpg?resize=350%2C200&ssl=1","width":350,"height":200,"srcset":"https:\/\/i0.wp.com\/www.jornalja.com.br\/cultura\/wp-content\/uploads\/sites\/2\/2022\/09\/mario-divulgacao-2.jpg?resize=350%2C200&ssl=1 1x, https:\/\/i0.wp.com\/www.jornalja.com.br\/cultura\/wp-content\/uploads\/sites\/2\/2022\/09\/mario-divulgacao-2.jpg?resize=525%2C300&ssl=1 1.5x, https:\/\/i0.wp.com\/www.jornalja.com.br\/cultura\/wp-content\/uploads\/sites\/2\/2022\/09\/mario-divulgacao-2.jpg?resize=700%2C400&ssl=1 2x"},"classes":[]},{"id":78944,"url":"https:\/\/www.jornalja.com.br\/cultura\/a-expressao-artistica-de-115-fotografos-na-exposicao-street-expo-photo-2019\/","url_meta":{"origin":84365,"position":2},"title":"A express\u00e3o art\u00edstica de 115 fot\u00f3grafos na exposi\u00e7\u00e3o Street Expo Photo 2019","author":"da Reda\u00e7\u00e3o","date":"5 de novembro de 2019","format":false,"excerpt":"A Livre Express\u00e3o Art\u00edstica \u00e9 o tema do trabalho de 115 fot\u00f3grafos, impressos em 14 paineis (2m x 1m), que poder\u00e3o ser vistos na Street Expo Photo 2019, com abertura neste s\u00e1bado, 9 de novembro, a partir das 16h, na escadaria Ver\u00e3o do Viaduto Ot\u00e1vio Rocha (parede do edif\u00edcio Don\u2026","rel":"","context":"Em &quot;Cultura-MAT\u00c9RIA&quot;","block_context":{"text":"Cultura-MAT\u00c9RIA","link":"https:\/\/www.jornalja.com.br\/cultura\/category\/materiasecundaria\/"},"img":{"alt_text":"","src":"https:\/\/i0.wp.com\/www.jornalja.com.br\/wp-content\/uploads\/2019\/11\/arte-Street-Expo-Photo-5-Marcos-Monteiro-450x300.jpg?resize=350%2C200&ssl=1","width":350,"height":200},"classes":[]},{"id":83428,"url":"https:\/\/www.jornalja.com.br\/cultura\/escadaria-da-borges-ganha-galeria-de-fotografia-a-ceu-aberto-permanente\/","url_meta":{"origin":84365,"position":3},"title":"Escadaria da Borges ganha galeria de fotografia a c\u00e9u aberto, permanente","author":"Higino Barros","date":"21 de fevereiro de 2021","format":false,"excerpt":"Higino Barros Num final de tarde ensolarada do in\u00edcio de 2018, o produtor cultural e fot\u00f3grafo Marcos Monteiro, 65 anos, estava sentado no bar Armaz\u00e9m, na parte alta da Escadaria da avenida Borges de Medeiros, quando lhe ocorreu a ideia: fazer na extensa parede do pr\u00e9dio \u00e0 sua frente, do\u2026","rel":"","context":"Em &quot;Cultura-MAT\u00c9RIA&quot;","block_context":{"text":"Cultura-MAT\u00c9RIA","link":"https:\/\/www.jornalja.com.br\/cultura\/category\/materiasecundaria\/"},"img":{"alt_text":"","src":"https:\/\/i0.wp.com\/www.jornalja.com.br\/cultura\/wp-content\/uploads\/sites\/2\/2021\/02\/exposicao-escadaria-scaled.jpg?resize=350%2C200&ssl=1","width":350,"height":200,"srcset":"https:\/\/i0.wp.com\/www.jornalja.com.br\/cultura\/wp-content\/uploads\/sites\/2\/2021\/02\/exposicao-escadaria-scaled.jpg?resize=350%2C200&ssl=1 1x, https:\/\/i0.wp.com\/www.jornalja.com.br\/cultura\/wp-content\/uploads\/sites\/2\/2021\/02\/exposicao-escadaria-scaled.jpg?resize=525%2C300&ssl=1 1.5x, https:\/\/i0.wp.com\/www.jornalja.com.br\/cultura\/wp-content\/uploads\/sites\/2\/2021\/02\/exposicao-escadaria-scaled.jpg?resize=700%2C400&ssl=1 2x, https:\/\/i0.wp.com\/www.jornalja.com.br\/cultura\/wp-content\/uploads\/sites\/2\/2021\/02\/exposicao-escadaria-scaled.jpg?resize=1050%2C600&ssl=1 3x, https:\/\/i0.wp.com\/www.jornalja.com.br\/cultura\/wp-content\/uploads\/sites\/2\/2021\/02\/exposicao-escadaria-scaled.jpg?resize=1400%2C800&ssl=1 4x"},"classes":[]},{"id":77481,"url":"https:\/\/www.jornalja.com.br\/cultura\/degrade-com-o-saxofonista-marcelo-carvalho-e-o-pianista-cantor-ranielly-schaffer-e-a-proxima-atracao-do-musica-na-escadaria\/","url_meta":{"origin":84365,"position":4},"title":"\u201cDegrad\u00ea, com o saxofonista Marcelo Carvalho e o pianista\/cantor Ranielly Schaffer \u00e9 a pr\u00f3xima atra\u00e7\u00e3o do M\u00fasica na Escadaria","author":"da Reda\u00e7\u00e3o","date":"16 de setembro de 2019","format":false,"excerpt":"Degrad\u00ea, em fotografia e artes pl\u00e1sticas, \u00e9 quando ocorre uma modifica\u00e7\u00e3o gradual de matizes, tons visuais e\/ou disposi\u00e7\u00e3o gradativa das nuances de uma cor. Pois esse \u00e9 tamb\u00e9m o nome da apresenta\u00e7\u00e3o musical do saxofonista Marcelo Carvalho e do cantor e pianista Ranielly Schaffer no projeto M\u00fasica na Escadaria, na\u2026","rel":"","context":"Em &quot;Cultura-MAT\u00c9RIA&quot;","block_context":{"text":"Cultura-MAT\u00c9RIA","link":"https:\/\/www.jornalja.com.br\/cultura\/category\/materiasecundaria\/"},"img":{"alt_text":"","src":"","width":0,"height":0},"classes":[]},{"id":84291,"url":"https:\/\/www.jornalja.com.br\/cultura\/fotografa-portuguesa-fernanda-carvalho-expoe-fora-de-cena-na-galeria-escadaria\/","url_meta":{"origin":84365,"position":5},"title":"Fot\u00f3grafa portuguesa Fernanda Carvalho exp\u00f5e &#8220;Fora de Cena&#8221; na Galeria Escadaria","author":"Higino Barros","date":"6 de agosto de 2021","format":false,"excerpt":"Higino Barros A Galeria Escadaria faz o lan\u00e7amento oficial nesse s\u00e1bado, dia sete, da exposi\u00e7\u00e3o \u201cFora de Cena\u201d da fot\u00f3grafa portuguesa Fernanda Carvalho. A galeria fica no viaduto Ot\u00e1vio Rocha, escadaria Ver\u00e3o, Centro Hist\u00f3rico. Nascida em Lisboa, Fernanda transita pelo teatro, arquitetura e principalmente a fotografia, onde realizou mais de\u2026","rel":"","context":"Em &quot;Cultura-MAT\u00c9RIA&quot;","block_context":{"text":"Cultura-MAT\u00c9RIA","link":"https:\/\/www.jornalja.com.br\/cultura\/category\/materiasecundaria\/"},"img":{"alt_text":"","src":"https:\/\/i0.wp.com\/www.jornalja.com.br\/cultura\/wp-content\/uploads\/sites\/2\/2021\/08\/exposicao-2.jpg?resize=350%2C200&ssl=1","width":350,"height":200,"srcset":"https:\/\/i0.wp.com\/www.jornalja.com.br\/cultura\/wp-content\/uploads\/sites\/2\/2021\/08\/exposicao-2.jpg?resize=350%2C200&ssl=1 1x, https:\/\/i0.wp.com\/www.jornalja.com.br\/cultura\/wp-content\/uploads\/sites\/2\/2021\/08\/exposicao-2.jpg?resize=525%2C300&ssl=1 1.5x, https:\/\/i0.wp.com\/www.jornalja.com.br\/cultura\/wp-content\/uploads\/sites\/2\/2021\/08\/exposicao-2.jpg?resize=700%2C400&ssl=1 2x, https:\/\/i0.wp.com\/www.jornalja.com.br\/cultura\/wp-content\/uploads\/sites\/2\/2021\/08\/exposicao-2.jpg?resize=1050%2C600&ssl=1 3x, https:\/\/i0.wp.com\/www.jornalja.com.br\/cultura\/wp-content\/uploads\/sites\/2\/2021\/08\/exposicao-2.jpg?resize=1400%2C800&ssl=1 4x"},"classes":[]}],"jetpack_shortlink":"https:\/\/wp.me\/pbKnZc-lWJ","jetpack_sharing_enabled":true,"_links":{"self":[{"href":"https:\/\/www.jornalja.com.br\/cultura\/wp-json\/wp\/v2\/posts\/84365","targetHints":{"allow":["GET"]}}],"collection":[{"href":"https:\/\/www.jornalja.com.br\/cultura\/wp-json\/wp\/v2\/posts"}],"about":[{"href":"https:\/\/www.jornalja.com.br\/cultura\/wp-json\/wp\/v2\/types\/post"}],"author":[{"embeddable":true,"href":"https:\/\/www.jornalja.com.br\/cultura\/wp-json\/wp\/v2\/users\/3"}],"replies":[{"embeddable":true,"href":"https:\/\/www.jornalja.com.br\/cultura\/wp-json\/wp\/v2\/comments?post=84365"}],"version-history":[{"count":5,"href":"https:\/\/www.jornalja.com.br\/cultura\/wp-json\/wp\/v2\/posts\/84365\/revisions"}],"predecessor-version":[{"id":84394,"href":"https:\/\/www.jornalja.com.br\/cultura\/wp-json\/wp\/v2\/posts\/84365\/revisions\/84394"}],"wp:featuredmedia":[{"embeddable":true,"href":"https:\/\/www.jornalja.com.br\/cultura\/wp-json\/wp\/v2\/media\/84390"}],"wp:attachment":[{"href":"https:\/\/www.jornalja.com.br\/cultura\/wp-json\/wp\/v2\/media?parent=84365"}],"wp:term":[{"taxonomy":"category","embeddable":true,"href":"https:\/\/www.jornalja.com.br\/cultura\/wp-json\/wp\/v2\/categories?post=84365"},{"taxonomy":"post_tag","embeddable":true,"href":"https:\/\/www.jornalja.com.br\/cultura\/wp-json\/wp\/v2\/tags?post=84365"}],"curies":[{"name":"wp","href":"https:\/\/api.w.org\/{rel}","templated":true}]}}