{"id":84777,"date":"2021-09-28T16:01:31","date_gmt":"2021-09-28T19:01:31","guid":{"rendered":"https:\/\/www.jornalja.com.br\/cultura\/?p=84777"},"modified":"2021-09-30T15:03:10","modified_gmt":"2021-09-30T18:03:10","slug":"exposicao-ao-ar-livre-junta-artes-visuais-e-literatura-na-escadaria-da-borges","status":"publish","type":"post","link":"https:\/\/www.jornalja.com.br\/cultura\/exposicao-ao-ar-livre-junta-artes-visuais-e-literatura-na-escadaria-da-borges\/","title":{"rendered":"Exposi\u00e7\u00e3o ao ar livre junta artes visuais e literatura, na Escadaria da Borges"},"content":{"rendered":"<div dir=\"auto\">\n<p>&nbsp;<\/p>\n<p><strong>Higino Barros<\/strong><\/p>\n<p>A exposi\u00e7\u00e3o coletiva &#8220;Autorias&#8221; \u00e9 uma homenagem das artes visuais \u00e0 literatura produzida no Rio Grande do Sul. Nela, um grupo de 18 artistas, entre os quais alguns dos nomes mais reconhecidos, exibe retratos in\u00e9ditos de 26 importantes autores ga\u00fachos. A mostra abre dia\u00a0 1\u00ba (sexta-feira pr\u00f3xima) e fica at\u00e9 31 de outubro na Galeria Escadaria, ao ar livre no Viaduto Ot\u00e1vio Rocha, na Av. Borges de Medeiros, Centro Hist\u00f3rico da Capital &#8211; local adequado a estes tempos pand\u00eamicos. Seduzida pelo projeto, a Feira do Livro o incluiu como evento pr\u00e9vio \u00e0 sua realiza\u00e7\u00e3o.<\/p>\n<p>Dos 26 retratos, de 100X100 cm, 22 foram pintados em \u00f3leo ou acr\u00edlica em telas e quatro, impressos em placas de PVA. As obras, rec\u00e9m-produzidas, ocupam os 45 metros de extens\u00e3o da Escadaria, espa\u00e7o inaugurado em mar\u00e7o deste ano e que tem a dire\u00e7\u00e3o do produtor cultural e fot\u00f3grafo Marcos Monteiro.<\/p>\n<p><img decoding=\"async\" data-attachment-id=\"84807\" data-permalink=\"https:\/\/www.jornalja.com.br\/cultura\/exposicao-ao-ar-livre-junta-artes-visuais-e-literatura-na-escadaria-da-borges\/expo-homem\/\" data-orig-file=\"https:\/\/www.jornalja.com.br\/cultura\/wp-content\/uploads\/sites\/2\/2021\/09\/expo-homem.jpg\" data-orig-size=\"1024,1020\" data-comments-opened=\"1\" data-image-meta=\"{&quot;aperture&quot;:&quot;0&quot;,&quot;credit&quot;:&quot;&quot;,&quot;camera&quot;:&quot;&quot;,&quot;caption&quot;:&quot;&quot;,&quot;created_timestamp&quot;:&quot;0&quot;,&quot;copyright&quot;:&quot;&quot;,&quot;focal_length&quot;:&quot;0&quot;,&quot;iso&quot;:&quot;0&quot;,&quot;shutter_speed&quot;:&quot;0&quot;,&quot;title&quot;:&quot;&quot;,&quot;orientation&quot;:&quot;0&quot;}\" data-image-title=\"EXPO HOMEM\" data-image-description=\"\" data-image-caption=\"\" data-large-file=\"https:\/\/www.jornalja.com.br\/cultura\/wp-content\/uploads\/sites\/2\/2021\/09\/expo-homem.jpg\" class=\"alignnone size-medium wp-image-84807\" src=\"https:\/\/www.jornalja.com.br\/cultura\/wp-content\/uploads\/sites\/2\/2021\/09\/expo-homem-300x300.jpg\" alt=\"\" width=\"300\" height=\"300\" srcset=\"https:\/\/www.jornalja.com.br\/cultura\/wp-content\/uploads\/sites\/2\/2021\/09\/expo-homem-300x300.jpg 300w, https:\/\/www.jornalja.com.br\/cultura\/wp-content\/uploads\/sites\/2\/2021\/09\/expo-homem-150x150.jpg 150w, https:\/\/www.jornalja.com.br\/cultura\/wp-content\/uploads\/sites\/2\/2021\/09\/expo-homem-768x765.jpg 768w, https:\/\/www.jornalja.com.br\/cultura\/wp-content\/uploads\/sites\/2\/2021\/09\/expo-homem.jpg 1024w\" sizes=\"(max-width: 300px) 100vw, 300px\" \/><\/p>\n<\/div>\n<p>&nbsp;<\/p>\n<div dir=\"auto\">\n<p><img decoding=\"async\" data-attachment-id=\"84810\" data-permalink=\"https:\/\/www.jornalja.com.br\/cultura\/exposicao-ao-ar-livre-junta-artes-visuais-e-literatura-na-escadaria-da-borges\/expo-claudia-2\/\" data-orig-file=\"https:\/\/www.jornalja.com.br\/cultura\/wp-content\/uploads\/sites\/2\/2021\/09\/expo-claudia-2.jpg\" data-orig-size=\"1024,1018\" data-comments-opened=\"1\" data-image-meta=\"{&quot;aperture&quot;:&quot;0&quot;,&quot;credit&quot;:&quot;&quot;,&quot;camera&quot;:&quot;&quot;,&quot;caption&quot;:&quot;&quot;,&quot;created_timestamp&quot;:&quot;0&quot;,&quot;copyright&quot;:&quot;&quot;,&quot;focal_length&quot;:&quot;0&quot;,&quot;iso&quot;:&quot;0&quot;,&quot;shutter_speed&quot;:&quot;0&quot;,&quot;title&quot;:&quot;&quot;,&quot;orientation&quot;:&quot;0&quot;}\" data-image-title=\"EXPO CLAUDIA 2\" data-image-description=\"\" data-image-caption=\"\" data-large-file=\"https:\/\/www.jornalja.com.br\/cultura\/wp-content\/uploads\/sites\/2\/2021\/09\/expo-claudia-2.jpg\" class=\"alignnone size-medium wp-image-84810\" src=\"https:\/\/www.jornalja.com.br\/cultura\/wp-content\/uploads\/sites\/2\/2021\/09\/expo-claudia-2-300x298.jpg\" alt=\"\" width=\"300\" height=\"298\" srcset=\"https:\/\/www.jornalja.com.br\/cultura\/wp-content\/uploads\/sites\/2\/2021\/09\/expo-claudia-2-300x298.jpg 300w, https:\/\/www.jornalja.com.br\/cultura\/wp-content\/uploads\/sites\/2\/2021\/09\/expo-claudia-2-150x150.jpg 150w, https:\/\/www.jornalja.com.br\/cultura\/wp-content\/uploads\/sites\/2\/2021\/09\/expo-claudia-2-768x764.jpg 768w, https:\/\/www.jornalja.com.br\/cultura\/wp-content\/uploads\/sites\/2\/2021\/09\/expo-claudia-2.jpg 1024w\" sizes=\"(max-width: 300px) 100vw, 300px\" \/><\/p>\n<p>A presen\u00e7a de telas na galeria \u00e9 in\u00e9dita, pois at\u00e9 ent\u00e3o o local s\u00f3 abrigou exposi\u00e7\u00e3o de fotos. Os dias finais da temporada da mostra transcorrer\u00e3o simultaneamente aos iniciais da 67\u00aa edi\u00e7\u00e3o da Feira do Livro, que ir\u00e1 de 29 de outubro a 15 de novembro, na Pra\u00e7a da Alf\u00e2ndega, tamb\u00e9m no Centro Hist\u00f3rico.<\/p>\n<p><img decoding=\"async\" data-attachment-id=\"84797\" data-permalink=\"https:\/\/www.jornalja.com.br\/cultura\/exposicao-ao-ar-livre-junta-artes-visuais-e-literatura-na-escadaria-da-borges\/expo-simoes-by-berna-copy\/\" data-orig-file=\"https:\/\/www.jornalja.com.br\/cultura\/wp-content\/uploads\/sites\/2\/2021\/09\/expo-simoes-by-berna-copy-scaled.jpg\" data-orig-size=\"2560,2545\" data-comments-opened=\"1\" data-image-meta=\"{&quot;aperture&quot;:&quot;0&quot;,&quot;credit&quot;:&quot;&quot;,&quot;camera&quot;:&quot;&quot;,&quot;caption&quot;:&quot;&quot;,&quot;created_timestamp&quot;:&quot;0&quot;,&quot;copyright&quot;:&quot;&quot;,&quot;focal_length&quot;:&quot;0&quot;,&quot;iso&quot;:&quot;0&quot;,&quot;shutter_speed&quot;:&quot;0&quot;,&quot;title&quot;:&quot;&quot;,&quot;orientation&quot;:&quot;1&quot;}\" data-image-title=\"EXPO simoes by berna copy\" data-image-description=\"\" data-image-caption=\"&lt;p&gt; Sim\u00f5es Lopes Neto por berna &lt;\/p&gt;\n\" data-large-file=\"https:\/\/www.jornalja.com.br\/cultura\/wp-content\/uploads\/sites\/2\/2021\/09\/expo-simoes-by-berna-copy-1024x1018.jpg\" class=\"size-medium wp-image-84797\" src=\"https:\/\/www.jornalja.com.br\/cultura\/wp-content\/uploads\/sites\/2\/2021\/09\/expo-simoes-by-berna-copy-300x298.jpg\" alt=\"\" width=\"300\" height=\"298\" srcset=\"https:\/\/www.jornalja.com.br\/cultura\/wp-content\/uploads\/sites\/2\/2021\/09\/expo-simoes-by-berna-copy-300x298.jpg 300w, https:\/\/www.jornalja.com.br\/cultura\/wp-content\/uploads\/sites\/2\/2021\/09\/expo-simoes-by-berna-copy-1024x1018.jpg 1024w, https:\/\/www.jornalja.com.br\/cultura\/wp-content\/uploads\/sites\/2\/2021\/09\/expo-simoes-by-berna-copy-150x150.jpg 150w, https:\/\/www.jornalja.com.br\/cultura\/wp-content\/uploads\/sites\/2\/2021\/09\/expo-simoes-by-berna-copy-768x763.jpg 768w, https:\/\/www.jornalja.com.br\/cultura\/wp-content\/uploads\/sites\/2\/2021\/09\/expo-simoes-by-berna-copy-1536x1527.jpg 1536w, https:\/\/www.jornalja.com.br\/cultura\/wp-content\/uploads\/sites\/2\/2021\/09\/expo-simoes-by-berna-copy-2048x2036.jpg 2048w, https:\/\/www.jornalja.com.br\/cultura\/wp-content\/uploads\/sites\/2\/2021\/09\/expo-simoes-by-berna-copy-1200x1193.jpg 1200w\" sizes=\"(max-width: 300px) 100vw, 300px\" \/><\/p>\n<p><img decoding=\"async\" data-attachment-id=\"84789\" data-permalink=\"https:\/\/www.jornalja.com.br\/cultura\/exposicao-ao-ar-livre-junta-artes-visuais-e-literatura-na-escadaria-da-borges\/expo-josue-by-nara-copy\/\" data-orig-file=\"https:\/\/www.jornalja.com.br\/cultura\/wp-content\/uploads\/sites\/2\/2021\/09\/expo-josue-by-nara-copy.png\" data-orig-size=\"4471,4500\" data-comments-opened=\"1\" data-image-meta=\"{&quot;aperture&quot;:&quot;0&quot;,&quot;credit&quot;:&quot;&quot;,&quot;camera&quot;:&quot;&quot;,&quot;caption&quot;:&quot;&quot;,&quot;created_timestamp&quot;:&quot;0&quot;,&quot;copyright&quot;:&quot;&quot;,&quot;focal_length&quot;:&quot;0&quot;,&quot;iso&quot;:&quot;0&quot;,&quot;shutter_speed&quot;:&quot;0&quot;,&quot;title&quot;:&quot;&quot;,&quot;orientation&quot;:&quot;0&quot;}\" data-image-title=\"EXPO JOsue by Nara copy\" data-image-description=\"\" data-image-caption=\"&lt;p&gt;JOsue by Nara copy&lt;\/p&gt;\n\" data-large-file=\"https:\/\/www.jornalja.com.br\/cultura\/wp-content\/uploads\/sites\/2\/2021\/09\/expo-josue-by-nara-copy-1017x1024.png\" class=\"size-medium wp-image-84789\" src=\"https:\/\/www.jornalja.com.br\/cultura\/wp-content\/uploads\/sites\/2\/2021\/09\/expo-josue-by-nara-copy-298x300.png\" alt=\"\" width=\"298\" height=\"300\" srcset=\"https:\/\/www.jornalja.com.br\/cultura\/wp-content\/uploads\/sites\/2\/2021\/09\/expo-josue-by-nara-copy-298x300.png 298w, https:\/\/www.jornalja.com.br\/cultura\/wp-content\/uploads\/sites\/2\/2021\/09\/expo-josue-by-nara-copy-1017x1024.png 1017w, https:\/\/www.jornalja.com.br\/cultura\/wp-content\/uploads\/sites\/2\/2021\/09\/expo-josue-by-nara-copy-150x150.png 150w, https:\/\/www.jornalja.com.br\/cultura\/wp-content\/uploads\/sites\/2\/2021\/09\/expo-josue-by-nara-copy-768x773.png 768w, https:\/\/www.jornalja.com.br\/cultura\/wp-content\/uploads\/sites\/2\/2021\/09\/expo-josue-by-nara-copy-1526x1536.png 1526w, https:\/\/www.jornalja.com.br\/cultura\/wp-content\/uploads\/sites\/2\/2021\/09\/expo-josue-by-nara-copy-2035x2048.png 2035w, https:\/\/www.jornalja.com.br\/cultura\/wp-content\/uploads\/sites\/2\/2021\/09\/expo-josue-by-nara-copy-1200x1208.png 1200w\" sizes=\"(max-width: 298px) 100vw, 298px\" \/><\/p>\n<p><strong>Crit\u00e9rios<\/strong><\/p>\n<p>A sele\u00e7\u00e3o de nomes dos homenageados contou com a assessoria informal dos professores de literatura Sergius Gonzaga e Lu\u00eds Augusto Fischer. A escolha buscou equalizar o n\u00famero de escritores homens e mulheres em igual medida &#8211; 13 homens e 13 mulheres -, de modo a atender a uma demanda contempor\u00e2nea mundial de reconhecimento do valor e da presen\u00e7a feminina nas artes, explica a curadora art\u00edstica da mostra Gra\u00e7a Craidy.<\/p>\n<p><img decoding=\"async\" data-attachment-id=\"84808\" data-permalink=\"https:\/\/www.jornalja.com.br\/cultura\/exposicao-ao-ar-livre-junta-artes-visuais-e-literatura-na-escadaria-da-borges\/expo-martha-2\/\" data-orig-file=\"https:\/\/www.jornalja.com.br\/cultura\/wp-content\/uploads\/sites\/2\/2021\/09\/expo-martha-2.jpg\" data-orig-size=\"1271,1280\" data-comments-opened=\"1\" data-image-meta=\"{&quot;aperture&quot;:&quot;0&quot;,&quot;credit&quot;:&quot;&quot;,&quot;camera&quot;:&quot;&quot;,&quot;caption&quot;:&quot;&quot;,&quot;created_timestamp&quot;:&quot;0&quot;,&quot;copyright&quot;:&quot;&quot;,&quot;focal_length&quot;:&quot;0&quot;,&quot;iso&quot;:&quot;0&quot;,&quot;shutter_speed&quot;:&quot;0&quot;,&quot;title&quot;:&quot;&quot;,&quot;orientation&quot;:&quot;0&quot;}\" data-image-title=\"EXPO MARTHA 2\" data-image-description=\"\" data-image-caption=\"\" data-large-file=\"https:\/\/www.jornalja.com.br\/cultura\/wp-content\/uploads\/sites\/2\/2021\/09\/expo-martha-2-1017x1024.jpg\" class=\"alignnone size-medium wp-image-84808\" src=\"https:\/\/www.jornalja.com.br\/cultura\/wp-content\/uploads\/sites\/2\/2021\/09\/expo-martha-2-298x300.jpg\" alt=\"\" width=\"298\" height=\"300\" srcset=\"https:\/\/www.jornalja.com.br\/cultura\/wp-content\/uploads\/sites\/2\/2021\/09\/expo-martha-2-298x300.jpg 298w, https:\/\/www.jornalja.com.br\/cultura\/wp-content\/uploads\/sites\/2\/2021\/09\/expo-martha-2-1017x1024.jpg 1017w, https:\/\/www.jornalja.com.br\/cultura\/wp-content\/uploads\/sites\/2\/2021\/09\/expo-martha-2-150x150.jpg 150w, https:\/\/www.jornalja.com.br\/cultura\/wp-content\/uploads\/sites\/2\/2021\/09\/expo-martha-2-768x773.jpg 768w, https:\/\/www.jornalja.com.br\/cultura\/wp-content\/uploads\/sites\/2\/2021\/09\/expo-martha-2-1200x1208.jpg 1200w, https:\/\/www.jornalja.com.br\/cultura\/wp-content\/uploads\/sites\/2\/2021\/09\/expo-martha-2.jpg 1271w\" sizes=\"(max-width: 298px) 100vw, 298px\" \/><\/p>\n<p>Entre os homens, privilegiou os escritores j\u00e1 falecidos e, entre os vivos, distinguiu os mais velhos e os mais premiados. J\u00e1 entre as escritoras, foram escolhidas, primeiro, as decanas, e depois as premiadas em A\u00e7orianos, Jabuti e Emmy, entre outras distin\u00e7\u00f5es, as jovens escritoras promissoras, e, ainda, as que se destacam por sua a\u00e7\u00e3o de incentivo \u00e0 pr\u00e1tica de literatura entre minorias, ou por sua a\u00e7\u00e3o de conscientiza\u00e7\u00e3o em defesa de causas cidad\u00e3s.<\/p>\n<p><img decoding=\"async\" data-attachment-id=\"84795\" data-permalink=\"https:\/\/www.jornalja.com.br\/cultura\/exposicao-ao-ar-livre-junta-artes-visuais-e-literatura-na-escadaria-da-borges\/expo-quintana-by-liana-timm-copy-2\/\" data-orig-file=\"https:\/\/www.jornalja.com.br\/cultura\/wp-content\/uploads\/sites\/2\/2021\/09\/expo-quintana-by-liana-timm-copy-2.jpg\" data-orig-size=\"1181,1186\" data-comments-opened=\"1\" data-image-meta=\"{&quot;aperture&quot;:&quot;0&quot;,&quot;credit&quot;:&quot;&quot;,&quot;camera&quot;:&quot;&quot;,&quot;caption&quot;:&quot;&quot;,&quot;created_timestamp&quot;:&quot;0&quot;,&quot;copyright&quot;:&quot;&quot;,&quot;focal_length&quot;:&quot;0&quot;,&quot;iso&quot;:&quot;0&quot;,&quot;shutter_speed&quot;:&quot;0&quot;,&quot;title&quot;:&quot;&quot;,&quot;orientation&quot;:&quot;0&quot;}\" data-image-title=\"EXPO quintana by Liana Timm copy 2\" data-image-description=\"\" data-image-caption=\"&lt;p&gt;quintana by Liana Timm copy 2&lt;\/p&gt;\n\" data-large-file=\"https:\/\/www.jornalja.com.br\/cultura\/wp-content\/uploads\/sites\/2\/2021\/09\/expo-quintana-by-liana-timm-copy-2-1020x1024.jpg\" class=\"size-medium wp-image-84795\" src=\"https:\/\/www.jornalja.com.br\/cultura\/wp-content\/uploads\/sites\/2\/2021\/09\/expo-quintana-by-liana-timm-copy-2-300x300.jpg\" alt=\"\" width=\"300\" height=\"300\" srcset=\"https:\/\/www.jornalja.com.br\/cultura\/wp-content\/uploads\/sites\/2\/2021\/09\/expo-quintana-by-liana-timm-copy-2-300x300.jpg 300w, https:\/\/www.jornalja.com.br\/cultura\/wp-content\/uploads\/sites\/2\/2021\/09\/expo-quintana-by-liana-timm-copy-2-1020x1024.jpg 1020w, https:\/\/www.jornalja.com.br\/cultura\/wp-content\/uploads\/sites\/2\/2021\/09\/expo-quintana-by-liana-timm-copy-2-150x150.jpg 150w, https:\/\/www.jornalja.com.br\/cultura\/wp-content\/uploads\/sites\/2\/2021\/09\/expo-quintana-by-liana-timm-copy-2-768x771.jpg 768w, https:\/\/www.jornalja.com.br\/cultura\/wp-content\/uploads\/sites\/2\/2021\/09\/expo-quintana-by-liana-timm-copy-2.jpg 1181w\" sizes=\"(max-width: 300px) 100vw, 300px\" \/><\/p>\n<p><img decoding=\"async\" data-attachment-id=\"84785\" data-permalink=\"https:\/\/www.jornalja.com.br\/cultura\/exposicao-ao-ar-livre-junta-artes-visuais-e-literatura-na-escadaria-da-borges\/expo-eliane-brum-by-liana-timm-copy-2\/\" data-orig-file=\"https:\/\/www.jornalja.com.br\/cultura\/wp-content\/uploads\/sites\/2\/2021\/09\/expo-eliane-brum-by-liana-timm-copy-2-scaled.jpg\" data-orig-size=\"2560,2560\" data-comments-opened=\"1\" data-image-meta=\"{&quot;aperture&quot;:&quot;0&quot;,&quot;credit&quot;:&quot;&quot;,&quot;camera&quot;:&quot;&quot;,&quot;caption&quot;:&quot;&quot;,&quot;created_timestamp&quot;:&quot;0&quot;,&quot;copyright&quot;:&quot;&quot;,&quot;focal_length&quot;:&quot;0&quot;,&quot;iso&quot;:&quot;0&quot;,&quot;shutter_speed&quot;:&quot;0&quot;,&quot;title&quot;:&quot;&quot;,&quot;orientation&quot;:&quot;1&quot;}\" data-image-title=\"EXPO Eliane Brum by Liana Timm copy 2\" data-image-description=\"\" data-image-caption=\"&lt;p&gt;Eliane Brum by Liana Timm copy 2&lt;\/p&gt;\n\" data-large-file=\"https:\/\/www.jornalja.com.br\/cultura\/wp-content\/uploads\/sites\/2\/2021\/09\/expo-eliane-brum-by-liana-timm-copy-2-1024x1024.jpg\" class=\"size-medium wp-image-84785\" src=\"https:\/\/www.jornalja.com.br\/cultura\/wp-content\/uploads\/sites\/2\/2021\/09\/expo-eliane-brum-by-liana-timm-copy-2-300x300.jpg\" alt=\"\" width=\"300\" height=\"300\" srcset=\"https:\/\/www.jornalja.com.br\/cultura\/wp-content\/uploads\/sites\/2\/2021\/09\/expo-eliane-brum-by-liana-timm-copy-2-300x300.jpg 300w, https:\/\/www.jornalja.com.br\/cultura\/wp-content\/uploads\/sites\/2\/2021\/09\/expo-eliane-brum-by-liana-timm-copy-2-1024x1024.jpg 1024w, https:\/\/www.jornalja.com.br\/cultura\/wp-content\/uploads\/sites\/2\/2021\/09\/expo-eliane-brum-by-liana-timm-copy-2-150x150.jpg 150w, https:\/\/www.jornalja.com.br\/cultura\/wp-content\/uploads\/sites\/2\/2021\/09\/expo-eliane-brum-by-liana-timm-copy-2-768x768.jpg 768w, https:\/\/www.jornalja.com.br\/cultura\/wp-content\/uploads\/sites\/2\/2021\/09\/expo-eliane-brum-by-liana-timm-copy-2-1536x1536.jpg 1536w, https:\/\/www.jornalja.com.br\/cultura\/wp-content\/uploads\/sites\/2\/2021\/09\/expo-eliane-brum-by-liana-timm-copy-2-2048x2048.jpg 2048w, https:\/\/www.jornalja.com.br\/cultura\/wp-content\/uploads\/sites\/2\/2021\/09\/expo-eliane-brum-by-liana-timm-copy-2-1200x1200.jpg 1200w\" sizes=\"(max-width: 300px) 100vw, 300px\" \/><\/p>\n<p><strong>Beatriz Balen Susin\u00a0<\/strong>(Luiz Antonio de Assis Brasil e Maria Carpi), <strong>Bernardete Conte (<\/strong>Sim\u00f5es Lopes Neto), <strong>Emanuele de Quadros\u00a0<\/strong>(Luisa Geisler) , <strong>Erico Santos\u00a0<\/strong>(Lya Luft e Moacyr Scliar), <strong>Gilmar Fraga\u00a0<\/strong>(Carol Bensimon e Erico Verissimo) ,<strong>Gra\u00e7a Craidy\u00a0<\/strong>(Dyon\u00e9lio Machado e Mar\u00f4 Barbieri) , <strong>Gustavo Burkhart\u00a0<\/strong>(Luis Fernando Verissimo), <strong>Gustavo Schossler<\/strong> (Fernanda Bastos), <strong>Gustavot Diaz e Ise Feij\u00f3\u00a0<\/strong>(Caio Fernando Abreu), <strong>Helena Stainer (<\/strong>C\u00edntia Moscovich e Cyro Martins) , <strong>Liana d\u2019Abreu\u00a0<\/strong>(L\u00e9lia Almeida), <strong>Liana Timm (<\/strong>Eliane Brum e Mario Quintana), <strong>Mariza Carpes\u00a0<\/strong>(Leticia Wierzchowski), <strong>Nara Foga\u00e7a\u00a0<\/strong>(Martha Medeiros e Josu\u00e9 Guimar\u00e3es), <strong>Pena Cabreira\u00a0<\/strong>(Claudia Tajes e Jo\u00e3o Gilberto Noll) , <strong>Thiago Quadros\u00a0<\/strong>(Sergio Faraco), <strong>Ubiratan Fernandes\u00a0<\/strong>(Jane Tutikian e Oliveira Silveira)<\/p>\n<p><img decoding=\"async\" data-attachment-id=\"84794\" data-permalink=\"https:\/\/www.jornalja.com.br\/cultura\/exposicao-ao-ar-livre-junta-artes-visuais-e-literatura-na-escadaria-da-borges\/expo-maria-carpi-by-beatriz-copy\/\" data-orig-file=\"https:\/\/www.jornalja.com.br\/cultura\/wp-content\/uploads\/sites\/2\/2021\/09\/expo-maria-carpi-by-beatriz-copy-scaled.jpg\" data-orig-size=\"2510,2560\" data-comments-opened=\"1\" data-image-meta=\"{&quot;aperture&quot;:&quot;0&quot;,&quot;credit&quot;:&quot;&quot;,&quot;camera&quot;:&quot;&quot;,&quot;caption&quot;:&quot;&quot;,&quot;created_timestamp&quot;:&quot;0&quot;,&quot;copyright&quot;:&quot;&quot;,&quot;focal_length&quot;:&quot;0&quot;,&quot;iso&quot;:&quot;0&quot;,&quot;shutter_speed&quot;:&quot;0&quot;,&quot;title&quot;:&quot;&quot;,&quot;orientation&quot;:&quot;1&quot;}\" data-image-title=\"EXPO Maria Carpi by Beatriz copy\" data-image-description=\"\" data-image-caption=\"&lt;p&gt;Maria Carpi by Beatriz copy&lt;\/p&gt;\n\" data-large-file=\"https:\/\/www.jornalja.com.br\/cultura\/wp-content\/uploads\/sites\/2\/2021\/09\/expo-maria-carpi-by-beatriz-copy-1004x1024.jpg\" class=\"size-medium wp-image-84794\" src=\"https:\/\/www.jornalja.com.br\/cultura\/wp-content\/uploads\/sites\/2\/2021\/09\/expo-maria-carpi-by-beatriz-copy-294x300.jpg\" alt=\"\" width=\"294\" height=\"300\" srcset=\"https:\/\/www.jornalja.com.br\/cultura\/wp-content\/uploads\/sites\/2\/2021\/09\/expo-maria-carpi-by-beatriz-copy-294x300.jpg 294w, https:\/\/www.jornalja.com.br\/cultura\/wp-content\/uploads\/sites\/2\/2021\/09\/expo-maria-carpi-by-beatriz-copy-1004x1024.jpg 1004w, https:\/\/www.jornalja.com.br\/cultura\/wp-content\/uploads\/sites\/2\/2021\/09\/expo-maria-carpi-by-beatriz-copy-768x783.jpg 768w, https:\/\/www.jornalja.com.br\/cultura\/wp-content\/uploads\/sites\/2\/2021\/09\/expo-maria-carpi-by-beatriz-copy-1506x1536.jpg 1506w, https:\/\/www.jornalja.com.br\/cultura\/wp-content\/uploads\/sites\/2\/2021\/09\/expo-maria-carpi-by-beatriz-copy-2008x2048.jpg 2008w, https:\/\/www.jornalja.com.br\/cultura\/wp-content\/uploads\/sites\/2\/2021\/09\/expo-maria-carpi-by-beatriz-copy-1200x1224.jpg 1200w\" sizes=\"(max-width: 294px) 100vw, 294px\" \/><\/p>\n<figure id=\"attachment_84792\" aria-describedby=\"caption-attachment-84792\" style=\"width: 300px\" class=\"wp-caption alignnone\"><img decoding=\"async\" data-attachment-id=\"84792\" data-permalink=\"https:\/\/www.jornalja.com.br\/cultura\/exposicao-ao-ar-livre-junta-artes-visuais-e-literatura-na-escadaria-da-borges\/expo-lfv-by-burkhart-copy-2\/\" data-orig-file=\"https:\/\/www.jornalja.com.br\/cultura\/wp-content\/uploads\/sites\/2\/2021\/09\/expo-lfv-by-burkhart-copy-2.png\" data-orig-size=\"2697,2500\" data-comments-opened=\"1\" data-image-meta=\"{&quot;aperture&quot;:&quot;0&quot;,&quot;credit&quot;:&quot;&quot;,&quot;camera&quot;:&quot;&quot;,&quot;caption&quot;:&quot;&quot;,&quot;created_timestamp&quot;:&quot;0&quot;,&quot;copyright&quot;:&quot;&quot;,&quot;focal_length&quot;:&quot;0&quot;,&quot;iso&quot;:&quot;0&quot;,&quot;shutter_speed&quot;:&quot;0&quot;,&quot;title&quot;:&quot;&quot;,&quot;orientation&quot;:&quot;0&quot;}\" data-image-title=\"EXPO LFV by Burkhart copy 2\" data-image-description=\"\" data-image-caption=\"&lt;p&gt;LFV by Burkhart copy 2&lt;\/p&gt;\n\" data-large-file=\"https:\/\/www.jornalja.com.br\/cultura\/wp-content\/uploads\/sites\/2\/2021\/09\/expo-lfv-by-burkhart-copy-2-1024x949.png\" class=\"size-medium wp-image-84792\" src=\"https:\/\/www.jornalja.com.br\/cultura\/wp-content\/uploads\/sites\/2\/2021\/09\/expo-lfv-by-burkhart-copy-2-300x278.png\" alt=\"\" width=\"300\" height=\"278\" srcset=\"https:\/\/www.jornalja.com.br\/cultura\/wp-content\/uploads\/sites\/2\/2021\/09\/expo-lfv-by-burkhart-copy-2-300x278.png 300w, https:\/\/www.jornalja.com.br\/cultura\/wp-content\/uploads\/sites\/2\/2021\/09\/expo-lfv-by-burkhart-copy-2-1024x949.png 1024w, https:\/\/www.jornalja.com.br\/cultura\/wp-content\/uploads\/sites\/2\/2021\/09\/expo-lfv-by-burkhart-copy-2-768x712.png 768w, https:\/\/www.jornalja.com.br\/cultura\/wp-content\/uploads\/sites\/2\/2021\/09\/expo-lfv-by-burkhart-copy-2-1536x1424.png 1536w, https:\/\/www.jornalja.com.br\/cultura\/wp-content\/uploads\/sites\/2\/2021\/09\/expo-lfv-by-burkhart-copy-2-2048x1898.png 2048w, https:\/\/www.jornalja.com.br\/cultura\/wp-content\/uploads\/sites\/2\/2021\/09\/expo-lfv-by-burkhart-copy-2-1200x1112.png 1200w\" sizes=\"(max-width: 300px) 100vw, 300px\" \/><figcaption id=\"caption-attachment-84792\" class=\"wp-caption-text\"><strong style=\"color: #1a1a1a;font-size: 16px\">O que disseram alguns dos retratados:<\/strong><\/figcaption><\/figure>\n<p><strong>Eliane Brum<\/strong>: \u201cUma honra e uma alegria fazer parte desta exposi\u00e7\u00e3o\u201d.<\/p>\n<p><strong>Fernanda Bastos<\/strong>: \u201c\u00c9 com muita alegria e honra que recebi esta\u00a0not\u00edcia. Obrigada por me incluir nesse projeto t\u00e3o bonito e relevante\u201d.<\/p>\n<p><strong>Jane Tutikian<\/strong>: \u201cAgrade\u00e7o imenso por teu e-mail, que traz tanta alegria nesses tempos sombrios. Estou muito feliz e honrad\u00edssima de estar entre os escritores homenageados\u201d.<\/p>\n<p><strong>Leticia Wierzchowski<\/strong>: \u201cObrigada, \u00e9 uma honra!\u201d<\/p>\n<p><strong>Maria Carpi<\/strong>: \u201cMuito grata pela minha participa\u00e7\u00e3o\u201d.<\/p>\n<p><strong>Maria Helena Martins<\/strong> (filha de Cyro Martins): \u201cFico supercontente. Muit\u00edssimo obrigada pela escolha do Cyro Martins\u201d.<\/p>\n<p><strong>Naiara Rodrigues Silveira Lacerda<\/strong> (filha de Oliveira Silveira): \u201cQue \u00f3tima iniciativa! Ainda mais em um dos lugares que ele admirava\u201d.<\/p>\n<p><strong>Assis Brasil<\/strong>:\u00a0\u201cParab\u00e9ns pela iniciativa que vem reunir duas \u00e1reas art\u00edsticas t\u00e3o pr\u00f3ximas e dialogantes. \u00c9 uma grande honra participar, contando com seu tra\u00e7o persuasivo e raro.<\/p>\n<p><strong>C\u00edntia Moscovich<\/strong>: \u201cQuando a arte encontra a arte, a gente s\u00f3 celebra\u201d.<\/p>\n<\/div>\n<p><img decoding=\"async\" data-attachment-id=\"84793\" data-permalink=\"https:\/\/www.jornalja.com.br\/cultura\/exposicao-ao-ar-livre-junta-artes-visuais-e-literatura-na-escadaria-da-borges\/expo-lya-by-erico-santos-copy-2\/\" data-orig-file=\"https:\/\/www.jornalja.com.br\/cultura\/wp-content\/uploads\/sites\/2\/2021\/09\/expo-lya-by-erico-santos-copy-2-scaled.jpg\" data-orig-size=\"2560,2536\" data-comments-opened=\"1\" data-image-meta=\"{&quot;aperture&quot;:&quot;0&quot;,&quot;credit&quot;:&quot;&quot;,&quot;camera&quot;:&quot;&quot;,&quot;caption&quot;:&quot;&quot;,&quot;created_timestamp&quot;:&quot;0&quot;,&quot;copyright&quot;:&quot;&quot;,&quot;focal_length&quot;:&quot;0&quot;,&quot;iso&quot;:&quot;0&quot;,&quot;shutter_speed&quot;:&quot;0&quot;,&quot;title&quot;:&quot;&quot;,&quot;orientation&quot;:&quot;1&quot;}\" data-image-title=\"EXPO Lya by ERico Santos copy 2\" data-image-description=\"\" data-image-caption=\"&lt;p&gt;Lya by ERico Santos copy 2&lt;\/p&gt;\n\" data-large-file=\"https:\/\/www.jornalja.com.br\/cultura\/wp-content\/uploads\/sites\/2\/2021\/09\/expo-lya-by-erico-santos-copy-2-1024x1014.jpg\" class=\"size-medium wp-image-84793\" src=\"https:\/\/www.jornalja.com.br\/cultura\/wp-content\/uploads\/sites\/2\/2021\/09\/expo-lya-by-erico-santos-copy-2-300x297.jpg\" alt=\"\" width=\"300\" height=\"297\" srcset=\"https:\/\/www.jornalja.com.br\/cultura\/wp-content\/uploads\/sites\/2\/2021\/09\/expo-lya-by-erico-santos-copy-2-300x297.jpg 300w, https:\/\/www.jornalja.com.br\/cultura\/wp-content\/uploads\/sites\/2\/2021\/09\/expo-lya-by-erico-santos-copy-2-1024x1014.jpg 1024w, https:\/\/www.jornalja.com.br\/cultura\/wp-content\/uploads\/sites\/2\/2021\/09\/expo-lya-by-erico-santos-copy-2-150x150.jpg 150w, https:\/\/www.jornalja.com.br\/cultura\/wp-content\/uploads\/sites\/2\/2021\/09\/expo-lya-by-erico-santos-copy-2-768x761.jpg 768w, https:\/\/www.jornalja.com.br\/cultura\/wp-content\/uploads\/sites\/2\/2021\/09\/expo-lya-by-erico-santos-copy-2-1536x1521.jpg 1536w, https:\/\/www.jornalja.com.br\/cultura\/wp-content\/uploads\/sites\/2\/2021\/09\/expo-lya-by-erico-santos-copy-2-2048x2028.jpg 2048w, https:\/\/www.jornalja.com.br\/cultura\/wp-content\/uploads\/sites\/2\/2021\/09\/expo-lya-by-erico-santos-copy-2-1200x1189.jpg 1200w\" sizes=\"(max-width: 300px) 100vw, 300px\" \/><\/p>\n<p><img decoding=\"async\" data-attachment-id=\"84796\" data-permalink=\"https:\/\/www.jornalja.com.br\/cultura\/exposicao-ao-ar-livre-junta-artes-visuais-e-literatura-na-escadaria-da-borges\/expo-scliar-by-erico-copy-2\/\" data-orig-file=\"https:\/\/www.jornalja.com.br\/cultura\/wp-content\/uploads\/sites\/2\/2021\/09\/expo-scliar-by-erico-copy-2-scaled.jpg\" data-orig-size=\"2554,2560\" data-comments-opened=\"1\" data-image-meta=\"{&quot;aperture&quot;:&quot;0&quot;,&quot;credit&quot;:&quot;&quot;,&quot;camera&quot;:&quot;&quot;,&quot;caption&quot;:&quot;&quot;,&quot;created_timestamp&quot;:&quot;0&quot;,&quot;copyright&quot;:&quot;&quot;,&quot;focal_length&quot;:&quot;0&quot;,&quot;iso&quot;:&quot;0&quot;,&quot;shutter_speed&quot;:&quot;0&quot;,&quot;title&quot;:&quot;&quot;,&quot;orientation&quot;:&quot;1&quot;}\" data-image-title=\"EXPO Scliar by ERico copy 2\" data-image-description=\"\" data-image-caption=\"&lt;p&gt;Scliar by ERico copy 2&lt;\/p&gt;\n\" data-large-file=\"https:\/\/www.jornalja.com.br\/cultura\/wp-content\/uploads\/sites\/2\/2021\/09\/expo-scliar-by-erico-copy-2-1021x1024.jpg\" class=\"size-medium wp-image-84796\" src=\"https:\/\/www.jornalja.com.br\/cultura\/wp-content\/uploads\/sites\/2\/2021\/09\/expo-scliar-by-erico-copy-2-300x300.jpg\" alt=\"\" width=\"300\" height=\"300\" srcset=\"https:\/\/www.jornalja.com.br\/cultura\/wp-content\/uploads\/sites\/2\/2021\/09\/expo-scliar-by-erico-copy-2-300x300.jpg 300w, https:\/\/www.jornalja.com.br\/cultura\/wp-content\/uploads\/sites\/2\/2021\/09\/expo-scliar-by-erico-copy-2-1021x1024.jpg 1021w, https:\/\/www.jornalja.com.br\/cultura\/wp-content\/uploads\/sites\/2\/2021\/09\/expo-scliar-by-erico-copy-2-150x150.jpg 150w, https:\/\/www.jornalja.com.br\/cultura\/wp-content\/uploads\/sites\/2\/2021\/09\/expo-scliar-by-erico-copy-2-768x770.jpg 768w, https:\/\/www.jornalja.com.br\/cultura\/wp-content\/uploads\/sites\/2\/2021\/09\/expo-scliar-by-erico-copy-2-1532x1536.jpg 1532w, https:\/\/www.jornalja.com.br\/cultura\/wp-content\/uploads\/sites\/2\/2021\/09\/expo-scliar-by-erico-copy-2-2043x2048.jpg 2043w, https:\/\/www.jornalja.com.br\/cultura\/wp-content\/uploads\/sites\/2\/2021\/09\/expo-scliar-by-erico-copy-2-1200x1200.jpg 1200w\" sizes=\"(max-width: 300px) 100vw, 300px\" \/><\/p>\n<div dir=\"auto\">\n<div dir=\"auto\"><strong>\u00a0A artista visual Gra\u00e7a Craidy, organizadora da mostra, conversou com o J\u00c1 Porto Alegre, por gmail<\/strong>.<\/div>\n<div dir=\"auto\">\n<figure id=\"attachment_84798\" aria-describedby=\"caption-attachment-84798\" style=\"width: 300px\" class=\"wp-caption alignnone\"><img decoding=\"async\" data-attachment-id=\"84798\" data-permalink=\"https:\/\/www.jornalja.com.br\/cultura\/exposicao-ao-ar-livre-junta-artes-visuais-e-literatura-na-escadaria-da-borges\/expo-graca\/\" data-orig-file=\"https:\/\/www.jornalja.com.br\/cultura\/wp-content\/uploads\/sites\/2\/2021\/09\/expo-graca.jpg\" data-orig-size=\"1280,853\" data-comments-opened=\"1\" data-image-meta=\"{&quot;aperture&quot;:&quot;0&quot;,&quot;credit&quot;:&quot;&quot;,&quot;camera&quot;:&quot;&quot;,&quot;caption&quot;:&quot;&quot;,&quot;created_timestamp&quot;:&quot;0&quot;,&quot;copyright&quot;:&quot;&quot;,&quot;focal_length&quot;:&quot;0&quot;,&quot;iso&quot;:&quot;0&quot;,&quot;shutter_speed&quot;:&quot;0&quot;,&quot;title&quot;:&quot;&quot;,&quot;orientation&quot;:&quot;0&quot;}\" data-image-title=\"EXPO GRA\u00c7A\" data-image-description=\"\" data-image-caption=\"&lt;p&gt;Gra\u00e7a Craidy, artista visual e organizadora da mostra. Foto: Arquivo pessoal\/ Divulga\u00e7\u00e3o&lt;\/p&gt;\n\" data-large-file=\"https:\/\/www.jornalja.com.br\/cultura\/wp-content\/uploads\/sites\/2\/2021\/09\/expo-graca-1024x682.jpg\" class=\"size-medium wp-image-84798\" src=\"https:\/\/www.jornalja.com.br\/cultura\/wp-content\/uploads\/sites\/2\/2021\/09\/expo-graca-300x200.jpg\" alt=\"\" width=\"300\" height=\"200\" srcset=\"https:\/\/www.jornalja.com.br\/cultura\/wp-content\/uploads\/sites\/2\/2021\/09\/expo-graca-300x200.jpg 300w, https:\/\/www.jornalja.com.br\/cultura\/wp-content\/uploads\/sites\/2\/2021\/09\/expo-graca-1024x682.jpg 1024w, https:\/\/www.jornalja.com.br\/cultura\/wp-content\/uploads\/sites\/2\/2021\/09\/expo-graca-768x512.jpg 768w, https:\/\/www.jornalja.com.br\/cultura\/wp-content\/uploads\/sites\/2\/2021\/09\/expo-graca-1200x800.jpg 1200w, https:\/\/www.jornalja.com.br\/cultura\/wp-content\/uploads\/sites\/2\/2021\/09\/expo-graca.jpg 1280w\" sizes=\"(max-width: 300px) 100vw, 300px\" \/><figcaption id=\"caption-attachment-84798\" class=\"wp-caption-text\">Gra\u00e7a Craidy, artista visual e organizadora da mostra. Foto: Arquivo pessoal\/ Divulga\u00e7\u00e3o<\/figcaption><\/figure>\n<\/div>\n<div dir=\"auto\"><\/div>\n<div dir=\"auto\"><strong>\u00a0Pergunta:<\/strong> o que caracteriza essa exposi\u00e7\u00e3o?<\/div>\n<div dir=\"auto\"><strong>Resposta:<\/strong> Esta exposi\u00e7\u00e3o \u00e9 \u00fanica em v\u00e1rios aspectos. \u00c9 uma homenagem de uma arte a outra arte, da arte visual \u00e0 arte liter\u00e1ria. Uma homenagem local, amorosa, de valoriza\u00e7\u00e3o dos nossos. Al\u00e9m disso,que eu saiba, \u00e9 a primeira exposi\u00e7\u00e3o com telas pintadas que estar\u00e1 exposta ao ar livre, sujeita \u00e0s intemp\u00e9ries, chuva, sol, depreda\u00e7\u00f5es, isso requer valentia dos artistas e atrevimento, desprendimento. \u00c9 a primeira exposi\u00e7\u00e3o com telas pintadas ao ar livre que estar\u00e1 sujeita tamb\u00e9m aos olhos encantados de todos que passarem na rua. \u00c9 a democratiza\u00e7\u00e3o da arte, do encantamento, do encontro ancestral entre o homem e a sua manifesta\u00e7\u00e3o como criador, entre a nossa gente, muitos provavelmente que nunca viram uma tela pintada de perto, nunca entrou num museu, numa galeria, ser\u00e3o tocados pela narrativa visual da sua hist\u00f3ria, representada pelos seus escritores. Outra coisa \u00e9 a equidade proposta entre autores homens e mulheres, uma reivindica\u00e7\u00e3o mundial por parte das mulheres em todas as artes, que por s\u00e9culos foram alijadas desse espa\u00e7o de manifesta\u00e7\u00e3o art\u00edstica, reservada a elas apenas a \u00e1rea domestica de cuidados com marido, casa e filhos, e agora desejam justi\u00e7a e valora\u00e7\u00e3o da sua presen\u00e7a. Mais outra: a ampla diversidade dos artistas do projeto, que abrange desde decanos consagrados como Beatriz Balen Susin, Liana Timm, Erico Santos, Mariza Carpes, at\u00e9 jovens artistas como Thiago Quadros, Ise Feij\u00f3, Emanuele Quadros, abrindo espa\u00e7o tamb\u00e9m para supertalentosos artistas de discreta proje\u00e7\u00e3o como Gustavo Schossler, Gustavot Diaz, Bira Fernandes, entre outros.<\/div>\n<div dir=\"auto\">\n<p><img decoding=\"async\" data-attachment-id=\"84791\" data-permalink=\"https:\/\/www.jornalja.com.br\/cultura\/exposicao-ao-ar-livre-junta-artes-visuais-e-literatura-na-escadaria-da-borges\/expo-leticia-by-mariza-carpes-copy-2\/\" data-orig-file=\"https:\/\/www.jornalja.com.br\/cultura\/wp-content\/uploads\/sites\/2\/2021\/09\/expo-leticia-by-mariza-carpes-copy-2-scaled.jpg\" data-orig-size=\"2555,2560\" data-comments-opened=\"1\" data-image-meta=\"{&quot;aperture&quot;:&quot;0&quot;,&quot;credit&quot;:&quot;&quot;,&quot;camera&quot;:&quot;&quot;,&quot;caption&quot;:&quot;&quot;,&quot;created_timestamp&quot;:&quot;0&quot;,&quot;copyright&quot;:&quot;&quot;,&quot;focal_length&quot;:&quot;0&quot;,&quot;iso&quot;:&quot;0&quot;,&quot;shutter_speed&quot;:&quot;0&quot;,&quot;title&quot;:&quot;&quot;,&quot;orientation&quot;:&quot;1&quot;}\" data-image-title=\"EXPO Leticia by Mariza Carpes copy 2\" data-image-description=\"\" data-image-caption=\"&lt;p&gt;Leticia by Mariza Carpes copy 2&lt;\/p&gt;\n\" data-large-file=\"https:\/\/www.jornalja.com.br\/cultura\/wp-content\/uploads\/sites\/2\/2021\/09\/expo-leticia-by-mariza-carpes-copy-2-1022x1024.jpg\" class=\"size-medium wp-image-84791\" src=\"https:\/\/www.jornalja.com.br\/cultura\/wp-content\/uploads\/sites\/2\/2021\/09\/expo-leticia-by-mariza-carpes-copy-2-300x300.jpg\" alt=\"\" width=\"300\" height=\"300\" srcset=\"https:\/\/www.jornalja.com.br\/cultura\/wp-content\/uploads\/sites\/2\/2021\/09\/expo-leticia-by-mariza-carpes-copy-2-300x300.jpg 300w, https:\/\/www.jornalja.com.br\/cultura\/wp-content\/uploads\/sites\/2\/2021\/09\/expo-leticia-by-mariza-carpes-copy-2-1022x1024.jpg 1022w, https:\/\/www.jornalja.com.br\/cultura\/wp-content\/uploads\/sites\/2\/2021\/09\/expo-leticia-by-mariza-carpes-copy-2-150x150.jpg 150w, https:\/\/www.jornalja.com.br\/cultura\/wp-content\/uploads\/sites\/2\/2021\/09\/expo-leticia-by-mariza-carpes-copy-2-768x770.jpg 768w, https:\/\/www.jornalja.com.br\/cultura\/wp-content\/uploads\/sites\/2\/2021\/09\/expo-leticia-by-mariza-carpes-copy-2-1533x1536.jpg 1533w, https:\/\/www.jornalja.com.br\/cultura\/wp-content\/uploads\/sites\/2\/2021\/09\/expo-leticia-by-mariza-carpes-copy-2-2044x2048.jpg 2044w, https:\/\/www.jornalja.com.br\/cultura\/wp-content\/uploads\/sites\/2\/2021\/09\/expo-leticia-by-mariza-carpes-copy-2-1200x1200.jpg 1200w\" sizes=\"(max-width: 300px) 100vw, 300px\" \/><\/p>\n<p><img decoding=\"async\" data-attachment-id=\"84790\" data-permalink=\"https:\/\/www.jornalja.com.br\/cultura\/exposicao-ao-ar-livre-junta-artes-visuais-e-literatura-na-escadaria-da-borges\/expo-lelia-by-liana-dabreu-copy-2\/\" data-orig-file=\"https:\/\/www.jornalja.com.br\/cultura\/wp-content\/uploads\/sites\/2\/2021\/09\/expo-lelia-by-liana-dabreu-copy-2-scaled.jpg\" data-orig-size=\"2560,2538\" data-comments-opened=\"1\" data-image-meta=\"{&quot;aperture&quot;:&quot;2.8&quot;,&quot;credit&quot;:&quot;&quot;,&quot;camera&quot;:&quot;iPhone 7 Plus&quot;,&quot;caption&quot;:&quot;&quot;,&quot;created_timestamp&quot;:&quot;1631785645&quot;,&quot;copyright&quot;:&quot;&quot;,&quot;focal_length&quot;:&quot;6.6&quot;,&quot;iso&quot;:&quot;320&quot;,&quot;shutter_speed&quot;:&quot;0.016666666666667&quot;,&quot;title&quot;:&quot;&quot;,&quot;orientation&quot;:&quot;1&quot;}\" data-image-title=\"EXPO Lelia by Liana dAbreu copy 2\" data-image-description=\"\" data-image-caption=\"&lt;p&gt;Lelia by Liana dAbreu copy 2&lt;\/p&gt;\n\" data-large-file=\"https:\/\/www.jornalja.com.br\/cultura\/wp-content\/uploads\/sites\/2\/2021\/09\/expo-lelia-by-liana-dabreu-copy-2-1024x1015.jpg\" class=\"size-medium wp-image-84790\" src=\"https:\/\/www.jornalja.com.br\/cultura\/wp-content\/uploads\/sites\/2\/2021\/09\/expo-lelia-by-liana-dabreu-copy-2-300x297.jpg\" alt=\"\" width=\"300\" height=\"297\" srcset=\"https:\/\/www.jornalja.com.br\/cultura\/wp-content\/uploads\/sites\/2\/2021\/09\/expo-lelia-by-liana-dabreu-copy-2-300x297.jpg 300w, https:\/\/www.jornalja.com.br\/cultura\/wp-content\/uploads\/sites\/2\/2021\/09\/expo-lelia-by-liana-dabreu-copy-2-1024x1015.jpg 1024w, https:\/\/www.jornalja.com.br\/cultura\/wp-content\/uploads\/sites\/2\/2021\/09\/expo-lelia-by-liana-dabreu-copy-2-150x150.jpg 150w, https:\/\/www.jornalja.com.br\/cultura\/wp-content\/uploads\/sites\/2\/2021\/09\/expo-lelia-by-liana-dabreu-copy-2-768x761.jpg 768w, https:\/\/www.jornalja.com.br\/cultura\/wp-content\/uploads\/sites\/2\/2021\/09\/expo-lelia-by-liana-dabreu-copy-2-1536x1523.jpg 1536w, https:\/\/www.jornalja.com.br\/cultura\/wp-content\/uploads\/sites\/2\/2021\/09\/expo-lelia-by-liana-dabreu-copy-2-2048x2031.jpg 2048w, https:\/\/www.jornalja.com.br\/cultura\/wp-content\/uploads\/sites\/2\/2021\/09\/expo-lelia-by-liana-dabreu-copy-2-1200x1190.jpg 1200w\" sizes=\"(max-width: 300px) 100vw, 300px\" \/><\/p>\n<\/div>\n<div dir=\"auto\"><strong>Pergunta:<\/strong> Muitos escritores ficaram de fora, assim como muitos artistas visuais. Como foi essa digamos, &#8220;escolha de Sofia?&#8221;?<\/div>\n<div dir=\"auto\"><strong>Resposta:<\/strong> Os artistas visuais foi menos traum\u00e1tico porque, pela pr\u00f3pria concep\u00e7\u00e3o do projeto, precisava ser artista figurativo, que soubesse fazer retrato, isso j\u00e1 deixava de fora um grande n\u00famero de artistas que praticam arte abstrata, videoarte ou conceitual. Quanto aos autores,\u00a0 foi uma verdadeira escolha de Sofia, mesmo, um sofrimento, do\u00eda no cora\u00e7\u00e3o tirar esse pra colocar aquele, tirar aquele pra substituir por essa, uma tortura! Como se pode imaginar, havia muito mais homens escritores que mulheres escritoras, ainda que muitas. Ou seja, havia que cortar muito mais homens que mulheres. Quem nos ajudou foram os professores de literatura mais cabe\u00e7as da cidade, Sergius Gonzaga e Luis Augusto Fischer, que gentilmente nos assessoraram. Eles ja avisaram, de cara: vai ser terr\u00edvel, voc\u00eas v\u00e3o sofrer, v\u00e3o ter que tirar nomes que voc\u00eas adoram, porque n\u00e3o cabem todos. ( S\u00f3 tinha lugar nas placas da galeria para 26 telas). Escolha um crit\u00e9rio e vai fundo, sem olhar para os lados. Foi o que fizemos. Entre os homens, o crit\u00e9rio foi homenagear os j\u00e1 falecidos, depois, entre os vivos, os mais velhos, e entre esses, os mais premiados. J\u00e1 entre as mulheres, adotamos outros crit\u00e9rios: primeiro as mais velhas, nossas decanas, depois as mais premiadas, as jovens promissoras e, ainda, as singulares, que se destacam por seus projetos, como a Fernanda Bastos, por exemplo, que fundou uma editora para publicar autores negros, e a Eliane Brum, que \u00e9 uma contundente cr\u00edtica de grandes quest\u00f5es cidad\u00e3s n\u00e3o atendidas. Mas os queridos e queridas que ficaram de fora n\u00e3o devem ficar tristes, porque talvez continuemos nesse projeto nos pr\u00f3ximos anos, continuando as homenagens.<\/div>\n<div dir=\"auto\">\n<p><img decoding=\"async\" data-attachment-id=\"84788\" data-permalink=\"https:\/\/www.jornalja.com.br\/cultura\/exposicao-ao-ar-livre-junta-artes-visuais-e-literatura-na-escadaria-da-borges\/expo-jane-tutikian-copy\/\" data-orig-file=\"https:\/\/www.jornalja.com.br\/cultura\/wp-content\/uploads\/sites\/2\/2021\/09\/expo-jane-tutikian-copy-scaled.jpg\" data-orig-size=\"2560,2546\" data-comments-opened=\"1\" data-image-meta=\"{&quot;aperture&quot;:&quot;2.4&quot;,&quot;credit&quot;:&quot;&quot;,&quot;camera&quot;:&quot;SM-G970F&quot;,&quot;caption&quot;:&quot;&quot;,&quot;created_timestamp&quot;:&quot;1632569920&quot;,&quot;copyright&quot;:&quot;&quot;,&quot;focal_length&quot;:&quot;4.32&quot;,&quot;iso&quot;:&quot;50&quot;,&quot;shutter_speed&quot;:&quot;0.0072&quot;,&quot;title&quot;:&quot;&quot;,&quot;orientation&quot;:&quot;1&quot;}\" data-image-title=\"EXPO Jane Tutikian copy\" data-image-description=\"\" data-image-caption=\"&lt;p&gt;expo-jane-tutikian-copy-scaled.jp&lt;\/p&gt;\n\" data-large-file=\"https:\/\/www.jornalja.com.br\/cultura\/wp-content\/uploads\/sites\/2\/2021\/09\/expo-jane-tutikian-copy-1024x1019.jpg\" class=\"size-medium wp-image-84788\" src=\"https:\/\/www.jornalja.com.br\/cultura\/wp-content\/uploads\/sites\/2\/2021\/09\/expo-jane-tutikian-copy-300x298.jpg\" alt=\"\" width=\"300\" height=\"298\" srcset=\"https:\/\/www.jornalja.com.br\/cultura\/wp-content\/uploads\/sites\/2\/2021\/09\/expo-jane-tutikian-copy-300x298.jpg 300w, https:\/\/www.jornalja.com.br\/cultura\/wp-content\/uploads\/sites\/2\/2021\/09\/expo-jane-tutikian-copy-1024x1019.jpg 1024w, https:\/\/www.jornalja.com.br\/cultura\/wp-content\/uploads\/sites\/2\/2021\/09\/expo-jane-tutikian-copy-150x150.jpg 150w, https:\/\/www.jornalja.com.br\/cultura\/wp-content\/uploads\/sites\/2\/2021\/09\/expo-jane-tutikian-copy-768x764.jpg 768w, https:\/\/www.jornalja.com.br\/cultura\/wp-content\/uploads\/sites\/2\/2021\/09\/expo-jane-tutikian-copy-1536x1528.jpg 1536w, https:\/\/www.jornalja.com.br\/cultura\/wp-content\/uploads\/sites\/2\/2021\/09\/expo-jane-tutikian-copy-2048x2037.jpg 2048w, https:\/\/www.jornalja.com.br\/cultura\/wp-content\/uploads\/sites\/2\/2021\/09\/expo-jane-tutikian-copy-1200x1194.jpg 1200w\" sizes=\"(max-width: 300px) 100vw, 300px\" \/><\/p>\n<p><img decoding=\"async\" data-attachment-id=\"84787\" data-permalink=\"https:\/\/www.jornalja.com.br\/cultura\/exposicao-ao-ar-livre-junta-artes-visuais-e-literatura-na-escadaria-da-borges\/expo-fernanda-bastos-by-schossler-copy-3\/\" data-orig-file=\"https:\/\/www.jornalja.com.br\/cultura\/wp-content\/uploads\/sites\/2\/2021\/09\/expo-fernanda-bastos-by-schossler-copy-3-scaled.jpg\" data-orig-size=\"2560,2560\" data-comments-opened=\"1\" data-image-meta=\"{&quot;aperture&quot;:&quot;0&quot;,&quot;credit&quot;:&quot;&quot;,&quot;camera&quot;:&quot;&quot;,&quot;caption&quot;:&quot;&quot;,&quot;created_timestamp&quot;:&quot;0&quot;,&quot;copyright&quot;:&quot;&quot;,&quot;focal_length&quot;:&quot;0&quot;,&quot;iso&quot;:&quot;0&quot;,&quot;shutter_speed&quot;:&quot;0&quot;,&quot;title&quot;:&quot;&quot;,&quot;orientation&quot;:&quot;1&quot;}\" data-image-title=\"EXPO Fernanda Bastos by Schossler copy 3\" data-image-description=\"\" data-image-caption=\"&lt;p&gt;Fernanda Bastos by Schossler copy 3&lt;\/p&gt;\n\" data-large-file=\"https:\/\/www.jornalja.com.br\/cultura\/wp-content\/uploads\/sites\/2\/2021\/09\/expo-fernanda-bastos-by-schossler-copy-3-1024x1024.jpg\" class=\"size-medium wp-image-84787\" src=\"https:\/\/www.jornalja.com.br\/cultura\/wp-content\/uploads\/sites\/2\/2021\/09\/expo-fernanda-bastos-by-schossler-copy-3-300x300.jpg\" alt=\"\" width=\"300\" height=\"300\" srcset=\"https:\/\/www.jornalja.com.br\/cultura\/wp-content\/uploads\/sites\/2\/2021\/09\/expo-fernanda-bastos-by-schossler-copy-3-300x300.jpg 300w, https:\/\/www.jornalja.com.br\/cultura\/wp-content\/uploads\/sites\/2\/2021\/09\/expo-fernanda-bastos-by-schossler-copy-3-1024x1024.jpg 1024w, https:\/\/www.jornalja.com.br\/cultura\/wp-content\/uploads\/sites\/2\/2021\/09\/expo-fernanda-bastos-by-schossler-copy-3-150x150.jpg 150w, https:\/\/www.jornalja.com.br\/cultura\/wp-content\/uploads\/sites\/2\/2021\/09\/expo-fernanda-bastos-by-schossler-copy-3-768x768.jpg 768w, https:\/\/www.jornalja.com.br\/cultura\/wp-content\/uploads\/sites\/2\/2021\/09\/expo-fernanda-bastos-by-schossler-copy-3-1536x1536.jpg 1536w, https:\/\/www.jornalja.com.br\/cultura\/wp-content\/uploads\/sites\/2\/2021\/09\/expo-fernanda-bastos-by-schossler-copy-3-2048x2048.jpg 2048w, https:\/\/www.jornalja.com.br\/cultura\/wp-content\/uploads\/sites\/2\/2021\/09\/expo-fernanda-bastos-by-schossler-copy-3-1200x1200.jpg 1200w\" sizes=\"(max-width: 300px) 100vw, 300px\" \/><\/p>\n<\/div>\n<\/div>\n<div dir=\"auto\"><\/div>\n<div dir=\"auto\">\n<div dir=\"auto\"><strong>Pergunta<\/strong>: Arte na rua \u00e9 um sonho de consumo de quem faz arte. Em tempos pand\u00eamicos se torna ainda mais necess\u00e1ria. Mas o que mais? Levar o p\u00fablico que n\u00e3o frequenta galeria e museus a esses lugares tamb\u00e9m n\u00e3o \u00e9 t\u00e3o importante quanto fazer o movimento inverso?<\/div>\n<div dir=\"auto\"><strong>Resposta:<\/strong> Certamente. T\u00e3o importante quanto levar arte para a rua, \u00e9 trazer as pessoas para dentro dos museus. As duas coisas s\u00e3o importantes. Mas, sinceramente, acho bem importante esse nosso movimento em ir para a rua, porque demonstra uma voca\u00e7\u00e3o necess\u00e1ria e desej\u00e1vel de todo artista, como bem disse o Milton, de ir onde o povo est\u00e1. A pandemia nos pede paci\u00eancia e que n\u00e3o nos aglomeremos, ent\u00e3o, nesse momento, ainda mais, \u00e9 lindo que a arte v\u00e1 para a rua e se democratize entre todos, do gari ao vigia, da moradora de rua \u00e0 feirante. Do contador ao empres\u00e1rio. Do jovem estudante ao velho professor. A rua e a arte, de todos, \u00e9 um verdadeiro sonho de consumo.<\/div>\n<div dir=\"auto\"><\/div>\n<div dir=\"auto\"><\/div>\n<div dir=\"auto\"><strong>Pergunta:<\/strong>\u00a0 Vai haver encontros durante o per\u00edodo de exposi\u00e7\u00e3o com os artistas e escritores, al\u00e9m da abertura? Bate papo, visita guiada, coisa assim?<\/div>\n<div dir=\"auto\"><strong>Resposta:<\/strong> Estamos pensando em organizar encontros com os artistas e escritores, ainda n\u00e3o est\u00e1 definido, mas acho superimportante essa intera\u00e7\u00e3o, sim. Minha experi\u00eancia com escolas, em outras exposi\u00e7\u00f5es, foi riqu\u00edssima e de mutuo encantamento. Pensamos ainda em fazer lives com bate-papos entre artistas e seus autores.<\/div>\n<div dir=\"auto\"><\/div>\n<div dir=\"auto\">\n<p><img decoding=\"async\" data-attachment-id=\"84784\" data-permalink=\"https:\/\/www.jornalja.com.br\/cultura\/exposicao-ao-ar-livre-junta-artes-visuais-e-literatura-na-escadaria-da-borges\/expo-dyonelio-by-graca-copy-2\/\" data-orig-file=\"https:\/\/www.jornalja.com.br\/cultura\/wp-content\/uploads\/sites\/2\/2021\/09\/expo-dyonelio-by-graca-copy-2-scaled.jpg\" data-orig-size=\"2560,2507\" data-comments-opened=\"1\" data-image-meta=\"{&quot;aperture&quot;:&quot;0&quot;,&quot;credit&quot;:&quot;&quot;,&quot;camera&quot;:&quot;&quot;,&quot;caption&quot;:&quot;&quot;,&quot;created_timestamp&quot;:&quot;0&quot;,&quot;copyright&quot;:&quot;&quot;,&quot;focal_length&quot;:&quot;0&quot;,&quot;iso&quot;:&quot;0&quot;,&quot;shutter_speed&quot;:&quot;0&quot;,&quot;title&quot;:&quot;&quot;,&quot;orientation&quot;:&quot;1&quot;}\" data-image-title=\"EXPO Dyonelio by Graca copy 2\" data-image-description=\"\" data-image-caption=\"&lt;p&gt;Dyonelio by Graca copy 2&lt;\/p&gt;\n\" data-large-file=\"https:\/\/www.jornalja.com.br\/cultura\/wp-content\/uploads\/sites\/2\/2021\/09\/expo-dyonelio-by-graca-copy-2-1024x1003.jpg\" class=\"size-medium wp-image-84784\" src=\"https:\/\/www.jornalja.com.br\/cultura\/wp-content\/uploads\/sites\/2\/2021\/09\/expo-dyonelio-by-graca-copy-2-300x294.jpg\" alt=\"\" width=\"300\" height=\"294\" srcset=\"https:\/\/www.jornalja.com.br\/cultura\/wp-content\/uploads\/sites\/2\/2021\/09\/expo-dyonelio-by-graca-copy-2-300x294.jpg 300w, https:\/\/www.jornalja.com.br\/cultura\/wp-content\/uploads\/sites\/2\/2021\/09\/expo-dyonelio-by-graca-copy-2-1024x1003.jpg 1024w, https:\/\/www.jornalja.com.br\/cultura\/wp-content\/uploads\/sites\/2\/2021\/09\/expo-dyonelio-by-graca-copy-2-768x752.jpg 768w, https:\/\/www.jornalja.com.br\/cultura\/wp-content\/uploads\/sites\/2\/2021\/09\/expo-dyonelio-by-graca-copy-2-1536x1504.jpg 1536w, https:\/\/www.jornalja.com.br\/cultura\/wp-content\/uploads\/sites\/2\/2021\/09\/expo-dyonelio-by-graca-copy-2-2048x2006.jpg 2048w, https:\/\/www.jornalja.com.br\/cultura\/wp-content\/uploads\/sites\/2\/2021\/09\/expo-dyonelio-by-graca-copy-2-1200x1175.jpg 1200w\" sizes=\"(max-width: 300px) 100vw, 300px\" \/><\/p>\n<p><img decoding=\"async\" data-attachment-id=\"84788\" data-permalink=\"https:\/\/www.jornalja.com.br\/cultura\/exposicao-ao-ar-livre-junta-artes-visuais-e-literatura-na-escadaria-da-borges\/expo-jane-tutikian-copy\/\" data-orig-file=\"https:\/\/www.jornalja.com.br\/cultura\/wp-content\/uploads\/sites\/2\/2021\/09\/expo-jane-tutikian-copy-scaled.jpg\" data-orig-size=\"2560,2546\" data-comments-opened=\"1\" data-image-meta=\"{&quot;aperture&quot;:&quot;2.4&quot;,&quot;credit&quot;:&quot;&quot;,&quot;camera&quot;:&quot;SM-G970F&quot;,&quot;caption&quot;:&quot;&quot;,&quot;created_timestamp&quot;:&quot;1632569920&quot;,&quot;copyright&quot;:&quot;&quot;,&quot;focal_length&quot;:&quot;4.32&quot;,&quot;iso&quot;:&quot;50&quot;,&quot;shutter_speed&quot;:&quot;0.0072&quot;,&quot;title&quot;:&quot;&quot;,&quot;orientation&quot;:&quot;1&quot;}\" data-image-title=\"EXPO Jane Tutikian copy\" data-image-description=\"\" data-image-caption=\"&lt;p&gt;expo-jane-tutikian-copy-scaled.jp&lt;\/p&gt;\n\" data-large-file=\"https:\/\/www.jornalja.com.br\/cultura\/wp-content\/uploads\/sites\/2\/2021\/09\/expo-jane-tutikian-copy-1024x1019.jpg\" class=\"size-medium wp-image-84788\" src=\"https:\/\/www.jornalja.com.br\/cultura\/wp-content\/uploads\/sites\/2\/2021\/09\/expo-jane-tutikian-copy-300x298.jpg\" alt=\"\" width=\"300\" height=\"298\" srcset=\"https:\/\/www.jornalja.com.br\/cultura\/wp-content\/uploads\/sites\/2\/2021\/09\/expo-jane-tutikian-copy-300x298.jpg 300w, https:\/\/www.jornalja.com.br\/cultura\/wp-content\/uploads\/sites\/2\/2021\/09\/expo-jane-tutikian-copy-1024x1019.jpg 1024w, https:\/\/www.jornalja.com.br\/cultura\/wp-content\/uploads\/sites\/2\/2021\/09\/expo-jane-tutikian-copy-150x150.jpg 150w, https:\/\/www.jornalja.com.br\/cultura\/wp-content\/uploads\/sites\/2\/2021\/09\/expo-jane-tutikian-copy-768x764.jpg 768w, https:\/\/www.jornalja.com.br\/cultura\/wp-content\/uploads\/sites\/2\/2021\/09\/expo-jane-tutikian-copy-1536x1528.jpg 1536w, https:\/\/www.jornalja.com.br\/cultura\/wp-content\/uploads\/sites\/2\/2021\/09\/expo-jane-tutikian-copy-2048x2037.jpg 2048w, https:\/\/www.jornalja.com.br\/cultura\/wp-content\/uploads\/sites\/2\/2021\/09\/expo-jane-tutikian-copy-1200x1194.jpg 1200w\" sizes=\"(max-width: 300px) 100vw, 300px\" \/><\/p>\n<\/div>\n<div dir=\"auto\"><strong>Pergunta:<\/strong>\u00a0 Sobre a ponte entre artes pl\u00e1sticas,\u00a0 literatura . Uma sempre influenciou a outra. Como isso se d\u00e1?<\/div>\n<div dir=\"auto\"><strong>Resposta:<\/strong> Todas as artes conversam entre si, nessa l\u00edngua sem tradu\u00e7\u00e3o outra que n\u00e3o a pr\u00f3pria arte, costuradas pelas trag\u00e9dias, comedias e epopeias humanas, grandiosas, prosaicas, urbanas, rurais, cotidianas ou sazonais. Desde os prim\u00f3rdios, nas esculturas que enaltecem os seus her\u00f3is, muitos foram tirados de epopeias da literatura, deuses imagin\u00e1rios, personagens que concentram em si a complexidade do humano e suas paix\u00f5es. A literatura cria mundos com palavras, a arte visual recria o mundo da literatura com cores, gestos, enquadramentos. Eu mesma estou mergulhada em uma longa s\u00e9rie de pinturas sobre a Clarice Lispector e suas obras, onde misturo a autora com seus personagens, tudo \u00e9 a hist\u00f3ria de n\u00f3s todos, em pequenos cap\u00edtulos.<\/div>\n<div dir=\"auto\">\n<p><img decoding=\"async\" data-attachment-id=\"84783\" data-permalink=\"https:\/\/www.jornalja.com.br\/cultura\/exposicao-ao-ar-livre-junta-artes-visuais-e-literatura-na-escadaria-da-borges\/expo-cyro-by-helena-copy-2\/\" data-orig-file=\"https:\/\/www.jornalja.com.br\/cultura\/wp-content\/uploads\/sites\/2\/2021\/09\/expo-cyro-by-helena-copy-2-scaled.jpg\" data-orig-size=\"2496,2560\" data-comments-opened=\"1\" data-image-meta=\"{&quot;aperture&quot;:&quot;0&quot;,&quot;credit&quot;:&quot;&quot;,&quot;camera&quot;:&quot;&quot;,&quot;caption&quot;:&quot;&quot;,&quot;created_timestamp&quot;:&quot;0&quot;,&quot;copyright&quot;:&quot;&quot;,&quot;focal_length&quot;:&quot;0&quot;,&quot;iso&quot;:&quot;0&quot;,&quot;shutter_speed&quot;:&quot;0&quot;,&quot;title&quot;:&quot;&quot;,&quot;orientation&quot;:&quot;1&quot;}\" data-image-title=\"EXPO Cyro by Helena copy 2\" data-image-description=\"\" data-image-caption=\"&lt;p&gt;Cyro by Helena copy 2&lt;\/p&gt;\n\" data-large-file=\"https:\/\/www.jornalja.com.br\/cultura\/wp-content\/uploads\/sites\/2\/2021\/09\/expo-cyro-by-helena-copy-2-998x1024.jpg\" class=\"size-medium wp-image-84783\" src=\"https:\/\/www.jornalja.com.br\/cultura\/wp-content\/uploads\/sites\/2\/2021\/09\/expo-cyro-by-helena-copy-2-293x300.jpg\" alt=\"\" width=\"293\" height=\"300\" srcset=\"https:\/\/www.jornalja.com.br\/cultura\/wp-content\/uploads\/sites\/2\/2021\/09\/expo-cyro-by-helena-copy-2-293x300.jpg 293w, https:\/\/www.jornalja.com.br\/cultura\/wp-content\/uploads\/sites\/2\/2021\/09\/expo-cyro-by-helena-copy-2-998x1024.jpg 998w, https:\/\/www.jornalja.com.br\/cultura\/wp-content\/uploads\/sites\/2\/2021\/09\/expo-cyro-by-helena-copy-2-768x788.jpg 768w, https:\/\/www.jornalja.com.br\/cultura\/wp-content\/uploads\/sites\/2\/2021\/09\/expo-cyro-by-helena-copy-2-1498x1536.jpg 1498w, https:\/\/www.jornalja.com.br\/cultura\/wp-content\/uploads\/sites\/2\/2021\/09\/expo-cyro-by-helena-copy-2-1997x2048.jpg 1997w, https:\/\/www.jornalja.com.br\/cultura\/wp-content\/uploads\/sites\/2\/2021\/09\/expo-cyro-by-helena-copy-2-1200x1231.jpg 1200w\" sizes=\"(max-width: 293px) 100vw, 293px\" \/><\/p>\n<p><img decoding=\"async\" data-attachment-id=\"84782\" data-permalink=\"https:\/\/www.jornalja.com.br\/cultura\/exposicao-ao-ar-livre-junta-artes-visuais-e-literatura-na-escadaria-da-borges\/expo-cintia-by-helena-copy\/\" data-orig-file=\"https:\/\/www.jornalja.com.br\/cultura\/wp-content\/uploads\/sites\/2\/2021\/09\/expo-cintia-by-helena-copy-scaled.jpg\" data-orig-size=\"2485,2560\" data-comments-opened=\"1\" data-image-meta=\"{&quot;aperture&quot;:&quot;1.8&quot;,&quot;credit&quot;:&quot;&quot;,&quot;camera&quot;:&quot;SM-G980F&quot;,&quot;caption&quot;:&quot;&quot;,&quot;created_timestamp&quot;:&quot;1632695045&quot;,&quot;copyright&quot;:&quot;&quot;,&quot;focal_length&quot;:&quot;5.4&quot;,&quot;iso&quot;:&quot;250&quot;,&quot;shutter_speed&quot;:&quot;0.0166&quot;,&quot;title&quot;:&quot;&quot;,&quot;orientation&quot;:&quot;1&quot;}\" data-image-title=\"EXPO Cintia by Helena copy\" data-image-description=\"\" data-image-caption=\"&lt;p&gt;Cintia by Helena copy&lt;\/p&gt;\n\" data-large-file=\"https:\/\/www.jornalja.com.br\/cultura\/wp-content\/uploads\/sites\/2\/2021\/09\/expo-cintia-by-helena-copy-994x1024.jpg\" class=\"size-medium wp-image-84782\" src=\"https:\/\/www.jornalja.com.br\/cultura\/wp-content\/uploads\/sites\/2\/2021\/09\/expo-cintia-by-helena-copy-291x300.jpg\" alt=\"\" width=\"291\" height=\"300\" srcset=\"https:\/\/www.jornalja.com.br\/cultura\/wp-content\/uploads\/sites\/2\/2021\/09\/expo-cintia-by-helena-copy-291x300.jpg 291w, https:\/\/www.jornalja.com.br\/cultura\/wp-content\/uploads\/sites\/2\/2021\/09\/expo-cintia-by-helena-copy-994x1024.jpg 994w, https:\/\/www.jornalja.com.br\/cultura\/wp-content\/uploads\/sites\/2\/2021\/09\/expo-cintia-by-helena-copy-768x791.jpg 768w, https:\/\/www.jornalja.com.br\/cultura\/wp-content\/uploads\/sites\/2\/2021\/09\/expo-cintia-by-helena-copy-1491x1536.jpg 1491w, https:\/\/www.jornalja.com.br\/cultura\/wp-content\/uploads\/sites\/2\/2021\/09\/expo-cintia-by-helena-copy-1988x2048.jpg 1988w, https:\/\/www.jornalja.com.br\/cultura\/wp-content\/uploads\/sites\/2\/2021\/09\/expo-cintia-by-helena-copy-1200x1236.jpg 1200w\" sizes=\"(max-width: 291px) 100vw, 291px\" \/><\/p>\n<\/div>\n<div dir=\"auto\">\u00a0<strong>Pergunta:<\/strong> Essa exposi\u00e7\u00e3o pode entrar no calend\u00e1rio permanente da feira?<\/div>\n<div dir=\"auto\"><\/div>\n<div dir=\"auto\"><strong>Resposta<\/strong>: O presidente da C\u00e2mara do Livro, Isatir Bottin Filho, gostou muito do nosso projeto e sugeriu que nossa mostra fosse incorporada \u00e0 programa\u00e7\u00e3o da Feira do Livro como um evento pr\u00e9vio vinculado \u00e0 feira por parceria nossa. Ano que vem, j\u00e1 estamos em tratativas para levar essa mesma exposi\u00e7\u00e3o ao Espa\u00e7o Cultural Correios no per\u00edodo da Feira de 2022. \u00c9 maravilhoso nos alinharmos com esse evento que j\u00e1 est\u00e1 no sangue da cidade.<\/div>\n<div dir=\"auto\">\n<p><img decoding=\"async\" data-attachment-id=\"84779\" data-permalink=\"https:\/\/www.jornalja.com.br\/cultura\/exposicao-ao-ar-livre-junta-artes-visuais-e-literatura-na-escadaria-da-borges\/expo-2\/\" data-orig-file=\"https:\/\/www.jornalja.com.br\/cultura\/wp-content\/uploads\/sites\/2\/2021\/09\/expo-2-scaled.jpg\" data-orig-size=\"2560,2554\" data-comments-opened=\"1\" data-image-meta=\"{&quot;aperture&quot;:&quot;0&quot;,&quot;credit&quot;:&quot;&quot;,&quot;camera&quot;:&quot;&quot;,&quot;caption&quot;:&quot;&quot;,&quot;created_timestamp&quot;:&quot;0&quot;,&quot;copyright&quot;:&quot;&quot;,&quot;focal_length&quot;:&quot;0&quot;,&quot;iso&quot;:&quot;0&quot;,&quot;shutter_speed&quot;:&quot;0&quot;,&quot;title&quot;:&quot;&quot;,&quot;orientation&quot;:&quot;0&quot;}\" data-image-title=\"EXPO 2\" data-image-description=\"\" data-image-caption=\"\" data-large-file=\"https:\/\/www.jornalja.com.br\/cultura\/wp-content\/uploads\/sites\/2\/2021\/09\/expo-2-1024x1022.jpg\" class=\"alignnone size-medium wp-image-84779\" src=\"https:\/\/www.jornalja.com.br\/cultura\/wp-content\/uploads\/sites\/2\/2021\/09\/expo-2-300x300.jpg\" alt=\"\" width=\"300\" height=\"300\" srcset=\"https:\/\/www.jornalja.com.br\/cultura\/wp-content\/uploads\/sites\/2\/2021\/09\/expo-2-300x300.jpg 300w, https:\/\/www.jornalja.com.br\/cultura\/wp-content\/uploads\/sites\/2\/2021\/09\/expo-2-1024x1022.jpg 1024w, https:\/\/www.jornalja.com.br\/cultura\/wp-content\/uploads\/sites\/2\/2021\/09\/expo-2-150x150.jpg 150w, https:\/\/www.jornalja.com.br\/cultura\/wp-content\/uploads\/sites\/2\/2021\/09\/expo-2-768x766.jpg 768w, https:\/\/www.jornalja.com.br\/cultura\/wp-content\/uploads\/sites\/2\/2021\/09\/expo-2-1536x1533.jpg 1536w, https:\/\/www.jornalja.com.br\/cultura\/wp-content\/uploads\/sites\/2\/2021\/09\/expo-2-2048x2043.jpg 2048w, https:\/\/www.jornalja.com.br\/cultura\/wp-content\/uploads\/sites\/2\/2021\/09\/expo-2-1200x1200.jpg 1200w\" sizes=\"(max-width: 300px) 100vw, 300px\" \/><\/p>\n<p><img decoding=\"async\" data-attachment-id=\"84778\" data-permalink=\"https:\/\/www.jornalja.com.br\/cultura\/exposicao-ao-ar-livre-junta-artes-visuais-e-literatura-na-escadaria-da-borges\/expo-1\/\" data-orig-file=\"https:\/\/www.jornalja.com.br\/cultura\/wp-content\/uploads\/sites\/2\/2021\/09\/expo-1-scaled.jpg\" data-orig-size=\"2560,2520\" data-comments-opened=\"1\" data-image-meta=\"{&quot;aperture&quot;:&quot;0&quot;,&quot;credit&quot;:&quot;&quot;,&quot;camera&quot;:&quot;&quot;,&quot;caption&quot;:&quot;&quot;,&quot;created_timestamp&quot;:&quot;0&quot;,&quot;copyright&quot;:&quot;&quot;,&quot;focal_length&quot;:&quot;0&quot;,&quot;iso&quot;:&quot;0&quot;,&quot;shutter_speed&quot;:&quot;0&quot;,&quot;title&quot;:&quot;&quot;,&quot;orientation&quot;:&quot;0&quot;}\" data-image-title=\"EXPO 1\" data-image-description=\"\" data-image-caption=\"&lt;p&gt;expo-1-scaled.jpg&lt;\/p&gt;\n\" data-large-file=\"https:\/\/www.jornalja.com.br\/cultura\/wp-content\/uploads\/sites\/2\/2021\/09\/expo-1-1024x1008.jpg\" class=\"size-medium wp-image-84778\" src=\"https:\/\/www.jornalja.com.br\/cultura\/wp-content\/uploads\/sites\/2\/2021\/09\/expo-1-300x295.jpg\" alt=\"\" width=\"300\" height=\"295\" srcset=\"https:\/\/www.jornalja.com.br\/cultura\/wp-content\/uploads\/sites\/2\/2021\/09\/expo-1-300x295.jpg 300w, https:\/\/www.jornalja.com.br\/cultura\/wp-content\/uploads\/sites\/2\/2021\/09\/expo-1-1024x1008.jpg 1024w, https:\/\/www.jornalja.com.br\/cultura\/wp-content\/uploads\/sites\/2\/2021\/09\/expo-1-768x756.jpg 768w, https:\/\/www.jornalja.com.br\/cultura\/wp-content\/uploads\/sites\/2\/2021\/09\/expo-1-1536x1512.jpg 1536w, https:\/\/www.jornalja.com.br\/cultura\/wp-content\/uploads\/sites\/2\/2021\/09\/expo-1-2048x2016.jpg 2048w, https:\/\/www.jornalja.com.br\/cultura\/wp-content\/uploads\/sites\/2\/2021\/09\/expo-1-1200x1181.jpg 1200w\" sizes=\"(max-width: 300px) 100vw, 300px\" \/><\/p>\n<\/div>\n<div dir=\"auto\">\u00a0<strong>Pergunta<\/strong>? Algo mais ?<\/div>\n<div dir=\"auto\"><strong>Resposta:<\/strong> Eu brinco chamando o nosso grupo de 18 artistas valentes que ousaram aceitar o desafio do projeto &#8220;Autorias&#8221; de \u201cOs 18 da Borges\u201d. J\u00e1 est\u00e3o surgindo convites e propostas para novas exposi\u00e7\u00f5es e projetos. Acho que essa turma tem tudo para criar um novo movimento na cidade e nas artes ga\u00fachas.<\/div>\n<div dir=\"auto\">\n<p><img decoding=\"async\" data-attachment-id=\"84781\" data-permalink=\"https:\/\/www.jornalja.com.br\/cultura\/exposicao-ao-ar-livre-junta-artes-visuais-e-literatura-na-escadaria-da-borges\/expo-caio-by-gustavot-copy-3\/\" data-orig-file=\"https:\/\/www.jornalja.com.br\/cultura\/wp-content\/uploads\/sites\/2\/2021\/09\/expo-caio-by-gustavot-copy-3.jpg\" data-orig-size=\"2077,2055\" data-comments-opened=\"1\" data-image-meta=\"{&quot;aperture&quot;:&quot;3.5&quot;,&quot;credit&quot;:&quot;&quot;,&quot;camera&quot;:&quot;Canon EOS Rebel T100&quot;,&quot;caption&quot;:&quot;&quot;,&quot;created_timestamp&quot;:&quot;1632455360&quot;,&quot;copyright&quot;:&quot;&quot;,&quot;focal_length&quot;:&quot;20&quot;,&quot;iso&quot;:&quot;200&quot;,&quot;shutter_speed&quot;:&quot;0.016666666666667&quot;,&quot;title&quot;:&quot;&quot;,&quot;orientation&quot;:&quot;1&quot;}\" data-image-title=\"EXPO Caio by Gustavot copy 3\" data-image-description=\"\" data-image-caption=\"&lt;p&gt; Caio by Gustavot copy 3&lt;\/p&gt;\n\" data-large-file=\"https:\/\/www.jornalja.com.br\/cultura\/wp-content\/uploads\/sites\/2\/2021\/09\/expo-caio-by-gustavot-copy-3-1024x1013.jpg\" class=\"size-medium wp-image-84781\" src=\"https:\/\/www.jornalja.com.br\/cultura\/wp-content\/uploads\/sites\/2\/2021\/09\/expo-caio-by-gustavot-copy-3-300x297.jpg\" alt=\"\" width=\"300\" height=\"297\" srcset=\"https:\/\/www.jornalja.com.br\/cultura\/wp-content\/uploads\/sites\/2\/2021\/09\/expo-caio-by-gustavot-copy-3-300x297.jpg 300w, https:\/\/www.jornalja.com.br\/cultura\/wp-content\/uploads\/sites\/2\/2021\/09\/expo-caio-by-gustavot-copy-3-1024x1013.jpg 1024w, https:\/\/www.jornalja.com.br\/cultura\/wp-content\/uploads\/sites\/2\/2021\/09\/expo-caio-by-gustavot-copy-3-150x150.jpg 150w, https:\/\/www.jornalja.com.br\/cultura\/wp-content\/uploads\/sites\/2\/2021\/09\/expo-caio-by-gustavot-copy-3-768x760.jpg 768w, https:\/\/www.jornalja.com.br\/cultura\/wp-content\/uploads\/sites\/2\/2021\/09\/expo-caio-by-gustavot-copy-3-1536x1520.jpg 1536w, https:\/\/www.jornalja.com.br\/cultura\/wp-content\/uploads\/sites\/2\/2021\/09\/expo-caio-by-gustavot-copy-3-2048x2026.jpg 2048w, https:\/\/www.jornalja.com.br\/cultura\/wp-content\/uploads\/sites\/2\/2021\/09\/expo-caio-by-gustavot-copy-3-1200x1187.jpg 1200w\" sizes=\"(max-width: 300px) 100vw, 300px\" \/><\/p>\n<p><img decoding=\"async\" data-attachment-id=\"84780\" data-permalink=\"https:\/\/www.jornalja.com.br\/cultura\/exposicao-ao-ar-livre-junta-artes-visuais-e-literatura-na-escadaria-da-borges\/expo-assis-brasil-by-beatriz-copy-2\/\" data-orig-file=\"https:\/\/www.jornalja.com.br\/cultura\/wp-content\/uploads\/sites\/2\/2021\/09\/expo-assis-brasil-by-beatriz-copy-2-scaled.jpg\" data-orig-size=\"2380,2560\" data-comments-opened=\"1\" data-image-meta=\"{&quot;aperture&quot;:&quot;0&quot;,&quot;credit&quot;:&quot;&quot;,&quot;camera&quot;:&quot;&quot;,&quot;caption&quot;:&quot;&quot;,&quot;created_timestamp&quot;:&quot;0&quot;,&quot;copyright&quot;:&quot;&quot;,&quot;focal_length&quot;:&quot;0&quot;,&quot;iso&quot;:&quot;0&quot;,&quot;shutter_speed&quot;:&quot;0&quot;,&quot;title&quot;:&quot;&quot;,&quot;orientation&quot;:&quot;1&quot;}\" data-image-title=\"EXPO Assis Brasil by Beatriz copy 2\" data-image-description=\"\" data-image-caption=\"\" data-large-file=\"https:\/\/www.jornalja.com.br\/cultura\/wp-content\/uploads\/sites\/2\/2021\/09\/expo-assis-brasil-by-beatriz-copy-2-952x1024.jpg\" class=\"alignnone size-medium wp-image-84780\" src=\"https:\/\/www.jornalja.com.br\/cultura\/wp-content\/uploads\/sites\/2\/2021\/09\/expo-assis-brasil-by-beatriz-copy-2-279x300.jpg\" alt=\"\" width=\"279\" height=\"300\" srcset=\"https:\/\/www.jornalja.com.br\/cultura\/wp-content\/uploads\/sites\/2\/2021\/09\/expo-assis-brasil-by-beatriz-copy-2-279x300.jpg 279w, https:\/\/www.jornalja.com.br\/cultura\/wp-content\/uploads\/sites\/2\/2021\/09\/expo-assis-brasil-by-beatriz-copy-2-952x1024.jpg 952w, https:\/\/www.jornalja.com.br\/cultura\/wp-content\/uploads\/sites\/2\/2021\/09\/expo-assis-brasil-by-beatriz-copy-2-768x826.jpg 768w, https:\/\/www.jornalja.com.br\/cultura\/wp-content\/uploads\/sites\/2\/2021\/09\/expo-assis-brasil-by-beatriz-copy-2-1428x1536.jpg 1428w, https:\/\/www.jornalja.com.br\/cultura\/wp-content\/uploads\/sites\/2\/2021\/09\/expo-assis-brasil-by-beatriz-copy-2-1904x2048.jpg 1904w, https:\/\/www.jornalja.com.br\/cultura\/wp-content\/uploads\/sites\/2\/2021\/09\/expo-assis-brasil-by-beatriz-copy-2-1200x1291.jpg 1200w\" sizes=\"(max-width: 279px) 100vw, 279px\" \/><\/p>\n<\/div>\n<p>&#8211;<\/p>\n<p><img decoding=\"async\" data-attachment-id=\"84786\" data-permalink=\"https:\/\/www.jornalja.com.br\/cultura\/exposicao-ao-ar-livre-junta-artes-visuais-e-literatura-na-escadaria-da-borges\/expo-faraco-by-thiago-copy\/\" data-orig-file=\"https:\/\/www.jornalja.com.br\/cultura\/wp-content\/uploads\/sites\/2\/2021\/09\/expo-faraco-by-thiago-copy-scaled.jpg\" data-orig-size=\"2560,2553\" data-comments-opened=\"1\" data-image-meta=\"{&quot;aperture&quot;:&quot;2.8&quot;,&quot;credit&quot;:&quot;&quot;,&quot;camera&quot;:&quot;iPhone 7 Plus&quot;,&quot;caption&quot;:&quot;&quot;,&quot;created_timestamp&quot;:&quot;1631785966&quot;,&quot;copyright&quot;:&quot;&quot;,&quot;focal_length&quot;:&quot;6.6&quot;,&quot;iso&quot;:&quot;200&quot;,&quot;shutter_speed&quot;:&quot;0.016666666666667&quot;,&quot;title&quot;:&quot;&quot;,&quot;orientation&quot;:&quot;1&quot;}\" data-image-title=\"EXPO Faraco by Thiago copy\" data-image-description=\"\" data-image-caption=\"&lt;p&gt;faraco-by-thiago-copy-scaled.jp&lt;\/p&gt;\n\" data-large-file=\"https:\/\/www.jornalja.com.br\/cultura\/wp-content\/uploads\/sites\/2\/2021\/09\/expo-faraco-by-thiago-copy-1024x1021.jpg\" class=\"size-medium wp-image-84786\" src=\"https:\/\/www.jornalja.com.br\/cultura\/wp-content\/uploads\/sites\/2\/2021\/09\/expo-faraco-by-thiago-copy-300x300.jpg\" alt=\"\" width=\"300\" height=\"300\" srcset=\"https:\/\/www.jornalja.com.br\/cultura\/wp-content\/uploads\/sites\/2\/2021\/09\/expo-faraco-by-thiago-copy-300x300.jpg 300w, https:\/\/www.jornalja.com.br\/cultura\/wp-content\/uploads\/sites\/2\/2021\/09\/expo-faraco-by-thiago-copy-1024x1021.jpg 1024w, https:\/\/www.jornalja.com.br\/cultura\/wp-content\/uploads\/sites\/2\/2021\/09\/expo-faraco-by-thiago-copy-150x150.jpg 150w, https:\/\/www.jornalja.com.br\/cultura\/wp-content\/uploads\/sites\/2\/2021\/09\/expo-faraco-by-thiago-copy-768x766.jpg 768w, https:\/\/www.jornalja.com.br\/cultura\/wp-content\/uploads\/sites\/2\/2021\/09\/expo-faraco-by-thiago-copy-1536x1532.jpg 1536w, https:\/\/www.jornalja.com.br\/cultura\/wp-content\/uploads\/sites\/2\/2021\/09\/expo-faraco-by-thiago-copy-2048x2043.jpg 2048w, https:\/\/www.jornalja.com.br\/cultura\/wp-content\/uploads\/sites\/2\/2021\/09\/expo-faraco-by-thiago-copy-1200x1200.jpg 1200w\" sizes=\"(max-width: 300px) 100vw, 300px\" \/><\/p>\n<p><img decoding=\"async\" data-attachment-id=\"84803\" data-permalink=\"https:\/\/www.jornalja.com.br\/cultura\/exposicao-ao-ar-livre-junta-artes-visuais-e-literatura-na-escadaria-da-borges\/expo-cartaz-2-2\/\" data-orig-file=\"https:\/\/www.jornalja.com.br\/cultura\/wp-content\/uploads\/sites\/2\/2021\/09\/expo-cartaz-2-1.jpg\" data-orig-size=\"750,489\" data-comments-opened=\"1\" data-image-meta=\"{&quot;aperture&quot;:&quot;0&quot;,&quot;credit&quot;:&quot;&quot;,&quot;camera&quot;:&quot;&quot;,&quot;caption&quot;:&quot;&quot;,&quot;created_timestamp&quot;:&quot;0&quot;,&quot;copyright&quot;:&quot;&quot;,&quot;focal_length&quot;:&quot;0&quot;,&quot;iso&quot;:&quot;0&quot;,&quot;shutter_speed&quot;:&quot;0&quot;,&quot;title&quot;:&quot;&quot;,&quot;orientation&quot;:&quot;0&quot;}\" data-image-title=\"EXPO CARTAZ 2\" data-image-description=\"\" data-image-caption=\"\" data-large-file=\"https:\/\/www.jornalja.com.br\/cultura\/wp-content\/uploads\/sites\/2\/2021\/09\/expo-cartaz-2-1.jpg\" class=\"alignnone size-medium wp-image-84803\" src=\"https:\/\/www.jornalja.com.br\/cultura\/wp-content\/uploads\/sites\/2\/2021\/09\/expo-cartaz-2-1-300x196.jpg\" alt=\"\" width=\"300\" height=\"196\" srcset=\"https:\/\/www.jornalja.com.br\/cultura\/wp-content\/uploads\/sites\/2\/2021\/09\/expo-cartaz-2-1-300x196.jpg 300w, https:\/\/www.jornalja.com.br\/cultura\/wp-content\/uploads\/sites\/2\/2021\/09\/expo-cartaz-2-1.jpg 750w\" sizes=\"(max-width: 300px) 100vw, 300px\" \/><\/p>\n<table width=\"100%\">\n<tbody>\n<tr>\n<td>\n<table width=\"600\">\n<tbody>\n<tr>\n<td width=\"600\">\n<table>\n<tbody>\n<tr>\n<td>\n<table>\n<tbody>\n<tr>\n<td>\n<table>\n<tbody>\n<tr>\n<td><\/td>\n<\/tr>\n<tr>\n<td><\/td>\n<\/tr>\n<tr>\n<td><\/td>\n<\/tr>\n<\/tbody>\n<\/table>\n<\/td>\n<\/tr>\n<\/tbody>\n<\/table>\n<\/td>\n<\/tr>\n<\/tbody>\n<\/table>\n<table>\n<tbody>\n<tr>\n<td>\n<table>\n<tbody>\n<tr>\n<td>\n<table>\n<tbody>\n<tr>\n<td><a href=\"mailto:gcraidy@gmail.com\">gcraidy@gmail.com<\/a><br \/>\nenviou-te AUTORES<\/td>\n<\/tr>\n<tr>\n<td>1 artigo, 100 MB no total \u30fb Expira em 4 de Outubro de 2021<\/td>\n<\/tr>\n<tr>\n<td><strong>AUTORES<\/strong>Seguem 21 autores do projeto Autorias.<\/td>\n<\/tr>\n<tr>\n<td>\n<table>\n<tbody>\n<tr>\n<td><a href=\"https:\/\/wetransfer.com\/downloads\/f26f4a029bd37b54483ab55ab184f42920210927145846\/eb6caf56b49d338a2988746ed358d41c20210927145846\/904aac?utm_campaign=WT_email_tracking&amp;utm_content=general&amp;utm_medium=download_button&amp;utm_source=notify_recipient_email\" data-saferedirecturl=\"https:\/\/www.google.com\/url?q=https:\/\/wetransfer.com\/downloads\/f26f4a029bd37b54483ab55ab184f42920210927145846\/eb6caf56b49d338a2988746ed358d41c20210927145846\/904aac?utm_campaign%3DWT_email_tracking%26utm_content%3Dgeneral%26utm_medium%3Ddownload_button%26utm_source%3Dnotify_recipient_email&amp;source=gmail&amp;ust=1632934724989000&amp;usg=AFQjCNFfYIIv6AT3pPZ8I8VRXVNOCfL72w\">Recebe os teus ficheiros<\/a><\/td>\n<\/tr>\n<\/tbody>\n<\/table>\n<\/td>\n<\/tr>\n<tr>\n<td>\n<table>\n<tbody>\n<tr>\n<td><\/td>\n<\/tr>\n<\/tbody>\n<\/table>\n<\/td>\n<\/tr>\n<tr>\n<td><span style=\"font-weight: 500\">Link para download<\/span><br \/>\n<a href=\"https:\/\/wetransfer.com\/downloads\/f26f4a029bd37b54483ab55ab184f42920210927145846\/eb6caf56b49d338a2988746ed358d41c20210927145846\/904aac\" data-saferedirecturl=\"https:\/\/www.google.com\/url?q=https:\/\/wetransfer.com\/downloads\/f26f4a029bd37b54483ab55ab184f42920210927145846\/eb6caf56b49d338a2988746ed358d41c20210927145846\/904aac&amp;source=gmail&amp;ust=1632934724989000&amp;usg=AFQjCNFf7rSMgRd_CoODMd85BaImVniH2g\">https:\/\/wetransfer.com\/downloads\/f26f4a029bd37b54483ab55ab184f42920210927145846\/eb6caf56b49d338a2988746ed358d41c20210927145846\/904aac<\/a><\/td>\n<\/tr>\n<tr>\n<td><span style=\"font-weight: 500\">1 artigo<\/span><\/td>\n<\/tr>\n<tr>\n<td>AUTORES.zip<\/p>\n<p>100 MB<\/td>\n<\/tr>\n<\/tbody>\n<\/table>\n<\/td>\n<\/tr>\n<\/tbody>\n<\/table>\n<\/td>\n<\/tr>\n<\/tbody>\n<\/table>\n<table>\n<tbody>\n<tr>\n<td>\n<table>\n<tbody>\n<tr>\n<td>\n<table>\n<tbody>\n<tr>\n<td>Para te certificares de que recebes os nossos e-mails, adiciona\u00a0<a href=\"mailto:noreply@wetransfer.com\">noreply@wetransfer.com<\/a>\u00a0aos\u00a0<a href=\"https:\/\/wetransfer.zendesk.com\/hc\/en-us\/articles\/204909429?utm_campaign=WT_email_tracking&amp;utm_source=notify_recipient_email&amp;utm_medium=Add+Us+To+Your+Contacts+Link&amp;utm_content=general\" data-saferedirecturl=\"https:\/\/www.google.com\/url?q=https:\/\/wetransfer.zendesk.com\/hc\/en-us\/articles\/204909429?utm_campaign%3DWT_email_tracking%26utm_source%3Dnotify_recipient_email%26utm_medium%3DAdd%2BUs%2BTo%2BYour%2BContacts%2BLink%26utm_content%3Dgeneral&amp;source=gmail&amp;ust=1632934724989000&amp;usg=AFQjCNFAvjhe5jIza3ZigUfJ5sOi0UyYQQ\">teus contactos<\/a>.<\/td>\n<\/tr>\n<\/tbody>\n<\/table>\n<\/td>\n<\/tr>\n<\/tbody>\n<\/table>\n<\/td>\n<\/tr>\n<\/tbody>\n<\/table>\n<table>\n<tbody>\n<tr>\n<td><a href=\"https:\/\/wetransfer.com\/about?utm_campaign=WT_email_tracking&amp;utm_content=general&amp;utm_medium=about_link&amp;utm_source=notify_recipient_email\" data-saferedirecturl=\"https:\/\/www.google.com\/url?q=https:\/\/wetransfer.com\/about?utm_campaign%3DWT_email_tracking%26utm_content%3Dgeneral%26utm_medium%3Dabout_link%26utm_source%3Dnotify_recipient_email&amp;source=gmail&amp;ust=1632934724989000&amp;usg=AFQjCNFRLg_QrSEXYtHxgJ2K392CuWD0AQ\">Sobre o WeTransfer<\/a>\u00a0\u00a0\u00a0\u30fb\u00a0\u00a0\u00a0<a href=\"https:\/\/wetransfer.zendesk.com\/hc\/en-us?utm_campaign=WT_email_tracking&amp;utm_source=notify_recipient_email&amp;utm_medium=Footer+Help+Link&amp;utm_content=general\" data-saferedirecturl=\"https:\/\/www.google.com\/url?q=https:\/\/wetransfer.zendesk.com\/hc\/en-us?utm_campaign%3DWT_email_tracking%26utm_source%3Dnotify_recipient_email%26utm_medium%3DFooter%2BHelp%2BLink%26utm_content%3Dgeneral&amp;source=gmail&amp;ust=1632934724989000&amp;usg=AFQjCNEhZP1_mE5ohBEk7bJAsxd4i3T_BQ\">Ajuda<\/a>\u00a0\u00a0\u00a0\u30fb\u00a0\u00a0\u00a0<a href=\"https:\/\/wetransfer.com\/legal\/terms?utm_campaign=WT_email_tracking&amp;utm_content=general&amp;utm_medium=legal_link&amp;utm_source=notify_recipient_email\" data-saferedirecturl=\"https:\/\/www.google.com\/url?q=https:\/\/wetransfer.com\/legal\/terms?utm_campaign%3DWT_email_tracking%26utm_content%3Dgeneral%26utm_medium%3Dlegal_link%26utm_source%3Dnotify_recipient_email&amp;source=gmail&amp;ust=1632934724989000&amp;usg=AFQjCNHZ4jbx3H5XBNqcAS6cjjaMGkckxQ\">Informa\u00e7\u00f5es legais<\/a>\u00a0\u00a0\u00a0\u30fb\u00a0\u00a0\u00a0<a href=\"https:\/\/wetransfer.zendesk.com\/hc\/en-us\/requests\/new?ticket_form_id=360000007663&amp;utm_campaign=WT_email_tracking&amp;utm_source=notify_recipient_email&amp;utm_medium=Spam+Support+Link&amp;utm_content=general&amp;token=eyJhbGciOiJub25lIn0.eyJyZXF1ZXN0X3N1YmplY3QiOiJEZW51bmNpYXIgZXN0YSB0cmFuc2ZlcsOqbmNpYSBjb21vIHNwYW0iLCJyZXF1ZXN0X2Rlc2NyaXB0aW9uIjoiaHR0cHM6Ly93ZXRyYW5zZmVyLmNvbS9kb3dubG9hZHMvZjI2ZjRhMDI5YmQzN2I1NDQ4M2FiNTVhYjE4NGY0MjkyMDIxMDkyNzE0NTg0Ni9lYjZjYWY1NmI0OWQzMzhhMjk4ODc0NmVkMzU4ZDQxYzIwMjEwOTI3MTQ1ODQ2LzkwNGFhYyIsInJlcXVlc3RfYW5vbnltb3VzX3JlcXVlc3Rlcl9lbWFpbCI6ImNhcmxvc2Fzc2Vzc29yYUBnbWFpbC5jb20iLCJyZXF1ZXN0X2N1c3RvbV9maWVsZHNfMzYwMDAwMTcxMjIzIjoiOGUxN2MyZGE1NWMyN2JkZTRlNjljOGE5ZDk1MzQwYjNjZjU1ZWExMjQ5M2UyNjU2MDQxNjgwNGI4YjJmMzA5ZjNkZjM4Zjk4MDYyNTc0YWI3MjlkNDFjOTgzMThiNGEwYTkwZDQyYjY0YTgzYjFhYTljYjkwNzYxZjMzNWMxYzAifQ.\" data-saferedirecturl=\"https:\/\/www.google.com\/url?q=https:\/\/wetransfer.zendesk.com\/hc\/en-us\/requests\/new?ticket_form_id%3D360000007663%26utm_campaign%3DWT_email_tracking%26utm_source%3Dnotify_recipient_email%26utm_medium%3DSpam%2BSupport%2BLink%26utm_content%3Dgeneral%26token%3DeyJhbGciOiJub25lIn0.eyJyZXF1ZXN0X3N1YmplY3QiOiJEZW51bmNpYXIgZXN0YSB0cmFuc2ZlcsOqbmNpYSBjb21vIHNwYW0iLCJyZXF1ZXN0X2Rlc2NyaXB0aW9uIjoiaHR0cHM6Ly93ZXRyYW5zZmVyLmNvbS9kb3dubG9hZHMvZjI2ZjRhMDI5YmQzN2I1NDQ4M2FiNTVhYjE4NGY0MjkyMDIxMDkyNzE0NTg0Ni9lYjZjYWY1NmI0OWQzMzhhMjk4ODc0NmVkMzU4ZDQxYzIwMjEwOTI3MTQ1ODQ2LzkwNGFhYyIsInJlcXVlc3RfYW5vbnltb3VzX3JlcXVlc3Rlcl9lbWFpbCI6ImNhcmxvc2Fzc2Vzc29yYUBnbWFpbC5jb20iLCJyZXF1ZXN0X2N1c3RvbV9maWVsZHNfMzYwMDAwMTcxMjIzIjoiOGUxN2MyZGE1NWMyN2JkZTRlNjljOGE5ZDk1MzQwYjNjZjU1ZWExMjQ5M2UyNjU2MDQxNjgwNGI4YjJmMzA5ZjNkZjM4Zjk4MDYyNTc0YWI3MjlkNDFjOTgzMThiNGEwYTkwZDQyYjY0YTgzYjFhYTljYjkwNzYxZjMzNWMxYzAifQ.&amp;source=gmail&amp;ust=1632934724989000&amp;usg=AFQjCNHTRAMyl-QAOyP8Dl9XLphOqVMHUQ\">Denunciar esta transfer\u00eancia como spam<\/a><\/td>\n<\/tr>\n<\/tbody>\n<\/table>\n<\/td>\n<\/tr>\n<\/tbody>\n<\/table>\n<\/td>\n<\/tr>\n<\/tbody>\n<\/table>\n<table>\n<tbody>\n<tr>\n<td><\/td>\n<td><span style=\"font-weight: 500\">Responder<\/span><span style=\"font-weight: 500\">Encaminhar<\/span><\/td>\n<\/tr>\n<\/tbody>\n<\/table>\n<\/div>\n<div dir=\"auto\"><\/div>\n<div dir=\"auto\"><\/div>\n","protected":false},"excerpt":{"rendered":"<p>&nbsp; Higino Barros A exposi\u00e7\u00e3o coletiva &#8220;Autorias&#8221; \u00e9 uma homenagem das artes visuais \u00e0 literatura produzida no Rio Grande do Sul. Nela, um grupo de 18 artistas, entre os quais alguns dos nomes mais reconhecidos, exibe retratos in\u00e9ditos de 26 importantes autores ga\u00fachos. A mostra abre dia\u00a0 1\u00ba (sexta-feira pr\u00f3xima) e fica at\u00e9 31 de [&hellip;]<\/p>\n","protected":false},"author":3,"featured_media":84802,"comment_status":"open","ping_status":"open","sticky":false,"template":"","format":"standard","meta":{"jetpack_post_was_ever_published":false,"_jetpack_newsletter_access":"","_jetpack_dont_email_post_to_subs":false,"_jetpack_newsletter_tier_id":0,"_jetpack_memberships_contains_paywalled_content":false,"_jetpack_memberships_contains_paid_content":false,"footnotes":"","jetpack_publicize_message":"","jetpack_publicize_feature_enabled":true,"jetpack_social_post_already_shared":true,"jetpack_social_options":{"image_generator_settings":{"template":"highway","default_image_id":0,"font":"","enabled":false},"version":2}},"categories":[2],"tags":[],"class_list":["post-84777","post","type-post","status-publish","format-standard","has-post-thumbnail","hentry","category-materiasecundaria"],"aioseo_notices":[],"jetpack_publicize_connections":[],"jetpack_featured_media_url":"https:\/\/www.jornalja.com.br\/cultura\/wp-content\/uploads\/sites\/2\/2021\/09\/expo-cartaz.jpg","jetpack-related-posts":[{"id":84963,"url":"https:\/\/www.jornalja.com.br\/cultura\/galeria-ao-ar-livre-expoe-arte-na-rua-e-vira-novo-point-cultural-em-porto-alegre\/","url_meta":{"origin":84777,"position":0},"title":"Galeria ao ar livre exp\u00f5e arte na rua e vira novo\u00a0point\u00a0cultural em Porto Alegre","author":"da Reda\u00e7\u00e3o","date":"15 de outubro de 2021","format":false,"excerpt":"Carlos Souza, jornalista. Um novo e inusitado espa\u00e7o cultural oferece \u00e0 popula\u00e7\u00e3o e turistas que visitam Porto Alegre uma conjuga\u00e7\u00e3o de fatores positivos e ben\u00e9ficos neste momento de crise sanit\u00e1ria e de amea\u00e7as de retrocesso pol\u00edtico: ar livre, exposi\u00e7\u00e3o de arte 24 horas por dia, gratuidade, possibilidade de total despojamento\u2026","rel":"","context":"Em &quot;Cultura-MAT\u00c9RIA&quot;","block_context":{"text":"Cultura-MAT\u00c9RIA","link":"https:\/\/www.jornalja.com.br\/cultura\/category\/materiasecundaria\/"},"img":{"alt_text":"","src":"https:\/\/i0.wp.com\/www.jornalja.com.br\/cultura\/wp-content\/uploads\/sites\/2\/2021\/10\/galeria-4-scaled.jpg?resize=350%2C200&ssl=1","width":350,"height":200,"srcset":"https:\/\/i0.wp.com\/www.jornalja.com.br\/cultura\/wp-content\/uploads\/sites\/2\/2021\/10\/galeria-4-scaled.jpg?resize=350%2C200&ssl=1 1x, https:\/\/i0.wp.com\/www.jornalja.com.br\/cultura\/wp-content\/uploads\/sites\/2\/2021\/10\/galeria-4-scaled.jpg?resize=525%2C300&ssl=1 1.5x, https:\/\/i0.wp.com\/www.jornalja.com.br\/cultura\/wp-content\/uploads\/sites\/2\/2021\/10\/galeria-4-scaled.jpg?resize=700%2C400&ssl=1 2x, https:\/\/i0.wp.com\/www.jornalja.com.br\/cultura\/wp-content\/uploads\/sites\/2\/2021\/10\/galeria-4-scaled.jpg?resize=1050%2C600&ssl=1 3x, https:\/\/i0.wp.com\/www.jornalja.com.br\/cultura\/wp-content\/uploads\/sites\/2\/2021\/10\/galeria-4-scaled.jpg?resize=1400%2C800&ssl=1 4x"},"classes":[]},{"id":83428,"url":"https:\/\/www.jornalja.com.br\/cultura\/escadaria-da-borges-ganha-galeria-de-fotografia-a-ceu-aberto-permanente\/","url_meta":{"origin":84777,"position":1},"title":"Escadaria da Borges ganha galeria de fotografia a c\u00e9u aberto, permanente","author":"Higino Barros","date":"21 de fevereiro de 2021","format":false,"excerpt":"Higino Barros Num final de tarde ensolarada do in\u00edcio de 2018, o produtor cultural e fot\u00f3grafo Marcos Monteiro, 65 anos, estava sentado no bar Armaz\u00e9m, na parte alta da Escadaria da avenida Borges de Medeiros, quando lhe ocorreu a ideia: fazer na extensa parede do pr\u00e9dio \u00e0 sua frente, do\u2026","rel":"","context":"Em &quot;Cultura-MAT\u00c9RIA&quot;","block_context":{"text":"Cultura-MAT\u00c9RIA","link":"https:\/\/www.jornalja.com.br\/cultura\/category\/materiasecundaria\/"},"img":{"alt_text":"","src":"https:\/\/i0.wp.com\/www.jornalja.com.br\/cultura\/wp-content\/uploads\/sites\/2\/2021\/02\/exposicao-escadaria-scaled.jpg?resize=350%2C200&ssl=1","width":350,"height":200,"srcset":"https:\/\/i0.wp.com\/www.jornalja.com.br\/cultura\/wp-content\/uploads\/sites\/2\/2021\/02\/exposicao-escadaria-scaled.jpg?resize=350%2C200&ssl=1 1x, https:\/\/i0.wp.com\/www.jornalja.com.br\/cultura\/wp-content\/uploads\/sites\/2\/2021\/02\/exposicao-escadaria-scaled.jpg?resize=525%2C300&ssl=1 1.5x, https:\/\/i0.wp.com\/www.jornalja.com.br\/cultura\/wp-content\/uploads\/sites\/2\/2021\/02\/exposicao-escadaria-scaled.jpg?resize=700%2C400&ssl=1 2x, https:\/\/i0.wp.com\/www.jornalja.com.br\/cultura\/wp-content\/uploads\/sites\/2\/2021\/02\/exposicao-escadaria-scaled.jpg?resize=1050%2C600&ssl=1 3x, https:\/\/i0.wp.com\/www.jornalja.com.br\/cultura\/wp-content\/uploads\/sites\/2\/2021\/02\/exposicao-escadaria-scaled.jpg?resize=1400%2C800&ssl=1 4x"},"classes":[]},{"id":86692,"url":"https:\/\/www.jornalja.com.br\/cultura\/todos-os-sons-de-mario-marmontel-na-volta-do-projeto-musica-na-escadaria\/","url_meta":{"origin":84777,"position":2},"title":"Todos os sons de M\u00e1rio Marmontel, na volta do projeto \u201cM\u00fasica na Escadaria\u201d","author":"Higino Barros","date":"15 de setembro de 2022","format":false,"excerpt":"\u00a0 Higino Barros O flautista e saxofonista Mario Marmontel \u00e9 o m\u00fasico escolhido para retomar um projeto cultural bem sucedido no Centro Hist\u00f3rico de Porto Alegre. O \u201cM\u00fasica na Escadaria\u201d realizado toda sexta-feira na Escadaria do Viaduto Ot\u00e1vio Rocha, na avenida Borges de Medeiros, at\u00e9 a pandemia da Covid 19\u2026","rel":"","context":"Em &quot;Cultura-MAT\u00c9RIA&quot;","block_context":{"text":"Cultura-MAT\u00c9RIA","link":"https:\/\/www.jornalja.com.br\/cultura\/category\/materiasecundaria\/"},"img":{"alt_text":"","src":"https:\/\/i0.wp.com\/www.jornalja.com.br\/cultura\/wp-content\/uploads\/sites\/2\/2022\/09\/mario-divulgacao-2.jpg?resize=350%2C200&ssl=1","width":350,"height":200,"srcset":"https:\/\/i0.wp.com\/www.jornalja.com.br\/cultura\/wp-content\/uploads\/sites\/2\/2022\/09\/mario-divulgacao-2.jpg?resize=350%2C200&ssl=1 1x, https:\/\/i0.wp.com\/www.jornalja.com.br\/cultura\/wp-content\/uploads\/sites\/2\/2022\/09\/mario-divulgacao-2.jpg?resize=525%2C300&ssl=1 1.5x, https:\/\/i0.wp.com\/www.jornalja.com.br\/cultura\/wp-content\/uploads\/sites\/2\/2022\/09\/mario-divulgacao-2.jpg?resize=700%2C400&ssl=1 2x"},"classes":[]},{"id":85162,"url":"https:\/\/www.jornalja.com.br\/cultura\/l-f-verissimo-recebe-desenhos-por-vandalismo-ao-seu-retrato-na-mostra-autorias\/","url_meta":{"origin":84777,"position":3},"title":"L. F. Verissimo recebe desenhos por vandalismo ao seu retrato na mostra &#8220;Autorias&#8221;","author":"da Reda\u00e7\u00e3o","date":"8 de novembro de 2021","format":false,"excerpt":"O jornalista e escritor Luis Fernando Verissimo, que convalesce em casa, recebeu um presente especial entregue pela idealizadora da exposi\u00e7\u00e3o \"Autorias\", Gra\u00e7a Craidy: uma pasta com os trabalhos da atividade \u201cDesenhando Verissimo\u201d, em desagravo ao fato de a tela com o retrato de LFV ter sido vandalizada em meio \u00e0\u2026","rel":"","context":"Em &quot;Cultura-MAT\u00c9RIA&quot;","block_context":{"text":"Cultura-MAT\u00c9RIA","link":"https:\/\/www.jornalja.com.br\/cultura\/category\/materiasecundaria\/"},"img":{"alt_text":"","src":"https:\/\/i0.wp.com\/www.jornalja.com.br\/cultura\/wp-content\/uploads\/sites\/2\/2021\/11\/verissimo-dezenas-de-desenhos-retratando-verissimo-foram-entregues-em-desagravo-e-em-homenagem-a-ele-scaled.jpeg?resize=350%2C200&ssl=1","width":350,"height":200,"srcset":"https:\/\/i0.wp.com\/www.jornalja.com.br\/cultura\/wp-content\/uploads\/sites\/2\/2021\/11\/verissimo-dezenas-de-desenhos-retratando-verissimo-foram-entregues-em-desagravo-e-em-homenagem-a-ele-scaled.jpeg?resize=350%2C200&ssl=1 1x, https:\/\/i0.wp.com\/www.jornalja.com.br\/cultura\/wp-content\/uploads\/sites\/2\/2021\/11\/verissimo-dezenas-de-desenhos-retratando-verissimo-foram-entregues-em-desagravo-e-em-homenagem-a-ele-scaled.jpeg?resize=525%2C300&ssl=1 1.5x, https:\/\/i0.wp.com\/www.jornalja.com.br\/cultura\/wp-content\/uploads\/sites\/2\/2021\/11\/verissimo-dezenas-de-desenhos-retratando-verissimo-foram-entregues-em-desagravo-e-em-homenagem-a-ele-scaled.jpeg?resize=700%2C400&ssl=1 2x, https:\/\/i0.wp.com\/www.jornalja.com.br\/cultura\/wp-content\/uploads\/sites\/2\/2021\/11\/verissimo-dezenas-de-desenhos-retratando-verissimo-foram-entregues-em-desagravo-e-em-homenagem-a-ele-scaled.jpeg?resize=1050%2C600&ssl=1 3x, https:\/\/i0.wp.com\/www.jornalja.com.br\/cultura\/wp-content\/uploads\/sites\/2\/2021\/11\/verissimo-dezenas-de-desenhos-retratando-verissimo-foram-entregues-em-desagravo-e-em-homenagem-a-ele-scaled.jpeg?resize=1400%2C800&ssl=1 4x"},"classes":[]},{"id":87960,"url":"https:\/\/www.jornalja.com.br\/cultura\/mobfotografia-exposicao-com-fotos-de-celular-reune-90-imagens-de-45-fotografos\/","url_meta":{"origin":84777,"position":4},"title":"&#8220;Mobfotografia&#8221;: exposi\u00e7\u00e3o com fotos de celular  re\u00fane 90 imagens de 45 fot\u00f3grafos","author":"da Reda\u00e7\u00e3o","date":"9 de junho de 2023","format":false,"excerpt":"\u2019Mobgrafia - Express\u00e3o Urbana\u201d \u00e9 a exposi\u00e7\u00e3o que ocupar\u00e1 a Galeria Escadaria, em sua segunda edi\u00e7\u00e3o, a partir desse s\u00e1bado,\u00a0 dia 10 de junho, reunindo 90 imagens de 45 fot\u00f3grafos, feitas em celulares ou tablets. Com curadoria do publicit\u00e1rio e fot\u00f3grafo Marcos Monteiro, a iniciativa tem um car\u00e1ter duplamente democr\u00e1tico,\u2026","rel":"","context":"Em &quot;Cultura-MAT\u00c9RIA&quot;","block_context":{"text":"Cultura-MAT\u00c9RIA","link":"https:\/\/www.jornalja.com.br\/cultura\/category\/materiasecundaria\/"},"img":{"alt_text":"","src":"https:\/\/i0.wp.com\/www.jornalja.com.br\/cultura\/wp-content\/uploads\/sites\/2\/2023\/06\/expo-mobgrafia-2022-img-5064-foto-marcos-monteiro.jpg?resize=350%2C200&ssl=1","width":350,"height":200,"srcset":"https:\/\/i0.wp.com\/www.jornalja.com.br\/cultura\/wp-content\/uploads\/sites\/2\/2023\/06\/expo-mobgrafia-2022-img-5064-foto-marcos-monteiro.jpg?resize=350%2C200&ssl=1 1x, https:\/\/i0.wp.com\/www.jornalja.com.br\/cultura\/wp-content\/uploads\/sites\/2\/2023\/06\/expo-mobgrafia-2022-img-5064-foto-marcos-monteiro.jpg?resize=525%2C300&ssl=1 1.5x, https:\/\/i0.wp.com\/www.jornalja.com.br\/cultura\/wp-content\/uploads\/sites\/2\/2023\/06\/expo-mobgrafia-2022-img-5064-foto-marcos-monteiro.jpg?resize=700%2C400&ssl=1 2x"},"classes":[]},{"id":77481,"url":"https:\/\/www.jornalja.com.br\/cultura\/degrade-com-o-saxofonista-marcelo-carvalho-e-o-pianista-cantor-ranielly-schaffer-e-a-proxima-atracao-do-musica-na-escadaria\/","url_meta":{"origin":84777,"position":5},"title":"\u201cDegrad\u00ea, com o saxofonista Marcelo Carvalho e o pianista\/cantor Ranielly Schaffer \u00e9 a pr\u00f3xima atra\u00e7\u00e3o do M\u00fasica na Escadaria","author":"da Reda\u00e7\u00e3o","date":"16 de setembro de 2019","format":false,"excerpt":"Degrad\u00ea, em fotografia e artes pl\u00e1sticas, \u00e9 quando ocorre uma modifica\u00e7\u00e3o gradual de matizes, tons visuais e\/ou disposi\u00e7\u00e3o gradativa das nuances de uma cor. Pois esse \u00e9 tamb\u00e9m o nome da apresenta\u00e7\u00e3o musical do saxofonista Marcelo Carvalho e do cantor e pianista Ranielly Schaffer no projeto M\u00fasica na Escadaria, na\u2026","rel":"","context":"Em &quot;Cultura-MAT\u00c9RIA&quot;","block_context":{"text":"Cultura-MAT\u00c9RIA","link":"https:\/\/www.jornalja.com.br\/cultura\/category\/materiasecundaria\/"},"img":{"alt_text":"","src":"","width":0,"height":0},"classes":[]}],"jetpack_shortlink":"https:\/\/wp.me\/pbKnZc-m3n","jetpack_sharing_enabled":true,"_links":{"self":[{"href":"https:\/\/www.jornalja.com.br\/cultura\/wp-json\/wp\/v2\/posts\/84777","targetHints":{"allow":["GET"]}}],"collection":[{"href":"https:\/\/www.jornalja.com.br\/cultura\/wp-json\/wp\/v2\/posts"}],"about":[{"href":"https:\/\/www.jornalja.com.br\/cultura\/wp-json\/wp\/v2\/types\/post"}],"author":[{"embeddable":true,"href":"https:\/\/www.jornalja.com.br\/cultura\/wp-json\/wp\/v2\/users\/3"}],"replies":[{"embeddable":true,"href":"https:\/\/www.jornalja.com.br\/cultura\/wp-json\/wp\/v2\/comments?post=84777"}],"version-history":[{"count":4,"href":"https:\/\/www.jornalja.com.br\/cultura\/wp-json\/wp\/v2\/posts\/84777\/revisions"}],"predecessor-version":[{"id":84861,"href":"https:\/\/www.jornalja.com.br\/cultura\/wp-json\/wp\/v2\/posts\/84777\/revisions\/84861"}],"wp:featuredmedia":[{"embeddable":true,"href":"https:\/\/www.jornalja.com.br\/cultura\/wp-json\/wp\/v2\/media\/84802"}],"wp:attachment":[{"href":"https:\/\/www.jornalja.com.br\/cultura\/wp-json\/wp\/v2\/media?parent=84777"}],"wp:term":[{"taxonomy":"category","embeddable":true,"href":"https:\/\/www.jornalja.com.br\/cultura\/wp-json\/wp\/v2\/categories?post=84777"},{"taxonomy":"post_tag","embeddable":true,"href":"https:\/\/www.jornalja.com.br\/cultura\/wp-json\/wp\/v2\/tags?post=84777"}],"curies":[{"name":"wp","href":"https:\/\/api.w.org\/{rel}","templated":true}]}}