{"id":84905,"date":"2021-10-06T13:01:46","date_gmt":"2021-10-06T16:01:46","guid":{"rendered":"https:\/\/www.jornalja.com.br\/cultura\/?p=84905"},"modified":"2021-10-08T18:41:22","modified_gmt":"2021-10-08T21:41:22","slug":"espetaculo-fueguitos-une-principais-grupos-de-danca-flamenca-do-rio-grande-sul","status":"publish","type":"post","link":"https:\/\/www.jornalja.com.br\/cultura\/espetaculo-fueguitos-une-principais-grupos-de-danca-flamenca-do-rio-grande-sul\/","title":{"rendered":"Espet\u00e1culo &#8220;Fueguitos&#8221; une principais grupos de dan\u00e7a flamenca do Rio Grande Sul"},"content":{"rendered":"<div>\n<p>&nbsp;<\/p>\n<p>O coletivo Flamenco RS apresenta o espet\u00e1culo &#8220;Fueguitos&#8221;, idealizado de forma cooperativa e integrada. Pela primeira vez, dez n\u00facleos de dan\u00e7a flamenca do Rio Grande do Sul, reunindo mais de 30 artistas e t\u00e9cnicos, se unem para a concretiza\u00e7\u00e3o de um movimento art\u00edstico potente.<\/p>\n<p><img loading=\"lazy\" decoding=\"async\" data-attachment-id=\"84906\" data-permalink=\"https:\/\/www.jornalja.com.br\/cultura\/espetaculo-fueguitos-une-principais-grupos-de-danca-flamenca-do-rio-grande-sul\/danca-0-fueguitos-card1\/\" data-orig-file=\"https:\/\/www.jornalja.com.br\/cultura\/wp-content\/uploads\/sites\/2\/2021\/10\/danca-0-fueguitos-card1.jpg\" data-orig-size=\"1477,1480\" data-comments-opened=\"1\" data-image-meta=\"{&quot;aperture&quot;:&quot;0&quot;,&quot;credit&quot;:&quot;emily borghetti&quot;,&quot;camera&quot;:&quot;&quot;,&quot;caption&quot;:&quot;&quot;,&quot;created_timestamp&quot;:&quot;1623592474&quot;,&quot;copyright&quot;:&quot;&quot;,&quot;focal_length&quot;:&quot;0&quot;,&quot;iso&quot;:&quot;0&quot;,&quot;shutter_speed&quot;:&quot;0&quot;,&quot;title&quot;:&quot;&quot;,&quot;orientation&quot;:&quot;1&quot;}\" data-image-title=\"DAN\u00c7A 0 Fueguitos CARD1\" data-image-description=\"\" data-image-caption=\"\" data-large-file=\"https:\/\/www.jornalja.com.br\/cultura\/wp-content\/uploads\/sites\/2\/2021\/10\/danca-0-fueguitos-card1-1022x1024.jpg\" class=\"alignnone size-medium wp-image-84906\" src=\"https:\/\/www.jornalja.com.br\/cultura\/wp-content\/uploads\/sites\/2\/2021\/10\/danca-0-fueguitos-card1-300x300.jpg\" alt=\"\" width=\"300\" height=\"300\" srcset=\"https:\/\/www.jornalja.com.br\/cultura\/wp-content\/uploads\/sites\/2\/2021\/10\/danca-0-fueguitos-card1-300x300.jpg 300w, https:\/\/www.jornalja.com.br\/cultura\/wp-content\/uploads\/sites\/2\/2021\/10\/danca-0-fueguitos-card1-1022x1024.jpg 1022w, https:\/\/www.jornalja.com.br\/cultura\/wp-content\/uploads\/sites\/2\/2021\/10\/danca-0-fueguitos-card1-150x150.jpg 150w, https:\/\/www.jornalja.com.br\/cultura\/wp-content\/uploads\/sites\/2\/2021\/10\/danca-0-fueguitos-card1-768x770.jpg 768w, https:\/\/www.jornalja.com.br\/cultura\/wp-content\/uploads\/sites\/2\/2021\/10\/danca-0-fueguitos-card1-1200x1200.jpg 1200w, https:\/\/www.jornalja.com.br\/cultura\/wp-content\/uploads\/sites\/2\/2021\/10\/danca-0-fueguitos-card1.jpg 1477w\" sizes=\"auto, (max-width: 300px) 100vw, 300px\" \/><\/p>\n<p>Fueguitos tem como pano de fundo o contexto de pandemia, a reflex\u00e3o sobre a esp\u00e9cie humana e a sua capacidade de reinven\u00e7\u00e3o, como o fogo que necessita de oxig\u00eanio para manter viva a sua chama. A experi\u00eancia da pandemia, apesar de todos os desafios enfrentados diariamente, trouxe novas possibilidades de escritas corporais e linhas po\u00e9ticas multifacetadas e inovadoras.<\/p>\n<div dir=\"ltr\">\n<figure id=\"attachment_84908\" aria-describedby=\"caption-attachment-84908\" style=\"width: 200px\" class=\"wp-caption alignnone\"><img loading=\"lazy\" decoding=\"async\" data-attachment-id=\"84908\" data-permalink=\"https:\/\/www.jornalja.com.br\/cultura\/espetaculo-fueguitos-une-principais-grupos-de-danca-flamenca-do-rio-grande-sul\/danca-ana-candida-cred-danielnunes\/\" data-orig-file=\"https:\/\/www.jornalja.com.br\/cultura\/wp-content\/uploads\/sites\/2\/2021\/10\/danca-ana-candida-cred-danielnunes-scaled.jpg\" data-orig-size=\"1707,2560\" data-comments-opened=\"1\" data-image-meta=\"{&quot;aperture&quot;:&quot;2.8&quot;,&quot;credit&quot;:&quot;&quot;,&quot;camera&quot;:&quot;Canon EOS 5D Mark II&quot;,&quot;caption&quot;:&quot;&quot;,&quot;created_timestamp&quot;:&quot;1518108961&quot;,&quot;copyright&quot;:&quot;&quot;,&quot;focal_length&quot;:&quot;150&quot;,&quot;iso&quot;:&quot;100&quot;,&quot;shutter_speed&quot;:&quot;0.003125&quot;,&quot;title&quot;:&quot;&quot;,&quot;orientation&quot;:&quot;1&quot;}\" data-image-title=\"DAN\u00c7A Ana Candida cred Danielnunes\" data-image-description=\"\" data-image-caption=\"&lt;p&gt;Ana Candida. Foto: Daniel Nunes\/ Divulga\u00e7\u00e3o&lt;\/p&gt;\n\" data-large-file=\"https:\/\/www.jornalja.com.br\/cultura\/wp-content\/uploads\/sites\/2\/2021\/10\/danca-ana-candida-cred-danielnunes-683x1024.jpg\" class=\"size-medium wp-image-84908\" src=\"https:\/\/www.jornalja.com.br\/cultura\/wp-content\/uploads\/sites\/2\/2021\/10\/danca-ana-candida-cred-danielnunes-200x300.jpg\" alt=\"\" width=\"200\" height=\"300\" srcset=\"https:\/\/www.jornalja.com.br\/cultura\/wp-content\/uploads\/sites\/2\/2021\/10\/danca-ana-candida-cred-danielnunes-200x300.jpg 200w, https:\/\/www.jornalja.com.br\/cultura\/wp-content\/uploads\/sites\/2\/2021\/10\/danca-ana-candida-cred-danielnunes-683x1024.jpg 683w, https:\/\/www.jornalja.com.br\/cultura\/wp-content\/uploads\/sites\/2\/2021\/10\/danca-ana-candida-cred-danielnunes-768x1152.jpg 768w, https:\/\/www.jornalja.com.br\/cultura\/wp-content\/uploads\/sites\/2\/2021\/10\/danca-ana-candida-cred-danielnunes-1024x1536.jpg 1024w, https:\/\/www.jornalja.com.br\/cultura\/wp-content\/uploads\/sites\/2\/2021\/10\/danca-ana-candida-cred-danielnunes-1366x2048.jpg 1366w, https:\/\/www.jornalja.com.br\/cultura\/wp-content\/uploads\/sites\/2\/2021\/10\/danca-ana-candida-cred-danielnunes-1200x1800.jpg 1200w, https:\/\/www.jornalja.com.br\/cultura\/wp-content\/uploads\/sites\/2\/2021\/10\/danca-ana-candida-cred-danielnunes-scaled.jpg 1707w\" sizes=\"auto, (max-width: 200px) 100vw, 200px\" \/><figcaption id=\"caption-attachment-84908\" class=\"wp-caption-text\">Ana Candida. Foto: Daniel Nunes\/ Divulga\u00e7\u00e3o<\/figcaption><\/figure>\n<\/div>\n<div dir=\"ltr\">A linha art\u00edstica condutora est\u00e1 baseada em dois poemas, &#8220;Un mar de fueguitos&#8221;, de Eduardo Galeano, e &#8220;Traduzir-se&#8221;, de Ferreira Gullar, por onde transitar\u00e3o as a\u00e7\u00f5es coreogr\u00e1ficas, as paisagens musicais e os ambientes visuais &#8211; em formato h\u00edbrido de apresenta\u00e7\u00e3o (palco e audiovisual) &#8211; numa cria\u00e7\u00e3o in\u00e9dita, inspirada na experi\u00eancia atual e nas trajet\u00f3rias de cada n\u00facleo flamenco.<\/div>\n<div>\n<figure id=\"attachment_84910\" aria-describedby=\"caption-attachment-84910\" style=\"width: 179px\" class=\"wp-caption alignnone\"><img loading=\"lazy\" decoding=\"async\" data-attachment-id=\"84910\" data-permalink=\"https:\/\/www.jornalja.com.br\/cultura\/espetaculo-fueguitos-une-principais-grupos-de-danca-flamenca-do-rio-grande-sul\/danca-andressa-zahara-cred-fabio-zambom\/\" data-orig-file=\"https:\/\/www.jornalja.com.br\/cultura\/wp-content\/uploads\/sites\/2\/2021\/10\/danca-andressa-zahara-cred-fabio-zambom.jpg\" data-orig-size=\"1005,1687\" data-comments-opened=\"1\" data-image-meta=\"{&quot;aperture&quot;:&quot;0&quot;,&quot;credit&quot;:&quot;F\\u00e1bio Zambom&quot;,&quot;camera&quot;:&quot;&quot;,&quot;caption&quot;:&quot;&quot;,&quot;created_timestamp&quot;:&quot;1545521114&quot;,&quot;copyright&quot;:&quot;Copyright \\u00a9 2018 F\\u00e1bio Zambom&quot;,&quot;focal_length&quot;:&quot;0&quot;,&quot;iso&quot;:&quot;0&quot;,&quot;shutter_speed&quot;:&quot;0&quot;,&quot;title&quot;:&quot;&quot;,&quot;orientation&quot;:&quot;1&quot;}\" data-image-title=\"DAN\u00c7A Andressa Zahara cr\u00e9d F\u00e1bio Zambom\" data-image-description=\"\" data-image-caption=\"&lt;p&gt; Andressa Zahara. Foto: F\u00e1bio Zambom\/ Divulga\u00e7\u00e3o&lt;\/p&gt;\n\" data-large-file=\"https:\/\/www.jornalja.com.br\/cultura\/wp-content\/uploads\/sites\/2\/2021\/10\/danca-andressa-zahara-cred-fabio-zambom-610x1024.jpg\" class=\"size-medium wp-image-84910\" src=\"https:\/\/www.jornalja.com.br\/cultura\/wp-content\/uploads\/sites\/2\/2021\/10\/danca-andressa-zahara-cred-fabio-zambom-179x300.jpg\" alt=\"\" width=\"179\" height=\"300\" srcset=\"https:\/\/www.jornalja.com.br\/cultura\/wp-content\/uploads\/sites\/2\/2021\/10\/danca-andressa-zahara-cred-fabio-zambom-179x300.jpg 179w, https:\/\/www.jornalja.com.br\/cultura\/wp-content\/uploads\/sites\/2\/2021\/10\/danca-andressa-zahara-cred-fabio-zambom-610x1024.jpg 610w, https:\/\/www.jornalja.com.br\/cultura\/wp-content\/uploads\/sites\/2\/2021\/10\/danca-andressa-zahara-cred-fabio-zambom-768x1289.jpg 768w, https:\/\/www.jornalja.com.br\/cultura\/wp-content\/uploads\/sites\/2\/2021\/10\/danca-andressa-zahara-cred-fabio-zambom-915x1536.jpg 915w, https:\/\/www.jornalja.com.br\/cultura\/wp-content\/uploads\/sites\/2\/2021\/10\/danca-andressa-zahara-cred-fabio-zambom.jpg 1005w\" sizes=\"auto, (max-width: 179px) 100vw, 179px\" \/><figcaption id=\"caption-attachment-84910\" class=\"wp-caption-text\">Andressa Zahara. Foto: F\u00e1bio Zambom\/ Divulga\u00e7\u00e3o<\/figcaption><\/figure>\n<\/div>\n<div dir=\"ltr\">Nesse hist\u00f3rico movimento, que marca n\u00e3o somente a for\u00e7a da coletividade, como tamb\u00e9m a retomada das atividades art\u00edsticas na cidade, n\u00facleos flamencos mais antigos do estado como o\u00a0Alumbra Espa\u00f1a, Tablado Andaluz, Silvia Canarim Companhia de dan\u00e7a, Cadica\u00a0e\u00a0Del Puerto, alinharam desejos e uma vontade imensa de voltar \u00e0 cena, com grupos mais recentemente formados, como a\u00a0Palo Santo, Graziela Silveira Companhia de dan\u00e7a\u00a0(Canoas),\u00a0Zahara, Serrana Del Sur\u00a0(Caxias do Sul),\u00a0Campana Flamenca\u00a0(Novo Hamburgo), e assim,\u00a0dias 08 e 09 de outubro, em formato h\u00edbrido, com\u00a0transmiss\u00e3o ao vivo\u00a0do Teatro do CHC Santa Casa e com presen\u00e7a de p\u00fablico nas depend\u00eancias do teatro da Santa Casa\u00a0&#8211;\u00a0 prometem juntos levar \u00e0 cena a emo\u00e7\u00e3o por estarem de volta aos palcos, assim como, o respeito e a paix\u00e3o pela arte flamenca, ess\u00eancia que os une e express\u00e3o cultural que encanta nos quatro cantos do planeta. A trilha sonora ser\u00e1 executada ao vivo pelos m\u00fasicos\u00a0Giovani Capeletti (Guitarra Flamenca),\u00a0Pedro Fern\u00e1ndez (Voz e Percuss\u00e3o) e\u00a0Leonardo Dias (Flauta transversal).<\/div>\n<div><\/div>\n<figure id=\"attachment_84911\" aria-describedby=\"caption-attachment-84911\" style=\"width: 200px\" class=\"wp-caption alignnone\"><img loading=\"lazy\" decoding=\"async\" data-attachment-id=\"84911\" data-permalink=\"https:\/\/www.jornalja.com.br\/cultura\/espetaculo-fueguitos-une-principais-grupos-de-danca-flamenca-do-rio-grande-sul\/danca-carmen-pretto-cred-claudio-etges\/\" data-orig-file=\"https:\/\/www.jornalja.com.br\/cultura\/wp-content\/uploads\/sites\/2\/2021\/10\/danca-carmen-pretto-cred-claudio-etges-scaled.jpg\" data-orig-size=\"1709,2560\" data-comments-opened=\"1\" data-image-meta=\"{&quot;aperture&quot;:&quot;3.5&quot;,&quot;credit&quot;:&quot;&quot;,&quot;camera&quot;:&quot;NIKON D800&quot;,&quot;caption&quot;:&quot;&quot;,&quot;created_timestamp&quot;:&quot;1374270359&quot;,&quot;copyright&quot;:&quot;&quot;,&quot;focal_length&quot;:&quot;70&quot;,&quot;iso&quot;:&quot;3200&quot;,&quot;shutter_speed&quot;:&quot;0.00625&quot;,&quot;title&quot;:&quot;&quot;,&quot;orientation&quot;:&quot;1&quot;}\" data-image-title=\"DAN\u00c7A Carmen Pretto cred Claudio Etges\" data-image-description=\"\" data-image-caption=\"&lt;p&gt;Carmen Pretto. Foto: Claudio Etges\/ Divulga\u00e7\u00e3o&lt;\/p&gt;\n\" data-large-file=\"https:\/\/www.jornalja.com.br\/cultura\/wp-content\/uploads\/sites\/2\/2021\/10\/danca-carmen-pretto-cred-claudio-etges-683x1024.jpg\" class=\"size-medium wp-image-84911\" src=\"https:\/\/www.jornalja.com.br\/cultura\/wp-content\/uploads\/sites\/2\/2021\/10\/danca-carmen-pretto-cred-claudio-etges-200x300.jpg\" alt=\"\" width=\"200\" height=\"300\" srcset=\"https:\/\/www.jornalja.com.br\/cultura\/wp-content\/uploads\/sites\/2\/2021\/10\/danca-carmen-pretto-cred-claudio-etges-200x300.jpg 200w, https:\/\/www.jornalja.com.br\/cultura\/wp-content\/uploads\/sites\/2\/2021\/10\/danca-carmen-pretto-cred-claudio-etges-683x1024.jpg 683w, https:\/\/www.jornalja.com.br\/cultura\/wp-content\/uploads\/sites\/2\/2021\/10\/danca-carmen-pretto-cred-claudio-etges-768x1151.jpg 768w, https:\/\/www.jornalja.com.br\/cultura\/wp-content\/uploads\/sites\/2\/2021\/10\/danca-carmen-pretto-cred-claudio-etges-1025x1536.jpg 1025w, https:\/\/www.jornalja.com.br\/cultura\/wp-content\/uploads\/sites\/2\/2021\/10\/danca-carmen-pretto-cred-claudio-etges-1367x2048.jpg 1367w, https:\/\/www.jornalja.com.br\/cultura\/wp-content\/uploads\/sites\/2\/2021\/10\/danca-carmen-pretto-cred-claudio-etges-1200x1798.jpg 1200w, https:\/\/www.jornalja.com.br\/cultura\/wp-content\/uploads\/sites\/2\/2021\/10\/danca-carmen-pretto-cred-claudio-etges-scaled.jpg 1709w\" sizes=\"auto, (max-width: 200px) 100vw, 200px\" \/><figcaption id=\"caption-attachment-84911\" class=\"wp-caption-text\">Carmen Pretto. Foto: Claudio Etges\/ Divulga\u00e7\u00e3o<\/figcaption><\/figure>\n<p>Os ingressos est\u00e3o \u00e0 venda na plataforma Sympla, nas modalidades presencial e online, que possibilitar\u00e1 o acesso de amantes do flamenco de todas as regi\u00f5es do Brasil e, qui\u00e7\u00e1, do mundo. Maiores informa\u00e7\u00f5es no Instagram\u00a0<a href=\"http:\/\/flamenco.rs\/\" target=\"_blank\" rel=\"noopener\" data-saferedirecturl=\"https:\/\/www.google.com\/url?q=http:\/\/flamenco.rs&amp;source=gmail&amp;ust=1633617472816000&amp;usg=AFQjCNGmgPwbqCOjsK2IG3Si493mUtTtaQ\">flamenco.rs<\/a><\/p>\n<p>Coletivo Flamenco.RS apresenta o espet\u00e1culo FUEGUITOS<\/p>\n<p>Dias 08 e 09 de outubro, \u00e0s 20h, em formato h\u00edbrido &#8211; presencial e online.<\/p>\n<p>Teatro do CHC Santa Casa &#8211;\u00a0Av. Independ\u00eancia, 75 &#8211; Independ\u00eancia,\u00a0Porto Alegre, RS<\/p>\n<figure id=\"attachment_84912\" aria-describedby=\"caption-attachment-84912\" style=\"width: 200px\" class=\"wp-caption alignnone\"><img loading=\"lazy\" decoding=\"async\" data-attachment-id=\"84912\" data-permalink=\"https:\/\/www.jornalja.com.br\/cultura\/espetaculo-fueguitos-une-principais-grupos-de-danca-flamenca-do-rio-grande-sul\/danca-daniele-zill-cred-clara-assenato\/\" data-orig-file=\"https:\/\/www.jornalja.com.br\/cultura\/wp-content\/uploads\/sites\/2\/2021\/10\/danca-daniele-zill-cred-clara-assenato-scaled.jpg\" data-orig-size=\"1709,2560\" data-comments-opened=\"1\" data-image-meta=\"{&quot;aperture&quot;:&quot;3.5&quot;,&quot;credit&quot;:&quot;Claudio Etges&quot;,&quot;camera&quot;:&quot;NIKON D810&quot;,&quot;caption&quot;:&quot;&quot;,&quot;created_timestamp&quot;:&quot;1513282157&quot;,&quot;copyright&quot;:&quot;foto@claudioetges.com.br&quot;,&quot;focal_length&quot;:&quot;40&quot;,&quot;iso&quot;:&quot;5000&quot;,&quot;shutter_speed&quot;:&quot;0.004&quot;,&quot;title&quot;:&quot;&quot;,&quot;orientation&quot;:&quot;1&quot;}\" data-image-title=\"DAN\u00c7A Daniele Zill cred Clara Assenato\" data-image-description=\"\" data-image-caption=\"&lt;p&gt;Daniele Zill. Foto: Clara Assenato\/ Divulga\u00e7\u00e3o&lt;\/p&gt;\n\" data-large-file=\"https:\/\/www.jornalja.com.br\/cultura\/wp-content\/uploads\/sites\/2\/2021\/10\/danca-daniele-zill-cred-clara-assenato-683x1024.jpg\" class=\"size-medium wp-image-84912\" src=\"https:\/\/www.jornalja.com.br\/cultura\/wp-content\/uploads\/sites\/2\/2021\/10\/danca-daniele-zill-cred-clara-assenato-200x300.jpg\" alt=\"\" width=\"200\" height=\"300\" srcset=\"https:\/\/www.jornalja.com.br\/cultura\/wp-content\/uploads\/sites\/2\/2021\/10\/danca-daniele-zill-cred-clara-assenato-200x300.jpg 200w, https:\/\/www.jornalja.com.br\/cultura\/wp-content\/uploads\/sites\/2\/2021\/10\/danca-daniele-zill-cred-clara-assenato-683x1024.jpg 683w, https:\/\/www.jornalja.com.br\/cultura\/wp-content\/uploads\/sites\/2\/2021\/10\/danca-daniele-zill-cred-clara-assenato-768x1151.jpg 768w, https:\/\/www.jornalja.com.br\/cultura\/wp-content\/uploads\/sites\/2\/2021\/10\/danca-daniele-zill-cred-clara-assenato-1025x1536.jpg 1025w, https:\/\/www.jornalja.com.br\/cultura\/wp-content\/uploads\/sites\/2\/2021\/10\/danca-daniele-zill-cred-clara-assenato-1367x2048.jpg 1367w, https:\/\/www.jornalja.com.br\/cultura\/wp-content\/uploads\/sites\/2\/2021\/10\/danca-daniele-zill-cred-clara-assenato-1200x1798.jpg 1200w, https:\/\/www.jornalja.com.br\/cultura\/wp-content\/uploads\/sites\/2\/2021\/10\/danca-daniele-zill-cred-clara-assenato-scaled.jpg 1709w\" sizes=\"auto, (max-width: 200px) 100vw, 200px\" \/><figcaption id=\"caption-attachment-84912\" class=\"wp-caption-text\">Daniele Zill. Foto: Clara Assenato\/ Divulga\u00e7\u00e3o<\/figcaption><\/figure>\n<p>Ingresso PRESENCIAL (lugares limitados): R$ 50 e R$25 (meia-entrada) na plataforma Sympla:<\/p>\n<p>DIA 08\/10 &#8211; 20H &gt;&gt;\u00a0<a href=\"https:\/\/bit.ly\/PresencialSextaFUEGUITOS\" target=\"_blank\" rel=\"noopener\" data-saferedirecturl=\"https:\/\/www.google.com\/url?q=https:\/\/bit.ly\/PresencialSextaFUEGUITOS&amp;source=gmail&amp;ust=1633617472816000&amp;usg=AFQjCNGj3sOAwUUzi4uIymmdni1DEw93yA\">https:\/\/bit.ly\/PresencialSextaFUEGUITOS<\/a><\/p>\n<p>DIA 09\/10 &#8211; 20H &gt;&gt;\u00a0<a href=\"https:\/\/bit.ly\/PresencialSabadoFUEGUITOS\" target=\"_blank\" rel=\"noopener\" data-saferedirecturl=\"https:\/\/www.google.com\/url?q=https:\/\/bit.ly\/PresencialSabadoFUEGUITOS&amp;source=gmail&amp;ust=1633617472816000&amp;usg=AFQjCNGbIYKBrLl_OV1hcD894T0ZG2AcfQ\">https:\/\/bit.ly\/PresencialSabadoFUEGUITOS<\/a><\/p>\n<figure id=\"attachment_84913\" aria-describedby=\"caption-attachment-84913\" style=\"width: 200px\" class=\"wp-caption alignnone\"><img loading=\"lazy\" decoding=\"async\" data-attachment-id=\"84913\" data-permalink=\"https:\/\/www.jornalja.com.br\/cultura\/espetaculo-fueguitos-une-principais-grupos-de-danca-flamenca-do-rio-grande-sul\/danca-emily-borghetti-credito-foto-fabio-zambom\/\" data-orig-file=\"https:\/\/www.jornalja.com.br\/cultura\/wp-content\/uploads\/sites\/2\/2021\/10\/danca-emily-borghetti-credito-foto-fabio-zambom.jpg\" data-orig-size=\"1080,1620\" data-comments-opened=\"1\" data-image-meta=\"{&quot;aperture&quot;:&quot;0&quot;,&quot;credit&quot;:&quot;F\\u00e1bio Zambom&quot;,&quot;camera&quot;:&quot;&quot;,&quot;caption&quot;:&quot;&quot;,&quot;created_timestamp&quot;:&quot;0&quot;,&quot;copyright&quot;:&quot;Copyright \\u00a9 2018 F\\u00e1bio Zambom&quot;,&quot;focal_length&quot;:&quot;0&quot;,&quot;iso&quot;:&quot;0&quot;,&quot;shutter_speed&quot;:&quot;0&quot;,&quot;title&quot;:&quot;&quot;,&quot;orientation&quot;:&quot;0&quot;}\" data-image-title=\"DAN\u00c7A Emily Borghetti cr\u00e9dito foto F\u00e1bio Zambom\" data-image-description=\"\" data-image-caption=\"&lt;p&gt; Emily Borghetti. Foto: F\u00e1bio Zambom\/ Divulga\u00e7\u00e3o&lt;\/p&gt;\n\" data-large-file=\"https:\/\/www.jornalja.com.br\/cultura\/wp-content\/uploads\/sites\/2\/2021\/10\/danca-emily-borghetti-credito-foto-fabio-zambom-683x1024.jpg\" class=\"size-medium wp-image-84913\" src=\"https:\/\/www.jornalja.com.br\/cultura\/wp-content\/uploads\/sites\/2\/2021\/10\/danca-emily-borghetti-credito-foto-fabio-zambom-200x300.jpg\" alt=\"\" width=\"200\" height=\"300\" srcset=\"https:\/\/www.jornalja.com.br\/cultura\/wp-content\/uploads\/sites\/2\/2021\/10\/danca-emily-borghetti-credito-foto-fabio-zambom-200x300.jpg 200w, https:\/\/www.jornalja.com.br\/cultura\/wp-content\/uploads\/sites\/2\/2021\/10\/danca-emily-borghetti-credito-foto-fabio-zambom-683x1024.jpg 683w, https:\/\/www.jornalja.com.br\/cultura\/wp-content\/uploads\/sites\/2\/2021\/10\/danca-emily-borghetti-credito-foto-fabio-zambom-768x1152.jpg 768w, https:\/\/www.jornalja.com.br\/cultura\/wp-content\/uploads\/sites\/2\/2021\/10\/danca-emily-borghetti-credito-foto-fabio-zambom-1024x1536.jpg 1024w, https:\/\/www.jornalja.com.br\/cultura\/wp-content\/uploads\/sites\/2\/2021\/10\/danca-emily-borghetti-credito-foto-fabio-zambom.jpg 1080w\" sizes=\"auto, (max-width: 200px) 100vw, 200px\" \/><figcaption id=\"caption-attachment-84913\" class=\"wp-caption-text\">Emily Borghetti. Foto: F\u00e1bio Zambom\/ Divulga\u00e7\u00e3o<\/figcaption><\/figure>\n<p>Ingressos ONLINE:\u00a0R$10 e R$50 na plataforma Sympla<\/p>\n<p>DIA 08\/10 AO VIVO &#8211; 20H &gt;&gt;\u00a0<a href=\"https:\/\/bit.ly\/OnlineSextaFUEGUITOS\" target=\"_blank\" rel=\"noopener\" data-saferedirecturl=\"https:\/\/www.google.com\/url?q=https:\/\/bit.ly\/OnlineSextaFUEGUITOS&amp;source=gmail&amp;ust=1633617472816000&amp;usg=AFQjCNGMf9jm8w-cDhCG9az96RyekMAP_w\">https:\/\/bit.ly\/OnlineSextaFUEGUITOS<\/a><\/p>\n<div><\/div>\n<div>DIA 09\/10\u00a0 AO VIVO &#8211; 20H &gt;&gt;\u00a0<a href=\"https:\/\/bit.ly\/OnlineSabadoFUEGUITOS\" target=\"_blank\" rel=\"nofollow noopener\" data-saferedirecturl=\"https:\/\/www.google.com\/url?q=https:\/\/bit.ly\/OnlineSabadoFUEGUITOS&amp;source=gmail&amp;ust=1633617472816000&amp;usg=AFQjCNFp6wwVUmMNzebRjJGKh1k__86VPA\">https:\/\/bit.ly\/OnlineSabadoFUEGUITOS<\/a><\/div>\n<\/div>\n<div>.<\/div>\n<div dir=\"ltr\">\n<p><b>Ficha t\u00e9cnica<\/b><\/p>\n<p><b>Cria\u00e7\u00e3o:<\/b>\u00a0Coletivo Flamenco RS<\/p>\n<p><b>Dire\u00e7\u00e3o art\u00edstica:<\/b><\/p>\n<p>Ana Paula Bitencourt<\/p>\n<p>Andr\u00e9a Franco<\/p>\n<p>Giovani Capeletti<\/p>\n<p>Graziela Silveira<\/p>\n<p>Julina Prestes<\/p>\n<p>Robinson Gambarra<\/p>\n<figure id=\"attachment_84915\" aria-describedby=\"caption-attachment-84915\" style=\"width: 300px\" class=\"wp-caption alignnone\"><img loading=\"lazy\" decoding=\"async\" data-attachment-id=\"84915\" data-permalink=\"https:\/\/www.jornalja.com.br\/cultura\/espetaculo-fueguitos-une-principais-grupos-de-danca-flamenca-do-rio-grande-sul\/danca-graziela-silveira-cred-adriana-marcchiori\/\" data-orig-file=\"https:\/\/www.jornalja.com.br\/cultura\/wp-content\/uploads\/sites\/2\/2021\/10\/danca-graziela-silveira-cred-adriana-marcchiori-scaled.jpg\" data-orig-size=\"2560,1707\" data-comments-opened=\"1\" data-image-meta=\"{&quot;aperture&quot;:&quot;0&quot;,&quot;credit&quot;:&quot;&quot;,&quot;camera&quot;:&quot;&quot;,&quot;caption&quot;:&quot;&quot;,&quot;created_timestamp&quot;:&quot;0&quot;,&quot;copyright&quot;:&quot;&quot;,&quot;focal_length&quot;:&quot;0&quot;,&quot;iso&quot;:&quot;0&quot;,&quot;shutter_speed&quot;:&quot;0&quot;,&quot;title&quot;:&quot;&quot;,&quot;orientation&quot;:&quot;0&quot;}\" data-image-title=\"DAN\u00c7A Graziela Silveira cred Adriana Marcchiori\" data-image-description=\"\" data-image-caption=\"&lt;p&gt;Graziela Silveira. Foto: Adriana Marcchiori\/ Divulga\u00e7\u00e3o&lt;\/p&gt;\n\" data-large-file=\"https:\/\/www.jornalja.com.br\/cultura\/wp-content\/uploads\/sites\/2\/2021\/10\/danca-graziela-silveira-cred-adriana-marcchiori-1024x683.jpg\" class=\"size-medium wp-image-84915\" src=\"https:\/\/www.jornalja.com.br\/cultura\/wp-content\/uploads\/sites\/2\/2021\/10\/danca-graziela-silveira-cred-adriana-marcchiori-300x200.jpg\" alt=\"\" width=\"300\" height=\"200\" srcset=\"https:\/\/www.jornalja.com.br\/cultura\/wp-content\/uploads\/sites\/2\/2021\/10\/danca-graziela-silveira-cred-adriana-marcchiori-300x200.jpg 300w, https:\/\/www.jornalja.com.br\/cultura\/wp-content\/uploads\/sites\/2\/2021\/10\/danca-graziela-silveira-cred-adriana-marcchiori-1024x683.jpg 1024w, https:\/\/www.jornalja.com.br\/cultura\/wp-content\/uploads\/sites\/2\/2021\/10\/danca-graziela-silveira-cred-adriana-marcchiori-768x512.jpg 768w, https:\/\/www.jornalja.com.br\/cultura\/wp-content\/uploads\/sites\/2\/2021\/10\/danca-graziela-silveira-cred-adriana-marcchiori-1536x1024.jpg 1536w, https:\/\/www.jornalja.com.br\/cultura\/wp-content\/uploads\/sites\/2\/2021\/10\/danca-graziela-silveira-cred-adriana-marcchiori-2048x1365.jpg 2048w, https:\/\/www.jornalja.com.br\/cultura\/wp-content\/uploads\/sites\/2\/2021\/10\/danca-graziela-silveira-cred-adriana-marcchiori-1200x800.jpg 1200w\" sizes=\"auto, (max-width: 300px) 100vw, 300px\" \/><figcaption id=\"caption-attachment-84915\" class=\"wp-caption-text\">Graziela Silveira. Foto: Adriana Marcchiori\/ Divulga\u00e7\u00e3o<\/figcaption><\/figure>\n<p><b>Elenco\/interpretes:<\/b><\/p>\n<p>Ana Bittencourt (Alumbra Espa\u00f1a)<\/p>\n<p>Ana C\u00e2ndida (Campana Flamenca)<\/p>\n<p>Andr\u00e9a Franco (Tablado Andaluz)<\/p>\n<p>Andressa Porto (Zahara)<\/p>\n<p>Anita (Cadica)<\/p>\n<p>Carmen Pretto (Alumbra Espa\u00f1a)<\/p>\n<p>Daniele Zill (Del Puerto)<\/p>\n<p>Denise Ribeiro (Cadica)<\/p>\n<p>Emily Borguetti (Cadica)<\/p>\n<p>Giovanna Alvarenga (Alumbra Espa\u00f1a e Zahara)<\/p>\n<p>Gisele Sousa (Zahara)<\/p>\n<p>Graziela Silveira (Graziela SIlveira Cia de Dan\u00e7a Flamenca)<\/p>\n<p>Helo\u00edsa Polese Machado (Zahara)<\/p>\n<p>Iessa Medeiros (Alumbra Espa\u00f1a)<\/p>\n<p>Juliana Prestes (Del Puerto)<\/p>\n<p>Karime Domit ( La Serrana Caxias)<\/p>\n<p>Karine Silva (La Serrana Caxias)<\/p>\n<p>Lali Garrido (Zahara)<\/p>\n<p>Lucimara Lopes (Alumbra Espa\u00f1a)<\/p>\n<p>Marcela Gonzaga Schramm (Tablado)<\/p>\n<p>Marilene Porawski (Zahara)<\/p>\n<p>Nina Borguetti (Cadica)<\/p>\n<p>Robinson Gambarra (Palo Santo)<\/p>\n<p>Silvia Canarim (Silvia Canarim Cia de dan\u00e7a)<\/p>\n<p>Simone Rosales (Alumbra Espa\u00f1a)<\/p>\n<p>Uilian Maciel (Serrana Caxias)<\/p>\n<p>Uyara Camargo (Serrana Caxias)<\/p>\n<p>Val\u00e9ria Alves Lindermann (Tablado)<\/p>\n<figure id=\"attachment_84914\" aria-describedby=\"caption-attachment-84914\" style=\"width: 300px\" class=\"wp-caption alignnone\"><img loading=\"lazy\" decoding=\"async\" data-attachment-id=\"84914\" data-permalink=\"https:\/\/www.jornalja.com.br\/cultura\/espetaculo-fueguitos-une-principais-grupos-de-danca-flamenca-do-rio-grande-sul\/danca-giovani-capeletti-cred-carlos-sillero\/\" data-orig-file=\"https:\/\/www.jornalja.com.br\/cultura\/wp-content\/uploads\/sites\/2\/2021\/10\/danca-giovani-capeletti-cred-carlos-sillero-scaled.jpg\" data-orig-size=\"2560,1707\" data-comments-opened=\"1\" data-image-meta=\"{&quot;aperture&quot;:&quot;2.8&quot;,&quot;credit&quot;:&quot;Photographer: Carlos Sillero&quot;,&quot;camera&quot;:&quot;Canon EOS 5D Mark II&quot;,&quot;caption&quot;:&quot;&quot;,&quot;created_timestamp&quot;:&quot;1332415445&quot;,&quot;copyright&quot;:&quot;Copyright: Carlos Sillero&quot;,&quot;focal_length&quot;:&quot;103&quot;,&quot;iso&quot;:&quot;50&quot;,&quot;shutter_speed&quot;:&quot;0.008&quot;,&quot;title&quot;:&quot;&quot;,&quot;orientation&quot;:&quot;1&quot;}\" data-image-title=\"DAN\u00c7A Giovani Capeletti cred Carlos Sillero\" data-image-description=\"\" data-image-caption=\"&lt;p&gt;Giovani Capeletti. Foto: Carlos Sillero\/ Divulga\u00e7\u00e3o&lt;\/p&gt;\n\" data-large-file=\"https:\/\/www.jornalja.com.br\/cultura\/wp-content\/uploads\/sites\/2\/2021\/10\/danca-giovani-capeletti-cred-carlos-sillero-1024x683.jpg\" class=\"size-medium wp-image-84914\" src=\"https:\/\/www.jornalja.com.br\/cultura\/wp-content\/uploads\/sites\/2\/2021\/10\/danca-giovani-capeletti-cred-carlos-sillero-300x200.jpg\" alt=\"\" width=\"300\" height=\"200\" srcset=\"https:\/\/www.jornalja.com.br\/cultura\/wp-content\/uploads\/sites\/2\/2021\/10\/danca-giovani-capeletti-cred-carlos-sillero-300x200.jpg 300w, https:\/\/www.jornalja.com.br\/cultura\/wp-content\/uploads\/sites\/2\/2021\/10\/danca-giovani-capeletti-cred-carlos-sillero-1024x683.jpg 1024w, https:\/\/www.jornalja.com.br\/cultura\/wp-content\/uploads\/sites\/2\/2021\/10\/danca-giovani-capeletti-cred-carlos-sillero-768x512.jpg 768w, https:\/\/www.jornalja.com.br\/cultura\/wp-content\/uploads\/sites\/2\/2021\/10\/danca-giovani-capeletti-cred-carlos-sillero-1536x1024.jpg 1536w, https:\/\/www.jornalja.com.br\/cultura\/wp-content\/uploads\/sites\/2\/2021\/10\/danca-giovani-capeletti-cred-carlos-sillero-2048x1365.jpg 2048w, https:\/\/www.jornalja.com.br\/cultura\/wp-content\/uploads\/sites\/2\/2021\/10\/danca-giovani-capeletti-cred-carlos-sillero-1200x800.jpg 1200w\" sizes=\"auto, (max-width: 300px) 100vw, 300px\" \/><figcaption id=\"caption-attachment-84914\" class=\"wp-caption-text\">Giovani Capeletti. Foto: Carlos Sillero\/ Divulga\u00e7\u00e3o<\/figcaption><\/figure>\n<p><b>Trilha Sonora:<\/b><\/p>\n<p>Giovani Capeletti: Guitarra Flamenca<\/p>\n<p>Pedro Fern\u00e1ndez: Voz e Percuss\u00e3o<\/p>\n<p>Leonardo Dias: Flauta transversal<\/p>\n<figure id=\"attachment_84916\" aria-describedby=\"caption-attachment-84916\" style=\"width: 200px\" class=\"wp-caption alignnone\"><img loading=\"lazy\" decoding=\"async\" data-attachment-id=\"84916\" data-permalink=\"https:\/\/www.jornalja.com.br\/cultura\/espetaculo-fueguitos-une-principais-grupos-de-danca-flamenca-do-rio-grande-sul\/danca-juliana-prestes-cred-claudio-etges\/\" data-orig-file=\"https:\/\/www.jornalja.com.br\/cultura\/wp-content\/uploads\/sites\/2\/2021\/10\/danca-juliana-prestes-cred-claudio-etges-scaled.jpg\" data-orig-size=\"1710,2560\" data-comments-opened=\"1\" data-image-meta=\"{&quot;aperture&quot;:&quot;3.5&quot;,&quot;credit&quot;:&quot;Claudio Etges&quot;,&quot;camera&quot;:&quot;NIKON D810&quot;,&quot;caption&quot;:&quot;&quot;,&quot;created_timestamp&quot;:&quot;1513283077&quot;,&quot;copyright&quot;:&quot;foto@claudioetges.com.br&quot;,&quot;focal_length&quot;:&quot;120&quot;,&quot;iso&quot;:&quot;2500&quot;,&quot;shutter_speed&quot;:&quot;0.004&quot;,&quot;title&quot;:&quot;&quot;,&quot;orientation&quot;:&quot;1&quot;}\" data-image-title=\"DAN\u00c7A Juliana Prestes cr\u00e9d Claudio Etges\" data-image-description=\"\" data-image-caption=\"&lt;p&gt;Juliana Prestes. Claudio Etges\/ Divulga\u00e7\u00e3o&lt;\/p&gt;\n\" data-large-file=\"https:\/\/www.jornalja.com.br\/cultura\/wp-content\/uploads\/sites\/2\/2021\/10\/danca-juliana-prestes-cred-claudio-etges-684x1024.jpg\" class=\"size-medium wp-image-84916\" src=\"https:\/\/www.jornalja.com.br\/cultura\/wp-content\/uploads\/sites\/2\/2021\/10\/danca-juliana-prestes-cred-claudio-etges-200x300.jpg\" alt=\"\" width=\"200\" height=\"300\" srcset=\"https:\/\/www.jornalja.com.br\/cultura\/wp-content\/uploads\/sites\/2\/2021\/10\/danca-juliana-prestes-cred-claudio-etges-200x300.jpg 200w, https:\/\/www.jornalja.com.br\/cultura\/wp-content\/uploads\/sites\/2\/2021\/10\/danca-juliana-prestes-cred-claudio-etges-684x1024.jpg 684w, https:\/\/www.jornalja.com.br\/cultura\/wp-content\/uploads\/sites\/2\/2021\/10\/danca-juliana-prestes-cred-claudio-etges-768x1149.jpg 768w, https:\/\/www.jornalja.com.br\/cultura\/wp-content\/uploads\/sites\/2\/2021\/10\/danca-juliana-prestes-cred-claudio-etges-1026x1536.jpg 1026w, https:\/\/www.jornalja.com.br\/cultura\/wp-content\/uploads\/sites\/2\/2021\/10\/danca-juliana-prestes-cred-claudio-etges-1368x2048.jpg 1368w, https:\/\/www.jornalja.com.br\/cultura\/wp-content\/uploads\/sites\/2\/2021\/10\/danca-juliana-prestes-cred-claudio-etges-1200x1796.jpg 1200w, https:\/\/www.jornalja.com.br\/cultura\/wp-content\/uploads\/sites\/2\/2021\/10\/danca-juliana-prestes-cred-claudio-etges-scaled.jpg 1710w\" sizes=\"auto, (max-width: 200px) 100vw, 200px\" \/><figcaption id=\"caption-attachment-84916\" class=\"wp-caption-text\">Juliana Prestes. Claudio Etges\/ Divulga\u00e7\u00e3o<\/figcaption><\/figure>\n<p><b>Coreografia:<\/b><\/p>\n<p>Juliana Prestes (abertura) e Coletivo Flamenco RS<\/p>\n<p><b>Arte visual:\u00a0<\/b>Emily Borghetti<\/p>\n<p><b>Figurinos, adere\u00e7os e cen\u00e1rio:<\/b><\/p>\n<p>Coletivo Flamenco RS<\/p>\n<p>&nbsp;<\/p>\n<p><b>Projeto de luz e opera\u00e7\u00e3o<\/b>: Leandro Gass (DRT 016325)<\/p>\n<p><b>Opera\u00e7\u00e3o de som:<\/b>\u00a0Bruno Jos\u00e9 Klein Jr (DRT 894)<\/p>\n<p><b>Grava\u00e7\u00e3o e mixagem de \u00e1udio:\u00a0<\/b>Rafael Siqueira<\/p>\n<p><b>Filmagem e edi\u00e7\u00e3o de v\u00eddeo:<\/b><\/p>\n<p><span lang=\"EN-US\">Alen Roos \/ Black Fox V\u00eddeo Produtora<\/span><\/p>\n<figure id=\"attachment_84917\" aria-describedby=\"caption-attachment-84917\" style=\"width: 300px\" class=\"wp-caption alignnone\"><img loading=\"lazy\" decoding=\"async\" data-attachment-id=\"84917\" data-permalink=\"https:\/\/www.jornalja.com.br\/cultura\/espetaculo-fueguitos-une-principais-grupos-de-danca-flamenca-do-rio-grande-sul\/danca-karime-domit-cred-solangeavelino\/\" data-orig-file=\"https:\/\/www.jornalja.com.br\/cultura\/wp-content\/uploads\/sites\/2\/2021\/10\/danca-karime-domit-cred-solangeavelino.jpg\" data-orig-size=\"1280,853\" data-comments-opened=\"1\" data-image-meta=\"{&quot;aperture&quot;:&quot;0&quot;,&quot;credit&quot;:&quot;&quot;,&quot;camera&quot;:&quot;&quot;,&quot;caption&quot;:&quot;&quot;,&quot;created_timestamp&quot;:&quot;0&quot;,&quot;copyright&quot;:&quot;&quot;,&quot;focal_length&quot;:&quot;0&quot;,&quot;iso&quot;:&quot;0&quot;,&quot;shutter_speed&quot;:&quot;0&quot;,&quot;title&quot;:&quot;&quot;,&quot;orientation&quot;:&quot;0&quot;}\" data-image-title=\"DAN\u00c7A Karime Domit cred SolangeAvelino\" data-image-description=\"\" data-image-caption=\"&lt;p&gt; Karime Domit. Foto: Solange Avelino\/ Divulga\u00e7\u00e3o&lt;\/p&gt;\n\" data-large-file=\"https:\/\/www.jornalja.com.br\/cultura\/wp-content\/uploads\/sites\/2\/2021\/10\/danca-karime-domit-cred-solangeavelino-1024x682.jpg\" class=\"size-medium wp-image-84917\" src=\"https:\/\/www.jornalja.com.br\/cultura\/wp-content\/uploads\/sites\/2\/2021\/10\/danca-karime-domit-cred-solangeavelino-300x200.jpg\" alt=\"\" width=\"300\" height=\"200\" srcset=\"https:\/\/www.jornalja.com.br\/cultura\/wp-content\/uploads\/sites\/2\/2021\/10\/danca-karime-domit-cred-solangeavelino-300x200.jpg 300w, https:\/\/www.jornalja.com.br\/cultura\/wp-content\/uploads\/sites\/2\/2021\/10\/danca-karime-domit-cred-solangeavelino-1024x682.jpg 1024w, https:\/\/www.jornalja.com.br\/cultura\/wp-content\/uploads\/sites\/2\/2021\/10\/danca-karime-domit-cred-solangeavelino-768x512.jpg 768w, https:\/\/www.jornalja.com.br\/cultura\/wp-content\/uploads\/sites\/2\/2021\/10\/danca-karime-domit-cred-solangeavelino-1200x800.jpg 1200w, https:\/\/www.jornalja.com.br\/cultura\/wp-content\/uploads\/sites\/2\/2021\/10\/danca-karime-domit-cred-solangeavelino.jpg 1280w\" sizes=\"auto, (max-width: 300px) 100vw, 300px\" \/><figcaption id=\"caption-attachment-84917\" class=\"wp-caption-text\">Karime Domit. Foto: Solange Avelino\/ Divulga\u00e7\u00e3o<\/figcaption><\/figure>\n<p><b>Produ\u00e7\u00e3o executiva:<\/b><\/p>\n<p>Andr\u00e9a Franco<\/p>\n<p>Carmen Pretto<\/p>\n<p>Daniele Zill<\/p>\n<p>Giovanna Alvarenga<\/p>\n<p><b>Assist\u00eancia de produ\u00e7\u00e3o<\/b>: Denis Gosch<\/p>\n<div><b>Dire\u00e7\u00e3o de Produ\u00e7\u00e3o:<\/b> Daniele Zill<\/div>\n<div><\/div>\n<div><img loading=\"lazy\" decoding=\"async\" data-attachment-id=\"84907\" data-permalink=\"https:\/\/www.jornalja.com.br\/cultura\/espetaculo-fueguitos-une-principais-grupos-de-danca-flamenca-do-rio-grande-sul\/danca-0-fueguitos-card6\/\" data-orig-file=\"https:\/\/www.jornalja.com.br\/cultura\/wp-content\/uploads\/sites\/2\/2021\/10\/danca-0-fueguitos-card6.jpg\" data-orig-size=\"1477,1480\" data-comments-opened=\"1\" data-image-meta=\"{&quot;aperture&quot;:&quot;0&quot;,&quot;credit&quot;:&quot;emily borghetti&quot;,&quot;camera&quot;:&quot;&quot;,&quot;caption&quot;:&quot;&quot;,&quot;created_timestamp&quot;:&quot;1623592474&quot;,&quot;copyright&quot;:&quot;&quot;,&quot;focal_length&quot;:&quot;0&quot;,&quot;iso&quot;:&quot;0&quot;,&quot;shutter_speed&quot;:&quot;0&quot;,&quot;title&quot;:&quot;&quot;,&quot;orientation&quot;:&quot;1&quot;}\" data-image-title=\"DAN\u00c7A 0 Fueguitos CARD6\" data-image-description=\"\" data-image-caption=\"\" data-large-file=\"https:\/\/www.jornalja.com.br\/cultura\/wp-content\/uploads\/sites\/2\/2021\/10\/danca-0-fueguitos-card6-1022x1024.jpg\" class=\"alignnone size-medium wp-image-84907\" src=\"https:\/\/www.jornalja.com.br\/cultura\/wp-content\/uploads\/sites\/2\/2021\/10\/danca-0-fueguitos-card6-300x300.jpg\" alt=\"\" width=\"300\" height=\"300\" srcset=\"https:\/\/www.jornalja.com.br\/cultura\/wp-content\/uploads\/sites\/2\/2021\/10\/danca-0-fueguitos-card6-300x300.jpg 300w, https:\/\/www.jornalja.com.br\/cultura\/wp-content\/uploads\/sites\/2\/2021\/10\/danca-0-fueguitos-card6-1022x1024.jpg 1022w, https:\/\/www.jornalja.com.br\/cultura\/wp-content\/uploads\/sites\/2\/2021\/10\/danca-0-fueguitos-card6-150x150.jpg 150w, https:\/\/www.jornalja.com.br\/cultura\/wp-content\/uploads\/sites\/2\/2021\/10\/danca-0-fueguitos-card6-768x770.jpg 768w, https:\/\/www.jornalja.com.br\/cultura\/wp-content\/uploads\/sites\/2\/2021\/10\/danca-0-fueguitos-card6-1200x1200.jpg 1200w, https:\/\/www.jornalja.com.br\/cultura\/wp-content\/uploads\/sites\/2\/2021\/10\/danca-0-fueguitos-card6.jpg 1477w\" sizes=\"auto, (max-width: 300px) 100vw, 300px\" \/><\/div>\n<div><\/div>\n<\/div>\n","protected":false},"excerpt":{"rendered":"<p>&nbsp; O coletivo Flamenco RS apresenta o espet\u00e1culo &#8220;Fueguitos&#8221;, idealizado de forma cooperativa e integrada. Pela primeira vez, dez n\u00facleos de dan\u00e7a flamenca do Rio Grande do Sul, reunindo mais de 30 artistas e t\u00e9cnicos, se unem para a concretiza\u00e7\u00e3o de um movimento art\u00edstico potente. Fueguitos tem como pano de fundo o contexto de pandemia, [&hellip;]<\/p>\n","protected":false},"author":4,"featured_media":84909,"comment_status":"open","ping_status":"open","sticky":false,"template":"","format":"standard","meta":{"_jetpack_newsletter_access":"","_jetpack_dont_email_post_to_subs":false,"_jetpack_newsletter_tier_id":0,"_jetpack_memberships_contains_paywalled_content":false,"_jetpack_feature_clip_id":0,"_jetpack_memberships_contains_paid_content":false,"footnotes":"","jetpack_publicize_message":"","jetpack_publicize_feature_enabled":true,"jetpack_social_post_already_shared":true,"jetpack_social_options":{"image_generator_settings":{"template":"highway","default_image_id":0,"font":"","enabled":false},"version":2},"jetpack_post_was_ever_published":false},"categories":[2],"tags":[],"class_list":["post-84905","post","type-post","status-publish","format-standard","has-post-thumbnail","hentry","category-materiasecundaria"],"aioseo_notices":[],"aioseo_head":"\n\t\t<!-- All in One SEO 5.0.1.1 - aioseo.com -->\n\t<meta name=\"description\" content=\"O coletivo Flamenco RS apresenta o espet\u00e1culo &quot;Fueguitos&quot;, idealizado de forma cooperativa e integrada. Pela primeira vez, dez n\u00facleos de dan\u00e7a flamenca do Rio Grande do Sul, reunindo mais de 30 artistas e t\u00e9cnicos, se unem para a concretiza\u00e7\u00e3o de um movimento art\u00edstico potente. Fueguitos tem como pano de fundo o contexto de pandemia,\" \/>\n\t<meta name=\"robots\" content=\"max-image-preview:large\" \/>\n\t<meta name=\"author\" content=\"da Reda\u00e7\u00e3o\"\/>\n\t<link rel=\"canonical\" href=\"https:\/\/www.jornalja.com.br\/cultura\/espetaculo-fueguitos-une-principais-grupos-de-danca-flamenca-do-rio-grande-sul\/\" \/>\n\t<meta name=\"generator\" content=\"All in One SEO (AIOSEO) 5.0.1.1\" \/>\n\t\t<meta property=\"og:locale\" content=\"pt_BR\" \/>\n\t\t<meta property=\"og:site_name\" content=\"Cultura\" \/>\n\t\t<meta property=\"og:type\" content=\"article\" \/>\n\t\t<meta property=\"og:title\" content=\"Espet\u00e1culo \u201cFueguitos\u201d une principais grupos de dan\u00e7a flamenca do Rio Grande Sul | Cultura\" \/>\n\t\t<meta property=\"og:description\" content=\"O coletivo Flamenco RS apresenta o espet\u00e1culo &quot;Fueguitos&quot;, idealizado de forma cooperativa e integrada. Pela primeira vez, dez n\u00facleos de dan\u00e7a flamenca do Rio Grande do Sul, reunindo mais de 30 artistas e t\u00e9cnicos, se unem para a concretiza\u00e7\u00e3o de um movimento art\u00edstico potente. Fueguitos tem como pano de fundo o contexto de pandemia,\" \/>\n\t\t<meta property=\"og:url\" content=\"https:\/\/www.jornalja.com.br\/cultura\/espetaculo-fueguitos-une-principais-grupos-de-danca-flamenca-do-rio-grande-sul\/\" \/>\n\t\t<meta property=\"og:image\" content=\"https:\/\/www.jornalja.com.br\/cultura\/wp-content\/uploads\/sites\/2\/2021\/10\/danca-0-fueguitos-card1.jpg\" \/>\n\t\t<meta property=\"og:image:secure_url\" content=\"https:\/\/www.jornalja.com.br\/cultura\/wp-content\/uploads\/sites\/2\/2021\/10\/danca-0-fueguitos-card1.jpg\" \/>\n\t\t<meta property=\"og:image:width\" content=\"1477\" \/>\n\t\t<meta property=\"og:image:height\" content=\"1480\" \/>\n\t\t<meta property=\"article:published_time\" content=\"2021-10-06T16:01:46+00:00\" \/>\n\t\t<meta property=\"article:modified_time\" content=\"2021-10-08T21:41:22+00:00\" \/>\n\t\t<meta property=\"article:publisher\" content=\"https:\/\/www.facebook.com\/jornaljanaweb\" \/>\n\t\t<meta name=\"twitter:card\" content=\"summary\" \/>\n\t\t<meta name=\"twitter:site\" content=\"@jornal_ja\" \/>\n\t\t<meta name=\"twitter:title\" content=\"Espet\u00e1culo \u201cFueguitos\u201d une principais grupos de dan\u00e7a flamenca do Rio Grande Sul | Cultura\" \/>\n\t\t<meta name=\"twitter:description\" content=\"O coletivo Flamenco RS apresenta o espet\u00e1culo &quot;Fueguitos&quot;, idealizado de forma cooperativa e integrada. Pela primeira vez, dez n\u00facleos de dan\u00e7a flamenca do Rio Grande do Sul, reunindo mais de 30 artistas e t\u00e9cnicos, se unem para a concretiza\u00e7\u00e3o de um movimento art\u00edstico potente. Fueguitos tem como pano de fundo o contexto de pandemia,\" \/>\n\t\t<meta name=\"twitter:image\" content=\"https:\/\/www.jornalja.com.br\/cultura\/wp-content\/uploads\/sites\/2\/2021\/10\/danca-0-fueguitos-card1.jpg\" \/>\n\t\t<script type=\"application\/ld+json\" class=\"aioseo-schema\">\n\t\t\t{\"@context\":\"https:\\\/\\\/schema.org\",\"@graph\":[{\"@type\":\"Article\",\"@id\":\"https:\\\/\\\/www.jornalja.com.br\\\/cultura\\\/espetaculo-fueguitos-une-principais-grupos-de-danca-flamenca-do-rio-grande-sul\\\/#article\",\"name\":\"Espet\\u00e1culo \\u201cFueguitos\\u201d une principais grupos de dan\\u00e7a flamenca do Rio Grande Sul | Cultura\",\"headline\":\"Espet\\u00e1culo &#8220;Fueguitos&#8221; une principais grupos de dan\\u00e7a flamenca do Rio Grande Sul\",\"author\":{\"@id\":\"https:\\\/\\\/www.jornalja.com.br\\\/cultura\\\/author\\\/daredacao\\\/#author\"},\"publisher\":{\"@id\":\"https:\\\/\\\/www.jornalja.com.br\\\/cultura\\\/#organization\"},\"image\":{\"@type\":\"ImageObject\",\"url\":\"https:\\\/\\\/www.jornalja.com.br\\\/cultura\\\/wp-content\\\/uploads\\\/sites\\\/2\\\/2021\\\/10\\\/danca-andrea-franco-cred-rafael-do-canto-scaled.jpg\",\"width\":1700,\"height\":2560,\"caption\":\"Andrea Franco. Foto: Rafael do Canto\\\/ Divulga\\u00e7\\u00e3o\"},\"datePublished\":\"2021-10-06T13:01:46-03:00\",\"dateModified\":\"2021-10-08T18:41:22-03:00\",\"inLanguage\":\"pt-BR\",\"mainEntityOfPage\":{\"@id\":\"https:\\\/\\\/www.jornalja.com.br\\\/cultura\\\/espetaculo-fueguitos-une-principais-grupos-de-danca-flamenca-do-rio-grande-sul\\\/#webpage\"},\"isPartOf\":{\"@id\":\"https:\\\/\\\/www.jornalja.com.br\\\/cultura\\\/espetaculo-fueguitos-une-principais-grupos-de-danca-flamenca-do-rio-grande-sul\\\/#webpage\"},\"articleSection\":\"Cultura-MAT\\u00c9RIA\"},{\"@type\":\"BreadcrumbList\",\"@id\":\"https:\\\/\\\/www.jornalja.com.br\\\/cultura\\\/espetaculo-fueguitos-une-principais-grupos-de-danca-flamenca-do-rio-grande-sul\\\/#breadcrumblist\",\"itemListElement\":[{\"@type\":\"ListItem\",\"@id\":\"https:\\\/\\\/www.jornalja.com.br\\\/cultura#listItem\",\"position\":1,\"name\":\"Home\",\"item\":\"https:\\\/\\\/www.jornalja.com.br\\\/cultura\",\"nextItem\":{\"@type\":\"ListItem\",\"@id\":\"https:\\\/\\\/www.jornalja.com.br\\\/cultura\\\/category\\\/materiasecundaria\\\/#listItem\",\"name\":\"Cultura-MAT\\u00c9RIA\"}},{\"@type\":\"ListItem\",\"@id\":\"https:\\\/\\\/www.jornalja.com.br\\\/cultura\\\/category\\\/materiasecundaria\\\/#listItem\",\"position\":2,\"name\":\"Cultura-MAT\\u00c9RIA\",\"item\":\"https:\\\/\\\/www.jornalja.com.br\\\/cultura\\\/category\\\/materiasecundaria\\\/\",\"nextItem\":{\"@type\":\"ListItem\",\"@id\":\"https:\\\/\\\/www.jornalja.com.br\\\/cultura\\\/espetaculo-fueguitos-une-principais-grupos-de-danca-flamenca-do-rio-grande-sul\\\/#listItem\",\"name\":\"Espet\\u00e1culo &#8220;Fueguitos&#8221; une principais grupos de dan\\u00e7a flamenca do Rio Grande Sul\"},\"previousItem\":{\"@type\":\"ListItem\",\"@id\":\"https:\\\/\\\/www.jornalja.com.br\\\/cultura#listItem\",\"name\":\"Home\"}},{\"@type\":\"ListItem\",\"@id\":\"https:\\\/\\\/www.jornalja.com.br\\\/cultura\\\/espetaculo-fueguitos-une-principais-grupos-de-danca-flamenca-do-rio-grande-sul\\\/#listItem\",\"position\":3,\"name\":\"Espet\\u00e1culo &#8220;Fueguitos&#8221; une principais grupos de dan\\u00e7a flamenca do Rio Grande Sul\",\"previousItem\":{\"@type\":\"ListItem\",\"@id\":\"https:\\\/\\\/www.jornalja.com.br\\\/cultura\\\/category\\\/materiasecundaria\\\/#listItem\",\"name\":\"Cultura-MAT\\u00c9RIA\"}}]},{\"@type\":\"Organization\",\"@id\":\"https:\\\/\\\/www.jornalja.com.br\\\/cultura\\\/#organization\",\"name\":\"Jornal J\\u00c1 Editora\",\"description\":\"Jornal J\\u00c1 | Porto Alegre\",\"url\":\"https:\\\/\\\/www.jornalja.com.br\\\/cultura\\\/\",\"telephone\":\"+555133307272\",\"logo\":{\"@type\":\"ImageObject\",\"url\":\"https:\\\/\\\/www.jornalja.com.br\\\/cultura\\\/wp-content\\\/uploads\\\/sites\\\/2\\\/2021\\\/05\\\/2020-logotipia-ja-35anos.jpg\",\"@id\":\"https:\\\/\\\/www.jornalja.com.br\\\/cultura\\\/espetaculo-fueguitos-une-principais-grupos-de-danca-flamenca-do-rio-grande-sul\\\/#organizationLogo\",\"width\":1067,\"height\":800},\"image\":{\"@id\":\"https:\\\/\\\/www.jornalja.com.br\\\/cultura\\\/espetaculo-fueguitos-une-principais-grupos-de-danca-flamenca-do-rio-grande-sul\\\/#organizationLogo\"},\"sameAs\":[\"https:\\\/\\\/www.instagram.com\\\/jornaljapoa\",\"https:\\\/\\\/www.youtube.com\\\/c\\\/JornalJ\"]},{\"@type\":\"Person\",\"@id\":\"https:\\\/\\\/www.jornalja.com.br\\\/cultura\\\/author\\\/daredacao\\\/#author\",\"url\":\"https:\\\/\\\/www.jornalja.com.br\\\/cultura\\\/author\\\/daredacao\\\/\",\"name\":\"da Reda\\u00e7\\u00e3o\",\"image\":{\"@type\":\"ImageObject\",\"@id\":\"https:\\\/\\\/www.jornalja.com.br\\\/cultura\\\/espetaculo-fueguitos-une-principais-grupos-de-danca-flamenca-do-rio-grande-sul\\\/#authorImage\",\"url\":\"https:\\\/\\\/secure.gravatar.com\\\/avatar\\\/469fd857d6605ad19919d27ed29d35a968a25f6e8fd9318356bbb7f57aae9c65?s=96&d=mm&r=g\",\"width\":96,\"height\":96,\"caption\":\"da Reda\\u00e7\\u00e3o\"}},{\"@type\":\"WebPage\",\"@id\":\"https:\\\/\\\/www.jornalja.com.br\\\/cultura\\\/espetaculo-fueguitos-une-principais-grupos-de-danca-flamenca-do-rio-grande-sul\\\/#webpage\",\"url\":\"https:\\\/\\\/www.jornalja.com.br\\\/cultura\\\/espetaculo-fueguitos-une-principais-grupos-de-danca-flamenca-do-rio-grande-sul\\\/\",\"name\":\"Espet\\u00e1culo \\u201cFueguitos\\u201d une principais grupos de dan\\u00e7a flamenca do Rio Grande Sul | Cultura\",\"description\":\"O coletivo Flamenco RS apresenta o espet\\u00e1culo \\\"Fueguitos\\\", idealizado de forma cooperativa e integrada. Pela primeira vez, dez n\\u00facleos de dan\\u00e7a flamenca do Rio Grande do Sul, reunindo mais de 30 artistas e t\\u00e9cnicos, se unem para a concretiza\\u00e7\\u00e3o de um movimento art\\u00edstico potente. Fueguitos tem como pano de fundo o contexto de pandemia,\",\"inLanguage\":\"pt-BR\",\"isPartOf\":{\"@id\":\"https:\\\/\\\/www.jornalja.com.br\\\/cultura\\\/#website\"},\"breadcrumb\":{\"@id\":\"https:\\\/\\\/www.jornalja.com.br\\\/cultura\\\/espetaculo-fueguitos-une-principais-grupos-de-danca-flamenca-do-rio-grande-sul\\\/#breadcrumblist\"},\"author\":{\"@id\":\"https:\\\/\\\/www.jornalja.com.br\\\/cultura\\\/author\\\/daredacao\\\/#author\"},\"creator\":{\"@id\":\"https:\\\/\\\/www.jornalja.com.br\\\/cultura\\\/author\\\/daredacao\\\/#author\"},\"image\":{\"@type\":\"ImageObject\",\"url\":\"https:\\\/\\\/www.jornalja.com.br\\\/cultura\\\/wp-content\\\/uploads\\\/sites\\\/2\\\/2021\\\/10\\\/danca-andrea-franco-cred-rafael-do-canto-scaled.jpg\",\"@id\":\"https:\\\/\\\/www.jornalja.com.br\\\/cultura\\\/espetaculo-fueguitos-une-principais-grupos-de-danca-flamenca-do-rio-grande-sul\\\/#mainImage\",\"width\":1700,\"height\":2560,\"caption\":\"Andrea Franco. Foto: Rafael do Canto\\\/ Divulga\\u00e7\\u00e3o\"},\"primaryImageOfPage\":{\"@id\":\"https:\\\/\\\/www.jornalja.com.br\\\/cultura\\\/espetaculo-fueguitos-une-principais-grupos-de-danca-flamenca-do-rio-grande-sul\\\/#mainImage\"},\"datePublished\":\"2021-10-06T13:01:46-03:00\",\"dateModified\":\"2021-10-08T18:41:22-03:00\"},{\"@type\":\"WebSite\",\"@id\":\"https:\\\/\\\/www.jornalja.com.br\\\/cultura\\\/#website\",\"url\":\"https:\\\/\\\/www.jornalja.com.br\\\/cultura\\\/\",\"name\":\"Cultura\",\"description\":\"Jornal J\\u00c1 | Porto Alegre\",\"inLanguage\":\"pt-BR\",\"publisher\":{\"@id\":\"https:\\\/\\\/www.jornalja.com.br\\\/cultura\\\/#organization\"}}]}\n\t\t<\/script>\n\t\t<!-- All in One SEO -->\n\n","aioseo_head_json":{"title":"Espet\u00e1culo \u201cFueguitos\u201d une principais grupos de dan\u00e7a flamenca do Rio Grande Sul | Cultura","description":"O coletivo Flamenco RS apresenta o espet\u00e1culo \"Fueguitos\", idealizado de forma cooperativa e integrada. Pela primeira vez, dez n\u00facleos de dan\u00e7a flamenca do Rio Grande do Sul, reunindo mais de 30 artistas e t\u00e9cnicos, se unem para a concretiza\u00e7\u00e3o de um movimento art\u00edstico potente. Fueguitos tem como pano de fundo o contexto de pandemia,","canonical_url":"https:\/\/www.jornalja.com.br\/cultura\/espetaculo-fueguitos-une-principais-grupos-de-danca-flamenca-do-rio-grande-sul\/","robots":"max-image-preview:large","keywords":"","webmasterTools":{"miscellaneous":""},"schema":{"@context":"https:\/\/schema.org","@graph":[{"@type":"Article","@id":"https:\/\/www.jornalja.com.br\/cultura\/espetaculo-fueguitos-une-principais-grupos-de-danca-flamenca-do-rio-grande-sul\/#article","name":"Espet\u00e1culo \u201cFueguitos\u201d une principais grupos de dan\u00e7a flamenca do Rio Grande Sul | Cultura","headline":"Espet\u00e1culo &#8220;Fueguitos&#8221; une principais grupos de dan\u00e7a flamenca do Rio Grande Sul","author":{"@id":"https:\/\/www.jornalja.com.br\/cultura\/author\/daredacao\/#author"},"publisher":{"@id":"https:\/\/www.jornalja.com.br\/cultura\/#organization"},"image":{"@type":"ImageObject","url":"https:\/\/www.jornalja.com.br\/cultura\/wp-content\/uploads\/sites\/2\/2021\/10\/danca-andrea-franco-cred-rafael-do-canto-scaled.jpg","width":1700,"height":2560,"caption":"Andrea Franco. Foto: Rafael do Canto\/ Divulga\u00e7\u00e3o"},"datePublished":"2021-10-06T13:01:46-03:00","dateModified":"2021-10-08T18:41:22-03:00","inLanguage":"pt-BR","mainEntityOfPage":{"@id":"https:\/\/www.jornalja.com.br\/cultura\/espetaculo-fueguitos-une-principais-grupos-de-danca-flamenca-do-rio-grande-sul\/#webpage"},"isPartOf":{"@id":"https:\/\/www.jornalja.com.br\/cultura\/espetaculo-fueguitos-une-principais-grupos-de-danca-flamenca-do-rio-grande-sul\/#webpage"},"articleSection":"Cultura-MAT\u00c9RIA"},{"@type":"BreadcrumbList","@id":"https:\/\/www.jornalja.com.br\/cultura\/espetaculo-fueguitos-une-principais-grupos-de-danca-flamenca-do-rio-grande-sul\/#breadcrumblist","itemListElement":[{"@type":"ListItem","@id":"https:\/\/www.jornalja.com.br\/cultura#listItem","position":1,"name":"Home","item":"https:\/\/www.jornalja.com.br\/cultura","nextItem":{"@type":"ListItem","@id":"https:\/\/www.jornalja.com.br\/cultura\/category\/materiasecundaria\/#listItem","name":"Cultura-MAT\u00c9RIA"}},{"@type":"ListItem","@id":"https:\/\/www.jornalja.com.br\/cultura\/category\/materiasecundaria\/#listItem","position":2,"name":"Cultura-MAT\u00c9RIA","item":"https:\/\/www.jornalja.com.br\/cultura\/category\/materiasecundaria\/","nextItem":{"@type":"ListItem","@id":"https:\/\/www.jornalja.com.br\/cultura\/espetaculo-fueguitos-une-principais-grupos-de-danca-flamenca-do-rio-grande-sul\/#listItem","name":"Espet\u00e1culo &#8220;Fueguitos&#8221; une principais grupos de dan\u00e7a flamenca do Rio Grande Sul"},"previousItem":{"@type":"ListItem","@id":"https:\/\/www.jornalja.com.br\/cultura#listItem","name":"Home"}},{"@type":"ListItem","@id":"https:\/\/www.jornalja.com.br\/cultura\/espetaculo-fueguitos-une-principais-grupos-de-danca-flamenca-do-rio-grande-sul\/#listItem","position":3,"name":"Espet\u00e1culo &#8220;Fueguitos&#8221; une principais grupos de dan\u00e7a flamenca do Rio Grande Sul","previousItem":{"@type":"ListItem","@id":"https:\/\/www.jornalja.com.br\/cultura\/category\/materiasecundaria\/#listItem","name":"Cultura-MAT\u00c9RIA"}}]},{"@type":"Organization","@id":"https:\/\/www.jornalja.com.br\/cultura\/#organization","name":"Jornal J\u00c1 Editora","description":"Jornal J\u00c1 | Porto Alegre","url":"https:\/\/www.jornalja.com.br\/cultura\/","telephone":"+555133307272","logo":{"@type":"ImageObject","url":"https:\/\/www.jornalja.com.br\/cultura\/wp-content\/uploads\/sites\/2\/2021\/05\/2020-logotipia-ja-35anos.jpg","@id":"https:\/\/www.jornalja.com.br\/cultura\/espetaculo-fueguitos-une-principais-grupos-de-danca-flamenca-do-rio-grande-sul\/#organizationLogo","width":1067,"height":800},"image":{"@id":"https:\/\/www.jornalja.com.br\/cultura\/espetaculo-fueguitos-une-principais-grupos-de-danca-flamenca-do-rio-grande-sul\/#organizationLogo"},"sameAs":["https:\/\/www.instagram.com\/jornaljapoa","https:\/\/www.youtube.com\/c\/JornalJ"]},{"@type":"Person","@id":"https:\/\/www.jornalja.com.br\/cultura\/author\/daredacao\/#author","url":"https:\/\/www.jornalja.com.br\/cultura\/author\/daredacao\/","name":"da Reda\u00e7\u00e3o","image":{"@type":"ImageObject","@id":"https:\/\/www.jornalja.com.br\/cultura\/espetaculo-fueguitos-une-principais-grupos-de-danca-flamenca-do-rio-grande-sul\/#authorImage","url":"https:\/\/secure.gravatar.com\/avatar\/469fd857d6605ad19919d27ed29d35a968a25f6e8fd9318356bbb7f57aae9c65?s=96&d=mm&r=g","width":96,"height":96,"caption":"da Reda\u00e7\u00e3o"}},{"@type":"WebPage","@id":"https:\/\/www.jornalja.com.br\/cultura\/espetaculo-fueguitos-une-principais-grupos-de-danca-flamenca-do-rio-grande-sul\/#webpage","url":"https:\/\/www.jornalja.com.br\/cultura\/espetaculo-fueguitos-une-principais-grupos-de-danca-flamenca-do-rio-grande-sul\/","name":"Espet\u00e1culo \u201cFueguitos\u201d une principais grupos de dan\u00e7a flamenca do Rio Grande Sul | Cultura","description":"O coletivo Flamenco RS apresenta o espet\u00e1culo \"Fueguitos\", idealizado de forma cooperativa e integrada. Pela primeira vez, dez n\u00facleos de dan\u00e7a flamenca do Rio Grande do Sul, reunindo mais de 30 artistas e t\u00e9cnicos, se unem para a concretiza\u00e7\u00e3o de um movimento art\u00edstico potente. Fueguitos tem como pano de fundo o contexto de pandemia,","inLanguage":"pt-BR","isPartOf":{"@id":"https:\/\/www.jornalja.com.br\/cultura\/#website"},"breadcrumb":{"@id":"https:\/\/www.jornalja.com.br\/cultura\/espetaculo-fueguitos-une-principais-grupos-de-danca-flamenca-do-rio-grande-sul\/#breadcrumblist"},"author":{"@id":"https:\/\/www.jornalja.com.br\/cultura\/author\/daredacao\/#author"},"creator":{"@id":"https:\/\/www.jornalja.com.br\/cultura\/author\/daredacao\/#author"},"image":{"@type":"ImageObject","url":"https:\/\/www.jornalja.com.br\/cultura\/wp-content\/uploads\/sites\/2\/2021\/10\/danca-andrea-franco-cred-rafael-do-canto-scaled.jpg","@id":"https:\/\/www.jornalja.com.br\/cultura\/espetaculo-fueguitos-une-principais-grupos-de-danca-flamenca-do-rio-grande-sul\/#mainImage","width":1700,"height":2560,"caption":"Andrea Franco. Foto: Rafael do Canto\/ Divulga\u00e7\u00e3o"},"primaryImageOfPage":{"@id":"https:\/\/www.jornalja.com.br\/cultura\/espetaculo-fueguitos-une-principais-grupos-de-danca-flamenca-do-rio-grande-sul\/#mainImage"},"datePublished":"2021-10-06T13:01:46-03:00","dateModified":"2021-10-08T18:41:22-03:00"},{"@type":"WebSite","@id":"https:\/\/www.jornalja.com.br\/cultura\/#website","url":"https:\/\/www.jornalja.com.br\/cultura\/","name":"Cultura","description":"Jornal J\u00c1 | Porto Alegre","inLanguage":"pt-BR","publisher":{"@id":"https:\/\/www.jornalja.com.br\/cultura\/#organization"}}]},"og:locale":"pt_BR","og:site_name":"Cultura","og:type":"article","og:title":"Espet\u00e1culo \u201cFueguitos\u201d une principais grupos de dan\u00e7a flamenca do Rio Grande Sul | Cultura","og:description":"O coletivo Flamenco RS apresenta o espet\u00e1culo &quot;Fueguitos&quot;, idealizado de forma cooperativa e integrada. Pela primeira vez, dez n\u00facleos de dan\u00e7a flamenca do Rio Grande do Sul, reunindo mais de 30 artistas e t\u00e9cnicos, se unem para a concretiza\u00e7\u00e3o de um movimento art\u00edstico potente. Fueguitos tem como pano de fundo o contexto de pandemia,","og:url":"https:\/\/www.jornalja.com.br\/cultura\/espetaculo-fueguitos-une-principais-grupos-de-danca-flamenca-do-rio-grande-sul\/","og:image":"https:\/\/www.jornalja.com.br\/cultura\/wp-content\/uploads\/sites\/2\/2021\/10\/danca-0-fueguitos-card1.jpg","og:image:secure_url":"https:\/\/www.jornalja.com.br\/cultura\/wp-content\/uploads\/sites\/2\/2021\/10\/danca-0-fueguitos-card1.jpg","og:image:width":1477,"og:image:height":1480,"article:published_time":"2021-10-06T16:01:46+00:00","article:modified_time":"2021-10-08T21:41:22+00:00","article:publisher":"https:\/\/www.facebook.com\/jornaljanaweb","twitter:card":"summary","twitter:site":"@jornal_ja","twitter:title":"Espet\u00e1culo \u201cFueguitos\u201d une principais grupos de dan\u00e7a flamenca do Rio Grande Sul | Cultura","twitter:description":"O coletivo Flamenco RS apresenta o espet\u00e1culo &quot;Fueguitos&quot;, idealizado de forma cooperativa e integrada. Pela primeira vez, dez n\u00facleos de dan\u00e7a flamenca do Rio Grande do Sul, reunindo mais de 30 artistas e t\u00e9cnicos, se unem para a concretiza\u00e7\u00e3o de um movimento art\u00edstico potente. Fueguitos tem como pano de fundo o contexto de pandemia,","twitter:image":"https:\/\/www.jornalja.com.br\/cultura\/wp-content\/uploads\/sites\/2\/2021\/10\/danca-0-fueguitos-card1.jpg"},"aioseo_meta_data":{"post_id":"84905","title":null,"description":null,"keywords":[],"keyphrases":{"focus":[],"additional":[]},"primary_term":null,"canonical_url":null,"og_title":null,"og_description":null,"og_object_type":"default","og_image_type":"default","og_image_url":null,"og_image_width":null,"og_image_height":null,"og_image_custom_url":null,"og_image_custom_fields":null,"og_video":"","og_custom_url":null,"og_article_section":null,"og_article_tags":[],"twitter_use_og":false,"twitter_card":"default","twitter_image_type":"default","twitter_image_url":null,"twitter_image_custom_url":null,"twitter_image_custom_fields":null,"twitter_title":null,"twitter_description":null,"schema":{"blockGraphs":[],"customGraphs":[],"default":{"data":{"Article":[],"Course":[],"Dataset":[],"FAQPage":[],"Movie":[],"Person":[],"Product":[],"ProductReview":[],"Car":[],"Recipe":[],"Service":[],"SoftwareApplication":[],"WebPage":[]},"graphName":"","isEnabled":true},"graphs":[],"defaultGraph":"Article","defaultPostTypeGraph":""},"schema_type":"default","schema_type_options":"{\"article\":{\"articleType\":\"BlogPosting\"},\"course\":{\"name\":\"\",\"description\":\"\",\"provider\":\"\"},\"faq\":{\"pages\":[]},\"product\":{\"reviews\":[]},\"recipe\":{\"ingredients\":[],\"instructions\":[],\"keywords\":[]},\"software\":{\"reviews\":[],\"operatingSystems\":[]},\"webPage\":{\"webPageType\":\"WebPage\"}}","pillar_content":false,"robots_default":true,"robots_noindex":false,"robots_noarchive":false,"robots_nosnippet":false,"robots_nofollow":false,"robots_noimageindex":false,"robots_noodp":false,"robots_notranslate":false,"robots_max_snippet":"-1","robots_max_videopreview":"-1","robots_max_imagepreview":"large","priority":null,"frequency":"default","location":null,"local_seo":null,"breadcrumb_settings":null,"limit_modified_date":false,"ai":null,"created":"2021-10-06 15:21:25","updated":"2025-06-04 12:49:20","seo_analyzer_scan_date":null,"focus_keyword":null,"additional_keywords":null,"truseo_locale":null},"jetpack_publicize_connections":[],"jetpack-related-posts":[{"id":83225,"url":"https:\/\/www.jornalja.com.br\/cultura\/gesto-flamenco-uma-visao-teorica-e-poetica-sobre-a-danca-espanhola\/","url_meta":{"origin":84905,"position":0},"title":"&#8220;Gesto Flamenco&#8221;,  uma vis\u00e3o te\u00f3rica e po\u00e9tica sobre a dan\u00e7a espanhola","author":"da Reda\u00e7\u00e3o","date":"16 de dezembro de 2020","format":false,"excerpt":"\u00a0 \u00a0 A artista, pesquisadora e docente ga\u00facha\u00a0Daniele Zill\u00a0lan\u00e7a, pela\u00a0Edi\u00e7\u00f5es\u00a0FUNARTE\u00a0(Funda\u00e7\u00e3o Nacional das Artes),\u00a0Gesto Flamenco\u00a0(144 p\u00e1ginas, 21 cm, ISBN 978-65-5845-000-9, ilustrado), livro in\u00e9dito sobre o estudo do gesto na especificidade da linguagem flamenca. Mestra em Artes C\u00eanicas pela UFRGS, desde 2013 se dedica \u00e0 difus\u00e3o e \u00e0 pesquisa dessa linguagem art\u00edstica.\u2026","rel":"","context":"Em &quot;Cultura-MAT\u00c9RIA&quot;","block_context":{"text":"Cultura-MAT\u00c9RIA","link":"https:\/\/www.jornalja.com.br\/cultura\/category\/materiasecundaria\/"},"img":{"alt_text":"","src":"https:\/\/i0.wp.com\/www.jornalja.com.br\/cultura\/wp-content\/uploads\/sites\/2\/2020\/12\/danca-daniele-zill-cred-claudio-etges-7-scaled.jpg?resize=350%2C200&ssl=1","width":350,"height":200,"srcset":"https:\/\/i0.wp.com\/www.jornalja.com.br\/cultura\/wp-content\/uploads\/sites\/2\/2020\/12\/danca-daniele-zill-cred-claudio-etges-7-scaled.jpg?resize=350%2C200&ssl=1 1x, https:\/\/i0.wp.com\/www.jornalja.com.br\/cultura\/wp-content\/uploads\/sites\/2\/2020\/12\/danca-daniele-zill-cred-claudio-etges-7-scaled.jpg?resize=525%2C300&ssl=1 1.5x, https:\/\/i0.wp.com\/www.jornalja.com.br\/cultura\/wp-content\/uploads\/sites\/2\/2020\/12\/danca-daniele-zill-cred-claudio-etges-7-scaled.jpg?resize=700%2C400&ssl=1 2x, https:\/\/i0.wp.com\/www.jornalja.com.br\/cultura\/wp-content\/uploads\/sites\/2\/2020\/12\/danca-daniele-zill-cred-claudio-etges-7-scaled.jpg?resize=1050%2C600&ssl=1 3x, https:\/\/i0.wp.com\/www.jornalja.com.br\/cultura\/wp-content\/uploads\/sites\/2\/2020\/12\/danca-daniele-zill-cred-claudio-etges-7-scaled.jpg?resize=1400%2C800&ssl=1 4x"},"classes":[]},{"id":82703,"url":"https:\/\/www.jornalja.com.br\/cultura\/premio-acorianos-de-danca-anuncia-os-vencedores-de-2020-em-cerimonia-virtual\/","url_meta":{"origin":84905,"position":1},"title":"Pr\u00eamio A\u00e7orianos de Dan\u00e7a anuncia os vencedores de 2020 em cerim\u00f4nia virtual","author":"da Reda\u00e7\u00e3o","date":"22 de setembro de 2020","format":false,"excerpt":"Neste domingo, 27, acontece a cerim\u00f4nia do Pr\u00eamio A\u00e7orianos de Dan\u00e7a. O evento ser\u00e1 virtual, a partir das 19h, atrav\u00e9s da p\u00e1gina do Facebook do Centro de Dan\u00e7a, da Secretaria Municipal da Cultura (https:\/\/www.facebook.com\/centromunicipal.dedanca). Entre os 17 espet\u00e1culos inscritos em 2019, destacam-se Dura M\u00e1ter, que recebeu oito indica\u00e7\u00f5es, Chromos e\u2026","rel":"","context":"Em &quot;Cultura-MAT\u00c9RIA&quot;","block_context":{"text":"Cultura-MAT\u00c9RIA","link":"https:\/\/www.jornalja.com.br\/cultura\/category\/materiasecundaria\/"},"img":{"alt_text":"","src":"https:\/\/i0.wp.com\/www.jornalja.com.br\/cultura\/wp-content\/uploads\/sites\/2\/2020\/09\/danca-duramater-e-um-dos-destaques-da-premiacao-com-oito-indicacoes-foto-felipe-paes-divulgacao.jpg?resize=350%2C200&ssl=1","width":350,"height":200,"srcset":"https:\/\/i0.wp.com\/www.jornalja.com.br\/cultura\/wp-content\/uploads\/sites\/2\/2020\/09\/danca-duramater-e-um-dos-destaques-da-premiacao-com-oito-indicacoes-foto-felipe-paes-divulgacao.jpg?resize=350%2C200&ssl=1 1x, https:\/\/i0.wp.com\/www.jornalja.com.br\/cultura\/wp-content\/uploads\/sites\/2\/2020\/09\/danca-duramater-e-um-dos-destaques-da-premiacao-com-oito-indicacoes-foto-felipe-paes-divulgacao.jpg?resize=525%2C300&ssl=1 1.5x, https:\/\/i0.wp.com\/www.jornalja.com.br\/cultura\/wp-content\/uploads\/sites\/2\/2020\/09\/danca-duramater-e-um-dos-destaques-da-premiacao-com-oito-indicacoes-foto-felipe-paes-divulgacao.jpg?resize=700%2C400&ssl=1 2x"},"classes":[]},{"id":80577,"url":"https:\/\/www.jornalja.com.br\/cultura\/o-flamenco-das-mujeres-de-agua-no-meme-estacao-cultural\/","url_meta":{"origin":84905,"position":2},"title":"O flamenco das &quot;Mujeres de \u00c1gua\u2019, no Meme Esta\u00e7\u00e3o Cultural","author":"da Reda\u00e7\u00e3o","date":"16 de janeiro de 2020","format":false,"excerpt":"A \u00e1gua simboliza a origem da vida, a fecundidade, a fertilidade, a transforma\u00e7\u00e3o, a purifica\u00e7\u00e3o, a for\u00e7a, a limpeza. Elemento primordial, ela \u00e9 considerada o ponto de partida para o surgimento da vida e \u00e9 a for\u00e7a motriz de inspira\u00e7\u00e3o para esse espet\u00e1culo.Tr\u00eas mulheres, que amadureceram atrav\u00e9s do flamenco, apresentam\u2026","rel":"","context":"Em &quot;Cultura-MAT\u00c9RIA&quot;","block_context":{"text":"Cultura-MAT\u00c9RIA","link":"https:\/\/www.jornalja.com.br\/cultura\/category\/materiasecundaria\/"},"img":{"alt_text":"","src":"https:\/\/i0.wp.com\/www.jornalja.com.br\/cultura\/wp-content\/uploads\/sites\/2\/2020\/01\/arte-Mujeres-de-%C3%81gua%E2%80%99-no-Meme-Esta%C3%A7%C3%A3o-Cultural.jpg?resize=350%2C200&ssl=1","width":350,"height":200,"srcset":"https:\/\/i0.wp.com\/www.jornalja.com.br\/cultura\/wp-content\/uploads\/sites\/2\/2020\/01\/arte-Mujeres-de-%C3%81gua%E2%80%99-no-Meme-Esta%C3%A7%C3%A3o-Cultural.jpg?resize=350%2C200&ssl=1 1x, https:\/\/i0.wp.com\/www.jornalja.com.br\/cultura\/wp-content\/uploads\/sites\/2\/2020\/01\/arte-Mujeres-de-%C3%81gua%E2%80%99-no-Meme-Esta%C3%A7%C3%A3o-Cultural.jpg?resize=525%2C300&ssl=1 1.5x, https:\/\/i0.wp.com\/www.jornalja.com.br\/cultura\/wp-content\/uploads\/sites\/2\/2020\/01\/arte-Mujeres-de-%C3%81gua%E2%80%99-no-Meme-Esta%C3%A7%C3%A3o-Cultural.jpg?resize=700%2C400&ssl=1 2x, https:\/\/i0.wp.com\/www.jornalja.com.br\/cultura\/wp-content\/uploads\/sites\/2\/2020\/01\/arte-Mujeres-de-%C3%81gua%E2%80%99-no-Meme-Esta%C3%A7%C3%A3o-Cultural.jpg?resize=1050%2C600&ssl=1 3x"},"classes":[]},{"id":84333,"url":"https:\/\/www.jornalja.com.br\/cultura\/articula-danca-promove-oficinas-virtuais-e-presenciais-de-projeto-inclusivo-em-agosto\/","url_meta":{"origin":84905,"position":3},"title":"Articula Dan\u00e7a promove oficinas virtuais e presenciais de projeto inclusivo, em agosto","author":"da Reda\u00e7\u00e3o","date":"10 de agosto de 2021","format":false,"excerpt":"Ap\u00f3s as duas etapas do\u00a0ARTICULANDO A DAN\u00c7A PELO RS: \u00c0 LA CARTE, com 22 oficinas realizadas, a\u00a0Associa\u00e7\u00e3o Cultural\u00a0ARTICULA DAN\u00c7A RS\u00a0promove a terceira e \u00faltima etapa do\u00a0projeto\u00a0no m\u00eas de agosto. De 10 a 12 de agosto\u00a0acontecem 3 oficinas virtuais:\u00a0Tecnologias Digitais,\u00a0com\u00a0Juliano Rossi\u00a0no\u00a0dia 10, das 19h \u00e0s 20h;\u00a0Dan\u00e7as Populares Brasileiras\u00a0com\u00a0Ma\u00edsa Santos\u00a0no\u00a0dia 11,\u00a0das\u00a020h \u00e0s\u2026","rel":"","context":"Em &quot;Cultura-MAT\u00c9RIA&quot;","block_context":{"text":"Cultura-MAT\u00c9RIA","link":"https:\/\/www.jornalja.com.br\/cultura\/category\/materiasecundaria\/"},"img":{"alt_text":"","src":"https:\/\/i0.wp.com\/www.jornalja.com.br\/cultura\/wp-content\/uploads\/sites\/2\/2021\/08\/danca-maisa-santos-dancas-populares-acervo-pessoal.jpg?resize=350%2C200&ssl=1","width":350,"height":200,"srcset":"https:\/\/i0.wp.com\/www.jornalja.com.br\/cultura\/wp-content\/uploads\/sites\/2\/2021\/08\/danca-maisa-santos-dancas-populares-acervo-pessoal.jpg?resize=350%2C200&ssl=1 1x, https:\/\/i0.wp.com\/www.jornalja.com.br\/cultura\/wp-content\/uploads\/sites\/2\/2021\/08\/danca-maisa-santos-dancas-populares-acervo-pessoal.jpg?resize=525%2C300&ssl=1 1.5x, https:\/\/i0.wp.com\/www.jornalja.com.br\/cultura\/wp-content\/uploads\/sites\/2\/2021\/08\/danca-maisa-santos-dancas-populares-acervo-pessoal.jpg?resize=700%2C400&ssl=1 2x"},"classes":[]},{"id":83498,"url":"https:\/\/www.jornalja.com.br\/cultura\/os-15-anos-do-bar-parangole-na-cena-cultural-gaucha\/","url_meta":{"origin":84905,"position":4},"title":"Os 15 anos do bar Parangol\u00e9 na cena cultural ga\u00facha","author":"da Reda\u00e7\u00e3o","date":"3 de mar\u00e7o de 2021","format":false,"excerpt":"O bar Parangol\u00e9 completa 15 anos de hist\u00f3ria na pr\u00f3xima ter\u00e7a-feira (9), com foco no servi\u00e7o de tele-entrega devido \u00e0 pandemia de Covid-19. Ao longo dessa jornada, o bar promoveu e produziu centenas de eventos musicais, al\u00e9m de abrir as portas para apoiar artistas estreantes e consagrados da m\u00fasica e\u2026","rel":"","context":"Em &quot;Cultura-MAT\u00c9RIA&quot;","block_context":{"text":"Cultura-MAT\u00c9RIA","link":"https:\/\/www.jornalja.com.br\/cultura\/category\/materiasecundaria\/"},"img":{"alt_text":"","src":"https:\/\/i0.wp.com\/www.jornalja.com.br\/cultura\/wp-content\/uploads\/sites\/2\/2021\/03\/parangole-claudio-freitas-por-sofia-cortese.png?resize=350%2C200&ssl=1","width":350,"height":200,"srcset":"https:\/\/i0.wp.com\/www.jornalja.com.br\/cultura\/wp-content\/uploads\/sites\/2\/2021\/03\/parangole-claudio-freitas-por-sofia-cortese.png?resize=350%2C200&ssl=1 1x, https:\/\/i0.wp.com\/www.jornalja.com.br\/cultura\/wp-content\/uploads\/sites\/2\/2021\/03\/parangole-claudio-freitas-por-sofia-cortese.png?resize=525%2C300&ssl=1 1.5x, https:\/\/i0.wp.com\/www.jornalja.com.br\/cultura\/wp-content\/uploads\/sites\/2\/2021\/03\/parangole-claudio-freitas-por-sofia-cortese.png?resize=700%2C400&ssl=1 2x"},"classes":[]},{"id":87407,"url":"https:\/\/www.jornalja.com.br\/cultura\/mergulho-no-universo-da-arte-flamenca-com-oficinas-shows-e-gastronomia\/","url_meta":{"origin":84905,"position":5},"title":"Mergulho no universo da Arte Flamenca com oficinas, shows e gastronomia\u00a0\u00a0","author":"da Reda\u00e7\u00e3o","date":"13 de janeiro de 2023","format":false,"excerpt":"A diretora, core\u00f3grafa e professora Andrea Franco explica que tudo isso acontecer\u00e1 no Festival Flamengo de Ver\u00e3o, de 18 a 21 de janeiro, que \u00e9 voltado a todos os perfis. \"Os workshops atendem desde o p\u00fablico entusiasta, que n\u00e3o possui experi\u00eancia ou pr\u00e1tica de Flamenco at\u00e9 bailaores e m\u00fasicos que\u2026","rel":"","context":"Em &quot;Cultura-MAT\u00c9RIA&quot;","block_context":{"text":"Cultura-MAT\u00c9RIA","link":"https:\/\/www.jornalja.com.br\/cultura\/category\/materiasecundaria\/"},"img":{"alt_text":"","src":"https:\/\/i0.wp.com\/www.jornalja.com.br\/cultura\/wp-content\/uploads\/sites\/2\/2023\/01\/festival-andrea-franco-cred-rafael-do-canto-scaled.jpg?resize=350%2C200&ssl=1","width":350,"height":200,"srcset":"https:\/\/i0.wp.com\/www.jornalja.com.br\/cultura\/wp-content\/uploads\/sites\/2\/2023\/01\/festival-andrea-franco-cred-rafael-do-canto-scaled.jpg?resize=350%2C200&ssl=1 1x, https:\/\/i0.wp.com\/www.jornalja.com.br\/cultura\/wp-content\/uploads\/sites\/2\/2023\/01\/festival-andrea-franco-cred-rafael-do-canto-scaled.jpg?resize=525%2C300&ssl=1 1.5x, https:\/\/i0.wp.com\/www.jornalja.com.br\/cultura\/wp-content\/uploads\/sites\/2\/2023\/01\/festival-andrea-franco-cred-rafael-do-canto-scaled.jpg?resize=700%2C400&ssl=1 2x, https:\/\/i0.wp.com\/www.jornalja.com.br\/cultura\/wp-content\/uploads\/sites\/2\/2023\/01\/festival-andrea-franco-cred-rafael-do-canto-scaled.jpg?resize=1050%2C600&ssl=1 3x, https:\/\/i0.wp.com\/www.jornalja.com.br\/cultura\/wp-content\/uploads\/sites\/2\/2023\/01\/festival-andrea-franco-cred-rafael-do-canto-scaled.jpg?resize=1400%2C800&ssl=1 4x"},"classes":[]}],"jetpack_shortlink":"https:\/\/wp.me\/pbKnZc-m5r","jetpack_sharing_enabled":true,"jetpack_featured_media_url":"https:\/\/www.jornalja.com.br\/cultura\/wp-content\/uploads\/sites\/2\/2021\/10\/danca-andrea-franco-cred-rafael-do-canto-scaled.jpg","_links":{"self":[{"href":"https:\/\/www.jornalja.com.br\/cultura\/wp-json\/wp\/v2\/posts\/84905","targetHints":{"allow":["GET"]}}],"collection":[{"href":"https:\/\/www.jornalja.com.br\/cultura\/wp-json\/wp\/v2\/posts"}],"about":[{"href":"https:\/\/www.jornalja.com.br\/cultura\/wp-json\/wp\/v2\/types\/post"}],"author":[{"embeddable":true,"href":"https:\/\/www.jornalja.com.br\/cultura\/wp-json\/wp\/v2\/users\/4"}],"replies":[{"embeddable":true,"href":"https:\/\/www.jornalja.com.br\/cultura\/wp-json\/wp\/v2\/comments?post=84905"}],"version-history":[{"count":1,"href":"https:\/\/www.jornalja.com.br\/cultura\/wp-json\/wp\/v2\/posts\/84905\/revisions"}],"predecessor-version":[{"id":84918,"href":"https:\/\/www.jornalja.com.br\/cultura\/wp-json\/wp\/v2\/posts\/84905\/revisions\/84918"}],"wp:featuredmedia":[{"embeddable":true,"href":"https:\/\/www.jornalja.com.br\/cultura\/wp-json\/wp\/v2\/media\/84909"}],"wp:attachment":[{"href":"https:\/\/www.jornalja.com.br\/cultura\/wp-json\/wp\/v2\/media?parent=84905"}],"wp:term":[{"taxonomy":"category","embeddable":true,"href":"https:\/\/www.jornalja.com.br\/cultura\/wp-json\/wp\/v2\/categories?post=84905"},{"taxonomy":"post_tag","embeddable":true,"href":"https:\/\/www.jornalja.com.br\/cultura\/wp-json\/wp\/v2\/tags?post=84905"}],"curies":[{"name":"wp","href":"https:\/\/api.w.org\/{rel}","templated":true}]}}