{"id":85095,"date":"2021-10-30T20:28:57","date_gmt":"2021-10-30T23:28:57","guid":{"rendered":"https:\/\/www.jornalja.com.br\/cultura\/?p=85095"},"modified":"2021-11-01T18:47:00","modified_gmt":"2021-11-01T21:47:00","slug":"artistas-visuais-e-escritores-fazem-ato-de-desagravo-a-vandalismo-em-quadro-de-l-f-verissimo-na-galeria-escadaria","status":"publish","type":"post","link":"https:\/\/www.jornalja.com.br\/cultura\/artistas-visuais-e-escritores-fazem-ato-de-desagravo-a-vandalismo-em-quadro-de-l-f-verissimo-na-galeria-escadaria\/","title":{"rendered":"Artistas visuais e escritores fazem ato de desagravo \u00e0 vandalismo em quadro de L. F. Verissimo na Galeria Escadaria"},"content":{"rendered":"<p><strong>Higino Barros<\/strong><\/p>\n<p>Artistas visuais, escritores, simpatizantes e p\u00fablico em geral participaram nesse s\u00e1bado do ato em homenagem e de desagravo ao escritor Luis Fernando Ver\u00edssimo, cujo quadro exposto na exposi\u00e7\u00e3o &#8220;Autorias&#8221;, na Galeria Escadaria, no Viaduto Ot\u00e1vio Rocha, foi vandalizado tr\u00eas vezes nos \u00faltimos dez dias. A organizadora da mostra de pintura, que tem obras de 18 artistas e 28 escritores ga\u00fachos, Gra\u00e7a Craidy considerou o evento exitoso, j\u00e1 que demonstrou o rep\u00fadio ao ato de vandalismo, causado segundo Gra\u00e7a por algum, simpatizante do presidente Bolsonaro, de quem Ver\u00edssimo sempre foi cr\u00edtico em seus escritos. Para ela, a arte sempre vai vencer a prepot\u00eancia e o autoritarismo.<\/p>\n<figure id=\"attachment_85097\" aria-describedby=\"caption-attachment-85097\" style=\"width: 300px\" class=\"wp-caption alignnone\"><img decoding=\"async\" data-attachment-id=\"85097\" data-permalink=\"https:\/\/www.jornalja.com.br\/cultura\/artistas-visuais-e-escritores-fazem-ato-de-desagravo-a-vandalismo-em-quadro-de-l-f-verissimo-na-galeria-escadaria\/verissimo-2\/\" data-orig-file=\"https:\/\/www.jornalja.com.br\/cultura\/wp-content\/uploads\/sites\/2\/2021\/10\/verissimo-2.jpg\" data-orig-size=\"1600,1200\" data-comments-opened=\"1\" data-image-meta=\"{&quot;aperture&quot;:&quot;0&quot;,&quot;credit&quot;:&quot;&quot;,&quot;camera&quot;:&quot;&quot;,&quot;caption&quot;:&quot;&quot;,&quot;created_timestamp&quot;:&quot;0&quot;,&quot;copyright&quot;:&quot;&quot;,&quot;focal_length&quot;:&quot;0&quot;,&quot;iso&quot;:&quot;0&quot;,&quot;shutter_speed&quot;:&quot;0&quot;,&quot;title&quot;:&quot;&quot;,&quot;orientation&quot;:&quot;0&quot;}\" data-image-title=\"VERISSIMO 2\" data-image-description=\"\" data-image-caption=\"\" data-large-file=\"https:\/\/www.jornalja.com.br\/cultura\/wp-content\/uploads\/sites\/2\/2021\/10\/verissimo-2-1024x768.jpg\" class=\"wp-image-85097 size-medium\" src=\"https:\/\/www.jornalja.com.br\/cultura\/wp-content\/uploads\/sites\/2\/2021\/10\/verissimo-2-300x225.jpg\" alt=\"\" width=\"300\" height=\"225\" srcset=\"https:\/\/www.jornalja.com.br\/cultura\/wp-content\/uploads\/sites\/2\/2021\/10\/verissimo-2-300x225.jpg 300w, https:\/\/www.jornalja.com.br\/cultura\/wp-content\/uploads\/sites\/2\/2021\/10\/verissimo-2-1024x768.jpg 1024w, https:\/\/www.jornalja.com.br\/cultura\/wp-content\/uploads\/sites\/2\/2021\/10\/verissimo-2-768x576.jpg 768w, https:\/\/www.jornalja.com.br\/cultura\/wp-content\/uploads\/sites\/2\/2021\/10\/verissimo-2-1536x1152.jpg 1536w, https:\/\/www.jornalja.com.br\/cultura\/wp-content\/uploads\/sites\/2\/2021\/10\/verissimo-2-1200x900.jpg 1200w, https:\/\/www.jornalja.com.br\/cultura\/wp-content\/uploads\/sites\/2\/2021\/10\/verissimo-2.jpg 1600w\" sizes=\"(max-width: 300px) 100vw, 300px\" \/><figcaption id=\"caption-attachment-85097\" class=\"wp-caption-text\">Lucinda, neta, e Fernanda, filha de L. F. Verissimo.<\/figcaption><\/figure>\n<figure id=\"attachment_85096\" aria-describedby=\"caption-attachment-85096\" style=\"width: 300px\" class=\"wp-caption alignnone\"><img decoding=\"async\" data-attachment-id=\"85096\" data-permalink=\"https:\/\/www.jornalja.com.br\/cultura\/artistas-visuais-e-escritores-fazem-ato-de-desagravo-a-vandalismo-em-quadro-de-l-f-verissimo-na-galeria-escadaria\/verissimo-1\/\" data-orig-file=\"https:\/\/www.jornalja.com.br\/cultura\/wp-content\/uploads\/sites\/2\/2021\/10\/verissimo-1.jpg\" data-orig-size=\"1600,1200\" data-comments-opened=\"1\" data-image-meta=\"{&quot;aperture&quot;:&quot;0&quot;,&quot;credit&quot;:&quot;&quot;,&quot;camera&quot;:&quot;&quot;,&quot;caption&quot;:&quot;&quot;,&quot;created_timestamp&quot;:&quot;0&quot;,&quot;copyright&quot;:&quot;&quot;,&quot;focal_length&quot;:&quot;0&quot;,&quot;iso&quot;:&quot;0&quot;,&quot;shutter_speed&quot;:&quot;0&quot;,&quot;title&quot;:&quot;&quot;,&quot;orientation&quot;:&quot;0&quot;}\" data-image-title=\"VERISSIMO 1\" data-image-description=\"\" data-image-caption=\"\" data-large-file=\"https:\/\/www.jornalja.com.br\/cultura\/wp-content\/uploads\/sites\/2\/2021\/10\/verissimo-1-1024x768.jpg\" class=\"wp-image-85096 size-medium\" src=\"https:\/\/www.jornalja.com.br\/cultura\/wp-content\/uploads\/sites\/2\/2021\/10\/verissimo-1-300x225.jpg\" alt=\"\" width=\"300\" height=\"225\" srcset=\"https:\/\/www.jornalja.com.br\/cultura\/wp-content\/uploads\/sites\/2\/2021\/10\/verissimo-1-300x225.jpg 300w, https:\/\/www.jornalja.com.br\/cultura\/wp-content\/uploads\/sites\/2\/2021\/10\/verissimo-1-1024x768.jpg 1024w, https:\/\/www.jornalja.com.br\/cultura\/wp-content\/uploads\/sites\/2\/2021\/10\/verissimo-1-768x576.jpg 768w, https:\/\/www.jornalja.com.br\/cultura\/wp-content\/uploads\/sites\/2\/2021\/10\/verissimo-1-1536x1152.jpg 1536w, https:\/\/www.jornalja.com.br\/cultura\/wp-content\/uploads\/sites\/2\/2021\/10\/verissimo-1-1200x900.jpg 1200w, https:\/\/www.jornalja.com.br\/cultura\/wp-content\/uploads\/sites\/2\/2021\/10\/verissimo-1.jpg 1600w\" sizes=\"(max-width: 300px) 100vw, 300px\" \/><figcaption id=\"caption-attachment-85096\" class=\"wp-caption-text\">O presidente da ARI, Jos\u00e9 Nunes.<\/figcaption><\/figure>\n<p><img decoding=\"async\" data-attachment-id=\"85100\" data-permalink=\"https:\/\/www.jornalja.com.br\/cultura\/artistas-visuais-e-escritores-fazem-ato-de-desagravo-a-vandalismo-em-quadro-de-l-f-verissimo-na-galeria-escadaria\/verissimo-5\/\" data-orig-file=\"https:\/\/www.jornalja.com.br\/cultura\/wp-content\/uploads\/sites\/2\/2021\/10\/verissimo-5.jpg\" data-orig-size=\"1600,1200\" data-comments-opened=\"1\" data-image-meta=\"{&quot;aperture&quot;:&quot;0&quot;,&quot;credit&quot;:&quot;&quot;,&quot;camera&quot;:&quot;&quot;,&quot;caption&quot;:&quot;&quot;,&quot;created_timestamp&quot;:&quot;0&quot;,&quot;copyright&quot;:&quot;&quot;,&quot;focal_length&quot;:&quot;0&quot;,&quot;iso&quot;:&quot;0&quot;,&quot;shutter_speed&quot;:&quot;0&quot;,&quot;title&quot;:&quot;&quot;,&quot;orientation&quot;:&quot;0&quot;}\" data-image-title=\"VERISSIMO 5\" data-image-description=\"\" data-image-caption=\"\" data-large-file=\"https:\/\/www.jornalja.com.br\/cultura\/wp-content\/uploads\/sites\/2\/2021\/10\/verissimo-5-1024x768.jpg\" class=\"alignnone size-medium wp-image-85100\" src=\"https:\/\/www.jornalja.com.br\/cultura\/wp-content\/uploads\/sites\/2\/2021\/10\/verissimo-5-300x225.jpg\" alt=\"\" width=\"300\" height=\"225\" srcset=\"https:\/\/www.jornalja.com.br\/cultura\/wp-content\/uploads\/sites\/2\/2021\/10\/verissimo-5-300x225.jpg 300w, https:\/\/www.jornalja.com.br\/cultura\/wp-content\/uploads\/sites\/2\/2021\/10\/verissimo-5-1024x768.jpg 1024w, https:\/\/www.jornalja.com.br\/cultura\/wp-content\/uploads\/sites\/2\/2021\/10\/verissimo-5-768x576.jpg 768w, https:\/\/www.jornalja.com.br\/cultura\/wp-content\/uploads\/sites\/2\/2021\/10\/verissimo-5-1536x1152.jpg 1536w, https:\/\/www.jornalja.com.br\/cultura\/wp-content\/uploads\/sites\/2\/2021\/10\/verissimo-5-1200x900.jpg 1200w, https:\/\/www.jornalja.com.br\/cultura\/wp-content\/uploads\/sites\/2\/2021\/10\/verissimo-5.jpg 1600w\" sizes=\"(max-width: 300px) 100vw, 300px\" \/> <img decoding=\"async\" data-attachment-id=\"85099\" data-permalink=\"https:\/\/www.jornalja.com.br\/cultura\/artistas-visuais-e-escritores-fazem-ato-de-desagravo-a-vandalismo-em-quadro-de-l-f-verissimo-na-galeria-escadaria\/verissimo-4\/\" data-orig-file=\"https:\/\/www.jornalja.com.br\/cultura\/wp-content\/uploads\/sites\/2\/2021\/10\/verissimo-4.jpg\" data-orig-size=\"1600,1200\" data-comments-opened=\"1\" data-image-meta=\"{&quot;aperture&quot;:&quot;0&quot;,&quot;credit&quot;:&quot;&quot;,&quot;camera&quot;:&quot;&quot;,&quot;caption&quot;:&quot;&quot;,&quot;created_timestamp&quot;:&quot;0&quot;,&quot;copyright&quot;:&quot;&quot;,&quot;focal_length&quot;:&quot;0&quot;,&quot;iso&quot;:&quot;0&quot;,&quot;shutter_speed&quot;:&quot;0&quot;,&quot;title&quot;:&quot;&quot;,&quot;orientation&quot;:&quot;0&quot;}\" data-image-title=\"VERISSIMO 4\" data-image-description=\"\" data-image-caption=\"\" data-large-file=\"https:\/\/www.jornalja.com.br\/cultura\/wp-content\/uploads\/sites\/2\/2021\/10\/verissimo-4-1024x768.jpg\" class=\"alignnone size-medium wp-image-85099\" src=\"https:\/\/www.jornalja.com.br\/cultura\/wp-content\/uploads\/sites\/2\/2021\/10\/verissimo-4-300x225.jpg\" alt=\"\" width=\"300\" height=\"225\" srcset=\"https:\/\/www.jornalja.com.br\/cultura\/wp-content\/uploads\/sites\/2\/2021\/10\/verissimo-4-300x225.jpg 300w, https:\/\/www.jornalja.com.br\/cultura\/wp-content\/uploads\/sites\/2\/2021\/10\/verissimo-4-1024x768.jpg 1024w, https:\/\/www.jornalja.com.br\/cultura\/wp-content\/uploads\/sites\/2\/2021\/10\/verissimo-4-768x576.jpg 768w, https:\/\/www.jornalja.com.br\/cultura\/wp-content\/uploads\/sites\/2\/2021\/10\/verissimo-4-1536x1152.jpg 1536w, https:\/\/www.jornalja.com.br\/cultura\/wp-content\/uploads\/sites\/2\/2021\/10\/verissimo-4-1200x900.jpg 1200w, https:\/\/www.jornalja.com.br\/cultura\/wp-content\/uploads\/sites\/2\/2021\/10\/verissimo-4.jpg 1600w\" sizes=\"(max-width: 300px) 100vw, 300px\" \/><\/p>\n<p>A filha do escritor, Fernanda, representou o pai.\u00a0 Ela estava acompanhada por Lucinda neta de Luis Fernando e que j\u00e1 foi personagem de suas cr\u00f4nicas. Do grupo de escritores retratados na mostra,\u00a0 S\u00e9rgio Faraco disse que \u00e9 importante se posicionar diante de atos que agridem a cultura. O presidente da Associa\u00e7\u00e3o Riograndense de Imprensa, Jos\u00e9 Nunes, deixou a solidariedade da entidade aos artistas.<\/p>\n<figure id=\"attachment_85105\" aria-describedby=\"caption-attachment-85105\" style=\"width: 300px\" class=\"wp-caption alignnone\"><img decoding=\"async\" data-attachment-id=\"85105\" data-permalink=\"https:\/\/www.jornalja.com.br\/cultura\/artistas-visuais-e-escritores-fazem-ato-de-desagravo-a-vandalismo-em-quadro-de-l-f-verissimo-na-galeria-escadaria\/verissimo-10\/\" data-orig-file=\"https:\/\/www.jornalja.com.br\/cultura\/wp-content\/uploads\/sites\/2\/2021\/10\/verissimo-10.jpg\" data-orig-size=\"1600,1200\" data-comments-opened=\"1\" data-image-meta=\"{&quot;aperture&quot;:&quot;0&quot;,&quot;credit&quot;:&quot;&quot;,&quot;camera&quot;:&quot;&quot;,&quot;caption&quot;:&quot;&quot;,&quot;created_timestamp&quot;:&quot;0&quot;,&quot;copyright&quot;:&quot;&quot;,&quot;focal_length&quot;:&quot;0&quot;,&quot;iso&quot;:&quot;0&quot;,&quot;shutter_speed&quot;:&quot;0&quot;,&quot;title&quot;:&quot;&quot;,&quot;orientation&quot;:&quot;0&quot;}\" data-image-title=\"VERISSIMO 10\" data-image-description=\"\" data-image-caption=\"\" data-large-file=\"https:\/\/www.jornalja.com.br\/cultura\/wp-content\/uploads\/sites\/2\/2021\/10\/verissimo-10-1024x768.jpg\" class=\"wp-image-85105 size-medium\" src=\"https:\/\/www.jornalja.com.br\/cultura\/wp-content\/uploads\/sites\/2\/2021\/10\/verissimo-10-300x225.jpg\" alt=\"\" width=\"300\" height=\"225\" srcset=\"https:\/\/www.jornalja.com.br\/cultura\/wp-content\/uploads\/sites\/2\/2021\/10\/verissimo-10-300x225.jpg 300w, https:\/\/www.jornalja.com.br\/cultura\/wp-content\/uploads\/sites\/2\/2021\/10\/verissimo-10-1024x768.jpg 1024w, https:\/\/www.jornalja.com.br\/cultura\/wp-content\/uploads\/sites\/2\/2021\/10\/verissimo-10-768x576.jpg 768w, https:\/\/www.jornalja.com.br\/cultura\/wp-content\/uploads\/sites\/2\/2021\/10\/verissimo-10-1536x1152.jpg 1536w, https:\/\/www.jornalja.com.br\/cultura\/wp-content\/uploads\/sites\/2\/2021\/10\/verissimo-10-1200x900.jpg 1200w, https:\/\/www.jornalja.com.br\/cultura\/wp-content\/uploads\/sites\/2\/2021\/10\/verissimo-10.jpg 1600w\" sizes=\"(max-width: 300px) 100vw, 300px\" \/><figcaption id=\"caption-attachment-85105\" class=\"wp-caption-text\">O escritor S\u00e9rgio Faraco<\/figcaption><\/figure>\n<figure id=\"attachment_85103\" aria-describedby=\"caption-attachment-85103\" style=\"width: 300px\" class=\"wp-caption alignnone\"><img decoding=\"async\" data-attachment-id=\"85103\" data-permalink=\"https:\/\/www.jornalja.com.br\/cultura\/artistas-visuais-e-escritores-fazem-ato-de-desagravo-a-vandalismo-em-quadro-de-l-f-verissimo-na-galeria-escadaria\/verissimo-8\/\" data-orig-file=\"https:\/\/www.jornalja.com.br\/cultura\/wp-content\/uploads\/sites\/2\/2021\/10\/verissimo-8.jpg\" data-orig-size=\"1600,1200\" data-comments-opened=\"1\" data-image-meta=\"{&quot;aperture&quot;:&quot;0&quot;,&quot;credit&quot;:&quot;&quot;,&quot;camera&quot;:&quot;&quot;,&quot;caption&quot;:&quot;&quot;,&quot;created_timestamp&quot;:&quot;0&quot;,&quot;copyright&quot;:&quot;&quot;,&quot;focal_length&quot;:&quot;0&quot;,&quot;iso&quot;:&quot;0&quot;,&quot;shutter_speed&quot;:&quot;0&quot;,&quot;title&quot;:&quot;&quot;,&quot;orientation&quot;:&quot;0&quot;}\" data-image-title=\"VERISSIMO 8\" data-image-description=\"\" data-image-caption=\"\" data-large-file=\"https:\/\/www.jornalja.com.br\/cultura\/wp-content\/uploads\/sites\/2\/2021\/10\/verissimo-8-1024x768.jpg\" class=\"wp-image-85103 size-medium\" src=\"https:\/\/www.jornalja.com.br\/cultura\/wp-content\/uploads\/sites\/2\/2021\/10\/verissimo-8-300x225.jpg\" alt=\"\" width=\"300\" height=\"225\" srcset=\"https:\/\/www.jornalja.com.br\/cultura\/wp-content\/uploads\/sites\/2\/2021\/10\/verissimo-8-300x225.jpg 300w, https:\/\/www.jornalja.com.br\/cultura\/wp-content\/uploads\/sites\/2\/2021\/10\/verissimo-8-1024x768.jpg 1024w, https:\/\/www.jornalja.com.br\/cultura\/wp-content\/uploads\/sites\/2\/2021\/10\/verissimo-8-768x576.jpg 768w, https:\/\/www.jornalja.com.br\/cultura\/wp-content\/uploads\/sites\/2\/2021\/10\/verissimo-8-1536x1152.jpg 1536w, https:\/\/www.jornalja.com.br\/cultura\/wp-content\/uploads\/sites\/2\/2021\/10\/verissimo-8-1200x900.jpg 1200w, https:\/\/www.jornalja.com.br\/cultura\/wp-content\/uploads\/sites\/2\/2021\/10\/verissimo-8.jpg 1600w\" sizes=\"(max-width: 300px) 100vw, 300px\" \/><figcaption id=\"caption-attachment-85103\" class=\"wp-caption-text\">O cartunista Santiago e a jornalista Jurema Josefa.<\/figcaption><\/figure>\n<p><img decoding=\"async\" data-attachment-id=\"85104\" data-permalink=\"https:\/\/www.jornalja.com.br\/cultura\/artistas-visuais-e-escritores-fazem-ato-de-desagravo-a-vandalismo-em-quadro-de-l-f-verissimo-na-galeria-escadaria\/verissimo-9\/\" data-orig-file=\"https:\/\/www.jornalja.com.br\/cultura\/wp-content\/uploads\/sites\/2\/2021\/10\/verissimo-9.jpg\" data-orig-size=\"1600,1200\" data-comments-opened=\"1\" data-image-meta=\"{&quot;aperture&quot;:&quot;0&quot;,&quot;credit&quot;:&quot;&quot;,&quot;camera&quot;:&quot;&quot;,&quot;caption&quot;:&quot;&quot;,&quot;created_timestamp&quot;:&quot;0&quot;,&quot;copyright&quot;:&quot;&quot;,&quot;focal_length&quot;:&quot;0&quot;,&quot;iso&quot;:&quot;0&quot;,&quot;shutter_speed&quot;:&quot;0&quot;,&quot;title&quot;:&quot;&quot;,&quot;orientation&quot;:&quot;0&quot;}\" data-image-title=\"VERISSIMO 9\" data-image-description=\"\" data-image-caption=\"\" data-large-file=\"https:\/\/www.jornalja.com.br\/cultura\/wp-content\/uploads\/sites\/2\/2021\/10\/verissimo-9-1024x768.jpg\" class=\"alignnone size-medium wp-image-85104\" src=\"https:\/\/www.jornalja.com.br\/cultura\/wp-content\/uploads\/sites\/2\/2021\/10\/verissimo-9-300x225.jpg\" alt=\"\" width=\"300\" height=\"225\" srcset=\"https:\/\/www.jornalja.com.br\/cultura\/wp-content\/uploads\/sites\/2\/2021\/10\/verissimo-9-300x225.jpg 300w, https:\/\/www.jornalja.com.br\/cultura\/wp-content\/uploads\/sites\/2\/2021\/10\/verissimo-9-1024x768.jpg 1024w, https:\/\/www.jornalja.com.br\/cultura\/wp-content\/uploads\/sites\/2\/2021\/10\/verissimo-9-768x576.jpg 768w, https:\/\/www.jornalja.com.br\/cultura\/wp-content\/uploads\/sites\/2\/2021\/10\/verissimo-9-1536x1152.jpg 1536w, https:\/\/www.jornalja.com.br\/cultura\/wp-content\/uploads\/sites\/2\/2021\/10\/verissimo-9-1200x900.jpg 1200w, https:\/\/www.jornalja.com.br\/cultura\/wp-content\/uploads\/sites\/2\/2021\/10\/verissimo-9.jpg 1600w\" sizes=\"(max-width: 300px) 100vw, 300px\" \/> <img decoding=\"async\" data-attachment-id=\"85102\" data-permalink=\"https:\/\/www.jornalja.com.br\/cultura\/artistas-visuais-e-escritores-fazem-ato-de-desagravo-a-vandalismo-em-quadro-de-l-f-verissimo-na-galeria-escadaria\/verissimo-7\/\" data-orig-file=\"https:\/\/www.jornalja.com.br\/cultura\/wp-content\/uploads\/sites\/2\/2021\/10\/verissimo-7.jpg\" data-orig-size=\"1600,1200\" data-comments-opened=\"1\" data-image-meta=\"{&quot;aperture&quot;:&quot;0&quot;,&quot;credit&quot;:&quot;&quot;,&quot;camera&quot;:&quot;&quot;,&quot;caption&quot;:&quot;&quot;,&quot;created_timestamp&quot;:&quot;0&quot;,&quot;copyright&quot;:&quot;&quot;,&quot;focal_length&quot;:&quot;0&quot;,&quot;iso&quot;:&quot;0&quot;,&quot;shutter_speed&quot;:&quot;0&quot;,&quot;title&quot;:&quot;&quot;,&quot;orientation&quot;:&quot;0&quot;}\" data-image-title=\"VERISSIMO 7\" data-image-description=\"\" data-image-caption=\"\" data-large-file=\"https:\/\/www.jornalja.com.br\/cultura\/wp-content\/uploads\/sites\/2\/2021\/10\/verissimo-7-1024x768.jpg\" class=\"alignnone size-medium wp-image-85102\" src=\"https:\/\/www.jornalja.com.br\/cultura\/wp-content\/uploads\/sites\/2\/2021\/10\/verissimo-7-300x225.jpg\" alt=\"\" width=\"300\" height=\"225\" srcset=\"https:\/\/www.jornalja.com.br\/cultura\/wp-content\/uploads\/sites\/2\/2021\/10\/verissimo-7-300x225.jpg 300w, https:\/\/www.jornalja.com.br\/cultura\/wp-content\/uploads\/sites\/2\/2021\/10\/verissimo-7-1024x768.jpg 1024w, https:\/\/www.jornalja.com.br\/cultura\/wp-content\/uploads\/sites\/2\/2021\/10\/verissimo-7-768x576.jpg 768w, https:\/\/www.jornalja.com.br\/cultura\/wp-content\/uploads\/sites\/2\/2021\/10\/verissimo-7-1536x1152.jpg 1536w, https:\/\/www.jornalja.com.br\/cultura\/wp-content\/uploads\/sites\/2\/2021\/10\/verissimo-7-1200x900.jpg 1200w, https:\/\/www.jornalja.com.br\/cultura\/wp-content\/uploads\/sites\/2\/2021\/10\/verissimo-7.jpg 1600w\" sizes=\"(max-width: 300px) 100vw, 300px\" \/> <img decoding=\"async\" data-attachment-id=\"85101\" data-permalink=\"https:\/\/www.jornalja.com.br\/cultura\/artistas-visuais-e-escritores-fazem-ato-de-desagravo-a-vandalismo-em-quadro-de-l-f-verissimo-na-galeria-escadaria\/verissimo-6\/\" data-orig-file=\"https:\/\/www.jornalja.com.br\/cultura\/wp-content\/uploads\/sites\/2\/2021\/10\/verissimo-6.jpg\" data-orig-size=\"1600,1200\" data-comments-opened=\"1\" data-image-meta=\"{&quot;aperture&quot;:&quot;0&quot;,&quot;credit&quot;:&quot;&quot;,&quot;camera&quot;:&quot;&quot;,&quot;caption&quot;:&quot;&quot;,&quot;created_timestamp&quot;:&quot;0&quot;,&quot;copyright&quot;:&quot;&quot;,&quot;focal_length&quot;:&quot;0&quot;,&quot;iso&quot;:&quot;0&quot;,&quot;shutter_speed&quot;:&quot;0&quot;,&quot;title&quot;:&quot;&quot;,&quot;orientation&quot;:&quot;0&quot;}\" data-image-title=\"VERISSIMO 6\" data-image-description=\"\" data-image-caption=\"\" data-large-file=\"https:\/\/www.jornalja.com.br\/cultura\/wp-content\/uploads\/sites\/2\/2021\/10\/verissimo-6-1024x768.jpg\" class=\"alignnone size-medium wp-image-85101\" src=\"https:\/\/www.jornalja.com.br\/cultura\/wp-content\/uploads\/sites\/2\/2021\/10\/verissimo-6-300x225.jpg\" alt=\"\" width=\"300\" height=\"225\" srcset=\"https:\/\/www.jornalja.com.br\/cultura\/wp-content\/uploads\/sites\/2\/2021\/10\/verissimo-6-300x225.jpg 300w, https:\/\/www.jornalja.com.br\/cultura\/wp-content\/uploads\/sites\/2\/2021\/10\/verissimo-6-1024x768.jpg 1024w, https:\/\/www.jornalja.com.br\/cultura\/wp-content\/uploads\/sites\/2\/2021\/10\/verissimo-6-768x576.jpg 768w, https:\/\/www.jornalja.com.br\/cultura\/wp-content\/uploads\/sites\/2\/2021\/10\/verissimo-6-1536x1152.jpg 1536w, https:\/\/www.jornalja.com.br\/cultura\/wp-content\/uploads\/sites\/2\/2021\/10\/verissimo-6-1200x900.jpg 1200w, https:\/\/www.jornalja.com.br\/cultura\/wp-content\/uploads\/sites\/2\/2021\/10\/verissimo-6.jpg 1600w\" sizes=\"(max-width: 300px) 100vw, 300px\" \/><\/p>\n<p>&nbsp;<\/p>\n<p>A exposi\u00e7\u00e3o \u201cAutorias\u201d foi aberta no dia primeiro de outubro e fica no local at\u00e9 dia tr\u00eas de novembro. A galeria costumava expor exposi\u00e7\u00f5es de fotografias. Essa foi a primeira exposi\u00e7\u00e3o de pintura. A atual mostra foi coordenada pela artista visual Gra\u00e7a Craidy, com execu\u00e7\u00e3o pelo respons\u00e1vel do espa\u00e7o, o produtor cultural Marcos Monteiro.<\/p>\n<figure id=\"attachment_85110\" aria-describedby=\"caption-attachment-85110\" style=\"width: 225px\" class=\"wp-caption alignnone\"><img decoding=\"async\" data-attachment-id=\"85110\" data-permalink=\"https:\/\/www.jornalja.com.br\/cultura\/artistas-visuais-e-escritores-fazem-ato-de-desagravo-a-vandalismo-em-quadro-de-l-f-verissimo-na-galeria-escadaria\/verissimo-15\/\" data-orig-file=\"https:\/\/www.jornalja.com.br\/cultura\/wp-content\/uploads\/sites\/2\/2021\/10\/verissimo-15-scaled.jpg\" data-orig-size=\"1920,2560\" data-comments-opened=\"1\" data-image-meta=\"{&quot;aperture&quot;:&quot;1.8&quot;,&quot;credit&quot;:&quot;&quot;,&quot;camera&quot;:&quot;SM-A325M&quot;,&quot;caption&quot;:&quot;&quot;,&quot;created_timestamp&quot;:&quot;1635598504&quot;,&quot;copyright&quot;:&quot;&quot;,&quot;focal_length&quot;:&quot;4.6&quot;,&quot;iso&quot;:&quot;40&quot;,&quot;shutter_speed&quot;:&quot;0.01667&quot;,&quot;title&quot;:&quot;&quot;,&quot;orientation&quot;:&quot;1&quot;}\" data-image-title=\"VERISSIMO 15\" data-image-description=\"\" data-image-caption=\"\" data-large-file=\"https:\/\/www.jornalja.com.br\/cultura\/wp-content\/uploads\/sites\/2\/2021\/10\/verissimo-15-768x1024.jpg\" class=\"wp-image-85110 size-medium\" src=\"https:\/\/www.jornalja.com.br\/cultura\/wp-content\/uploads\/sites\/2\/2021\/10\/verissimo-15-225x300.jpg\" alt=\"\" width=\"225\" height=\"300\" srcset=\"https:\/\/www.jornalja.com.br\/cultura\/wp-content\/uploads\/sites\/2\/2021\/10\/verissimo-15-225x300.jpg 225w, https:\/\/www.jornalja.com.br\/cultura\/wp-content\/uploads\/sites\/2\/2021\/10\/verissimo-15-768x1024.jpg 768w, https:\/\/www.jornalja.com.br\/cultura\/wp-content\/uploads\/sites\/2\/2021\/10\/verissimo-15-1152x1536.jpg 1152w, https:\/\/www.jornalja.com.br\/cultura\/wp-content\/uploads\/sites\/2\/2021\/10\/verissimo-15-1536x2048.jpg 1536w, https:\/\/www.jornalja.com.br\/cultura\/wp-content\/uploads\/sites\/2\/2021\/10\/verissimo-15-1200x1600.jpg 1200w, https:\/\/www.jornalja.com.br\/cultura\/wp-content\/uploads\/sites\/2\/2021\/10\/verissimo-15-scaled.jpg 1920w\" sizes=\"(max-width: 225px) 100vw, 225px\" \/><figcaption id=\"caption-attachment-85110\" class=\"wp-caption-text\">A artista visual Gra\u00e7a Craidy e o produtor cultural Marcos Monteiro. Foto; Higino Barros\/ J\u00c1 Porto Alegre<\/figcaption><\/figure>\n<p><img decoding=\"async\" data-attachment-id=\"85109\" data-permalink=\"https:\/\/www.jornalja.com.br\/cultura\/artistas-visuais-e-escritores-fazem-ato-de-desagravo-a-vandalismo-em-quadro-de-l-f-verissimo-na-galeria-escadaria\/verissimo-14\/\" data-orig-file=\"https:\/\/www.jornalja.com.br\/cultura\/wp-content\/uploads\/sites\/2\/2021\/10\/verissimo-14.jpg\" data-orig-size=\"1600,1200\" data-comments-opened=\"1\" data-image-meta=\"{&quot;aperture&quot;:&quot;0&quot;,&quot;credit&quot;:&quot;&quot;,&quot;camera&quot;:&quot;&quot;,&quot;caption&quot;:&quot;&quot;,&quot;created_timestamp&quot;:&quot;0&quot;,&quot;copyright&quot;:&quot;&quot;,&quot;focal_length&quot;:&quot;0&quot;,&quot;iso&quot;:&quot;0&quot;,&quot;shutter_speed&quot;:&quot;0&quot;,&quot;title&quot;:&quot;&quot;,&quot;orientation&quot;:&quot;0&quot;}\" data-image-title=\"VERISSIMO 14\" data-image-description=\"\" data-image-caption=\"\" data-large-file=\"https:\/\/www.jornalja.com.br\/cultura\/wp-content\/uploads\/sites\/2\/2021\/10\/verissimo-14-1024x768.jpg\" class=\"alignnone size-medium wp-image-85109\" src=\"https:\/\/www.jornalja.com.br\/cultura\/wp-content\/uploads\/sites\/2\/2021\/10\/verissimo-14-300x225.jpg\" alt=\"\" width=\"300\" height=\"225\" srcset=\"https:\/\/www.jornalja.com.br\/cultura\/wp-content\/uploads\/sites\/2\/2021\/10\/verissimo-14-300x225.jpg 300w, https:\/\/www.jornalja.com.br\/cultura\/wp-content\/uploads\/sites\/2\/2021\/10\/verissimo-14-1024x768.jpg 1024w, https:\/\/www.jornalja.com.br\/cultura\/wp-content\/uploads\/sites\/2\/2021\/10\/verissimo-14-768x576.jpg 768w, https:\/\/www.jornalja.com.br\/cultura\/wp-content\/uploads\/sites\/2\/2021\/10\/verissimo-14-1536x1152.jpg 1536w, https:\/\/www.jornalja.com.br\/cultura\/wp-content\/uploads\/sites\/2\/2021\/10\/verissimo-14-1200x900.jpg 1200w, https:\/\/www.jornalja.com.br\/cultura\/wp-content\/uploads\/sites\/2\/2021\/10\/verissimo-14.jpg 1600w\" sizes=\"(max-width: 300px) 100vw, 300px\" \/> <img decoding=\"async\" data-attachment-id=\"85108\" data-permalink=\"https:\/\/www.jornalja.com.br\/cultura\/artistas-visuais-e-escritores-fazem-ato-de-desagravo-a-vandalismo-em-quadro-de-l-f-verissimo-na-galeria-escadaria\/verissimo-13\/\" data-orig-file=\"https:\/\/www.jornalja.com.br\/cultura\/wp-content\/uploads\/sites\/2\/2021\/10\/verissimo-13.jpg\" data-orig-size=\"1600,1200\" data-comments-opened=\"1\" data-image-meta=\"{&quot;aperture&quot;:&quot;0&quot;,&quot;credit&quot;:&quot;&quot;,&quot;camera&quot;:&quot;&quot;,&quot;caption&quot;:&quot;&quot;,&quot;created_timestamp&quot;:&quot;0&quot;,&quot;copyright&quot;:&quot;&quot;,&quot;focal_length&quot;:&quot;0&quot;,&quot;iso&quot;:&quot;0&quot;,&quot;shutter_speed&quot;:&quot;0&quot;,&quot;title&quot;:&quot;&quot;,&quot;orientation&quot;:&quot;0&quot;}\" data-image-title=\"VERISSIMO 13\" data-image-description=\"\" data-image-caption=\"\" data-large-file=\"https:\/\/www.jornalja.com.br\/cultura\/wp-content\/uploads\/sites\/2\/2021\/10\/verissimo-13-1024x768.jpg\" class=\"alignnone size-medium wp-image-85108\" src=\"https:\/\/www.jornalja.com.br\/cultura\/wp-content\/uploads\/sites\/2\/2021\/10\/verissimo-13-300x225.jpg\" alt=\"\" width=\"300\" height=\"225\" srcset=\"https:\/\/www.jornalja.com.br\/cultura\/wp-content\/uploads\/sites\/2\/2021\/10\/verissimo-13-300x225.jpg 300w, https:\/\/www.jornalja.com.br\/cultura\/wp-content\/uploads\/sites\/2\/2021\/10\/verissimo-13-1024x768.jpg 1024w, https:\/\/www.jornalja.com.br\/cultura\/wp-content\/uploads\/sites\/2\/2021\/10\/verissimo-13-768x576.jpg 768w, https:\/\/www.jornalja.com.br\/cultura\/wp-content\/uploads\/sites\/2\/2021\/10\/verissimo-13-1536x1152.jpg 1536w, https:\/\/www.jornalja.com.br\/cultura\/wp-content\/uploads\/sites\/2\/2021\/10\/verissimo-13-1200x900.jpg 1200w, https:\/\/www.jornalja.com.br\/cultura\/wp-content\/uploads\/sites\/2\/2021\/10\/verissimo-13.jpg 1600w\" sizes=\"(max-width: 300px) 100vw, 300px\" \/> <img decoding=\"async\" data-attachment-id=\"85107\" data-permalink=\"https:\/\/www.jornalja.com.br\/cultura\/artistas-visuais-e-escritores-fazem-ato-de-desagravo-a-vandalismo-em-quadro-de-l-f-verissimo-na-galeria-escadaria\/verissimo-12\/\" data-orig-file=\"https:\/\/www.jornalja.com.br\/cultura\/wp-content\/uploads\/sites\/2\/2021\/10\/verissimo-12.jpg\" data-orig-size=\"1600,1200\" data-comments-opened=\"1\" data-image-meta=\"{&quot;aperture&quot;:&quot;0&quot;,&quot;credit&quot;:&quot;&quot;,&quot;camera&quot;:&quot;&quot;,&quot;caption&quot;:&quot;&quot;,&quot;created_timestamp&quot;:&quot;0&quot;,&quot;copyright&quot;:&quot;&quot;,&quot;focal_length&quot;:&quot;0&quot;,&quot;iso&quot;:&quot;0&quot;,&quot;shutter_speed&quot;:&quot;0&quot;,&quot;title&quot;:&quot;&quot;,&quot;orientation&quot;:&quot;0&quot;}\" data-image-title=\"VERISSIMO 12\" data-image-description=\"\" data-image-caption=\"\" data-large-file=\"https:\/\/www.jornalja.com.br\/cultura\/wp-content\/uploads\/sites\/2\/2021\/10\/verissimo-12-1024x768.jpg\" class=\"alignnone size-medium wp-image-85107\" src=\"https:\/\/www.jornalja.com.br\/cultura\/wp-content\/uploads\/sites\/2\/2021\/10\/verissimo-12-300x225.jpg\" alt=\"\" width=\"300\" height=\"225\" srcset=\"https:\/\/www.jornalja.com.br\/cultura\/wp-content\/uploads\/sites\/2\/2021\/10\/verissimo-12-300x225.jpg 300w, https:\/\/www.jornalja.com.br\/cultura\/wp-content\/uploads\/sites\/2\/2021\/10\/verissimo-12-1024x768.jpg 1024w, https:\/\/www.jornalja.com.br\/cultura\/wp-content\/uploads\/sites\/2\/2021\/10\/verissimo-12-768x576.jpg 768w, https:\/\/www.jornalja.com.br\/cultura\/wp-content\/uploads\/sites\/2\/2021\/10\/verissimo-12-1536x1152.jpg 1536w, https:\/\/www.jornalja.com.br\/cultura\/wp-content\/uploads\/sites\/2\/2021\/10\/verissimo-12-1200x900.jpg 1200w, https:\/\/www.jornalja.com.br\/cultura\/wp-content\/uploads\/sites\/2\/2021\/10\/verissimo-12.jpg 1600w\" sizes=\"(max-width: 300px) 100vw, 300px\" \/> <img decoding=\"async\" data-attachment-id=\"85106\" data-permalink=\"https:\/\/www.jornalja.com.br\/cultura\/artistas-visuais-e-escritores-fazem-ato-de-desagravo-a-vandalismo-em-quadro-de-l-f-verissimo-na-galeria-escadaria\/verissimo-11\/\" data-orig-file=\"https:\/\/www.jornalja.com.br\/cultura\/wp-content\/uploads\/sites\/2\/2021\/10\/verissimo-11.jpg\" data-orig-size=\"1479,1226\" data-comments-opened=\"1\" data-image-meta=\"{&quot;aperture&quot;:&quot;0&quot;,&quot;credit&quot;:&quot;&quot;,&quot;camera&quot;:&quot;&quot;,&quot;caption&quot;:&quot;&quot;,&quot;created_timestamp&quot;:&quot;0&quot;,&quot;copyright&quot;:&quot;&quot;,&quot;focal_length&quot;:&quot;0&quot;,&quot;iso&quot;:&quot;0&quot;,&quot;shutter_speed&quot;:&quot;0&quot;,&quot;title&quot;:&quot;&quot;,&quot;orientation&quot;:&quot;0&quot;}\" data-image-title=\"VERISSIMO 11\" data-image-description=\"\" data-image-caption=\"\" data-large-file=\"https:\/\/www.jornalja.com.br\/cultura\/wp-content\/uploads\/sites\/2\/2021\/10\/verissimo-11-1024x849.jpg\" class=\"alignnone size-medium wp-image-85106\" src=\"https:\/\/www.jornalja.com.br\/cultura\/wp-content\/uploads\/sites\/2\/2021\/10\/verissimo-11-300x249.jpg\" alt=\"\" width=\"300\" height=\"249\" srcset=\"https:\/\/www.jornalja.com.br\/cultura\/wp-content\/uploads\/sites\/2\/2021\/10\/verissimo-11-300x249.jpg 300w, https:\/\/www.jornalja.com.br\/cultura\/wp-content\/uploads\/sites\/2\/2021\/10\/verissimo-11-1024x849.jpg 1024w, https:\/\/www.jornalja.com.br\/cultura\/wp-content\/uploads\/sites\/2\/2021\/10\/verissimo-11-768x637.jpg 768w, https:\/\/www.jornalja.com.br\/cultura\/wp-content\/uploads\/sites\/2\/2021\/10\/verissimo-11-1200x995.jpg 1200w, https:\/\/www.jornalja.com.br\/cultura\/wp-content\/uploads\/sites\/2\/2021\/10\/verissimo-11.jpg 1479w\" sizes=\"(max-width: 300px) 100vw, 300px\" \/><\/p>\n","protected":false},"excerpt":{"rendered":"<p>Higino Barros Artistas visuais, escritores, simpatizantes e p\u00fablico em geral participaram nesse s\u00e1bado do ato em homenagem e de desagravo ao escritor Luis Fernando Ver\u00edssimo, cujo quadro exposto na exposi\u00e7\u00e3o &#8220;Autorias&#8221;, na Galeria Escadaria, no Viaduto Ot\u00e1vio Rocha, foi vandalizado tr\u00eas vezes nos \u00faltimos dez dias. A organizadora da mostra de pintura, que tem obras [&hellip;]<\/p>\n","protected":false},"author":3,"featured_media":85098,"comment_status":"open","ping_status":"open","sticky":false,"template":"","format":"standard","meta":{"jetpack_post_was_ever_published":false,"_jetpack_newsletter_access":"","_jetpack_dont_email_post_to_subs":false,"_jetpack_newsletter_tier_id":0,"_jetpack_memberships_contains_paywalled_content":false,"_jetpack_memberships_contains_paid_content":false,"footnotes":"","jetpack_publicize_message":"","jetpack_publicize_feature_enabled":true,"jetpack_social_post_already_shared":true,"jetpack_social_options":{"image_generator_settings":{"template":"highway","default_image_id":0,"font":"","enabled":false},"version":2}},"categories":[2],"tags":[],"class_list":["post-85095","post","type-post","status-publish","format-standard","has-post-thumbnail","hentry","category-materiasecundaria"],"aioseo_notices":[],"jetpack_publicize_connections":[],"jetpack_featured_media_url":"https:\/\/www.jornalja.com.br\/cultura\/wp-content\/uploads\/sites\/2\/2021\/10\/verissimo-3.jpg","jetpack-related-posts":[{"id":85162,"url":"https:\/\/www.jornalja.com.br\/cultura\/l-f-verissimo-recebe-desenhos-por-vandalismo-ao-seu-retrato-na-mostra-autorias\/","url_meta":{"origin":85095,"position":0},"title":"L. F. Verissimo recebe desenhos por vandalismo ao seu retrato na mostra &#8220;Autorias&#8221;","author":"da Reda\u00e7\u00e3o","date":"8 de novembro de 2021","format":false,"excerpt":"O jornalista e escritor Luis Fernando Verissimo, que convalesce em casa, recebeu um presente especial entregue pela idealizadora da exposi\u00e7\u00e3o \"Autorias\", Gra\u00e7a Craidy: uma pasta com os trabalhos da atividade \u201cDesenhando Verissimo\u201d, em desagravo ao fato de a tela com o retrato de LFV ter sido vandalizada em meio \u00e0\u2026","rel":"","context":"Em &quot;Cultura-MAT\u00c9RIA&quot;","block_context":{"text":"Cultura-MAT\u00c9RIA","link":"https:\/\/www.jornalja.com.br\/cultura\/category\/materiasecundaria\/"},"img":{"alt_text":"","src":"https:\/\/i0.wp.com\/www.jornalja.com.br\/cultura\/wp-content\/uploads\/sites\/2\/2021\/11\/verissimo-dezenas-de-desenhos-retratando-verissimo-foram-entregues-em-desagravo-e-em-homenagem-a-ele-scaled.jpeg?resize=350%2C200&ssl=1","width":350,"height":200,"srcset":"https:\/\/i0.wp.com\/www.jornalja.com.br\/cultura\/wp-content\/uploads\/sites\/2\/2021\/11\/verissimo-dezenas-de-desenhos-retratando-verissimo-foram-entregues-em-desagravo-e-em-homenagem-a-ele-scaled.jpeg?resize=350%2C200&ssl=1 1x, https:\/\/i0.wp.com\/www.jornalja.com.br\/cultura\/wp-content\/uploads\/sites\/2\/2021\/11\/verissimo-dezenas-de-desenhos-retratando-verissimo-foram-entregues-em-desagravo-e-em-homenagem-a-ele-scaled.jpeg?resize=525%2C300&ssl=1 1.5x, https:\/\/i0.wp.com\/www.jornalja.com.br\/cultura\/wp-content\/uploads\/sites\/2\/2021\/11\/verissimo-dezenas-de-desenhos-retratando-verissimo-foram-entregues-em-desagravo-e-em-homenagem-a-ele-scaled.jpeg?resize=700%2C400&ssl=1 2x, https:\/\/i0.wp.com\/www.jornalja.com.br\/cultura\/wp-content\/uploads\/sites\/2\/2021\/11\/verissimo-dezenas-de-desenhos-retratando-verissimo-foram-entregues-em-desagravo-e-em-homenagem-a-ele-scaled.jpeg?resize=1050%2C600&ssl=1 3x, https:\/\/i0.wp.com\/www.jornalja.com.br\/cultura\/wp-content\/uploads\/sites\/2\/2021\/11\/verissimo-dezenas-de-desenhos-retratando-verissimo-foram-entregues-em-desagravo-e-em-homenagem-a-ele-scaled.jpeg?resize=1400%2C800&ssl=1 4x"},"classes":[]},{"id":84963,"url":"https:\/\/www.jornalja.com.br\/cultura\/galeria-ao-ar-livre-expoe-arte-na-rua-e-vira-novo-point-cultural-em-porto-alegre\/","url_meta":{"origin":85095,"position":1},"title":"Galeria ao ar livre exp\u00f5e arte na rua e vira novo\u00a0point\u00a0cultural em Porto Alegre","author":"da Reda\u00e7\u00e3o","date":"15 de outubro de 2021","format":false,"excerpt":"Carlos Souza, jornalista. Um novo e inusitado espa\u00e7o cultural oferece \u00e0 popula\u00e7\u00e3o e turistas que visitam Porto Alegre uma conjuga\u00e7\u00e3o de fatores positivos e ben\u00e9ficos neste momento de crise sanit\u00e1ria e de amea\u00e7as de retrocesso pol\u00edtico: ar livre, exposi\u00e7\u00e3o de arte 24 horas por dia, gratuidade, possibilidade de total despojamento\u2026","rel":"","context":"Em &quot;Cultura-MAT\u00c9RIA&quot;","block_context":{"text":"Cultura-MAT\u00c9RIA","link":"https:\/\/www.jornalja.com.br\/cultura\/category\/materiasecundaria\/"},"img":{"alt_text":"","src":"https:\/\/i0.wp.com\/www.jornalja.com.br\/cultura\/wp-content\/uploads\/sites\/2\/2021\/10\/galeria-4-scaled.jpg?resize=350%2C200&ssl=1","width":350,"height":200,"srcset":"https:\/\/i0.wp.com\/www.jornalja.com.br\/cultura\/wp-content\/uploads\/sites\/2\/2021\/10\/galeria-4-scaled.jpg?resize=350%2C200&ssl=1 1x, https:\/\/i0.wp.com\/www.jornalja.com.br\/cultura\/wp-content\/uploads\/sites\/2\/2021\/10\/galeria-4-scaled.jpg?resize=525%2C300&ssl=1 1.5x, https:\/\/i0.wp.com\/www.jornalja.com.br\/cultura\/wp-content\/uploads\/sites\/2\/2021\/10\/galeria-4-scaled.jpg?resize=700%2C400&ssl=1 2x, https:\/\/i0.wp.com\/www.jornalja.com.br\/cultura\/wp-content\/uploads\/sites\/2\/2021\/10\/galeria-4-scaled.jpg?resize=1050%2C600&ssl=1 3x, https:\/\/i0.wp.com\/www.jornalja.com.br\/cultura\/wp-content\/uploads\/sites\/2\/2021\/10\/galeria-4-scaled.jpg?resize=1400%2C800&ssl=1 4x"},"classes":[]},{"id":84777,"url":"https:\/\/www.jornalja.com.br\/cultura\/exposicao-ao-ar-livre-junta-artes-visuais-e-literatura-na-escadaria-da-borges\/","url_meta":{"origin":85095,"position":2},"title":"Exposi\u00e7\u00e3o ao ar livre junta artes visuais e literatura, na Escadaria da Borges","author":"Higino Barros","date":"28 de setembro de 2021","format":false,"excerpt":"\u00a0 Higino Barros A exposi\u00e7\u00e3o coletiva \"Autorias\" \u00e9 uma homenagem das artes visuais \u00e0 literatura produzida no Rio Grande do Sul. Nela, um grupo de 18 artistas, entre os quais alguns dos nomes mais reconhecidos, exibe retratos in\u00e9ditos de 26 importantes autores ga\u00fachos. A mostra abre dia\u00a0 1\u00ba (sexta-feira pr\u00f3xima)\u2026","rel":"","context":"Em &quot;Cultura-MAT\u00c9RIA&quot;","block_context":{"text":"Cultura-MAT\u00c9RIA","link":"https:\/\/www.jornalja.com.br\/cultura\/category\/materiasecundaria\/"},"img":{"alt_text":"","src":"https:\/\/i0.wp.com\/www.jornalja.com.br\/cultura\/wp-content\/uploads\/sites\/2\/2021\/09\/expo-cartaz.jpg?resize=350%2C200&ssl=1","width":350,"height":200,"srcset":"https:\/\/i0.wp.com\/www.jornalja.com.br\/cultura\/wp-content\/uploads\/sites\/2\/2021\/09\/expo-cartaz.jpg?resize=350%2C200&ssl=1 1x, https:\/\/i0.wp.com\/www.jornalja.com.br\/cultura\/wp-content\/uploads\/sites\/2\/2021\/09\/expo-cartaz.jpg?resize=525%2C300&ssl=1 1.5x, https:\/\/i0.wp.com\/www.jornalja.com.br\/cultura\/wp-content\/uploads\/sites\/2\/2021\/09\/expo-cartaz.jpg?resize=700%2C400&ssl=1 2x, https:\/\/i0.wp.com\/www.jornalja.com.br\/cultura\/wp-content\/uploads\/sites\/2\/2021\/09\/expo-cartaz.jpg?resize=1050%2C600&ssl=1 3x"},"classes":[]},{"id":91505,"url":"https:\/\/www.jornalja.com.br\/cultura\/exposicao-de-47-artistas-visuais-homenageia-erico-verissimo-no-espaco-forca-e-luz\/","url_meta":{"origin":85095,"position":3},"title":"Exposi\u00e7\u00e3o de 47 artistas visuais homenageia Erico\u00a0Verissimo no Espa\u00e7o For\u00e7a e Luz","author":"da Reda\u00e7\u00e3o","date":"29 de outubro de 2025","format":false,"excerpt":"\u00a0 O Rio Grande do Sul est\u00e1 mobilizado para lembrar as datas de nascimento (17 de dezembro de 1905) e morte (28 de novembro de 1975) de Erico Verissimo. Um grupo de 47 artistas visuais apresentar\u00e1 em Porto Alegre uma exposi\u00e7\u00e3o em homenagem ao escritor. Fato pouco conhecido \u00e9 que\u2026","rel":"","context":"Em &quot;Cultura-MAT\u00c9RIA&quot;","block_context":{"text":"Cultura-MAT\u00c9RIA","link":"https:\/\/www.jornalja.com.br\/cultura\/category\/materiasecundaria\/"},"img":{"alt_text":"","src":"https:\/\/i0.wp.com\/www.jornalja.com.br\/cultura\/wp-content\/uploads\/sites\/2\/2025\/10\/erico-1erico-por-graca-craidy-scaled.jpg?resize=350%2C200&ssl=1","width":350,"height":200,"srcset":"https:\/\/i0.wp.com\/www.jornalja.com.br\/cultura\/wp-content\/uploads\/sites\/2\/2025\/10\/erico-1erico-por-graca-craidy-scaled.jpg?resize=350%2C200&ssl=1 1x, https:\/\/i0.wp.com\/www.jornalja.com.br\/cultura\/wp-content\/uploads\/sites\/2\/2025\/10\/erico-1erico-por-graca-craidy-scaled.jpg?resize=525%2C300&ssl=1 1.5x, https:\/\/i0.wp.com\/www.jornalja.com.br\/cultura\/wp-content\/uploads\/sites\/2\/2025\/10\/erico-1erico-por-graca-craidy-scaled.jpg?resize=700%2C400&ssl=1 2x, https:\/\/i0.wp.com\/www.jornalja.com.br\/cultura\/wp-content\/uploads\/sites\/2\/2025\/10\/erico-1erico-por-graca-craidy-scaled.jpg?resize=1050%2C600&ssl=1 3x, https:\/\/i0.wp.com\/www.jornalja.com.br\/cultura\/wp-content\/uploads\/sites\/2\/2025\/10\/erico-1erico-por-graca-craidy-scaled.jpg?resize=1400%2C800&ssl=1 4x"},"classes":[]},{"id":83428,"url":"https:\/\/www.jornalja.com.br\/cultura\/escadaria-da-borges-ganha-galeria-de-fotografia-a-ceu-aberto-permanente\/","url_meta":{"origin":85095,"position":4},"title":"Escadaria da Borges ganha galeria de fotografia a c\u00e9u aberto, permanente","author":"Higino Barros","date":"21 de fevereiro de 2021","format":false,"excerpt":"Higino Barros Num final de tarde ensolarada do in\u00edcio de 2018, o produtor cultural e fot\u00f3grafo Marcos Monteiro, 65 anos, estava sentado no bar Armaz\u00e9m, na parte alta da Escadaria da avenida Borges de Medeiros, quando lhe ocorreu a ideia: fazer na extensa parede do pr\u00e9dio \u00e0 sua frente, do\u2026","rel":"","context":"Em &quot;Cultura-MAT\u00c9RIA&quot;","block_context":{"text":"Cultura-MAT\u00c9RIA","link":"https:\/\/www.jornalja.com.br\/cultura\/category\/materiasecundaria\/"},"img":{"alt_text":"","src":"https:\/\/i0.wp.com\/www.jornalja.com.br\/cultura\/wp-content\/uploads\/sites\/2\/2021\/02\/exposicao-escadaria-scaled.jpg?resize=350%2C200&ssl=1","width":350,"height":200,"srcset":"https:\/\/i0.wp.com\/www.jornalja.com.br\/cultura\/wp-content\/uploads\/sites\/2\/2021\/02\/exposicao-escadaria-scaled.jpg?resize=350%2C200&ssl=1 1x, https:\/\/i0.wp.com\/www.jornalja.com.br\/cultura\/wp-content\/uploads\/sites\/2\/2021\/02\/exposicao-escadaria-scaled.jpg?resize=525%2C300&ssl=1 1.5x, https:\/\/i0.wp.com\/www.jornalja.com.br\/cultura\/wp-content\/uploads\/sites\/2\/2021\/02\/exposicao-escadaria-scaled.jpg?resize=700%2C400&ssl=1 2x, https:\/\/i0.wp.com\/www.jornalja.com.br\/cultura\/wp-content\/uploads\/sites\/2\/2021\/02\/exposicao-escadaria-scaled.jpg?resize=1050%2C600&ssl=1 3x, https:\/\/i0.wp.com\/www.jornalja.com.br\/cultura\/wp-content\/uploads\/sites\/2\/2021\/02\/exposicao-escadaria-scaled.jpg?resize=1400%2C800&ssl=1 4x"},"classes":[]},{"id":83848,"url":"https:\/\/www.jornalja.com.br\/cultura\/como-um-musico-de-jazz-marcos-monteiro-e-sua-exposicao-na-galeria-da-escadaria\/","url_meta":{"origin":85095,"position":5},"title":"\u201cComo um m\u00fasico de jazz\u201d. Marcos Monteiro e sua exposi\u00e7\u00e3o na Galeria da Escadaria.","author":"Higino Barros","date":"28 de abril de 2021","format":false,"excerpt":"\u00a0 Higino Barros Dia 1\u00ba de Maio, a Galeria Escadaria , no viaduto da Borges de Medeiros, abriga sua segunda exposi\u00e7\u00e3o, desde que foi aberta em abril de 2021, em plena pandemia do Corona Virus. Agora ser\u00e1 a vez de Marcos Monteiro, 65 anos, natural de Bag\u00e9, fot\u00f3grafo, produtor cultural\u2026","rel":"","context":"Em &quot;Cultura-MAT\u00c9RIA&quot;","block_context":{"text":"Cultura-MAT\u00c9RIA","link":"https:\/\/www.jornalja.com.br\/cultura\/category\/materiasecundaria\/"},"img":{"alt_text":"","src":"https:\/\/i0.wp.com\/www.jornalja.com.br\/cultura\/wp-content\/uploads\/sites\/2\/2021\/04\/exposicao-marcos-8.jpg?resize=350%2C200&ssl=1","width":350,"height":200,"srcset":"https:\/\/i0.wp.com\/www.jornalja.com.br\/cultura\/wp-content\/uploads\/sites\/2\/2021\/04\/exposicao-marcos-8.jpg?resize=350%2C200&ssl=1 1x, https:\/\/i0.wp.com\/www.jornalja.com.br\/cultura\/wp-content\/uploads\/sites\/2\/2021\/04\/exposicao-marcos-8.jpg?resize=525%2C300&ssl=1 1.5x, https:\/\/i0.wp.com\/www.jornalja.com.br\/cultura\/wp-content\/uploads\/sites\/2\/2021\/04\/exposicao-marcos-8.jpg?resize=700%2C400&ssl=1 2x, https:\/\/i0.wp.com\/www.jornalja.com.br\/cultura\/wp-content\/uploads\/sites\/2\/2021\/04\/exposicao-marcos-8.jpg?resize=1050%2C600&ssl=1 3x"},"classes":[]}],"jetpack_shortlink":"https:\/\/wp.me\/pbKnZc-m8v","jetpack_sharing_enabled":true,"_links":{"self":[{"href":"https:\/\/www.jornalja.com.br\/cultura\/wp-json\/wp\/v2\/posts\/85095","targetHints":{"allow":["GET"]}}],"collection":[{"href":"https:\/\/www.jornalja.com.br\/cultura\/wp-json\/wp\/v2\/posts"}],"about":[{"href":"https:\/\/www.jornalja.com.br\/cultura\/wp-json\/wp\/v2\/types\/post"}],"author":[{"embeddable":true,"href":"https:\/\/www.jornalja.com.br\/cultura\/wp-json\/wp\/v2\/users\/3"}],"replies":[{"embeddable":true,"href":"https:\/\/www.jornalja.com.br\/cultura\/wp-json\/wp\/v2\/comments?post=85095"}],"version-history":[{"count":4,"href":"https:\/\/www.jornalja.com.br\/cultura\/wp-json\/wp\/v2\/posts\/85095\/revisions"}],"predecessor-version":[{"id":85114,"href":"https:\/\/www.jornalja.com.br\/cultura\/wp-json\/wp\/v2\/posts\/85095\/revisions\/85114"}],"wp:featuredmedia":[{"embeddable":true,"href":"https:\/\/www.jornalja.com.br\/cultura\/wp-json\/wp\/v2\/media\/85098"}],"wp:attachment":[{"href":"https:\/\/www.jornalja.com.br\/cultura\/wp-json\/wp\/v2\/media?parent=85095"}],"wp:term":[{"taxonomy":"category","embeddable":true,"href":"https:\/\/www.jornalja.com.br\/cultura\/wp-json\/wp\/v2\/categories?post=85095"},{"taxonomy":"post_tag","embeddable":true,"href":"https:\/\/www.jornalja.com.br\/cultura\/wp-json\/wp\/v2\/tags?post=85095"}],"curies":[{"name":"wp","href":"https:\/\/api.w.org\/{rel}","templated":true}]}}